{"id":132873,"date":"2021-01-20T21:09:27","date_gmt":"2021-01-20T18:09:27","guid":{"rendered":"http:\/\/epochtimestr.com\/?p=132873"},"modified":"2021-01-20T21:09:28","modified_gmt":"2021-01-20T18:09:28","slug":"bidenin-yemin-toreni-gerceklestirildi","status":"publish","type":"post","link":"https:\/\/epochtimestr.com\/index.php\/bidenin-yemin-toreni-gerceklestirildi","title":{"rendered":"Biden&#8217;\u0131n Yemin T\u00f6reni Ger\u00e7ekle\u015ftirildi"},"content":{"rendered":"\n<div class=\"wp-block-image\"><figure class=\"aligncenter size-large\"><img loading=\"lazy\" decoding=\"async\" width=\"480\" height=\"400\" src=\"https:\/\/epochtimestr.com\/wp-content\/uploads\/2011y\/Biden-Harris-whitehouse.gov_-480x400.jpg\" alt=\"\" class=\"wp-image-132884\" srcset=\"https:\/\/epochtimestr.com\/wp-content\/uploads\/2011y\/Biden-Harris-whitehouse.gov_-480x400.jpg 480w, https:\/\/epochtimestr.com\/wp-content\/uploads\/2011y\/Biden-Harris-whitehouse.gov_-300x250.jpg 300w, https:\/\/epochtimestr.com\/wp-content\/uploads\/2011y\/Biden-Harris-whitehouse.gov_-150x125.jpg 150w, https:\/\/epochtimestr.com\/wp-content\/uploads\/2011y\/Biden-Harris-whitehouse.gov_-768x640.jpg 768w, https:\/\/epochtimestr.com\/wp-content\/uploads\/2011y\/Biden-Harris-whitehouse.gov_.jpg 1200w\" sizes=\"(max-width: 480px) 100vw, 480px\" \/><figcaption>Foto\u011fraf; Whitehouse.gov<\/figcaption><\/figure><\/div>\n\n\n\n<h2 class=\"wp-block-heading\">ABD\u2019nin se\u00e7ilmi\u015f ba\u015fkan\u0131 Joe Biden Washington&#8217;da Kongre binas\u0131n\u0131n \u00f6n\u00fcnde ba\u015fkanl\u0131k yemini ederek resmen ABD&#8217;nin 46. Ba\u015fkan\u0131 oldu.<\/h2>\n\n\n\n<p>ABD&#8217;nin Ba\u015fkan\u0131 olarak kabul edilen Joe Biden, ABD&#8217;nin 46. Ba\u015fkan\u0131 olarak yemin etti.<\/p>\n\n\n\n<p>Ayn\u0131 t\u00f6rende ABD&#8217;nin ilk kad\u0131n ba\u015fkan yard\u0131mc\u0131s\u0131 se\u00e7ilerek tarihe ge\u00e7en Kamala Harris de yemin ederek g\u00f6revine ba\u015flad\u0131.<\/p>\n\n\n\n<p>Ger\u00e7ekle\u015ftirilen t\u00f6rende pop y\u0131ld\u0131z\u0131 Lady Gaga&#8217;n\u0131n s\u00f6yledi\u011fi ABD milli mar\u015f\u0131yla ba\u015fland\u0131.<\/p>\n\n\n\n<p>Sonras\u0131nda ABD&#8217;nin ilk kad\u0131n Ba\u015fkan Yard\u0131mc\u0131s\u0131 olarak tarihe ge\u00e7en Kamala Harris yemin ederek g\u00f6revine ba\u015flad\u0131.<\/p>\n\n\n\n<p>Daha sonra k\u00fcrs\u00fcy\u00fc \u00fcnl\u00fc latin \u015fark\u0131c\u0131 Jenniffer Lopez k\u00fcrs\u00fcye \u00e7\u0131karak bir \u015fark\u0131 seslendirdi.<\/p>\n\n\n\n<p>Ard\u0131ndan yo\u011fun g\u00fcvenlik \u00f6nlemleri alt\u0131nda Joe Biden ABD&#8217;nin 46. ba\u015fkan\u0131 olarak yemin etti.<\/p>\n\n\n\n<p>78 ya\u015f\u0131ndaki Biden, yemin t\u00f6renine kat\u0131lmay\u0131 reddeden Ba\u015fkan Donald Trump&#8217;\u0131n yerini ald\u0131. <\/p>\n\n\n\n<p>Ba\u015fkan Yard\u0131mc\u0131s\u0131 Mike Pence, t\u00f6rene eski Ba\u015fkanlar Barack Obama, George Bush ve Bill Clinton ile birlikte kat\u0131ld\u0131.<\/p>\n\n\n\n<p>ABD&#8217;nin en ya\u015fl\u0131 ve ikinci Katolik ba\u015fkan\u0131 Biden, Kongre binas\u0131 \u00f6n\u00fcnde d\u00fczenlenen yemin t\u00f6reninin ard\u0131ndan halka sesleni\u015f konu\u015fmas\u0131 yapt\u0131.<\/p>\n\n\n\n<p><\/p>\n\n\n\n<p><\/p>\n\n\n\n<p><\/p>\n","protected":false},"excerpt":{"rendered":"<p>ABD\u2019nin se\u00e7ilmi\u015f ba\u015fkan\u0131 Joe Biden Washington&#8217;da Kongre binas\u0131n\u0131n \u00f6n\u00fcnde ba\u015fkanl\u0131k yemini ederek resmen ABD&#8217;nin 46. Ba\u015fkan\u0131 oldu. ABD&#8217;nin Ba\u015fkan\u0131 olarak kabul edilen Joe Biden, ABD&#8217;nin 46. Ba\u015fkan\u0131 olarak yemin etti. Ayn\u0131 t\u00f6rende ABD&#8217;nin ilk kad\u0131n ba\u015fkan yard\u0131mc\u0131s\u0131 se\u00e7ilerek tarihe ge\u00e7en Kamala Harris de yemin ederek g\u00f6revine ba\u015flad\u0131. Ger\u00e7ekle\u015ftirilen t\u00f6rende pop y\u0131ld\u0131z\u0131 Lady Gaga&#8217;n\u0131n s\u00f6yledi\u011fi ABD [&hellip;]<\/p>\n","protected":false},"author":12791,"featured_media":132884,"comment_status":"closed","ping_status":"open","sticky":false,"template":"","format":"standard","meta":{"_yoast_wpseo_focuskw":"","_yoast_wpseo_title":"","_yoast_wpseo_metadesc":"","_bbp_topic_count":0,"_bbp_reply_count":0,"_bbp_total_topic_count":0,"_bbp_total_reply_count":0,"_bbp_voice_count":0,"_bbp_anonymous_reply_count":0,"_bbp_topic_count_hidden":0,"_bbp_reply_count_hidden":0,"_bbp_forum_subforum_count":0,"footnotes":"","_yoast_wpseo_focuskw_text_input":""},"categories":[5,1],"tags":[4826,1295,3444,8037],"yoast_head":"<!-- This site is optimized with the Yoast SEO plugin v23.0 - https:\/\/yoast.com\/wordpress\/plugins\/seo\/ -->\n<title>Biden&#039;\u0131n Yemin T\u00f6reni Ger\u00e7ekle\u015ftirildi - The Epoch Times TR<\/title>\n<meta name=\"robots\" content=\"index, follow, max-snippet:-1, max-image-preview:large, max-video-preview:-1\" \/>\n<link rel=\"canonical\" href=\"https:\/\/epochtimestr.com\/index.php\/bidenin-yemin-toreni-gerceklestirildi\" \/>\n<meta property=\"og:locale\" content=\"tr_TR\" \/>\n<meta property=\"og:type\" content=\"article\" \/>\n<meta property=\"og:title\" content=\"Biden&#039;\u0131n Yemin T\u00f6reni Ger\u00e7ekle\u015ftirildi - The Epoch Times TR\" \/>\n<meta property=\"og:description\" content=\"ABD\u2019nin se\u00e7ilmi\u015f ba\u015fkan\u0131 Joe Biden Washington&#8217;da Kongre binas\u0131n\u0131n \u00f6n\u00fcnde ba\u015fkanl\u0131k yemini ederek resmen ABD&#8217;nin 46. Ba\u015fkan\u0131 oldu. ABD&#8217;nin Ba\u015fkan\u0131 olarak kabul edilen Joe Biden, ABD&#8217;nin 46. Ba\u015fkan\u0131 olarak yemin etti. Ayn\u0131 t\u00f6rende ABD&#8217;nin ilk kad\u0131n ba\u015fkan yard\u0131mc\u0131s\u0131 se\u00e7ilerek tarihe ge\u00e7en Kamala Harris de yemin ederek g\u00f6revine ba\u015flad\u0131. Ger\u00e7ekle\u015ftirilen t\u00f6rende pop y\u0131ld\u0131z\u0131 Lady Gaga&#8217;n\u0131n s\u00f6yledi\u011fi ABD [&hellip;]\" \/>\n<meta property=\"og:url\" content=\"https:\/\/epochtimestr.com\/index.php\/bidenin-yemin-toreni-gerceklestirildi\" \/>\n<meta property=\"og:site_name\" content=\"The Epoch Times TR\" \/>\n<meta property=\"article:publisher\" content=\"https:\/\/www.facebook.com\/theepochtimestr\" \/>\n<meta property=\"article:published_time\" content=\"2021-01-20T18:09:27+00:00\" \/>\n<meta property=\"article:modified_time\" content=\"2021-01-20T18:09:28+00:00\" \/>\n<meta property=\"og:image\" content=\"https:\/\/epochtimestr.com\/wp-content\/uploads\/2011y\/Biden-Harris-whitehouse.gov_.jpg\" \/>\n\t<meta property=\"og:image:width\" content=\"1200\" \/>\n\t<meta property=\"og:image:height\" content=\"1000\" \/>\n\t<meta property=\"og:image:type\" content=\"image\/jpeg\" \/>\n<meta name=\"author\" content=\"Haber Merkezi\" \/>\n<meta name=\"twitter:card\" content=\"summary_large_image\" \/>\n<meta name=\"twitter:creator\" content=\"@TheEpochTimesTR\" \/>\n<meta name=\"twitter:site\" content=\"@TheEpochTimesTR\" \/>\n<meta name=\"twitter:label1\" content=\"Yazan:\" \/>\n\t<meta name=\"twitter:data1\" content=\"Haber Merkezi\" \/>\n\t<meta name=\"twitter:label2\" content=\"Tahmini okuma s\u00fcresi\" \/>\n\t<meta name=\"twitter:data2\" content=\"1 dakika\" \/>\n<script type=\"application\/ld+json\" class=\"yoast-schema-graph\">{\"@context\":\"https:\/\/schema.org\",\"@graph\":[{\"@type\":\"Article\",\"@id\":\"https:\/\/epochtimestr.com\/index.php\/bidenin-yemin-toreni-gerceklestirildi#article\",\"isPartOf\":{\"@id\":\"https:\/\/epochtimestr.com\/index.php\/bidenin-yemin-toreni-gerceklestirildi\"},\"author\":{\"name\":\"Haber Merkezi\",\"@id\":\"https:\/\/epochtimestr.com\/#\/schema\/person\/3dc5c3adeb9f43923c5aa85889172fdd\"},\"headline\":\"Biden&#8217;\u0131n Yemin T\u00f6reni Ger\u00e7ekle\u015ftirildi\",\"datePublished\":\"2021-01-20T18:09:27+00:00\",\"dateModified\":\"2021-01-20T18:09:28+00:00\",\"mainEntityOfPage\":{\"@id\":\"https:\/\/epochtimestr.com\/index.php\/bidenin-yemin-toreni-gerceklestirildi\"},\"wordCount\":221,\"publisher\":{\"@id\":\"https:\/\/epochtimestr.com\/#organization\"},\"image\":{\"@id\":\"https:\/\/epochtimestr.com\/index.php\/bidenin-yemin-toreni-gerceklestirildi#primaryimage\"},\"thumbnailUrl\":\"https:\/\/epochtimestr.com\/wp-content\/uploads\/2011y\/Biden-Harris-whitehouse.gov_.jpg\",\"keywords\":[\"ABD ba\u015fkanl\u0131k se\u00e7imleri\",\"beyaz saray\",\"Joe Biden\",\"Kamala Harris\"],\"articleSection\":[\"D\u00dcNYA\",\"G\u00dcNDEM\"],\"inLanguage\":\"tr\"},{\"@type\":\"WebPage\",\"@id\":\"https:\/\/epochtimestr.com\/index.php\/bidenin-yemin-toreni-gerceklestirildi\",\"url\":\"https:\/\/epochtimestr.com\/index.php\/bidenin-yemin-toreni-gerceklestirildi\",\"name\":\"Biden'\u0131n Yemin T\u00f6reni Ger\u00e7ekle\u015ftirildi - The Epoch Times TR\",\"isPartOf\":{\"@id\":\"https:\/\/epochtimestr.com\/#website\"},\"primaryImageOfPage\":{\"@id\":\"https:\/\/epochtimestr.com\/index.php\/bidenin-yemin-toreni-gerceklestirildi#primaryimage\"},\"image\":{\"@id\":\"https:\/\/epochtimestr.com\/index.php\/bidenin-yemin-toreni-gerceklestirildi#primaryimage\"},\"thumbnailUrl\":\"https:\/\/epochtimestr.com\/wp-content\/uploads\/2011y\/Biden-Harris-whitehouse.gov_.jpg\",\"datePublished\":\"2021-01-20T18:09:27+00:00\",\"dateModified\":\"2021-01-20T18:09:28+00:00\",\"inLanguage\":\"tr\",\"potentialAction\":[{\"@type\":\"ReadAction\",\"target\":[\"https:\/\/epochtimestr.com\/index.php\/bidenin-yemin-toreni-gerceklestirildi\"]}]},{\"@type\":\"ImageObject\",\"inLanguage\":\"tr\",\"@id\":\"https:\/\/epochtimestr.com\/index.php\/bidenin-yemin-toreni-gerceklestirildi#primaryimage\",\"url\":\"https:\/\/epochtimestr.com\/wp-content\/uploads\/2011y\/Biden-Harris-whitehouse.gov_.jpg\",\"contentUrl\":\"https:\/\/epochtimestr.com\/wp-content\/uploads\/2011y\/Biden-Harris-whitehouse.gov_.jpg\",\"width\":1200,\"height\":1000},{\"@type\":\"WebSite\",\"@id\":\"https:\/\/epochtimestr.com\/#website\",\"url\":\"https:\/\/epochtimestr.com\/\",\"name\":\"The Epoch Times TR\",\"description\":\"De\u011fi\u015fen D\u00fcnyam\u0131za Taze Bir Bak\u0131\u015f\",\"publisher\":{\"@id\":\"https:\/\/epochtimestr.com\/#organization\"},\"potentialAction\":[{\"@type\":\"SearchAction\",\"target\":{\"@type\":\"EntryPoint\",\"urlTemplate\":\"https:\/\/epochtimestr.com\/?s={search_term_string}\"},\"query-input\":\"required name=search_term_string\"}],\"inLanguage\":\"tr\"},{\"@type\":\"Organization\",\"@id\":\"https:\/\/epochtimestr.com\/#organization\",\"name\":\"The EpochTimes T\u00fcrkiye\",\"url\":\"https:\/\/epochtimestr.com\/\",\"logo\":{\"@type\":\"ImageObject\",\"inLanguage\":\"tr\",\"@id\":\"https:\/\/epochtimestr.com\/#\/schema\/logo\/image\/\",\"url\":\"https:\/\/epochtimestr.com\/wp-content\/uploads\/2011y\/ET-Logo-YG.jpg\",\"contentUrl\":\"https:\/\/epochtimestr.com\/wp-content\/uploads\/2011y\/ET-Logo-YG.jpg\",\"width\":346,\"height\":29,\"caption\":\"The EpochTimes T\u00fcrkiye\"},\"image\":{\"@id\":\"https:\/\/epochtimestr.com\/#\/schema\/logo\/image\/\"},\"sameAs\":[\"https:\/\/www.facebook.com\/theepochtimestr\",\"https:\/\/x.com\/TheEpochTimesTR\",\"https:\/\/www.instagram.com\/epochtimestr\"]},{\"@type\":\"Person\",\"@id\":\"https:\/\/epochtimestr.com\/#\/schema\/person\/3dc5c3adeb9f43923c5aa85889172fdd\",\"name\":\"Haber Merkezi\",\"image\":{\"@type\":\"ImageObject\",\"inLanguage\":\"tr\",\"@id\":\"https:\/\/epochtimestr.com\/#\/schema\/person\/image\/\",\"url\":\"https:\/\/secure.gravatar.com\/avatar\/d73f772ba5a74f28601361e17c2f93e6?s=96&d=mm&r=g\",\"contentUrl\":\"https:\/\/secure.gravatar.com\/avatar\/d73f772ba5a74f28601361e17c2f93e6?s=96&d=mm&r=g\",\"caption\":\"Haber Merkezi\"},\"url\":\"https:\/\/epochtimestr.com\/index.php\/author\/sendag\"}]}<\/script>\n<!-- \/ Yoast SEO plugin. -->","yoast_head_json":{"title":"Biden'\u0131n Yemin T\u00f6reni Ger\u00e7ekle\u015ftirildi - The Epoch Times TR","robots":{"index":"index","follow":"follow","max-snippet":"max-snippet:-1","max-image-preview":"max-image-preview:large","max-video-preview":"max-video-preview:-1"},"canonical":"https:\/\/epochtimestr.com\/index.php\/bidenin-yemin-toreni-gerceklestirildi","og_locale":"tr_TR","og_type":"article","og_title":"Biden'\u0131n Yemin T\u00f6reni Ger\u00e7ekle\u015ftirildi - The Epoch Times TR","og_description":"ABD\u2019nin se\u00e7ilmi\u015f ba\u015fkan\u0131 Joe Biden Washington&#8217;da Kongre binas\u0131n\u0131n \u00f6n\u00fcnde ba\u015fkanl\u0131k yemini ederek resmen ABD&#8217;nin 46. Ba\u015fkan\u0131 oldu. ABD&#8217;nin Ba\u015fkan\u0131 olarak kabul edilen Joe Biden, ABD&#8217;nin 46. Ba\u015fkan\u0131 olarak yemin etti. Ayn\u0131 t\u00f6rende ABD&#8217;nin ilk kad\u0131n ba\u015fkan yard\u0131mc\u0131s\u0131 se\u00e7ilerek tarihe ge\u00e7en Kamala Harris de yemin ederek g\u00f6revine ba\u015flad\u0131. Ger\u00e7ekle\u015ftirilen t\u00f6rende pop y\u0131ld\u0131z\u0131 Lady Gaga&#8217;n\u0131n s\u00f6yledi\u011fi ABD [&hellip;]","og_url":"https:\/\/epochtimestr.com\/index.php\/bidenin-yemin-toreni-gerceklestirildi","og_site_name":"The Epoch Times TR","article_publisher":"https:\/\/www.facebook.com\/theepochtimestr","article_published_time":"2021-01-20T18:09:27+00:00","article_modified_time":"2021-01-20T18:09:28+00:00","og_image":[{"width":1200,"height":1000,"url":"https:\/\/epochtimestr.com\/wp-content\/uploads\/2011y\/Biden-Harris-whitehouse.gov_.jpg","type":"image\/jpeg"}],"author":"Haber Merkezi","twitter_card":"summary_large_image","twitter_creator":"@TheEpochTimesTR","twitter_site":"@TheEpochTimesTR","twitter_misc":{"Yazan:":"Haber Merkezi","Tahmini okuma s\u00fcresi":"1 dakika"},"schema":{"@context":"https:\/\/schema.org","@graph":[{"@type":"Article","@id":"https:\/\/epochtimestr.com\/index.php\/bidenin-yemin-toreni-gerceklestirildi#article","isPartOf":{"@id":"https:\/\/epochtimestr.com\/index.php\/bidenin-yemin-toreni-gerceklestirildi"},"author":{"name":"Haber Merkezi","@id":"https:\/\/epochtimestr.com\/#\/schema\/person\/3dc5c3adeb9f43923c5aa85889172fdd"},"headline":"Biden&#8217;\u0131n Yemin T\u00f6reni Ger\u00e7ekle\u015ftirildi","datePublished":"2021-01-20T18:09:27+00:00","dateModified":"2021-01-20T18:09:28+00:00","mainEntityOfPage":{"@id":"https:\/\/epochtimestr.com\/index.php\/bidenin-yemin-toreni-gerceklestirildi"},"wordCount":221,"publisher":{"@id":"https:\/\/epochtimestr.com\/#organization"},"image":{"@id":"https:\/\/epochtimestr.com\/index.php\/bidenin-yemin-toreni-gerceklestirildi#primaryimage"},"thumbnailUrl":"https:\/\/epochtimestr.com\/wp-content\/uploads\/2011y\/Biden-Harris-whitehouse.gov_.jpg","keywords":["ABD ba\u015fkanl\u0131k se\u00e7imleri","beyaz saray","Joe Biden","Kamala Harris"],"articleSection":["D\u00dcNYA","G\u00dcNDEM"],"inLanguage":"tr"},{"@type":"WebPage","@id":"https:\/\/epochtimestr.com\/index.php\/bidenin-yemin-toreni-gerceklestirildi","url":"https:\/\/epochtimestr.com\/index.php\/bidenin-yemin-toreni-gerceklestirildi","name":"Biden'\u0131n Yemin T\u00f6reni Ger\u00e7ekle\u015ftirildi - The Epoch Times TR","isPartOf":{"@id":"https:\/\/epochtimestr.com\/#website"},"primaryImageOfPage":{"@id":"https:\/\/epochtimestr.com\/index.php\/bidenin-yemin-toreni-gerceklestirildi#primaryimage"},"image":{"@id":"https:\/\/epochtimestr.com\/index.php\/bidenin-yemin-toreni-gerceklestirildi#primaryimage"},"thumbnailUrl":"https:\/\/epochtimestr.com\/wp-content\/uploads\/2011y\/Biden-Harris-whitehouse.gov_.jpg","datePublished":"2021-01-20T18:09:27+00:00","dateModified":"2021-01-20T18:09:28+00:00","inLanguage":"tr","potentialAction":[{"@type":"ReadAction","target":["https:\/\/epochtimestr.com\/index.php\/bidenin-yemin-toreni-gerceklestirildi"]}]},{"@type":"ImageObject","inLanguage":"tr","@id":"https:\/\/epochtimestr.com\/index.php\/bidenin-yemin-toreni-gerceklestirildi#primaryimage","url":"https:\/\/epochtimestr.com\/wp-content\/uploads\/2011y\/Biden-Harris-whitehouse.gov_.jpg","contentUrl":"https:\/\/epochtimestr.com\/wp-content\/uploads\/2011y\/Biden-Harris-whitehouse.gov_.jpg","width":1200,"height":1000},{"@type":"WebSite","@id":"https:\/\/epochtimestr.com\/#website","url":"https:\/\/epochtimestr.com\/","name":"The Epoch Times TR","description":"De\u011fi\u015fen D\u00fcnyam\u0131za Taze Bir Bak\u0131\u015f","publisher":{"@id":"https:\/\/epochtimestr.com\/#organization"},"potentialAction":[{"@type":"SearchAction","target":{"@type":"EntryPoint","urlTemplate":"https:\/\/epochtimestr.com\/?s={search_term_string}"},"query-input":"required name=search_term_string"}],"inLanguage":"tr"},{"@type":"Organization","@id":"https:\/\/epochtimestr.com\/#organization","name":"The EpochTimes T\u00fcrkiye","url":"https:\/\/epochtimestr.com\/","logo":{"@type":"ImageObject","inLanguage":"tr","@id":"https:\/\/epochtimestr.com\/#\/schema\/logo\/image\/","url":"https:\/\/epochtimestr.com\/wp-content\/uploads\/2011y\/ET-Logo-YG.jpg","contentUrl":"https:\/\/epochtimestr.com\/wp-content\/uploads\/2011y\/ET-Logo-YG.jpg","width":346,"height":29,"caption":"The EpochTimes T\u00fcrkiye"},"image":{"@id":"https:\/\/epochtimestr.com\/#\/schema\/logo\/image\/"},"sameAs":["https:\/\/www.facebook.com\/theepochtimestr","https:\/\/x.com\/TheEpochTimesTR","https:\/\/www.instagram.com\/epochtimestr"]},{"@type":"Person","@id":"https:\/\/epochtimestr.com\/#\/schema\/person\/3dc5c3adeb9f43923c5aa85889172fdd","name":"Haber Merkezi","image":{"@type":"ImageObject","inLanguage":"tr","@id":"https:\/\/epochtimestr.com\/#\/schema\/person\/image\/","url":"https:\/\/secure.gravatar.com\/avatar\/d73f772ba5a74f28601361e17c2f93e6?s=96&d=mm&r=g","contentUrl":"https:\/\/secure.gravatar.com\/avatar\/d73f772ba5a74f28601361e17c2f93e6?s=96&d=mm&r=g","caption":"Haber Merkezi"},"url":"https:\/\/epochtimestr.com\/index.php\/author\/sendag"}]}},"_links":{"self":[{"href":"https:\/\/epochtimestr.com\/index.php\/wp-json\/wp\/v2\/posts\/132873"}],"collection":[{"href":"https:\/\/epochtimestr.com\/index.php\/wp-json\/wp\/v2\/posts"}],"about":[{"href":"https:\/\/epochtimestr.com\/index.php\/wp-json\/wp\/v2\/types\/post"}],"author":[{"embeddable":true,"href":"https:\/\/epochtimestr.com\/index.php\/wp-json\/wp\/v2\/users\/12791"}],"replies":[{"embeddable":true,"href":"https:\/\/epochtimestr.com\/index.php\/wp-json\/wp\/v2\/comments?post=132873"}],"version-history":[{"count":1,"href":"https:\/\/epochtimestr.com\/index.php\/wp-json\/wp\/v2\/posts\/132873\/revisions"}],"predecessor-version":[{"id":132885,"href":"https:\/\/epochtimestr.com\/index.php\/wp-json\/wp\/v2\/posts\/132873\/revisions\/132885"}],"wp:featuredmedia":[{"embeddable":true,"href":"https:\/\/epochtimestr.com\/index.php\/wp-json\/wp\/v2\/media\/132884"}],"wp:attachment":[{"href":"https:\/\/epochtimestr.com\/index.php\/wp-json\/wp\/v2\/media?parent=132873"}],"wp:term":[{"taxonomy":"category","embeddable":true,"href":"https:\/\/epochtimestr.com\/index.php\/wp-json\/wp\/v2\/categories?post=132873"},{"taxonomy":"post_tag","embeddable":true,"href":"https:\/\/epochtimestr.com\/index.php\/wp-json\/wp\/v2\/tags?post=132873"}],"curies":[{"name":"wp","href":"https:\/\/api.w.org\/{rel}","templated":true}]}}