{"id":133300,"date":"2021-02-10T14:00:00","date_gmt":"2021-02-10T11:00:00","guid":{"rendered":"http:\/\/epochtimestr.com\/?p=133300"},"modified":"2021-02-08T21:53:20","modified_gmt":"2021-02-08T18:53:20","slug":"2021-cin-yeni-yili-okuz-yili","status":"publish","type":"post","link":"https:\/\/epochtimestr.com\/index.php\/2021-cin-yeni-yili-okuz-yili","title":{"rendered":"2021 \u00c7in Yeni Y\u0131l\u0131: \u00d6k\u00fcz Y\u0131l\u0131"},"content":{"rendered":"\n<div class=\"wp-block-image\"><figure class=\"aligncenter size-large\"><img loading=\"lazy\" decoding=\"async\" width=\"500\" height=\"400\" src=\"https:\/\/epochtimestr.com\/wp-content\/uploads\/2011y\/ylaJCfnY-12-hayvan-\u00e7in-500x400.jpeg\" alt=\"\" class=\"wp-image-133302\" srcset=\"https:\/\/epochtimestr.com\/wp-content\/uploads\/2011y\/ylaJCfnY-12-hayvan-\u00e7in-500x400.jpeg 500w, https:\/\/epochtimestr.com\/wp-content\/uploads\/2011y\/ylaJCfnY-12-hayvan-\u00e7in-300x240.jpeg 300w, https:\/\/epochtimestr.com\/wp-content\/uploads\/2011y\/ylaJCfnY-12-hayvan-\u00e7in-150x120.jpeg 150w, https:\/\/epochtimestr.com\/wp-content\/uploads\/2011y\/ylaJCfnY-12-hayvan-\u00e7in-768x614.jpeg 768w, https:\/\/epochtimestr.com\/wp-content\/uploads\/2011y\/ylaJCfnY-12-hayvan-\u00e7in-1536x1229.jpeg 1536w, https:\/\/epochtimestr.com\/wp-content\/uploads\/2011y\/ylaJCfnY-12-hayvan-\u00e7in-2048x1638.jpeg 2048w\" sizes=\"(max-width: 500px) 100vw, 500px\" \/><figcaption><br \/>\u00c7in bur\u00e7lar\u0131n\u0131n 12 sembol\u00fc (Zhiching Chen \/ Epoch Times)<\/figcaption><\/figure><\/div>\n\n\n\n<p><em>\u201c\u00c7al\u0131\u015fkan, zeki, g\u00fcvenilir ve sorumluluk sahibi\u201d<\/em>, \u00f6zellikle 12 \u015eubat 2021 Cuma g\u00fcn\u00fcne denk gelen 2021 \u00c7in Yeni Y\u0131l\u0131&#8217;n\u0131 &#8211; \u00d6k\u00fcz Y\u0131l\u0131&#8217;n\u0131 tan\u0131mlayan kelimelerdir.<\/p>\n\n\n\n<p>\u00d6k\u00fcz, \u00c7in bur\u00e7lar\u0131ndaki 12 hayvandan ikincisidir. 12 y\u0131ll\u0131k bir d\u00f6ng\u00fcde, her y\u0131l bir hayvan burcunu temsil eder. Efsaneye g\u00f6re, Ye\u015fim \u0130mparatoru, bu s\u0131ralaman\u0131n hayvanlar\u0131n kadersel geli\u015f s\u0131ras\u0131na g\u00f6re belirlendi\u011fini s\u00f6ylemi\u015fti.Fare, \u00f6k\u00fcz, kaplan, tav\u015fan, ejderha, y\u0131lan, at, ke\u00e7i, maymun, horoz, k\u00f6pek, domuz bu oniki y\u0131ll\u0131k d\u00f6ng\u00fcye dahil olan hayvanlard\u0131r.<\/p>\n\n\n\n<p><strong>\u00d6k\u00fcz&#8217;\u00fcn Simgesi<\/strong><\/p>\n\n\n\n<p>\u00d6k\u00fcz, insanl\u0131k tarihi boyunca insano\u011fluna harika bir yard\u0131mc\u0131 olmu\u015ftur. Tar\u0131m alan\u0131nda yetenekli bir \u00e7ift\u00e7idir. \u00c7inliler onlar\u0131 gayret, sebat ve d\u00fcr\u00fcstl\u00fc\u011f\u00fcn sembol\u00fc olarak g\u00f6r\u00fcr.<\/p>\n\n\n\n<p>\u00c7in k\u00fclt\u00fcr\u00fcnde \u00f6k\u00fcz, toplumun geli\u015fmesine b\u00fcy\u00fck katk\u0131larda bulunan sad\u0131k bir dosttur. \u00d6k\u00fcz i\u00e7in \u00c7ince karakter \u725b (Niu) &#8216;dur ve yakla\u015f\u0131k 300 ba\u015fka \u00c7ince karaktere dahildir. \u00d6rne\u011fin, hapishane kelimesinin \u00c7ince karakteri \u7262 (Lao), \u00f6k\u00fcz\u00fcn sad\u0131k ve itaatkar do\u011fas\u0131 nedeniyle \u00f6k\u00fcz karakterinin \u00fczerine bir \u00e7at\u0131 eklenmi\u015ftir.<\/p>\n\n\n\n<p>\u00d6k\u00fcz karakterinde oldu\u011fu gibi, \u00d6k\u00fcz Y\u0131l\u0131&#8217;nda do\u011fan insanlar da \u00e7al\u0131\u015fkan, temkinli ve inan\u00e7lar\u0131na s\u0131ms\u0131k\u0131 sar\u0131l\u0131rlar.Gayretli, \u00e7al\u0131\u015fkan, zeki, g\u00fcvenilir, sistematik, d\u00fcr\u00fcst ve sorumluluk sahibidirler.<\/p>\n\n\n\n<p>\u00c7in burcu \u00c7in ay takvimi taraf\u0131ndan hesapland\u0131\u011f\u0131ndan, g\u00fcne\u015f takvimindeki do\u011fum g\u00fcnlerinizle tam olarak uyu\u015fmayabilir. A\u015fa\u011f\u0131daki d\u00f6nemlerde do\u011fduysan\u0131z, bir \u00d6k\u00fcz simgesine sahipsiniz demektir:<\/p>\n\n\n\n<p><\/p>\n\n\n\n<blockquote class=\"wp-block-quote is-layout-flow wp-block-quote-is-layout-flow\"><p><strong>Ba\u015flang\u0131\u00e7 Tarihi\u00a0\u00a0\u00a0\u00a0\u00a0\u00a0\u00a0\u00a0\u00a0\u00a0\u00a0\u00a0\u00a0\u00a0\u00a0\u00a0\u00a0\u00a0\u00a0\u00a0\u00a0\u00a0\u00a0\u00a0 Biti\u015f Tarihi\u00a0\u00a0\u00a0\u00a0\u00a0\u00a0\u00a0\u00a0\u00a0\u00a0\u00a0\u00a0\u00a0\u00a0\u00a0\u00a0\u00a0\u00a0\u00a0\u00a0\u00a0\u00a0\u00a0\u00a0\u00a0\u00a0\u00a0\u00a0\u00a0\u00a0 Be\u015f Element<\/strong><\/p><\/blockquote>\n\n\n\n<p><br \/>12 \u015eubat 2021 &nbsp;&nbsp;&nbsp;&nbsp;&nbsp;&nbsp;&nbsp;&nbsp;&nbsp;&nbsp;&nbsp;&nbsp;&nbsp;&nbsp;&nbsp;&nbsp;&nbsp;&nbsp;&nbsp;&nbsp;&nbsp;&nbsp;&nbsp;&nbsp;&nbsp;&nbsp;&nbsp;&nbsp;&nbsp;&nbsp;&nbsp;&nbsp;&nbsp;&nbsp;&nbsp;&nbsp;&nbsp;31 Ocak 2022 &nbsp;&nbsp;&nbsp;&nbsp;&nbsp;&nbsp;&nbsp;&nbsp;&nbsp;&nbsp;&nbsp;&nbsp;&nbsp;&nbsp;&nbsp;&nbsp;&nbsp;&nbsp;&nbsp;&nbsp;&nbsp;&nbsp;&nbsp;&nbsp;&nbsp;&nbsp;&nbsp;&nbsp;&nbsp;&nbsp;&nbsp;&nbsp;&nbsp;&nbsp;&nbsp;&nbsp;&nbsp;&nbsp;Metal<\/p>\n\n\n\n<p>26 Ocak 2009&nbsp;&nbsp;&nbsp;&nbsp;&nbsp;&nbsp;&nbsp;&nbsp;&nbsp;&nbsp;&nbsp;&nbsp;&nbsp;&nbsp;&nbsp;&nbsp;&nbsp;&nbsp;&nbsp;&nbsp;&nbsp;&nbsp;&nbsp;&nbsp;&nbsp;&nbsp;&nbsp;&nbsp;&nbsp;&nbsp;&nbsp;&nbsp;&nbsp;&nbsp;&nbsp;&nbsp;&nbsp;&nbsp; &nbsp;13 \u015eubat 2010 &nbsp;&nbsp;&nbsp;&nbsp;&nbsp;&nbsp;&nbsp;&nbsp;&nbsp;&nbsp;&nbsp;&nbsp;&nbsp;&nbsp;&nbsp;&nbsp;&nbsp;&nbsp;&nbsp;&nbsp;&nbsp;&nbsp;&nbsp;&nbsp;&nbsp;&nbsp;&nbsp;&nbsp;&nbsp;&nbsp;&nbsp;&nbsp;&nbsp;&nbsp;&nbsp;&nbsp;D\u00fcnya<\/p>\n\n\n\n<p>7 \u015eubat 1997&nbsp;&nbsp;&nbsp;&nbsp;&nbsp;&nbsp;&nbsp;&nbsp;&nbsp;&nbsp;&nbsp;&nbsp;&nbsp;&nbsp;&nbsp;&nbsp;&nbsp;&nbsp;&nbsp;&nbsp;&nbsp;&nbsp;&nbsp;&nbsp;&nbsp;&nbsp;&nbsp;&nbsp;&nbsp;&nbsp;&nbsp;&nbsp;&nbsp;&nbsp;&nbsp;&nbsp;&nbsp;&nbsp;&nbsp; 27 Ocak 1998&nbsp;&nbsp;&nbsp;&nbsp;&nbsp;&nbsp;&nbsp;&nbsp;&nbsp;&nbsp;&nbsp;&nbsp;&nbsp;&nbsp;&nbsp;&nbsp;&nbsp;&nbsp;&nbsp;&nbsp;&nbsp;&nbsp;&nbsp;&nbsp;&nbsp;&nbsp;&nbsp;&nbsp;&nbsp;&nbsp;&nbsp;&nbsp;&nbsp;&nbsp;&nbsp;&nbsp; &nbsp;&nbsp;Ate\u015f<\/p>\n\n\n\n<p>20 \u015eubat 1985 &nbsp;&nbsp;&nbsp;&nbsp;&nbsp;&nbsp;&nbsp;&nbsp;&nbsp;&nbsp;&nbsp;&nbsp;&nbsp;&nbsp;&nbsp;&nbsp;&nbsp;&nbsp;&nbsp;&nbsp;&nbsp;&nbsp;&nbsp;&nbsp;&nbsp;&nbsp;&nbsp;&nbsp;&nbsp;&nbsp;&nbsp;&nbsp;&nbsp;&nbsp;&nbsp;&nbsp;&nbsp;8 \u015eubat 1986 &nbsp;&nbsp;&nbsp;&nbsp;&nbsp;&nbsp;&nbsp;&nbsp;&nbsp;&nbsp;&nbsp;&nbsp;&nbsp;&nbsp;&nbsp;&nbsp;&nbsp;&nbsp;&nbsp;&nbsp;&nbsp;&nbsp;&nbsp;&nbsp;&nbsp;&nbsp;&nbsp;&nbsp;&nbsp;&nbsp;&nbsp;&nbsp;&nbsp;&nbsp;&nbsp;&nbsp;&nbsp;&nbsp;Tahta<\/p>\n\n\n\n<p>3 \u015eubat 1973&nbsp;&nbsp;&nbsp;&nbsp;&nbsp;&nbsp;&nbsp;&nbsp;&nbsp;&nbsp;&nbsp;&nbsp;&nbsp;&nbsp;&nbsp;&nbsp;&nbsp;&nbsp;&nbsp;&nbsp;&nbsp;&nbsp;&nbsp;&nbsp;&nbsp;&nbsp;&nbsp;&nbsp;&nbsp;&nbsp;&nbsp;&nbsp;&nbsp;&nbsp;&nbsp;&nbsp;&nbsp;&nbsp;&nbsp; 22 \u015eubat 1974&nbsp;&nbsp;&nbsp;&nbsp;&nbsp;&nbsp;&nbsp;&nbsp;&nbsp;&nbsp;&nbsp;&nbsp;&nbsp;&nbsp;&nbsp;&nbsp;&nbsp;&nbsp;&nbsp;&nbsp;&nbsp;&nbsp;&nbsp;&nbsp;&nbsp;&nbsp;&nbsp;&nbsp;&nbsp;&nbsp;&nbsp;&nbsp;&nbsp;&nbsp;&nbsp;&nbsp; Su<\/p>\n\n\n\n<p>15 \u015eubat 1961&nbsp;&nbsp;&nbsp;&nbsp;&nbsp;&nbsp;&nbsp;&nbsp;&nbsp;&nbsp;&nbsp;&nbsp;&nbsp;&nbsp;&nbsp;&nbsp;&nbsp;&nbsp;&nbsp;&nbsp;&nbsp;&nbsp;&nbsp;&nbsp;&nbsp;&nbsp;&nbsp;&nbsp;&nbsp;&nbsp;&nbsp;&nbsp;&nbsp;&nbsp;&nbsp;&nbsp;&nbsp;&nbsp; 4 \u015eubat 1962&nbsp;&nbsp;&nbsp;&nbsp;&nbsp;&nbsp;&nbsp;&nbsp;&nbsp;&nbsp;&nbsp;&nbsp;&nbsp;&nbsp;&nbsp;&nbsp;&nbsp;&nbsp;&nbsp;&nbsp;&nbsp;&nbsp;&nbsp;&nbsp;&nbsp;&nbsp;&nbsp;&nbsp;&nbsp;&nbsp;&nbsp;&nbsp;&nbsp;&nbsp;&nbsp;&nbsp; Metal<\/p>\n\n\n\n<p>29 Ocak 1949&nbsp;&nbsp;&nbsp;&nbsp;&nbsp;&nbsp;&nbsp;&nbsp;&nbsp;&nbsp;&nbsp;&nbsp;&nbsp;&nbsp;&nbsp;&nbsp;&nbsp;&nbsp;&nbsp;&nbsp;&nbsp;&nbsp;&nbsp;&nbsp;&nbsp;&nbsp;&nbsp;&nbsp;&nbsp;&nbsp;&nbsp;&nbsp;&nbsp;&nbsp;&nbsp;&nbsp;&nbsp;&nbsp; 16 \u015eubat 1950&nbsp;&nbsp;&nbsp;&nbsp;&nbsp;&nbsp;&nbsp;&nbsp;&nbsp;&nbsp;&nbsp;&nbsp;&nbsp;&nbsp;&nbsp;&nbsp;&nbsp;&nbsp;&nbsp;&nbsp;&nbsp;&nbsp;&nbsp;&nbsp;&nbsp;&nbsp;&nbsp;&nbsp;&nbsp;&nbsp;&nbsp; &nbsp;&nbsp;&nbsp;&nbsp;Toprak<\/p>\n\n\n\n<p>11 \u015eubat 1937&nbsp;&nbsp;&nbsp;&nbsp;&nbsp;&nbsp;&nbsp;&nbsp;&nbsp;&nbsp;&nbsp;&nbsp;&nbsp;&nbsp;&nbsp;&nbsp;&nbsp;&nbsp;&nbsp;&nbsp;&nbsp;&nbsp;&nbsp;&nbsp;&nbsp;&nbsp;&nbsp;&nbsp;&nbsp;&nbsp;&nbsp;&nbsp;&nbsp;&nbsp;&nbsp;&nbsp;&nbsp; 30 Ocak 1938&nbsp;&nbsp;&nbsp;&nbsp;&nbsp;&nbsp;&nbsp;&nbsp;&nbsp;&nbsp;&nbsp;&nbsp;&nbsp;&nbsp;&nbsp;&nbsp;&nbsp;&nbsp;&nbsp;&nbsp;&nbsp;&nbsp;&nbsp;&nbsp;&nbsp;&nbsp;&nbsp;&nbsp;&nbsp;&nbsp;&nbsp;&nbsp;&nbsp;&nbsp;&nbsp;&nbsp;&nbsp; Ate\u015f<\/p>\n\n\n\n<p>24 Ocak 1925&nbsp;&nbsp;&nbsp;&nbsp;&nbsp;&nbsp;&nbsp;&nbsp;&nbsp;&nbsp;&nbsp;&nbsp;&nbsp;&nbsp;&nbsp;&nbsp;&nbsp;&nbsp;&nbsp;&nbsp;&nbsp;&nbsp;&nbsp;&nbsp;&nbsp;&nbsp;&nbsp;&nbsp;&nbsp;&nbsp;&nbsp;&nbsp;&nbsp;&nbsp;&nbsp;&nbsp;&nbsp;&nbsp; 12 \u015eubat 1926&nbsp;&nbsp;&nbsp;&nbsp;&nbsp;&nbsp;&nbsp;&nbsp;&nbsp;&nbsp;&nbsp;&nbsp;&nbsp;&nbsp;&nbsp;&nbsp;&nbsp;&nbsp;&nbsp;&nbsp;&nbsp;&nbsp;&nbsp;&nbsp;&nbsp;&nbsp;&nbsp;&nbsp;&nbsp;&nbsp;&nbsp;&nbsp;&nbsp;&nbsp;&nbsp;&nbsp; Tahta<\/p>\n\n\n\n<p>6 \u015eubat 1913\u00a0\u00a0\u00a0\u00a0\u00a0\u00a0\u00a0\u00a0\u00a0\u00a0\u00a0\u00a0\u00a0\u00a0\u00a0\u00a0\u00a0\u00a0\u00a0 \u00a0\u00a0\u00a0\u00a0\u00a0\u00a0\u00a0\u00a0\u00a0\u00a0\u00a0\u00a0\u00a0\u00a0\u00a0\u00a0\u00a0\u00a0\u00a0\u00a0\u00a025 Ocak 1914\u00a0\u00a0\u00a0\u00a0\u00a0\u00a0\u00a0\u00a0\u00a0\u00a0\u00a0\u00a0\u00a0\u00a0\u00a0\u00a0\u00a0\u00a0\u00a0\u00a0\u00a0\u00a0\u00a0\u00a0\u00a0\u00a0\u00a0\u00a0\u00a0\u00a0\u00a0\u00a0\u00a0\u00a0\u00a0\u00a0\u00a0 Su<\/p>\n\n\n\n<p><\/p>\n\n\n\n<p><strong>Bir D\u00f6n\u00fcm Noktas\u0131 Y\u0131l\u0131<\/strong><\/p>\n\n\n\n<p>\u725b\u8f49\u4e7e\u5764 (\u00d6k\u00fcz i\u015fleri tersine \u00e7evirir)&#8221; \u00d6k\u00fcz y\u0131l\u0131 i\u00e7in \u00f6zel bir slogand\u0131r ayn\u0131 \u015fekilde telaffuz edilen \u201c\u626d\u8f49\u4e7e\u5764 (evrenin d\u00f6n\u00fcm noktas\u0131)nda oldu\u011fu gibi.<\/p>\n\n\n\n<p>Umar\u0131z \u00d6k\u00fcz Y\u0131l\u0131, mevcut Covid-19 salg\u0131n\u0131n\u0131 sona erdirme zaman\u0131d\u0131r. \u00c7in&#8217;in Wuhan kentinde ba\u015flamas\u0131ndan itibaren salg\u0131n \u015fu ana kadar yakla\u015f\u0131k 211.000 ki\u015fiyi \u00f6ld\u00fcrd\u00fc ve hala bir\u00e7ok \u00fclkede b\u00fcy\u00fck bir \u015fiddetle devam ediyor. \u0130nsano\u011flu, bu bula\u015f\u0131c\u0131 k\u00fcresel salg\u0131n dalgalar\u0131nda uzun s\u00fcreli ac\u0131larla kar\u015f\u0131 kar\u015f\u0131ya kal\u0131yor ve bunun sona erdi\u011fimi g\u00f6rebilmek i\u00e7in can at\u0131yor.<\/p>\n\n\n\n<p>Bu arada, ge\u00e7en y\u0131l bu zamanlarda \u00c7in yeni y\u0131l\u0131 -Fare y\u0131l\u0131&#8217;ndan \u00f6nce vir\u00fcs t\u00fcm d\u00fcnyay\u0131 sarmaya ba\u015flad\u0131. Covid-19 salg\u0131n\u0131 yaln\u0131zca pek \u00e7ok insan\u0131n hayat\u0131n\u0131 almakla kalmad\u0131, ayn\u0131 zamanda d\u00fcnya ekonomisi \u00fczerinde b\u00fcy\u00fck olumsuz etki yaratt\u0131 ve insanlar\u0131n sosyal ya\u015fam\u0131n\u0131 de\u011fi\u015ftirdi.<\/p>\n\n\n\n<p>Fare Y\u0131l\u0131&#8217;ndan \u00d6k\u00fcz Y\u0131l\u0131&#8217;na ge\u00e7i\u015ften \u00f6nce, hepimiz yeni bir burca ge\u00e7i\u015fi bekliyoruz. \u00d6k\u00fcz\u00fcn sebat ruhundan ve daima s\u00fcrd\u00fcren do\u011fas\u0131ndan ilham alarak, devam eden felaketle sonuna kadar ba\u015fa \u00e7\u0131kmaya devam etmeliyiz. \u00d6k\u00fcz Y\u0131l\u0131&#8217;nda insan toplumunun normale d\u00f6nmesini umal\u0131m.<\/p>\n\n\n\n<p><strong>\u00d6vg\u00fc S\u00f6z\u00fc<\/strong><\/p>\n\n\n\n<p>\u00d6k\u00fcz\u00fcn pek \u00e7ok iyi niteli\u011fi oldu\u011fu i\u00e7in, \u725b (Niu) olan ad\u0131 genellikle ba\u015fkalar\u0131na iltifat etmek i\u00e7in kullan\u0131l\u0131r. Kelime sadece isim olarak de\u011fil, ayn\u0131 zamanda \u00c7in&#8217;deki son d\u00f6nemin gen\u00e7leri taraf\u0131ndan bir s\u0131fat olarak da kullan\u0131lmaktad\u0131r.<\/p>\n\n\n\n<p>&#8220;Niu!&#8221; ifadesi ba\u015fparmak yukar\u0131da bir \u015fekilde s\u00f6ylendi\u011finde &#8220;\u00c7ok etkileyici!&#8221; veya &#8220;\u00c7ok yetenekli!&#8221;anlam\u0131na gelmektedir.<\/p>\n\n\n\n<p>\u00c7in k\u00fclt\u00fcr\u00fcnde, \u00f6k\u00fcz ayn\u0131 zamanda s\u0131k\u0131 \u00e7al\u0131\u015fman\u0131n e\u015fanlaml\u0131s\u0131 olan asil bir sembold\u00fcr. \u00d6k\u00fcz ki\u015fili\u011fi; titizli\u011fi ve dayan\u0131kl\u0131l\u0131\u011f\u0131 nedeniyle d\u00fcnya taraf\u0131ndan takdir edilmektedir. \u00c7in tarihi boyunca yazarlar ve \u015fairler taraf\u0131ndan edebiyat eserlerinde anlat\u0131lm\u0131\u015f ve \u00f6v\u00fclm\u00fc\u015ft\u00fcr. \u015eimdiye kadar bir\u00e7ok \u00c7inli kendilerinden \u00f6k\u00fcz ya da inek olarak bahsetmi\u015ftir.<\/p>\n\n\n\n<div class=\"wp-block-image\"><figure class=\"aligncenter size-large\"><img loading=\"lazy\" decoding=\"async\" width=\"592\" height=\"275\" src=\"https:\/\/epochtimestr.com\/wp-content\/uploads\/2011y\/\u00e7in-bur\u00e7lar-\u00f6k\u00fcz-1.png\" alt=\"\" class=\"wp-image-133326\" srcset=\"https:\/\/epochtimestr.com\/wp-content\/uploads\/2011y\/\u00e7in-bur\u00e7lar-\u00f6k\u00fcz-1.png 592w, https:\/\/epochtimestr.com\/wp-content\/uploads\/2011y\/\u00e7in-bur\u00e7lar-\u00f6k\u00fcz-1-300x139.png 300w, https:\/\/epochtimestr.com\/wp-content\/uploads\/2011y\/\u00e7in-bur\u00e7lar-\u00f6k\u00fcz-1-150x70.png 150w\" sizes=\"(max-width: 592px) 100vw, 592px\" \/><figcaption><br \/>Burcunuzu kontrol edin. (Lily Choo \/ Epoch Times)<\/figcaption><\/figure><\/div>\n\n\n\n<p><strong>\u00d6k\u00fcz Y\u0131l\u0131 i\u00e7in Kutlama<\/strong> <strong>Mesajlar\u0131<\/strong><\/p>\n\n\n\n<p>\u00c7in Yeni Y\u0131l\u0131&#8217;n\u0131n geli\u015fi, t\u00fcm kinleri b\u0131rakmak ve herkese i\u00e7tenlikle bar\u0131\u015f, sa\u011fl\u0131k ve mutluluk dilemek i\u00e7in bir f\u0131rsatt\u0131r. Bu s\u00fcre zarf\u0131nda \u00c7in halk\u0131 birbirleriyleselamla\u015f\u0131r veya birbirlerine iyi dilek ve nimetlerle selamlar\u0131n\u0131 iletir. \u00d6k\u00fcz Y\u0131l\u0131 i\u00e7in en pop\u00fcler Y\u0131lba\u015f\u0131 kutlama mesajlar\u0131n\u0131n baz\u0131lar\u0131 a\u015fa\u011f\u0131dad\u0131r:<\/p>\n\n\n\n<ul><li>\u00d6k\u00fcz Y\u0131l\u0131n\u0131z Kutlu Olsun! (\u725b\u5e74\u597d, N\u00edu ni\u00e1n h\u01ceo<\/li><li>Mutlu ve keyifli bir \u00d6k\u00fcz Y\u0131l\u0131! (\u725b\u5e74\u5feb\u6a02, N\u00edu ni\u00e1n ku\u00e0i l\u00e8)<\/li><li>\u00d6k\u00fcz, yeni y\u0131lda iyi de\u011fi\u015fiklikler getirsin. (\u725b\u8f49\u4e7e\u5764, N\u00edu zhu\u01cen qi\u00e1n k\u016bn)<\/li><li>Alt\u0131n \u00d6k\u00fcz size Mutlu Bir Y\u0131l getirsin! (\u91d1\u725b\u5831\u6625, J\u012bn n\u00edu b\u00e0o ch\u016bn)<\/li><li>\u00d6k\u00fcz g\u00fcc\u00fc g\u00f6ky\u00fcz\u00fcne y\u00fckselsin!(\u725b\u6c23\u6c96\u5929, Ni\u00fa q\u00ec ch\u014dng ti\u0101n) Peace and <\/li><li>\u00d6k\u00fcz Y\u0131l\u0131 bar\u0131\u015f ve sa\u011fl\u0131kla ge\u00e7sin! (\u725b\u5e74\u5b89\u5eb7, N\u00edu ni\u00e1n \u0101n k\u0101ng)<\/li><\/ul>\n\n\n\n<p><\/p>\n\n\n\n<p>Haz\u0131rlayan: Epoch Times<\/p>\n\n\n\n<p>\u00c7eviri: \u015eenda\u011f G\u00f6k\u00e7e<\/p>\n","protected":false},"excerpt":{"rendered":"<p>\u201c\u00c7al\u0131\u015fkan, zeki, g\u00fcvenilir ve sorumluluk sahibi\u201d, \u00f6zellikle 12 \u015eubat 2021 Cuma g\u00fcn\u00fcne denk gelen 2021 \u00c7in Yeni Y\u0131l\u0131&#8217;n\u0131 &#8211; \u00d6k\u00fcz Y\u0131l\u0131&#8217;n\u0131 tan\u0131mlayan kelimelerdir. \u00d6k\u00fcz, \u00c7in bur\u00e7lar\u0131ndaki 12 hayvandan ikincisidir. 12 y\u0131ll\u0131k bir d\u00f6ng\u00fcde, her y\u0131l bir hayvan burcunu temsil eder. Efsaneye g\u00f6re, Ye\u015fim \u0130mparatoru, bu s\u0131ralaman\u0131n hayvanlar\u0131n kadersel geli\u015f s\u0131ras\u0131na g\u00f6re belirlendi\u011fini s\u00f6ylemi\u015fti.Fare, \u00f6k\u00fcz, kaplan, [&hellip;]<\/p>\n","protected":false},"author":12791,"featured_media":133302,"comment_status":"closed","ping_status":"open","sticky":false,"template":"","format":"standard","meta":{"_yoast_wpseo_focuskw":"","_yoast_wpseo_title":"","_yoast_wpseo_metadesc":"","_bbp_topic_count":0,"_bbp_reply_count":0,"_bbp_total_topic_count":0,"_bbp_total_reply_count":0,"_bbp_voice_count":0,"_bbp_anonymous_reply_count":0,"_bbp_topic_count_hidden":0,"_bbp_reply_count_hidden":0,"_bbp_forum_subforum_count":0,"footnotes":"","_yoast_wpseo_focuskw_text_input":""},"categories":[41,8,519,1],"tags":[],"yoast_head":"<!-- This site is optimized with the Yoast SEO plugin v23.0 - https:\/\/yoast.com\/wordpress\/plugins\/seo\/ -->\n<title>2021 \u00c7in Yeni Y\u0131l\u0131: \u00d6k\u00fcz Y\u0131l\u0131 - The Epoch Times TR<\/title>\n<meta name=\"robots\" content=\"index, follow, max-snippet:-1, max-image-preview:large, max-video-preview:-1\" \/>\n<link rel=\"canonical\" href=\"https:\/\/epochtimestr.com\/index.php\/2021-cin-yeni-yili-okuz-yili\" \/>\n<meta property=\"og:locale\" content=\"tr_TR\" \/>\n<meta property=\"og:type\" content=\"article\" \/>\n<meta property=\"og:title\" content=\"2021 \u00c7in Yeni Y\u0131l\u0131: \u00d6k\u00fcz Y\u0131l\u0131 - The Epoch Times TR\" \/>\n<meta property=\"og:description\" content=\"\u201c\u00c7al\u0131\u015fkan, zeki, g\u00fcvenilir ve sorumluluk sahibi\u201d, \u00f6zellikle 12 \u015eubat 2021 Cuma g\u00fcn\u00fcne denk gelen 2021 \u00c7in Yeni Y\u0131l\u0131&#8217;n\u0131 &#8211; \u00d6k\u00fcz Y\u0131l\u0131&#8217;n\u0131 tan\u0131mlayan kelimelerdir. \u00d6k\u00fcz, \u00c7in bur\u00e7lar\u0131ndaki 12 hayvandan ikincisidir. 12 y\u0131ll\u0131k bir d\u00f6ng\u00fcde, her y\u0131l bir hayvan burcunu temsil eder. Efsaneye g\u00f6re, Ye\u015fim \u0130mparatoru, bu s\u0131ralaman\u0131n hayvanlar\u0131n kadersel geli\u015f s\u0131ras\u0131na g\u00f6re belirlendi\u011fini s\u00f6ylemi\u015fti.Fare, \u00f6k\u00fcz, kaplan, [&hellip;]\" \/>\n<meta property=\"og:url\" content=\"https:\/\/epochtimestr.com\/index.php\/2021-cin-yeni-yili-okuz-yili\" \/>\n<meta property=\"og:site_name\" content=\"The Epoch Times TR\" \/>\n<meta property=\"article:publisher\" content=\"https:\/\/www.facebook.com\/theepochtimestr\" \/>\n<meta property=\"article:published_time\" content=\"2021-02-10T11:00:00+00:00\" \/>\n<meta property=\"article:modified_time\" content=\"2021-02-08T18:53:20+00:00\" \/>\n<meta property=\"og:image\" content=\"https:\/\/epochtimestr.com\/wp-content\/uploads\/2011y\/ylaJCfnY-12-hayvan-\u00e7in-scaled.jpeg\" \/>\n\t<meta property=\"og:image:width\" content=\"2560\" \/>\n\t<meta property=\"og:image:height\" content=\"2048\" \/>\n\t<meta property=\"og:image:type\" content=\"image\/jpeg\" \/>\n<meta name=\"author\" content=\"Haber Merkezi\" \/>\n<meta name=\"twitter:card\" content=\"summary_large_image\" \/>\n<meta name=\"twitter:creator\" content=\"@TheEpochTimesTR\" \/>\n<meta name=\"twitter:site\" content=\"@TheEpochTimesTR\" \/>\n<meta name=\"twitter:label1\" content=\"Yazan:\" \/>\n\t<meta name=\"twitter:data1\" content=\"Haber Merkezi\" \/>\n\t<meta name=\"twitter:label2\" content=\"Tahmini okuma s\u00fcresi\" \/>\n\t<meta name=\"twitter:data2\" content=\"8 dakika\" \/>\n<script type=\"application\/ld+json\" class=\"yoast-schema-graph\">{\"@context\":\"https:\/\/schema.org\",\"@graph\":[{\"@type\":\"Article\",\"@id\":\"https:\/\/epochtimestr.com\/index.php\/2021-cin-yeni-yili-okuz-yili#article\",\"isPartOf\":{\"@id\":\"https:\/\/epochtimestr.com\/index.php\/2021-cin-yeni-yili-okuz-yili\"},\"author\":{\"name\":\"Haber Merkezi\",\"@id\":\"https:\/\/epochtimestr.com\/#\/schema\/person\/3dc5c3adeb9f43923c5aa85889172fdd\"},\"headline\":\"2021 \u00c7in Yeni Y\u0131l\u0131: \u00d6k\u00fcz Y\u0131l\u0131\",\"datePublished\":\"2021-02-10T11:00:00+00:00\",\"dateModified\":\"2021-02-08T18:53:20+00:00\",\"mainEntityOfPage\":{\"@id\":\"https:\/\/epochtimestr.com\/index.php\/2021-cin-yeni-yili-okuz-yili\"},\"wordCount\":1581,\"publisher\":{\"@id\":\"https:\/\/epochtimestr.com\/#organization\"},\"image\":{\"@id\":\"https:\/\/epochtimestr.com\/index.php\/2021-cin-yeni-yili-okuz-yili#primaryimage\"},\"thumbnailUrl\":\"https:\/\/epochtimestr.com\/wp-content\/uploads\/2011y\/ylaJCfnY-12-hayvan-\u00e7in-scaled.jpeg\",\"articleSection\":[\"Antik \u00c7in K\u00fclt\u00fcr\u00fc\",\"\u00c7\u0130N\",\"ED\u0130T\u00d6R\u00dcN SE\u00c7\u0130M\u0130\",\"G\u00dcNDEM\"],\"inLanguage\":\"tr\"},{\"@type\":\"WebPage\",\"@id\":\"https:\/\/epochtimestr.com\/index.php\/2021-cin-yeni-yili-okuz-yili\",\"url\":\"https:\/\/epochtimestr.com\/index.php\/2021-cin-yeni-yili-okuz-yili\",\"name\":\"2021 \u00c7in Yeni Y\u0131l\u0131: \u00d6k\u00fcz Y\u0131l\u0131 - The Epoch Times TR\",\"isPartOf\":{\"@id\":\"https:\/\/epochtimestr.com\/#website\"},\"primaryImageOfPage\":{\"@id\":\"https:\/\/epochtimestr.com\/index.php\/2021-cin-yeni-yili-okuz-yili#primaryimage\"},\"image\":{\"@id\":\"https:\/\/epochtimestr.com\/index.php\/2021-cin-yeni-yili-okuz-yili#primaryimage\"},\"thumbnailUrl\":\"https:\/\/epochtimestr.com\/wp-content\/uploads\/2011y\/ylaJCfnY-12-hayvan-\u00e7in-scaled.jpeg\",\"datePublished\":\"2021-02-10T11:00:00+00:00\",\"dateModified\":\"2021-02-08T18:53:20+00:00\",\"inLanguage\":\"tr\",\"potentialAction\":[{\"@type\":\"ReadAction\",\"target\":[\"https:\/\/epochtimestr.com\/index.php\/2021-cin-yeni-yili-okuz-yili\"]}]},{\"@type\":\"ImageObject\",\"inLanguage\":\"tr\",\"@id\":\"https:\/\/epochtimestr.com\/index.php\/2021-cin-yeni-yili-okuz-yili#primaryimage\",\"url\":\"https:\/\/epochtimestr.com\/wp-content\/uploads\/2011y\/ylaJCfnY-12-hayvan-\u00e7in-scaled.jpeg\",\"contentUrl\":\"https:\/\/epochtimestr.com\/wp-content\/uploads\/2011y\/ylaJCfnY-12-hayvan-\u00e7in-scaled.jpeg\",\"width\":2560,\"height\":2048},{\"@type\":\"WebSite\",\"@id\":\"https:\/\/epochtimestr.com\/#website\",\"url\":\"https:\/\/epochtimestr.com\/\",\"name\":\"The Epoch Times TR\",\"description\":\"De\u011fi\u015fen D\u00fcnyam\u0131za Taze Bir Bak\u0131\u015f\",\"publisher\":{\"@id\":\"https:\/\/epochtimestr.com\/#organization\"},\"potentialAction\":[{\"@type\":\"SearchAction\",\"target\":{\"@type\":\"EntryPoint\",\"urlTemplate\":\"https:\/\/epochtimestr.com\/?s={search_term_string}\"},\"query-input\":\"required name=search_term_string\"}],\"inLanguage\":\"tr\"},{\"@type\":\"Organization\",\"@id\":\"https:\/\/epochtimestr.com\/#organization\",\"name\":\"The EpochTimes T\u00fcrkiye\",\"url\":\"https:\/\/epochtimestr.com\/\",\"logo\":{\"@type\":\"ImageObject\",\"inLanguage\":\"tr\",\"@id\":\"https:\/\/epochtimestr.com\/#\/schema\/logo\/image\/\",\"url\":\"https:\/\/epochtimestr.com\/wp-content\/uploads\/2011y\/ET-Logo-YG.jpg\",\"contentUrl\":\"https:\/\/epochtimestr.com\/wp-content\/uploads\/2011y\/ET-Logo-YG.jpg\",\"width\":346,\"height\":29,\"caption\":\"The EpochTimes T\u00fcrkiye\"},\"image\":{\"@id\":\"https:\/\/epochtimestr.com\/#\/schema\/logo\/image\/\"},\"sameAs\":[\"https:\/\/www.facebook.com\/theepochtimestr\",\"https:\/\/x.com\/TheEpochTimesTR\",\"https:\/\/www.instagram.com\/epochtimestr\"]},{\"@type\":\"Person\",\"@id\":\"https:\/\/epochtimestr.com\/#\/schema\/person\/3dc5c3adeb9f43923c5aa85889172fdd\",\"name\":\"Haber Merkezi\",\"image\":{\"@type\":\"ImageObject\",\"inLanguage\":\"tr\",\"@id\":\"https:\/\/epochtimestr.com\/#\/schema\/person\/image\/\",\"url\":\"https:\/\/secure.gravatar.com\/avatar\/d73f772ba5a74f28601361e17c2f93e6?s=96&d=mm&r=g\",\"contentUrl\":\"https:\/\/secure.gravatar.com\/avatar\/d73f772ba5a74f28601361e17c2f93e6?s=96&d=mm&r=g\",\"caption\":\"Haber Merkezi\"},\"url\":\"https:\/\/epochtimestr.com\/index.php\/author\/sendag\"}]}<\/script>\n<!-- \/ Yoast SEO plugin. -->","yoast_head_json":{"title":"2021 \u00c7in Yeni Y\u0131l\u0131: \u00d6k\u00fcz Y\u0131l\u0131 - The Epoch Times TR","robots":{"index":"index","follow":"follow","max-snippet":"max-snippet:-1","max-image-preview":"max-image-preview:large","max-video-preview":"max-video-preview:-1"},"canonical":"https:\/\/epochtimestr.com\/index.php\/2021-cin-yeni-yili-okuz-yili","og_locale":"tr_TR","og_type":"article","og_title":"2021 \u00c7in Yeni Y\u0131l\u0131: \u00d6k\u00fcz Y\u0131l\u0131 - The Epoch Times TR","og_description":"\u201c\u00c7al\u0131\u015fkan, zeki, g\u00fcvenilir ve sorumluluk sahibi\u201d, \u00f6zellikle 12 \u015eubat 2021 Cuma g\u00fcn\u00fcne denk gelen 2021 \u00c7in Yeni Y\u0131l\u0131&#8217;n\u0131 &#8211; \u00d6k\u00fcz Y\u0131l\u0131&#8217;n\u0131 tan\u0131mlayan kelimelerdir. \u00d6k\u00fcz, \u00c7in bur\u00e7lar\u0131ndaki 12 hayvandan ikincisidir. 12 y\u0131ll\u0131k bir d\u00f6ng\u00fcde, her y\u0131l bir hayvan burcunu temsil eder. Efsaneye g\u00f6re, Ye\u015fim \u0130mparatoru, bu s\u0131ralaman\u0131n hayvanlar\u0131n kadersel geli\u015f s\u0131ras\u0131na g\u00f6re belirlendi\u011fini s\u00f6ylemi\u015fti.Fare, \u00f6k\u00fcz, kaplan, [&hellip;]","og_url":"https:\/\/epochtimestr.com\/index.php\/2021-cin-yeni-yili-okuz-yili","og_site_name":"The Epoch Times TR","article_publisher":"https:\/\/www.facebook.com\/theepochtimestr","article_published_time":"2021-02-10T11:00:00+00:00","article_modified_time":"2021-02-08T18:53:20+00:00","og_image":[{"width":2560,"height":2048,"url":"https:\/\/epochtimestr.com\/wp-content\/uploads\/2011y\/ylaJCfnY-12-hayvan-\u00e7in-scaled.jpeg","type":"image\/jpeg"}],"author":"Haber Merkezi","twitter_card":"summary_large_image","twitter_creator":"@TheEpochTimesTR","twitter_site":"@TheEpochTimesTR","twitter_misc":{"Yazan:":"Haber Merkezi","Tahmini okuma s\u00fcresi":"8 dakika"},"schema":{"@context":"https:\/\/schema.org","@graph":[{"@type":"Article","@id":"https:\/\/epochtimestr.com\/index.php\/2021-cin-yeni-yili-okuz-yili#article","isPartOf":{"@id":"https:\/\/epochtimestr.com\/index.php\/2021-cin-yeni-yili-okuz-yili"},"author":{"name":"Haber Merkezi","@id":"https:\/\/epochtimestr.com\/#\/schema\/person\/3dc5c3adeb9f43923c5aa85889172fdd"},"headline":"2021 \u00c7in Yeni Y\u0131l\u0131: \u00d6k\u00fcz Y\u0131l\u0131","datePublished":"2021-02-10T11:00:00+00:00","dateModified":"2021-02-08T18:53:20+00:00","mainEntityOfPage":{"@id":"https:\/\/epochtimestr.com\/index.php\/2021-cin-yeni-yili-okuz-yili"},"wordCount":1581,"publisher":{"@id":"https:\/\/epochtimestr.com\/#organization"},"image":{"@id":"https:\/\/epochtimestr.com\/index.php\/2021-cin-yeni-yili-okuz-yili#primaryimage"},"thumbnailUrl":"https:\/\/epochtimestr.com\/wp-content\/uploads\/2011y\/ylaJCfnY-12-hayvan-\u00e7in-scaled.jpeg","articleSection":["Antik \u00c7in K\u00fclt\u00fcr\u00fc","\u00c7\u0130N","ED\u0130T\u00d6R\u00dcN SE\u00c7\u0130M\u0130","G\u00dcNDEM"],"inLanguage":"tr"},{"@type":"WebPage","@id":"https:\/\/epochtimestr.com\/index.php\/2021-cin-yeni-yili-okuz-yili","url":"https:\/\/epochtimestr.com\/index.php\/2021-cin-yeni-yili-okuz-yili","name":"2021 \u00c7in Yeni Y\u0131l\u0131: \u00d6k\u00fcz Y\u0131l\u0131 - The Epoch Times TR","isPartOf":{"@id":"https:\/\/epochtimestr.com\/#website"},"primaryImageOfPage":{"@id":"https:\/\/epochtimestr.com\/index.php\/2021-cin-yeni-yili-okuz-yili#primaryimage"},"image":{"@id":"https:\/\/epochtimestr.com\/index.php\/2021-cin-yeni-yili-okuz-yili#primaryimage"},"thumbnailUrl":"https:\/\/epochtimestr.com\/wp-content\/uploads\/2011y\/ylaJCfnY-12-hayvan-\u00e7in-scaled.jpeg","datePublished":"2021-02-10T11:00:00+00:00","dateModified":"2021-02-08T18:53:20+00:00","inLanguage":"tr","potentialAction":[{"@type":"ReadAction","target":["https:\/\/epochtimestr.com\/index.php\/2021-cin-yeni-yili-okuz-yili"]}]},{"@type":"ImageObject","inLanguage":"tr","@id":"https:\/\/epochtimestr.com\/index.php\/2021-cin-yeni-yili-okuz-yili#primaryimage","url":"https:\/\/epochtimestr.com\/wp-content\/uploads\/2011y\/ylaJCfnY-12-hayvan-\u00e7in-scaled.jpeg","contentUrl":"https:\/\/epochtimestr.com\/wp-content\/uploads\/2011y\/ylaJCfnY-12-hayvan-\u00e7in-scaled.jpeg","width":2560,"height":2048},{"@type":"WebSite","@id":"https:\/\/epochtimestr.com\/#website","url":"https:\/\/epochtimestr.com\/","name":"The Epoch Times TR","description":"De\u011fi\u015fen D\u00fcnyam\u0131za Taze Bir Bak\u0131\u015f","publisher":{"@id":"https:\/\/epochtimestr.com\/#organization"},"potentialAction":[{"@type":"SearchAction","target":{"@type":"EntryPoint","urlTemplate":"https:\/\/epochtimestr.com\/?s={search_term_string}"},"query-input":"required name=search_term_string"}],"inLanguage":"tr"},{"@type":"Organization","@id":"https:\/\/epochtimestr.com\/#organization","name":"The EpochTimes T\u00fcrkiye","url":"https:\/\/epochtimestr.com\/","logo":{"@type":"ImageObject","inLanguage":"tr","@id":"https:\/\/epochtimestr.com\/#\/schema\/logo\/image\/","url":"https:\/\/epochtimestr.com\/wp-content\/uploads\/2011y\/ET-Logo-YG.jpg","contentUrl":"https:\/\/epochtimestr.com\/wp-content\/uploads\/2011y\/ET-Logo-YG.jpg","width":346,"height":29,"caption":"The EpochTimes T\u00fcrkiye"},"image":{"@id":"https:\/\/epochtimestr.com\/#\/schema\/logo\/image\/"},"sameAs":["https:\/\/www.facebook.com\/theepochtimestr","https:\/\/x.com\/TheEpochTimesTR","https:\/\/www.instagram.com\/epochtimestr"]},{"@type":"Person","@id":"https:\/\/epochtimestr.com\/#\/schema\/person\/3dc5c3adeb9f43923c5aa85889172fdd","name":"Haber Merkezi","image":{"@type":"ImageObject","inLanguage":"tr","@id":"https:\/\/epochtimestr.com\/#\/schema\/person\/image\/","url":"https:\/\/secure.gravatar.com\/avatar\/d73f772ba5a74f28601361e17c2f93e6?s=96&d=mm&r=g","contentUrl":"https:\/\/secure.gravatar.com\/avatar\/d73f772ba5a74f28601361e17c2f93e6?s=96&d=mm&r=g","caption":"Haber Merkezi"},"url":"https:\/\/epochtimestr.com\/index.php\/author\/sendag"}]}},"_links":{"self":[{"href":"https:\/\/epochtimestr.com\/index.php\/wp-json\/wp\/v2\/posts\/133300"}],"collection":[{"href":"https:\/\/epochtimestr.com\/index.php\/wp-json\/wp\/v2\/posts"}],"about":[{"href":"https:\/\/epochtimestr.com\/index.php\/wp-json\/wp\/v2\/types\/post"}],"author":[{"embeddable":true,"href":"https:\/\/epochtimestr.com\/index.php\/wp-json\/wp\/v2\/users\/12791"}],"replies":[{"embeddable":true,"href":"https:\/\/epochtimestr.com\/index.php\/wp-json\/wp\/v2\/comments?post=133300"}],"version-history":[{"count":24,"href":"https:\/\/epochtimestr.com\/index.php\/wp-json\/wp\/v2\/posts\/133300\/revisions"}],"predecessor-version":[{"id":133328,"href":"https:\/\/epochtimestr.com\/index.php\/wp-json\/wp\/v2\/posts\/133300\/revisions\/133328"}],"wp:featuredmedia":[{"embeddable":true,"href":"https:\/\/epochtimestr.com\/index.php\/wp-json\/wp\/v2\/media\/133302"}],"wp:attachment":[{"href":"https:\/\/epochtimestr.com\/index.php\/wp-json\/wp\/v2\/media?parent=133300"}],"wp:term":[{"taxonomy":"category","embeddable":true,"href":"https:\/\/epochtimestr.com\/index.php\/wp-json\/wp\/v2\/categories?post=133300"},{"taxonomy":"post_tag","embeddable":true,"href":"https:\/\/epochtimestr.com\/index.php\/wp-json\/wp\/v2\/tags?post=133300"}],"curies":[{"name":"wp","href":"https:\/\/api.w.org\/{rel}","templated":true}]}}