{"id":133629,"date":"2021-03-02T14:04:59","date_gmt":"2021-03-02T11:04:59","guid":{"rendered":"http:\/\/epochtimestr.com\/?p=133629"},"modified":"2021-03-02T14:05:01","modified_gmt":"2021-03-02T11:05:01","slug":"almanyada-issizlik-artti","status":"publish","type":"post","link":"https:\/\/epochtimestr.com\/index.php\/almanyada-issizlik-artti","title":{"rendered":"Almanya&#8217;da \u0130\u015fsizlik Artt\u0131"},"content":{"rendered":"\n<div class=\"wp-block-image\"><figure class=\"aligncenter size-large\"><img loading=\"lazy\" decoding=\"async\" width=\"600\" height=\"400\" src=\"https:\/\/epochtimestr.com\/wp-content\/uploads\/2011y\/Almanya-Bina-i\u015f-ofis-pixabay-600x400.jpg\" alt=\"\" class=\"wp-image-133631\" srcset=\"https:\/\/epochtimestr.com\/wp-content\/uploads\/2011y\/Almanya-Bina-i\u015f-ofis-pixabay-600x400.jpg 600w, https:\/\/epochtimestr.com\/wp-content\/uploads\/2011y\/Almanya-Bina-i\u015f-ofis-pixabay-300x200.jpg 300w, https:\/\/epochtimestr.com\/wp-content\/uploads\/2011y\/Almanya-Bina-i\u015f-ofis-pixabay-150x100.jpg 150w, https:\/\/epochtimestr.com\/wp-content\/uploads\/2011y\/Almanya-Bina-i\u015f-ofis-pixabay-450x300.jpg 450w, https:\/\/epochtimestr.com\/wp-content\/uploads\/2011y\/Almanya-Bina-i\u015f-ofis-pixabay.jpg 640w\" sizes=\"(max-width: 600px) 100vw, 600px\" \/><\/figure><\/div>\n\n\n\n<h2 class=\"wp-block-heading\">Almanya&#8217;da mevsimsellikten ar\u0131nd\u0131r\u0131lm\u0131\u015f i\u015fsiz say\u0131s\u0131 \u015fubatta, 7 ay\u0131n ard\u0131ndan ilk kez art\u0131\u015f g\u00f6sterdi.<\/h2>\n\n\n\n<p>Almanya Federal \u0130\u015f Ajans\u0131 (BA), \u015fubat ay\u0131\u00a0i\u015fsizlik\u00a0verilerini yay\u0131mlad\u0131. Buna g\u00f6re, \u00fclkede mevsimsellikten ar\u0131nd\u0131r\u0131lm\u0131\u015f i\u015fsiz say\u0131s\u0131, \u015fubatta bir \u00f6nceki aya g\u00f6re 9 bin artarak 2 milyon 752 bine y\u00fckselirken, y\u00fczde 6\u2019l\u0131k i\u015fsizlik oran\u0131 de\u011fi\u015fmedi. B\u00f6ylece i\u015fsiz say\u0131s\u0131 Haziran 2020 d\u00f6neminden bu yana ilk kez art\u0131\u015f kaydetti.<\/p>\n\n\n\n<p>Piyasalarda beklenti, i\u015fsiz say\u0131s\u0131nda 13 bin d\u00fc\u015f\u00fc\u015f olmas\u0131 y\u00f6n\u00fcndeydi. Bunun yan\u0131nda, \u015eubat 2020\u2019ye g\u00f6re ise i\u015fsiz say\u0131s\u0131n\u0131n 509 bin artmas\u0131 dikkati \u00e7ekti. Federal \u0130\u015f Ajans\u0131 Ba\u015fkan\u0131 Detlef Scheele, konuya ili\u015fkin de\u011ferlendirmesinde, baz\u0131 sekt\u00f6rlerin i\u015fg\u00fcc\u00fcnde Kovid-19 k\u0131s\u0131tlamalar\u0131n\u0131n izlerinin g\u00f6r\u00fcld\u00fc\u011f\u00fcn\u00fc belirterek, \u201cKurzarbeit (k\u0131sa \u00e7al\u0131\u015fma program\u0131) b\u00fcy\u00fck \u00f6l\u00e7ekte istihdam\u0131 g\u00fcvence alt\u0131na almaya ve i\u015fsizli\u011fi \u00f6nlemeye devam ediyor.&#8221; ifadelerini kulland\u0131.<\/p>\n\n\n\n<p>Almanya\u2019da Kas\u0131m 2020\u2019den beri yeni tip koronavir\u00fcs\u00fcn (Kovid-19) yay\u0131lmas\u0131n\u0131 \u00f6nlemek i\u00e7in k\u0131s\u0131tlamalar uygulan\u0131yor. Alman medyas\u0131na g\u00f6re, Kovid-19 \u00fc\u00e7\u00fcnc\u00fc dalgadan ka\u00e7\u0131nmak i\u00e7in bu k\u0131s\u0131tlamalar 28 Mart\u2019a kadar uzat\u0131lacak.<br \/><br \/><strong>\u0130ST\u0130HDAM ED\u0130LEN K\u0130\u015e\u0130 SAYISI KOV\u0130D-19 SALGINI \u00d6NCES\u0130 SEV\u0130YEN\u0130N ALTINDA KALMAYA DEVAM ED\u0130YOR<\/strong><br \/>\u00d6te yandan, Almanya Federal \u0130statistik Ofisi&#8217;nin (Destatis) a\u00e7\u0131klad\u0131\u011f\u0131 ge\u00e7ici verilere g\u00f6re ocakta mevsimsellikten ar\u0131nd\u0131r\u0131lm\u0131\u015f istihdam, bir \u00f6nceki aya g\u00f6re 14 bin artarak 44 milyon 290 bine y\u00fckseldi. Destatis, bununla birlikte, \u00fclkede istihdam edilen ki\u015fi say\u0131s\u0131n\u0131n Kovid-19 salg\u0131n\u0131 \u00f6ncesi seviyenin \u00f6nemli \u00f6l\u00e7\u00fcde alt\u0131nda kalmaya devam etti\u011fini vurgulad\u0131.<\/p>\n\n\n\n<p>Federal \u0130statistik Ofisi&#8217;nin a\u00e7\u0131klamas\u0131nda, \u201cAral\u0131k 2020&#8217;de istihdam edilen ki\u015fi say\u0131s\u0131, Almanya&#8217;daki Kovid-19 k\u0131s\u0131tlamalar\u0131n getirilmesi \u00f6ncesi \u015eubat 2020&#8217;ye g\u00f6re mevsimsellikten ar\u0131nd\u0131r\u0131lm\u0131\u015f olarak y\u00fczde 1,6 (726 bin ki\u015fi) d\u00fc\u015ft\u00fc.\u201d ifadesini kulland\u0131. Almanya&#8217;da ekonomi, Kovid-19&#8217;un sebep oldu\u011fu sa\u011fl\u0131k ve ekonomik kriz nedeniyle 2020&#8217;de y\u00fczde 5 k\u00fc\u00e7\u00fclerek, 10 y\u0131ld\u0131r aral\u0131ks\u0131z b\u00fcy\u00fcmesine son vermi\u015fti.<\/p>\n\n\n\n<p><\/p>\n","protected":false},"excerpt":{"rendered":"<p>Almanya&#8217;da mevsimsellikten ar\u0131nd\u0131r\u0131lm\u0131\u015f i\u015fsiz say\u0131s\u0131 \u015fubatta, 7 ay\u0131n ard\u0131ndan ilk kez art\u0131\u015f g\u00f6sterdi. Almanya Federal \u0130\u015f Ajans\u0131 (BA), \u015fubat ay\u0131\u00a0i\u015fsizlik\u00a0verilerini yay\u0131mlad\u0131. Buna g\u00f6re, \u00fclkede mevsimsellikten ar\u0131nd\u0131r\u0131lm\u0131\u015f i\u015fsiz say\u0131s\u0131, \u015fubatta bir \u00f6nceki aya g\u00f6re 9 bin artarak 2 milyon 752 bine y\u00fckselirken, y\u00fczde 6\u2019l\u0131k i\u015fsizlik oran\u0131 de\u011fi\u015fmedi. B\u00f6ylece i\u015fsiz say\u0131s\u0131 Haziran 2020 d\u00f6neminden bu yana ilk [&hellip;]<\/p>\n","protected":false},"author":12791,"featured_media":133631,"comment_status":"closed","ping_status":"open","sticky":false,"template":"","format":"standard","meta":{"_yoast_wpseo_focuskw":"","_yoast_wpseo_title":"","_yoast_wpseo_metadesc":"","_bbp_topic_count":0,"_bbp_reply_count":0,"_bbp_total_topic_count":0,"_bbp_total_reply_count":0,"_bbp_voice_count":0,"_bbp_anonymous_reply_count":0,"_bbp_topic_count_hidden":0,"_bbp_reply_count_hidden":0,"_bbp_forum_subforum_count":0,"footnotes":"","_yoast_wpseo_focuskw_text_input":""},"categories":[5],"tags":[708,1415],"yoast_head":"<!-- This site is optimized with the Yoast SEO plugin v23.0 - https:\/\/yoast.com\/wordpress\/plugins\/seo\/ -->\n<title>Almanya&#039;da \u0130\u015fsizlik Artt\u0131 - The Epoch Times TR<\/title>\n<meta name=\"robots\" content=\"index, follow, max-snippet:-1, max-image-preview:large, max-video-preview:-1\" \/>\n<link rel=\"canonical\" href=\"https:\/\/epochtimestr.com\/index.php\/almanyada-issizlik-artti\" \/>\n<meta property=\"og:locale\" content=\"tr_TR\" \/>\n<meta property=\"og:type\" content=\"article\" \/>\n<meta property=\"og:title\" content=\"Almanya&#039;da \u0130\u015fsizlik Artt\u0131 - The Epoch Times TR\" \/>\n<meta property=\"og:description\" content=\"Almanya&#8217;da mevsimsellikten ar\u0131nd\u0131r\u0131lm\u0131\u015f i\u015fsiz say\u0131s\u0131 \u015fubatta, 7 ay\u0131n ard\u0131ndan ilk kez art\u0131\u015f g\u00f6sterdi. Almanya Federal \u0130\u015f Ajans\u0131 (BA), \u015fubat ay\u0131\u00a0i\u015fsizlik\u00a0verilerini yay\u0131mlad\u0131. Buna g\u00f6re, \u00fclkede mevsimsellikten ar\u0131nd\u0131r\u0131lm\u0131\u015f i\u015fsiz say\u0131s\u0131, \u015fubatta bir \u00f6nceki aya g\u00f6re 9 bin artarak 2 milyon 752 bine y\u00fckselirken, y\u00fczde 6\u2019l\u0131k i\u015fsizlik oran\u0131 de\u011fi\u015fmedi. B\u00f6ylece i\u015fsiz say\u0131s\u0131 Haziran 2020 d\u00f6neminden bu yana ilk [&hellip;]\" \/>\n<meta property=\"og:url\" content=\"https:\/\/epochtimestr.com\/index.php\/almanyada-issizlik-artti\" \/>\n<meta property=\"og:site_name\" content=\"The Epoch Times TR\" \/>\n<meta property=\"article:publisher\" content=\"https:\/\/www.facebook.com\/theepochtimestr\" \/>\n<meta property=\"article:published_time\" content=\"2021-03-02T11:04:59+00:00\" \/>\n<meta property=\"article:modified_time\" content=\"2021-03-02T11:05:01+00:00\" \/>\n<meta property=\"og:image\" content=\"https:\/\/epochtimestr.com\/wp-content\/uploads\/2011y\/Almanya-Bina-i\u015f-ofis-pixabay.jpg\" \/>\n\t<meta property=\"og:image:width\" content=\"640\" \/>\n\t<meta property=\"og:image:height\" content=\"426\" \/>\n\t<meta property=\"og:image:type\" content=\"image\/jpeg\" \/>\n<meta name=\"author\" content=\"Haber Merkezi\" \/>\n<meta name=\"twitter:card\" content=\"summary_large_image\" \/>\n<meta name=\"twitter:creator\" content=\"@TheEpochTimesTR\" \/>\n<meta name=\"twitter:site\" content=\"@TheEpochTimesTR\" \/>\n<meta name=\"twitter:label1\" content=\"Yazan:\" \/>\n\t<meta name=\"twitter:data1\" content=\"Haber Merkezi\" \/>\n\t<meta name=\"twitter:label2\" content=\"Tahmini okuma s\u00fcresi\" \/>\n\t<meta name=\"twitter:data2\" content=\"2 dakika\" \/>\n<script type=\"application\/ld+json\" class=\"yoast-schema-graph\">{\"@context\":\"https:\/\/schema.org\",\"@graph\":[{\"@type\":\"Article\",\"@id\":\"https:\/\/epochtimestr.com\/index.php\/almanyada-issizlik-artti#article\",\"isPartOf\":{\"@id\":\"https:\/\/epochtimestr.com\/index.php\/almanyada-issizlik-artti\"},\"author\":{\"name\":\"Haber Merkezi\",\"@id\":\"https:\/\/epochtimestr.com\/#\/schema\/person\/3dc5c3adeb9f43923c5aa85889172fdd\"},\"headline\":\"Almanya&#8217;da \u0130\u015fsizlik Artt\u0131\",\"datePublished\":\"2021-03-02T11:04:59+00:00\",\"dateModified\":\"2021-03-02T11:05:01+00:00\",\"mainEntityOfPage\":{\"@id\":\"https:\/\/epochtimestr.com\/index.php\/almanyada-issizlik-artti\"},\"wordCount\":365,\"publisher\":{\"@id\":\"https:\/\/epochtimestr.com\/#organization\"},\"image\":{\"@id\":\"https:\/\/epochtimestr.com\/index.php\/almanyada-issizlik-artti#primaryimage\"},\"thumbnailUrl\":\"https:\/\/epochtimestr.com\/wp-content\/uploads\/2011y\/Almanya-Bina-i\u015f-ofis-pixabay.jpg\",\"keywords\":[\"almanya\",\"i\u015fsizlik\"],\"articleSection\":[\"D\u00dcNYA\"],\"inLanguage\":\"tr\"},{\"@type\":\"WebPage\",\"@id\":\"https:\/\/epochtimestr.com\/index.php\/almanyada-issizlik-artti\",\"url\":\"https:\/\/epochtimestr.com\/index.php\/almanyada-issizlik-artti\",\"name\":\"Almanya'da \u0130\u015fsizlik Artt\u0131 - The Epoch Times TR\",\"isPartOf\":{\"@id\":\"https:\/\/epochtimestr.com\/#website\"},\"primaryImageOfPage\":{\"@id\":\"https:\/\/epochtimestr.com\/index.php\/almanyada-issizlik-artti#primaryimage\"},\"image\":{\"@id\":\"https:\/\/epochtimestr.com\/index.php\/almanyada-issizlik-artti#primaryimage\"},\"thumbnailUrl\":\"https:\/\/epochtimestr.com\/wp-content\/uploads\/2011y\/Almanya-Bina-i\u015f-ofis-pixabay.jpg\",\"datePublished\":\"2021-03-02T11:04:59+00:00\",\"dateModified\":\"2021-03-02T11:05:01+00:00\",\"inLanguage\":\"tr\",\"potentialAction\":[{\"@type\":\"ReadAction\",\"target\":[\"https:\/\/epochtimestr.com\/index.php\/almanyada-issizlik-artti\"]}]},{\"@type\":\"ImageObject\",\"inLanguage\":\"tr\",\"@id\":\"https:\/\/epochtimestr.com\/index.php\/almanyada-issizlik-artti#primaryimage\",\"url\":\"https:\/\/epochtimestr.com\/wp-content\/uploads\/2011y\/Almanya-Bina-i\u015f-ofis-pixabay.jpg\",\"contentUrl\":\"https:\/\/epochtimestr.com\/wp-content\/uploads\/2011y\/Almanya-Bina-i\u015f-ofis-pixabay.jpg\",\"width\":640,\"height\":426},{\"@type\":\"WebSite\",\"@id\":\"https:\/\/epochtimestr.com\/#website\",\"url\":\"https:\/\/epochtimestr.com\/\",\"name\":\"The Epoch Times TR\",\"description\":\"De\u011fi\u015fen D\u00fcnyam\u0131za Taze Bir Bak\u0131\u015f\",\"publisher\":{\"@id\":\"https:\/\/epochtimestr.com\/#organization\"},\"potentialAction\":[{\"@type\":\"SearchAction\",\"target\":{\"@type\":\"EntryPoint\",\"urlTemplate\":\"https:\/\/epochtimestr.com\/?s={search_term_string}\"},\"query-input\":\"required name=search_term_string\"}],\"inLanguage\":\"tr\"},{\"@type\":\"Organization\",\"@id\":\"https:\/\/epochtimestr.com\/#organization\",\"name\":\"The EpochTimes T\u00fcrkiye\",\"url\":\"https:\/\/epochtimestr.com\/\",\"logo\":{\"@type\":\"ImageObject\",\"inLanguage\":\"tr\",\"@id\":\"https:\/\/epochtimestr.com\/#\/schema\/logo\/image\/\",\"url\":\"https:\/\/epochtimestr.com\/wp-content\/uploads\/2011y\/ET-Logo-YG.jpg\",\"contentUrl\":\"https:\/\/epochtimestr.com\/wp-content\/uploads\/2011y\/ET-Logo-YG.jpg\",\"width\":346,\"height\":29,\"caption\":\"The EpochTimes T\u00fcrkiye\"},\"image\":{\"@id\":\"https:\/\/epochtimestr.com\/#\/schema\/logo\/image\/\"},\"sameAs\":[\"https:\/\/www.facebook.com\/theepochtimestr\",\"https:\/\/x.com\/TheEpochTimesTR\",\"https:\/\/www.instagram.com\/epochtimestr\"]},{\"@type\":\"Person\",\"@id\":\"https:\/\/epochtimestr.com\/#\/schema\/person\/3dc5c3adeb9f43923c5aa85889172fdd\",\"name\":\"Haber Merkezi\",\"image\":{\"@type\":\"ImageObject\",\"inLanguage\":\"tr\",\"@id\":\"https:\/\/epochtimestr.com\/#\/schema\/person\/image\/\",\"url\":\"https:\/\/secure.gravatar.com\/avatar\/d73f772ba5a74f28601361e17c2f93e6?s=96&d=mm&r=g\",\"contentUrl\":\"https:\/\/secure.gravatar.com\/avatar\/d73f772ba5a74f28601361e17c2f93e6?s=96&d=mm&r=g\",\"caption\":\"Haber Merkezi\"},\"url\":\"https:\/\/epochtimestr.com\/index.php\/author\/sendag\"}]}<\/script>\n<!-- \/ Yoast SEO plugin. -->","yoast_head_json":{"title":"Almanya'da \u0130\u015fsizlik Artt\u0131 - The Epoch Times TR","robots":{"index":"index","follow":"follow","max-snippet":"max-snippet:-1","max-image-preview":"max-image-preview:large","max-video-preview":"max-video-preview:-1"},"canonical":"https:\/\/epochtimestr.com\/index.php\/almanyada-issizlik-artti","og_locale":"tr_TR","og_type":"article","og_title":"Almanya'da \u0130\u015fsizlik Artt\u0131 - The Epoch Times TR","og_description":"Almanya&#8217;da mevsimsellikten ar\u0131nd\u0131r\u0131lm\u0131\u015f i\u015fsiz say\u0131s\u0131 \u015fubatta, 7 ay\u0131n ard\u0131ndan ilk kez art\u0131\u015f g\u00f6sterdi. Almanya Federal \u0130\u015f Ajans\u0131 (BA), \u015fubat ay\u0131\u00a0i\u015fsizlik\u00a0verilerini yay\u0131mlad\u0131. Buna g\u00f6re, \u00fclkede mevsimsellikten ar\u0131nd\u0131r\u0131lm\u0131\u015f i\u015fsiz say\u0131s\u0131, \u015fubatta bir \u00f6nceki aya g\u00f6re 9 bin artarak 2 milyon 752 bine y\u00fckselirken, y\u00fczde 6\u2019l\u0131k i\u015fsizlik oran\u0131 de\u011fi\u015fmedi. B\u00f6ylece i\u015fsiz say\u0131s\u0131 Haziran 2020 d\u00f6neminden bu yana ilk [&hellip;]","og_url":"https:\/\/epochtimestr.com\/index.php\/almanyada-issizlik-artti","og_site_name":"The Epoch Times TR","article_publisher":"https:\/\/www.facebook.com\/theepochtimestr","article_published_time":"2021-03-02T11:04:59+00:00","article_modified_time":"2021-03-02T11:05:01+00:00","og_image":[{"width":640,"height":426,"url":"https:\/\/epochtimestr.com\/wp-content\/uploads\/2011y\/Almanya-Bina-i\u015f-ofis-pixabay.jpg","type":"image\/jpeg"}],"author":"Haber Merkezi","twitter_card":"summary_large_image","twitter_creator":"@TheEpochTimesTR","twitter_site":"@TheEpochTimesTR","twitter_misc":{"Yazan:":"Haber Merkezi","Tahmini okuma s\u00fcresi":"2 dakika"},"schema":{"@context":"https:\/\/schema.org","@graph":[{"@type":"Article","@id":"https:\/\/epochtimestr.com\/index.php\/almanyada-issizlik-artti#article","isPartOf":{"@id":"https:\/\/epochtimestr.com\/index.php\/almanyada-issizlik-artti"},"author":{"name":"Haber Merkezi","@id":"https:\/\/epochtimestr.com\/#\/schema\/person\/3dc5c3adeb9f43923c5aa85889172fdd"},"headline":"Almanya&#8217;da \u0130\u015fsizlik Artt\u0131","datePublished":"2021-03-02T11:04:59+00:00","dateModified":"2021-03-02T11:05:01+00:00","mainEntityOfPage":{"@id":"https:\/\/epochtimestr.com\/index.php\/almanyada-issizlik-artti"},"wordCount":365,"publisher":{"@id":"https:\/\/epochtimestr.com\/#organization"},"image":{"@id":"https:\/\/epochtimestr.com\/index.php\/almanyada-issizlik-artti#primaryimage"},"thumbnailUrl":"https:\/\/epochtimestr.com\/wp-content\/uploads\/2011y\/Almanya-Bina-i\u015f-ofis-pixabay.jpg","keywords":["almanya","i\u015fsizlik"],"articleSection":["D\u00dcNYA"],"inLanguage":"tr"},{"@type":"WebPage","@id":"https:\/\/epochtimestr.com\/index.php\/almanyada-issizlik-artti","url":"https:\/\/epochtimestr.com\/index.php\/almanyada-issizlik-artti","name":"Almanya'da \u0130\u015fsizlik Artt\u0131 - The Epoch Times TR","isPartOf":{"@id":"https:\/\/epochtimestr.com\/#website"},"primaryImageOfPage":{"@id":"https:\/\/epochtimestr.com\/index.php\/almanyada-issizlik-artti#primaryimage"},"image":{"@id":"https:\/\/epochtimestr.com\/index.php\/almanyada-issizlik-artti#primaryimage"},"thumbnailUrl":"https:\/\/epochtimestr.com\/wp-content\/uploads\/2011y\/Almanya-Bina-i\u015f-ofis-pixabay.jpg","datePublished":"2021-03-02T11:04:59+00:00","dateModified":"2021-03-02T11:05:01+00:00","inLanguage":"tr","potentialAction":[{"@type":"ReadAction","target":["https:\/\/epochtimestr.com\/index.php\/almanyada-issizlik-artti"]}]},{"@type":"ImageObject","inLanguage":"tr","@id":"https:\/\/epochtimestr.com\/index.php\/almanyada-issizlik-artti#primaryimage","url":"https:\/\/epochtimestr.com\/wp-content\/uploads\/2011y\/Almanya-Bina-i\u015f-ofis-pixabay.jpg","contentUrl":"https:\/\/epochtimestr.com\/wp-content\/uploads\/2011y\/Almanya-Bina-i\u015f-ofis-pixabay.jpg","width":640,"height":426},{"@type":"WebSite","@id":"https:\/\/epochtimestr.com\/#website","url":"https:\/\/epochtimestr.com\/","name":"The Epoch Times TR","description":"De\u011fi\u015fen D\u00fcnyam\u0131za Taze Bir Bak\u0131\u015f","publisher":{"@id":"https:\/\/epochtimestr.com\/#organization"},"potentialAction":[{"@type":"SearchAction","target":{"@type":"EntryPoint","urlTemplate":"https:\/\/epochtimestr.com\/?s={search_term_string}"},"query-input":"required name=search_term_string"}],"inLanguage":"tr"},{"@type":"Organization","@id":"https:\/\/epochtimestr.com\/#organization","name":"The EpochTimes T\u00fcrkiye","url":"https:\/\/epochtimestr.com\/","logo":{"@type":"ImageObject","inLanguage":"tr","@id":"https:\/\/epochtimestr.com\/#\/schema\/logo\/image\/","url":"https:\/\/epochtimestr.com\/wp-content\/uploads\/2011y\/ET-Logo-YG.jpg","contentUrl":"https:\/\/epochtimestr.com\/wp-content\/uploads\/2011y\/ET-Logo-YG.jpg","width":346,"height":29,"caption":"The EpochTimes T\u00fcrkiye"},"image":{"@id":"https:\/\/epochtimestr.com\/#\/schema\/logo\/image\/"},"sameAs":["https:\/\/www.facebook.com\/theepochtimestr","https:\/\/x.com\/TheEpochTimesTR","https:\/\/www.instagram.com\/epochtimestr"]},{"@type":"Person","@id":"https:\/\/epochtimestr.com\/#\/schema\/person\/3dc5c3adeb9f43923c5aa85889172fdd","name":"Haber Merkezi","image":{"@type":"ImageObject","inLanguage":"tr","@id":"https:\/\/epochtimestr.com\/#\/schema\/person\/image\/","url":"https:\/\/secure.gravatar.com\/avatar\/d73f772ba5a74f28601361e17c2f93e6?s=96&d=mm&r=g","contentUrl":"https:\/\/secure.gravatar.com\/avatar\/d73f772ba5a74f28601361e17c2f93e6?s=96&d=mm&r=g","caption":"Haber Merkezi"},"url":"https:\/\/epochtimestr.com\/index.php\/author\/sendag"}]}},"_links":{"self":[{"href":"https:\/\/epochtimestr.com\/index.php\/wp-json\/wp\/v2\/posts\/133629"}],"collection":[{"href":"https:\/\/epochtimestr.com\/index.php\/wp-json\/wp\/v2\/posts"}],"about":[{"href":"https:\/\/epochtimestr.com\/index.php\/wp-json\/wp\/v2\/types\/post"}],"author":[{"embeddable":true,"href":"https:\/\/epochtimestr.com\/index.php\/wp-json\/wp\/v2\/users\/12791"}],"replies":[{"embeddable":true,"href":"https:\/\/epochtimestr.com\/index.php\/wp-json\/wp\/v2\/comments?post=133629"}],"version-history":[{"count":1,"href":"https:\/\/epochtimestr.com\/index.php\/wp-json\/wp\/v2\/posts\/133629\/revisions"}],"predecessor-version":[{"id":133632,"href":"https:\/\/epochtimestr.com\/index.php\/wp-json\/wp\/v2\/posts\/133629\/revisions\/133632"}],"wp:featuredmedia":[{"embeddable":true,"href":"https:\/\/epochtimestr.com\/index.php\/wp-json\/wp\/v2\/media\/133631"}],"wp:attachment":[{"href":"https:\/\/epochtimestr.com\/index.php\/wp-json\/wp\/v2\/media?parent=133629"}],"wp:term":[{"taxonomy":"category","embeddable":true,"href":"https:\/\/epochtimestr.com\/index.php\/wp-json\/wp\/v2\/categories?post=133629"},{"taxonomy":"post_tag","embeddable":true,"href":"https:\/\/epochtimestr.com\/index.php\/wp-json\/wp\/v2\/tags?post=133629"}],"curies":[{"name":"wp","href":"https:\/\/api.w.org\/{rel}","templated":true}]}}