{"id":133643,"date":"2021-03-03T18:00:30","date_gmt":"2021-03-03T15:00:30","guid":{"rendered":"http:\/\/epochtimestr.com\/?p=133643"},"modified":"2021-03-03T18:00:50","modified_gmt":"2021-03-03T15:00:50","slug":"fransa-turkiyeden-somut-adim-bekliyor","status":"publish","type":"post","link":"https:\/\/epochtimestr.com\/index.php\/fransa-turkiyeden-somut-adim-bekliyor","title":{"rendered":"Fransa, T\u00fcrkiye&#8217;den Somut Ad\u0131m Bekliyor"},"content":{"rendered":"\n<figure class=\"wp-block-image size-large\"><img loading=\"lazy\" decoding=\"async\" width=\"600\" height=\"320\" src=\"https:\/\/epochtimestr.com\/wp-content\/uploads\/2011y\/1991406-1-600x320.jpg\" alt=\"\" class=\"wp-image-103268\" srcset=\"https:\/\/epochtimestr.com\/wp-content\/uploads\/2011y\/1991406-1-600x320.jpg 600w, https:\/\/epochtimestr.com\/wp-content\/uploads\/2011y\/1991406-1-150x80.jpg 150w, https:\/\/epochtimestr.com\/wp-content\/uploads\/2011y\/1991406-1-300x160.jpg 300w, https:\/\/epochtimestr.com\/wp-content\/uploads\/2011y\/1991406-1-292x156.jpg 292w, https:\/\/epochtimestr.com\/wp-content\/uploads\/2011y\/1991406-1-638x340.jpg 638w, https:\/\/epochtimestr.com\/wp-content\/uploads\/2011y\/1991406-1-190x100.jpg 190w, https:\/\/epochtimestr.com\/wp-content\/uploads\/2011y\/1991406-1-629x335.jpg 629w, https:\/\/epochtimestr.com\/wp-content\/uploads\/2011y\/1991406-1.jpg 664w\" sizes=\"(max-width: 600px) 100vw, 600px\" \/><\/figure>\n\n\n\n<h2 class=\"wp-block-heading\">Fransa\u00a0D\u0131\u015fi\u015fleri Bakan\u0131 Jean-Yves Le Drian, T\u00fcrkiye&#8217;nin\u00a0Fransa&#8217;ya ve Avrupa Birli\u011fi&#8217;ne (AB) kar\u015f\u0131 s\u00f6ylemlerinin daha g\u00fcven verdi\u011fini ve ancak somut ad\u0131mlar atana kadar ili\u015fkilerin k\u0131r\u0131lgan kalaca\u011f\u0131n\u0131 a\u00e7\u0131klad\u0131.<\/h2>\n\n\n\n<p>Cumhurba\u015fkan\u0131 Recep Tayyip Erdo\u011fan ve Fransa Cumhurba\u015fkan\u0131 Emmanuel Macron&#8217;un d\u00fcn yapt\u0131\u011f\u0131 videokonferans g\u00f6r\u00fc\u015fmesinin ard\u0131ndan iki \u00fclke aras\u0131nda i\u015fbirli\u011fi i\u00e7in \u201cciddi potansiyel\u201d bulundu\u011fu belirtildi. <\/p>\n\n\n\n<p>\u00a0Erdo\u011fan, videkonferans\u0131 ger\u00e7ekle\u015ftirmesinin ard\u0131ndan, iki \u00fclke aras\u0131nda i\u015fbirli\u011fi i\u00e7in \u201cciddi potansiyel\u201d bulundu\u011funu ve g\u00fcvenlik ve di\u011fer konularda iki \u00fclkenin dayan\u0131\u015fma i\u00e7inde hareket etmesini arzu etti\u011fini s\u00f6yledi.<\/p>\n\n\n\n<p>Ankara ve Fransa&#8217;n\u0131n ba\u015fkenti Paris aras\u0131nda Suriye, Libya, Do\u011fu Akdeniz ve di\u011fer konulardaki politikalar\u0131 nedeniyle bir\u00e7ok kez anla\u015fmazl\u0131k ya\u015fanm\u0131\u015ft\u0131. <\/p>\n\n\n\n<p>D\u0131\u015fi\u015fleri Bakan\u0131 Le Drian ayn\u0131 g\u00fcn mecliste yapt\u0131\u011f\u0131 konu\u015fmada g\u00f6r\u00fc\u015fmeye ili\u015fkin olarak &#8220;Art\u0131k daha fazla hakaret olmad\u0131 ve kullan\u0131lan dil daha g\u00fcven vericiydi. \u0130li\u015fkiler k\u0131r\u0131lgan olmaya devam ediyor \u00e7\u00fcnk\u00fc anla\u015fmazl\u0131klar\u0131n listesi hayli uzun. Biz t\u00fcm bunlara ra\u011fmen T\u00fcrkiye ile sa\u011fl\u0131kl\u0131 bir ili\u015fki arzu ediyoruz.&#8221; \u015feklinde konu\u015ftu.<\/p>\n\n\n\n<p>Le Drian, &#8220;T\u00fcrk sondaj gemilerinin Do\u011fu Akdeniz&#8217;deki K\u0131br\u0131s sular\u0131ndan \u00e7\u0131kmas\u0131 ve Ankara&#8217;n\u0131n Yunanistan ile m\u00fczakereleri yeniden ba\u015flatma arzusunu ortaya koymas\u0131 olumlu i\u015faretler. Art\u0131k somut eylemlere ihtiyac\u0131m\u0131z var ki biz de kendimizi o eylemlere g\u00f6re konumland\u0131rabilelim. \u015eimdilik her \u015fey sadece s\u00f6zde.&#8221; dedi.<\/p>\n","protected":false},"excerpt":{"rendered":"<p>Fransa\u00a0D\u0131\u015fi\u015fleri Bakan\u0131 Jean-Yves Le Drian, T\u00fcrkiye&#8217;nin\u00a0Fransa&#8217;ya ve Avrupa Birli\u011fi&#8217;ne (AB) kar\u015f\u0131 s\u00f6ylemlerinin daha g\u00fcven verdi\u011fini ve ancak somut ad\u0131mlar atana kadar ili\u015fkilerin k\u0131r\u0131lgan kalaca\u011f\u0131n\u0131 a\u00e7\u0131klad\u0131. Cumhurba\u015fkan\u0131 Recep Tayyip Erdo\u011fan ve Fransa Cumhurba\u015fkan\u0131 Emmanuel Macron&#8217;un d\u00fcn yapt\u0131\u011f\u0131 videokonferans g\u00f6r\u00fc\u015fmesinin ard\u0131ndan iki \u00fclke aras\u0131nda i\u015fbirli\u011fi i\u00e7in \u201cciddi potansiyel\u201d bulundu\u011fu belirtildi. \u00a0Erdo\u011fan, videkonferans\u0131 ger\u00e7ekle\u015ftirmesinin ard\u0131ndan, iki \u00fclke aras\u0131nda [&hellip;]<\/p>\n","protected":false},"author":12791,"featured_media":107157,"comment_status":"closed","ping_status":"open","sticky":false,"template":"","format":"standard","meta":{"_yoast_wpseo_focuskw":"","_yoast_wpseo_title":"","_yoast_wpseo_metadesc":"","_bbp_topic_count":0,"_bbp_reply_count":0,"_bbp_total_topic_count":0,"_bbp_total_reply_count":0,"_bbp_voice_count":0,"_bbp_anonymous_reply_count":0,"_bbp_topic_count_hidden":0,"_bbp_reply_count_hidden":0,"_bbp_forum_subforum_count":0,"footnotes":"","_yoast_wpseo_focuskw_text_input":""},"categories":[5,1],"tags":[232,328],"yoast_head":"<!-- This site is optimized with the Yoast SEO plugin v23.0 - https:\/\/yoast.com\/wordpress\/plugins\/seo\/ -->\n<title>Fransa, T\u00fcrkiye&#039;den Somut Ad\u0131m Bekliyor - The Epoch Times TR<\/title>\n<meta name=\"robots\" content=\"index, follow, max-snippet:-1, max-image-preview:large, max-video-preview:-1\" \/>\n<link rel=\"canonical\" href=\"https:\/\/epochtimestr.com\/index.php\/fransa-turkiyeden-somut-adim-bekliyor\" \/>\n<meta property=\"og:locale\" content=\"tr_TR\" \/>\n<meta property=\"og:type\" content=\"article\" \/>\n<meta property=\"og:title\" content=\"Fransa, T\u00fcrkiye&#039;den Somut Ad\u0131m Bekliyor - The Epoch Times TR\" \/>\n<meta property=\"og:description\" content=\"Fransa\u00a0D\u0131\u015fi\u015fleri Bakan\u0131 Jean-Yves Le Drian, T\u00fcrkiye&#8217;nin\u00a0Fransa&#8217;ya ve Avrupa Birli\u011fi&#8217;ne (AB) kar\u015f\u0131 s\u00f6ylemlerinin daha g\u00fcven verdi\u011fini ve ancak somut ad\u0131mlar atana kadar ili\u015fkilerin k\u0131r\u0131lgan kalaca\u011f\u0131n\u0131 a\u00e7\u0131klad\u0131. Cumhurba\u015fkan\u0131 Recep Tayyip Erdo\u011fan ve Fransa Cumhurba\u015fkan\u0131 Emmanuel Macron&#8217;un d\u00fcn yapt\u0131\u011f\u0131 videokonferans g\u00f6r\u00fc\u015fmesinin ard\u0131ndan iki \u00fclke aras\u0131nda i\u015fbirli\u011fi i\u00e7in \u201cciddi potansiyel\u201d bulundu\u011fu belirtildi. \u00a0Erdo\u011fan, videkonferans\u0131 ger\u00e7ekle\u015ftirmesinin ard\u0131ndan, iki \u00fclke aras\u0131nda [&hellip;]\" \/>\n<meta property=\"og:url\" content=\"https:\/\/epochtimestr.com\/index.php\/fransa-turkiyeden-somut-adim-bekliyor\" \/>\n<meta property=\"og:site_name\" content=\"The Epoch Times TR\" \/>\n<meta property=\"article:publisher\" content=\"https:\/\/www.facebook.com\/theepochtimestr\" \/>\n<meta property=\"article:published_time\" content=\"2021-03-03T15:00:30+00:00\" \/>\n<meta property=\"article:modified_time\" content=\"2021-03-03T15:00:50+00:00\" \/>\n<meta property=\"og:image\" content=\"https:\/\/epochtimestr.com\/wp-content\/uploads\/2011y\/fransa-3.jpg\" \/>\n\t<meta property=\"og:image:width\" content=\"664\" \/>\n\t<meta property=\"og:image:height\" content=\"354\" \/>\n\t<meta property=\"og:image:type\" content=\"image\/jpeg\" \/>\n<meta name=\"author\" content=\"Haber Merkezi\" \/>\n<meta name=\"twitter:card\" content=\"summary_large_image\" \/>\n<meta name=\"twitter:creator\" content=\"@TheEpochTimesTR\" \/>\n<meta name=\"twitter:site\" content=\"@TheEpochTimesTR\" \/>\n<meta name=\"twitter:label1\" content=\"Yazan:\" \/>\n\t<meta name=\"twitter:data1\" content=\"Haber Merkezi\" \/>\n\t<meta name=\"twitter:label2\" content=\"Tahmini okuma s\u00fcresi\" \/>\n\t<meta name=\"twitter:data2\" content=\"1 dakika\" \/>\n<script type=\"application\/ld+json\" class=\"yoast-schema-graph\">{\"@context\":\"https:\/\/schema.org\",\"@graph\":[{\"@type\":\"Article\",\"@id\":\"https:\/\/epochtimestr.com\/index.php\/fransa-turkiyeden-somut-adim-bekliyor#article\",\"isPartOf\":{\"@id\":\"https:\/\/epochtimestr.com\/index.php\/fransa-turkiyeden-somut-adim-bekliyor\"},\"author\":{\"name\":\"Haber Merkezi\",\"@id\":\"https:\/\/epochtimestr.com\/#\/schema\/person\/3dc5c3adeb9f43923c5aa85889172fdd\"},\"headline\":\"Fransa, T\u00fcrkiye&#8217;den Somut Ad\u0131m Bekliyor\",\"datePublished\":\"2021-03-03T15:00:30+00:00\",\"dateModified\":\"2021-03-03T15:00:50+00:00\",\"mainEntityOfPage\":{\"@id\":\"https:\/\/epochtimestr.com\/index.php\/fransa-turkiyeden-somut-adim-bekliyor\"},\"wordCount\":277,\"publisher\":{\"@id\":\"https:\/\/epochtimestr.com\/#organization\"},\"image\":{\"@id\":\"https:\/\/epochtimestr.com\/index.php\/fransa-turkiyeden-somut-adim-bekliyor#primaryimage\"},\"thumbnailUrl\":\"https:\/\/epochtimestr.com\/wp-content\/uploads\/2011y\/fransa-3.jpg\",\"keywords\":[\"fransa\",\"T\u00fcrkiye\"],\"articleSection\":[\"D\u00dcNYA\",\"G\u00dcNDEM\"],\"inLanguage\":\"tr\"},{\"@type\":\"WebPage\",\"@id\":\"https:\/\/epochtimestr.com\/index.php\/fransa-turkiyeden-somut-adim-bekliyor\",\"url\":\"https:\/\/epochtimestr.com\/index.php\/fransa-turkiyeden-somut-adim-bekliyor\",\"name\":\"Fransa, T\u00fcrkiye'den Somut Ad\u0131m Bekliyor - The Epoch Times TR\",\"isPartOf\":{\"@id\":\"https:\/\/epochtimestr.com\/#website\"},\"primaryImageOfPage\":{\"@id\":\"https:\/\/epochtimestr.com\/index.php\/fransa-turkiyeden-somut-adim-bekliyor#primaryimage\"},\"image\":{\"@id\":\"https:\/\/epochtimestr.com\/index.php\/fransa-turkiyeden-somut-adim-bekliyor#primaryimage\"},\"thumbnailUrl\":\"https:\/\/epochtimestr.com\/wp-content\/uploads\/2011y\/fransa-3.jpg\",\"datePublished\":\"2021-03-03T15:00:30+00:00\",\"dateModified\":\"2021-03-03T15:00:50+00:00\",\"inLanguage\":\"tr\",\"potentialAction\":[{\"@type\":\"ReadAction\",\"target\":[\"https:\/\/epochtimestr.com\/index.php\/fransa-turkiyeden-somut-adim-bekliyor\"]}]},{\"@type\":\"ImageObject\",\"inLanguage\":\"tr\",\"@id\":\"https:\/\/epochtimestr.com\/index.php\/fransa-turkiyeden-somut-adim-bekliyor#primaryimage\",\"url\":\"https:\/\/epochtimestr.com\/wp-content\/uploads\/2011y\/fransa-3.jpg\",\"contentUrl\":\"https:\/\/epochtimestr.com\/wp-content\/uploads\/2011y\/fransa-3.jpg\",\"width\":664,\"height\":354},{\"@type\":\"WebSite\",\"@id\":\"https:\/\/epochtimestr.com\/#website\",\"url\":\"https:\/\/epochtimestr.com\/\",\"name\":\"The Epoch Times TR\",\"description\":\"De\u011fi\u015fen D\u00fcnyam\u0131za Taze Bir Bak\u0131\u015f\",\"publisher\":{\"@id\":\"https:\/\/epochtimestr.com\/#organization\"},\"potentialAction\":[{\"@type\":\"SearchAction\",\"target\":{\"@type\":\"EntryPoint\",\"urlTemplate\":\"https:\/\/epochtimestr.com\/?s={search_term_string}\"},\"query-input\":\"required name=search_term_string\"}],\"inLanguage\":\"tr\"},{\"@type\":\"Organization\",\"@id\":\"https:\/\/epochtimestr.com\/#organization\",\"name\":\"The EpochTimes T\u00fcrkiye\",\"url\":\"https:\/\/epochtimestr.com\/\",\"logo\":{\"@type\":\"ImageObject\",\"inLanguage\":\"tr\",\"@id\":\"https:\/\/epochtimestr.com\/#\/schema\/logo\/image\/\",\"url\":\"https:\/\/epochtimestr.com\/wp-content\/uploads\/2011y\/ET-Logo-YG.jpg\",\"contentUrl\":\"https:\/\/epochtimestr.com\/wp-content\/uploads\/2011y\/ET-Logo-YG.jpg\",\"width\":346,\"height\":29,\"caption\":\"The EpochTimes T\u00fcrkiye\"},\"image\":{\"@id\":\"https:\/\/epochtimestr.com\/#\/schema\/logo\/image\/\"},\"sameAs\":[\"https:\/\/www.facebook.com\/theepochtimestr\",\"https:\/\/x.com\/TheEpochTimesTR\",\"https:\/\/www.instagram.com\/epochtimestr\"]},{\"@type\":\"Person\",\"@id\":\"https:\/\/epochtimestr.com\/#\/schema\/person\/3dc5c3adeb9f43923c5aa85889172fdd\",\"name\":\"Haber Merkezi\",\"image\":{\"@type\":\"ImageObject\",\"inLanguage\":\"tr\",\"@id\":\"https:\/\/epochtimestr.com\/#\/schema\/person\/image\/\",\"url\":\"https:\/\/secure.gravatar.com\/avatar\/d73f772ba5a74f28601361e17c2f93e6?s=96&d=mm&r=g\",\"contentUrl\":\"https:\/\/secure.gravatar.com\/avatar\/d73f772ba5a74f28601361e17c2f93e6?s=96&d=mm&r=g\",\"caption\":\"Haber Merkezi\"},\"url\":\"https:\/\/epochtimestr.com\/index.php\/author\/sendag\"}]}<\/script>\n<!-- \/ Yoast SEO plugin. -->","yoast_head_json":{"title":"Fransa, T\u00fcrkiye'den Somut Ad\u0131m Bekliyor - The Epoch Times TR","robots":{"index":"index","follow":"follow","max-snippet":"max-snippet:-1","max-image-preview":"max-image-preview:large","max-video-preview":"max-video-preview:-1"},"canonical":"https:\/\/epochtimestr.com\/index.php\/fransa-turkiyeden-somut-adim-bekliyor","og_locale":"tr_TR","og_type":"article","og_title":"Fransa, T\u00fcrkiye'den Somut Ad\u0131m Bekliyor - The Epoch Times TR","og_description":"Fransa\u00a0D\u0131\u015fi\u015fleri Bakan\u0131 Jean-Yves Le Drian, T\u00fcrkiye&#8217;nin\u00a0Fransa&#8217;ya ve Avrupa Birli\u011fi&#8217;ne (AB) kar\u015f\u0131 s\u00f6ylemlerinin daha g\u00fcven verdi\u011fini ve ancak somut ad\u0131mlar atana kadar ili\u015fkilerin k\u0131r\u0131lgan kalaca\u011f\u0131n\u0131 a\u00e7\u0131klad\u0131. Cumhurba\u015fkan\u0131 Recep Tayyip Erdo\u011fan ve Fransa Cumhurba\u015fkan\u0131 Emmanuel Macron&#8217;un d\u00fcn yapt\u0131\u011f\u0131 videokonferans g\u00f6r\u00fc\u015fmesinin ard\u0131ndan iki \u00fclke aras\u0131nda i\u015fbirli\u011fi i\u00e7in \u201cciddi potansiyel\u201d bulundu\u011fu belirtildi. \u00a0Erdo\u011fan, videkonferans\u0131 ger\u00e7ekle\u015ftirmesinin ard\u0131ndan, iki \u00fclke aras\u0131nda [&hellip;]","og_url":"https:\/\/epochtimestr.com\/index.php\/fransa-turkiyeden-somut-adim-bekliyor","og_site_name":"The Epoch Times TR","article_publisher":"https:\/\/www.facebook.com\/theepochtimestr","article_published_time":"2021-03-03T15:00:30+00:00","article_modified_time":"2021-03-03T15:00:50+00:00","og_image":[{"width":664,"height":354,"url":"https:\/\/epochtimestr.com\/wp-content\/uploads\/2011y\/fransa-3.jpg","type":"image\/jpeg"}],"author":"Haber Merkezi","twitter_card":"summary_large_image","twitter_creator":"@TheEpochTimesTR","twitter_site":"@TheEpochTimesTR","twitter_misc":{"Yazan:":"Haber Merkezi","Tahmini okuma s\u00fcresi":"1 dakika"},"schema":{"@context":"https:\/\/schema.org","@graph":[{"@type":"Article","@id":"https:\/\/epochtimestr.com\/index.php\/fransa-turkiyeden-somut-adim-bekliyor#article","isPartOf":{"@id":"https:\/\/epochtimestr.com\/index.php\/fransa-turkiyeden-somut-adim-bekliyor"},"author":{"name":"Haber Merkezi","@id":"https:\/\/epochtimestr.com\/#\/schema\/person\/3dc5c3adeb9f43923c5aa85889172fdd"},"headline":"Fransa, T\u00fcrkiye&#8217;den Somut Ad\u0131m Bekliyor","datePublished":"2021-03-03T15:00:30+00:00","dateModified":"2021-03-03T15:00:50+00:00","mainEntityOfPage":{"@id":"https:\/\/epochtimestr.com\/index.php\/fransa-turkiyeden-somut-adim-bekliyor"},"wordCount":277,"publisher":{"@id":"https:\/\/epochtimestr.com\/#organization"},"image":{"@id":"https:\/\/epochtimestr.com\/index.php\/fransa-turkiyeden-somut-adim-bekliyor#primaryimage"},"thumbnailUrl":"https:\/\/epochtimestr.com\/wp-content\/uploads\/2011y\/fransa-3.jpg","keywords":["fransa","T\u00fcrkiye"],"articleSection":["D\u00dcNYA","G\u00dcNDEM"],"inLanguage":"tr"},{"@type":"WebPage","@id":"https:\/\/epochtimestr.com\/index.php\/fransa-turkiyeden-somut-adim-bekliyor","url":"https:\/\/epochtimestr.com\/index.php\/fransa-turkiyeden-somut-adim-bekliyor","name":"Fransa, T\u00fcrkiye'den Somut Ad\u0131m Bekliyor - The Epoch Times TR","isPartOf":{"@id":"https:\/\/epochtimestr.com\/#website"},"primaryImageOfPage":{"@id":"https:\/\/epochtimestr.com\/index.php\/fransa-turkiyeden-somut-adim-bekliyor#primaryimage"},"image":{"@id":"https:\/\/epochtimestr.com\/index.php\/fransa-turkiyeden-somut-adim-bekliyor#primaryimage"},"thumbnailUrl":"https:\/\/epochtimestr.com\/wp-content\/uploads\/2011y\/fransa-3.jpg","datePublished":"2021-03-03T15:00:30+00:00","dateModified":"2021-03-03T15:00:50+00:00","inLanguage":"tr","potentialAction":[{"@type":"ReadAction","target":["https:\/\/epochtimestr.com\/index.php\/fransa-turkiyeden-somut-adim-bekliyor"]}]},{"@type":"ImageObject","inLanguage":"tr","@id":"https:\/\/epochtimestr.com\/index.php\/fransa-turkiyeden-somut-adim-bekliyor#primaryimage","url":"https:\/\/epochtimestr.com\/wp-content\/uploads\/2011y\/fransa-3.jpg","contentUrl":"https:\/\/epochtimestr.com\/wp-content\/uploads\/2011y\/fransa-3.jpg","width":664,"height":354},{"@type":"WebSite","@id":"https:\/\/epochtimestr.com\/#website","url":"https:\/\/epochtimestr.com\/","name":"The Epoch Times TR","description":"De\u011fi\u015fen D\u00fcnyam\u0131za Taze Bir Bak\u0131\u015f","publisher":{"@id":"https:\/\/epochtimestr.com\/#organization"},"potentialAction":[{"@type":"SearchAction","target":{"@type":"EntryPoint","urlTemplate":"https:\/\/epochtimestr.com\/?s={search_term_string}"},"query-input":"required name=search_term_string"}],"inLanguage":"tr"},{"@type":"Organization","@id":"https:\/\/epochtimestr.com\/#organization","name":"The EpochTimes T\u00fcrkiye","url":"https:\/\/epochtimestr.com\/","logo":{"@type":"ImageObject","inLanguage":"tr","@id":"https:\/\/epochtimestr.com\/#\/schema\/logo\/image\/","url":"https:\/\/epochtimestr.com\/wp-content\/uploads\/2011y\/ET-Logo-YG.jpg","contentUrl":"https:\/\/epochtimestr.com\/wp-content\/uploads\/2011y\/ET-Logo-YG.jpg","width":346,"height":29,"caption":"The EpochTimes T\u00fcrkiye"},"image":{"@id":"https:\/\/epochtimestr.com\/#\/schema\/logo\/image\/"},"sameAs":["https:\/\/www.facebook.com\/theepochtimestr","https:\/\/x.com\/TheEpochTimesTR","https:\/\/www.instagram.com\/epochtimestr"]},{"@type":"Person","@id":"https:\/\/epochtimestr.com\/#\/schema\/person\/3dc5c3adeb9f43923c5aa85889172fdd","name":"Haber Merkezi","image":{"@type":"ImageObject","inLanguage":"tr","@id":"https:\/\/epochtimestr.com\/#\/schema\/person\/image\/","url":"https:\/\/secure.gravatar.com\/avatar\/d73f772ba5a74f28601361e17c2f93e6?s=96&d=mm&r=g","contentUrl":"https:\/\/secure.gravatar.com\/avatar\/d73f772ba5a74f28601361e17c2f93e6?s=96&d=mm&r=g","caption":"Haber Merkezi"},"url":"https:\/\/epochtimestr.com\/index.php\/author\/sendag"}]}},"_links":{"self":[{"href":"https:\/\/epochtimestr.com\/index.php\/wp-json\/wp\/v2\/posts\/133643"}],"collection":[{"href":"https:\/\/epochtimestr.com\/index.php\/wp-json\/wp\/v2\/posts"}],"about":[{"href":"https:\/\/epochtimestr.com\/index.php\/wp-json\/wp\/v2\/types\/post"}],"author":[{"embeddable":true,"href":"https:\/\/epochtimestr.com\/index.php\/wp-json\/wp\/v2\/users\/12791"}],"replies":[{"embeddable":true,"href":"https:\/\/epochtimestr.com\/index.php\/wp-json\/wp\/v2\/comments?post=133643"}],"version-history":[{"count":1,"href":"https:\/\/epochtimestr.com\/index.php\/wp-json\/wp\/v2\/posts\/133643\/revisions"}],"predecessor-version":[{"id":133644,"href":"https:\/\/epochtimestr.com\/index.php\/wp-json\/wp\/v2\/posts\/133643\/revisions\/133644"}],"wp:featuredmedia":[{"embeddable":true,"href":"https:\/\/epochtimestr.com\/index.php\/wp-json\/wp\/v2\/media\/107157"}],"wp:attachment":[{"href":"https:\/\/epochtimestr.com\/index.php\/wp-json\/wp\/v2\/media?parent=133643"}],"wp:term":[{"taxonomy":"category","embeddable":true,"href":"https:\/\/epochtimestr.com\/index.php\/wp-json\/wp\/v2\/categories?post=133643"},{"taxonomy":"post_tag","embeddable":true,"href":"https:\/\/epochtimestr.com\/index.php\/wp-json\/wp\/v2\/tags?post=133643"}],"curies":[{"name":"wp","href":"https:\/\/api.w.org\/{rel}","templated":true}]}}