{"id":133654,"date":"2021-03-05T14:48:59","date_gmt":"2021-03-05T11:48:59","guid":{"rendered":"http:\/\/epochtimestr.com\/?p=133654"},"modified":"2021-03-05T14:49:01","modified_gmt":"2021-03-05T11:49:01","slug":"trump-abd-yuksek-mahkemesinin-vergi-beyannamesi-kararini-yanitladi","status":"publish","type":"post","link":"https:\/\/epochtimestr.com\/index.php\/trump-abd-yuksek-mahkemesinin-vergi-beyannamesi-kararini-yanitladi","title":{"rendered":"Trump, ABD Y\u00fcksek Mahkemesinin Vergi Beyannamesi Karar\u0131n\u0131 Yan\u0131tlad\u0131"},"content":{"rendered":"\n<figure class=\"wp-block-gallery aligncenter columns-1 is-cropped\"><ul class=\"blocks-gallery-grid\"><li class=\"blocks-gallery-item\"><figure><img loading=\"lazy\" decoding=\"async\" width=\"600\" height=\"304\" src=\"https:\/\/epochtimestr.com\/wp-content\/uploads\/2011y\/trump-et-600x304.jpg\" alt=\"\" data-id=\"133677\" data-full-url=\"https:\/\/epochtimestr.com\/wp-content\/uploads\/2011y\/trump-et.jpg\" data-link=\"https:\/\/epochtimestr.com\/?attachment_id=133677\" class=\"wp-image-133677\" srcset=\"https:\/\/epochtimestr.com\/wp-content\/uploads\/2011y\/trump-et-600x304.jpg 600w, https:\/\/epochtimestr.com\/wp-content\/uploads\/2011y\/trump-et-300x152.jpg 300w, https:\/\/epochtimestr.com\/wp-content\/uploads\/2011y\/trump-et-150x76.jpg 150w, https:\/\/epochtimestr.com\/wp-content\/uploads\/2011y\/trump-et.jpg 651w\" sizes=\"(max-width: 600px) 100vw, 600px\" \/><\/figure><\/li><\/ul><\/figure>\n\n\n\n<p><strong>Eski ABD Ba\u015fkan\u0131 Donald Trump art\u0131k g\u00f6revde olmasa da, man\u015fetlere konu olmaya devam ediyor. Y\u00fcksek Mahkeme, Trump&#8217;\u0131n gelir vergisi dosyalar\u0131n\u0131n incelenmesine karar verdi. Trump, bu kararda Demokratlar\u0131n ve g\u00f6revdeki Demokratik Belediye Ba\u015fkan\u0131n\u0131n parma\u011f\u0131 oldu\u011funu ve kendisini ala\u015fa\u011f\u0131 etmek i\u00e7in kurulmu\u015f bir kumpas oldu\u011funu vurguluyor.<\/strong><\/p>\n\n\n\n<p>Trump, ABD Y\u00fcksek Mahkemesi&#8217;nin Manhattan eyalet savc\u0131s\u0131na vergi dosyalar\u0131n\u0131 incelemesine izin verme karar\u0131 a\u00e7\u0131kland\u0131ktan sonra, buna yaz\u0131l\u0131 bir cevap verdi. Trump&#8217;a g\u00f6re bu, kendisine kar\u015f\u0131 yap\u0131lan &#8220;cad\u0131 av\u0131&#8221;n\u0131n devam\u0131yd\u0131.<\/p>\n\n\n\n<p>Daha \u00f6nce, Trump&#8217;\u0131n eski muhasebe firmas\u0131 Mazars USA, Trump&#8217;\u0131n vergi ve mali belgelerini bir j\u00fcriye teslim etmesi i\u00e7in mahkeme celbi alm\u0131\u015ft\u0131. Mahkeme celbi, bir Demokrat olan Manhattan B\u00f6lge Savc\u0131s\u0131 Cyrus Vance taraf\u0131ndan talep edildi.<\/p>\n\n\n\n<p>Bu konu ile ilgili Trump&#8217;\u0131n e-posta yoluyla g\u00f6nderdi\u011fi a\u00e7\u0131klaman\u0131n tamam\u0131 a\u015fa\u011f\u0131dad\u0131r:<\/p>\n\n\n\n<p>&#8220;Bu soru\u015fturma, \u00fclkemiz tarihindeki en b\u00fcy\u00fck siyasi cad\u0131 av\u0131n\u0131n devam\u0131 niteli\u011findedir. Hakk\u0131mda ara\u015ft\u0131r\u0131labilecek her \u015fey ara\u015ft\u0131r\u0131ld\u0131. Bana at\u0131lan bir\u00e7ok iftira var, mesela 32 milyon dolarl\u0131k Mueller aldatmacas\u0131 meselesi gibi. Sonra\u00a0&#8220;Rusya Rusya Rusya&#8221; dediler ve\u00a0&#8220;gizli bir anla\u015fma oldu\u011funu&#8221; iddia ettiler. Ayr\u0131ca, &#8220;\u00c7\u0131lg\u0131n Nancy&#8221;nin beni 2 kez g\u00f6revden azletmek i\u00e7in, \u00f6n ayak oldu\u011fu giri\u015fimler. Ben bu iftiralar\u0131n hepsinden akland\u0131m ve su\u00e7suz oldu\u011fum ortada.<\/p>\n\n\n\n<p>\u0130ki y\u0131ldan fazla bir s\u00fcredir, New York \u015fehri neredeyse t\u00fcm i\u015flemlerimi inceliyor. Amerika Birle\u015fik Devletleri&#8217;ndeki en b\u00fcy\u00fck ve en sayg\u0131n hukuk ve muhasebe firmalar\u0131ndan biri taraf\u0131ndan haz\u0131rlanan vergi beyannamelerimin kontrol edilmesi de dahil. \u00c7ay Partisi [bir ABD protesto hareketi], benden \u00e7ok daha iyi muamele g\u00f6rd\u00fc, IRS [Amerika Birle\u015fik Devletleri Federal Vergi Servisi], onlara \u00e7ok daha iyi davrand\u0131.<\/p>\n\n\n\n<p>Yarg\u0131tay, ba\u015flat\u0131lan bu &#8220;bal\u0131k tutma gezisine&#8221; [soru\u015fturma i\u00e7in a\u015fa\u011f\u0131lay\u0131c\u0131 bir terim] asla izin vermemeliydi, fakat onlar buna g\u00f6z yumdu. Bu, benden \u00f6nce hi\u00e7bir ba\u015fkana reva g\u00f6r\u00fclmeyen bir durumdur. Her \u015fey Demokratlar taraf\u0131ndan, tamamen demokratik bir yerde, tamamen belgelenmi\u015f bir d\u00fc\u015fman\u0131m olan Vali Andrew Cuomo taraf\u0131ndan kontrol edilen ve y\u00f6netilen New York \u015fehri ve eyaleti taraf\u0131ndan ba\u015flat\u0131ld\u0131.<\/p>\n\n\n\n<p>Bunlar, se\u00e7imlerde bana oy veren yakla\u015f\u0131k 75 milyon (\u015fimdiye kadar g\u00f6revdeki herhangi bir ba\u015fkan\u0131n ald\u0131\u011f\u0131 en fazla oy) insan\u0131 durdurmak i\u00e7in, ne gerekiyorsa yapmaya istekli olan Demokratlar\u0131n sald\u0131r\u0131s\u0131d\u0131r. Bir\u00e7ok uzman\u0131n ve bilirki\u015finin kazand\u0131\u011f\u0131m\u0131 d\u00fc\u015f\u00fcnd\u00fc\u011f\u00fc bir se\u00e7ime. Ben de bu konuda hemfikirim!<\/p>\n\n\n\n<p>Hukuku bir silah olarak kullanarak siyasi muhalifleri alt etmeye \u00e7al\u0131\u015fan savc\u0131lar ve ba\u015fsavc\u0131lar, farkl\u0131 bir &#8220;kelle av\u0131&#8221; ba\u015flatt\u0131lar ve bu \u00f6zg\u00fcrl\u00fc\u011f\u00fcm\u00fcz\u00fcn temelini tehdit ediyor. B\u00f6yle \u015feylerin \u00fc\u00e7\u00fcnc\u00fc d\u00fcnya \u00fclkelerinde oldu\u011funu bilirdik. Daha da k\u00f6t\u00fcs\u00fc bu, a\u015f\u0131r\u0131 sol eyaletlerde g\u00f6r\u00fclmekte. Burada hukuk sistemimize dahil olmak isteyen ve savc\u0131l\u0131k veya ba\u015fsavc\u0131l\u0131k i\u00e7in aday olanlar\u0131n, siyasi bir rakibi gerekti\u011finde ala\u015fa\u011f\u0131 etme s\u00f6z\u00fc verenlerden se\u00e7ildi\u011fini g\u00f6r\u00fcyoruz. Bunun adalet ile alakas\u0131 yok, bunun ad\u0131 fa\u015fizm &#8211; ve beni de tam olarak b\u00f6yle devre d\u0131\u015f\u0131 b\u0131rakmaya \u00e7al\u0131\u015f\u0131yorlar, fakat bizim halk\u0131m\u0131z bunu kabullenmeyecektir.<\/p>\n\n\n\n<p>Son zamanlarda ayr\u0131ca, New York \u015eehri&#8217;ndeki cinayetler ve \u015fiddet i\u00e7eren su\u00e7larda da yo\u011fun bir art\u0131\u015f var ve bu konuda hi\u00e7bir \u015fey yap\u0131lm\u0131yor. Se\u00e7ilmi\u015f yetkililerimiz umursam\u0131yor. Odakland\u0131klar\u0131 tek \u015fey, Ba\u015fkan Donald J. Trump&#8217;a zulmetmek.<\/p>\n\n\n\n<p>Bana kar\u015f\u0131 i\u015flenmi\u015f t\u00fcm se\u00e7im su\u00e7lar\u0131na ra\u011fmen son be\u015f y\u0131ld\u0131r (ba\u015far\u0131l\u0131 bir \u015fekilde se\u00e7ilmemden \u00f6nce bile) yapt\u0131\u011f\u0131m gibi sava\u015fmaya devam edece\u011fim. Biz kazanaca\u011f\u0131z!&#8221;<\/p>\n\n\n\n<p>* <em>Orijinal makale The Epoch Times ABD&#8217;de Jack Phillips taraf\u0131ndan yay\u0131nlanm\u0131\u015ft\u0131r, Almanca&#8217;dan \u00e7evrilmi\u015ftir.<\/em><\/p>\n\n\n\n<p><em>\u00c7eviren: Evren Durmaz, Epoch Times T\u00fcrkiye<\/em><\/p>\n","protected":false},"excerpt":{"rendered":"<p>Eski ABD Ba\u015fkan\u0131 Donald Trump art\u0131k g\u00f6revde olmasa da, man\u015fetlere konu olmaya devam ediyor. Y\u00fcksek Mahkeme, Trump&#8217;\u0131n gelir vergisi dosyalar\u0131n\u0131n incelenmesine karar verdi. Trump, bu kararda Demokratlar\u0131n ve g\u00f6revdeki Demokratik Belediye Ba\u015fkan\u0131n\u0131n parma\u011f\u0131 oldu\u011funu ve kendisini ala\u015fa\u011f\u0131 etmek i\u00e7in kurulmu\u015f bir kumpas oldu\u011funu vurguluyor. Trump, ABD Y\u00fcksek Mahkemesi&#8217;nin Manhattan eyalet savc\u0131s\u0131na vergi dosyalar\u0131n\u0131 incelemesine izin [&hellip;]<\/p>\n","protected":false},"author":2500,"featured_media":133678,"comment_status":"closed","ping_status":"open","sticky":false,"template":"","format":"standard","meta":{"_yoast_wpseo_focuskw":"","_yoast_wpseo_title":"","_yoast_wpseo_metadesc":"","_bbp_topic_count":0,"_bbp_reply_count":0,"_bbp_total_topic_count":0,"_bbp_total_reply_count":0,"_bbp_voice_count":0,"_bbp_anonymous_reply_count":0,"_bbp_topic_count_hidden":0,"_bbp_reply_count_hidden":0,"_bbp_forum_subforum_count":0,"footnotes":"","_yoast_wpseo_focuskw_text_input":""},"categories":[5,519,1],"tags":[1101,2240,4626,1382,5764],"yoast_head":"<!-- This site is optimized with the Yoast SEO plugin v23.0 - https:\/\/yoast.com\/wordpress\/plugins\/seo\/ -->\n<title>Trump, ABD Y\u00fcksek Mahkemesinin Vergi Beyannamesi Karar\u0131n\u0131 Yan\u0131tlad\u0131 - The Epoch Times TR<\/title>\n<meta name=\"robots\" content=\"index, follow, max-snippet:-1, max-image-preview:large, max-video-preview:-1\" \/>\n<link rel=\"canonical\" href=\"https:\/\/epochtimestr.com\/index.php\/trump-abd-yuksek-mahkemesinin-vergi-beyannamesi-kararini-yanitladi\" \/>\n<meta property=\"og:locale\" content=\"tr_TR\" \/>\n<meta property=\"og:type\" content=\"article\" \/>\n<meta property=\"og:title\" content=\"Trump, ABD Y\u00fcksek Mahkemesinin Vergi Beyannamesi Karar\u0131n\u0131 Yan\u0131tlad\u0131 - The Epoch Times TR\" \/>\n<meta property=\"og:description\" content=\"Eski ABD Ba\u015fkan\u0131 Donald Trump art\u0131k g\u00f6revde olmasa da, man\u015fetlere konu olmaya devam ediyor. Y\u00fcksek Mahkeme, Trump&#8217;\u0131n gelir vergisi dosyalar\u0131n\u0131n incelenmesine karar verdi. Trump, bu kararda Demokratlar\u0131n ve g\u00f6revdeki Demokratik Belediye Ba\u015fkan\u0131n\u0131n parma\u011f\u0131 oldu\u011funu ve kendisini ala\u015fa\u011f\u0131 etmek i\u00e7in kurulmu\u015f bir kumpas oldu\u011funu vurguluyor. Trump, ABD Y\u00fcksek Mahkemesi&#8217;nin Manhattan eyalet savc\u0131s\u0131na vergi dosyalar\u0131n\u0131 incelemesine izin [&hellip;]\" \/>\n<meta property=\"og:url\" content=\"https:\/\/epochtimestr.com\/index.php\/trump-abd-yuksek-mahkemesinin-vergi-beyannamesi-kararini-yanitladi\" \/>\n<meta property=\"og:site_name\" content=\"The Epoch Times TR\" \/>\n<meta property=\"article:publisher\" content=\"https:\/\/www.facebook.com\/theepochtimestr\" \/>\n<meta property=\"article:published_time\" content=\"2021-03-05T11:48:59+00:00\" \/>\n<meta property=\"article:modified_time\" content=\"2021-03-05T11:49:01+00:00\" \/>\n<meta property=\"og:image\" content=\"https:\/\/epochtimestr.com\/wp-content\/uploads\/2011y\/trump-et.jpg\" \/>\n\t<meta property=\"og:image:width\" content=\"651\" \/>\n\t<meta property=\"og:image:height\" content=\"330\" \/>\n\t<meta property=\"og:image:type\" content=\"image\/jpeg\" \/>\n<meta name=\"author\" content=\"Evren Durmaz\" \/>\n<meta name=\"twitter:card\" content=\"summary_large_image\" \/>\n<meta name=\"twitter:creator\" content=\"@TheEpochTimesTR\" \/>\n<meta name=\"twitter:site\" content=\"@TheEpochTimesTR\" \/>\n<meta name=\"twitter:label1\" content=\"Yazan:\" \/>\n\t<meta name=\"twitter:data1\" content=\"Evren Durmaz\" \/>\n\t<meta name=\"twitter:label2\" content=\"Tahmini okuma s\u00fcresi\" \/>\n\t<meta name=\"twitter:data2\" content=\"3 dakika\" \/>\n<script type=\"application\/ld+json\" class=\"yoast-schema-graph\">{\"@context\":\"https:\/\/schema.org\",\"@graph\":[{\"@type\":\"Article\",\"@id\":\"https:\/\/epochtimestr.com\/index.php\/trump-abd-yuksek-mahkemesinin-vergi-beyannamesi-kararini-yanitladi#article\",\"isPartOf\":{\"@id\":\"https:\/\/epochtimestr.com\/index.php\/trump-abd-yuksek-mahkemesinin-vergi-beyannamesi-kararini-yanitladi\"},\"author\":{\"name\":\"Evren Durmaz\",\"@id\":\"https:\/\/epochtimestr.com\/#\/schema\/person\/29464d85d2980e22f2e37bc9adcfb0a2\"},\"headline\":\"Trump, ABD Y\u00fcksek Mahkemesinin Vergi Beyannamesi Karar\u0131n\u0131 Yan\u0131tlad\u0131\",\"datePublished\":\"2021-03-05T11:48:59+00:00\",\"dateModified\":\"2021-03-05T11:49:01+00:00\",\"mainEntityOfPage\":{\"@id\":\"https:\/\/epochtimestr.com\/index.php\/trump-abd-yuksek-mahkemesinin-vergi-beyannamesi-kararini-yanitladi\"},\"wordCount\":699,\"publisher\":{\"@id\":\"https:\/\/epochtimestr.com\/#organization\"},\"image\":{\"@id\":\"https:\/\/epochtimestr.com\/index.php\/trump-abd-yuksek-mahkemesinin-vergi-beyannamesi-kararini-yanitladi#primaryimage\"},\"thumbnailUrl\":\"https:\/\/epochtimestr.com\/wp-content\/uploads\/2011y\/trump-et.jpg\",\"keywords\":[\"Amerika\",\"Demokrat parti\",\"Donald Trump\",\"new york\",\"Trump\"],\"articleSection\":[\"D\u00dcNYA\",\"ED\u0130T\u00d6R\u00dcN SE\u00c7\u0130M\u0130\",\"G\u00dcNDEM\"],\"inLanguage\":\"tr\"},{\"@type\":\"WebPage\",\"@id\":\"https:\/\/epochtimestr.com\/index.php\/trump-abd-yuksek-mahkemesinin-vergi-beyannamesi-kararini-yanitladi\",\"url\":\"https:\/\/epochtimestr.com\/index.php\/trump-abd-yuksek-mahkemesinin-vergi-beyannamesi-kararini-yanitladi\",\"name\":\"Trump, ABD Y\u00fcksek Mahkemesinin Vergi Beyannamesi Karar\u0131n\u0131 Yan\u0131tlad\u0131 - The Epoch Times TR\",\"isPartOf\":{\"@id\":\"https:\/\/epochtimestr.com\/#website\"},\"primaryImageOfPage\":{\"@id\":\"https:\/\/epochtimestr.com\/index.php\/trump-abd-yuksek-mahkemesinin-vergi-beyannamesi-kararini-yanitladi#primaryimage\"},\"image\":{\"@id\":\"https:\/\/epochtimestr.com\/index.php\/trump-abd-yuksek-mahkemesinin-vergi-beyannamesi-kararini-yanitladi#primaryimage\"},\"thumbnailUrl\":\"https:\/\/epochtimestr.com\/wp-content\/uploads\/2011y\/trump-et.jpg\",\"datePublished\":\"2021-03-05T11:48:59+00:00\",\"dateModified\":\"2021-03-05T11:49:01+00:00\",\"inLanguage\":\"tr\",\"potentialAction\":[{\"@type\":\"ReadAction\",\"target\":[\"https:\/\/epochtimestr.com\/index.php\/trump-abd-yuksek-mahkemesinin-vergi-beyannamesi-kararini-yanitladi\"]}]},{\"@type\":\"ImageObject\",\"inLanguage\":\"tr\",\"@id\":\"https:\/\/epochtimestr.com\/index.php\/trump-abd-yuksek-mahkemesinin-vergi-beyannamesi-kararini-yanitladi#primaryimage\",\"url\":\"https:\/\/epochtimestr.com\/wp-content\/uploads\/2011y\/trump-et.jpg\",\"contentUrl\":\"https:\/\/epochtimestr.com\/wp-content\/uploads\/2011y\/trump-et.jpg\",\"width\":651,\"height\":330},{\"@type\":\"WebSite\",\"@id\":\"https:\/\/epochtimestr.com\/#website\",\"url\":\"https:\/\/epochtimestr.com\/\",\"name\":\"The Epoch Times TR\",\"description\":\"De\u011fi\u015fen D\u00fcnyam\u0131za Taze Bir Bak\u0131\u015f\",\"publisher\":{\"@id\":\"https:\/\/epochtimestr.com\/#organization\"},\"potentialAction\":[{\"@type\":\"SearchAction\",\"target\":{\"@type\":\"EntryPoint\",\"urlTemplate\":\"https:\/\/epochtimestr.com\/?s={search_term_string}\"},\"query-input\":\"required name=search_term_string\"}],\"inLanguage\":\"tr\"},{\"@type\":\"Organization\",\"@id\":\"https:\/\/epochtimestr.com\/#organization\",\"name\":\"The EpochTimes T\u00fcrkiye\",\"url\":\"https:\/\/epochtimestr.com\/\",\"logo\":{\"@type\":\"ImageObject\",\"inLanguage\":\"tr\",\"@id\":\"https:\/\/epochtimestr.com\/#\/schema\/logo\/image\/\",\"url\":\"https:\/\/epochtimestr.com\/wp-content\/uploads\/2011y\/ET-Logo-YG.jpg\",\"contentUrl\":\"https:\/\/epochtimestr.com\/wp-content\/uploads\/2011y\/ET-Logo-YG.jpg\",\"width\":346,\"height\":29,\"caption\":\"The EpochTimes T\u00fcrkiye\"},\"image\":{\"@id\":\"https:\/\/epochtimestr.com\/#\/schema\/logo\/image\/\"},\"sameAs\":[\"https:\/\/www.facebook.com\/theepochtimestr\",\"https:\/\/x.com\/TheEpochTimesTR\",\"https:\/\/www.instagram.com\/epochtimestr\"]},{\"@type\":\"Person\",\"@id\":\"https:\/\/epochtimestr.com\/#\/schema\/person\/29464d85d2980e22f2e37bc9adcfb0a2\",\"name\":\"Evren Durmaz\",\"image\":{\"@type\":\"ImageObject\",\"inLanguage\":\"tr\",\"@id\":\"https:\/\/epochtimestr.com\/#\/schema\/person\/image\/\",\"url\":\"https:\/\/secure.gravatar.com\/avatar\/503980a9fab198d7bb655c448172ca6a?s=96&d=mm&r=g\",\"contentUrl\":\"https:\/\/secure.gravatar.com\/avatar\/503980a9fab198d7bb655c448172ca6a?s=96&d=mm&r=g\",\"caption\":\"Evren Durmaz\"},\"url\":\"https:\/\/epochtimestr.com\/index.php\/author\/evren-durmaz\"}]}<\/script>\n<!-- \/ Yoast SEO plugin. -->","yoast_head_json":{"title":"Trump, ABD Y\u00fcksek Mahkemesinin Vergi Beyannamesi Karar\u0131n\u0131 Yan\u0131tlad\u0131 - The Epoch Times TR","robots":{"index":"index","follow":"follow","max-snippet":"max-snippet:-1","max-image-preview":"max-image-preview:large","max-video-preview":"max-video-preview:-1"},"canonical":"https:\/\/epochtimestr.com\/index.php\/trump-abd-yuksek-mahkemesinin-vergi-beyannamesi-kararini-yanitladi","og_locale":"tr_TR","og_type":"article","og_title":"Trump, ABD Y\u00fcksek Mahkemesinin Vergi Beyannamesi Karar\u0131n\u0131 Yan\u0131tlad\u0131 - The Epoch Times TR","og_description":"Eski ABD Ba\u015fkan\u0131 Donald Trump art\u0131k g\u00f6revde olmasa da, man\u015fetlere konu olmaya devam ediyor. Y\u00fcksek Mahkeme, Trump&#8217;\u0131n gelir vergisi dosyalar\u0131n\u0131n incelenmesine karar verdi. Trump, bu kararda Demokratlar\u0131n ve g\u00f6revdeki Demokratik Belediye Ba\u015fkan\u0131n\u0131n parma\u011f\u0131 oldu\u011funu ve kendisini ala\u015fa\u011f\u0131 etmek i\u00e7in kurulmu\u015f bir kumpas oldu\u011funu vurguluyor. Trump, ABD Y\u00fcksek Mahkemesi&#8217;nin Manhattan eyalet savc\u0131s\u0131na vergi dosyalar\u0131n\u0131 incelemesine izin [&hellip;]","og_url":"https:\/\/epochtimestr.com\/index.php\/trump-abd-yuksek-mahkemesinin-vergi-beyannamesi-kararini-yanitladi","og_site_name":"The Epoch Times TR","article_publisher":"https:\/\/www.facebook.com\/theepochtimestr","article_published_time":"2021-03-05T11:48:59+00:00","article_modified_time":"2021-03-05T11:49:01+00:00","og_image":[{"width":651,"height":330,"url":"https:\/\/epochtimestr.com\/wp-content\/uploads\/2011y\/trump-et.jpg","type":"image\/jpeg"}],"author":"Evren Durmaz","twitter_card":"summary_large_image","twitter_creator":"@TheEpochTimesTR","twitter_site":"@TheEpochTimesTR","twitter_misc":{"Yazan:":"Evren Durmaz","Tahmini okuma s\u00fcresi":"3 dakika"},"schema":{"@context":"https:\/\/schema.org","@graph":[{"@type":"Article","@id":"https:\/\/epochtimestr.com\/index.php\/trump-abd-yuksek-mahkemesinin-vergi-beyannamesi-kararini-yanitladi#article","isPartOf":{"@id":"https:\/\/epochtimestr.com\/index.php\/trump-abd-yuksek-mahkemesinin-vergi-beyannamesi-kararini-yanitladi"},"author":{"name":"Evren Durmaz","@id":"https:\/\/epochtimestr.com\/#\/schema\/person\/29464d85d2980e22f2e37bc9adcfb0a2"},"headline":"Trump, ABD Y\u00fcksek Mahkemesinin Vergi Beyannamesi Karar\u0131n\u0131 Yan\u0131tlad\u0131","datePublished":"2021-03-05T11:48:59+00:00","dateModified":"2021-03-05T11:49:01+00:00","mainEntityOfPage":{"@id":"https:\/\/epochtimestr.com\/index.php\/trump-abd-yuksek-mahkemesinin-vergi-beyannamesi-kararini-yanitladi"},"wordCount":699,"publisher":{"@id":"https:\/\/epochtimestr.com\/#organization"},"image":{"@id":"https:\/\/epochtimestr.com\/index.php\/trump-abd-yuksek-mahkemesinin-vergi-beyannamesi-kararini-yanitladi#primaryimage"},"thumbnailUrl":"https:\/\/epochtimestr.com\/wp-content\/uploads\/2011y\/trump-et.jpg","keywords":["Amerika","Demokrat parti","Donald Trump","new york","Trump"],"articleSection":["D\u00dcNYA","ED\u0130T\u00d6R\u00dcN SE\u00c7\u0130M\u0130","G\u00dcNDEM"],"inLanguage":"tr"},{"@type":"WebPage","@id":"https:\/\/epochtimestr.com\/index.php\/trump-abd-yuksek-mahkemesinin-vergi-beyannamesi-kararini-yanitladi","url":"https:\/\/epochtimestr.com\/index.php\/trump-abd-yuksek-mahkemesinin-vergi-beyannamesi-kararini-yanitladi","name":"Trump, ABD Y\u00fcksek Mahkemesinin Vergi Beyannamesi Karar\u0131n\u0131 Yan\u0131tlad\u0131 - The Epoch Times TR","isPartOf":{"@id":"https:\/\/epochtimestr.com\/#website"},"primaryImageOfPage":{"@id":"https:\/\/epochtimestr.com\/index.php\/trump-abd-yuksek-mahkemesinin-vergi-beyannamesi-kararini-yanitladi#primaryimage"},"image":{"@id":"https:\/\/epochtimestr.com\/index.php\/trump-abd-yuksek-mahkemesinin-vergi-beyannamesi-kararini-yanitladi#primaryimage"},"thumbnailUrl":"https:\/\/epochtimestr.com\/wp-content\/uploads\/2011y\/trump-et.jpg","datePublished":"2021-03-05T11:48:59+00:00","dateModified":"2021-03-05T11:49:01+00:00","inLanguage":"tr","potentialAction":[{"@type":"ReadAction","target":["https:\/\/epochtimestr.com\/index.php\/trump-abd-yuksek-mahkemesinin-vergi-beyannamesi-kararini-yanitladi"]}]},{"@type":"ImageObject","inLanguage":"tr","@id":"https:\/\/epochtimestr.com\/index.php\/trump-abd-yuksek-mahkemesinin-vergi-beyannamesi-kararini-yanitladi#primaryimage","url":"https:\/\/epochtimestr.com\/wp-content\/uploads\/2011y\/trump-et.jpg","contentUrl":"https:\/\/epochtimestr.com\/wp-content\/uploads\/2011y\/trump-et.jpg","width":651,"height":330},{"@type":"WebSite","@id":"https:\/\/epochtimestr.com\/#website","url":"https:\/\/epochtimestr.com\/","name":"The Epoch Times TR","description":"De\u011fi\u015fen D\u00fcnyam\u0131za Taze Bir Bak\u0131\u015f","publisher":{"@id":"https:\/\/epochtimestr.com\/#organization"},"potentialAction":[{"@type":"SearchAction","target":{"@type":"EntryPoint","urlTemplate":"https:\/\/epochtimestr.com\/?s={search_term_string}"},"query-input":"required name=search_term_string"}],"inLanguage":"tr"},{"@type":"Organization","@id":"https:\/\/epochtimestr.com\/#organization","name":"The EpochTimes T\u00fcrkiye","url":"https:\/\/epochtimestr.com\/","logo":{"@type":"ImageObject","inLanguage":"tr","@id":"https:\/\/epochtimestr.com\/#\/schema\/logo\/image\/","url":"https:\/\/epochtimestr.com\/wp-content\/uploads\/2011y\/ET-Logo-YG.jpg","contentUrl":"https:\/\/epochtimestr.com\/wp-content\/uploads\/2011y\/ET-Logo-YG.jpg","width":346,"height":29,"caption":"The EpochTimes T\u00fcrkiye"},"image":{"@id":"https:\/\/epochtimestr.com\/#\/schema\/logo\/image\/"},"sameAs":["https:\/\/www.facebook.com\/theepochtimestr","https:\/\/x.com\/TheEpochTimesTR","https:\/\/www.instagram.com\/epochtimestr"]},{"@type":"Person","@id":"https:\/\/epochtimestr.com\/#\/schema\/person\/29464d85d2980e22f2e37bc9adcfb0a2","name":"Evren Durmaz","image":{"@type":"ImageObject","inLanguage":"tr","@id":"https:\/\/epochtimestr.com\/#\/schema\/person\/image\/","url":"https:\/\/secure.gravatar.com\/avatar\/503980a9fab198d7bb655c448172ca6a?s=96&d=mm&r=g","contentUrl":"https:\/\/secure.gravatar.com\/avatar\/503980a9fab198d7bb655c448172ca6a?s=96&d=mm&r=g","caption":"Evren Durmaz"},"url":"https:\/\/epochtimestr.com\/index.php\/author\/evren-durmaz"}]}},"_links":{"self":[{"href":"https:\/\/epochtimestr.com\/index.php\/wp-json\/wp\/v2\/posts\/133654"}],"collection":[{"href":"https:\/\/epochtimestr.com\/index.php\/wp-json\/wp\/v2\/posts"}],"about":[{"href":"https:\/\/epochtimestr.com\/index.php\/wp-json\/wp\/v2\/types\/post"}],"author":[{"embeddable":true,"href":"https:\/\/epochtimestr.com\/index.php\/wp-json\/wp\/v2\/users\/2500"}],"replies":[{"embeddable":true,"href":"https:\/\/epochtimestr.com\/index.php\/wp-json\/wp\/v2\/comments?post=133654"}],"version-history":[{"count":9,"href":"https:\/\/epochtimestr.com\/index.php\/wp-json\/wp\/v2\/posts\/133654\/revisions"}],"predecessor-version":[{"id":133687,"href":"https:\/\/epochtimestr.com\/index.php\/wp-json\/wp\/v2\/posts\/133654\/revisions\/133687"}],"wp:featuredmedia":[{"embeddable":true,"href":"https:\/\/epochtimestr.com\/index.php\/wp-json\/wp\/v2\/media\/133678"}],"wp:attachment":[{"href":"https:\/\/epochtimestr.com\/index.php\/wp-json\/wp\/v2\/media?parent=133654"}],"wp:term":[{"taxonomy":"category","embeddable":true,"href":"https:\/\/epochtimestr.com\/index.php\/wp-json\/wp\/v2\/categories?post=133654"},{"taxonomy":"post_tag","embeddable":true,"href":"https:\/\/epochtimestr.com\/index.php\/wp-json\/wp\/v2\/tags?post=133654"}],"curies":[{"name":"wp","href":"https:\/\/api.w.org\/{rel}","templated":true}]}}