{"id":133658,"date":"2021-03-04T16:25:59","date_gmt":"2021-03-04T13:25:59","guid":{"rendered":"http:\/\/epochtimestr.com\/?p=133658"},"modified":"2021-03-04T16:26:01","modified_gmt":"2021-03-04T13:26:01","slug":"prens-philip-kalp-operasyonu-gecirdi","status":"publish","type":"post","link":"https:\/\/epochtimestr.com\/index.php\/prens-philip-kalp-operasyonu-gecirdi","title":{"rendered":"Prens Philip Kalp Operasyonu Ge\u00e7irdi"},"content":{"rendered":"\n<div class=\"wp-block-image\"><figure class=\"aligncenter size-large\"><img loading=\"lazy\" decoding=\"async\" width=\"600\" height=\"337\" src=\"https:\/\/epochtimestr.com\/wp-content\/uploads\/2011y\/Prens-Phillip-TheRoyalFamilyYoutube-Screenshot-600x337.png\" alt=\"\" class=\"wp-image-133659\" srcset=\"https:\/\/epochtimestr.com\/wp-content\/uploads\/2011y\/Prens-Phillip-TheRoyalFamilyYoutube-Screenshot-600x337.png 600w, https:\/\/epochtimestr.com\/wp-content\/uploads\/2011y\/Prens-Phillip-TheRoyalFamilyYoutube-Screenshot-300x169.png 300w, https:\/\/epochtimestr.com\/wp-content\/uploads\/2011y\/Prens-Phillip-TheRoyalFamilyYoutube-Screenshot-150x84.png 150w, https:\/\/epochtimestr.com\/wp-content\/uploads\/2011y\/Prens-Phillip-TheRoyalFamilyYoutube-Screenshot-768x432.png 768w, https:\/\/epochtimestr.com\/wp-content\/uploads\/2011y\/Prens-Phillip-TheRoyalFamilyYoutube-Screenshot.png 1366w\" sizes=\"(max-width: 600px) 100vw, 600px\" \/><figcaption>The Royal Family-Ekran G\u00f6r\u00fcnt\u00fcs\u00fc<\/figcaption><\/figure><\/div>\n\n\n\n<h2 class=\"wp-block-heading\">\u0130ngiltere Krali\u00e7esi 2&#8217;nci Elizabeth&#8217;in e\u015fi Edinburgh D\u00fck\u00fc Prens Philip, kalp ameliyat\u0131 oldu.<\/h2>\n\n\n\n<p>\u0130ngiltere Krali\u00e7esi 2&#8217;nci Elizabeth&#8217;in 16 g\u00fcnd\u00fcr tedavi g\u00f6ren e\u015fi\u00a0Edinburgh D\u00fck\u00fc Prens Philip&#8217;in kalp ameliyat\u0131 oldu\u011fu a\u00e7\u0131kland\u0131. <\/p>\n\n\n\n<p>Buckingham Saray\u0131\u2019ndan yap\u0131lan a\u00e7\u0131klamada \u0130ngiltere Krali\u00e7esi 2. Elizabeth\u2019in e\u015fi Prens Philip\u2019in kalp ameliyat\u0131 oldu\u011fu, ameliyat\u0131n ba\u015far\u0131l\u0131 ge\u00e7ti\u011fi ifade edildi. <\/p>\n\n\n\n<p>A\u00e7\u0131klamada, \u201cEdinburgh D\u00fck\u00fc (Prens Philip), St. Bartholomew Hastanesi&#8217;nde kalp rahats\u0131zl\u0131\u011f\u0131 nedeniyle ba\u015far\u0131l\u0131 ge\u00e7en bir ameliyat ge\u00e7irdi. Majesteleri, tedavinin devam\u0131 i\u00e7in hastanede kalacakt\u0131r\u201d ifadelerine yer verildi.\u00a0Prens Philip&#8217;in,16 \u015eubat&#8217;ta kendisini iyi hissetmedi\u011fi i\u00e7in \u00f6nlem olarak Londra&#8217;daki King Edward VII&#8217;s hastanesine kald\u0131r\u0131ld\u0131\u011f\u0131 a\u00e7\u0131klanm\u0131\u015ft\u0131.<\/p>\n","protected":false},"excerpt":{"rendered":"<p>\u0130ngiltere Krali\u00e7esi 2&#8217;nci Elizabeth&#8217;in e\u015fi Edinburgh D\u00fck\u00fc Prens Philip, kalp ameliyat\u0131 oldu. \u0130ngiltere Krali\u00e7esi 2&#8217;nci Elizabeth&#8217;in 16 g\u00fcnd\u00fcr tedavi g\u00f6ren e\u015fi\u00a0Edinburgh D\u00fck\u00fc Prens Philip&#8217;in kalp ameliyat\u0131 oldu\u011fu a\u00e7\u0131kland\u0131. Buckingham Saray\u0131\u2019ndan yap\u0131lan a\u00e7\u0131klamada \u0130ngiltere Krali\u00e7esi 2. Elizabeth\u2019in e\u015fi Prens Philip\u2019in kalp ameliyat\u0131 oldu\u011fu, ameliyat\u0131n ba\u015far\u0131l\u0131 ge\u00e7ti\u011fi ifade edildi. A\u00e7\u0131klamada, \u201cEdinburgh D\u00fck\u00fc (Prens Philip), St. Bartholomew Hastanesi&#8217;nde [&hellip;]<\/p>\n","protected":false},"author":12791,"featured_media":133659,"comment_status":"closed","ping_status":"open","sticky":false,"template":"","format":"standard","meta":{"_yoast_wpseo_focuskw":"","_yoast_wpseo_title":"","_yoast_wpseo_metadesc":"","_bbp_topic_count":0,"_bbp_reply_count":0,"_bbp_total_topic_count":0,"_bbp_total_reply_count":0,"_bbp_voice_count":0,"_bbp_anonymous_reply_count":0,"_bbp_topic_count_hidden":0,"_bbp_reply_count_hidden":0,"_bbp_forum_subforum_count":0,"footnotes":"","_yoast_wpseo_focuskw_text_input":""},"categories":[5,1],"tags":[],"yoast_head":"<!-- This site is optimized with the Yoast SEO plugin v23.0 - https:\/\/yoast.com\/wordpress\/plugins\/seo\/ -->\n<title>Prens Philip Kalp Operasyonu Ge\u00e7irdi - The Epoch Times TR<\/title>\n<meta name=\"robots\" content=\"index, follow, max-snippet:-1, max-image-preview:large, max-video-preview:-1\" \/>\n<link rel=\"canonical\" href=\"https:\/\/epochtimestr.com\/index.php\/prens-philip-kalp-operasyonu-gecirdi\" \/>\n<meta property=\"og:locale\" content=\"tr_TR\" \/>\n<meta property=\"og:type\" content=\"article\" \/>\n<meta property=\"og:title\" content=\"Prens Philip Kalp Operasyonu Ge\u00e7irdi - The Epoch Times TR\" \/>\n<meta property=\"og:description\" content=\"\u0130ngiltere Krali\u00e7esi 2&#8217;nci Elizabeth&#8217;in e\u015fi Edinburgh D\u00fck\u00fc Prens Philip, kalp ameliyat\u0131 oldu. \u0130ngiltere Krali\u00e7esi 2&#8217;nci Elizabeth&#8217;in 16 g\u00fcnd\u00fcr tedavi g\u00f6ren e\u015fi\u00a0Edinburgh D\u00fck\u00fc Prens Philip&#8217;in kalp ameliyat\u0131 oldu\u011fu a\u00e7\u0131kland\u0131. Buckingham Saray\u0131\u2019ndan yap\u0131lan a\u00e7\u0131klamada \u0130ngiltere Krali\u00e7esi 2. Elizabeth\u2019in e\u015fi Prens Philip\u2019in kalp ameliyat\u0131 oldu\u011fu, ameliyat\u0131n ba\u015far\u0131l\u0131 ge\u00e7ti\u011fi ifade edildi. A\u00e7\u0131klamada, \u201cEdinburgh D\u00fck\u00fc (Prens Philip), St. Bartholomew Hastanesi&#8217;nde [&hellip;]\" \/>\n<meta property=\"og:url\" content=\"https:\/\/epochtimestr.com\/index.php\/prens-philip-kalp-operasyonu-gecirdi\" \/>\n<meta property=\"og:site_name\" content=\"The Epoch Times TR\" \/>\n<meta property=\"article:publisher\" content=\"https:\/\/www.facebook.com\/theepochtimestr\" \/>\n<meta property=\"article:published_time\" content=\"2021-03-04T13:25:59+00:00\" \/>\n<meta property=\"article:modified_time\" content=\"2021-03-04T13:26:01+00:00\" \/>\n<meta property=\"og:image\" content=\"https:\/\/epochtimestr.com\/wp-content\/uploads\/2011y\/Prens-Phillip-TheRoyalFamilyYoutube-Screenshot.png\" \/>\n\t<meta property=\"og:image:width\" content=\"1366\" \/>\n\t<meta property=\"og:image:height\" content=\"768\" \/>\n\t<meta property=\"og:image:type\" content=\"image\/png\" \/>\n<meta name=\"author\" content=\"Haber Merkezi\" \/>\n<meta name=\"twitter:card\" content=\"summary_large_image\" \/>\n<meta name=\"twitter:creator\" content=\"@TheEpochTimesTR\" \/>\n<meta name=\"twitter:site\" content=\"@TheEpochTimesTR\" \/>\n<meta name=\"twitter:label1\" content=\"Yazan:\" \/>\n\t<meta name=\"twitter:data1\" content=\"Haber Merkezi\" \/>\n\t<meta name=\"twitter:label2\" content=\"Tahmini okuma s\u00fcresi\" \/>\n\t<meta name=\"twitter:data2\" content=\"1 dakika\" \/>\n<script type=\"application\/ld+json\" class=\"yoast-schema-graph\">{\"@context\":\"https:\/\/schema.org\",\"@graph\":[{\"@type\":\"Article\",\"@id\":\"https:\/\/epochtimestr.com\/index.php\/prens-philip-kalp-operasyonu-gecirdi#article\",\"isPartOf\":{\"@id\":\"https:\/\/epochtimestr.com\/index.php\/prens-philip-kalp-operasyonu-gecirdi\"},\"author\":{\"name\":\"Haber Merkezi\",\"@id\":\"https:\/\/epochtimestr.com\/#\/schema\/person\/3dc5c3adeb9f43923c5aa85889172fdd\"},\"headline\":\"Prens Philip Kalp Operasyonu Ge\u00e7irdi\",\"datePublished\":\"2021-03-04T13:25:59+00:00\",\"dateModified\":\"2021-03-04T13:26:01+00:00\",\"mainEntityOfPage\":{\"@id\":\"https:\/\/epochtimestr.com\/index.php\/prens-philip-kalp-operasyonu-gecirdi\"},\"wordCount\":139,\"publisher\":{\"@id\":\"https:\/\/epochtimestr.com\/#organization\"},\"image\":{\"@id\":\"https:\/\/epochtimestr.com\/index.php\/prens-philip-kalp-operasyonu-gecirdi#primaryimage\"},\"thumbnailUrl\":\"https:\/\/epochtimestr.com\/wp-content\/uploads\/2011y\/Prens-Phillip-TheRoyalFamilyYoutube-Screenshot.png\",\"articleSection\":[\"D\u00dcNYA\",\"G\u00dcNDEM\"],\"inLanguage\":\"tr\"},{\"@type\":\"WebPage\",\"@id\":\"https:\/\/epochtimestr.com\/index.php\/prens-philip-kalp-operasyonu-gecirdi\",\"url\":\"https:\/\/epochtimestr.com\/index.php\/prens-philip-kalp-operasyonu-gecirdi\",\"name\":\"Prens Philip Kalp Operasyonu Ge\u00e7irdi - The Epoch Times TR\",\"isPartOf\":{\"@id\":\"https:\/\/epochtimestr.com\/#website\"},\"primaryImageOfPage\":{\"@id\":\"https:\/\/epochtimestr.com\/index.php\/prens-philip-kalp-operasyonu-gecirdi#primaryimage\"},\"image\":{\"@id\":\"https:\/\/epochtimestr.com\/index.php\/prens-philip-kalp-operasyonu-gecirdi#primaryimage\"},\"thumbnailUrl\":\"https:\/\/epochtimestr.com\/wp-content\/uploads\/2011y\/Prens-Phillip-TheRoyalFamilyYoutube-Screenshot.png\",\"datePublished\":\"2021-03-04T13:25:59+00:00\",\"dateModified\":\"2021-03-04T13:26:01+00:00\",\"inLanguage\":\"tr\",\"potentialAction\":[{\"@type\":\"ReadAction\",\"target\":[\"https:\/\/epochtimestr.com\/index.php\/prens-philip-kalp-operasyonu-gecirdi\"]}]},{\"@type\":\"ImageObject\",\"inLanguage\":\"tr\",\"@id\":\"https:\/\/epochtimestr.com\/index.php\/prens-philip-kalp-operasyonu-gecirdi#primaryimage\",\"url\":\"https:\/\/epochtimestr.com\/wp-content\/uploads\/2011y\/Prens-Phillip-TheRoyalFamilyYoutube-Screenshot.png\",\"contentUrl\":\"https:\/\/epochtimestr.com\/wp-content\/uploads\/2011y\/Prens-Phillip-TheRoyalFamilyYoutube-Screenshot.png\",\"width\":1366,\"height\":768},{\"@type\":\"WebSite\",\"@id\":\"https:\/\/epochtimestr.com\/#website\",\"url\":\"https:\/\/epochtimestr.com\/\",\"name\":\"The Epoch Times TR\",\"description\":\"De\u011fi\u015fen D\u00fcnyam\u0131za Taze Bir Bak\u0131\u015f\",\"publisher\":{\"@id\":\"https:\/\/epochtimestr.com\/#organization\"},\"potentialAction\":[{\"@type\":\"SearchAction\",\"target\":{\"@type\":\"EntryPoint\",\"urlTemplate\":\"https:\/\/epochtimestr.com\/?s={search_term_string}\"},\"query-input\":\"required name=search_term_string\"}],\"inLanguage\":\"tr\"},{\"@type\":\"Organization\",\"@id\":\"https:\/\/epochtimestr.com\/#organization\",\"name\":\"The EpochTimes T\u00fcrkiye\",\"url\":\"https:\/\/epochtimestr.com\/\",\"logo\":{\"@type\":\"ImageObject\",\"inLanguage\":\"tr\",\"@id\":\"https:\/\/epochtimestr.com\/#\/schema\/logo\/image\/\",\"url\":\"https:\/\/epochtimestr.com\/wp-content\/uploads\/2011y\/ET-Logo-YG.jpg\",\"contentUrl\":\"https:\/\/epochtimestr.com\/wp-content\/uploads\/2011y\/ET-Logo-YG.jpg\",\"width\":346,\"height\":29,\"caption\":\"The EpochTimes T\u00fcrkiye\"},\"image\":{\"@id\":\"https:\/\/epochtimestr.com\/#\/schema\/logo\/image\/\"},\"sameAs\":[\"https:\/\/www.facebook.com\/theepochtimestr\",\"https:\/\/x.com\/TheEpochTimesTR\",\"https:\/\/www.instagram.com\/epochtimestr\"]},{\"@type\":\"Person\",\"@id\":\"https:\/\/epochtimestr.com\/#\/schema\/person\/3dc5c3adeb9f43923c5aa85889172fdd\",\"name\":\"Haber Merkezi\",\"image\":{\"@type\":\"ImageObject\",\"inLanguage\":\"tr\",\"@id\":\"https:\/\/epochtimestr.com\/#\/schema\/person\/image\/\",\"url\":\"https:\/\/secure.gravatar.com\/avatar\/d73f772ba5a74f28601361e17c2f93e6?s=96&d=mm&r=g\",\"contentUrl\":\"https:\/\/secure.gravatar.com\/avatar\/d73f772ba5a74f28601361e17c2f93e6?s=96&d=mm&r=g\",\"caption\":\"Haber Merkezi\"},\"url\":\"https:\/\/epochtimestr.com\/index.php\/author\/sendag\"}]}<\/script>\n<!-- \/ Yoast SEO plugin. -->","yoast_head_json":{"title":"Prens Philip Kalp Operasyonu Ge\u00e7irdi - The Epoch Times TR","robots":{"index":"index","follow":"follow","max-snippet":"max-snippet:-1","max-image-preview":"max-image-preview:large","max-video-preview":"max-video-preview:-1"},"canonical":"https:\/\/epochtimestr.com\/index.php\/prens-philip-kalp-operasyonu-gecirdi","og_locale":"tr_TR","og_type":"article","og_title":"Prens Philip Kalp Operasyonu Ge\u00e7irdi - The Epoch Times TR","og_description":"\u0130ngiltere Krali\u00e7esi 2&#8217;nci Elizabeth&#8217;in e\u015fi Edinburgh D\u00fck\u00fc Prens Philip, kalp ameliyat\u0131 oldu. \u0130ngiltere Krali\u00e7esi 2&#8217;nci Elizabeth&#8217;in 16 g\u00fcnd\u00fcr tedavi g\u00f6ren e\u015fi\u00a0Edinburgh D\u00fck\u00fc Prens Philip&#8217;in kalp ameliyat\u0131 oldu\u011fu a\u00e7\u0131kland\u0131. Buckingham Saray\u0131\u2019ndan yap\u0131lan a\u00e7\u0131klamada \u0130ngiltere Krali\u00e7esi 2. Elizabeth\u2019in e\u015fi Prens Philip\u2019in kalp ameliyat\u0131 oldu\u011fu, ameliyat\u0131n ba\u015far\u0131l\u0131 ge\u00e7ti\u011fi ifade edildi. A\u00e7\u0131klamada, \u201cEdinburgh D\u00fck\u00fc (Prens Philip), St. Bartholomew Hastanesi&#8217;nde [&hellip;]","og_url":"https:\/\/epochtimestr.com\/index.php\/prens-philip-kalp-operasyonu-gecirdi","og_site_name":"The Epoch Times TR","article_publisher":"https:\/\/www.facebook.com\/theepochtimestr","article_published_time":"2021-03-04T13:25:59+00:00","article_modified_time":"2021-03-04T13:26:01+00:00","og_image":[{"width":1366,"height":768,"url":"https:\/\/epochtimestr.com\/wp-content\/uploads\/2011y\/Prens-Phillip-TheRoyalFamilyYoutube-Screenshot.png","type":"image\/png"}],"author":"Haber Merkezi","twitter_card":"summary_large_image","twitter_creator":"@TheEpochTimesTR","twitter_site":"@TheEpochTimesTR","twitter_misc":{"Yazan:":"Haber Merkezi","Tahmini okuma s\u00fcresi":"1 dakika"},"schema":{"@context":"https:\/\/schema.org","@graph":[{"@type":"Article","@id":"https:\/\/epochtimestr.com\/index.php\/prens-philip-kalp-operasyonu-gecirdi#article","isPartOf":{"@id":"https:\/\/epochtimestr.com\/index.php\/prens-philip-kalp-operasyonu-gecirdi"},"author":{"name":"Haber Merkezi","@id":"https:\/\/epochtimestr.com\/#\/schema\/person\/3dc5c3adeb9f43923c5aa85889172fdd"},"headline":"Prens Philip Kalp Operasyonu Ge\u00e7irdi","datePublished":"2021-03-04T13:25:59+00:00","dateModified":"2021-03-04T13:26:01+00:00","mainEntityOfPage":{"@id":"https:\/\/epochtimestr.com\/index.php\/prens-philip-kalp-operasyonu-gecirdi"},"wordCount":139,"publisher":{"@id":"https:\/\/epochtimestr.com\/#organization"},"image":{"@id":"https:\/\/epochtimestr.com\/index.php\/prens-philip-kalp-operasyonu-gecirdi#primaryimage"},"thumbnailUrl":"https:\/\/epochtimestr.com\/wp-content\/uploads\/2011y\/Prens-Phillip-TheRoyalFamilyYoutube-Screenshot.png","articleSection":["D\u00dcNYA","G\u00dcNDEM"],"inLanguage":"tr"},{"@type":"WebPage","@id":"https:\/\/epochtimestr.com\/index.php\/prens-philip-kalp-operasyonu-gecirdi","url":"https:\/\/epochtimestr.com\/index.php\/prens-philip-kalp-operasyonu-gecirdi","name":"Prens Philip Kalp Operasyonu Ge\u00e7irdi - The Epoch Times TR","isPartOf":{"@id":"https:\/\/epochtimestr.com\/#website"},"primaryImageOfPage":{"@id":"https:\/\/epochtimestr.com\/index.php\/prens-philip-kalp-operasyonu-gecirdi#primaryimage"},"image":{"@id":"https:\/\/epochtimestr.com\/index.php\/prens-philip-kalp-operasyonu-gecirdi#primaryimage"},"thumbnailUrl":"https:\/\/epochtimestr.com\/wp-content\/uploads\/2011y\/Prens-Phillip-TheRoyalFamilyYoutube-Screenshot.png","datePublished":"2021-03-04T13:25:59+00:00","dateModified":"2021-03-04T13:26:01+00:00","inLanguage":"tr","potentialAction":[{"@type":"ReadAction","target":["https:\/\/epochtimestr.com\/index.php\/prens-philip-kalp-operasyonu-gecirdi"]}]},{"@type":"ImageObject","inLanguage":"tr","@id":"https:\/\/epochtimestr.com\/index.php\/prens-philip-kalp-operasyonu-gecirdi#primaryimage","url":"https:\/\/epochtimestr.com\/wp-content\/uploads\/2011y\/Prens-Phillip-TheRoyalFamilyYoutube-Screenshot.png","contentUrl":"https:\/\/epochtimestr.com\/wp-content\/uploads\/2011y\/Prens-Phillip-TheRoyalFamilyYoutube-Screenshot.png","width":1366,"height":768},{"@type":"WebSite","@id":"https:\/\/epochtimestr.com\/#website","url":"https:\/\/epochtimestr.com\/","name":"The Epoch Times TR","description":"De\u011fi\u015fen D\u00fcnyam\u0131za Taze Bir Bak\u0131\u015f","publisher":{"@id":"https:\/\/epochtimestr.com\/#organization"},"potentialAction":[{"@type":"SearchAction","target":{"@type":"EntryPoint","urlTemplate":"https:\/\/epochtimestr.com\/?s={search_term_string}"},"query-input":"required name=search_term_string"}],"inLanguage":"tr"},{"@type":"Organization","@id":"https:\/\/epochtimestr.com\/#organization","name":"The EpochTimes T\u00fcrkiye","url":"https:\/\/epochtimestr.com\/","logo":{"@type":"ImageObject","inLanguage":"tr","@id":"https:\/\/epochtimestr.com\/#\/schema\/logo\/image\/","url":"https:\/\/epochtimestr.com\/wp-content\/uploads\/2011y\/ET-Logo-YG.jpg","contentUrl":"https:\/\/epochtimestr.com\/wp-content\/uploads\/2011y\/ET-Logo-YG.jpg","width":346,"height":29,"caption":"The EpochTimes T\u00fcrkiye"},"image":{"@id":"https:\/\/epochtimestr.com\/#\/schema\/logo\/image\/"},"sameAs":["https:\/\/www.facebook.com\/theepochtimestr","https:\/\/x.com\/TheEpochTimesTR","https:\/\/www.instagram.com\/epochtimestr"]},{"@type":"Person","@id":"https:\/\/epochtimestr.com\/#\/schema\/person\/3dc5c3adeb9f43923c5aa85889172fdd","name":"Haber Merkezi","image":{"@type":"ImageObject","inLanguage":"tr","@id":"https:\/\/epochtimestr.com\/#\/schema\/person\/image\/","url":"https:\/\/secure.gravatar.com\/avatar\/d73f772ba5a74f28601361e17c2f93e6?s=96&d=mm&r=g","contentUrl":"https:\/\/secure.gravatar.com\/avatar\/d73f772ba5a74f28601361e17c2f93e6?s=96&d=mm&r=g","caption":"Haber Merkezi"},"url":"https:\/\/epochtimestr.com\/index.php\/author\/sendag"}]}},"_links":{"self":[{"href":"https:\/\/epochtimestr.com\/index.php\/wp-json\/wp\/v2\/posts\/133658"}],"collection":[{"href":"https:\/\/epochtimestr.com\/index.php\/wp-json\/wp\/v2\/posts"}],"about":[{"href":"https:\/\/epochtimestr.com\/index.php\/wp-json\/wp\/v2\/types\/post"}],"author":[{"embeddable":true,"href":"https:\/\/epochtimestr.com\/index.php\/wp-json\/wp\/v2\/users\/12791"}],"replies":[{"embeddable":true,"href":"https:\/\/epochtimestr.com\/index.php\/wp-json\/wp\/v2\/comments?post=133658"}],"version-history":[{"count":1,"href":"https:\/\/epochtimestr.com\/index.php\/wp-json\/wp\/v2\/posts\/133658\/revisions"}],"predecessor-version":[{"id":133660,"href":"https:\/\/epochtimestr.com\/index.php\/wp-json\/wp\/v2\/posts\/133658\/revisions\/133660"}],"wp:featuredmedia":[{"embeddable":true,"href":"https:\/\/epochtimestr.com\/index.php\/wp-json\/wp\/v2\/media\/133659"}],"wp:attachment":[{"href":"https:\/\/epochtimestr.com\/index.php\/wp-json\/wp\/v2\/media?parent=133658"}],"wp:term":[{"taxonomy":"category","embeddable":true,"href":"https:\/\/epochtimestr.com\/index.php\/wp-json\/wp\/v2\/categories?post=133658"},{"taxonomy":"post_tag","embeddable":true,"href":"https:\/\/epochtimestr.com\/index.php\/wp-json\/wp\/v2\/tags?post=133658"}],"curies":[{"name":"wp","href":"https:\/\/api.w.org\/{rel}","templated":true}]}}