{"id":133711,"date":"2021-03-08T18:50:57","date_gmt":"2021-03-08T15:50:57","guid":{"rendered":"http:\/\/epochtimestr.com\/?p=133711"},"modified":"2021-03-08T18:50:58","modified_gmt":"2021-03-08T15:50:58","slug":"erdogan-ve-johnson-telefonda-gorustu","status":"publish","type":"post","link":"https:\/\/epochtimestr.com\/index.php\/erdogan-ve-johnson-telefonda-gorustu","title":{"rendered":"Erdo\u011fan ve Johnson Telefonda G\u00f6r\u00fc\u015ft\u00fc"},"content":{"rendered":"\n<figure class=\"wp-block-image size-large\"><img loading=\"lazy\" decoding=\"async\" width=\"600\" height=\"320\" src=\"https:\/\/epochtimestr.com\/wp-content\/uploads\/2011y\/2028278-600x320.jpg\" alt=\"\" class=\"wp-image-103313\" srcset=\"https:\/\/epochtimestr.com\/wp-content\/uploads\/2011y\/2028278-600x320.jpg 600w, https:\/\/epochtimestr.com\/wp-content\/uploads\/2011y\/2028278-150x80.jpg 150w, https:\/\/epochtimestr.com\/wp-content\/uploads\/2011y\/2028278-300x160.jpg 300w, https:\/\/epochtimestr.com\/wp-content\/uploads\/2011y\/2028278-292x156.jpg 292w, https:\/\/epochtimestr.com\/wp-content\/uploads\/2011y\/2028278-638x340.jpg 638w, https:\/\/epochtimestr.com\/wp-content\/uploads\/2011y\/2028278-190x100.jpg 190w, https:\/\/epochtimestr.com\/wp-content\/uploads\/2011y\/2028278-629x335.jpg 629w, https:\/\/epochtimestr.com\/wp-content\/uploads\/2011y\/2028278.jpg 664w\" sizes=\"(max-width: 600px) 100vw, 600px\" \/><\/figure>\n\n\n\n<h2 class=\"wp-block-heading\">Cumhurba\u015fkan\u0131 Erdo\u011fan ile \u0130ngiltere Ba\u015fbakan\u0131 Johnson&#8217;\u0131n ger\u00e7ekle\u015ftirdi\u011fi telefonda g\u00f6r\u00fc\u015fmesinde bir\u00e7ok alanda ili\u015fkileri geli\u015ftirecek ad\u0131mlar ele al\u0131nd\u0131.<\/h2>\n\n\n\n<p>Cumhurba\u015fkan\u0131 Recep Tayyip Erdo\u011fan,\u00a0\u0130ngiltere Ba\u015fbakan\u0131 Boris Johnson\u00a0ile telefon g\u00f6r\u00fc\u015fmesi ger\u00e7ekle\u015ftirdi.<\/p>\n\n\n\n<p>Cumhurba\u015fkanl\u0131\u011f\u0131 \u0130leti\u015fim Ba\u015fkanl\u0131\u011f\u0131ndan yap\u0131lan a\u00e7\u0131klamaya g\u00f6re, g\u00f6r\u00fc\u015fmede, ticaret, turizm, savunma, tar\u0131m, hizmet, yat\u0131r\u0131m ve koronavir\u00fcsle m\u00fccadele ba\u015fta olmak \u00fczere bir\u00e7ok alanda T\u00fcrkiye-\u0130ngiltere ili\u015fkilerini geli\u015ftirecek ad\u0131mlar ve b\u00f6lgesel konular ele al\u0131nd\u0131.<\/p>\n\n\n\n<p>Cumhurba\u015fkan\u0131 Erdo\u011fan, g\u00f6r\u00fc\u015fmede, salg\u0131n \u015fartlar\u0131n\u0131n da elvermesiyle T\u00fcrk-\u0130ngiliz Tatl\u0131dil Forumu&#8217;na bu y\u0131l\u0131n ikinci yar\u0131s\u0131nda ev sahipli\u011fi yapmaya haz\u0131r olduklar\u0131n\u0131 belirterek, nisan ay\u0131nda turizmin engelsiz ve g\u00fcvenli bi\u00e7imde ba\u015flayaca\u011f\u0131na inand\u0131\u011f\u0131n\u0131 ifade etti.<\/p>\n\n\n\n<p>Erdo\u011fan, 29 Aral\u0131k 2020&#8217;de Serbest Ticaret Anla\u015fmas\u0131&#8217;n\u0131n imzalanmas\u0131n\u0131n iki \u00fclke ili\u015fkilerinde yeni bir d\u00f6n\u00fcm noktas\u0131 te\u015fkil etti\u011fini vurgulayarak, bu kapsamda at\u0131lacak ad\u0131mlar\u0131n 20 milyar dolar olarak belirlenen ikili ticaret hacmi hedefine ula\u015fmay\u0131 kolayla\u015ft\u0131raca\u011f\u0131n\u0131 s\u00f6yledi.<\/p>\n\n\n\n<p>K\u0131br\u0131s meselesinde \u0130ngiltere&#8217;nin son d\u00f6nemde g\u00f6sterdi\u011fi \u00e7abalar\u0131 memnuniyetle kar\u015f\u0131lad\u0131klar\u0131n\u0131 dile getiren Cumhurba\u015fkan\u0131 Erdo\u011fan, iki devletli \u00e7\u00f6z\u00fcmle yaln\u0131zca Ada&#8217;daki iki taraf i\u00e7in de\u011fil, yeni b\u00f6lgesel i\u015f birli\u011fi f\u0131rsatlar\u0131 bak\u0131m\u0131ndan herkes i\u00e7in &#8220;kazan-kazan&#8221; durumu meydana gelece\u011fini kaydetti.<\/p>\n\n\n\n<p>Cumhurba\u015fkan\u0131 Erdo\u011fan, T\u00fcrkiye&#8217;nin K\u0131br\u0131s&#8217;ta oldu\u011fu gibi Do\u011fu Akdeniz ve Ege&#8217;de de yap\u0131c\u0131 tutumuna devam etti\u011fini, Yunanistan&#8217;\u0131n k\u0131\u015fk\u0131rt\u0131c\u0131 eylem ve s\u00f6ylemlerine ra\u011fmen so\u011fukkanl\u0131 tavr\u0131 ve istik\u015fafi g\u00f6r\u00fc\u015fmelere devam etme kararl\u0131l\u0131\u011f\u0131n\u0131 koruduklar\u0131n\u0131 belirtti.<\/p>\n","protected":false},"excerpt":{"rendered":"<p>Cumhurba\u015fkan\u0131 Erdo\u011fan ile \u0130ngiltere Ba\u015fbakan\u0131 Johnson&#8217;\u0131n ger\u00e7ekle\u015ftirdi\u011fi telefonda g\u00f6r\u00fc\u015fmesinde bir\u00e7ok alanda ili\u015fkileri geli\u015ftirecek ad\u0131mlar ele al\u0131nd\u0131. Cumhurba\u015fkan\u0131 Recep Tayyip Erdo\u011fan,\u00a0\u0130ngiltere Ba\u015fbakan\u0131 Boris Johnson\u00a0ile telefon g\u00f6r\u00fc\u015fmesi ger\u00e7ekle\u015ftirdi. Cumhurba\u015fkanl\u0131\u011f\u0131 \u0130leti\u015fim Ba\u015fkanl\u0131\u011f\u0131ndan yap\u0131lan a\u00e7\u0131klamaya g\u00f6re, g\u00f6r\u00fc\u015fmede, ticaret, turizm, savunma, tar\u0131m, hizmet, yat\u0131r\u0131m ve koronavir\u00fcsle m\u00fccadele ba\u015fta olmak \u00fczere bir\u00e7ok alanda T\u00fcrkiye-\u0130ngiltere ili\u015fkilerini geli\u015ftirecek ad\u0131mlar ve b\u00f6lgesel konular ele [&hellip;]<\/p>\n","protected":false},"author":12791,"featured_media":103736,"comment_status":"closed","ping_status":"open","sticky":false,"template":"","format":"standard","meta":{"_yoast_wpseo_focuskw":"","_yoast_wpseo_title":"","_yoast_wpseo_metadesc":"","_bbp_topic_count":0,"_bbp_reply_count":0,"_bbp_total_topic_count":0,"_bbp_total_reply_count":0,"_bbp_voice_count":0,"_bbp_anonymous_reply_count":0,"_bbp_topic_count_hidden":0,"_bbp_reply_count_hidden":0,"_bbp_forum_subforum_count":0,"footnotes":"","_yoast_wpseo_focuskw_text_input":""},"categories":[5,1],"tags":[],"yoast_head":"<!-- This site is optimized with the Yoast SEO plugin v23.0 - https:\/\/yoast.com\/wordpress\/plugins\/seo\/ -->\n<title>Erdo\u011fan ve Johnson Telefonda G\u00f6r\u00fc\u015ft\u00fc - The Epoch Times TR<\/title>\n<meta name=\"robots\" content=\"index, follow, max-snippet:-1, max-image-preview:large, max-video-preview:-1\" \/>\n<link rel=\"canonical\" href=\"https:\/\/epochtimestr.com\/index.php\/erdogan-ve-johnson-telefonda-gorustu\" \/>\n<meta property=\"og:locale\" content=\"tr_TR\" \/>\n<meta property=\"og:type\" content=\"article\" \/>\n<meta property=\"og:title\" content=\"Erdo\u011fan ve Johnson Telefonda G\u00f6r\u00fc\u015ft\u00fc - The Epoch Times TR\" \/>\n<meta property=\"og:description\" content=\"Cumhurba\u015fkan\u0131 Erdo\u011fan ile \u0130ngiltere Ba\u015fbakan\u0131 Johnson&#8217;\u0131n ger\u00e7ekle\u015ftirdi\u011fi telefonda g\u00f6r\u00fc\u015fmesinde bir\u00e7ok alanda ili\u015fkileri geli\u015ftirecek ad\u0131mlar ele al\u0131nd\u0131. Cumhurba\u015fkan\u0131 Recep Tayyip Erdo\u011fan,\u00a0\u0130ngiltere Ba\u015fbakan\u0131 Boris Johnson\u00a0ile telefon g\u00f6r\u00fc\u015fmesi ger\u00e7ekle\u015ftirdi. Cumhurba\u015fkanl\u0131\u011f\u0131 \u0130leti\u015fim Ba\u015fkanl\u0131\u011f\u0131ndan yap\u0131lan a\u00e7\u0131klamaya g\u00f6re, g\u00f6r\u00fc\u015fmede, ticaret, turizm, savunma, tar\u0131m, hizmet, yat\u0131r\u0131m ve koronavir\u00fcsle m\u00fccadele ba\u015fta olmak \u00fczere bir\u00e7ok alanda T\u00fcrkiye-\u0130ngiltere ili\u015fkilerini geli\u015ftirecek ad\u0131mlar ve b\u00f6lgesel konular ele [&hellip;]\" \/>\n<meta property=\"og:url\" content=\"https:\/\/epochtimestr.com\/index.php\/erdogan-ve-johnson-telefonda-gorustu\" \/>\n<meta property=\"og:site_name\" content=\"The Epoch Times TR\" \/>\n<meta property=\"article:publisher\" content=\"https:\/\/www.facebook.com\/theepochtimestr\" \/>\n<meta property=\"article:published_time\" content=\"2021-03-08T15:50:57+00:00\" \/>\n<meta property=\"article:modified_time\" content=\"2021-03-08T15:50:58+00:00\" \/>\n<meta property=\"og:image\" content=\"https:\/\/epochtimestr.com\/wp-content\/uploads\/2011y\/2028278-1.jpg\" \/>\n\t<meta property=\"og:image:width\" content=\"664\" \/>\n\t<meta property=\"og:image:height\" content=\"354\" \/>\n\t<meta property=\"og:image:type\" content=\"image\/jpeg\" \/>\n<meta name=\"author\" content=\"Haber Merkezi\" \/>\n<meta name=\"twitter:card\" content=\"summary_large_image\" \/>\n<meta name=\"twitter:creator\" content=\"@TheEpochTimesTR\" \/>\n<meta name=\"twitter:site\" content=\"@TheEpochTimesTR\" \/>\n<meta name=\"twitter:label1\" content=\"Yazan:\" \/>\n\t<meta name=\"twitter:data1\" content=\"Haber Merkezi\" \/>\n\t<meta name=\"twitter:label2\" content=\"Tahmini okuma s\u00fcresi\" \/>\n\t<meta name=\"twitter:data2\" content=\"2 dakika\" \/>\n<script type=\"application\/ld+json\" class=\"yoast-schema-graph\">{\"@context\":\"https:\/\/schema.org\",\"@graph\":[{\"@type\":\"Article\",\"@id\":\"https:\/\/epochtimestr.com\/index.php\/erdogan-ve-johnson-telefonda-gorustu#article\",\"isPartOf\":{\"@id\":\"https:\/\/epochtimestr.com\/index.php\/erdogan-ve-johnson-telefonda-gorustu\"},\"author\":{\"name\":\"Haber Merkezi\",\"@id\":\"https:\/\/epochtimestr.com\/#\/schema\/person\/3dc5c3adeb9f43923c5aa85889172fdd\"},\"headline\":\"Erdo\u011fan ve Johnson Telefonda G\u00f6r\u00fc\u015ft\u00fc\",\"datePublished\":\"2021-03-08T15:50:57+00:00\",\"dateModified\":\"2021-03-08T15:50:58+00:00\",\"mainEntityOfPage\":{\"@id\":\"https:\/\/epochtimestr.com\/index.php\/erdogan-ve-johnson-telefonda-gorustu\"},\"wordCount\":325,\"publisher\":{\"@id\":\"https:\/\/epochtimestr.com\/#organization\"},\"image\":{\"@id\":\"https:\/\/epochtimestr.com\/index.php\/erdogan-ve-johnson-telefonda-gorustu#primaryimage\"},\"thumbnailUrl\":\"https:\/\/epochtimestr.com\/wp-content\/uploads\/2011y\/2028278-1.jpg\",\"articleSection\":[\"D\u00dcNYA\",\"G\u00dcNDEM\"],\"inLanguage\":\"tr\"},{\"@type\":\"WebPage\",\"@id\":\"https:\/\/epochtimestr.com\/index.php\/erdogan-ve-johnson-telefonda-gorustu\",\"url\":\"https:\/\/epochtimestr.com\/index.php\/erdogan-ve-johnson-telefonda-gorustu\",\"name\":\"Erdo\u011fan ve Johnson Telefonda G\u00f6r\u00fc\u015ft\u00fc - The Epoch Times TR\",\"isPartOf\":{\"@id\":\"https:\/\/epochtimestr.com\/#website\"},\"primaryImageOfPage\":{\"@id\":\"https:\/\/epochtimestr.com\/index.php\/erdogan-ve-johnson-telefonda-gorustu#primaryimage\"},\"image\":{\"@id\":\"https:\/\/epochtimestr.com\/index.php\/erdogan-ve-johnson-telefonda-gorustu#primaryimage\"},\"thumbnailUrl\":\"https:\/\/epochtimestr.com\/wp-content\/uploads\/2011y\/2028278-1.jpg\",\"datePublished\":\"2021-03-08T15:50:57+00:00\",\"dateModified\":\"2021-03-08T15:50:58+00:00\",\"inLanguage\":\"tr\",\"potentialAction\":[{\"@type\":\"ReadAction\",\"target\":[\"https:\/\/epochtimestr.com\/index.php\/erdogan-ve-johnson-telefonda-gorustu\"]}]},{\"@type\":\"ImageObject\",\"inLanguage\":\"tr\",\"@id\":\"https:\/\/epochtimestr.com\/index.php\/erdogan-ve-johnson-telefonda-gorustu#primaryimage\",\"url\":\"https:\/\/epochtimestr.com\/wp-content\/uploads\/2011y\/2028278-1.jpg\",\"contentUrl\":\"https:\/\/epochtimestr.com\/wp-content\/uploads\/2011y\/2028278-1.jpg\",\"width\":664,\"height\":354},{\"@type\":\"WebSite\",\"@id\":\"https:\/\/epochtimestr.com\/#website\",\"url\":\"https:\/\/epochtimestr.com\/\",\"name\":\"The Epoch Times TR\",\"description\":\"De\u011fi\u015fen D\u00fcnyam\u0131za Taze Bir Bak\u0131\u015f\",\"publisher\":{\"@id\":\"https:\/\/epochtimestr.com\/#organization\"},\"potentialAction\":[{\"@type\":\"SearchAction\",\"target\":{\"@type\":\"EntryPoint\",\"urlTemplate\":\"https:\/\/epochtimestr.com\/?s={search_term_string}\"},\"query-input\":\"required name=search_term_string\"}],\"inLanguage\":\"tr\"},{\"@type\":\"Organization\",\"@id\":\"https:\/\/epochtimestr.com\/#organization\",\"name\":\"The EpochTimes T\u00fcrkiye\",\"url\":\"https:\/\/epochtimestr.com\/\",\"logo\":{\"@type\":\"ImageObject\",\"inLanguage\":\"tr\",\"@id\":\"https:\/\/epochtimestr.com\/#\/schema\/logo\/image\/\",\"url\":\"https:\/\/epochtimestr.com\/wp-content\/uploads\/2011y\/ET-Logo-YG.jpg\",\"contentUrl\":\"https:\/\/epochtimestr.com\/wp-content\/uploads\/2011y\/ET-Logo-YG.jpg\",\"width\":346,\"height\":29,\"caption\":\"The EpochTimes T\u00fcrkiye\"},\"image\":{\"@id\":\"https:\/\/epochtimestr.com\/#\/schema\/logo\/image\/\"},\"sameAs\":[\"https:\/\/www.facebook.com\/theepochtimestr\",\"https:\/\/x.com\/TheEpochTimesTR\",\"https:\/\/www.instagram.com\/epochtimestr\"]},{\"@type\":\"Person\",\"@id\":\"https:\/\/epochtimestr.com\/#\/schema\/person\/3dc5c3adeb9f43923c5aa85889172fdd\",\"name\":\"Haber Merkezi\",\"image\":{\"@type\":\"ImageObject\",\"inLanguage\":\"tr\",\"@id\":\"https:\/\/epochtimestr.com\/#\/schema\/person\/image\/\",\"url\":\"https:\/\/secure.gravatar.com\/avatar\/d73f772ba5a74f28601361e17c2f93e6?s=96&d=mm&r=g\",\"contentUrl\":\"https:\/\/secure.gravatar.com\/avatar\/d73f772ba5a74f28601361e17c2f93e6?s=96&d=mm&r=g\",\"caption\":\"Haber Merkezi\"},\"url\":\"https:\/\/epochtimestr.com\/index.php\/author\/sendag\"}]}<\/script>\n<!-- \/ Yoast SEO plugin. -->","yoast_head_json":{"title":"Erdo\u011fan ve Johnson Telefonda G\u00f6r\u00fc\u015ft\u00fc - The Epoch Times TR","robots":{"index":"index","follow":"follow","max-snippet":"max-snippet:-1","max-image-preview":"max-image-preview:large","max-video-preview":"max-video-preview:-1"},"canonical":"https:\/\/epochtimestr.com\/index.php\/erdogan-ve-johnson-telefonda-gorustu","og_locale":"tr_TR","og_type":"article","og_title":"Erdo\u011fan ve Johnson Telefonda G\u00f6r\u00fc\u015ft\u00fc - The Epoch Times TR","og_description":"Cumhurba\u015fkan\u0131 Erdo\u011fan ile \u0130ngiltere Ba\u015fbakan\u0131 Johnson&#8217;\u0131n ger\u00e7ekle\u015ftirdi\u011fi telefonda g\u00f6r\u00fc\u015fmesinde bir\u00e7ok alanda ili\u015fkileri geli\u015ftirecek ad\u0131mlar ele al\u0131nd\u0131. Cumhurba\u015fkan\u0131 Recep Tayyip Erdo\u011fan,\u00a0\u0130ngiltere Ba\u015fbakan\u0131 Boris Johnson\u00a0ile telefon g\u00f6r\u00fc\u015fmesi ger\u00e7ekle\u015ftirdi. Cumhurba\u015fkanl\u0131\u011f\u0131 \u0130leti\u015fim Ba\u015fkanl\u0131\u011f\u0131ndan yap\u0131lan a\u00e7\u0131klamaya g\u00f6re, g\u00f6r\u00fc\u015fmede, ticaret, turizm, savunma, tar\u0131m, hizmet, yat\u0131r\u0131m ve koronavir\u00fcsle m\u00fccadele ba\u015fta olmak \u00fczere bir\u00e7ok alanda T\u00fcrkiye-\u0130ngiltere ili\u015fkilerini geli\u015ftirecek ad\u0131mlar ve b\u00f6lgesel konular ele [&hellip;]","og_url":"https:\/\/epochtimestr.com\/index.php\/erdogan-ve-johnson-telefonda-gorustu","og_site_name":"The Epoch Times TR","article_publisher":"https:\/\/www.facebook.com\/theepochtimestr","article_published_time":"2021-03-08T15:50:57+00:00","article_modified_time":"2021-03-08T15:50:58+00:00","og_image":[{"width":664,"height":354,"url":"https:\/\/epochtimestr.com\/wp-content\/uploads\/2011y\/2028278-1.jpg","type":"image\/jpeg"}],"author":"Haber Merkezi","twitter_card":"summary_large_image","twitter_creator":"@TheEpochTimesTR","twitter_site":"@TheEpochTimesTR","twitter_misc":{"Yazan:":"Haber Merkezi","Tahmini okuma s\u00fcresi":"2 dakika"},"schema":{"@context":"https:\/\/schema.org","@graph":[{"@type":"Article","@id":"https:\/\/epochtimestr.com\/index.php\/erdogan-ve-johnson-telefonda-gorustu#article","isPartOf":{"@id":"https:\/\/epochtimestr.com\/index.php\/erdogan-ve-johnson-telefonda-gorustu"},"author":{"name":"Haber Merkezi","@id":"https:\/\/epochtimestr.com\/#\/schema\/person\/3dc5c3adeb9f43923c5aa85889172fdd"},"headline":"Erdo\u011fan ve Johnson Telefonda G\u00f6r\u00fc\u015ft\u00fc","datePublished":"2021-03-08T15:50:57+00:00","dateModified":"2021-03-08T15:50:58+00:00","mainEntityOfPage":{"@id":"https:\/\/epochtimestr.com\/index.php\/erdogan-ve-johnson-telefonda-gorustu"},"wordCount":325,"publisher":{"@id":"https:\/\/epochtimestr.com\/#organization"},"image":{"@id":"https:\/\/epochtimestr.com\/index.php\/erdogan-ve-johnson-telefonda-gorustu#primaryimage"},"thumbnailUrl":"https:\/\/epochtimestr.com\/wp-content\/uploads\/2011y\/2028278-1.jpg","articleSection":["D\u00dcNYA","G\u00dcNDEM"],"inLanguage":"tr"},{"@type":"WebPage","@id":"https:\/\/epochtimestr.com\/index.php\/erdogan-ve-johnson-telefonda-gorustu","url":"https:\/\/epochtimestr.com\/index.php\/erdogan-ve-johnson-telefonda-gorustu","name":"Erdo\u011fan ve Johnson Telefonda G\u00f6r\u00fc\u015ft\u00fc - The Epoch Times TR","isPartOf":{"@id":"https:\/\/epochtimestr.com\/#website"},"primaryImageOfPage":{"@id":"https:\/\/epochtimestr.com\/index.php\/erdogan-ve-johnson-telefonda-gorustu#primaryimage"},"image":{"@id":"https:\/\/epochtimestr.com\/index.php\/erdogan-ve-johnson-telefonda-gorustu#primaryimage"},"thumbnailUrl":"https:\/\/epochtimestr.com\/wp-content\/uploads\/2011y\/2028278-1.jpg","datePublished":"2021-03-08T15:50:57+00:00","dateModified":"2021-03-08T15:50:58+00:00","inLanguage":"tr","potentialAction":[{"@type":"ReadAction","target":["https:\/\/epochtimestr.com\/index.php\/erdogan-ve-johnson-telefonda-gorustu"]}]},{"@type":"ImageObject","inLanguage":"tr","@id":"https:\/\/epochtimestr.com\/index.php\/erdogan-ve-johnson-telefonda-gorustu#primaryimage","url":"https:\/\/epochtimestr.com\/wp-content\/uploads\/2011y\/2028278-1.jpg","contentUrl":"https:\/\/epochtimestr.com\/wp-content\/uploads\/2011y\/2028278-1.jpg","width":664,"height":354},{"@type":"WebSite","@id":"https:\/\/epochtimestr.com\/#website","url":"https:\/\/epochtimestr.com\/","name":"The Epoch Times TR","description":"De\u011fi\u015fen D\u00fcnyam\u0131za Taze Bir Bak\u0131\u015f","publisher":{"@id":"https:\/\/epochtimestr.com\/#organization"},"potentialAction":[{"@type":"SearchAction","target":{"@type":"EntryPoint","urlTemplate":"https:\/\/epochtimestr.com\/?s={search_term_string}"},"query-input":"required name=search_term_string"}],"inLanguage":"tr"},{"@type":"Organization","@id":"https:\/\/epochtimestr.com\/#organization","name":"The EpochTimes T\u00fcrkiye","url":"https:\/\/epochtimestr.com\/","logo":{"@type":"ImageObject","inLanguage":"tr","@id":"https:\/\/epochtimestr.com\/#\/schema\/logo\/image\/","url":"https:\/\/epochtimestr.com\/wp-content\/uploads\/2011y\/ET-Logo-YG.jpg","contentUrl":"https:\/\/epochtimestr.com\/wp-content\/uploads\/2011y\/ET-Logo-YG.jpg","width":346,"height":29,"caption":"The EpochTimes T\u00fcrkiye"},"image":{"@id":"https:\/\/epochtimestr.com\/#\/schema\/logo\/image\/"},"sameAs":["https:\/\/www.facebook.com\/theepochtimestr","https:\/\/x.com\/TheEpochTimesTR","https:\/\/www.instagram.com\/epochtimestr"]},{"@type":"Person","@id":"https:\/\/epochtimestr.com\/#\/schema\/person\/3dc5c3adeb9f43923c5aa85889172fdd","name":"Haber Merkezi","image":{"@type":"ImageObject","inLanguage":"tr","@id":"https:\/\/epochtimestr.com\/#\/schema\/person\/image\/","url":"https:\/\/secure.gravatar.com\/avatar\/d73f772ba5a74f28601361e17c2f93e6?s=96&d=mm&r=g","contentUrl":"https:\/\/secure.gravatar.com\/avatar\/d73f772ba5a74f28601361e17c2f93e6?s=96&d=mm&r=g","caption":"Haber Merkezi"},"url":"https:\/\/epochtimestr.com\/index.php\/author\/sendag"}]}},"_links":{"self":[{"href":"https:\/\/epochtimestr.com\/index.php\/wp-json\/wp\/v2\/posts\/133711"}],"collection":[{"href":"https:\/\/epochtimestr.com\/index.php\/wp-json\/wp\/v2\/posts"}],"about":[{"href":"https:\/\/epochtimestr.com\/index.php\/wp-json\/wp\/v2\/types\/post"}],"author":[{"embeddable":true,"href":"https:\/\/epochtimestr.com\/index.php\/wp-json\/wp\/v2\/users\/12791"}],"replies":[{"embeddable":true,"href":"https:\/\/epochtimestr.com\/index.php\/wp-json\/wp\/v2\/comments?post=133711"}],"version-history":[{"count":1,"href":"https:\/\/epochtimestr.com\/index.php\/wp-json\/wp\/v2\/posts\/133711\/revisions"}],"predecessor-version":[{"id":133712,"href":"https:\/\/epochtimestr.com\/index.php\/wp-json\/wp\/v2\/posts\/133711\/revisions\/133712"}],"wp:featuredmedia":[{"embeddable":true,"href":"https:\/\/epochtimestr.com\/index.php\/wp-json\/wp\/v2\/media\/103736"}],"wp:attachment":[{"href":"https:\/\/epochtimestr.com\/index.php\/wp-json\/wp\/v2\/media?parent=133711"}],"wp:term":[{"taxonomy":"category","embeddable":true,"href":"https:\/\/epochtimestr.com\/index.php\/wp-json\/wp\/v2\/categories?post=133711"},{"taxonomy":"post_tag","embeddable":true,"href":"https:\/\/epochtimestr.com\/index.php\/wp-json\/wp\/v2\/tags?post=133711"}],"curies":[{"name":"wp","href":"https:\/\/api.w.org\/{rel}","templated":true}]}}