{"id":133869,"date":"2021-03-15T09:53:42","date_gmt":"2021-03-15T06:53:42","guid":{"rendered":"http:\/\/epochtimestr.com\/?p=133869"},"modified":"2021-03-15T09:53:48","modified_gmt":"2021-03-15T06:53:48","slug":"pekinde-kum-firtinasi-meydana-geldi","status":"publish","type":"post","link":"https:\/\/epochtimestr.com\/index.php\/pekinde-kum-firtinasi-meydana-geldi","title":{"rendered":"Pekin&#8217;de Kum F\u0131rt\u0131nas\u0131 Meydana Geldi"},"content":{"rendered":"\n<div class=\"wp-block-image\"><figure class=\"aligncenter size-large\"><img loading=\"lazy\" decoding=\"async\" width=\"600\" height=\"380\" src=\"https:\/\/epochtimestr.com\/wp-content\/uploads\/2011y\/\u00c7in-Kum-F\u0131rt\u0131na-SouthChinaMorningPost-screenshot-600x380.png\" alt=\"\" class=\"wp-image-133874\" srcset=\"https:\/\/epochtimestr.com\/wp-content\/uploads\/2011y\/\u00c7in-Kum-F\u0131rt\u0131na-SouthChinaMorningPost-screenshot-600x380.png 600w, https:\/\/epochtimestr.com\/wp-content\/uploads\/2011y\/\u00c7in-Kum-F\u0131rt\u0131na-SouthChinaMorningPost-screenshot-300x190.png 300w, https:\/\/epochtimestr.com\/wp-content\/uploads\/2011y\/\u00c7in-Kum-F\u0131rt\u0131na-SouthChinaMorningPost-screenshot-150x95.png 150w, https:\/\/epochtimestr.com\/wp-content\/uploads\/2011y\/\u00c7in-Kum-F\u0131rt\u0131na-SouthChinaMorningPost-screenshot-768x487.png 768w, https:\/\/epochtimestr.com\/wp-content\/uploads\/2011y\/\u00c7in-Kum-F\u0131rt\u0131na-SouthChinaMorningPost-screenshot.png 1212w\" sizes=\"(max-width: 600px) 100vw, 600px\" \/><\/figure><\/div>\n\n\n\n<h2 class=\"wp-block-heading\">\u00c7in\u2019in ba\u015fkenti Pekin\u2019de kum f\u0131rt\u0131nas\u0131 meydana gelmesi \u00fczerine meteoroloji yetkilileri, vatanda\u015f\u0131n d\u0131\u015far\u0131 \u00e7\u0131kmamas\u0131 konusunda uyar\u0131da bulundu.<\/h2>\n\n\n\n<p>\u00c7in\u2019in ba\u015fkenti Pekin\u2019i kum f\u0131rt\u0131nas\u0131 vurdu. G\u00f6ky\u00fcz\u00fcn\u00fc kaplayan toz bulutu nedeniyle bir \u00e7ok ki\u015fi panik ya\u015fad\u0131. <\/p>\n\n\n\n<p>\u00c7inli meteoroloji yetkilileri, vatanda\u015flara d\u0131\u015far\u0131ya \u00e7\u0131kmamalar\u0131 konusunda tavsiyede bulundu. Yerel medya, yetkililerin kentte sar\u0131 alarm verdi\u011fini duyurdu. Kum f\u0131rt\u0131nas\u0131nda can kayb\u0131 ya da yaralanma olmad\u0131\u011f\u0131 ifade edildi. Kentin bir\u00e7ok yerinde g\u00f6r\u00fc\u015f mesafesinin azalmas\u0131 sebebiyle trafikte yo\u011funluk meydana geldi.<\/p>\n\n\n\n<p><strong>SARI ALARM NED\u0130R?<\/strong><\/p>\n\n\n\n<p>Hava durumunun tehlikeli oldu\u011fu durumlarda sar\u0131 alarm verilmektedir. Bu alarm kapsam\u0131nda vatanda\u015flar, meteorolojik \u015fartlardan etkilenebilecek faaliyetler konusunda dikkatli olmal\u0131d\u0131r.<\/p>\n","protected":false},"excerpt":{"rendered":"<p>\u00c7in\u2019in ba\u015fkenti Pekin\u2019de kum f\u0131rt\u0131nas\u0131 meydana gelmesi \u00fczerine meteoroloji yetkilileri, vatanda\u015f\u0131n d\u0131\u015far\u0131 \u00e7\u0131kmamas\u0131 konusunda uyar\u0131da bulundu. \u00c7in\u2019in ba\u015fkenti Pekin\u2019i kum f\u0131rt\u0131nas\u0131 vurdu. G\u00f6ky\u00fcz\u00fcn\u00fc kaplayan toz bulutu nedeniyle bir \u00e7ok ki\u015fi panik ya\u015fad\u0131. \u00c7inli meteoroloji yetkilileri, vatanda\u015flara d\u0131\u015far\u0131ya \u00e7\u0131kmamalar\u0131 konusunda tavsiyede bulundu. Yerel medya, yetkililerin kentte sar\u0131 alarm verdi\u011fini duyurdu. Kum f\u0131rt\u0131nas\u0131nda can kayb\u0131 ya da [&hellip;]<\/p>\n","protected":false},"author":12791,"featured_media":133875,"comment_status":"closed","ping_status":"open","sticky":false,"template":"","format":"standard","meta":{"_yoast_wpseo_focuskw":"","_yoast_wpseo_title":"","_yoast_wpseo_metadesc":"","_bbp_topic_count":0,"_bbp_reply_count":0,"_bbp_total_topic_count":0,"_bbp_total_reply_count":0,"_bbp_voice_count":0,"_bbp_anonymous_reply_count":0,"_bbp_topic_count_hidden":0,"_bbp_reply_count_hidden":0,"_bbp_forum_subforum_count":0,"footnotes":"","_yoast_wpseo_focuskw_text_input":""},"categories":[5,1],"tags":[170,8113,406],"yoast_head":"<!-- This site is optimized with the Yoast SEO plugin v23.0 - https:\/\/yoast.com\/wordpress\/plugins\/seo\/ -->\n<title>Pekin&#039;de Kum F\u0131rt\u0131nas\u0131 Meydana Geldi - The Epoch Times TR<\/title>\n<meta name=\"robots\" content=\"index, follow, max-snippet:-1, max-image-preview:large, max-video-preview:-1\" \/>\n<link rel=\"canonical\" href=\"https:\/\/epochtimestr.com\/index.php\/pekinde-kum-firtinasi-meydana-geldi\" \/>\n<meta property=\"og:locale\" content=\"tr_TR\" \/>\n<meta property=\"og:type\" content=\"article\" \/>\n<meta property=\"og:title\" content=\"Pekin&#039;de Kum F\u0131rt\u0131nas\u0131 Meydana Geldi - The Epoch Times TR\" \/>\n<meta property=\"og:description\" content=\"\u00c7in\u2019in ba\u015fkenti Pekin\u2019de kum f\u0131rt\u0131nas\u0131 meydana gelmesi \u00fczerine meteoroloji yetkilileri, vatanda\u015f\u0131n d\u0131\u015far\u0131 \u00e7\u0131kmamas\u0131 konusunda uyar\u0131da bulundu. \u00c7in\u2019in ba\u015fkenti Pekin\u2019i kum f\u0131rt\u0131nas\u0131 vurdu. G\u00f6ky\u00fcz\u00fcn\u00fc kaplayan toz bulutu nedeniyle bir \u00e7ok ki\u015fi panik ya\u015fad\u0131. \u00c7inli meteoroloji yetkilileri, vatanda\u015flara d\u0131\u015far\u0131ya \u00e7\u0131kmamalar\u0131 konusunda tavsiyede bulundu. Yerel medya, yetkililerin kentte sar\u0131 alarm verdi\u011fini duyurdu. Kum f\u0131rt\u0131nas\u0131nda can kayb\u0131 ya da [&hellip;]\" \/>\n<meta property=\"og:url\" content=\"https:\/\/epochtimestr.com\/index.php\/pekinde-kum-firtinasi-meydana-geldi\" \/>\n<meta property=\"og:site_name\" content=\"The Epoch Times TR\" \/>\n<meta property=\"article:publisher\" content=\"https:\/\/www.facebook.com\/theepochtimestr\" \/>\n<meta property=\"article:published_time\" content=\"2021-03-15T06:53:42+00:00\" \/>\n<meta property=\"article:modified_time\" content=\"2021-03-15T06:53:48+00:00\" \/>\n<meta property=\"og:image\" content=\"https:\/\/epochtimestr.com\/wp-content\/uploads\/2011y\/\u00c7in-Kum-F\u0131rt\u0131na-SouthChinaMorningPost-screenshot-1.png\" \/>\n\t<meta property=\"og:image:width\" content=\"1212\" \/>\n\t<meta property=\"og:image:height\" content=\"768\" \/>\n\t<meta property=\"og:image:type\" content=\"image\/png\" \/>\n<meta name=\"author\" content=\"Haber Merkezi\" \/>\n<meta name=\"twitter:card\" content=\"summary_large_image\" \/>\n<meta name=\"twitter:creator\" content=\"@TheEpochTimesTR\" \/>\n<meta name=\"twitter:site\" content=\"@TheEpochTimesTR\" \/>\n<meta name=\"twitter:label1\" content=\"Yazan:\" \/>\n\t<meta name=\"twitter:data1\" content=\"Haber Merkezi\" \/>\n\t<meta name=\"twitter:label2\" content=\"Tahmini okuma s\u00fcresi\" \/>\n\t<meta name=\"twitter:data2\" content=\"1 dakika\" \/>\n<script type=\"application\/ld+json\" class=\"yoast-schema-graph\">{\"@context\":\"https:\/\/schema.org\",\"@graph\":[{\"@type\":\"Article\",\"@id\":\"https:\/\/epochtimestr.com\/index.php\/pekinde-kum-firtinasi-meydana-geldi#article\",\"isPartOf\":{\"@id\":\"https:\/\/epochtimestr.com\/index.php\/pekinde-kum-firtinasi-meydana-geldi\"},\"author\":{\"name\":\"Haber Merkezi\",\"@id\":\"https:\/\/epochtimestr.com\/#\/schema\/person\/3dc5c3adeb9f43923c5aa85889172fdd\"},\"headline\":\"Pekin&#8217;de Kum F\u0131rt\u0131nas\u0131 Meydana Geldi\",\"datePublished\":\"2021-03-15T06:53:42+00:00\",\"dateModified\":\"2021-03-15T06:53:48+00:00\",\"mainEntityOfPage\":{\"@id\":\"https:\/\/epochtimestr.com\/index.php\/pekinde-kum-firtinasi-meydana-geldi\"},\"wordCount\":133,\"publisher\":{\"@id\":\"https:\/\/epochtimestr.com\/#organization\"},\"image\":{\"@id\":\"https:\/\/epochtimestr.com\/index.php\/pekinde-kum-firtinasi-meydana-geldi#primaryimage\"},\"thumbnailUrl\":\"https:\/\/epochtimestr.com\/wp-content\/uploads\/2011y\/\u00c7in-Kum-F\u0131rt\u0131na-SouthChinaMorningPost-screenshot-1.png\",\"keywords\":[\"\u00c7in\",\"Kum f\u0131rt\u0131nas\u0131\",\"pekin\"],\"articleSection\":[\"D\u00dcNYA\",\"G\u00dcNDEM\"],\"inLanguage\":\"tr\"},{\"@type\":\"WebPage\",\"@id\":\"https:\/\/epochtimestr.com\/index.php\/pekinde-kum-firtinasi-meydana-geldi\",\"url\":\"https:\/\/epochtimestr.com\/index.php\/pekinde-kum-firtinasi-meydana-geldi\",\"name\":\"Pekin'de Kum F\u0131rt\u0131nas\u0131 Meydana Geldi - The Epoch Times TR\",\"isPartOf\":{\"@id\":\"https:\/\/epochtimestr.com\/#website\"},\"primaryImageOfPage\":{\"@id\":\"https:\/\/epochtimestr.com\/index.php\/pekinde-kum-firtinasi-meydana-geldi#primaryimage\"},\"image\":{\"@id\":\"https:\/\/epochtimestr.com\/index.php\/pekinde-kum-firtinasi-meydana-geldi#primaryimage\"},\"thumbnailUrl\":\"https:\/\/epochtimestr.com\/wp-content\/uploads\/2011y\/\u00c7in-Kum-F\u0131rt\u0131na-SouthChinaMorningPost-screenshot-1.png\",\"datePublished\":\"2021-03-15T06:53:42+00:00\",\"dateModified\":\"2021-03-15T06:53:48+00:00\",\"inLanguage\":\"tr\",\"potentialAction\":[{\"@type\":\"ReadAction\",\"target\":[\"https:\/\/epochtimestr.com\/index.php\/pekinde-kum-firtinasi-meydana-geldi\"]}]},{\"@type\":\"ImageObject\",\"inLanguage\":\"tr\",\"@id\":\"https:\/\/epochtimestr.com\/index.php\/pekinde-kum-firtinasi-meydana-geldi#primaryimage\",\"url\":\"https:\/\/epochtimestr.com\/wp-content\/uploads\/2011y\/\u00c7in-Kum-F\u0131rt\u0131na-SouthChinaMorningPost-screenshot-1.png\",\"contentUrl\":\"https:\/\/epochtimestr.com\/wp-content\/uploads\/2011y\/\u00c7in-Kum-F\u0131rt\u0131na-SouthChinaMorningPost-screenshot-1.png\",\"width\":1212,\"height\":768},{\"@type\":\"WebSite\",\"@id\":\"https:\/\/epochtimestr.com\/#website\",\"url\":\"https:\/\/epochtimestr.com\/\",\"name\":\"The Epoch Times TR\",\"description\":\"De\u011fi\u015fen D\u00fcnyam\u0131za Taze Bir Bak\u0131\u015f\",\"publisher\":{\"@id\":\"https:\/\/epochtimestr.com\/#organization\"},\"potentialAction\":[{\"@type\":\"SearchAction\",\"target\":{\"@type\":\"EntryPoint\",\"urlTemplate\":\"https:\/\/epochtimestr.com\/?s={search_term_string}\"},\"query-input\":\"required name=search_term_string\"}],\"inLanguage\":\"tr\"},{\"@type\":\"Organization\",\"@id\":\"https:\/\/epochtimestr.com\/#organization\",\"name\":\"The EpochTimes T\u00fcrkiye\",\"url\":\"https:\/\/epochtimestr.com\/\",\"logo\":{\"@type\":\"ImageObject\",\"inLanguage\":\"tr\",\"@id\":\"https:\/\/epochtimestr.com\/#\/schema\/logo\/image\/\",\"url\":\"https:\/\/epochtimestr.com\/wp-content\/uploads\/2011y\/ET-Logo-YG.jpg\",\"contentUrl\":\"https:\/\/epochtimestr.com\/wp-content\/uploads\/2011y\/ET-Logo-YG.jpg\",\"width\":346,\"height\":29,\"caption\":\"The EpochTimes T\u00fcrkiye\"},\"image\":{\"@id\":\"https:\/\/epochtimestr.com\/#\/schema\/logo\/image\/\"},\"sameAs\":[\"https:\/\/www.facebook.com\/theepochtimestr\",\"https:\/\/x.com\/TheEpochTimesTR\",\"https:\/\/www.instagram.com\/epochtimestr\"]},{\"@type\":\"Person\",\"@id\":\"https:\/\/epochtimestr.com\/#\/schema\/person\/3dc5c3adeb9f43923c5aa85889172fdd\",\"name\":\"Haber Merkezi\",\"image\":{\"@type\":\"ImageObject\",\"inLanguage\":\"tr\",\"@id\":\"https:\/\/epochtimestr.com\/#\/schema\/person\/image\/\",\"url\":\"https:\/\/secure.gravatar.com\/avatar\/d73f772ba5a74f28601361e17c2f93e6?s=96&d=mm&r=g\",\"contentUrl\":\"https:\/\/secure.gravatar.com\/avatar\/d73f772ba5a74f28601361e17c2f93e6?s=96&d=mm&r=g\",\"caption\":\"Haber Merkezi\"},\"url\":\"https:\/\/epochtimestr.com\/index.php\/author\/sendag\"}]}<\/script>\n<!-- \/ Yoast SEO plugin. -->","yoast_head_json":{"title":"Pekin'de Kum F\u0131rt\u0131nas\u0131 Meydana Geldi - The Epoch Times TR","robots":{"index":"index","follow":"follow","max-snippet":"max-snippet:-1","max-image-preview":"max-image-preview:large","max-video-preview":"max-video-preview:-1"},"canonical":"https:\/\/epochtimestr.com\/index.php\/pekinde-kum-firtinasi-meydana-geldi","og_locale":"tr_TR","og_type":"article","og_title":"Pekin'de Kum F\u0131rt\u0131nas\u0131 Meydana Geldi - The Epoch Times TR","og_description":"\u00c7in\u2019in ba\u015fkenti Pekin\u2019de kum f\u0131rt\u0131nas\u0131 meydana gelmesi \u00fczerine meteoroloji yetkilileri, vatanda\u015f\u0131n d\u0131\u015far\u0131 \u00e7\u0131kmamas\u0131 konusunda uyar\u0131da bulundu. \u00c7in\u2019in ba\u015fkenti Pekin\u2019i kum f\u0131rt\u0131nas\u0131 vurdu. G\u00f6ky\u00fcz\u00fcn\u00fc kaplayan toz bulutu nedeniyle bir \u00e7ok ki\u015fi panik ya\u015fad\u0131. \u00c7inli meteoroloji yetkilileri, vatanda\u015flara d\u0131\u015far\u0131ya \u00e7\u0131kmamalar\u0131 konusunda tavsiyede bulundu. Yerel medya, yetkililerin kentte sar\u0131 alarm verdi\u011fini duyurdu. Kum f\u0131rt\u0131nas\u0131nda can kayb\u0131 ya da [&hellip;]","og_url":"https:\/\/epochtimestr.com\/index.php\/pekinde-kum-firtinasi-meydana-geldi","og_site_name":"The Epoch Times TR","article_publisher":"https:\/\/www.facebook.com\/theepochtimestr","article_published_time":"2021-03-15T06:53:42+00:00","article_modified_time":"2021-03-15T06:53:48+00:00","og_image":[{"width":1212,"height":768,"url":"https:\/\/epochtimestr.com\/wp-content\/uploads\/2011y\/\u00c7in-Kum-F\u0131rt\u0131na-SouthChinaMorningPost-screenshot-1.png","type":"image\/png"}],"author":"Haber Merkezi","twitter_card":"summary_large_image","twitter_creator":"@TheEpochTimesTR","twitter_site":"@TheEpochTimesTR","twitter_misc":{"Yazan:":"Haber Merkezi","Tahmini okuma s\u00fcresi":"1 dakika"},"schema":{"@context":"https:\/\/schema.org","@graph":[{"@type":"Article","@id":"https:\/\/epochtimestr.com\/index.php\/pekinde-kum-firtinasi-meydana-geldi#article","isPartOf":{"@id":"https:\/\/epochtimestr.com\/index.php\/pekinde-kum-firtinasi-meydana-geldi"},"author":{"name":"Haber Merkezi","@id":"https:\/\/epochtimestr.com\/#\/schema\/person\/3dc5c3adeb9f43923c5aa85889172fdd"},"headline":"Pekin&#8217;de Kum F\u0131rt\u0131nas\u0131 Meydana Geldi","datePublished":"2021-03-15T06:53:42+00:00","dateModified":"2021-03-15T06:53:48+00:00","mainEntityOfPage":{"@id":"https:\/\/epochtimestr.com\/index.php\/pekinde-kum-firtinasi-meydana-geldi"},"wordCount":133,"publisher":{"@id":"https:\/\/epochtimestr.com\/#organization"},"image":{"@id":"https:\/\/epochtimestr.com\/index.php\/pekinde-kum-firtinasi-meydana-geldi#primaryimage"},"thumbnailUrl":"https:\/\/epochtimestr.com\/wp-content\/uploads\/2011y\/\u00c7in-Kum-F\u0131rt\u0131na-SouthChinaMorningPost-screenshot-1.png","keywords":["\u00c7in","Kum f\u0131rt\u0131nas\u0131","pekin"],"articleSection":["D\u00dcNYA","G\u00dcNDEM"],"inLanguage":"tr"},{"@type":"WebPage","@id":"https:\/\/epochtimestr.com\/index.php\/pekinde-kum-firtinasi-meydana-geldi","url":"https:\/\/epochtimestr.com\/index.php\/pekinde-kum-firtinasi-meydana-geldi","name":"Pekin'de Kum F\u0131rt\u0131nas\u0131 Meydana Geldi - The Epoch Times TR","isPartOf":{"@id":"https:\/\/epochtimestr.com\/#website"},"primaryImageOfPage":{"@id":"https:\/\/epochtimestr.com\/index.php\/pekinde-kum-firtinasi-meydana-geldi#primaryimage"},"image":{"@id":"https:\/\/epochtimestr.com\/index.php\/pekinde-kum-firtinasi-meydana-geldi#primaryimage"},"thumbnailUrl":"https:\/\/epochtimestr.com\/wp-content\/uploads\/2011y\/\u00c7in-Kum-F\u0131rt\u0131na-SouthChinaMorningPost-screenshot-1.png","datePublished":"2021-03-15T06:53:42+00:00","dateModified":"2021-03-15T06:53:48+00:00","inLanguage":"tr","potentialAction":[{"@type":"ReadAction","target":["https:\/\/epochtimestr.com\/index.php\/pekinde-kum-firtinasi-meydana-geldi"]}]},{"@type":"ImageObject","inLanguage":"tr","@id":"https:\/\/epochtimestr.com\/index.php\/pekinde-kum-firtinasi-meydana-geldi#primaryimage","url":"https:\/\/epochtimestr.com\/wp-content\/uploads\/2011y\/\u00c7in-Kum-F\u0131rt\u0131na-SouthChinaMorningPost-screenshot-1.png","contentUrl":"https:\/\/epochtimestr.com\/wp-content\/uploads\/2011y\/\u00c7in-Kum-F\u0131rt\u0131na-SouthChinaMorningPost-screenshot-1.png","width":1212,"height":768},{"@type":"WebSite","@id":"https:\/\/epochtimestr.com\/#website","url":"https:\/\/epochtimestr.com\/","name":"The Epoch Times TR","description":"De\u011fi\u015fen D\u00fcnyam\u0131za Taze Bir Bak\u0131\u015f","publisher":{"@id":"https:\/\/epochtimestr.com\/#organization"},"potentialAction":[{"@type":"SearchAction","target":{"@type":"EntryPoint","urlTemplate":"https:\/\/epochtimestr.com\/?s={search_term_string}"},"query-input":"required name=search_term_string"}],"inLanguage":"tr"},{"@type":"Organization","@id":"https:\/\/epochtimestr.com\/#organization","name":"The EpochTimes T\u00fcrkiye","url":"https:\/\/epochtimestr.com\/","logo":{"@type":"ImageObject","inLanguage":"tr","@id":"https:\/\/epochtimestr.com\/#\/schema\/logo\/image\/","url":"https:\/\/epochtimestr.com\/wp-content\/uploads\/2011y\/ET-Logo-YG.jpg","contentUrl":"https:\/\/epochtimestr.com\/wp-content\/uploads\/2011y\/ET-Logo-YG.jpg","width":346,"height":29,"caption":"The EpochTimes T\u00fcrkiye"},"image":{"@id":"https:\/\/epochtimestr.com\/#\/schema\/logo\/image\/"},"sameAs":["https:\/\/www.facebook.com\/theepochtimestr","https:\/\/x.com\/TheEpochTimesTR","https:\/\/www.instagram.com\/epochtimestr"]},{"@type":"Person","@id":"https:\/\/epochtimestr.com\/#\/schema\/person\/3dc5c3adeb9f43923c5aa85889172fdd","name":"Haber Merkezi","image":{"@type":"ImageObject","inLanguage":"tr","@id":"https:\/\/epochtimestr.com\/#\/schema\/person\/image\/","url":"https:\/\/secure.gravatar.com\/avatar\/d73f772ba5a74f28601361e17c2f93e6?s=96&d=mm&r=g","contentUrl":"https:\/\/secure.gravatar.com\/avatar\/d73f772ba5a74f28601361e17c2f93e6?s=96&d=mm&r=g","caption":"Haber Merkezi"},"url":"https:\/\/epochtimestr.com\/index.php\/author\/sendag"}]}},"_links":{"self":[{"href":"https:\/\/epochtimestr.com\/index.php\/wp-json\/wp\/v2\/posts\/133869"}],"collection":[{"href":"https:\/\/epochtimestr.com\/index.php\/wp-json\/wp\/v2\/posts"}],"about":[{"href":"https:\/\/epochtimestr.com\/index.php\/wp-json\/wp\/v2\/types\/post"}],"author":[{"embeddable":true,"href":"https:\/\/epochtimestr.com\/index.php\/wp-json\/wp\/v2\/users\/12791"}],"replies":[{"embeddable":true,"href":"https:\/\/epochtimestr.com\/index.php\/wp-json\/wp\/v2\/comments?post=133869"}],"version-history":[{"count":2,"href":"https:\/\/epochtimestr.com\/index.php\/wp-json\/wp\/v2\/posts\/133869\/revisions"}],"predecessor-version":[{"id":133876,"href":"https:\/\/epochtimestr.com\/index.php\/wp-json\/wp\/v2\/posts\/133869\/revisions\/133876"}],"wp:featuredmedia":[{"embeddable":true,"href":"https:\/\/epochtimestr.com\/index.php\/wp-json\/wp\/v2\/media\/133875"}],"wp:attachment":[{"href":"https:\/\/epochtimestr.com\/index.php\/wp-json\/wp\/v2\/media?parent=133869"}],"wp:term":[{"taxonomy":"category","embeddable":true,"href":"https:\/\/epochtimestr.com\/index.php\/wp-json\/wp\/v2\/categories?post=133869"},{"taxonomy":"post_tag","embeddable":true,"href":"https:\/\/epochtimestr.com\/index.php\/wp-json\/wp\/v2\/tags?post=133869"}],"curies":[{"name":"wp","href":"https:\/\/api.w.org\/{rel}","templated":true}]}}