{"id":133892,"date":"2021-03-16T14:44:51","date_gmt":"2021-03-16T11:44:51","guid":{"rendered":"http:\/\/epochtimestr.com\/?p=133892"},"modified":"2021-03-16T14:45:02","modified_gmt":"2021-03-16T11:45:02","slug":"almanya-italya-ve-fransa-astrazeneca-asisini-durdurdu","status":"publish","type":"post","link":"https:\/\/epochtimestr.com\/index.php\/almanya-italya-ve-fransa-astrazeneca-asisini-durdurdu","title":{"rendered":"Almanya, \u0130talya ve Fransa AstraZeneca A\u015f\u0131s\u0131n\u0131 Durdurdu"},"content":{"rendered":"\n<div class=\"wp-block-image\"><figure class=\"aligncenter size-large\"><img loading=\"lazy\" decoding=\"async\" width=\"600\" height=\"350\" src=\"https:\/\/epochtimestr.com\/wp-content\/uploads\/2011y\/A\u015f\u0131-Kovid-19-pixabay-600x350.jpg\" alt=\"\" class=\"wp-image-131631\" srcset=\"https:\/\/epochtimestr.com\/wp-content\/uploads\/2011y\/A\u015f\u0131-Kovid-19-pixabay-600x350.jpg 600w, https:\/\/epochtimestr.com\/wp-content\/uploads\/2011y\/A\u015f\u0131-Kovid-19-pixabay-300x175.jpg 300w, https:\/\/epochtimestr.com\/wp-content\/uploads\/2011y\/A\u015f\u0131-Kovid-19-pixabay-150x87.jpg 150w, https:\/\/epochtimestr.com\/wp-content\/uploads\/2011y\/A\u015f\u0131-Kovid-19-pixabay.jpg 640w\" sizes=\"(max-width: 600px) 100vw, 600px\" \/><\/figure><\/div>\n\n\n\n<h2 class=\"wp-block-heading\">Almanya, \u0130talya, Fransa AstraZeneca a\u015f\u0131s\u0131 kullan\u0131m\u0131n\u0131 durdurdu, \u0130spanya ise a\u015f\u0131y\u0131 15 g\u00fcnl\u00fc\u011f\u00fcne ask\u0131ya ald\u0131.<\/h2>\n\n\n\n<p>Almanya\u00a0Sa\u011fl\u0131k Bakanl\u0131\u011f\u0131ndan yap\u0131lan a\u00e7\u0131klamada, \u00fclkede a\u015f\u0131 konusunda yetkisi bulunan Paul-Ehrlich Enstit\u00fcs\u00fcn\u00fcn bu y\u00f6ndeki tavsiyesi \u00fczerine durdurma karar\u0131n\u0131n al\u0131nd\u0131\u011f\u0131 ifade edildi.<\/p>\n\n\n\n<p>A\u00e7\u0131klamada, a\u015f\u0131n\u0131n\u00a0kanda p\u0131ht\u0131la\u015fma riski bulundu\u011fu\u00a0gerek\u00e7esiyle ge\u00e7ici olarak yap\u0131lmayaca\u011f\u0131n\u0131 ve Avrupa \u0130la\u00e7 Ajans\u0131n\u0131n (EMA) yeni bulgular\u0131n a\u015f\u0131n\u0131n onaylanmas\u0131n\u0131 etkileyip etkilemeyece\u011fine ve nas\u0131l etkileyece\u011fine karar verece\u011fi vurguland\u0131.<\/p>\n\n\n\n<h3 class=\"wp-block-heading\">\u0130talya<\/h3>\n\n\n\n<p>\u0130talyan \u0130la\u00e7 Ajans\u0131ndan (AIFA) yap\u0131lan yaz\u0131l\u0131 a\u00e7\u0131klamada da &#8220;AIFA, AstraZeneca Kovid-19 a\u015f\u0131s\u0131n\u0131n \u00fclke genelinde kullan\u0131m\u0131n\u0131, tedbir maksatl\u0131, EMA&#8217;n\u0131n (Avrupa \u0130la\u00e7 Ajans\u0131) konuya ili\u015fkin karar\u0131n\u0131 beklemek \u00fczere ge\u00e7ici olarak durdurdu. Bu karar, di\u011fer Avrupa \u00fclkelerindekilere benzer tedbirler do\u011frultusunda al\u0131nm\u0131\u015ft\u0131r.&#8221; ifadeleri kullan\u0131ld\u0131.<br \/><br \/>AstraZeneca a\u015f\u0131s\u0131na y\u00f6nelik rapor edilen olumsuz durumlara ili\u015fkin soru\u015fturmalar\u0131n s\u00fcrd\u00fc\u011f\u00fc belirtilen a\u00e7\u0131klamada, AIFA\u2019n\u0131n EMA ve di\u011fer Avrupa \u00fclkeleriyle beraber ya\u015fanan hadiseleri ortakla\u015fa de\u011ferlendirilece\u011fi kaydedildi.<br \/><br \/>AIFA&#8217;n\u0131n halihaz\u0131rda Astrazeneca a\u015f\u0131s\u0131n\u0131n ilk dozunu alm\u0131\u015f olanlar i\u00e7in ikinci dozu tamamlamaya y\u00f6nelik ba\u015fka y\u00f6ntemler de dahil gerekli bilgilendirmeyi en k\u0131sa s\u00fcrede a\u00e7\u0131klayaca\u011f\u0131 bildirildi.<br \/><br \/>Bu arada, AstraZeneca a\u015f\u0131s\u0131 yap\u0131lan bir profes\u00f6r\u00fcn daha sonra hayat\u0131n\u0131 kaybetmesi sebebiyle Biella Cumhuriyet Savc\u0131l\u0131\u011f\u0131 soru\u015fturma ba\u015flatt\u0131.<\/p>\n\n\n\n<h3 class=\"wp-block-heading\">Fransa<\/h3>\n\n\n\n<p>Fransa Cumhurba\u015fkan\u0131 Emmanuel Macron ise \u0130spanya Ba\u015fbakan\u0131 Pedro Sanchez ile d\u00fczenledi\u011fi ortak bas\u0131n toplant\u0131s\u0131nda &#8220;a\u015f\u0131 pasaportu&#8221; yerine &#8220;a\u015f\u0131 sertifikas\u0131&#8221; kavram\u0131n\u0131 kullanmay\u0131 tercih etti\u011fini kaydetti.<br \/><br \/>Bu konuda \u00f6nemli olan Avrupal\u0131lar\u0131n yeniden seyahat edebilmesi ve \u015fartlar\u0131n belirlenmesi oldu\u011funun alt\u0131n\u0131 \u00e7izen Macron, Avrupa Birli\u011fi (AB) d\u0131\u015f\u0131ndaki \u00fclkelere seyahat konusunda a\u015f\u0131 sertifikas\u0131 g\u00fcndeme gelece\u011fini belirtti.<br \/><br \/>Macron, d\u00fcnyada a\u015f\u0131lar\u0131n hepsinin kabul edilip edilmeyece\u011fi gibi sorular\u0131n da cevaplanmas\u0131 gerekti\u011fini dile getirdi.<br \/><br \/>Bu konularda Avrupa&#8217;da koordinasyonun gerekti\u011fini ifade eden Macron, EMA&#8217;n\u0131n AstraZeneca firmas\u0131n\u0131n geli\u015ftirdi\u011fi Kovid-19 a\u015f\u0131s\u0131yla ilgili g\u00f6r\u00fc\u015f\u00fcn\u00fc yar\u0131n a\u00e7\u0131klayaca\u011f\u0131n\u0131 kaydederek, bu a\u015f\u0131n\u0131n kullan\u0131m\u0131n\u0131 yar\u0131n \u00f6\u011flene kadar ask\u0131ya ald\u0131klar\u0131n\u0131 duyurdu.<br \/><br \/>Macron, Kovid-19 vaka say\u0131s\u0131ndaki art\u0131\u015flar nedeniyle gelecek g\u00fcnlerde yeni kararlar alabileceklerini s\u00f6yledi.<\/p>\n\n\n\n<h3 class=\"wp-block-heading\">\u0130spanya<\/h3>\n\n\n\n<p>\u0130spanya Sa\u011fl\u0131k Bakan\u0131 Carolina Darias da AstraZeneca ile ilgili karar almak i\u00e7in \u00fclkedeki 17 \u00f6zerk y\u00f6netim ile Melilla ve Ceuta kentlerindeki yerel y\u00f6netimlerin sa\u011fl\u0131k bakanlar\u0131yla video konferans y\u00f6ntemiyle acil toplant\u0131 yapt\u0131.<\/p>\n\n\n\n<p>Darias, bu toplant\u0131da, EMA&#8217;n\u0131n AstraZeneca ile ilgili karar\u0131n\u0131n beklenece\u011fini ve ilk a\u015famada 15 g\u00fcn boyunca bu a\u015f\u0131n\u0131n kullan\u0131m\u0131n\u0131n ask\u0131ya al\u0131nd\u0131\u011f\u0131n\u0131 duyurdu.<\/p>\n\n\n\n<h3 class=\"wp-block-heading\">12 \u00fclke kullan\u0131m\u0131 ask\u0131ya ald\u0131<\/h3>\n\n\n\n<p>Daha \u00f6nce Hollanda, \u0130rlanda, Norve\u00e7, Danimarka, \u0130zlanda, Romanya, \u0130talya ve Bulgaristan bu a\u015f\u0131n\u0131n kullan\u0131m\u0131n\u0131 ge\u00e7ici olarak durdurmu\u015ftu.<\/p>\n\n\n\n<p>DS\u00d6 Genel Direkt\u00f6r\u00fc Tedros Adhanom Ghebreyesus, baz\u0131 \u00fclkelerin, Oxford-AstraZeneca a\u015f\u0131s\u0131n\u0131n kullan\u0131m\u0131n\u0131 ask\u0131ya ald\u0131\u011f\u0131n\u0131n fark\u0131nda olduklar\u0131n\u0131, bu a\u015f\u0131ya ili\u015fkin incelemelerinin s\u00fcrd\u00fc\u011f\u00fcn\u00fc kaydetmi\u015fti.<\/p>\n\n\n\n<p>DS\u00d6 S\u00f6zc\u00fcs\u00fc Margaret Harris de &#8220;AstraZeneca, kullan\u0131lan di\u011fer a\u015f\u0131lar gibi m\u00fckemmel bir a\u015f\u0131d\u0131r. Kullan\u0131lmamas\u0131 i\u00e7in hi\u00e7bir neden yok. \u00d6l\u00fcmlerle ilgili verileri inceledik. Bug\u00fcne kadar a\u015f\u0131lamadan kaynakland\u0131\u011f\u0131 kan\u0131tlanm\u0131\u015f bir \u00f6l\u00fcm olmad\u0131.&#8221; ifadesini kullanm\u0131\u015ft\u0131.<\/p>\n","protected":false},"excerpt":{"rendered":"<p>Almanya, \u0130talya, Fransa AstraZeneca a\u015f\u0131s\u0131 kullan\u0131m\u0131n\u0131 durdurdu, \u0130spanya ise a\u015f\u0131y\u0131 15 g\u00fcnl\u00fc\u011f\u00fcne ask\u0131ya ald\u0131. Almanya\u00a0Sa\u011fl\u0131k Bakanl\u0131\u011f\u0131ndan yap\u0131lan a\u00e7\u0131klamada, \u00fclkede a\u015f\u0131 konusunda yetkisi bulunan Paul-Ehrlich Enstit\u00fcs\u00fcn\u00fcn bu y\u00f6ndeki tavsiyesi \u00fczerine durdurma karar\u0131n\u0131n al\u0131nd\u0131\u011f\u0131 ifade edildi. A\u00e7\u0131klamada, a\u015f\u0131n\u0131n\u00a0kanda p\u0131ht\u0131la\u015fma riski bulundu\u011fu\u00a0gerek\u00e7esiyle ge\u00e7ici olarak yap\u0131lmayaca\u011f\u0131n\u0131 ve Avrupa \u0130la\u00e7 Ajans\u0131n\u0131n (EMA) yeni bulgular\u0131n a\u015f\u0131n\u0131n onaylanmas\u0131n\u0131 etkileyip etkilemeyece\u011fine ve nas\u0131l [&hellip;]<\/p>\n","protected":false},"author":12791,"featured_media":131631,"comment_status":"closed","ping_status":"open","sticky":false,"template":"","format":"standard","meta":{"_yoast_wpseo_focuskw":"","_yoast_wpseo_title":"","_yoast_wpseo_metadesc":"","_bbp_topic_count":0,"_bbp_reply_count":0,"_bbp_total_topic_count":0,"_bbp_total_reply_count":0,"_bbp_voice_count":0,"_bbp_anonymous_reply_count":0,"_bbp_topic_count_hidden":0,"_bbp_reply_count_hidden":0,"_bbp_forum_subforum_count":0,"footnotes":"","_yoast_wpseo_focuskw_text_input":""},"categories":[5,1],"tags":[743,8114,8012],"yoast_head":"<!-- This site is optimized with the Yoast SEO plugin v23.0 - https:\/\/yoast.com\/wordpress\/plugins\/seo\/ -->\n<title>Almanya, \u0130talya ve Fransa AstraZeneca A\u015f\u0131s\u0131n\u0131 Durdurdu - The Epoch Times TR<\/title>\n<meta name=\"robots\" content=\"index, follow, max-snippet:-1, max-image-preview:large, max-video-preview:-1\" \/>\n<link rel=\"canonical\" href=\"https:\/\/epochtimestr.com\/index.php\/almanya-italya-ve-fransa-astrazeneca-asisini-durdurdu\" \/>\n<meta property=\"og:locale\" content=\"tr_TR\" \/>\n<meta property=\"og:type\" content=\"article\" \/>\n<meta property=\"og:title\" content=\"Almanya, \u0130talya ve Fransa AstraZeneca A\u015f\u0131s\u0131n\u0131 Durdurdu - The Epoch Times TR\" \/>\n<meta property=\"og:description\" content=\"Almanya, \u0130talya, Fransa AstraZeneca a\u015f\u0131s\u0131 kullan\u0131m\u0131n\u0131 durdurdu, \u0130spanya ise a\u015f\u0131y\u0131 15 g\u00fcnl\u00fc\u011f\u00fcne ask\u0131ya ald\u0131. Almanya\u00a0Sa\u011fl\u0131k Bakanl\u0131\u011f\u0131ndan yap\u0131lan a\u00e7\u0131klamada, \u00fclkede a\u015f\u0131 konusunda yetkisi bulunan Paul-Ehrlich Enstit\u00fcs\u00fcn\u00fcn bu y\u00f6ndeki tavsiyesi \u00fczerine durdurma karar\u0131n\u0131n al\u0131nd\u0131\u011f\u0131 ifade edildi. A\u00e7\u0131klamada, a\u015f\u0131n\u0131n\u00a0kanda p\u0131ht\u0131la\u015fma riski bulundu\u011fu\u00a0gerek\u00e7esiyle ge\u00e7ici olarak yap\u0131lmayaca\u011f\u0131n\u0131 ve Avrupa \u0130la\u00e7 Ajans\u0131n\u0131n (EMA) yeni bulgular\u0131n a\u015f\u0131n\u0131n onaylanmas\u0131n\u0131 etkileyip etkilemeyece\u011fine ve nas\u0131l [&hellip;]\" \/>\n<meta property=\"og:url\" content=\"https:\/\/epochtimestr.com\/index.php\/almanya-italya-ve-fransa-astrazeneca-asisini-durdurdu\" \/>\n<meta property=\"og:site_name\" content=\"The Epoch Times TR\" \/>\n<meta property=\"article:publisher\" content=\"https:\/\/www.facebook.com\/theepochtimestr\" \/>\n<meta property=\"article:published_time\" content=\"2021-03-16T11:44:51+00:00\" \/>\n<meta property=\"article:modified_time\" content=\"2021-03-16T11:45:02+00:00\" \/>\n<meta property=\"og:image\" content=\"https:\/\/epochtimestr.com\/wp-content\/uploads\/2011y\/A\u015f\u0131-Kovid-19-pixabay.jpg\" \/>\n\t<meta property=\"og:image:width\" content=\"640\" \/>\n\t<meta property=\"og:image:height\" content=\"373\" \/>\n\t<meta property=\"og:image:type\" content=\"image\/jpeg\" \/>\n<meta name=\"author\" content=\"Haber Merkezi\" \/>\n<meta name=\"twitter:card\" content=\"summary_large_image\" \/>\n<meta name=\"twitter:creator\" content=\"@TheEpochTimesTR\" \/>\n<meta name=\"twitter:site\" content=\"@TheEpochTimesTR\" \/>\n<meta name=\"twitter:label1\" content=\"Yazan:\" \/>\n\t<meta name=\"twitter:data1\" content=\"Haber Merkezi\" \/>\n\t<meta name=\"twitter:label2\" content=\"Tahmini okuma s\u00fcresi\" \/>\n\t<meta name=\"twitter:data2\" content=\"3 dakika\" \/>\n<script type=\"application\/ld+json\" class=\"yoast-schema-graph\">{\"@context\":\"https:\/\/schema.org\",\"@graph\":[{\"@type\":\"Article\",\"@id\":\"https:\/\/epochtimestr.com\/index.php\/almanya-italya-ve-fransa-astrazeneca-asisini-durdurdu#article\",\"isPartOf\":{\"@id\":\"https:\/\/epochtimestr.com\/index.php\/almanya-italya-ve-fransa-astrazeneca-asisini-durdurdu\"},\"author\":{\"name\":\"Haber Merkezi\",\"@id\":\"https:\/\/epochtimestr.com\/#\/schema\/person\/3dc5c3adeb9f43923c5aa85889172fdd\"},\"headline\":\"Almanya, \u0130talya ve Fransa AstraZeneca A\u015f\u0131s\u0131n\u0131 Durdurdu\",\"datePublished\":\"2021-03-16T11:44:51+00:00\",\"dateModified\":\"2021-03-16T11:45:02+00:00\",\"mainEntityOfPage\":{\"@id\":\"https:\/\/epochtimestr.com\/index.php\/almanya-italya-ve-fransa-astrazeneca-asisini-durdurdu\"},\"wordCount\":616,\"publisher\":{\"@id\":\"https:\/\/epochtimestr.com\/#organization\"},\"image\":{\"@id\":\"https:\/\/epochtimestr.com\/index.php\/almanya-italya-ve-fransa-astrazeneca-asisini-durdurdu#primaryimage\"},\"thumbnailUrl\":\"https:\/\/epochtimestr.com\/wp-content\/uploads\/2011y\/A\u015f\u0131-Kovid-19-pixabay.jpg\",\"keywords\":[\"a\u015f\u0131\",\"AstraZeneca\",\"Covid19\"],\"articleSection\":[\"D\u00dcNYA\",\"G\u00dcNDEM\"],\"inLanguage\":\"tr\"},{\"@type\":\"WebPage\",\"@id\":\"https:\/\/epochtimestr.com\/index.php\/almanya-italya-ve-fransa-astrazeneca-asisini-durdurdu\",\"url\":\"https:\/\/epochtimestr.com\/index.php\/almanya-italya-ve-fransa-astrazeneca-asisini-durdurdu\",\"name\":\"Almanya, \u0130talya ve Fransa AstraZeneca A\u015f\u0131s\u0131n\u0131 Durdurdu - The Epoch Times TR\",\"isPartOf\":{\"@id\":\"https:\/\/epochtimestr.com\/#website\"},\"primaryImageOfPage\":{\"@id\":\"https:\/\/epochtimestr.com\/index.php\/almanya-italya-ve-fransa-astrazeneca-asisini-durdurdu#primaryimage\"},\"image\":{\"@id\":\"https:\/\/epochtimestr.com\/index.php\/almanya-italya-ve-fransa-astrazeneca-asisini-durdurdu#primaryimage\"},\"thumbnailUrl\":\"https:\/\/epochtimestr.com\/wp-content\/uploads\/2011y\/A\u015f\u0131-Kovid-19-pixabay.jpg\",\"datePublished\":\"2021-03-16T11:44:51+00:00\",\"dateModified\":\"2021-03-16T11:45:02+00:00\",\"inLanguage\":\"tr\",\"potentialAction\":[{\"@type\":\"ReadAction\",\"target\":[\"https:\/\/epochtimestr.com\/index.php\/almanya-italya-ve-fransa-astrazeneca-asisini-durdurdu\"]}]},{\"@type\":\"ImageObject\",\"inLanguage\":\"tr\",\"@id\":\"https:\/\/epochtimestr.com\/index.php\/almanya-italya-ve-fransa-astrazeneca-asisini-durdurdu#primaryimage\",\"url\":\"https:\/\/epochtimestr.com\/wp-content\/uploads\/2011y\/A\u015f\u0131-Kovid-19-pixabay.jpg\",\"contentUrl\":\"https:\/\/epochtimestr.com\/wp-content\/uploads\/2011y\/A\u015f\u0131-Kovid-19-pixabay.jpg\",\"width\":640,\"height\":373},{\"@type\":\"WebSite\",\"@id\":\"https:\/\/epochtimestr.com\/#website\",\"url\":\"https:\/\/epochtimestr.com\/\",\"name\":\"The Epoch Times TR\",\"description\":\"De\u011fi\u015fen D\u00fcnyam\u0131za Taze Bir Bak\u0131\u015f\",\"publisher\":{\"@id\":\"https:\/\/epochtimestr.com\/#organization\"},\"potentialAction\":[{\"@type\":\"SearchAction\",\"target\":{\"@type\":\"EntryPoint\",\"urlTemplate\":\"https:\/\/epochtimestr.com\/?s={search_term_string}\"},\"query-input\":\"required name=search_term_string\"}],\"inLanguage\":\"tr\"},{\"@type\":\"Organization\",\"@id\":\"https:\/\/epochtimestr.com\/#organization\",\"name\":\"The EpochTimes T\u00fcrkiye\",\"url\":\"https:\/\/epochtimestr.com\/\",\"logo\":{\"@type\":\"ImageObject\",\"inLanguage\":\"tr\",\"@id\":\"https:\/\/epochtimestr.com\/#\/schema\/logo\/image\/\",\"url\":\"https:\/\/epochtimestr.com\/wp-content\/uploads\/2011y\/ET-Logo-YG.jpg\",\"contentUrl\":\"https:\/\/epochtimestr.com\/wp-content\/uploads\/2011y\/ET-Logo-YG.jpg\",\"width\":346,\"height\":29,\"caption\":\"The EpochTimes T\u00fcrkiye\"},\"image\":{\"@id\":\"https:\/\/epochtimestr.com\/#\/schema\/logo\/image\/\"},\"sameAs\":[\"https:\/\/www.facebook.com\/theepochtimestr\",\"https:\/\/x.com\/TheEpochTimesTR\",\"https:\/\/www.instagram.com\/epochtimestr\"]},{\"@type\":\"Person\",\"@id\":\"https:\/\/epochtimestr.com\/#\/schema\/person\/3dc5c3adeb9f43923c5aa85889172fdd\",\"name\":\"Haber Merkezi\",\"image\":{\"@type\":\"ImageObject\",\"inLanguage\":\"tr\",\"@id\":\"https:\/\/epochtimestr.com\/#\/schema\/person\/image\/\",\"url\":\"https:\/\/secure.gravatar.com\/avatar\/d73f772ba5a74f28601361e17c2f93e6?s=96&d=mm&r=g\",\"contentUrl\":\"https:\/\/secure.gravatar.com\/avatar\/d73f772ba5a74f28601361e17c2f93e6?s=96&d=mm&r=g\",\"caption\":\"Haber Merkezi\"},\"url\":\"https:\/\/epochtimestr.com\/index.php\/author\/sendag\"}]}<\/script>\n<!-- \/ Yoast SEO plugin. -->","yoast_head_json":{"title":"Almanya, \u0130talya ve Fransa AstraZeneca A\u015f\u0131s\u0131n\u0131 Durdurdu - The Epoch Times TR","robots":{"index":"index","follow":"follow","max-snippet":"max-snippet:-1","max-image-preview":"max-image-preview:large","max-video-preview":"max-video-preview:-1"},"canonical":"https:\/\/epochtimestr.com\/index.php\/almanya-italya-ve-fransa-astrazeneca-asisini-durdurdu","og_locale":"tr_TR","og_type":"article","og_title":"Almanya, \u0130talya ve Fransa AstraZeneca A\u015f\u0131s\u0131n\u0131 Durdurdu - The Epoch Times TR","og_description":"Almanya, \u0130talya, Fransa AstraZeneca a\u015f\u0131s\u0131 kullan\u0131m\u0131n\u0131 durdurdu, \u0130spanya ise a\u015f\u0131y\u0131 15 g\u00fcnl\u00fc\u011f\u00fcne ask\u0131ya ald\u0131. Almanya\u00a0Sa\u011fl\u0131k Bakanl\u0131\u011f\u0131ndan yap\u0131lan a\u00e7\u0131klamada, \u00fclkede a\u015f\u0131 konusunda yetkisi bulunan Paul-Ehrlich Enstit\u00fcs\u00fcn\u00fcn bu y\u00f6ndeki tavsiyesi \u00fczerine durdurma karar\u0131n\u0131n al\u0131nd\u0131\u011f\u0131 ifade edildi. A\u00e7\u0131klamada, a\u015f\u0131n\u0131n\u00a0kanda p\u0131ht\u0131la\u015fma riski bulundu\u011fu\u00a0gerek\u00e7esiyle ge\u00e7ici olarak yap\u0131lmayaca\u011f\u0131n\u0131 ve Avrupa \u0130la\u00e7 Ajans\u0131n\u0131n (EMA) yeni bulgular\u0131n a\u015f\u0131n\u0131n onaylanmas\u0131n\u0131 etkileyip etkilemeyece\u011fine ve nas\u0131l [&hellip;]","og_url":"https:\/\/epochtimestr.com\/index.php\/almanya-italya-ve-fransa-astrazeneca-asisini-durdurdu","og_site_name":"The Epoch Times TR","article_publisher":"https:\/\/www.facebook.com\/theepochtimestr","article_published_time":"2021-03-16T11:44:51+00:00","article_modified_time":"2021-03-16T11:45:02+00:00","og_image":[{"width":640,"height":373,"url":"https:\/\/epochtimestr.com\/wp-content\/uploads\/2011y\/A\u015f\u0131-Kovid-19-pixabay.jpg","type":"image\/jpeg"}],"author":"Haber Merkezi","twitter_card":"summary_large_image","twitter_creator":"@TheEpochTimesTR","twitter_site":"@TheEpochTimesTR","twitter_misc":{"Yazan:":"Haber Merkezi","Tahmini okuma s\u00fcresi":"3 dakika"},"schema":{"@context":"https:\/\/schema.org","@graph":[{"@type":"Article","@id":"https:\/\/epochtimestr.com\/index.php\/almanya-italya-ve-fransa-astrazeneca-asisini-durdurdu#article","isPartOf":{"@id":"https:\/\/epochtimestr.com\/index.php\/almanya-italya-ve-fransa-astrazeneca-asisini-durdurdu"},"author":{"name":"Haber Merkezi","@id":"https:\/\/epochtimestr.com\/#\/schema\/person\/3dc5c3adeb9f43923c5aa85889172fdd"},"headline":"Almanya, \u0130talya ve Fransa AstraZeneca A\u015f\u0131s\u0131n\u0131 Durdurdu","datePublished":"2021-03-16T11:44:51+00:00","dateModified":"2021-03-16T11:45:02+00:00","mainEntityOfPage":{"@id":"https:\/\/epochtimestr.com\/index.php\/almanya-italya-ve-fransa-astrazeneca-asisini-durdurdu"},"wordCount":616,"publisher":{"@id":"https:\/\/epochtimestr.com\/#organization"},"image":{"@id":"https:\/\/epochtimestr.com\/index.php\/almanya-italya-ve-fransa-astrazeneca-asisini-durdurdu#primaryimage"},"thumbnailUrl":"https:\/\/epochtimestr.com\/wp-content\/uploads\/2011y\/A\u015f\u0131-Kovid-19-pixabay.jpg","keywords":["a\u015f\u0131","AstraZeneca","Covid19"],"articleSection":["D\u00dcNYA","G\u00dcNDEM"],"inLanguage":"tr"},{"@type":"WebPage","@id":"https:\/\/epochtimestr.com\/index.php\/almanya-italya-ve-fransa-astrazeneca-asisini-durdurdu","url":"https:\/\/epochtimestr.com\/index.php\/almanya-italya-ve-fransa-astrazeneca-asisini-durdurdu","name":"Almanya, \u0130talya ve Fransa AstraZeneca A\u015f\u0131s\u0131n\u0131 Durdurdu - The Epoch Times TR","isPartOf":{"@id":"https:\/\/epochtimestr.com\/#website"},"primaryImageOfPage":{"@id":"https:\/\/epochtimestr.com\/index.php\/almanya-italya-ve-fransa-astrazeneca-asisini-durdurdu#primaryimage"},"image":{"@id":"https:\/\/epochtimestr.com\/index.php\/almanya-italya-ve-fransa-astrazeneca-asisini-durdurdu#primaryimage"},"thumbnailUrl":"https:\/\/epochtimestr.com\/wp-content\/uploads\/2011y\/A\u015f\u0131-Kovid-19-pixabay.jpg","datePublished":"2021-03-16T11:44:51+00:00","dateModified":"2021-03-16T11:45:02+00:00","inLanguage":"tr","potentialAction":[{"@type":"ReadAction","target":["https:\/\/epochtimestr.com\/index.php\/almanya-italya-ve-fransa-astrazeneca-asisini-durdurdu"]}]},{"@type":"ImageObject","inLanguage":"tr","@id":"https:\/\/epochtimestr.com\/index.php\/almanya-italya-ve-fransa-astrazeneca-asisini-durdurdu#primaryimage","url":"https:\/\/epochtimestr.com\/wp-content\/uploads\/2011y\/A\u015f\u0131-Kovid-19-pixabay.jpg","contentUrl":"https:\/\/epochtimestr.com\/wp-content\/uploads\/2011y\/A\u015f\u0131-Kovid-19-pixabay.jpg","width":640,"height":373},{"@type":"WebSite","@id":"https:\/\/epochtimestr.com\/#website","url":"https:\/\/epochtimestr.com\/","name":"The Epoch Times TR","description":"De\u011fi\u015fen D\u00fcnyam\u0131za Taze Bir Bak\u0131\u015f","publisher":{"@id":"https:\/\/epochtimestr.com\/#organization"},"potentialAction":[{"@type":"SearchAction","target":{"@type":"EntryPoint","urlTemplate":"https:\/\/epochtimestr.com\/?s={search_term_string}"},"query-input":"required name=search_term_string"}],"inLanguage":"tr"},{"@type":"Organization","@id":"https:\/\/epochtimestr.com\/#organization","name":"The EpochTimes T\u00fcrkiye","url":"https:\/\/epochtimestr.com\/","logo":{"@type":"ImageObject","inLanguage":"tr","@id":"https:\/\/epochtimestr.com\/#\/schema\/logo\/image\/","url":"https:\/\/epochtimestr.com\/wp-content\/uploads\/2011y\/ET-Logo-YG.jpg","contentUrl":"https:\/\/epochtimestr.com\/wp-content\/uploads\/2011y\/ET-Logo-YG.jpg","width":346,"height":29,"caption":"The EpochTimes T\u00fcrkiye"},"image":{"@id":"https:\/\/epochtimestr.com\/#\/schema\/logo\/image\/"},"sameAs":["https:\/\/www.facebook.com\/theepochtimestr","https:\/\/x.com\/TheEpochTimesTR","https:\/\/www.instagram.com\/epochtimestr"]},{"@type":"Person","@id":"https:\/\/epochtimestr.com\/#\/schema\/person\/3dc5c3adeb9f43923c5aa85889172fdd","name":"Haber Merkezi","image":{"@type":"ImageObject","inLanguage":"tr","@id":"https:\/\/epochtimestr.com\/#\/schema\/person\/image\/","url":"https:\/\/secure.gravatar.com\/avatar\/d73f772ba5a74f28601361e17c2f93e6?s=96&d=mm&r=g","contentUrl":"https:\/\/secure.gravatar.com\/avatar\/d73f772ba5a74f28601361e17c2f93e6?s=96&d=mm&r=g","caption":"Haber Merkezi"},"url":"https:\/\/epochtimestr.com\/index.php\/author\/sendag"}]}},"_links":{"self":[{"href":"https:\/\/epochtimestr.com\/index.php\/wp-json\/wp\/v2\/posts\/133892"}],"collection":[{"href":"https:\/\/epochtimestr.com\/index.php\/wp-json\/wp\/v2\/posts"}],"about":[{"href":"https:\/\/epochtimestr.com\/index.php\/wp-json\/wp\/v2\/types\/post"}],"author":[{"embeddable":true,"href":"https:\/\/epochtimestr.com\/index.php\/wp-json\/wp\/v2\/users\/12791"}],"replies":[{"embeddable":true,"href":"https:\/\/epochtimestr.com\/index.php\/wp-json\/wp\/v2\/comments?post=133892"}],"version-history":[{"count":1,"href":"https:\/\/epochtimestr.com\/index.php\/wp-json\/wp\/v2\/posts\/133892\/revisions"}],"predecessor-version":[{"id":133893,"href":"https:\/\/epochtimestr.com\/index.php\/wp-json\/wp\/v2\/posts\/133892\/revisions\/133893"}],"wp:featuredmedia":[{"embeddable":true,"href":"https:\/\/epochtimestr.com\/index.php\/wp-json\/wp\/v2\/media\/131631"}],"wp:attachment":[{"href":"https:\/\/epochtimestr.com\/index.php\/wp-json\/wp\/v2\/media?parent=133892"}],"wp:term":[{"taxonomy":"category","embeddable":true,"href":"https:\/\/epochtimestr.com\/index.php\/wp-json\/wp\/v2\/categories?post=133892"},{"taxonomy":"post_tag","embeddable":true,"href":"https:\/\/epochtimestr.com\/index.php\/wp-json\/wp\/v2\/tags?post=133892"}],"curies":[{"name":"wp","href":"https:\/\/api.w.org\/{rel}","templated":true}]}}