{"id":133938,"date":"2021-03-17T17:32:28","date_gmt":"2021-03-17T14:32:28","guid":{"rendered":"http:\/\/epochtimestr.com\/?p=133938"},"modified":"2021-03-17T17:32:31","modified_gmt":"2021-03-17T14:32:31","slug":"biden-bence-rus-lider-bir-katil","status":"publish","type":"post","link":"https:\/\/epochtimestr.com\/index.php\/biden-bence-rus-lider-bir-katil","title":{"rendered":"Biden, &#8216;Bence Rus Lider Bir Katil&#8217;"},"content":{"rendered":"\n<figure class=\"wp-block-image size-large\"><img loading=\"lazy\" decoding=\"async\" width=\"600\" height=\"263\" src=\"https:\/\/epochtimestr.com\/wp-content\/uploads\/2011y\/joe-biden-ntd-video-1-600x263.png\" alt=\"\" class=\"wp-image-131508\" srcset=\"https:\/\/epochtimestr.com\/wp-content\/uploads\/2011y\/joe-biden-ntd-video-1-600x263.png 600w, https:\/\/epochtimestr.com\/wp-content\/uploads\/2011y\/joe-biden-ntd-video-1-300x131.png 300w, https:\/\/epochtimestr.com\/wp-content\/uploads\/2011y\/joe-biden-ntd-video-1-150x66.png 150w, https:\/\/epochtimestr.com\/wp-content\/uploads\/2011y\/joe-biden-ntd-video-1.png 637w\" sizes=\"(max-width: 600px) 100vw, 600px\" \/><\/figure>\n\n\n\n<h2 class=\"wp-block-heading\">ABD&#8217;nin yeni ba\u015fkan\u0131 Biden, 20 Ocak&#8217;tan bu yana ilk kez\u00a0Rusya&#8217;y\u0131 do\u011frudan hedef ald\u0131 ve Moskova&#8217;n\u0131n bedel \u00f6deyece\u011fini s\u00f6yledi.\u00a0<\/h2>\n\n\n\n<p>20 Ocak&#8217;ta\u00a0ABD\u00a0ba\u015fkanl\u0131k koltu\u011funa oturan Demokrat\u00a0Joe Biden, yakla\u015f\u0131k iki ay sonra\u00a0Rusya hakk\u0131nda sert a\u00e7\u0131klamalarda bulundu.<\/p>\n\n\n\n<p>Moskova&#8217;n\u0131n ABD se\u00e7imlerine m\u00fcdahale etmesi nedeniyle bir bedel \u00f6deyece\u011fini vurgulayan Biden, &#8220;Rusya lideri\u00a0Vladimir Putin&#8217;in bir katil oldu\u011funu d\u00fc\u015f\u00fcn\u00fcyorum&#8221; dedi. ABD Ba\u015fkan\u0131 ayr\u0131ca Putin&#8217;in s\u00f6z konusu bedeli k\u0131sa s\u00fcrede \u00f6deyece\u011finin alt\u0131n\u0131 \u00e7izdi.<\/p>\n\n\n\n<p>ABC News sunucusu George Stephanopoulos&#8217;a konu\u015fan Biden, ba\u015fkanl\u0131k koltu\u011funa oturur oturmaz Putin&#8217;le yapt\u0131\u011f\u0131 telefon g\u00f6r\u00fc\u015fmesine ili\u015fkin detaylar payla\u015ft\u0131.<\/p>\n\n\n\n<p>Rusya\u2019n\u0131n ABD\u2019nin se\u00e7imlerine kar\u0131\u015ft\u0131\u011f\u0131na dair iddialar\u0131n\u0131 yalanlamas\u0131n\u0131n ard\u0131ndan konu\u015fan Biden, \u201cPutin, se\u00e7imlere kar\u0131\u015ft\u0131\u011f\u0131 i\u00e7in bedelini \u00f6deyecek\u201d dedi.<\/p>\n\n\n\n<p>Biden, \u201cBence, Rusya\u2019n\u0131n lideri Putin bir katil\u201d ifadesini kulland\u0131. Biden ABC kanal\u0131nda kendisine y\u00f6neltilen Putin\u2019e nas\u0131l bir bedel \u00f6detilece\u011fi sorusuna ise \u201cYak\u0131nda g\u00f6receksiniz\u201d yan\u0131t\u0131n\u0131 verdi.<\/p>\n\n\n\n<p>\u00d6te yandan Biden, \u201cBen onu g\u00f6rece iyi tan\u0131yorum. Benim deneyimlerine g\u00f6re yabanc\u0131 liderlerle anla\u015f\u0131rken en \u00f6nemli \u015fey kar\u015f\u0131ndaki adam\u0131 tan\u0131makt\u0131r\u201d dedi.<\/p>\n\n\n\n<p>Biden yine de ortak \u00e7\u0131karlar\u0131n\u0131n oldu\u011fu yerde birlikte \u00e7al\u0131\u015fman\u0131n m\u00fcmk\u00fcn oldu\u011funu s\u00f6yledi.<\/p>\n\n\n\n<p><strong>TRUMP: B\u0130Z\u0130M \u00dcLKEM\u0130Z \u00c7OK MU MASUM<\/strong><\/p>\n\n\n\n<p>ABD eski Ba\u015fkan\u0131 Donald Trump, 2017 y\u0131l\u0131nda bir muhabirin Putin i\u00e7in &#8220;Ama o bir katil&#8221; demesi \u00fczerine ise &#8220;Bizde de \u00e7ok katil var. Ne san\u0131yorsunuz? Bizim \u00fclkemiz \u00e7ok mu masum\u201d ifadelerini kullanm\u0131\u015ft\u0131.<\/p>\n\n\n\n<p><\/p>\n\n\n\n<p><\/p>\n","protected":false},"excerpt":{"rendered":"<p>ABD&#8217;nin yeni ba\u015fkan\u0131 Biden, 20 Ocak&#8217;tan bu yana ilk kez\u00a0Rusya&#8217;y\u0131 do\u011frudan hedef ald\u0131 ve Moskova&#8217;n\u0131n bedel \u00f6deyece\u011fini s\u00f6yledi.\u00a0 20 Ocak&#8217;ta\u00a0ABD\u00a0ba\u015fkanl\u0131k koltu\u011funa oturan Demokrat\u00a0Joe Biden, yakla\u015f\u0131k iki ay sonra\u00a0Rusya hakk\u0131nda sert a\u00e7\u0131klamalarda bulundu. Moskova&#8217;n\u0131n ABD se\u00e7imlerine m\u00fcdahale etmesi nedeniyle bir bedel \u00f6deyece\u011fini vurgulayan Biden, &#8220;Rusya lideri\u00a0Vladimir Putin&#8217;in bir katil oldu\u011funu d\u00fc\u015f\u00fcn\u00fcyorum&#8221; dedi. ABD Ba\u015fkan\u0131 ayr\u0131ca Putin&#8217;in [&hellip;]<\/p>\n","protected":false},"author":12791,"featured_media":131508,"comment_status":"closed","ping_status":"open","sticky":false,"template":"","format":"standard","meta":{"_yoast_wpseo_focuskw":"","_yoast_wpseo_title":"","_yoast_wpseo_metadesc":"","_bbp_topic_count":0,"_bbp_reply_count":0,"_bbp_total_topic_count":0,"_bbp_total_reply_count":0,"_bbp_voice_count":0,"_bbp_anonymous_reply_count":0,"_bbp_topic_count_hidden":0,"_bbp_reply_count_hidden":0,"_bbp_forum_subforum_count":0,"footnotes":"","_yoast_wpseo_focuskw_text_input":""},"categories":[5,1],"tags":[1101,3444,8115,4546],"yoast_head":"<!-- This site is optimized with the Yoast SEO plugin v23.0 - https:\/\/yoast.com\/wordpress\/plugins\/seo\/ -->\n<title>Biden, &#039;Bence Rus Lider Bir Katil&#039; - The Epoch Times TR<\/title>\n<meta name=\"robots\" content=\"index, follow, max-snippet:-1, max-image-preview:large, max-video-preview:-1\" \/>\n<link rel=\"canonical\" href=\"https:\/\/epochtimestr.com\/index.php\/biden-bence-rus-lider-bir-katil\" \/>\n<meta property=\"og:locale\" content=\"tr_TR\" \/>\n<meta property=\"og:type\" content=\"article\" \/>\n<meta property=\"og:title\" content=\"Biden, &#039;Bence Rus Lider Bir Katil&#039; - The Epoch Times TR\" \/>\n<meta property=\"og:description\" content=\"ABD&#8217;nin yeni ba\u015fkan\u0131 Biden, 20 Ocak&#8217;tan bu yana ilk kez\u00a0Rusya&#8217;y\u0131 do\u011frudan hedef ald\u0131 ve Moskova&#8217;n\u0131n bedel \u00f6deyece\u011fini s\u00f6yledi.\u00a0 20 Ocak&#8217;ta\u00a0ABD\u00a0ba\u015fkanl\u0131k koltu\u011funa oturan Demokrat\u00a0Joe Biden, yakla\u015f\u0131k iki ay sonra\u00a0Rusya hakk\u0131nda sert a\u00e7\u0131klamalarda bulundu. Moskova&#8217;n\u0131n ABD se\u00e7imlerine m\u00fcdahale etmesi nedeniyle bir bedel \u00f6deyece\u011fini vurgulayan Biden, &#8220;Rusya lideri\u00a0Vladimir Putin&#8217;in bir katil oldu\u011funu d\u00fc\u015f\u00fcn\u00fcyorum&#8221; dedi. ABD Ba\u015fkan\u0131 ayr\u0131ca Putin&#8217;in [&hellip;]\" \/>\n<meta property=\"og:url\" content=\"https:\/\/epochtimestr.com\/index.php\/biden-bence-rus-lider-bir-katil\" \/>\n<meta property=\"og:site_name\" content=\"The Epoch Times TR\" \/>\n<meta property=\"article:publisher\" content=\"https:\/\/www.facebook.com\/theepochtimestr\" \/>\n<meta property=\"article:published_time\" content=\"2021-03-17T14:32:28+00:00\" \/>\n<meta property=\"article:modified_time\" content=\"2021-03-17T14:32:31+00:00\" \/>\n<meta property=\"og:image\" content=\"https:\/\/epochtimestr.com\/wp-content\/uploads\/2011y\/joe-biden-ntd-video-1.png\" \/>\n\t<meta property=\"og:image:width\" content=\"637\" \/>\n\t<meta property=\"og:image:height\" content=\"279\" \/>\n\t<meta property=\"og:image:type\" content=\"image\/png\" \/>\n<meta name=\"author\" content=\"Haber Merkezi\" \/>\n<meta name=\"twitter:card\" content=\"summary_large_image\" \/>\n<meta name=\"twitter:creator\" content=\"@TheEpochTimesTR\" \/>\n<meta name=\"twitter:site\" content=\"@TheEpochTimesTR\" \/>\n<meta name=\"twitter:label1\" content=\"Yazan:\" \/>\n\t<meta name=\"twitter:data1\" content=\"Haber Merkezi\" \/>\n\t<meta name=\"twitter:label2\" content=\"Tahmini okuma s\u00fcresi\" \/>\n\t<meta name=\"twitter:data2\" content=\"1 dakika\" \/>\n<script type=\"application\/ld+json\" class=\"yoast-schema-graph\">{\"@context\":\"https:\/\/schema.org\",\"@graph\":[{\"@type\":\"Article\",\"@id\":\"https:\/\/epochtimestr.com\/index.php\/biden-bence-rus-lider-bir-katil#article\",\"isPartOf\":{\"@id\":\"https:\/\/epochtimestr.com\/index.php\/biden-bence-rus-lider-bir-katil\"},\"author\":{\"name\":\"Haber Merkezi\",\"@id\":\"https:\/\/epochtimestr.com\/#\/schema\/person\/3dc5c3adeb9f43923c5aa85889172fdd\"},\"headline\":\"Biden, &#8216;Bence Rus Lider Bir Katil&#8217;\",\"datePublished\":\"2021-03-17T14:32:28+00:00\",\"dateModified\":\"2021-03-17T14:32:31+00:00\",\"mainEntityOfPage\":{\"@id\":\"https:\/\/epochtimestr.com\/index.php\/biden-bence-rus-lider-bir-katil\"},\"wordCount\":286,\"publisher\":{\"@id\":\"https:\/\/epochtimestr.com\/#organization\"},\"image\":{\"@id\":\"https:\/\/epochtimestr.com\/index.php\/biden-bence-rus-lider-bir-katil#primaryimage\"},\"thumbnailUrl\":\"https:\/\/epochtimestr.com\/wp-content\/uploads\/2011y\/joe-biden-ntd-video-1.png\",\"keywords\":[\"Amerika\",\"Joe Biden\",\"Rsuya\",\"Vladimir Putin\"],\"articleSection\":[\"D\u00dcNYA\",\"G\u00dcNDEM\"],\"inLanguage\":\"tr\"},{\"@type\":\"WebPage\",\"@id\":\"https:\/\/epochtimestr.com\/index.php\/biden-bence-rus-lider-bir-katil\",\"url\":\"https:\/\/epochtimestr.com\/index.php\/biden-bence-rus-lider-bir-katil\",\"name\":\"Biden, 'Bence Rus Lider Bir Katil' - The Epoch Times TR\",\"isPartOf\":{\"@id\":\"https:\/\/epochtimestr.com\/#website\"},\"primaryImageOfPage\":{\"@id\":\"https:\/\/epochtimestr.com\/index.php\/biden-bence-rus-lider-bir-katil#primaryimage\"},\"image\":{\"@id\":\"https:\/\/epochtimestr.com\/index.php\/biden-bence-rus-lider-bir-katil#primaryimage\"},\"thumbnailUrl\":\"https:\/\/epochtimestr.com\/wp-content\/uploads\/2011y\/joe-biden-ntd-video-1.png\",\"datePublished\":\"2021-03-17T14:32:28+00:00\",\"dateModified\":\"2021-03-17T14:32:31+00:00\",\"inLanguage\":\"tr\",\"potentialAction\":[{\"@type\":\"ReadAction\",\"target\":[\"https:\/\/epochtimestr.com\/index.php\/biden-bence-rus-lider-bir-katil\"]}]},{\"@type\":\"ImageObject\",\"inLanguage\":\"tr\",\"@id\":\"https:\/\/epochtimestr.com\/index.php\/biden-bence-rus-lider-bir-katil#primaryimage\",\"url\":\"https:\/\/epochtimestr.com\/wp-content\/uploads\/2011y\/joe-biden-ntd-video-1.png\",\"contentUrl\":\"https:\/\/epochtimestr.com\/wp-content\/uploads\/2011y\/joe-biden-ntd-video-1.png\",\"width\":637,\"height\":279},{\"@type\":\"WebSite\",\"@id\":\"https:\/\/epochtimestr.com\/#website\",\"url\":\"https:\/\/epochtimestr.com\/\",\"name\":\"The Epoch Times TR\",\"description\":\"De\u011fi\u015fen D\u00fcnyam\u0131za Taze Bir Bak\u0131\u015f\",\"publisher\":{\"@id\":\"https:\/\/epochtimestr.com\/#organization\"},\"potentialAction\":[{\"@type\":\"SearchAction\",\"target\":{\"@type\":\"EntryPoint\",\"urlTemplate\":\"https:\/\/epochtimestr.com\/?s={search_term_string}\"},\"query-input\":\"required name=search_term_string\"}],\"inLanguage\":\"tr\"},{\"@type\":\"Organization\",\"@id\":\"https:\/\/epochtimestr.com\/#organization\",\"name\":\"The EpochTimes T\u00fcrkiye\",\"url\":\"https:\/\/epochtimestr.com\/\",\"logo\":{\"@type\":\"ImageObject\",\"inLanguage\":\"tr\",\"@id\":\"https:\/\/epochtimestr.com\/#\/schema\/logo\/image\/\",\"url\":\"https:\/\/epochtimestr.com\/wp-content\/uploads\/2011y\/ET-Logo-YG.jpg\",\"contentUrl\":\"https:\/\/epochtimestr.com\/wp-content\/uploads\/2011y\/ET-Logo-YG.jpg\",\"width\":346,\"height\":29,\"caption\":\"The EpochTimes T\u00fcrkiye\"},\"image\":{\"@id\":\"https:\/\/epochtimestr.com\/#\/schema\/logo\/image\/\"},\"sameAs\":[\"https:\/\/www.facebook.com\/theepochtimestr\",\"https:\/\/x.com\/TheEpochTimesTR\",\"https:\/\/www.instagram.com\/epochtimestr\"]},{\"@type\":\"Person\",\"@id\":\"https:\/\/epochtimestr.com\/#\/schema\/person\/3dc5c3adeb9f43923c5aa85889172fdd\",\"name\":\"Haber Merkezi\",\"image\":{\"@type\":\"ImageObject\",\"inLanguage\":\"tr\",\"@id\":\"https:\/\/epochtimestr.com\/#\/schema\/person\/image\/\",\"url\":\"https:\/\/secure.gravatar.com\/avatar\/d73f772ba5a74f28601361e17c2f93e6?s=96&d=mm&r=g\",\"contentUrl\":\"https:\/\/secure.gravatar.com\/avatar\/d73f772ba5a74f28601361e17c2f93e6?s=96&d=mm&r=g\",\"caption\":\"Haber Merkezi\"},\"url\":\"https:\/\/epochtimestr.com\/index.php\/author\/sendag\"}]}<\/script>\n<!-- \/ Yoast SEO plugin. -->","yoast_head_json":{"title":"Biden, 'Bence Rus Lider Bir Katil' - The Epoch Times TR","robots":{"index":"index","follow":"follow","max-snippet":"max-snippet:-1","max-image-preview":"max-image-preview:large","max-video-preview":"max-video-preview:-1"},"canonical":"https:\/\/epochtimestr.com\/index.php\/biden-bence-rus-lider-bir-katil","og_locale":"tr_TR","og_type":"article","og_title":"Biden, 'Bence Rus Lider Bir Katil' - The Epoch Times TR","og_description":"ABD&#8217;nin yeni ba\u015fkan\u0131 Biden, 20 Ocak&#8217;tan bu yana ilk kez\u00a0Rusya&#8217;y\u0131 do\u011frudan hedef ald\u0131 ve Moskova&#8217;n\u0131n bedel \u00f6deyece\u011fini s\u00f6yledi.\u00a0 20 Ocak&#8217;ta\u00a0ABD\u00a0ba\u015fkanl\u0131k koltu\u011funa oturan Demokrat\u00a0Joe Biden, yakla\u015f\u0131k iki ay sonra\u00a0Rusya hakk\u0131nda sert a\u00e7\u0131klamalarda bulundu. Moskova&#8217;n\u0131n ABD se\u00e7imlerine m\u00fcdahale etmesi nedeniyle bir bedel \u00f6deyece\u011fini vurgulayan Biden, &#8220;Rusya lideri\u00a0Vladimir Putin&#8217;in bir katil oldu\u011funu d\u00fc\u015f\u00fcn\u00fcyorum&#8221; dedi. ABD Ba\u015fkan\u0131 ayr\u0131ca Putin&#8217;in [&hellip;]","og_url":"https:\/\/epochtimestr.com\/index.php\/biden-bence-rus-lider-bir-katil","og_site_name":"The Epoch Times TR","article_publisher":"https:\/\/www.facebook.com\/theepochtimestr","article_published_time":"2021-03-17T14:32:28+00:00","article_modified_time":"2021-03-17T14:32:31+00:00","og_image":[{"width":637,"height":279,"url":"https:\/\/epochtimestr.com\/wp-content\/uploads\/2011y\/joe-biden-ntd-video-1.png","type":"image\/png"}],"author":"Haber Merkezi","twitter_card":"summary_large_image","twitter_creator":"@TheEpochTimesTR","twitter_site":"@TheEpochTimesTR","twitter_misc":{"Yazan:":"Haber Merkezi","Tahmini okuma s\u00fcresi":"1 dakika"},"schema":{"@context":"https:\/\/schema.org","@graph":[{"@type":"Article","@id":"https:\/\/epochtimestr.com\/index.php\/biden-bence-rus-lider-bir-katil#article","isPartOf":{"@id":"https:\/\/epochtimestr.com\/index.php\/biden-bence-rus-lider-bir-katil"},"author":{"name":"Haber Merkezi","@id":"https:\/\/epochtimestr.com\/#\/schema\/person\/3dc5c3adeb9f43923c5aa85889172fdd"},"headline":"Biden, &#8216;Bence Rus Lider Bir Katil&#8217;","datePublished":"2021-03-17T14:32:28+00:00","dateModified":"2021-03-17T14:32:31+00:00","mainEntityOfPage":{"@id":"https:\/\/epochtimestr.com\/index.php\/biden-bence-rus-lider-bir-katil"},"wordCount":286,"publisher":{"@id":"https:\/\/epochtimestr.com\/#organization"},"image":{"@id":"https:\/\/epochtimestr.com\/index.php\/biden-bence-rus-lider-bir-katil#primaryimage"},"thumbnailUrl":"https:\/\/epochtimestr.com\/wp-content\/uploads\/2011y\/joe-biden-ntd-video-1.png","keywords":["Amerika","Joe Biden","Rsuya","Vladimir Putin"],"articleSection":["D\u00dcNYA","G\u00dcNDEM"],"inLanguage":"tr"},{"@type":"WebPage","@id":"https:\/\/epochtimestr.com\/index.php\/biden-bence-rus-lider-bir-katil","url":"https:\/\/epochtimestr.com\/index.php\/biden-bence-rus-lider-bir-katil","name":"Biden, 'Bence Rus Lider Bir Katil' - The Epoch Times TR","isPartOf":{"@id":"https:\/\/epochtimestr.com\/#website"},"primaryImageOfPage":{"@id":"https:\/\/epochtimestr.com\/index.php\/biden-bence-rus-lider-bir-katil#primaryimage"},"image":{"@id":"https:\/\/epochtimestr.com\/index.php\/biden-bence-rus-lider-bir-katil#primaryimage"},"thumbnailUrl":"https:\/\/epochtimestr.com\/wp-content\/uploads\/2011y\/joe-biden-ntd-video-1.png","datePublished":"2021-03-17T14:32:28+00:00","dateModified":"2021-03-17T14:32:31+00:00","inLanguage":"tr","potentialAction":[{"@type":"ReadAction","target":["https:\/\/epochtimestr.com\/index.php\/biden-bence-rus-lider-bir-katil"]}]},{"@type":"ImageObject","inLanguage":"tr","@id":"https:\/\/epochtimestr.com\/index.php\/biden-bence-rus-lider-bir-katil#primaryimage","url":"https:\/\/epochtimestr.com\/wp-content\/uploads\/2011y\/joe-biden-ntd-video-1.png","contentUrl":"https:\/\/epochtimestr.com\/wp-content\/uploads\/2011y\/joe-biden-ntd-video-1.png","width":637,"height":279},{"@type":"WebSite","@id":"https:\/\/epochtimestr.com\/#website","url":"https:\/\/epochtimestr.com\/","name":"The Epoch Times TR","description":"De\u011fi\u015fen D\u00fcnyam\u0131za Taze Bir Bak\u0131\u015f","publisher":{"@id":"https:\/\/epochtimestr.com\/#organization"},"potentialAction":[{"@type":"SearchAction","target":{"@type":"EntryPoint","urlTemplate":"https:\/\/epochtimestr.com\/?s={search_term_string}"},"query-input":"required name=search_term_string"}],"inLanguage":"tr"},{"@type":"Organization","@id":"https:\/\/epochtimestr.com\/#organization","name":"The EpochTimes T\u00fcrkiye","url":"https:\/\/epochtimestr.com\/","logo":{"@type":"ImageObject","inLanguage":"tr","@id":"https:\/\/epochtimestr.com\/#\/schema\/logo\/image\/","url":"https:\/\/epochtimestr.com\/wp-content\/uploads\/2011y\/ET-Logo-YG.jpg","contentUrl":"https:\/\/epochtimestr.com\/wp-content\/uploads\/2011y\/ET-Logo-YG.jpg","width":346,"height":29,"caption":"The EpochTimes T\u00fcrkiye"},"image":{"@id":"https:\/\/epochtimestr.com\/#\/schema\/logo\/image\/"},"sameAs":["https:\/\/www.facebook.com\/theepochtimestr","https:\/\/x.com\/TheEpochTimesTR","https:\/\/www.instagram.com\/epochtimestr"]},{"@type":"Person","@id":"https:\/\/epochtimestr.com\/#\/schema\/person\/3dc5c3adeb9f43923c5aa85889172fdd","name":"Haber Merkezi","image":{"@type":"ImageObject","inLanguage":"tr","@id":"https:\/\/epochtimestr.com\/#\/schema\/person\/image\/","url":"https:\/\/secure.gravatar.com\/avatar\/d73f772ba5a74f28601361e17c2f93e6?s=96&d=mm&r=g","contentUrl":"https:\/\/secure.gravatar.com\/avatar\/d73f772ba5a74f28601361e17c2f93e6?s=96&d=mm&r=g","caption":"Haber Merkezi"},"url":"https:\/\/epochtimestr.com\/index.php\/author\/sendag"}]}},"_links":{"self":[{"href":"https:\/\/epochtimestr.com\/index.php\/wp-json\/wp\/v2\/posts\/133938"}],"collection":[{"href":"https:\/\/epochtimestr.com\/index.php\/wp-json\/wp\/v2\/posts"}],"about":[{"href":"https:\/\/epochtimestr.com\/index.php\/wp-json\/wp\/v2\/types\/post"}],"author":[{"embeddable":true,"href":"https:\/\/epochtimestr.com\/index.php\/wp-json\/wp\/v2\/users\/12791"}],"replies":[{"embeddable":true,"href":"https:\/\/epochtimestr.com\/index.php\/wp-json\/wp\/v2\/comments?post=133938"}],"version-history":[{"count":1,"href":"https:\/\/epochtimestr.com\/index.php\/wp-json\/wp\/v2\/posts\/133938\/revisions"}],"predecessor-version":[{"id":133939,"href":"https:\/\/epochtimestr.com\/index.php\/wp-json\/wp\/v2\/posts\/133938\/revisions\/133939"}],"wp:featuredmedia":[{"embeddable":true,"href":"https:\/\/epochtimestr.com\/index.php\/wp-json\/wp\/v2\/media\/131508"}],"wp:attachment":[{"href":"https:\/\/epochtimestr.com\/index.php\/wp-json\/wp\/v2\/media?parent=133938"}],"wp:term":[{"taxonomy":"category","embeddable":true,"href":"https:\/\/epochtimestr.com\/index.php\/wp-json\/wp\/v2\/categories?post=133938"},{"taxonomy":"post_tag","embeddable":true,"href":"https:\/\/epochtimestr.com\/index.php\/wp-json\/wp\/v2\/tags?post=133938"}],"curies":[{"name":"wp","href":"https:\/\/api.w.org\/{rel}","templated":true}]}}