{"id":133966,"date":"2021-03-20T21:21:46","date_gmt":"2021-03-20T18:21:46","guid":{"rendered":"http:\/\/epochtimestr.com\/?p=133966"},"modified":"2021-03-20T21:21:47","modified_gmt":"2021-03-20T18:21:47","slug":"21-mart-ekinoksu","status":"publish","type":"post","link":"https:\/\/epochtimestr.com\/index.php\/21-mart-ekinoksu","title":{"rendered":"21 Mart Ekinoksu"},"content":{"rendered":"\n<div class=\"wp-block-image\"><figure class=\"aligncenter size-large\"><img loading=\"lazy\" decoding=\"async\" width=\"600\" height=\"300\" src=\"https:\/\/epochtimestr.com\/wp-content\/uploads\/2011y\/d\u00fcnya-uzay-bo\u015fluk-600x300.jpg\" alt=\"\" class=\"wp-image-116256\" srcset=\"https:\/\/epochtimestr.com\/wp-content\/uploads\/2011y\/d\u00fcnya-uzay-bo\u015fluk-600x300.jpg 600w, https:\/\/epochtimestr.com\/wp-content\/uploads\/2011y\/d\u00fcnya-uzay-bo\u015fluk-150x75.jpg 150w, https:\/\/epochtimestr.com\/wp-content\/uploads\/2011y\/d\u00fcnya-uzay-bo\u015fluk-300x150.jpg 300w, https:\/\/epochtimestr.com\/wp-content\/uploads\/2011y\/d\u00fcnya-uzay-bo\u015fluk-768x384.jpg 768w, https:\/\/epochtimestr.com\/wp-content\/uploads\/2011y\/d\u00fcnya-uzay-bo\u015fluk.jpg 960w\" sizes=\"(max-width: 600px) 100vw, 600px\" \/><\/figure><\/div>\n\n\n\n<h2 class=\"wp-block-heading\">21 Mart 2021 tarihinde ya\u015fanacak gece g\u00fcnd\u00fcz e\u015fitli\u011fi tarihinden sonra g\u00fcnd\u00fczler uzarken, geceler ise k\u0131salmaya ba\u015flar.\u00a0<\/h2>\n\n\n\n<p>Y\u0131lda iki kez ger\u00e7ekle\u015fen ekinoks olay\u0131nda g\u00fcnd\u00fcz ile gece e\u015fit olmaktad\u0131r. Ekinoks olay\u0131 ilkbahar\u0131n ba\u015flang\u0131c\u0131 ve havalar\u0131n \u0131s\u0131nmas\u0131 olarak da bilinmektedir.<\/p>\n\n\n\n<p>Ekinoks (g\u00fcn-t\u00fcn e\u015fitli\u011fi, gece-g\u00fcnd\u00fcz e\u015fitli\u011fi veya \u0131l\u0131m olarak da bilinir), G\u00fcne\u015f \u0131\u015f\u0131nlar\u0131n\u0131n Ekvator&#8217;a dik vurmas\u0131 sonucunda ayd\u0131nlanma \u00e7emberinin kutuplardan ge\u00e7ti\u011fi an. G\u00fcnd\u00fcz ile gecenin e\u015fit olmas\u0131 durumudur. \u0130lkbahar Ekinoksu ve Sonbahar Ekinoksu olmak \u00fczere y\u0131lda iki kez tekrarlan\u0131r.<\/p>\n\n\n\n<p><strong>21 Mart durumu<\/strong><\/p>\n\n\n\n<p>\u00a0Kuzey ve G\u00fcney Yar\u0131m K\u00fcre, G\u00fcne\u015f \u0131\u015f\u0131nlar\u0131 \u00f6\u011fle vakti Ekvator\u2019a 90\u00b0&#8217;lik a\u00e7\u0131 ile d\u00fc\u015fer. G\u00f6lge boyu Ekvator\u2019da s\u0131f\u0131rd\u0131r. G\u00fcne\u015f \u0131\u015f\u0131nlar\u0131 bu tarihten itibaren Kuzey Yar\u0131m K\u00fcre\u2019ye dik d\u00fc\u015fmeye ba\u015flar. Bu tarihten itibaren G\u00fcney Yar\u0131m K\u00fcre\u2019de geceler, g\u00fcnd\u00fczlerden uzun olmaya ba\u015flar. Kuzey Yar\u0131m K\u00fcre\u2019de ise tam tersi olur. Bu tarih G\u00fcney Yar\u0131m K\u00fcre\u2019de Sonbahar, Kuzey Yar\u0131m K\u00fcre\u2019de \u0130lkbahar ba\u015flang\u0131c\u0131d\u0131r. Ayd\u0131nlanma \u00e7emberi kutup noktalar\u0131na te\u011fet ge\u00e7er. Bu tarihte G\u00fcne\u015f her iki kutup noktas\u0131nda da g\u00f6r\u00fcl\u00fcr. D\u00fcnya\u2019da gece ve g\u00fcnd\u00fcz s\u00fcreleri birbirine e\u015fit olur. Bu tarih G\u00fcney Kutup Noktas\u0131\u2019nda alt\u0131 ayl\u0131k gecenin, Kuzey Kutup Noktas\u0131\u2019nda ise alt\u0131 ayl\u0131k g\u00fcnd\u00fcz\u00fcn ba\u015flang\u0131c\u0131d\u0131r.<\/p>\n","protected":false},"excerpt":{"rendered":"<p>21 Mart 2021 tarihinde ya\u015fanacak gece g\u00fcnd\u00fcz e\u015fitli\u011fi tarihinden sonra g\u00fcnd\u00fczler uzarken, geceler ise k\u0131salmaya ba\u015flar.\u00a0 Y\u0131lda iki kez ger\u00e7ekle\u015fen ekinoks olay\u0131nda g\u00fcnd\u00fcz ile gece e\u015fit olmaktad\u0131r. Ekinoks olay\u0131 ilkbahar\u0131n ba\u015flang\u0131c\u0131 ve havalar\u0131n \u0131s\u0131nmas\u0131 olarak da bilinmektedir. Ekinoks (g\u00fcn-t\u00fcn e\u015fitli\u011fi, gece-g\u00fcnd\u00fcz e\u015fitli\u011fi veya \u0131l\u0131m olarak da bilinir), G\u00fcne\u015f \u0131\u015f\u0131nlar\u0131n\u0131n Ekvator&#8217;a dik vurmas\u0131 sonucunda ayd\u0131nlanma \u00e7emberinin [&hellip;]<\/p>\n","protected":false},"author":12791,"featured_media":116256,"comment_status":"closed","ping_status":"open","sticky":false,"template":"","format":"standard","meta":{"_yoast_wpseo_focuskw":"","_yoast_wpseo_title":"","_yoast_wpseo_metadesc":"","_bbp_topic_count":0,"_bbp_reply_count":0,"_bbp_total_topic_count":0,"_bbp_total_reply_count":0,"_bbp_voice_count":0,"_bbp_anonymous_reply_count":0,"_bbp_topic_count_hidden":0,"_bbp_reply_count_hidden":0,"_bbp_forum_subforum_count":0,"footnotes":"","_yoast_wpseo_focuskw_text_input":""},"categories":[5,1],"tags":[],"yoast_head":"<!-- This site is optimized with the Yoast SEO plugin v23.0 - https:\/\/yoast.com\/wordpress\/plugins\/seo\/ -->\n<title>21 Mart Ekinoksu - The Epoch Times TR<\/title>\n<meta name=\"robots\" content=\"index, follow, max-snippet:-1, max-image-preview:large, max-video-preview:-1\" \/>\n<link rel=\"canonical\" href=\"https:\/\/epochtimestr.com\/index.php\/21-mart-ekinoksu\" \/>\n<meta property=\"og:locale\" content=\"tr_TR\" \/>\n<meta property=\"og:type\" content=\"article\" \/>\n<meta property=\"og:title\" content=\"21 Mart Ekinoksu - The Epoch Times TR\" \/>\n<meta property=\"og:description\" content=\"21 Mart 2021 tarihinde ya\u015fanacak gece g\u00fcnd\u00fcz e\u015fitli\u011fi tarihinden sonra g\u00fcnd\u00fczler uzarken, geceler ise k\u0131salmaya ba\u015flar.\u00a0 Y\u0131lda iki kez ger\u00e7ekle\u015fen ekinoks olay\u0131nda g\u00fcnd\u00fcz ile gece e\u015fit olmaktad\u0131r. Ekinoks olay\u0131 ilkbahar\u0131n ba\u015flang\u0131c\u0131 ve havalar\u0131n \u0131s\u0131nmas\u0131 olarak da bilinmektedir. Ekinoks (g\u00fcn-t\u00fcn e\u015fitli\u011fi, gece-g\u00fcnd\u00fcz e\u015fitli\u011fi veya \u0131l\u0131m olarak da bilinir), G\u00fcne\u015f \u0131\u015f\u0131nlar\u0131n\u0131n Ekvator&#8217;a dik vurmas\u0131 sonucunda ayd\u0131nlanma \u00e7emberinin [&hellip;]\" \/>\n<meta property=\"og:url\" content=\"https:\/\/epochtimestr.com\/index.php\/21-mart-ekinoksu\" \/>\n<meta property=\"og:site_name\" content=\"The Epoch Times TR\" \/>\n<meta property=\"article:publisher\" content=\"https:\/\/www.facebook.com\/theepochtimestr\" \/>\n<meta property=\"article:published_time\" content=\"2021-03-20T18:21:46+00:00\" \/>\n<meta property=\"article:modified_time\" content=\"2021-03-20T18:21:47+00:00\" \/>\n<meta property=\"og:image\" content=\"https:\/\/epochtimestr.com\/wp-content\/uploads\/2011y\/d\u00fcnya-uzay-bo\u015fluk.jpg\" \/>\n\t<meta property=\"og:image:width\" content=\"960\" \/>\n\t<meta property=\"og:image:height\" content=\"480\" \/>\n\t<meta property=\"og:image:type\" content=\"image\/jpeg\" \/>\n<meta name=\"author\" content=\"Haber Merkezi\" \/>\n<meta name=\"twitter:card\" content=\"summary_large_image\" \/>\n<meta name=\"twitter:creator\" content=\"@TheEpochTimesTR\" \/>\n<meta name=\"twitter:site\" content=\"@TheEpochTimesTR\" \/>\n<meta name=\"twitter:label1\" content=\"Yazan:\" \/>\n\t<meta name=\"twitter:data1\" content=\"Haber Merkezi\" \/>\n\t<meta name=\"twitter:label2\" content=\"Tahmini okuma s\u00fcresi\" \/>\n\t<meta name=\"twitter:data2\" content=\"1 dakika\" \/>\n<script type=\"application\/ld+json\" class=\"yoast-schema-graph\">{\"@context\":\"https:\/\/schema.org\",\"@graph\":[{\"@type\":\"Article\",\"@id\":\"https:\/\/epochtimestr.com\/index.php\/21-mart-ekinoksu#article\",\"isPartOf\":{\"@id\":\"https:\/\/epochtimestr.com\/index.php\/21-mart-ekinoksu\"},\"author\":{\"name\":\"Haber Merkezi\",\"@id\":\"https:\/\/epochtimestr.com\/#\/schema\/person\/3dc5c3adeb9f43923c5aa85889172fdd\"},\"headline\":\"21 Mart Ekinoksu\",\"datePublished\":\"2021-03-20T18:21:46+00:00\",\"dateModified\":\"2021-03-20T18:21:47+00:00\",\"mainEntityOfPage\":{\"@id\":\"https:\/\/epochtimestr.com\/index.php\/21-mart-ekinoksu\"},\"wordCount\":281,\"publisher\":{\"@id\":\"https:\/\/epochtimestr.com\/#organization\"},\"image\":{\"@id\":\"https:\/\/epochtimestr.com\/index.php\/21-mart-ekinoksu#primaryimage\"},\"thumbnailUrl\":\"https:\/\/epochtimestr.com\/wp-content\/uploads\/2011y\/d\u00fcnya-uzay-bo\u015fluk.jpg\",\"articleSection\":[\"D\u00dcNYA\",\"G\u00dcNDEM\"],\"inLanguage\":\"tr\"},{\"@type\":\"WebPage\",\"@id\":\"https:\/\/epochtimestr.com\/index.php\/21-mart-ekinoksu\",\"url\":\"https:\/\/epochtimestr.com\/index.php\/21-mart-ekinoksu\",\"name\":\"21 Mart Ekinoksu - The Epoch Times TR\",\"isPartOf\":{\"@id\":\"https:\/\/epochtimestr.com\/#website\"},\"primaryImageOfPage\":{\"@id\":\"https:\/\/epochtimestr.com\/index.php\/21-mart-ekinoksu#primaryimage\"},\"image\":{\"@id\":\"https:\/\/epochtimestr.com\/index.php\/21-mart-ekinoksu#primaryimage\"},\"thumbnailUrl\":\"https:\/\/epochtimestr.com\/wp-content\/uploads\/2011y\/d\u00fcnya-uzay-bo\u015fluk.jpg\",\"datePublished\":\"2021-03-20T18:21:46+00:00\",\"dateModified\":\"2021-03-20T18:21:47+00:00\",\"inLanguage\":\"tr\",\"potentialAction\":[{\"@type\":\"ReadAction\",\"target\":[\"https:\/\/epochtimestr.com\/index.php\/21-mart-ekinoksu\"]}]},{\"@type\":\"ImageObject\",\"inLanguage\":\"tr\",\"@id\":\"https:\/\/epochtimestr.com\/index.php\/21-mart-ekinoksu#primaryimage\",\"url\":\"https:\/\/epochtimestr.com\/wp-content\/uploads\/2011y\/d\u00fcnya-uzay-bo\u015fluk.jpg\",\"contentUrl\":\"https:\/\/epochtimestr.com\/wp-content\/uploads\/2011y\/d\u00fcnya-uzay-bo\u015fluk.jpg\",\"width\":960,\"height\":480},{\"@type\":\"WebSite\",\"@id\":\"https:\/\/epochtimestr.com\/#website\",\"url\":\"https:\/\/epochtimestr.com\/\",\"name\":\"The Epoch Times TR\",\"description\":\"De\u011fi\u015fen D\u00fcnyam\u0131za Taze Bir Bak\u0131\u015f\",\"publisher\":{\"@id\":\"https:\/\/epochtimestr.com\/#organization\"},\"potentialAction\":[{\"@type\":\"SearchAction\",\"target\":{\"@type\":\"EntryPoint\",\"urlTemplate\":\"https:\/\/epochtimestr.com\/?s={search_term_string}\"},\"query-input\":\"required name=search_term_string\"}],\"inLanguage\":\"tr\"},{\"@type\":\"Organization\",\"@id\":\"https:\/\/epochtimestr.com\/#organization\",\"name\":\"The EpochTimes T\u00fcrkiye\",\"url\":\"https:\/\/epochtimestr.com\/\",\"logo\":{\"@type\":\"ImageObject\",\"inLanguage\":\"tr\",\"@id\":\"https:\/\/epochtimestr.com\/#\/schema\/logo\/image\/\",\"url\":\"https:\/\/epochtimestr.com\/wp-content\/uploads\/2011y\/ET-Logo-YG.jpg\",\"contentUrl\":\"https:\/\/epochtimestr.com\/wp-content\/uploads\/2011y\/ET-Logo-YG.jpg\",\"width\":346,\"height\":29,\"caption\":\"The EpochTimes T\u00fcrkiye\"},\"image\":{\"@id\":\"https:\/\/epochtimestr.com\/#\/schema\/logo\/image\/\"},\"sameAs\":[\"https:\/\/www.facebook.com\/theepochtimestr\",\"https:\/\/x.com\/TheEpochTimesTR\",\"https:\/\/www.instagram.com\/epochtimestr\"]},{\"@type\":\"Person\",\"@id\":\"https:\/\/epochtimestr.com\/#\/schema\/person\/3dc5c3adeb9f43923c5aa85889172fdd\",\"name\":\"Haber Merkezi\",\"image\":{\"@type\":\"ImageObject\",\"inLanguage\":\"tr\",\"@id\":\"https:\/\/epochtimestr.com\/#\/schema\/person\/image\/\",\"url\":\"https:\/\/secure.gravatar.com\/avatar\/d73f772ba5a74f28601361e17c2f93e6?s=96&d=mm&r=g\",\"contentUrl\":\"https:\/\/secure.gravatar.com\/avatar\/d73f772ba5a74f28601361e17c2f93e6?s=96&d=mm&r=g\",\"caption\":\"Haber Merkezi\"},\"url\":\"https:\/\/epochtimestr.com\/index.php\/author\/sendag\"}]}<\/script>\n<!-- \/ Yoast SEO plugin. -->","yoast_head_json":{"title":"21 Mart Ekinoksu - The Epoch Times TR","robots":{"index":"index","follow":"follow","max-snippet":"max-snippet:-1","max-image-preview":"max-image-preview:large","max-video-preview":"max-video-preview:-1"},"canonical":"https:\/\/epochtimestr.com\/index.php\/21-mart-ekinoksu","og_locale":"tr_TR","og_type":"article","og_title":"21 Mart Ekinoksu - The Epoch Times TR","og_description":"21 Mart 2021 tarihinde ya\u015fanacak gece g\u00fcnd\u00fcz e\u015fitli\u011fi tarihinden sonra g\u00fcnd\u00fczler uzarken, geceler ise k\u0131salmaya ba\u015flar.\u00a0 Y\u0131lda iki kez ger\u00e7ekle\u015fen ekinoks olay\u0131nda g\u00fcnd\u00fcz ile gece e\u015fit olmaktad\u0131r. Ekinoks olay\u0131 ilkbahar\u0131n ba\u015flang\u0131c\u0131 ve havalar\u0131n \u0131s\u0131nmas\u0131 olarak da bilinmektedir. Ekinoks (g\u00fcn-t\u00fcn e\u015fitli\u011fi, gece-g\u00fcnd\u00fcz e\u015fitli\u011fi veya \u0131l\u0131m olarak da bilinir), G\u00fcne\u015f \u0131\u015f\u0131nlar\u0131n\u0131n Ekvator&#8217;a dik vurmas\u0131 sonucunda ayd\u0131nlanma \u00e7emberinin [&hellip;]","og_url":"https:\/\/epochtimestr.com\/index.php\/21-mart-ekinoksu","og_site_name":"The Epoch Times TR","article_publisher":"https:\/\/www.facebook.com\/theepochtimestr","article_published_time":"2021-03-20T18:21:46+00:00","article_modified_time":"2021-03-20T18:21:47+00:00","og_image":[{"width":960,"height":480,"url":"https:\/\/epochtimestr.com\/wp-content\/uploads\/2011y\/d\u00fcnya-uzay-bo\u015fluk.jpg","type":"image\/jpeg"}],"author":"Haber Merkezi","twitter_card":"summary_large_image","twitter_creator":"@TheEpochTimesTR","twitter_site":"@TheEpochTimesTR","twitter_misc":{"Yazan:":"Haber Merkezi","Tahmini okuma s\u00fcresi":"1 dakika"},"schema":{"@context":"https:\/\/schema.org","@graph":[{"@type":"Article","@id":"https:\/\/epochtimestr.com\/index.php\/21-mart-ekinoksu#article","isPartOf":{"@id":"https:\/\/epochtimestr.com\/index.php\/21-mart-ekinoksu"},"author":{"name":"Haber Merkezi","@id":"https:\/\/epochtimestr.com\/#\/schema\/person\/3dc5c3adeb9f43923c5aa85889172fdd"},"headline":"21 Mart Ekinoksu","datePublished":"2021-03-20T18:21:46+00:00","dateModified":"2021-03-20T18:21:47+00:00","mainEntityOfPage":{"@id":"https:\/\/epochtimestr.com\/index.php\/21-mart-ekinoksu"},"wordCount":281,"publisher":{"@id":"https:\/\/epochtimestr.com\/#organization"},"image":{"@id":"https:\/\/epochtimestr.com\/index.php\/21-mart-ekinoksu#primaryimage"},"thumbnailUrl":"https:\/\/epochtimestr.com\/wp-content\/uploads\/2011y\/d\u00fcnya-uzay-bo\u015fluk.jpg","articleSection":["D\u00dcNYA","G\u00dcNDEM"],"inLanguage":"tr"},{"@type":"WebPage","@id":"https:\/\/epochtimestr.com\/index.php\/21-mart-ekinoksu","url":"https:\/\/epochtimestr.com\/index.php\/21-mart-ekinoksu","name":"21 Mart Ekinoksu - The Epoch Times TR","isPartOf":{"@id":"https:\/\/epochtimestr.com\/#website"},"primaryImageOfPage":{"@id":"https:\/\/epochtimestr.com\/index.php\/21-mart-ekinoksu#primaryimage"},"image":{"@id":"https:\/\/epochtimestr.com\/index.php\/21-mart-ekinoksu#primaryimage"},"thumbnailUrl":"https:\/\/epochtimestr.com\/wp-content\/uploads\/2011y\/d\u00fcnya-uzay-bo\u015fluk.jpg","datePublished":"2021-03-20T18:21:46+00:00","dateModified":"2021-03-20T18:21:47+00:00","inLanguage":"tr","potentialAction":[{"@type":"ReadAction","target":["https:\/\/epochtimestr.com\/index.php\/21-mart-ekinoksu"]}]},{"@type":"ImageObject","inLanguage":"tr","@id":"https:\/\/epochtimestr.com\/index.php\/21-mart-ekinoksu#primaryimage","url":"https:\/\/epochtimestr.com\/wp-content\/uploads\/2011y\/d\u00fcnya-uzay-bo\u015fluk.jpg","contentUrl":"https:\/\/epochtimestr.com\/wp-content\/uploads\/2011y\/d\u00fcnya-uzay-bo\u015fluk.jpg","width":960,"height":480},{"@type":"WebSite","@id":"https:\/\/epochtimestr.com\/#website","url":"https:\/\/epochtimestr.com\/","name":"The Epoch Times TR","description":"De\u011fi\u015fen D\u00fcnyam\u0131za Taze Bir Bak\u0131\u015f","publisher":{"@id":"https:\/\/epochtimestr.com\/#organization"},"potentialAction":[{"@type":"SearchAction","target":{"@type":"EntryPoint","urlTemplate":"https:\/\/epochtimestr.com\/?s={search_term_string}"},"query-input":"required name=search_term_string"}],"inLanguage":"tr"},{"@type":"Organization","@id":"https:\/\/epochtimestr.com\/#organization","name":"The EpochTimes T\u00fcrkiye","url":"https:\/\/epochtimestr.com\/","logo":{"@type":"ImageObject","inLanguage":"tr","@id":"https:\/\/epochtimestr.com\/#\/schema\/logo\/image\/","url":"https:\/\/epochtimestr.com\/wp-content\/uploads\/2011y\/ET-Logo-YG.jpg","contentUrl":"https:\/\/epochtimestr.com\/wp-content\/uploads\/2011y\/ET-Logo-YG.jpg","width":346,"height":29,"caption":"The EpochTimes T\u00fcrkiye"},"image":{"@id":"https:\/\/epochtimestr.com\/#\/schema\/logo\/image\/"},"sameAs":["https:\/\/www.facebook.com\/theepochtimestr","https:\/\/x.com\/TheEpochTimesTR","https:\/\/www.instagram.com\/epochtimestr"]},{"@type":"Person","@id":"https:\/\/epochtimestr.com\/#\/schema\/person\/3dc5c3adeb9f43923c5aa85889172fdd","name":"Haber Merkezi","image":{"@type":"ImageObject","inLanguage":"tr","@id":"https:\/\/epochtimestr.com\/#\/schema\/person\/image\/","url":"https:\/\/secure.gravatar.com\/avatar\/d73f772ba5a74f28601361e17c2f93e6?s=96&d=mm&r=g","contentUrl":"https:\/\/secure.gravatar.com\/avatar\/d73f772ba5a74f28601361e17c2f93e6?s=96&d=mm&r=g","caption":"Haber Merkezi"},"url":"https:\/\/epochtimestr.com\/index.php\/author\/sendag"}]}},"_links":{"self":[{"href":"https:\/\/epochtimestr.com\/index.php\/wp-json\/wp\/v2\/posts\/133966"}],"collection":[{"href":"https:\/\/epochtimestr.com\/index.php\/wp-json\/wp\/v2\/posts"}],"about":[{"href":"https:\/\/epochtimestr.com\/index.php\/wp-json\/wp\/v2\/types\/post"}],"author":[{"embeddable":true,"href":"https:\/\/epochtimestr.com\/index.php\/wp-json\/wp\/v2\/users\/12791"}],"replies":[{"embeddable":true,"href":"https:\/\/epochtimestr.com\/index.php\/wp-json\/wp\/v2\/comments?post=133966"}],"version-history":[{"count":1,"href":"https:\/\/epochtimestr.com\/index.php\/wp-json\/wp\/v2\/posts\/133966\/revisions"}],"predecessor-version":[{"id":133967,"href":"https:\/\/epochtimestr.com\/index.php\/wp-json\/wp\/v2\/posts\/133966\/revisions\/133967"}],"wp:featuredmedia":[{"embeddable":true,"href":"https:\/\/epochtimestr.com\/index.php\/wp-json\/wp\/v2\/media\/116256"}],"wp:attachment":[{"href":"https:\/\/epochtimestr.com\/index.php\/wp-json\/wp\/v2\/media?parent=133966"}],"wp:term":[{"taxonomy":"category","embeddable":true,"href":"https:\/\/epochtimestr.com\/index.php\/wp-json\/wp\/v2\/categories?post=133966"},{"taxonomy":"post_tag","embeddable":true,"href":"https:\/\/epochtimestr.com\/index.php\/wp-json\/wp\/v2\/tags?post=133966"}],"curies":[{"name":"wp","href":"https:\/\/api.w.org\/{rel}","templated":true}]}}