{"id":133968,"date":"2021-03-20T21:37:01","date_gmt":"2021-03-20T18:37:01","guid":{"rendered":"http:\/\/epochtimestr.com\/?p=133968"},"modified":"2021-03-20T21:37:04","modified_gmt":"2021-03-20T18:37:04","slug":"abd-ile-cinin-alaskadaki-gorusmeleri-sona-erdi","status":"publish","type":"post","link":"https:\/\/epochtimestr.com\/index.php\/abd-ile-cinin-alaskadaki-gorusmeleri-sona-erdi","title":{"rendered":"ABD ile \u00c7in&#8217;in Alaska&#8217;daki G\u00f6r\u00fc\u015fmeleri Sona Erdi"},"content":{"rendered":"\n<div class=\"wp-block-image\"><figure class=\"aligncenter size-large\"><img loading=\"lazy\" decoding=\"async\" width=\"600\" height=\"400\" src=\"https:\/\/epochtimestr.com\/wp-content\/uploads\/2011y\/ABD-Bayrak-1-600x400.jpg\" alt=\"\" class=\"wp-image-133969\" srcset=\"https:\/\/epochtimestr.com\/wp-content\/uploads\/2011y\/ABD-Bayrak-1-600x400.jpg 600w, https:\/\/epochtimestr.com\/wp-content\/uploads\/2011y\/ABD-Bayrak-1-300x200.jpg 300w, https:\/\/epochtimestr.com\/wp-content\/uploads\/2011y\/ABD-Bayrak-1-150x100.jpg 150w, https:\/\/epochtimestr.com\/wp-content\/uploads\/2011y\/ABD-Bayrak-1-450x300.jpg 450w, https:\/\/epochtimestr.com\/wp-content\/uploads\/2011y\/ABD-Bayrak-1.jpg 640w\" sizes=\"(max-width: 600px) 100vw, 600px\" \/><\/figure><\/div>\n\n\n\n<h2 class=\"wp-block-heading\">ABD ile \u00c7in&#8217;in en \u00fcst d\u00fczey diplomatlar\u0131n\u0131n iki g\u00fcnd\u00fcr Alaska&#8217;da devam eden g\u00f6r\u00fc\u015fmeleri sona erdi. <\/h2>\n\n\n\n<p>Alaska&#8217;da ABD D\u0131\u015fi\u015fleri Bakan\u0131 Antony Blinken ile Ulusal G\u00fcvenlik Dan\u0131\u015fman\u0131 Jake Sullivan ve \u00c7in D\u0131\u015fi\u015fleri Bakan\u0131 Vang Yi ile \u00c7in Kom\u00fcnist Partisi Merkezi Komitesi D\u0131\u015fi\u015fleri Komisyonu Ofisi Direkt\u00f6r\u00fc Yang Cie\u00e7\u0131&#8217;n\u0131 bir araya getiren g\u00f6r\u00fc\u015fmeler tamamland\u0131.<\/p>\n\n\n\n<p>ABD D\u0131\u015fi\u015fleri Bakan\u0131 Blinken, bas\u0131na kapal\u0131 ger\u00e7ekle\u015ftirilen ikinci g\u00fcnk\u00fc g\u00f6r\u00fc\u015fmelerin bitiminde gazetecilere de\u011ferlendirmede bulundu.<\/p>\n\n\n\n<p>Blinken yapt\u0131\u011f\u0131 a\u00e7\u0131klamada, &#8220;Sincan, Hong Kong, Tayvan ve siber sald\u0131r\u0131 gibi konularda \u00c7in ile temel olarak anla\u015fmazl\u0131k i\u00e7inde oldu\u011fumuz alanlar\u0131 bilerek buraya geldik. A\u00e7\u0131k\u00e7as\u0131 bu konular\u0131 a\u00e7\u0131k\u00e7a ve do\u011frudan dile getirdi\u011fimizde endi\u015feli yan\u0131tlar almam\u0131z \u015fa\u015f\u0131rt\u0131c\u0131 de\u011fildi&#8221; dedi.<\/p>\n\n\n\n<p>Bakan Blinken, \u00c7inli yetkililerle, \u0130ran, Kuzey Kore, Afganistan ve iklim de\u011fi\u015fikli\u011fi gibi geni\u015f bir zeminde pek \u00e7ok konuyu ele ald\u0131klar\u0131n\u0131, Pekin&#8217;in ekonomik ve ticari eylemlerine ili\u015fkin ba\u015fl\u0131klar\u0131 da konu\u015ftuklar\u0131n\u0131 s\u00f6yledi.<\/p>\n\n\n\n<p>\u0130ki g\u00fcn s\u00fcren g\u00f6r\u00fc\u015fmelerle ilgili ana \u00e7\u0131kar\u0131m yapt\u0131klar\u0131 iki ba\u015fl\u0131k oldu\u011funu belirten Blinken, &#8220;\u00c7in&#8217;in baz\u0131 eylemlerine ili\u015fkin duydu\u011fumuz endi\u015feleri kendileriyle payla\u015fma amac\u0131ndayd\u0131k, bunu yapt\u0131k. Ayr\u0131ca kendi politikalar\u0131m\u0131z\u0131, \u00f6nceliklerimizi ve d\u00fcnya g\u00f6r\u00fc\u015f\u00fcm\u00fcz\u00fc de a\u00e7\u0131k bir \u015fekilde ortaya koymak istedik, bunu da yapt\u0131k&#8221; diye konu\u015ftu.<\/p>\n\n\n\n<p>ABD Ulusal G\u00fcvenlik Dan\u0131\u015fman\u0131 Sullivan da zorlu bir toplant\u0131 s\u00fcreci bekleyerek Alaska&#8217;ya geldiklerini ve bekledikleri \u015feyle kar\u015f\u0131la\u015ft\u0131klar\u0131n\u0131 ifade etti.<\/p>\n\n\n\n<p>\u00d6te yandan, Amerikan medyas\u0131na yans\u0131yan ve toplant\u0131y\u0131 takip eden \u00c7inli bas\u0131n mensuplar\u0131na dayand\u0131r\u0131lan haberlerde, \u00c7inli yetkililerin g\u00f6r\u00fc\u015fmeleri &#8220;yap\u0131c\u0131 ve faydal\u0131, ancak farkl\u0131l\u0131klar\u0131n da oldu\u011fu g\u00f6r\u00fc\u015fmeler&#8221; olarak tan\u0131mlad\u0131klar\u0131 bilgisi yer ald\u0131.<\/p>\n\n\n\n<p><\/p>\n","protected":false},"excerpt":{"rendered":"<p>ABD ile \u00c7in&#8217;in en \u00fcst d\u00fczey diplomatlar\u0131n\u0131n iki g\u00fcnd\u00fcr Alaska&#8217;da devam eden g\u00f6r\u00fc\u015fmeleri sona erdi. Alaska&#8217;da ABD D\u0131\u015fi\u015fleri Bakan\u0131 Antony Blinken ile Ulusal G\u00fcvenlik Dan\u0131\u015fman\u0131 Jake Sullivan ve \u00c7in D\u0131\u015fi\u015fleri Bakan\u0131 Vang Yi ile \u00c7in Kom\u00fcnist Partisi Merkezi Komitesi D\u0131\u015fi\u015fleri Komisyonu Ofisi Direkt\u00f6r\u00fc Yang Cie\u00e7\u0131&#8217;n\u0131 bir araya getiren g\u00f6r\u00fc\u015fmeler tamamland\u0131. ABD D\u0131\u015fi\u015fleri Bakan\u0131 Blinken, bas\u0131na [&hellip;]<\/p>\n","protected":false},"author":12791,"featured_media":133969,"comment_status":"closed","ping_status":"open","sticky":false,"template":"","format":"standard","meta":{"_yoast_wpseo_focuskw":"","_yoast_wpseo_title":"","_yoast_wpseo_metadesc":"","_bbp_topic_count":0,"_bbp_reply_count":0,"_bbp_total_topic_count":0,"_bbp_total_reply_count":0,"_bbp_voice_count":0,"_bbp_anonymous_reply_count":0,"_bbp_topic_count_hidden":0,"_bbp_reply_count_hidden":0,"_bbp_forum_subforum_count":0,"footnotes":"","_yoast_wpseo_focuskw_text_input":""},"categories":[5,1],"tags":[],"yoast_head":"<!-- This site is optimized with the Yoast SEO plugin v23.0 - https:\/\/yoast.com\/wordpress\/plugins\/seo\/ -->\n<title>ABD ile \u00c7in&#039;in Alaska&#039;daki G\u00f6r\u00fc\u015fmeleri Sona Erdi - The Epoch Times TR<\/title>\n<meta name=\"robots\" content=\"index, follow, max-snippet:-1, max-image-preview:large, max-video-preview:-1\" \/>\n<link rel=\"canonical\" href=\"https:\/\/epochtimestr.com\/index.php\/abd-ile-cinin-alaskadaki-gorusmeleri-sona-erdi\" \/>\n<meta property=\"og:locale\" content=\"tr_TR\" \/>\n<meta property=\"og:type\" content=\"article\" \/>\n<meta property=\"og:title\" content=\"ABD ile \u00c7in&#039;in Alaska&#039;daki G\u00f6r\u00fc\u015fmeleri Sona Erdi - The Epoch Times TR\" \/>\n<meta property=\"og:description\" content=\"ABD ile \u00c7in&#8217;in en \u00fcst d\u00fczey diplomatlar\u0131n\u0131n iki g\u00fcnd\u00fcr Alaska&#8217;da devam eden g\u00f6r\u00fc\u015fmeleri sona erdi. Alaska&#8217;da ABD D\u0131\u015fi\u015fleri Bakan\u0131 Antony Blinken ile Ulusal G\u00fcvenlik Dan\u0131\u015fman\u0131 Jake Sullivan ve \u00c7in D\u0131\u015fi\u015fleri Bakan\u0131 Vang Yi ile \u00c7in Kom\u00fcnist Partisi Merkezi Komitesi D\u0131\u015fi\u015fleri Komisyonu Ofisi Direkt\u00f6r\u00fc Yang Cie\u00e7\u0131&#8217;n\u0131 bir araya getiren g\u00f6r\u00fc\u015fmeler tamamland\u0131. ABD D\u0131\u015fi\u015fleri Bakan\u0131 Blinken, bas\u0131na [&hellip;]\" \/>\n<meta property=\"og:url\" content=\"https:\/\/epochtimestr.com\/index.php\/abd-ile-cinin-alaskadaki-gorusmeleri-sona-erdi\" \/>\n<meta property=\"og:site_name\" content=\"The Epoch Times TR\" \/>\n<meta property=\"article:publisher\" content=\"https:\/\/www.facebook.com\/theepochtimestr\" \/>\n<meta property=\"article:published_time\" content=\"2021-03-20T18:37:01+00:00\" \/>\n<meta property=\"article:modified_time\" content=\"2021-03-20T18:37:04+00:00\" \/>\n<meta property=\"og:image\" content=\"https:\/\/epochtimestr.com\/wp-content\/uploads\/2011y\/ABD-Bayrak-1.jpg\" \/>\n\t<meta property=\"og:image:width\" content=\"640\" \/>\n\t<meta property=\"og:image:height\" content=\"426\" \/>\n\t<meta property=\"og:image:type\" content=\"image\/jpeg\" \/>\n<meta name=\"author\" content=\"Haber Merkezi\" \/>\n<meta name=\"twitter:card\" content=\"summary_large_image\" \/>\n<meta name=\"twitter:creator\" content=\"@TheEpochTimesTR\" \/>\n<meta name=\"twitter:site\" content=\"@TheEpochTimesTR\" \/>\n<meta name=\"twitter:label1\" content=\"Yazan:\" \/>\n\t<meta name=\"twitter:data1\" content=\"Haber Merkezi\" \/>\n\t<meta name=\"twitter:label2\" content=\"Tahmini okuma s\u00fcresi\" \/>\n\t<meta name=\"twitter:data2\" content=\"2 dakika\" \/>\n<script type=\"application\/ld+json\" class=\"yoast-schema-graph\">{\"@context\":\"https:\/\/schema.org\",\"@graph\":[{\"@type\":\"Article\",\"@id\":\"https:\/\/epochtimestr.com\/index.php\/abd-ile-cinin-alaskadaki-gorusmeleri-sona-erdi#article\",\"isPartOf\":{\"@id\":\"https:\/\/epochtimestr.com\/index.php\/abd-ile-cinin-alaskadaki-gorusmeleri-sona-erdi\"},\"author\":{\"name\":\"Haber Merkezi\",\"@id\":\"https:\/\/epochtimestr.com\/#\/schema\/person\/3dc5c3adeb9f43923c5aa85889172fdd\"},\"headline\":\"ABD ile \u00c7in&#8217;in Alaska&#8217;daki G\u00f6r\u00fc\u015fmeleri Sona Erdi\",\"datePublished\":\"2021-03-20T18:37:01+00:00\",\"dateModified\":\"2021-03-20T18:37:04+00:00\",\"mainEntityOfPage\":{\"@id\":\"https:\/\/epochtimestr.com\/index.php\/abd-ile-cinin-alaskadaki-gorusmeleri-sona-erdi\"},\"wordCount\":341,\"publisher\":{\"@id\":\"https:\/\/epochtimestr.com\/#organization\"},\"image\":{\"@id\":\"https:\/\/epochtimestr.com\/index.php\/abd-ile-cinin-alaskadaki-gorusmeleri-sona-erdi#primaryimage\"},\"thumbnailUrl\":\"https:\/\/epochtimestr.com\/wp-content\/uploads\/2011y\/ABD-Bayrak-1.jpg\",\"articleSection\":[\"D\u00dcNYA\",\"G\u00dcNDEM\"],\"inLanguage\":\"tr\"},{\"@type\":\"WebPage\",\"@id\":\"https:\/\/epochtimestr.com\/index.php\/abd-ile-cinin-alaskadaki-gorusmeleri-sona-erdi\",\"url\":\"https:\/\/epochtimestr.com\/index.php\/abd-ile-cinin-alaskadaki-gorusmeleri-sona-erdi\",\"name\":\"ABD ile \u00c7in'in Alaska'daki G\u00f6r\u00fc\u015fmeleri Sona Erdi - The Epoch Times TR\",\"isPartOf\":{\"@id\":\"https:\/\/epochtimestr.com\/#website\"},\"primaryImageOfPage\":{\"@id\":\"https:\/\/epochtimestr.com\/index.php\/abd-ile-cinin-alaskadaki-gorusmeleri-sona-erdi#primaryimage\"},\"image\":{\"@id\":\"https:\/\/epochtimestr.com\/index.php\/abd-ile-cinin-alaskadaki-gorusmeleri-sona-erdi#primaryimage\"},\"thumbnailUrl\":\"https:\/\/epochtimestr.com\/wp-content\/uploads\/2011y\/ABD-Bayrak-1.jpg\",\"datePublished\":\"2021-03-20T18:37:01+00:00\",\"dateModified\":\"2021-03-20T18:37:04+00:00\",\"inLanguage\":\"tr\",\"potentialAction\":[{\"@type\":\"ReadAction\",\"target\":[\"https:\/\/epochtimestr.com\/index.php\/abd-ile-cinin-alaskadaki-gorusmeleri-sona-erdi\"]}]},{\"@type\":\"ImageObject\",\"inLanguage\":\"tr\",\"@id\":\"https:\/\/epochtimestr.com\/index.php\/abd-ile-cinin-alaskadaki-gorusmeleri-sona-erdi#primaryimage\",\"url\":\"https:\/\/epochtimestr.com\/wp-content\/uploads\/2011y\/ABD-Bayrak-1.jpg\",\"contentUrl\":\"https:\/\/epochtimestr.com\/wp-content\/uploads\/2011y\/ABD-Bayrak-1.jpg\",\"width\":640,\"height\":426},{\"@type\":\"WebSite\",\"@id\":\"https:\/\/epochtimestr.com\/#website\",\"url\":\"https:\/\/epochtimestr.com\/\",\"name\":\"The Epoch Times TR\",\"description\":\"De\u011fi\u015fen D\u00fcnyam\u0131za Taze Bir Bak\u0131\u015f\",\"publisher\":{\"@id\":\"https:\/\/epochtimestr.com\/#organization\"},\"potentialAction\":[{\"@type\":\"SearchAction\",\"target\":{\"@type\":\"EntryPoint\",\"urlTemplate\":\"https:\/\/epochtimestr.com\/?s={search_term_string}\"},\"query-input\":\"required name=search_term_string\"}],\"inLanguage\":\"tr\"},{\"@type\":\"Organization\",\"@id\":\"https:\/\/epochtimestr.com\/#organization\",\"name\":\"The EpochTimes T\u00fcrkiye\",\"url\":\"https:\/\/epochtimestr.com\/\",\"logo\":{\"@type\":\"ImageObject\",\"inLanguage\":\"tr\",\"@id\":\"https:\/\/epochtimestr.com\/#\/schema\/logo\/image\/\",\"url\":\"https:\/\/epochtimestr.com\/wp-content\/uploads\/2011y\/ET-Logo-YG.jpg\",\"contentUrl\":\"https:\/\/epochtimestr.com\/wp-content\/uploads\/2011y\/ET-Logo-YG.jpg\",\"width\":346,\"height\":29,\"caption\":\"The EpochTimes T\u00fcrkiye\"},\"image\":{\"@id\":\"https:\/\/epochtimestr.com\/#\/schema\/logo\/image\/\"},\"sameAs\":[\"https:\/\/www.facebook.com\/theepochtimestr\",\"https:\/\/x.com\/TheEpochTimesTR\",\"https:\/\/www.instagram.com\/epochtimestr\"]},{\"@type\":\"Person\",\"@id\":\"https:\/\/epochtimestr.com\/#\/schema\/person\/3dc5c3adeb9f43923c5aa85889172fdd\",\"name\":\"Haber Merkezi\",\"image\":{\"@type\":\"ImageObject\",\"inLanguage\":\"tr\",\"@id\":\"https:\/\/epochtimestr.com\/#\/schema\/person\/image\/\",\"url\":\"https:\/\/secure.gravatar.com\/avatar\/d73f772ba5a74f28601361e17c2f93e6?s=96&d=mm&r=g\",\"contentUrl\":\"https:\/\/secure.gravatar.com\/avatar\/d73f772ba5a74f28601361e17c2f93e6?s=96&d=mm&r=g\",\"caption\":\"Haber Merkezi\"},\"url\":\"https:\/\/epochtimestr.com\/index.php\/author\/sendag\"}]}<\/script>\n<!-- \/ Yoast SEO plugin. -->","yoast_head_json":{"title":"ABD ile \u00c7in'in Alaska'daki G\u00f6r\u00fc\u015fmeleri Sona Erdi - The Epoch Times TR","robots":{"index":"index","follow":"follow","max-snippet":"max-snippet:-1","max-image-preview":"max-image-preview:large","max-video-preview":"max-video-preview:-1"},"canonical":"https:\/\/epochtimestr.com\/index.php\/abd-ile-cinin-alaskadaki-gorusmeleri-sona-erdi","og_locale":"tr_TR","og_type":"article","og_title":"ABD ile \u00c7in'in Alaska'daki G\u00f6r\u00fc\u015fmeleri Sona Erdi - The Epoch Times TR","og_description":"ABD ile \u00c7in&#8217;in en \u00fcst d\u00fczey diplomatlar\u0131n\u0131n iki g\u00fcnd\u00fcr Alaska&#8217;da devam eden g\u00f6r\u00fc\u015fmeleri sona erdi. Alaska&#8217;da ABD D\u0131\u015fi\u015fleri Bakan\u0131 Antony Blinken ile Ulusal G\u00fcvenlik Dan\u0131\u015fman\u0131 Jake Sullivan ve \u00c7in D\u0131\u015fi\u015fleri Bakan\u0131 Vang Yi ile \u00c7in Kom\u00fcnist Partisi Merkezi Komitesi D\u0131\u015fi\u015fleri Komisyonu Ofisi Direkt\u00f6r\u00fc Yang Cie\u00e7\u0131&#8217;n\u0131 bir araya getiren g\u00f6r\u00fc\u015fmeler tamamland\u0131. ABD D\u0131\u015fi\u015fleri Bakan\u0131 Blinken, bas\u0131na [&hellip;]","og_url":"https:\/\/epochtimestr.com\/index.php\/abd-ile-cinin-alaskadaki-gorusmeleri-sona-erdi","og_site_name":"The Epoch Times TR","article_publisher":"https:\/\/www.facebook.com\/theepochtimestr","article_published_time":"2021-03-20T18:37:01+00:00","article_modified_time":"2021-03-20T18:37:04+00:00","og_image":[{"width":640,"height":426,"url":"https:\/\/epochtimestr.com\/wp-content\/uploads\/2011y\/ABD-Bayrak-1.jpg","type":"image\/jpeg"}],"author":"Haber Merkezi","twitter_card":"summary_large_image","twitter_creator":"@TheEpochTimesTR","twitter_site":"@TheEpochTimesTR","twitter_misc":{"Yazan:":"Haber Merkezi","Tahmini okuma s\u00fcresi":"2 dakika"},"schema":{"@context":"https:\/\/schema.org","@graph":[{"@type":"Article","@id":"https:\/\/epochtimestr.com\/index.php\/abd-ile-cinin-alaskadaki-gorusmeleri-sona-erdi#article","isPartOf":{"@id":"https:\/\/epochtimestr.com\/index.php\/abd-ile-cinin-alaskadaki-gorusmeleri-sona-erdi"},"author":{"name":"Haber Merkezi","@id":"https:\/\/epochtimestr.com\/#\/schema\/person\/3dc5c3adeb9f43923c5aa85889172fdd"},"headline":"ABD ile \u00c7in&#8217;in Alaska&#8217;daki G\u00f6r\u00fc\u015fmeleri Sona Erdi","datePublished":"2021-03-20T18:37:01+00:00","dateModified":"2021-03-20T18:37:04+00:00","mainEntityOfPage":{"@id":"https:\/\/epochtimestr.com\/index.php\/abd-ile-cinin-alaskadaki-gorusmeleri-sona-erdi"},"wordCount":341,"publisher":{"@id":"https:\/\/epochtimestr.com\/#organization"},"image":{"@id":"https:\/\/epochtimestr.com\/index.php\/abd-ile-cinin-alaskadaki-gorusmeleri-sona-erdi#primaryimage"},"thumbnailUrl":"https:\/\/epochtimestr.com\/wp-content\/uploads\/2011y\/ABD-Bayrak-1.jpg","articleSection":["D\u00dcNYA","G\u00dcNDEM"],"inLanguage":"tr"},{"@type":"WebPage","@id":"https:\/\/epochtimestr.com\/index.php\/abd-ile-cinin-alaskadaki-gorusmeleri-sona-erdi","url":"https:\/\/epochtimestr.com\/index.php\/abd-ile-cinin-alaskadaki-gorusmeleri-sona-erdi","name":"ABD ile \u00c7in'in Alaska'daki G\u00f6r\u00fc\u015fmeleri Sona Erdi - The Epoch Times TR","isPartOf":{"@id":"https:\/\/epochtimestr.com\/#website"},"primaryImageOfPage":{"@id":"https:\/\/epochtimestr.com\/index.php\/abd-ile-cinin-alaskadaki-gorusmeleri-sona-erdi#primaryimage"},"image":{"@id":"https:\/\/epochtimestr.com\/index.php\/abd-ile-cinin-alaskadaki-gorusmeleri-sona-erdi#primaryimage"},"thumbnailUrl":"https:\/\/epochtimestr.com\/wp-content\/uploads\/2011y\/ABD-Bayrak-1.jpg","datePublished":"2021-03-20T18:37:01+00:00","dateModified":"2021-03-20T18:37:04+00:00","inLanguage":"tr","potentialAction":[{"@type":"ReadAction","target":["https:\/\/epochtimestr.com\/index.php\/abd-ile-cinin-alaskadaki-gorusmeleri-sona-erdi"]}]},{"@type":"ImageObject","inLanguage":"tr","@id":"https:\/\/epochtimestr.com\/index.php\/abd-ile-cinin-alaskadaki-gorusmeleri-sona-erdi#primaryimage","url":"https:\/\/epochtimestr.com\/wp-content\/uploads\/2011y\/ABD-Bayrak-1.jpg","contentUrl":"https:\/\/epochtimestr.com\/wp-content\/uploads\/2011y\/ABD-Bayrak-1.jpg","width":640,"height":426},{"@type":"WebSite","@id":"https:\/\/epochtimestr.com\/#website","url":"https:\/\/epochtimestr.com\/","name":"The Epoch Times TR","description":"De\u011fi\u015fen D\u00fcnyam\u0131za Taze Bir Bak\u0131\u015f","publisher":{"@id":"https:\/\/epochtimestr.com\/#organization"},"potentialAction":[{"@type":"SearchAction","target":{"@type":"EntryPoint","urlTemplate":"https:\/\/epochtimestr.com\/?s={search_term_string}"},"query-input":"required name=search_term_string"}],"inLanguage":"tr"},{"@type":"Organization","@id":"https:\/\/epochtimestr.com\/#organization","name":"The EpochTimes T\u00fcrkiye","url":"https:\/\/epochtimestr.com\/","logo":{"@type":"ImageObject","inLanguage":"tr","@id":"https:\/\/epochtimestr.com\/#\/schema\/logo\/image\/","url":"https:\/\/epochtimestr.com\/wp-content\/uploads\/2011y\/ET-Logo-YG.jpg","contentUrl":"https:\/\/epochtimestr.com\/wp-content\/uploads\/2011y\/ET-Logo-YG.jpg","width":346,"height":29,"caption":"The EpochTimes T\u00fcrkiye"},"image":{"@id":"https:\/\/epochtimestr.com\/#\/schema\/logo\/image\/"},"sameAs":["https:\/\/www.facebook.com\/theepochtimestr","https:\/\/x.com\/TheEpochTimesTR","https:\/\/www.instagram.com\/epochtimestr"]},{"@type":"Person","@id":"https:\/\/epochtimestr.com\/#\/schema\/person\/3dc5c3adeb9f43923c5aa85889172fdd","name":"Haber Merkezi","image":{"@type":"ImageObject","inLanguage":"tr","@id":"https:\/\/epochtimestr.com\/#\/schema\/person\/image\/","url":"https:\/\/secure.gravatar.com\/avatar\/d73f772ba5a74f28601361e17c2f93e6?s=96&d=mm&r=g","contentUrl":"https:\/\/secure.gravatar.com\/avatar\/d73f772ba5a74f28601361e17c2f93e6?s=96&d=mm&r=g","caption":"Haber Merkezi"},"url":"https:\/\/epochtimestr.com\/index.php\/author\/sendag"}]}},"_links":{"self":[{"href":"https:\/\/epochtimestr.com\/index.php\/wp-json\/wp\/v2\/posts\/133968"}],"collection":[{"href":"https:\/\/epochtimestr.com\/index.php\/wp-json\/wp\/v2\/posts"}],"about":[{"href":"https:\/\/epochtimestr.com\/index.php\/wp-json\/wp\/v2\/types\/post"}],"author":[{"embeddable":true,"href":"https:\/\/epochtimestr.com\/index.php\/wp-json\/wp\/v2\/users\/12791"}],"replies":[{"embeddable":true,"href":"https:\/\/epochtimestr.com\/index.php\/wp-json\/wp\/v2\/comments?post=133968"}],"version-history":[{"count":1,"href":"https:\/\/epochtimestr.com\/index.php\/wp-json\/wp\/v2\/posts\/133968\/revisions"}],"predecessor-version":[{"id":133971,"href":"https:\/\/epochtimestr.com\/index.php\/wp-json\/wp\/v2\/posts\/133968\/revisions\/133971"}],"wp:featuredmedia":[{"embeddable":true,"href":"https:\/\/epochtimestr.com\/index.php\/wp-json\/wp\/v2\/media\/133969"}],"wp:attachment":[{"href":"https:\/\/epochtimestr.com\/index.php\/wp-json\/wp\/v2\/media?parent=133968"}],"wp:term":[{"taxonomy":"category","embeddable":true,"href":"https:\/\/epochtimestr.com\/index.php\/wp-json\/wp\/v2\/categories?post=133968"},{"taxonomy":"post_tag","embeddable":true,"href":"https:\/\/epochtimestr.com\/index.php\/wp-json\/wp\/v2\/tags?post=133968"}],"curies":[{"name":"wp","href":"https:\/\/api.w.org\/{rel}","templated":true}]}}