{"id":134037,"date":"2021-03-25T11:23:07","date_gmt":"2021-03-25T08:23:07","guid":{"rendered":"http:\/\/epochtimestr.com\/?p=134037"},"modified":"2021-03-25T11:23:13","modified_gmt":"2021-03-25T08:23:13","slug":"istanbul-baraj-doluluk-orani-yukseldi","status":"publish","type":"post","link":"https:\/\/epochtimestr.com\/index.php\/istanbul-baraj-doluluk-orani-yukseldi","title":{"rendered":"\u0130stanbul Baraj Doluluk Oran\u0131 Y\u00fckseldi"},"content":{"rendered":"\n<figure class=\"wp-block-image size-large\"><img loading=\"lazy\" decoding=\"async\" width=\"554\" height=\"400\" src=\"https:\/\/epochtimestr.com\/wp-content\/uploads\/2011y\/altinkaya-baraji-554x400.jpeg\" alt=\"\" class=\"wp-image-131918\" srcset=\"https:\/\/epochtimestr.com\/wp-content\/uploads\/2011y\/altinkaya-baraji-554x400.jpeg 554w, https:\/\/epochtimestr.com\/wp-content\/uploads\/2011y\/altinkaya-baraji-300x217.jpeg 300w, https:\/\/epochtimestr.com\/wp-content\/uploads\/2011y\/altinkaya-baraji-150x108.jpeg 150w, https:\/\/epochtimestr.com\/wp-content\/uploads\/2011y\/altinkaya-baraji-768x555.jpeg 768w, https:\/\/epochtimestr.com\/wp-content\/uploads\/2011y\/altinkaya-baraji.jpeg 1024w\" sizes=\"(max-width: 554px) 100vw, 554px\" \/><\/figure>\n\n\n\n<h2 class=\"wp-block-heading\">\u0130SK\u0130&#8217;den yap\u0131lan son dakika a\u00e7\u0131klamas\u0131na g\u00f6re \u0130stanbul barajlar\u0131nda doluluk oran\u0131 kar ya\u011f\u0131\u015flar\u0131n\u0131n da etkisiyle y\u00fckseldi.\u00a0<\/h2>\n\n\n\n<p>\u0130stanbul barajlar\u0131ndaki doluluk oran\u0131 son g\u00fcnlerdeki kar ya\u011f\u0131\u015flar\u0131n\u0131n da etkisiyle y\u00fczde 69,83&#8217;e y\u00fckseldi.<\/p>\n\n\n\n<p>\u0130stanbul Su ve Kanalizasyon \u0130daresi (\u0130SK\u0130) verilerine g\u00f6re, barajlardaki su seviyesi 8 Ocak&#8217;ta y\u00fczde 19,16&#8217;ya kadar inmi\u015fti.<\/p>\n\n\n\n<p>Kente su sa\u011flayan barajlardaki doluluk oran\u0131 bug\u00fcn itibar\u0131yla y\u00fczde 69,83 olarak \u00f6l\u00e7\u00fcl\u00fcrken ge\u00e7en y\u0131l ayn\u0131 d\u00f6nemi geride b\u0131rakt\u0131. \u0130SK\u0130 verilerinde 2020 y\u0131l\u0131 25 Mart g\u00fcn\u00fc barajlardaki doluluk oran\u0131 y\u00fczde 63,92 olarak g\u00f6r\u00fcl\u00fcyor.<\/p>\n\n\n\n<p><strong>\u0130SK\u0130 verilerine g\u00f6re 25 Mart tarihinde barajlar\u0131n doluluk oranlar\u0131<\/strong><\/p>\n\n\n\n<p>Su miktar\u0131 Istrancalar&#8217;da y\u00fczde 61,19, Terkos&#8217;ta y\u00fczde 65,06, Sazl\u0131dere&#8217;de y\u00fczde 36,76, Alibey&#8217;de y\u00fczde 63,13, B\u00fcy\u00fck\u00e7ekmece&#8217;de y\u00fczde 69,59, \u00d6merli&#8217;de y\u00fczde 86,57, Darl\u0131k&#8217;ta y\u00fczde 82,36, Elmal\u0131&#8217;da y\u00fczde 79,39, Kazandere&#8217;de y\u00fczde 60,92 ve Pabu\u00e7dere&#8217;de y\u00fczde 49,28 olarak kaydedildi.<\/p>\n","protected":false},"excerpt":{"rendered":"<p>\u0130SK\u0130&#8217;den yap\u0131lan son dakika a\u00e7\u0131klamas\u0131na g\u00f6re \u0130stanbul barajlar\u0131nda doluluk oran\u0131 kar ya\u011f\u0131\u015flar\u0131n\u0131n da etkisiyle y\u00fckseldi.\u00a0 \u0130stanbul barajlar\u0131ndaki doluluk oran\u0131 son g\u00fcnlerdeki kar ya\u011f\u0131\u015flar\u0131n\u0131n da etkisiyle y\u00fczde 69,83&#8217;e y\u00fckseldi. \u0130stanbul Su ve Kanalizasyon \u0130daresi (\u0130SK\u0130) verilerine g\u00f6re, barajlardaki su seviyesi 8 Ocak&#8217;ta y\u00fczde 19,16&#8217;ya kadar inmi\u015fti. Kente su sa\u011flayan barajlardaki doluluk oran\u0131 bug\u00fcn itibar\u0131yla y\u00fczde 69,83 [&hellip;]<\/p>\n","protected":false},"author":12791,"featured_media":131919,"comment_status":"closed","ping_status":"open","sticky":false,"template":"","format":"standard","meta":{"_yoast_wpseo_focuskw":"","_yoast_wpseo_title":"","_yoast_wpseo_metadesc":"","_bbp_topic_count":0,"_bbp_reply_count":0,"_bbp_total_topic_count":0,"_bbp_total_reply_count":0,"_bbp_voice_count":0,"_bbp_anonymous_reply_count":0,"_bbp_topic_count_hidden":0,"_bbp_reply_count_hidden":0,"_bbp_forum_subforum_count":0,"footnotes":"","_yoast_wpseo_focuskw_text_input":""},"categories":[1,37],"tags":[],"yoast_head":"<!-- This site is optimized with the Yoast SEO plugin v23.0 - https:\/\/yoast.com\/wordpress\/plugins\/seo\/ -->\n<title>\u0130stanbul Baraj Doluluk Oran\u0131 Y\u00fckseldi - The Epoch Times TR<\/title>\n<meta name=\"robots\" content=\"index, follow, max-snippet:-1, max-image-preview:large, max-video-preview:-1\" \/>\n<link rel=\"canonical\" href=\"https:\/\/epochtimestr.com\/index.php\/istanbul-baraj-doluluk-orani-yukseldi\" \/>\n<meta property=\"og:locale\" content=\"tr_TR\" \/>\n<meta property=\"og:type\" content=\"article\" \/>\n<meta property=\"og:title\" content=\"\u0130stanbul Baraj Doluluk Oran\u0131 Y\u00fckseldi - The Epoch Times TR\" \/>\n<meta property=\"og:description\" content=\"\u0130SK\u0130&#8217;den yap\u0131lan son dakika a\u00e7\u0131klamas\u0131na g\u00f6re \u0130stanbul barajlar\u0131nda doluluk oran\u0131 kar ya\u011f\u0131\u015flar\u0131n\u0131n da etkisiyle y\u00fckseldi.\u00a0 \u0130stanbul barajlar\u0131ndaki doluluk oran\u0131 son g\u00fcnlerdeki kar ya\u011f\u0131\u015flar\u0131n\u0131n da etkisiyle y\u00fczde 69,83&#8217;e y\u00fckseldi. \u0130stanbul Su ve Kanalizasyon \u0130daresi (\u0130SK\u0130) verilerine g\u00f6re, barajlardaki su seviyesi 8 Ocak&#8217;ta y\u00fczde 19,16&#8217;ya kadar inmi\u015fti. Kente su sa\u011flayan barajlardaki doluluk oran\u0131 bug\u00fcn itibar\u0131yla y\u00fczde 69,83 [&hellip;]\" \/>\n<meta property=\"og:url\" content=\"https:\/\/epochtimestr.com\/index.php\/istanbul-baraj-doluluk-orani-yukseldi\" \/>\n<meta property=\"og:site_name\" content=\"The Epoch Times TR\" \/>\n<meta property=\"article:publisher\" content=\"https:\/\/www.facebook.com\/theepochtimestr\" \/>\n<meta property=\"article:published_time\" content=\"2021-03-25T08:23:07+00:00\" \/>\n<meta property=\"article:modified_time\" content=\"2021-03-25T08:23:13+00:00\" \/>\n<meta property=\"og:image\" content=\"https:\/\/epochtimestr.com\/wp-content\/uploads\/2011y\/altinkaya-baraji-1.jpeg\" \/>\n\t<meta property=\"og:image:width\" content=\"1024\" \/>\n\t<meta property=\"og:image:height\" content=\"740\" \/>\n\t<meta property=\"og:image:type\" content=\"image\/jpeg\" \/>\n<meta name=\"author\" content=\"Haber Merkezi\" \/>\n<meta name=\"twitter:card\" content=\"summary_large_image\" \/>\n<meta name=\"twitter:creator\" content=\"@TheEpochTimesTR\" \/>\n<meta name=\"twitter:site\" content=\"@TheEpochTimesTR\" \/>\n<meta name=\"twitter:label1\" content=\"Yazan:\" \/>\n\t<meta name=\"twitter:data1\" content=\"Haber Merkezi\" \/>\n\t<meta name=\"twitter:label2\" content=\"Tahmini okuma s\u00fcresi\" \/>\n\t<meta name=\"twitter:data2\" content=\"1 dakika\" \/>\n<script type=\"application\/ld+json\" class=\"yoast-schema-graph\">{\"@context\":\"https:\/\/schema.org\",\"@graph\":[{\"@type\":\"Article\",\"@id\":\"https:\/\/epochtimestr.com\/index.php\/istanbul-baraj-doluluk-orani-yukseldi#article\",\"isPartOf\":{\"@id\":\"https:\/\/epochtimestr.com\/index.php\/istanbul-baraj-doluluk-orani-yukseldi\"},\"author\":{\"name\":\"Haber Merkezi\",\"@id\":\"https:\/\/epochtimestr.com\/#\/schema\/person\/3dc5c3adeb9f43923c5aa85889172fdd\"},\"headline\":\"\u0130stanbul Baraj Doluluk Oran\u0131 Y\u00fckseldi\",\"datePublished\":\"2021-03-25T08:23:07+00:00\",\"dateModified\":\"2021-03-25T08:23:13+00:00\",\"mainEntityOfPage\":{\"@id\":\"https:\/\/epochtimestr.com\/index.php\/istanbul-baraj-doluluk-orani-yukseldi\"},\"wordCount\":166,\"publisher\":{\"@id\":\"https:\/\/epochtimestr.com\/#organization\"},\"image\":{\"@id\":\"https:\/\/epochtimestr.com\/index.php\/istanbul-baraj-doluluk-orani-yukseldi#primaryimage\"},\"thumbnailUrl\":\"https:\/\/epochtimestr.com\/wp-content\/uploads\/2011y\/altinkaya-baraji-1.jpeg\",\"articleSection\":[\"G\u00dcNDEM\",\"T\u00dcRK\u0130YE\"],\"inLanguage\":\"tr\"},{\"@type\":\"WebPage\",\"@id\":\"https:\/\/epochtimestr.com\/index.php\/istanbul-baraj-doluluk-orani-yukseldi\",\"url\":\"https:\/\/epochtimestr.com\/index.php\/istanbul-baraj-doluluk-orani-yukseldi\",\"name\":\"\u0130stanbul Baraj Doluluk Oran\u0131 Y\u00fckseldi - The Epoch Times TR\",\"isPartOf\":{\"@id\":\"https:\/\/epochtimestr.com\/#website\"},\"primaryImageOfPage\":{\"@id\":\"https:\/\/epochtimestr.com\/index.php\/istanbul-baraj-doluluk-orani-yukseldi#primaryimage\"},\"image\":{\"@id\":\"https:\/\/epochtimestr.com\/index.php\/istanbul-baraj-doluluk-orani-yukseldi#primaryimage\"},\"thumbnailUrl\":\"https:\/\/epochtimestr.com\/wp-content\/uploads\/2011y\/altinkaya-baraji-1.jpeg\",\"datePublished\":\"2021-03-25T08:23:07+00:00\",\"dateModified\":\"2021-03-25T08:23:13+00:00\",\"inLanguage\":\"tr\",\"potentialAction\":[{\"@type\":\"ReadAction\",\"target\":[\"https:\/\/epochtimestr.com\/index.php\/istanbul-baraj-doluluk-orani-yukseldi\"]}]},{\"@type\":\"ImageObject\",\"inLanguage\":\"tr\",\"@id\":\"https:\/\/epochtimestr.com\/index.php\/istanbul-baraj-doluluk-orani-yukseldi#primaryimage\",\"url\":\"https:\/\/epochtimestr.com\/wp-content\/uploads\/2011y\/altinkaya-baraji-1.jpeg\",\"contentUrl\":\"https:\/\/epochtimestr.com\/wp-content\/uploads\/2011y\/altinkaya-baraji-1.jpeg\",\"width\":1024,\"height\":740},{\"@type\":\"WebSite\",\"@id\":\"https:\/\/epochtimestr.com\/#website\",\"url\":\"https:\/\/epochtimestr.com\/\",\"name\":\"The Epoch Times TR\",\"description\":\"De\u011fi\u015fen D\u00fcnyam\u0131za Taze Bir Bak\u0131\u015f\",\"publisher\":{\"@id\":\"https:\/\/epochtimestr.com\/#organization\"},\"potentialAction\":[{\"@type\":\"SearchAction\",\"target\":{\"@type\":\"EntryPoint\",\"urlTemplate\":\"https:\/\/epochtimestr.com\/?s={search_term_string}\"},\"query-input\":\"required name=search_term_string\"}],\"inLanguage\":\"tr\"},{\"@type\":\"Organization\",\"@id\":\"https:\/\/epochtimestr.com\/#organization\",\"name\":\"The EpochTimes T\u00fcrkiye\",\"url\":\"https:\/\/epochtimestr.com\/\",\"logo\":{\"@type\":\"ImageObject\",\"inLanguage\":\"tr\",\"@id\":\"https:\/\/epochtimestr.com\/#\/schema\/logo\/image\/\",\"url\":\"https:\/\/epochtimestr.com\/wp-content\/uploads\/2011y\/ET-Logo-YG.jpg\",\"contentUrl\":\"https:\/\/epochtimestr.com\/wp-content\/uploads\/2011y\/ET-Logo-YG.jpg\",\"width\":346,\"height\":29,\"caption\":\"The EpochTimes T\u00fcrkiye\"},\"image\":{\"@id\":\"https:\/\/epochtimestr.com\/#\/schema\/logo\/image\/\"},\"sameAs\":[\"https:\/\/www.facebook.com\/theepochtimestr\",\"https:\/\/x.com\/TheEpochTimesTR\",\"https:\/\/www.instagram.com\/epochtimestr\"]},{\"@type\":\"Person\",\"@id\":\"https:\/\/epochtimestr.com\/#\/schema\/person\/3dc5c3adeb9f43923c5aa85889172fdd\",\"name\":\"Haber Merkezi\",\"image\":{\"@type\":\"ImageObject\",\"inLanguage\":\"tr\",\"@id\":\"https:\/\/epochtimestr.com\/#\/schema\/person\/image\/\",\"url\":\"https:\/\/secure.gravatar.com\/avatar\/d73f772ba5a74f28601361e17c2f93e6?s=96&d=mm&r=g\",\"contentUrl\":\"https:\/\/secure.gravatar.com\/avatar\/d73f772ba5a74f28601361e17c2f93e6?s=96&d=mm&r=g\",\"caption\":\"Haber Merkezi\"},\"url\":\"https:\/\/epochtimestr.com\/index.php\/author\/sendag\"}]}<\/script>\n<!-- \/ Yoast SEO plugin. -->","yoast_head_json":{"title":"\u0130stanbul Baraj Doluluk Oran\u0131 Y\u00fckseldi - The Epoch Times TR","robots":{"index":"index","follow":"follow","max-snippet":"max-snippet:-1","max-image-preview":"max-image-preview:large","max-video-preview":"max-video-preview:-1"},"canonical":"https:\/\/epochtimestr.com\/index.php\/istanbul-baraj-doluluk-orani-yukseldi","og_locale":"tr_TR","og_type":"article","og_title":"\u0130stanbul Baraj Doluluk Oran\u0131 Y\u00fckseldi - The Epoch Times TR","og_description":"\u0130SK\u0130&#8217;den yap\u0131lan son dakika a\u00e7\u0131klamas\u0131na g\u00f6re \u0130stanbul barajlar\u0131nda doluluk oran\u0131 kar ya\u011f\u0131\u015flar\u0131n\u0131n da etkisiyle y\u00fckseldi.\u00a0 \u0130stanbul barajlar\u0131ndaki doluluk oran\u0131 son g\u00fcnlerdeki kar ya\u011f\u0131\u015flar\u0131n\u0131n da etkisiyle y\u00fczde 69,83&#8217;e y\u00fckseldi. \u0130stanbul Su ve Kanalizasyon \u0130daresi (\u0130SK\u0130) verilerine g\u00f6re, barajlardaki su seviyesi 8 Ocak&#8217;ta y\u00fczde 19,16&#8217;ya kadar inmi\u015fti. Kente su sa\u011flayan barajlardaki doluluk oran\u0131 bug\u00fcn itibar\u0131yla y\u00fczde 69,83 [&hellip;]","og_url":"https:\/\/epochtimestr.com\/index.php\/istanbul-baraj-doluluk-orani-yukseldi","og_site_name":"The Epoch Times TR","article_publisher":"https:\/\/www.facebook.com\/theepochtimestr","article_published_time":"2021-03-25T08:23:07+00:00","article_modified_time":"2021-03-25T08:23:13+00:00","og_image":[{"width":1024,"height":740,"url":"https:\/\/epochtimestr.com\/wp-content\/uploads\/2011y\/altinkaya-baraji-1.jpeg","type":"image\/jpeg"}],"author":"Haber Merkezi","twitter_card":"summary_large_image","twitter_creator":"@TheEpochTimesTR","twitter_site":"@TheEpochTimesTR","twitter_misc":{"Yazan:":"Haber Merkezi","Tahmini okuma s\u00fcresi":"1 dakika"},"schema":{"@context":"https:\/\/schema.org","@graph":[{"@type":"Article","@id":"https:\/\/epochtimestr.com\/index.php\/istanbul-baraj-doluluk-orani-yukseldi#article","isPartOf":{"@id":"https:\/\/epochtimestr.com\/index.php\/istanbul-baraj-doluluk-orani-yukseldi"},"author":{"name":"Haber Merkezi","@id":"https:\/\/epochtimestr.com\/#\/schema\/person\/3dc5c3adeb9f43923c5aa85889172fdd"},"headline":"\u0130stanbul Baraj Doluluk Oran\u0131 Y\u00fckseldi","datePublished":"2021-03-25T08:23:07+00:00","dateModified":"2021-03-25T08:23:13+00:00","mainEntityOfPage":{"@id":"https:\/\/epochtimestr.com\/index.php\/istanbul-baraj-doluluk-orani-yukseldi"},"wordCount":166,"publisher":{"@id":"https:\/\/epochtimestr.com\/#organization"},"image":{"@id":"https:\/\/epochtimestr.com\/index.php\/istanbul-baraj-doluluk-orani-yukseldi#primaryimage"},"thumbnailUrl":"https:\/\/epochtimestr.com\/wp-content\/uploads\/2011y\/altinkaya-baraji-1.jpeg","articleSection":["G\u00dcNDEM","T\u00dcRK\u0130YE"],"inLanguage":"tr"},{"@type":"WebPage","@id":"https:\/\/epochtimestr.com\/index.php\/istanbul-baraj-doluluk-orani-yukseldi","url":"https:\/\/epochtimestr.com\/index.php\/istanbul-baraj-doluluk-orani-yukseldi","name":"\u0130stanbul Baraj Doluluk Oran\u0131 Y\u00fckseldi - The Epoch Times TR","isPartOf":{"@id":"https:\/\/epochtimestr.com\/#website"},"primaryImageOfPage":{"@id":"https:\/\/epochtimestr.com\/index.php\/istanbul-baraj-doluluk-orani-yukseldi#primaryimage"},"image":{"@id":"https:\/\/epochtimestr.com\/index.php\/istanbul-baraj-doluluk-orani-yukseldi#primaryimage"},"thumbnailUrl":"https:\/\/epochtimestr.com\/wp-content\/uploads\/2011y\/altinkaya-baraji-1.jpeg","datePublished":"2021-03-25T08:23:07+00:00","dateModified":"2021-03-25T08:23:13+00:00","inLanguage":"tr","potentialAction":[{"@type":"ReadAction","target":["https:\/\/epochtimestr.com\/index.php\/istanbul-baraj-doluluk-orani-yukseldi"]}]},{"@type":"ImageObject","inLanguage":"tr","@id":"https:\/\/epochtimestr.com\/index.php\/istanbul-baraj-doluluk-orani-yukseldi#primaryimage","url":"https:\/\/epochtimestr.com\/wp-content\/uploads\/2011y\/altinkaya-baraji-1.jpeg","contentUrl":"https:\/\/epochtimestr.com\/wp-content\/uploads\/2011y\/altinkaya-baraji-1.jpeg","width":1024,"height":740},{"@type":"WebSite","@id":"https:\/\/epochtimestr.com\/#website","url":"https:\/\/epochtimestr.com\/","name":"The Epoch Times TR","description":"De\u011fi\u015fen D\u00fcnyam\u0131za Taze Bir Bak\u0131\u015f","publisher":{"@id":"https:\/\/epochtimestr.com\/#organization"},"potentialAction":[{"@type":"SearchAction","target":{"@type":"EntryPoint","urlTemplate":"https:\/\/epochtimestr.com\/?s={search_term_string}"},"query-input":"required name=search_term_string"}],"inLanguage":"tr"},{"@type":"Organization","@id":"https:\/\/epochtimestr.com\/#organization","name":"The EpochTimes T\u00fcrkiye","url":"https:\/\/epochtimestr.com\/","logo":{"@type":"ImageObject","inLanguage":"tr","@id":"https:\/\/epochtimestr.com\/#\/schema\/logo\/image\/","url":"https:\/\/epochtimestr.com\/wp-content\/uploads\/2011y\/ET-Logo-YG.jpg","contentUrl":"https:\/\/epochtimestr.com\/wp-content\/uploads\/2011y\/ET-Logo-YG.jpg","width":346,"height":29,"caption":"The EpochTimes T\u00fcrkiye"},"image":{"@id":"https:\/\/epochtimestr.com\/#\/schema\/logo\/image\/"},"sameAs":["https:\/\/www.facebook.com\/theepochtimestr","https:\/\/x.com\/TheEpochTimesTR","https:\/\/www.instagram.com\/epochtimestr"]},{"@type":"Person","@id":"https:\/\/epochtimestr.com\/#\/schema\/person\/3dc5c3adeb9f43923c5aa85889172fdd","name":"Haber Merkezi","image":{"@type":"ImageObject","inLanguage":"tr","@id":"https:\/\/epochtimestr.com\/#\/schema\/person\/image\/","url":"https:\/\/secure.gravatar.com\/avatar\/d73f772ba5a74f28601361e17c2f93e6?s=96&d=mm&r=g","contentUrl":"https:\/\/secure.gravatar.com\/avatar\/d73f772ba5a74f28601361e17c2f93e6?s=96&d=mm&r=g","caption":"Haber Merkezi"},"url":"https:\/\/epochtimestr.com\/index.php\/author\/sendag"}]}},"_links":{"self":[{"href":"https:\/\/epochtimestr.com\/index.php\/wp-json\/wp\/v2\/posts\/134037"}],"collection":[{"href":"https:\/\/epochtimestr.com\/index.php\/wp-json\/wp\/v2\/posts"}],"about":[{"href":"https:\/\/epochtimestr.com\/index.php\/wp-json\/wp\/v2\/types\/post"}],"author":[{"embeddable":true,"href":"https:\/\/epochtimestr.com\/index.php\/wp-json\/wp\/v2\/users\/12791"}],"replies":[{"embeddable":true,"href":"https:\/\/epochtimestr.com\/index.php\/wp-json\/wp\/v2\/comments?post=134037"}],"version-history":[{"count":1,"href":"https:\/\/epochtimestr.com\/index.php\/wp-json\/wp\/v2\/posts\/134037\/revisions"}],"predecessor-version":[{"id":134038,"href":"https:\/\/epochtimestr.com\/index.php\/wp-json\/wp\/v2\/posts\/134037\/revisions\/134038"}],"wp:featuredmedia":[{"embeddable":true,"href":"https:\/\/epochtimestr.com\/index.php\/wp-json\/wp\/v2\/media\/131919"}],"wp:attachment":[{"href":"https:\/\/epochtimestr.com\/index.php\/wp-json\/wp\/v2\/media?parent=134037"}],"wp:term":[{"taxonomy":"category","embeddable":true,"href":"https:\/\/epochtimestr.com\/index.php\/wp-json\/wp\/v2\/categories?post=134037"},{"taxonomy":"post_tag","embeddable":true,"href":"https:\/\/epochtimestr.com\/index.php\/wp-json\/wp\/v2\/tags?post=134037"}],"curies":[{"name":"wp","href":"https:\/\/api.w.org\/{rel}","templated":true}]}}