{"id":134381,"date":"2021-04-18T09:25:05","date_gmt":"2021-04-18T06:25:05","guid":{"rendered":"http:\/\/epochtimestr.com\/?p=134381"},"modified":"2021-04-18T09:25:15","modified_gmt":"2021-04-18T06:25:15","slug":"biden-multeci-sayisini-artiracaklarini-soyledi","status":"publish","type":"post","link":"https:\/\/epochtimestr.com\/index.php\/biden-multeci-sayisini-artiracaklarini-soyledi","title":{"rendered":"Biden M\u00fclteci Say\u0131s\u0131n\u0131 Art\u0131racaklar\u0131n\u0131 S\u00f6yledi"},"content":{"rendered":"\n<figure class=\"wp-block-image size-large\"><img loading=\"lazy\" decoding=\"async\" width=\"600\" height=\"342\" src=\"https:\/\/epochtimestr.com\/wp-content\/uploads\/2011y\/Joe-Biden-NTDNewsvideoscreenshot-600x342.png\" alt=\"\" class=\"wp-image-134055\" srcset=\"https:\/\/epochtimestr.com\/wp-content\/uploads\/2011y\/Joe-Biden-NTDNewsvideoscreenshot-600x342.png 600w, https:\/\/epochtimestr.com\/wp-content\/uploads\/2011y\/Joe-Biden-NTDNewsvideoscreenshot-300x171.png 300w, https:\/\/epochtimestr.com\/wp-content\/uploads\/2011y\/Joe-Biden-NTDNewsvideoscreenshot-150x85.png 150w, https:\/\/epochtimestr.com\/wp-content\/uploads\/2011y\/Joe-Biden-NTDNewsvideoscreenshot-768x437.png 768w, https:\/\/epochtimestr.com\/wp-content\/uploads\/2011y\/Joe-Biden-NTDNewsvideoscreenshot.png 948w\" sizes=\"(max-width: 600px) 100vw, 600px\" \/><\/figure>\n\n\n\n<h2 class=\"wp-block-heading\">ABD Ba\u015fkan\u0131 Joe Biden, kamuoyundan gelen ele\u015ftirilerin ard\u0131ndan, cuma g\u00fcn\u00fc 2021 i\u00e7in 15 bin olarak a\u00e7\u0131klanan m\u00fclteci kabul s\u0131n\u0131r\u0131n\u0131 y\u00fckseltece\u011fini bildirdi.<\/h2>\n\n\n\n<p>ABD Ba\u015fkan\u0131 Biden, hafta sonu tatilini ge\u00e7irdi\u011fi Delaware eyaletinde bas\u0131n mensuplar\u0131na m\u00fclteci s\u0131n\u0131r\u0131 konusunda a\u00e7\u0131klama yapt\u0131.<\/p>\n\n\n\n<p>Biden, bir soru \u00fczerine, bu y\u0131l kabul edecekleri m\u00fclteci say\u0131s\u0131na atfen, &#8220;Bu say\u0131y\u0131 art\u0131raca\u011f\u0131z. Sorun, g\u00fcney s\u0131n\u0131r\u0131ndaki gen\u00e7lerle ilgili krizin devam etmesiydi. \u0130ki \u015feyi tek seferde yapamazd\u0131k, dolay\u0131s\u0131yla \u015fimdi o say\u0131y\u0131 art\u0131raca\u011f\u0131z.&#8221; de\u011ferlendirmesini yapt\u0131.<\/p>\n\n\n\n<p>Beyaz Saray, cuma g\u00fcnk\u00fc a\u00e7\u0131klamas\u0131nda, Donald Trump&#8217;\u0131n 2021 mali y\u0131l\u0131 i\u00e7in koydu\u011fu ve &#8220;tarihin en d\u00fc\u015f\u00fck say\u0131s\u0131&#8221; olarak kay\u0131tlara ge\u00e7en 15 bin m\u00fclteci kabul\u00fc s\u0131n\u0131r\u0131n\u0131n korunaca\u011f\u0131n\u0131 duyurmu\u015f, kamuoyunda ve baz\u0131 Kongre \u00fcyelerinde bu karar tepkilere neden olmu\u015ftu.<\/p>\n\n\n\n<p>Beyaz Saray S\u00f6zc\u00fcs\u00fc Jen Psaki, konuyla ilgili de\u011ferlendirmesinde, nihai rakam\u0131n Biden taraf\u0131ndan 15 May\u0131s&#8217;a kadar belirlenece\u011fini ifade etmi\u015fti.<\/p>\n","protected":false},"excerpt":{"rendered":"<p>ABD Ba\u015fkan\u0131 Joe Biden, kamuoyundan gelen ele\u015ftirilerin ard\u0131ndan, cuma g\u00fcn\u00fc 2021 i\u00e7in 15 bin olarak a\u00e7\u0131klanan m\u00fclteci kabul s\u0131n\u0131r\u0131n\u0131 y\u00fckseltece\u011fini bildirdi. ABD Ba\u015fkan\u0131 Biden, hafta sonu tatilini ge\u00e7irdi\u011fi Delaware eyaletinde bas\u0131n mensuplar\u0131na m\u00fclteci s\u0131n\u0131r\u0131 konusunda a\u00e7\u0131klama yapt\u0131. Biden, bir soru \u00fczerine, bu y\u0131l kabul edecekleri m\u00fclteci say\u0131s\u0131na atfen, &#8220;Bu say\u0131y\u0131 art\u0131raca\u011f\u0131z. Sorun, g\u00fcney s\u0131n\u0131r\u0131ndaki gen\u00e7lerle [&hellip;]<\/p>\n","protected":false},"author":12791,"featured_media":134055,"comment_status":"closed","ping_status":"open","sticky":false,"template":"","format":"standard","meta":{"_yoast_wpseo_focuskw":"","_yoast_wpseo_title":"","_yoast_wpseo_metadesc":"","_bbp_topic_count":0,"_bbp_reply_count":0,"_bbp_total_topic_count":0,"_bbp_total_reply_count":0,"_bbp_voice_count":0,"_bbp_anonymous_reply_count":0,"_bbp_topic_count_hidden":0,"_bbp_reply_count_hidden":0,"_bbp_forum_subforum_count":0,"footnotes":"","_yoast_wpseo_focuskw_text_input":""},"categories":[5,1],"tags":[],"yoast_head":"<!-- This site is optimized with the Yoast SEO plugin v23.0 - https:\/\/yoast.com\/wordpress\/plugins\/seo\/ -->\n<title>Biden M\u00fclteci Say\u0131s\u0131n\u0131 Art\u0131racaklar\u0131n\u0131 S\u00f6yledi - The Epoch Times TR<\/title>\n<meta name=\"robots\" content=\"index, follow, max-snippet:-1, max-image-preview:large, max-video-preview:-1\" \/>\n<link rel=\"canonical\" href=\"https:\/\/epochtimestr.com\/index.php\/biden-multeci-sayisini-artiracaklarini-soyledi\" \/>\n<meta property=\"og:locale\" content=\"tr_TR\" \/>\n<meta property=\"og:type\" content=\"article\" \/>\n<meta property=\"og:title\" content=\"Biden M\u00fclteci Say\u0131s\u0131n\u0131 Art\u0131racaklar\u0131n\u0131 S\u00f6yledi - The Epoch Times TR\" \/>\n<meta property=\"og:description\" content=\"ABD Ba\u015fkan\u0131 Joe Biden, kamuoyundan gelen ele\u015ftirilerin ard\u0131ndan, cuma g\u00fcn\u00fc 2021 i\u00e7in 15 bin olarak a\u00e7\u0131klanan m\u00fclteci kabul s\u0131n\u0131r\u0131n\u0131 y\u00fckseltece\u011fini bildirdi. ABD Ba\u015fkan\u0131 Biden, hafta sonu tatilini ge\u00e7irdi\u011fi Delaware eyaletinde bas\u0131n mensuplar\u0131na m\u00fclteci s\u0131n\u0131r\u0131 konusunda a\u00e7\u0131klama yapt\u0131. Biden, bir soru \u00fczerine, bu y\u0131l kabul edecekleri m\u00fclteci say\u0131s\u0131na atfen, &#8220;Bu say\u0131y\u0131 art\u0131raca\u011f\u0131z. Sorun, g\u00fcney s\u0131n\u0131r\u0131ndaki gen\u00e7lerle [&hellip;]\" \/>\n<meta property=\"og:url\" content=\"https:\/\/epochtimestr.com\/index.php\/biden-multeci-sayisini-artiracaklarini-soyledi\" \/>\n<meta property=\"og:site_name\" content=\"The Epoch Times TR\" \/>\n<meta property=\"article:publisher\" content=\"https:\/\/www.facebook.com\/theepochtimestr\" \/>\n<meta property=\"article:published_time\" content=\"2021-04-18T06:25:05+00:00\" \/>\n<meta property=\"article:modified_time\" content=\"2021-04-18T06:25:15+00:00\" \/>\n<meta property=\"og:image\" content=\"https:\/\/epochtimestr.com\/wp-content\/uploads\/2011y\/Joe-Biden-NTDNewsvideoscreenshot.png\" \/>\n\t<meta property=\"og:image:width\" content=\"948\" \/>\n\t<meta property=\"og:image:height\" content=\"540\" \/>\n\t<meta property=\"og:image:type\" content=\"image\/png\" \/>\n<meta name=\"author\" content=\"Haber Merkezi\" \/>\n<meta name=\"twitter:card\" content=\"summary_large_image\" \/>\n<meta name=\"twitter:creator\" content=\"@TheEpochTimesTR\" \/>\n<meta name=\"twitter:site\" content=\"@TheEpochTimesTR\" \/>\n<meta name=\"twitter:label1\" content=\"Yazan:\" \/>\n\t<meta name=\"twitter:data1\" content=\"Haber Merkezi\" \/>\n\t<meta name=\"twitter:label2\" content=\"Tahmini okuma s\u00fcresi\" \/>\n\t<meta name=\"twitter:data2\" content=\"1 dakika\" \/>\n<script type=\"application\/ld+json\" class=\"yoast-schema-graph\">{\"@context\":\"https:\/\/schema.org\",\"@graph\":[{\"@type\":\"Article\",\"@id\":\"https:\/\/epochtimestr.com\/index.php\/biden-multeci-sayisini-artiracaklarini-soyledi#article\",\"isPartOf\":{\"@id\":\"https:\/\/epochtimestr.com\/index.php\/biden-multeci-sayisini-artiracaklarini-soyledi\"},\"author\":{\"name\":\"Haber Merkezi\",\"@id\":\"https:\/\/epochtimestr.com\/#\/schema\/person\/3dc5c3adeb9f43923c5aa85889172fdd\"},\"headline\":\"Biden M\u00fclteci Say\u0131s\u0131n\u0131 Art\u0131racaklar\u0131n\u0131 S\u00f6yledi\",\"datePublished\":\"2021-04-18T06:25:05+00:00\",\"dateModified\":\"2021-04-18T06:25:15+00:00\",\"mainEntityOfPage\":{\"@id\":\"https:\/\/epochtimestr.com\/index.php\/biden-multeci-sayisini-artiracaklarini-soyledi\"},\"wordCount\":198,\"publisher\":{\"@id\":\"https:\/\/epochtimestr.com\/#organization\"},\"image\":{\"@id\":\"https:\/\/epochtimestr.com\/index.php\/biden-multeci-sayisini-artiracaklarini-soyledi#primaryimage\"},\"thumbnailUrl\":\"https:\/\/epochtimestr.com\/wp-content\/uploads\/2011y\/Joe-Biden-NTDNewsvideoscreenshot.png\",\"articleSection\":[\"D\u00dcNYA\",\"G\u00dcNDEM\"],\"inLanguage\":\"tr\"},{\"@type\":\"WebPage\",\"@id\":\"https:\/\/epochtimestr.com\/index.php\/biden-multeci-sayisini-artiracaklarini-soyledi\",\"url\":\"https:\/\/epochtimestr.com\/index.php\/biden-multeci-sayisini-artiracaklarini-soyledi\",\"name\":\"Biden M\u00fclteci Say\u0131s\u0131n\u0131 Art\u0131racaklar\u0131n\u0131 S\u00f6yledi - The Epoch Times TR\",\"isPartOf\":{\"@id\":\"https:\/\/epochtimestr.com\/#website\"},\"primaryImageOfPage\":{\"@id\":\"https:\/\/epochtimestr.com\/index.php\/biden-multeci-sayisini-artiracaklarini-soyledi#primaryimage\"},\"image\":{\"@id\":\"https:\/\/epochtimestr.com\/index.php\/biden-multeci-sayisini-artiracaklarini-soyledi#primaryimage\"},\"thumbnailUrl\":\"https:\/\/epochtimestr.com\/wp-content\/uploads\/2011y\/Joe-Biden-NTDNewsvideoscreenshot.png\",\"datePublished\":\"2021-04-18T06:25:05+00:00\",\"dateModified\":\"2021-04-18T06:25:15+00:00\",\"inLanguage\":\"tr\",\"potentialAction\":[{\"@type\":\"ReadAction\",\"target\":[\"https:\/\/epochtimestr.com\/index.php\/biden-multeci-sayisini-artiracaklarini-soyledi\"]}]},{\"@type\":\"ImageObject\",\"inLanguage\":\"tr\",\"@id\":\"https:\/\/epochtimestr.com\/index.php\/biden-multeci-sayisini-artiracaklarini-soyledi#primaryimage\",\"url\":\"https:\/\/epochtimestr.com\/wp-content\/uploads\/2011y\/Joe-Biden-NTDNewsvideoscreenshot.png\",\"contentUrl\":\"https:\/\/epochtimestr.com\/wp-content\/uploads\/2011y\/Joe-Biden-NTDNewsvideoscreenshot.png\",\"width\":948,\"height\":540},{\"@type\":\"WebSite\",\"@id\":\"https:\/\/epochtimestr.com\/#website\",\"url\":\"https:\/\/epochtimestr.com\/\",\"name\":\"The Epoch Times TR\",\"description\":\"De\u011fi\u015fen D\u00fcnyam\u0131za Taze Bir Bak\u0131\u015f\",\"publisher\":{\"@id\":\"https:\/\/epochtimestr.com\/#organization\"},\"potentialAction\":[{\"@type\":\"SearchAction\",\"target\":{\"@type\":\"EntryPoint\",\"urlTemplate\":\"https:\/\/epochtimestr.com\/?s={search_term_string}\"},\"query-input\":\"required name=search_term_string\"}],\"inLanguage\":\"tr\"},{\"@type\":\"Organization\",\"@id\":\"https:\/\/epochtimestr.com\/#organization\",\"name\":\"The EpochTimes T\u00fcrkiye\",\"url\":\"https:\/\/epochtimestr.com\/\",\"logo\":{\"@type\":\"ImageObject\",\"inLanguage\":\"tr\",\"@id\":\"https:\/\/epochtimestr.com\/#\/schema\/logo\/image\/\",\"url\":\"https:\/\/epochtimestr.com\/wp-content\/uploads\/2011y\/ET-Logo-YG.jpg\",\"contentUrl\":\"https:\/\/epochtimestr.com\/wp-content\/uploads\/2011y\/ET-Logo-YG.jpg\",\"width\":346,\"height\":29,\"caption\":\"The EpochTimes T\u00fcrkiye\"},\"image\":{\"@id\":\"https:\/\/epochtimestr.com\/#\/schema\/logo\/image\/\"},\"sameAs\":[\"https:\/\/www.facebook.com\/theepochtimestr\",\"https:\/\/x.com\/TheEpochTimesTR\",\"https:\/\/www.instagram.com\/epochtimestr\"]},{\"@type\":\"Person\",\"@id\":\"https:\/\/epochtimestr.com\/#\/schema\/person\/3dc5c3adeb9f43923c5aa85889172fdd\",\"name\":\"Haber Merkezi\",\"image\":{\"@type\":\"ImageObject\",\"inLanguage\":\"tr\",\"@id\":\"https:\/\/epochtimestr.com\/#\/schema\/person\/image\/\",\"url\":\"https:\/\/secure.gravatar.com\/avatar\/d73f772ba5a74f28601361e17c2f93e6?s=96&d=mm&r=g\",\"contentUrl\":\"https:\/\/secure.gravatar.com\/avatar\/d73f772ba5a74f28601361e17c2f93e6?s=96&d=mm&r=g\",\"caption\":\"Haber Merkezi\"},\"url\":\"https:\/\/epochtimestr.com\/index.php\/author\/sendag\"}]}<\/script>\n<!-- \/ Yoast SEO plugin. -->","yoast_head_json":{"title":"Biden M\u00fclteci Say\u0131s\u0131n\u0131 Art\u0131racaklar\u0131n\u0131 S\u00f6yledi - The Epoch Times TR","robots":{"index":"index","follow":"follow","max-snippet":"max-snippet:-1","max-image-preview":"max-image-preview:large","max-video-preview":"max-video-preview:-1"},"canonical":"https:\/\/epochtimestr.com\/index.php\/biden-multeci-sayisini-artiracaklarini-soyledi","og_locale":"tr_TR","og_type":"article","og_title":"Biden M\u00fclteci Say\u0131s\u0131n\u0131 Art\u0131racaklar\u0131n\u0131 S\u00f6yledi - The Epoch Times TR","og_description":"ABD Ba\u015fkan\u0131 Joe Biden, kamuoyundan gelen ele\u015ftirilerin ard\u0131ndan, cuma g\u00fcn\u00fc 2021 i\u00e7in 15 bin olarak a\u00e7\u0131klanan m\u00fclteci kabul s\u0131n\u0131r\u0131n\u0131 y\u00fckseltece\u011fini bildirdi. ABD Ba\u015fkan\u0131 Biden, hafta sonu tatilini ge\u00e7irdi\u011fi Delaware eyaletinde bas\u0131n mensuplar\u0131na m\u00fclteci s\u0131n\u0131r\u0131 konusunda a\u00e7\u0131klama yapt\u0131. Biden, bir soru \u00fczerine, bu y\u0131l kabul edecekleri m\u00fclteci say\u0131s\u0131na atfen, &#8220;Bu say\u0131y\u0131 art\u0131raca\u011f\u0131z. Sorun, g\u00fcney s\u0131n\u0131r\u0131ndaki gen\u00e7lerle [&hellip;]","og_url":"https:\/\/epochtimestr.com\/index.php\/biden-multeci-sayisini-artiracaklarini-soyledi","og_site_name":"The Epoch Times TR","article_publisher":"https:\/\/www.facebook.com\/theepochtimestr","article_published_time":"2021-04-18T06:25:05+00:00","article_modified_time":"2021-04-18T06:25:15+00:00","og_image":[{"width":948,"height":540,"url":"https:\/\/epochtimestr.com\/wp-content\/uploads\/2011y\/Joe-Biden-NTDNewsvideoscreenshot.png","type":"image\/png"}],"author":"Haber Merkezi","twitter_card":"summary_large_image","twitter_creator":"@TheEpochTimesTR","twitter_site":"@TheEpochTimesTR","twitter_misc":{"Yazan:":"Haber Merkezi","Tahmini okuma s\u00fcresi":"1 dakika"},"schema":{"@context":"https:\/\/schema.org","@graph":[{"@type":"Article","@id":"https:\/\/epochtimestr.com\/index.php\/biden-multeci-sayisini-artiracaklarini-soyledi#article","isPartOf":{"@id":"https:\/\/epochtimestr.com\/index.php\/biden-multeci-sayisini-artiracaklarini-soyledi"},"author":{"name":"Haber Merkezi","@id":"https:\/\/epochtimestr.com\/#\/schema\/person\/3dc5c3adeb9f43923c5aa85889172fdd"},"headline":"Biden M\u00fclteci Say\u0131s\u0131n\u0131 Art\u0131racaklar\u0131n\u0131 S\u00f6yledi","datePublished":"2021-04-18T06:25:05+00:00","dateModified":"2021-04-18T06:25:15+00:00","mainEntityOfPage":{"@id":"https:\/\/epochtimestr.com\/index.php\/biden-multeci-sayisini-artiracaklarini-soyledi"},"wordCount":198,"publisher":{"@id":"https:\/\/epochtimestr.com\/#organization"},"image":{"@id":"https:\/\/epochtimestr.com\/index.php\/biden-multeci-sayisini-artiracaklarini-soyledi#primaryimage"},"thumbnailUrl":"https:\/\/epochtimestr.com\/wp-content\/uploads\/2011y\/Joe-Biden-NTDNewsvideoscreenshot.png","articleSection":["D\u00dcNYA","G\u00dcNDEM"],"inLanguage":"tr"},{"@type":"WebPage","@id":"https:\/\/epochtimestr.com\/index.php\/biden-multeci-sayisini-artiracaklarini-soyledi","url":"https:\/\/epochtimestr.com\/index.php\/biden-multeci-sayisini-artiracaklarini-soyledi","name":"Biden M\u00fclteci Say\u0131s\u0131n\u0131 Art\u0131racaklar\u0131n\u0131 S\u00f6yledi - The Epoch Times TR","isPartOf":{"@id":"https:\/\/epochtimestr.com\/#website"},"primaryImageOfPage":{"@id":"https:\/\/epochtimestr.com\/index.php\/biden-multeci-sayisini-artiracaklarini-soyledi#primaryimage"},"image":{"@id":"https:\/\/epochtimestr.com\/index.php\/biden-multeci-sayisini-artiracaklarini-soyledi#primaryimage"},"thumbnailUrl":"https:\/\/epochtimestr.com\/wp-content\/uploads\/2011y\/Joe-Biden-NTDNewsvideoscreenshot.png","datePublished":"2021-04-18T06:25:05+00:00","dateModified":"2021-04-18T06:25:15+00:00","inLanguage":"tr","potentialAction":[{"@type":"ReadAction","target":["https:\/\/epochtimestr.com\/index.php\/biden-multeci-sayisini-artiracaklarini-soyledi"]}]},{"@type":"ImageObject","inLanguage":"tr","@id":"https:\/\/epochtimestr.com\/index.php\/biden-multeci-sayisini-artiracaklarini-soyledi#primaryimage","url":"https:\/\/epochtimestr.com\/wp-content\/uploads\/2011y\/Joe-Biden-NTDNewsvideoscreenshot.png","contentUrl":"https:\/\/epochtimestr.com\/wp-content\/uploads\/2011y\/Joe-Biden-NTDNewsvideoscreenshot.png","width":948,"height":540},{"@type":"WebSite","@id":"https:\/\/epochtimestr.com\/#website","url":"https:\/\/epochtimestr.com\/","name":"The Epoch Times TR","description":"De\u011fi\u015fen D\u00fcnyam\u0131za Taze Bir Bak\u0131\u015f","publisher":{"@id":"https:\/\/epochtimestr.com\/#organization"},"potentialAction":[{"@type":"SearchAction","target":{"@type":"EntryPoint","urlTemplate":"https:\/\/epochtimestr.com\/?s={search_term_string}"},"query-input":"required name=search_term_string"}],"inLanguage":"tr"},{"@type":"Organization","@id":"https:\/\/epochtimestr.com\/#organization","name":"The EpochTimes T\u00fcrkiye","url":"https:\/\/epochtimestr.com\/","logo":{"@type":"ImageObject","inLanguage":"tr","@id":"https:\/\/epochtimestr.com\/#\/schema\/logo\/image\/","url":"https:\/\/epochtimestr.com\/wp-content\/uploads\/2011y\/ET-Logo-YG.jpg","contentUrl":"https:\/\/epochtimestr.com\/wp-content\/uploads\/2011y\/ET-Logo-YG.jpg","width":346,"height":29,"caption":"The EpochTimes T\u00fcrkiye"},"image":{"@id":"https:\/\/epochtimestr.com\/#\/schema\/logo\/image\/"},"sameAs":["https:\/\/www.facebook.com\/theepochtimestr","https:\/\/x.com\/TheEpochTimesTR","https:\/\/www.instagram.com\/epochtimestr"]},{"@type":"Person","@id":"https:\/\/epochtimestr.com\/#\/schema\/person\/3dc5c3adeb9f43923c5aa85889172fdd","name":"Haber Merkezi","image":{"@type":"ImageObject","inLanguage":"tr","@id":"https:\/\/epochtimestr.com\/#\/schema\/person\/image\/","url":"https:\/\/secure.gravatar.com\/avatar\/d73f772ba5a74f28601361e17c2f93e6?s=96&d=mm&r=g","contentUrl":"https:\/\/secure.gravatar.com\/avatar\/d73f772ba5a74f28601361e17c2f93e6?s=96&d=mm&r=g","caption":"Haber Merkezi"},"url":"https:\/\/epochtimestr.com\/index.php\/author\/sendag"}]}},"_links":{"self":[{"href":"https:\/\/epochtimestr.com\/index.php\/wp-json\/wp\/v2\/posts\/134381"}],"collection":[{"href":"https:\/\/epochtimestr.com\/index.php\/wp-json\/wp\/v2\/posts"}],"about":[{"href":"https:\/\/epochtimestr.com\/index.php\/wp-json\/wp\/v2\/types\/post"}],"author":[{"embeddable":true,"href":"https:\/\/epochtimestr.com\/index.php\/wp-json\/wp\/v2\/users\/12791"}],"replies":[{"embeddable":true,"href":"https:\/\/epochtimestr.com\/index.php\/wp-json\/wp\/v2\/comments?post=134381"}],"version-history":[{"count":1,"href":"https:\/\/epochtimestr.com\/index.php\/wp-json\/wp\/v2\/posts\/134381\/revisions"}],"predecessor-version":[{"id":134382,"href":"https:\/\/epochtimestr.com\/index.php\/wp-json\/wp\/v2\/posts\/134381\/revisions\/134382"}],"wp:featuredmedia":[{"embeddable":true,"href":"https:\/\/epochtimestr.com\/index.php\/wp-json\/wp\/v2\/media\/134055"}],"wp:attachment":[{"href":"https:\/\/epochtimestr.com\/index.php\/wp-json\/wp\/v2\/media?parent=134381"}],"wp:term":[{"taxonomy":"category","embeddable":true,"href":"https:\/\/epochtimestr.com\/index.php\/wp-json\/wp\/v2\/categories?post=134381"},{"taxonomy":"post_tag","embeddable":true,"href":"https:\/\/epochtimestr.com\/index.php\/wp-json\/wp\/v2\/tags?post=134381"}],"curies":[{"name":"wp","href":"https:\/\/api.w.org\/{rel}","templated":true}]}}