{"id":134383,"date":"2021-04-18T09:42:44","date_gmt":"2021-04-18T06:42:44","guid":{"rendered":"http:\/\/epochtimestr.com\/?p=134383"},"modified":"2021-04-18T09:42:46","modified_gmt":"2021-04-18T06:42:46","slug":"abd-ve-cin-iklim-degisikliginde-mucadelede-ortak-adim-atti","status":"publish","type":"post","link":"https:\/\/epochtimestr.com\/index.php\/abd-ve-cin-iklim-degisikliginde-mucadelede-ortak-adim-atti","title":{"rendered":"ABD ve \u00c7in \u0130klim De\u011fi\u015fikli\u011finde M\u00fccadelede Ortak Ad\u0131m Att\u0131"},"content":{"rendered":"\n<figure class=\"wp-block-image size-large\"><img loading=\"lazy\" decoding=\"async\" width=\"600\" height=\"400\" src=\"https:\/\/epochtimestr.com\/wp-content\/uploads\/2011y\/ABD-Bayrak-1-600x400.jpg\" alt=\"\" class=\"wp-image-133970\" srcset=\"https:\/\/epochtimestr.com\/wp-content\/uploads\/2011y\/ABD-Bayrak-1-600x400.jpg 600w, https:\/\/epochtimestr.com\/wp-content\/uploads\/2011y\/ABD-Bayrak-1-300x200.jpg 300w, https:\/\/epochtimestr.com\/wp-content\/uploads\/2011y\/ABD-Bayrak-1-150x100.jpg 150w, https:\/\/epochtimestr.com\/wp-content\/uploads\/2011y\/ABD-Bayrak-1-450x300.jpg 450w, https:\/\/epochtimestr.com\/wp-content\/uploads\/2011y\/ABD-Bayrak-1.jpg 640w\" sizes=\"(max-width: 600px) 100vw, 600px\" \/><\/figure>\n\n\n\n<h2 class=\"wp-block-heading\">Amerika Birle\u015fik Devletleri (ABD) ve \u00c7in iklim de\u011fi\u015fikli\u011fi ile m\u00fccadelede i\u015fbirli\u011fi mesaj\u0131 verdi.<\/h2>\n\n\n\n<p>Son d\u00f6nemde \u00f6zellikle Sincan Uygur \u00d6zerk B\u00f6lgesi ile Hong Kong&#8217;daki insan haklar\u0131 ihlalleri konusunda kar\u015f\u0131 kar\u015f\u0131ya gelen iki \u00fclkenin iklim de\u011fi\u015fikli\u011fi ile m\u00fccadele \u00f6zel temsilcileri John Kerry ile Xie Zhenhua, \u00c7in&#8217;in \u015eangay kentinde iki g\u00fcn s\u00fcren g\u00f6r\u00fc\u015fmelerinin ard\u0131ndan h\u00fck\u00fcmetleri ad\u0131na ortak bir a\u00e7\u0131klama yapt\u0131.<\/p>\n\n\n\n<p>\u0130ki \u00fclkenin daha aktif i\u015f birli\u011fi yapmas\u0131 gerekti\u011fine vurgu yap\u0131lan a\u00e7\u0131klamada, Paris \u0130klim Anla\u015fmas\u0131 ko\u015fullar\u0131n\u0131n uygulanmas\u0131n\u0131n iklim de\u011fi\u015fikli\u011fiyle m\u00fccadelede vazge\u00e7ilmez bir husus oldu\u011fu ve her iki \u00fclkenin de bu konuda hassas olaca\u011f\u0131 belirtildi.<\/p>\n","protected":false},"excerpt":{"rendered":"<p>Amerika Birle\u015fik Devletleri (ABD) ve \u00c7in iklim de\u011fi\u015fikli\u011fi ile m\u00fccadelede i\u015fbirli\u011fi mesaj\u0131 verdi. Son d\u00f6nemde \u00f6zellikle Sincan Uygur \u00d6zerk B\u00f6lgesi ile Hong Kong&#8217;daki insan haklar\u0131 ihlalleri konusunda kar\u015f\u0131 kar\u015f\u0131ya gelen iki \u00fclkenin iklim de\u011fi\u015fikli\u011fi ile m\u00fccadele \u00f6zel temsilcileri John Kerry ile Xie Zhenhua, \u00c7in&#8217;in \u015eangay kentinde iki g\u00fcn s\u00fcren g\u00f6r\u00fc\u015fmelerinin ard\u0131ndan h\u00fck\u00fcmetleri ad\u0131na ortak bir [&hellip;]<\/p>\n","protected":false},"author":12791,"featured_media":133969,"comment_status":"closed","ping_status":"open","sticky":false,"template":"","format":"standard","meta":{"_yoast_wpseo_focuskw":"","_yoast_wpseo_title":"","_yoast_wpseo_metadesc":"","_bbp_topic_count":0,"_bbp_reply_count":0,"_bbp_total_topic_count":0,"_bbp_total_reply_count":0,"_bbp_voice_count":0,"_bbp_anonymous_reply_count":0,"_bbp_topic_count_hidden":0,"_bbp_reply_count_hidden":0,"_bbp_forum_subforum_count":0,"footnotes":"","_yoast_wpseo_focuskw_text_input":""},"categories":[5,1],"tags":[],"yoast_head":"<!-- This site is optimized with the Yoast SEO plugin v23.0 - https:\/\/yoast.com\/wordpress\/plugins\/seo\/ -->\n<title>ABD ve \u00c7in \u0130klim De\u011fi\u015fikli\u011finde M\u00fccadelede Ortak Ad\u0131m Att\u0131 - The Epoch Times TR<\/title>\n<meta name=\"robots\" content=\"index, follow, max-snippet:-1, max-image-preview:large, max-video-preview:-1\" \/>\n<link rel=\"canonical\" href=\"https:\/\/epochtimestr.com\/index.php\/abd-ve-cin-iklim-degisikliginde-mucadelede-ortak-adim-atti\" \/>\n<meta property=\"og:locale\" content=\"tr_TR\" \/>\n<meta property=\"og:type\" content=\"article\" \/>\n<meta property=\"og:title\" content=\"ABD ve \u00c7in \u0130klim De\u011fi\u015fikli\u011finde M\u00fccadelede Ortak Ad\u0131m Att\u0131 - The Epoch Times TR\" \/>\n<meta property=\"og:description\" content=\"Amerika Birle\u015fik Devletleri (ABD) ve \u00c7in iklim de\u011fi\u015fikli\u011fi ile m\u00fccadelede i\u015fbirli\u011fi mesaj\u0131 verdi. Son d\u00f6nemde \u00f6zellikle Sincan Uygur \u00d6zerk B\u00f6lgesi ile Hong Kong&#8217;daki insan haklar\u0131 ihlalleri konusunda kar\u015f\u0131 kar\u015f\u0131ya gelen iki \u00fclkenin iklim de\u011fi\u015fikli\u011fi ile m\u00fccadele \u00f6zel temsilcileri John Kerry ile Xie Zhenhua, \u00c7in&#8217;in \u015eangay kentinde iki g\u00fcn s\u00fcren g\u00f6r\u00fc\u015fmelerinin ard\u0131ndan h\u00fck\u00fcmetleri ad\u0131na ortak bir [&hellip;]\" \/>\n<meta property=\"og:url\" content=\"https:\/\/epochtimestr.com\/index.php\/abd-ve-cin-iklim-degisikliginde-mucadelede-ortak-adim-atti\" \/>\n<meta property=\"og:site_name\" content=\"The Epoch Times TR\" \/>\n<meta property=\"article:publisher\" content=\"https:\/\/www.facebook.com\/theepochtimestr\" \/>\n<meta property=\"article:published_time\" content=\"2021-04-18T06:42:44+00:00\" \/>\n<meta property=\"article:modified_time\" content=\"2021-04-18T06:42:46+00:00\" \/>\n<meta property=\"og:image\" content=\"https:\/\/epochtimestr.com\/wp-content\/uploads\/2011y\/ABD-Bayrak-1.jpg\" \/>\n\t<meta property=\"og:image:width\" content=\"640\" \/>\n\t<meta property=\"og:image:height\" content=\"426\" \/>\n\t<meta property=\"og:image:type\" content=\"image\/jpeg\" \/>\n<meta name=\"author\" content=\"Haber Merkezi\" \/>\n<meta name=\"twitter:card\" content=\"summary_large_image\" \/>\n<meta name=\"twitter:creator\" content=\"@TheEpochTimesTR\" \/>\n<meta name=\"twitter:site\" content=\"@TheEpochTimesTR\" \/>\n<meta name=\"twitter:label1\" content=\"Yazan:\" \/>\n\t<meta name=\"twitter:data1\" content=\"Haber Merkezi\" \/>\n\t<meta name=\"twitter:label2\" content=\"Tahmini okuma s\u00fcresi\" \/>\n\t<meta name=\"twitter:data2\" content=\"1 dakika\" \/>\n<script type=\"application\/ld+json\" class=\"yoast-schema-graph\">{\"@context\":\"https:\/\/schema.org\",\"@graph\":[{\"@type\":\"Article\",\"@id\":\"https:\/\/epochtimestr.com\/index.php\/abd-ve-cin-iklim-degisikliginde-mucadelede-ortak-adim-atti#article\",\"isPartOf\":{\"@id\":\"https:\/\/epochtimestr.com\/index.php\/abd-ve-cin-iklim-degisikliginde-mucadelede-ortak-adim-atti\"},\"author\":{\"name\":\"Haber Merkezi\",\"@id\":\"https:\/\/epochtimestr.com\/#\/schema\/person\/3dc5c3adeb9f43923c5aa85889172fdd\"},\"headline\":\"ABD ve \u00c7in \u0130klim De\u011fi\u015fikli\u011finde M\u00fccadelede Ortak Ad\u0131m Att\u0131\",\"datePublished\":\"2021-04-18T06:42:44+00:00\",\"dateModified\":\"2021-04-18T06:42:46+00:00\",\"mainEntityOfPage\":{\"@id\":\"https:\/\/epochtimestr.com\/index.php\/abd-ve-cin-iklim-degisikliginde-mucadelede-ortak-adim-atti\"},\"wordCount\":143,\"publisher\":{\"@id\":\"https:\/\/epochtimestr.com\/#organization\"},\"image\":{\"@id\":\"https:\/\/epochtimestr.com\/index.php\/abd-ve-cin-iklim-degisikliginde-mucadelede-ortak-adim-atti#primaryimage\"},\"thumbnailUrl\":\"https:\/\/epochtimestr.com\/wp-content\/uploads\/2011y\/ABD-Bayrak-1.jpg\",\"articleSection\":[\"D\u00dcNYA\",\"G\u00dcNDEM\"],\"inLanguage\":\"tr\"},{\"@type\":\"WebPage\",\"@id\":\"https:\/\/epochtimestr.com\/index.php\/abd-ve-cin-iklim-degisikliginde-mucadelede-ortak-adim-atti\",\"url\":\"https:\/\/epochtimestr.com\/index.php\/abd-ve-cin-iklim-degisikliginde-mucadelede-ortak-adim-atti\",\"name\":\"ABD ve \u00c7in \u0130klim De\u011fi\u015fikli\u011finde M\u00fccadelede Ortak Ad\u0131m Att\u0131 - The Epoch Times TR\",\"isPartOf\":{\"@id\":\"https:\/\/epochtimestr.com\/#website\"},\"primaryImageOfPage\":{\"@id\":\"https:\/\/epochtimestr.com\/index.php\/abd-ve-cin-iklim-degisikliginde-mucadelede-ortak-adim-atti#primaryimage\"},\"image\":{\"@id\":\"https:\/\/epochtimestr.com\/index.php\/abd-ve-cin-iklim-degisikliginde-mucadelede-ortak-adim-atti#primaryimage\"},\"thumbnailUrl\":\"https:\/\/epochtimestr.com\/wp-content\/uploads\/2011y\/ABD-Bayrak-1.jpg\",\"datePublished\":\"2021-04-18T06:42:44+00:00\",\"dateModified\":\"2021-04-18T06:42:46+00:00\",\"inLanguage\":\"tr\",\"potentialAction\":[{\"@type\":\"ReadAction\",\"target\":[\"https:\/\/epochtimestr.com\/index.php\/abd-ve-cin-iklim-degisikliginde-mucadelede-ortak-adim-atti\"]}]},{\"@type\":\"ImageObject\",\"inLanguage\":\"tr\",\"@id\":\"https:\/\/epochtimestr.com\/index.php\/abd-ve-cin-iklim-degisikliginde-mucadelede-ortak-adim-atti#primaryimage\",\"url\":\"https:\/\/epochtimestr.com\/wp-content\/uploads\/2011y\/ABD-Bayrak-1.jpg\",\"contentUrl\":\"https:\/\/epochtimestr.com\/wp-content\/uploads\/2011y\/ABD-Bayrak-1.jpg\",\"width\":640,\"height\":426},{\"@type\":\"WebSite\",\"@id\":\"https:\/\/epochtimestr.com\/#website\",\"url\":\"https:\/\/epochtimestr.com\/\",\"name\":\"The Epoch Times TR\",\"description\":\"De\u011fi\u015fen D\u00fcnyam\u0131za Taze Bir Bak\u0131\u015f\",\"publisher\":{\"@id\":\"https:\/\/epochtimestr.com\/#organization\"},\"potentialAction\":[{\"@type\":\"SearchAction\",\"target\":{\"@type\":\"EntryPoint\",\"urlTemplate\":\"https:\/\/epochtimestr.com\/?s={search_term_string}\"},\"query-input\":\"required name=search_term_string\"}],\"inLanguage\":\"tr\"},{\"@type\":\"Organization\",\"@id\":\"https:\/\/epochtimestr.com\/#organization\",\"name\":\"The EpochTimes T\u00fcrkiye\",\"url\":\"https:\/\/epochtimestr.com\/\",\"logo\":{\"@type\":\"ImageObject\",\"inLanguage\":\"tr\",\"@id\":\"https:\/\/epochtimestr.com\/#\/schema\/logo\/image\/\",\"url\":\"https:\/\/epochtimestr.com\/wp-content\/uploads\/2011y\/ET-Logo-YG.jpg\",\"contentUrl\":\"https:\/\/epochtimestr.com\/wp-content\/uploads\/2011y\/ET-Logo-YG.jpg\",\"width\":346,\"height\":29,\"caption\":\"The EpochTimes T\u00fcrkiye\"},\"image\":{\"@id\":\"https:\/\/epochtimestr.com\/#\/schema\/logo\/image\/\"},\"sameAs\":[\"https:\/\/www.facebook.com\/theepochtimestr\",\"https:\/\/x.com\/TheEpochTimesTR\",\"https:\/\/www.instagram.com\/epochtimestr\"]},{\"@type\":\"Person\",\"@id\":\"https:\/\/epochtimestr.com\/#\/schema\/person\/3dc5c3adeb9f43923c5aa85889172fdd\",\"name\":\"Haber Merkezi\",\"image\":{\"@type\":\"ImageObject\",\"inLanguage\":\"tr\",\"@id\":\"https:\/\/epochtimestr.com\/#\/schema\/person\/image\/\",\"url\":\"https:\/\/secure.gravatar.com\/avatar\/d73f772ba5a74f28601361e17c2f93e6?s=96&d=mm&r=g\",\"contentUrl\":\"https:\/\/secure.gravatar.com\/avatar\/d73f772ba5a74f28601361e17c2f93e6?s=96&d=mm&r=g\",\"caption\":\"Haber Merkezi\"},\"url\":\"https:\/\/epochtimestr.com\/index.php\/author\/sendag\"}]}<\/script>\n<!-- \/ Yoast SEO plugin. -->","yoast_head_json":{"title":"ABD ve \u00c7in \u0130klim De\u011fi\u015fikli\u011finde M\u00fccadelede Ortak Ad\u0131m Att\u0131 - The Epoch Times TR","robots":{"index":"index","follow":"follow","max-snippet":"max-snippet:-1","max-image-preview":"max-image-preview:large","max-video-preview":"max-video-preview:-1"},"canonical":"https:\/\/epochtimestr.com\/index.php\/abd-ve-cin-iklim-degisikliginde-mucadelede-ortak-adim-atti","og_locale":"tr_TR","og_type":"article","og_title":"ABD ve \u00c7in \u0130klim De\u011fi\u015fikli\u011finde M\u00fccadelede Ortak Ad\u0131m Att\u0131 - The Epoch Times TR","og_description":"Amerika Birle\u015fik Devletleri (ABD) ve \u00c7in iklim de\u011fi\u015fikli\u011fi ile m\u00fccadelede i\u015fbirli\u011fi mesaj\u0131 verdi. Son d\u00f6nemde \u00f6zellikle Sincan Uygur \u00d6zerk B\u00f6lgesi ile Hong Kong&#8217;daki insan haklar\u0131 ihlalleri konusunda kar\u015f\u0131 kar\u015f\u0131ya gelen iki \u00fclkenin iklim de\u011fi\u015fikli\u011fi ile m\u00fccadele \u00f6zel temsilcileri John Kerry ile Xie Zhenhua, \u00c7in&#8217;in \u015eangay kentinde iki g\u00fcn s\u00fcren g\u00f6r\u00fc\u015fmelerinin ard\u0131ndan h\u00fck\u00fcmetleri ad\u0131na ortak bir [&hellip;]","og_url":"https:\/\/epochtimestr.com\/index.php\/abd-ve-cin-iklim-degisikliginde-mucadelede-ortak-adim-atti","og_site_name":"The Epoch Times TR","article_publisher":"https:\/\/www.facebook.com\/theepochtimestr","article_published_time":"2021-04-18T06:42:44+00:00","article_modified_time":"2021-04-18T06:42:46+00:00","og_image":[{"width":640,"height":426,"url":"https:\/\/epochtimestr.com\/wp-content\/uploads\/2011y\/ABD-Bayrak-1.jpg","type":"image\/jpeg"}],"author":"Haber Merkezi","twitter_card":"summary_large_image","twitter_creator":"@TheEpochTimesTR","twitter_site":"@TheEpochTimesTR","twitter_misc":{"Yazan:":"Haber Merkezi","Tahmini okuma s\u00fcresi":"1 dakika"},"schema":{"@context":"https:\/\/schema.org","@graph":[{"@type":"Article","@id":"https:\/\/epochtimestr.com\/index.php\/abd-ve-cin-iklim-degisikliginde-mucadelede-ortak-adim-atti#article","isPartOf":{"@id":"https:\/\/epochtimestr.com\/index.php\/abd-ve-cin-iklim-degisikliginde-mucadelede-ortak-adim-atti"},"author":{"name":"Haber Merkezi","@id":"https:\/\/epochtimestr.com\/#\/schema\/person\/3dc5c3adeb9f43923c5aa85889172fdd"},"headline":"ABD ve \u00c7in \u0130klim De\u011fi\u015fikli\u011finde M\u00fccadelede Ortak Ad\u0131m Att\u0131","datePublished":"2021-04-18T06:42:44+00:00","dateModified":"2021-04-18T06:42:46+00:00","mainEntityOfPage":{"@id":"https:\/\/epochtimestr.com\/index.php\/abd-ve-cin-iklim-degisikliginde-mucadelede-ortak-adim-atti"},"wordCount":143,"publisher":{"@id":"https:\/\/epochtimestr.com\/#organization"},"image":{"@id":"https:\/\/epochtimestr.com\/index.php\/abd-ve-cin-iklim-degisikliginde-mucadelede-ortak-adim-atti#primaryimage"},"thumbnailUrl":"https:\/\/epochtimestr.com\/wp-content\/uploads\/2011y\/ABD-Bayrak-1.jpg","articleSection":["D\u00dcNYA","G\u00dcNDEM"],"inLanguage":"tr"},{"@type":"WebPage","@id":"https:\/\/epochtimestr.com\/index.php\/abd-ve-cin-iklim-degisikliginde-mucadelede-ortak-adim-atti","url":"https:\/\/epochtimestr.com\/index.php\/abd-ve-cin-iklim-degisikliginde-mucadelede-ortak-adim-atti","name":"ABD ve \u00c7in \u0130klim De\u011fi\u015fikli\u011finde M\u00fccadelede Ortak Ad\u0131m Att\u0131 - The Epoch Times TR","isPartOf":{"@id":"https:\/\/epochtimestr.com\/#website"},"primaryImageOfPage":{"@id":"https:\/\/epochtimestr.com\/index.php\/abd-ve-cin-iklim-degisikliginde-mucadelede-ortak-adim-atti#primaryimage"},"image":{"@id":"https:\/\/epochtimestr.com\/index.php\/abd-ve-cin-iklim-degisikliginde-mucadelede-ortak-adim-atti#primaryimage"},"thumbnailUrl":"https:\/\/epochtimestr.com\/wp-content\/uploads\/2011y\/ABD-Bayrak-1.jpg","datePublished":"2021-04-18T06:42:44+00:00","dateModified":"2021-04-18T06:42:46+00:00","inLanguage":"tr","potentialAction":[{"@type":"ReadAction","target":["https:\/\/epochtimestr.com\/index.php\/abd-ve-cin-iklim-degisikliginde-mucadelede-ortak-adim-atti"]}]},{"@type":"ImageObject","inLanguage":"tr","@id":"https:\/\/epochtimestr.com\/index.php\/abd-ve-cin-iklim-degisikliginde-mucadelede-ortak-adim-atti#primaryimage","url":"https:\/\/epochtimestr.com\/wp-content\/uploads\/2011y\/ABD-Bayrak-1.jpg","contentUrl":"https:\/\/epochtimestr.com\/wp-content\/uploads\/2011y\/ABD-Bayrak-1.jpg","width":640,"height":426},{"@type":"WebSite","@id":"https:\/\/epochtimestr.com\/#website","url":"https:\/\/epochtimestr.com\/","name":"The Epoch Times TR","description":"De\u011fi\u015fen D\u00fcnyam\u0131za Taze Bir Bak\u0131\u015f","publisher":{"@id":"https:\/\/epochtimestr.com\/#organization"},"potentialAction":[{"@type":"SearchAction","target":{"@type":"EntryPoint","urlTemplate":"https:\/\/epochtimestr.com\/?s={search_term_string}"},"query-input":"required name=search_term_string"}],"inLanguage":"tr"},{"@type":"Organization","@id":"https:\/\/epochtimestr.com\/#organization","name":"The EpochTimes T\u00fcrkiye","url":"https:\/\/epochtimestr.com\/","logo":{"@type":"ImageObject","inLanguage":"tr","@id":"https:\/\/epochtimestr.com\/#\/schema\/logo\/image\/","url":"https:\/\/epochtimestr.com\/wp-content\/uploads\/2011y\/ET-Logo-YG.jpg","contentUrl":"https:\/\/epochtimestr.com\/wp-content\/uploads\/2011y\/ET-Logo-YG.jpg","width":346,"height":29,"caption":"The EpochTimes T\u00fcrkiye"},"image":{"@id":"https:\/\/epochtimestr.com\/#\/schema\/logo\/image\/"},"sameAs":["https:\/\/www.facebook.com\/theepochtimestr","https:\/\/x.com\/TheEpochTimesTR","https:\/\/www.instagram.com\/epochtimestr"]},{"@type":"Person","@id":"https:\/\/epochtimestr.com\/#\/schema\/person\/3dc5c3adeb9f43923c5aa85889172fdd","name":"Haber Merkezi","image":{"@type":"ImageObject","inLanguage":"tr","@id":"https:\/\/epochtimestr.com\/#\/schema\/person\/image\/","url":"https:\/\/secure.gravatar.com\/avatar\/d73f772ba5a74f28601361e17c2f93e6?s=96&d=mm&r=g","contentUrl":"https:\/\/secure.gravatar.com\/avatar\/d73f772ba5a74f28601361e17c2f93e6?s=96&d=mm&r=g","caption":"Haber Merkezi"},"url":"https:\/\/epochtimestr.com\/index.php\/author\/sendag"}]}},"_links":{"self":[{"href":"https:\/\/epochtimestr.com\/index.php\/wp-json\/wp\/v2\/posts\/134383"}],"collection":[{"href":"https:\/\/epochtimestr.com\/index.php\/wp-json\/wp\/v2\/posts"}],"about":[{"href":"https:\/\/epochtimestr.com\/index.php\/wp-json\/wp\/v2\/types\/post"}],"author":[{"embeddable":true,"href":"https:\/\/epochtimestr.com\/index.php\/wp-json\/wp\/v2\/users\/12791"}],"replies":[{"embeddable":true,"href":"https:\/\/epochtimestr.com\/index.php\/wp-json\/wp\/v2\/comments?post=134383"}],"version-history":[{"count":1,"href":"https:\/\/epochtimestr.com\/index.php\/wp-json\/wp\/v2\/posts\/134383\/revisions"}],"predecessor-version":[{"id":134384,"href":"https:\/\/epochtimestr.com\/index.php\/wp-json\/wp\/v2\/posts\/134383\/revisions\/134384"}],"wp:featuredmedia":[{"embeddable":true,"href":"https:\/\/epochtimestr.com\/index.php\/wp-json\/wp\/v2\/media\/133969"}],"wp:attachment":[{"href":"https:\/\/epochtimestr.com\/index.php\/wp-json\/wp\/v2\/media?parent=134383"}],"wp:term":[{"taxonomy":"category","embeddable":true,"href":"https:\/\/epochtimestr.com\/index.php\/wp-json\/wp\/v2\/categories?post=134383"},{"taxonomy":"post_tag","embeddable":true,"href":"https:\/\/epochtimestr.com\/index.php\/wp-json\/wp\/v2\/tags?post=134383"}],"curies":[{"name":"wp","href":"https:\/\/api.w.org\/{rel}","templated":true}]}}