{"id":134420,"date":"2021-04-21T12:18:16","date_gmt":"2021-04-21T09:18:16","guid":{"rendered":"http:\/\/epochtimestr.com\/?p=134420"},"modified":"2021-04-21T12:18:25","modified_gmt":"2021-04-21T09:18:25","slug":"93-oscar-odul-toreni-trt2de-yayinlanacak","status":"publish","type":"post","link":"https:\/\/epochtimestr.com\/index.php\/93-oscar-odul-toreni-trt2de-yayinlanacak","title":{"rendered":"93. Oscar \u00d6d\u00fcl T\u00f6reni TRT2&#8217;de Yay\u0131nlanacak"},"content":{"rendered":"\n<figure class=\"wp-block-image size-large\"><img loading=\"lazy\" decoding=\"async\" width=\"600\" height=\"400\" src=\"https:\/\/epochtimestr.com\/wp-content\/uploads\/2011y\/oscar-1-600x400.jpg\" alt=\"\" class=\"wp-image-124302\" srcset=\"https:\/\/epochtimestr.com\/wp-content\/uploads\/2011y\/oscar-1-600x400.jpg 600w, https:\/\/epochtimestr.com\/wp-content\/uploads\/2011y\/oscar-1-150x100.jpg 150w, https:\/\/epochtimestr.com\/wp-content\/uploads\/2011y\/oscar-1-300x200.jpg 300w, https:\/\/epochtimestr.com\/wp-content\/uploads\/2011y\/oscar-1-768x512.jpg 768w, https:\/\/epochtimestr.com\/wp-content\/uploads\/2011y\/oscar-1-450x300.jpg 450w, https:\/\/epochtimestr.com\/wp-content\/uploads\/2011y\/oscar-1.jpg 960w\" sizes=\"(max-width: 600px) 100vw, 600px\" \/><\/figure>\n\n\n\n<h2 class=\"wp-block-heading\">93.&#8217;s\u00fc ger\u00e7ekle\u015fen Akademi (Oscar) \u00d6d\u00fclleri T\u00f6reni, bu y\u0131l uzun bir aradan sonra TRT2&#8217;de yay\u0131nlan\u0131yor.<\/h2>\n\n\n\n<p>TRT 2&#8217;nin haftal\u0131k yay\u0131n ak\u0131\u015f\u0131 bilgisinde 25 Nisan&#8217;\u0131 26 Nisan&#8217;a ba\u011flayan pazar gecesi 01.30&#8217;da Oscar&#8217;a Do\u011fru program\u0131 ve 03.00&#8217;da Oscar T\u00f6reni yer al\u0131yor.\u00a0<\/p>\n\n\n\n<p>Bu y\u0131l d\u00fczenlenen t\u00f6ren di\u011fer t\u00f6renler gibi online de\u011fil, ge\u00e7mi\u015f y\u0131llardaki gibi izleyici kat\u0131l\u0131m\u0131 ile olacak.  K\u0131rm\u0131z\u0131 hal\u0131 seremonisi bu y\u0131l daha sakin ger\u00e7ekle\u015fecek. Bir\u00e7ok \u00f6nemli ismin de \u00f6d\u00fcl sunmak i\u00e7in sahneye \u00e7\u0131kaca\u011f\u0131 duyuruldu. Bunlardan birinin ge\u00e7en y\u0131l Oscar tarihine ge\u00e7en y\u00f6netmen Bong Joon Ho olaca\u011f\u0131 \u00f6\u011frenildi.<\/p>\n\n\n\n<p>93. Akademi \u00d6d\u00fclleri, Los Angeles&#8217;taki\u00a0Union Station&#8217;da d\u00fczenlenecek ve izleyici say\u0131s\u0131 s\u0131n\u0131rl\u0131 olacak. \u00d6nlemler al\u0131naca\u011f\u0131 i\u00e7in, izleyici ve konuklar\u0131n TV kar\u015f\u0131s\u0131nda olacaklar\u0131 zamanlarda maske tak\u0131lmayacak. Bir Zoom toplant\u0131s\u0131nda bu konu konu\u015fuldu ve Akademi bu iste\u011fini dile getirdi. Ge\u00e7en y\u0131l \u00f6d\u00fcl alan isimler de yine bu y\u0131l\u0131n kazananlar\u0131na \u00f6d\u00fcllerini takdim edecek.<br \/><br \/>Bu y\u0131l,\u00a0Nomadland\u00a0filmi \u00f6d\u00fcl sezonuna favori giriyor.\u00a0The Father,\u00a0Judas and the Black Messiah,\u00a0Mank,\u00a0Minari,\u00a0Promising Young Woman,\u00a0Sound of Metal\u00a0ve\u00a0The Trial of the Chicago 7\u00a0ise en iyi film kategorisine aday olan ve bir\u00e7ok dalda \u00f6d\u00fcl bekleyen di\u011fer \u00f6nemli filmler. Oscar T\u00f6reni, son y\u0131llarda oldu\u011fu gibi yine sunucusuz ger\u00e7ekle\u015fecek.\u00a0 <\/p>\n\n\n\n<p><\/p>\n","protected":false},"excerpt":{"rendered":"<p>93.&#8217;s\u00fc ger\u00e7ekle\u015fen Akademi (Oscar) \u00d6d\u00fclleri T\u00f6reni, bu y\u0131l uzun bir aradan sonra TRT2&#8217;de yay\u0131nlan\u0131yor. TRT 2&#8217;nin haftal\u0131k yay\u0131n ak\u0131\u015f\u0131 bilgisinde 25 Nisan&#8217;\u0131 26 Nisan&#8217;a ba\u011flayan pazar gecesi 01.30&#8217;da Oscar&#8217;a Do\u011fru program\u0131 ve 03.00&#8217;da Oscar T\u00f6reni yer al\u0131yor.\u00a0 Bu y\u0131l d\u00fczenlenen t\u00f6ren di\u011fer t\u00f6renler gibi online de\u011fil, ge\u00e7mi\u015f y\u0131llardaki gibi izleyici kat\u0131l\u0131m\u0131 ile olacak. K\u0131rm\u0131z\u0131 hal\u0131 [&hellip;]<\/p>\n","protected":false},"author":12791,"featured_media":124302,"comment_status":"closed","ping_status":"open","sticky":false,"template":"","format":"standard","meta":{"_yoast_wpseo_focuskw":"","_yoast_wpseo_title":"","_yoast_wpseo_metadesc":"","_bbp_topic_count":0,"_bbp_reply_count":0,"_bbp_total_topic_count":0,"_bbp_total_reply_count":0,"_bbp_voice_count":0,"_bbp_anonymous_reply_count":0,"_bbp_topic_count_hidden":0,"_bbp_reply_count_hidden":0,"_bbp_forum_subforum_count":0,"footnotes":"","_yoast_wpseo_focuskw_text_input":""},"categories":[5,1],"tags":[],"yoast_head":"<!-- This site is optimized with the Yoast SEO plugin v23.0 - https:\/\/yoast.com\/wordpress\/plugins\/seo\/ -->\n<title>93. Oscar \u00d6d\u00fcl T\u00f6reni TRT2&#039;de Yay\u0131nlanacak - The Epoch Times TR<\/title>\n<meta name=\"robots\" content=\"index, follow, max-snippet:-1, max-image-preview:large, max-video-preview:-1\" \/>\n<link rel=\"canonical\" href=\"https:\/\/epochtimestr.com\/index.php\/93-oscar-odul-toreni-trt2de-yayinlanacak\" \/>\n<meta property=\"og:locale\" content=\"tr_TR\" \/>\n<meta property=\"og:type\" content=\"article\" \/>\n<meta property=\"og:title\" content=\"93. Oscar \u00d6d\u00fcl T\u00f6reni TRT2&#039;de Yay\u0131nlanacak - The Epoch Times TR\" \/>\n<meta property=\"og:description\" content=\"93.&#8217;s\u00fc ger\u00e7ekle\u015fen Akademi (Oscar) \u00d6d\u00fclleri T\u00f6reni, bu y\u0131l uzun bir aradan sonra TRT2&#8217;de yay\u0131nlan\u0131yor. TRT 2&#8217;nin haftal\u0131k yay\u0131n ak\u0131\u015f\u0131 bilgisinde 25 Nisan&#8217;\u0131 26 Nisan&#8217;a ba\u011flayan pazar gecesi 01.30&#8217;da Oscar&#8217;a Do\u011fru program\u0131 ve 03.00&#8217;da Oscar T\u00f6reni yer al\u0131yor.\u00a0 Bu y\u0131l d\u00fczenlenen t\u00f6ren di\u011fer t\u00f6renler gibi online de\u011fil, ge\u00e7mi\u015f y\u0131llardaki gibi izleyici kat\u0131l\u0131m\u0131 ile olacak. K\u0131rm\u0131z\u0131 hal\u0131 [&hellip;]\" \/>\n<meta property=\"og:url\" content=\"https:\/\/epochtimestr.com\/index.php\/93-oscar-odul-toreni-trt2de-yayinlanacak\" \/>\n<meta property=\"og:site_name\" content=\"The Epoch Times TR\" \/>\n<meta property=\"article:publisher\" content=\"https:\/\/www.facebook.com\/theepochtimestr\" \/>\n<meta property=\"article:published_time\" content=\"2021-04-21T09:18:16+00:00\" \/>\n<meta property=\"article:modified_time\" content=\"2021-04-21T09:18:25+00:00\" \/>\n<meta property=\"og:image\" content=\"https:\/\/epochtimestr.com\/wp-content\/uploads\/2011y\/oscar-1.jpg\" \/>\n\t<meta property=\"og:image:width\" content=\"960\" \/>\n\t<meta property=\"og:image:height\" content=\"640\" \/>\n\t<meta property=\"og:image:type\" content=\"image\/jpeg\" \/>\n<meta name=\"author\" content=\"Haber Merkezi\" \/>\n<meta name=\"twitter:card\" content=\"summary_large_image\" \/>\n<meta name=\"twitter:creator\" content=\"@TheEpochTimesTR\" \/>\n<meta name=\"twitter:site\" content=\"@TheEpochTimesTR\" \/>\n<meta name=\"twitter:label1\" content=\"Yazan:\" \/>\n\t<meta name=\"twitter:data1\" content=\"Haber Merkezi\" \/>\n\t<meta name=\"twitter:label2\" content=\"Tahmini okuma s\u00fcresi\" \/>\n\t<meta name=\"twitter:data2\" content=\"1 dakika\" \/>\n<script type=\"application\/ld+json\" class=\"yoast-schema-graph\">{\"@context\":\"https:\/\/schema.org\",\"@graph\":[{\"@type\":\"Article\",\"@id\":\"https:\/\/epochtimestr.com\/index.php\/93-oscar-odul-toreni-trt2de-yayinlanacak#article\",\"isPartOf\":{\"@id\":\"https:\/\/epochtimestr.com\/index.php\/93-oscar-odul-toreni-trt2de-yayinlanacak\"},\"author\":{\"name\":\"Haber Merkezi\",\"@id\":\"https:\/\/epochtimestr.com\/#\/schema\/person\/3dc5c3adeb9f43923c5aa85889172fdd\"},\"headline\":\"93. Oscar \u00d6d\u00fcl T\u00f6reni TRT2&#8217;de Yay\u0131nlanacak\",\"datePublished\":\"2021-04-21T09:18:16+00:00\",\"dateModified\":\"2021-04-21T09:18:25+00:00\",\"mainEntityOfPage\":{\"@id\":\"https:\/\/epochtimestr.com\/index.php\/93-oscar-odul-toreni-trt2de-yayinlanacak\"},\"wordCount\":261,\"publisher\":{\"@id\":\"https:\/\/epochtimestr.com\/#organization\"},\"image\":{\"@id\":\"https:\/\/epochtimestr.com\/index.php\/93-oscar-odul-toreni-trt2de-yayinlanacak#primaryimage\"},\"thumbnailUrl\":\"https:\/\/epochtimestr.com\/wp-content\/uploads\/2011y\/oscar-1.jpg\",\"articleSection\":[\"D\u00dcNYA\",\"G\u00dcNDEM\"],\"inLanguage\":\"tr\"},{\"@type\":\"WebPage\",\"@id\":\"https:\/\/epochtimestr.com\/index.php\/93-oscar-odul-toreni-trt2de-yayinlanacak\",\"url\":\"https:\/\/epochtimestr.com\/index.php\/93-oscar-odul-toreni-trt2de-yayinlanacak\",\"name\":\"93. Oscar \u00d6d\u00fcl T\u00f6reni TRT2'de Yay\u0131nlanacak - The Epoch Times TR\",\"isPartOf\":{\"@id\":\"https:\/\/epochtimestr.com\/#website\"},\"primaryImageOfPage\":{\"@id\":\"https:\/\/epochtimestr.com\/index.php\/93-oscar-odul-toreni-trt2de-yayinlanacak#primaryimage\"},\"image\":{\"@id\":\"https:\/\/epochtimestr.com\/index.php\/93-oscar-odul-toreni-trt2de-yayinlanacak#primaryimage\"},\"thumbnailUrl\":\"https:\/\/epochtimestr.com\/wp-content\/uploads\/2011y\/oscar-1.jpg\",\"datePublished\":\"2021-04-21T09:18:16+00:00\",\"dateModified\":\"2021-04-21T09:18:25+00:00\",\"inLanguage\":\"tr\",\"potentialAction\":[{\"@type\":\"ReadAction\",\"target\":[\"https:\/\/epochtimestr.com\/index.php\/93-oscar-odul-toreni-trt2de-yayinlanacak\"]}]},{\"@type\":\"ImageObject\",\"inLanguage\":\"tr\",\"@id\":\"https:\/\/epochtimestr.com\/index.php\/93-oscar-odul-toreni-trt2de-yayinlanacak#primaryimage\",\"url\":\"https:\/\/epochtimestr.com\/wp-content\/uploads\/2011y\/oscar-1.jpg\",\"contentUrl\":\"https:\/\/epochtimestr.com\/wp-content\/uploads\/2011y\/oscar-1.jpg\",\"width\":960,\"height\":640},{\"@type\":\"WebSite\",\"@id\":\"https:\/\/epochtimestr.com\/#website\",\"url\":\"https:\/\/epochtimestr.com\/\",\"name\":\"The Epoch Times TR\",\"description\":\"De\u011fi\u015fen D\u00fcnyam\u0131za Taze Bir Bak\u0131\u015f\",\"publisher\":{\"@id\":\"https:\/\/epochtimestr.com\/#organization\"},\"potentialAction\":[{\"@type\":\"SearchAction\",\"target\":{\"@type\":\"EntryPoint\",\"urlTemplate\":\"https:\/\/epochtimestr.com\/?s={search_term_string}\"},\"query-input\":\"required name=search_term_string\"}],\"inLanguage\":\"tr\"},{\"@type\":\"Organization\",\"@id\":\"https:\/\/epochtimestr.com\/#organization\",\"name\":\"The EpochTimes T\u00fcrkiye\",\"url\":\"https:\/\/epochtimestr.com\/\",\"logo\":{\"@type\":\"ImageObject\",\"inLanguage\":\"tr\",\"@id\":\"https:\/\/epochtimestr.com\/#\/schema\/logo\/image\/\",\"url\":\"https:\/\/epochtimestr.com\/wp-content\/uploads\/2011y\/ET-Logo-YG.jpg\",\"contentUrl\":\"https:\/\/epochtimestr.com\/wp-content\/uploads\/2011y\/ET-Logo-YG.jpg\",\"width\":346,\"height\":29,\"caption\":\"The EpochTimes T\u00fcrkiye\"},\"image\":{\"@id\":\"https:\/\/epochtimestr.com\/#\/schema\/logo\/image\/\"},\"sameAs\":[\"https:\/\/www.facebook.com\/theepochtimestr\",\"https:\/\/x.com\/TheEpochTimesTR\",\"https:\/\/www.instagram.com\/epochtimestr\"]},{\"@type\":\"Person\",\"@id\":\"https:\/\/epochtimestr.com\/#\/schema\/person\/3dc5c3adeb9f43923c5aa85889172fdd\",\"name\":\"Haber Merkezi\",\"image\":{\"@type\":\"ImageObject\",\"inLanguage\":\"tr\",\"@id\":\"https:\/\/epochtimestr.com\/#\/schema\/person\/image\/\",\"url\":\"https:\/\/secure.gravatar.com\/avatar\/d73f772ba5a74f28601361e17c2f93e6?s=96&d=mm&r=g\",\"contentUrl\":\"https:\/\/secure.gravatar.com\/avatar\/d73f772ba5a74f28601361e17c2f93e6?s=96&d=mm&r=g\",\"caption\":\"Haber Merkezi\"},\"url\":\"https:\/\/epochtimestr.com\/index.php\/author\/sendag\"}]}<\/script>\n<!-- \/ Yoast SEO plugin. -->","yoast_head_json":{"title":"93. Oscar \u00d6d\u00fcl T\u00f6reni TRT2'de Yay\u0131nlanacak - The Epoch Times TR","robots":{"index":"index","follow":"follow","max-snippet":"max-snippet:-1","max-image-preview":"max-image-preview:large","max-video-preview":"max-video-preview:-1"},"canonical":"https:\/\/epochtimestr.com\/index.php\/93-oscar-odul-toreni-trt2de-yayinlanacak","og_locale":"tr_TR","og_type":"article","og_title":"93. Oscar \u00d6d\u00fcl T\u00f6reni TRT2'de Yay\u0131nlanacak - The Epoch Times TR","og_description":"93.&#8217;s\u00fc ger\u00e7ekle\u015fen Akademi (Oscar) \u00d6d\u00fclleri T\u00f6reni, bu y\u0131l uzun bir aradan sonra TRT2&#8217;de yay\u0131nlan\u0131yor. TRT 2&#8217;nin haftal\u0131k yay\u0131n ak\u0131\u015f\u0131 bilgisinde 25 Nisan&#8217;\u0131 26 Nisan&#8217;a ba\u011flayan pazar gecesi 01.30&#8217;da Oscar&#8217;a Do\u011fru program\u0131 ve 03.00&#8217;da Oscar T\u00f6reni yer al\u0131yor.\u00a0 Bu y\u0131l d\u00fczenlenen t\u00f6ren di\u011fer t\u00f6renler gibi online de\u011fil, ge\u00e7mi\u015f y\u0131llardaki gibi izleyici kat\u0131l\u0131m\u0131 ile olacak. K\u0131rm\u0131z\u0131 hal\u0131 [&hellip;]","og_url":"https:\/\/epochtimestr.com\/index.php\/93-oscar-odul-toreni-trt2de-yayinlanacak","og_site_name":"The Epoch Times TR","article_publisher":"https:\/\/www.facebook.com\/theepochtimestr","article_published_time":"2021-04-21T09:18:16+00:00","article_modified_time":"2021-04-21T09:18:25+00:00","og_image":[{"width":960,"height":640,"url":"https:\/\/epochtimestr.com\/wp-content\/uploads\/2011y\/oscar-1.jpg","type":"image\/jpeg"}],"author":"Haber Merkezi","twitter_card":"summary_large_image","twitter_creator":"@TheEpochTimesTR","twitter_site":"@TheEpochTimesTR","twitter_misc":{"Yazan:":"Haber Merkezi","Tahmini okuma s\u00fcresi":"1 dakika"},"schema":{"@context":"https:\/\/schema.org","@graph":[{"@type":"Article","@id":"https:\/\/epochtimestr.com\/index.php\/93-oscar-odul-toreni-trt2de-yayinlanacak#article","isPartOf":{"@id":"https:\/\/epochtimestr.com\/index.php\/93-oscar-odul-toreni-trt2de-yayinlanacak"},"author":{"name":"Haber Merkezi","@id":"https:\/\/epochtimestr.com\/#\/schema\/person\/3dc5c3adeb9f43923c5aa85889172fdd"},"headline":"93. Oscar \u00d6d\u00fcl T\u00f6reni TRT2&#8217;de Yay\u0131nlanacak","datePublished":"2021-04-21T09:18:16+00:00","dateModified":"2021-04-21T09:18:25+00:00","mainEntityOfPage":{"@id":"https:\/\/epochtimestr.com\/index.php\/93-oscar-odul-toreni-trt2de-yayinlanacak"},"wordCount":261,"publisher":{"@id":"https:\/\/epochtimestr.com\/#organization"},"image":{"@id":"https:\/\/epochtimestr.com\/index.php\/93-oscar-odul-toreni-trt2de-yayinlanacak#primaryimage"},"thumbnailUrl":"https:\/\/epochtimestr.com\/wp-content\/uploads\/2011y\/oscar-1.jpg","articleSection":["D\u00dcNYA","G\u00dcNDEM"],"inLanguage":"tr"},{"@type":"WebPage","@id":"https:\/\/epochtimestr.com\/index.php\/93-oscar-odul-toreni-trt2de-yayinlanacak","url":"https:\/\/epochtimestr.com\/index.php\/93-oscar-odul-toreni-trt2de-yayinlanacak","name":"93. Oscar \u00d6d\u00fcl T\u00f6reni TRT2'de Yay\u0131nlanacak - The Epoch Times TR","isPartOf":{"@id":"https:\/\/epochtimestr.com\/#website"},"primaryImageOfPage":{"@id":"https:\/\/epochtimestr.com\/index.php\/93-oscar-odul-toreni-trt2de-yayinlanacak#primaryimage"},"image":{"@id":"https:\/\/epochtimestr.com\/index.php\/93-oscar-odul-toreni-trt2de-yayinlanacak#primaryimage"},"thumbnailUrl":"https:\/\/epochtimestr.com\/wp-content\/uploads\/2011y\/oscar-1.jpg","datePublished":"2021-04-21T09:18:16+00:00","dateModified":"2021-04-21T09:18:25+00:00","inLanguage":"tr","potentialAction":[{"@type":"ReadAction","target":["https:\/\/epochtimestr.com\/index.php\/93-oscar-odul-toreni-trt2de-yayinlanacak"]}]},{"@type":"ImageObject","inLanguage":"tr","@id":"https:\/\/epochtimestr.com\/index.php\/93-oscar-odul-toreni-trt2de-yayinlanacak#primaryimage","url":"https:\/\/epochtimestr.com\/wp-content\/uploads\/2011y\/oscar-1.jpg","contentUrl":"https:\/\/epochtimestr.com\/wp-content\/uploads\/2011y\/oscar-1.jpg","width":960,"height":640},{"@type":"WebSite","@id":"https:\/\/epochtimestr.com\/#website","url":"https:\/\/epochtimestr.com\/","name":"The Epoch Times TR","description":"De\u011fi\u015fen D\u00fcnyam\u0131za Taze Bir Bak\u0131\u015f","publisher":{"@id":"https:\/\/epochtimestr.com\/#organization"},"potentialAction":[{"@type":"SearchAction","target":{"@type":"EntryPoint","urlTemplate":"https:\/\/epochtimestr.com\/?s={search_term_string}"},"query-input":"required name=search_term_string"}],"inLanguage":"tr"},{"@type":"Organization","@id":"https:\/\/epochtimestr.com\/#organization","name":"The EpochTimes T\u00fcrkiye","url":"https:\/\/epochtimestr.com\/","logo":{"@type":"ImageObject","inLanguage":"tr","@id":"https:\/\/epochtimestr.com\/#\/schema\/logo\/image\/","url":"https:\/\/epochtimestr.com\/wp-content\/uploads\/2011y\/ET-Logo-YG.jpg","contentUrl":"https:\/\/epochtimestr.com\/wp-content\/uploads\/2011y\/ET-Logo-YG.jpg","width":346,"height":29,"caption":"The EpochTimes T\u00fcrkiye"},"image":{"@id":"https:\/\/epochtimestr.com\/#\/schema\/logo\/image\/"},"sameAs":["https:\/\/www.facebook.com\/theepochtimestr","https:\/\/x.com\/TheEpochTimesTR","https:\/\/www.instagram.com\/epochtimestr"]},{"@type":"Person","@id":"https:\/\/epochtimestr.com\/#\/schema\/person\/3dc5c3adeb9f43923c5aa85889172fdd","name":"Haber Merkezi","image":{"@type":"ImageObject","inLanguage":"tr","@id":"https:\/\/epochtimestr.com\/#\/schema\/person\/image\/","url":"https:\/\/secure.gravatar.com\/avatar\/d73f772ba5a74f28601361e17c2f93e6?s=96&d=mm&r=g","contentUrl":"https:\/\/secure.gravatar.com\/avatar\/d73f772ba5a74f28601361e17c2f93e6?s=96&d=mm&r=g","caption":"Haber Merkezi"},"url":"https:\/\/epochtimestr.com\/index.php\/author\/sendag"}]}},"_links":{"self":[{"href":"https:\/\/epochtimestr.com\/index.php\/wp-json\/wp\/v2\/posts\/134420"}],"collection":[{"href":"https:\/\/epochtimestr.com\/index.php\/wp-json\/wp\/v2\/posts"}],"about":[{"href":"https:\/\/epochtimestr.com\/index.php\/wp-json\/wp\/v2\/types\/post"}],"author":[{"embeddable":true,"href":"https:\/\/epochtimestr.com\/index.php\/wp-json\/wp\/v2\/users\/12791"}],"replies":[{"embeddable":true,"href":"https:\/\/epochtimestr.com\/index.php\/wp-json\/wp\/v2\/comments?post=134420"}],"version-history":[{"count":1,"href":"https:\/\/epochtimestr.com\/index.php\/wp-json\/wp\/v2\/posts\/134420\/revisions"}],"predecessor-version":[{"id":134421,"href":"https:\/\/epochtimestr.com\/index.php\/wp-json\/wp\/v2\/posts\/134420\/revisions\/134421"}],"wp:featuredmedia":[{"embeddable":true,"href":"https:\/\/epochtimestr.com\/index.php\/wp-json\/wp\/v2\/media\/124302"}],"wp:attachment":[{"href":"https:\/\/epochtimestr.com\/index.php\/wp-json\/wp\/v2\/media?parent=134420"}],"wp:term":[{"taxonomy":"category","embeddable":true,"href":"https:\/\/epochtimestr.com\/index.php\/wp-json\/wp\/v2\/categories?post=134420"},{"taxonomy":"post_tag","embeddable":true,"href":"https:\/\/epochtimestr.com\/index.php\/wp-json\/wp\/v2\/tags?post=134420"}],"curies":[{"name":"wp","href":"https:\/\/api.w.org\/{rel}","templated":true}]}}