{"id":134435,"date":"2021-04-21T13:48:44","date_gmt":"2021-04-21T10:48:44","guid":{"rendered":"http:\/\/epochtimestr.com\/?p=134435"},"modified":"2021-04-21T13:48:50","modified_gmt":"2021-04-21T10:48:50","slug":"floyd-davasinda-eski-polis-memuru-suclu-bulundu","status":"publish","type":"post","link":"https:\/\/epochtimestr.com\/index.php\/floyd-davasinda-eski-polis-memuru-suclu-bulundu","title":{"rendered":"Floyd Davas\u0131nda Eski Polis Memuru Su\u00e7lu Bulundu"},"content":{"rendered":"\n<figure class=\"wp-block-image size-large\"><img loading=\"lazy\" decoding=\"async\" width=\"571\" height=\"400\" src=\"https:\/\/epochtimestr.com\/wp-content\/uploads\/2011y\/abd-25-571x400.jpg\" alt=\"\" class=\"wp-image-118385\" srcset=\"https:\/\/epochtimestr.com\/wp-content\/uploads\/2011y\/abd-25-571x400.jpg 571w, https:\/\/epochtimestr.com\/wp-content\/uploads\/2011y\/abd-25-150x105.jpg 150w, https:\/\/epochtimestr.com\/wp-content\/uploads\/2011y\/abd-25-300x210.jpg 300w, https:\/\/epochtimestr.com\/wp-content\/uploads\/2011y\/abd-25-768x538.jpg 768w, https:\/\/epochtimestr.com\/wp-content\/uploads\/2011y\/abd-25-600x420.jpg 600w, https:\/\/epochtimestr.com\/wp-content\/uploads\/2011y\/abd-25.jpg 960w\" sizes=\"(max-width: 571px) 100vw, 571px\" \/><\/figure>\n\n\n\n<h2 class=\"wp-block-heading\">ABD&#8217;nin Minnesota eyaletindeki davada j\u00fcri, eski polis memuru Derek Chauvin&#8217;i, siyah Amerikal\u0131 George Floyd&#8217;un g\u00f6zalt\u0131na al\u0131nmas\u0131 s\u0131ras\u0131nda dizini ensesine basarak \u00f6l\u00fcm\u00fcne neden olmaktan su\u00e7lu buldu.<\/h2>\n\n\n\n<p>George Floyd cinayeti davas\u0131nda j\u00fcri, eski polis memuru Derek Chauvin&#8217;\u0131 &#8216;cinayet ve kas\u0131ts\u0131z adam \u00f6ld\u00fcrmekten&#8217; su\u00e7lu buldu.<\/p>\n\n\n\n<p>ABD&#8217;de siyah Amerikal\u0131 George Floyd&#8217;un \u00f6ld\u00fcr\u00fclmesine ili\u015fkin&nbsp;davada eski polis Derek Chauvin, hakk\u0131ndaki 3 su\u00e7laman\u0131n tamam\u0131ndan su\u00e7lu bulundu.<\/p>\n\n\n\n<p>Minneapolis&#8217;teki Hennepin B\u00f6lge Mahkemesinde 4 haftad\u0131r devam eden yarg\u0131lamada d\u00fcn 12 ki\u015filik j\u00fcri, yakla\u015f\u0131k 10 saat s\u00fcren m\u00fczakereden sonra yerel saatle 16.10&#8217;da karar\u0131n\u0131 a\u00e7\u0131klad\u0131.<\/p>\n\n\n\n<p>Karar\u0131n okunmas\u0131n\u0131n ard\u0131ndan Chauvin&#8217;in hakk\u0131nda kefalet kald\u0131r\u0131ld\u0131 ve tutuklanarak cezaevine konuldu.<\/p>\n\n\n\n<p>Cinayet davas\u0131nda ifade veren doktorlar, Floyd&#8217;un &#8220;oksijen yetersizli\u011fi&#8221; sebebiyle \u00f6ld\u00fc\u011f\u00fcn\u00fc vurgulayarak, siyahi adam\u0131n sa\u011fl\u0131k sorunlar\u0131ndan \u00f6ld\u00fc\u011f\u00fcne dair teoriyi kesin bir dille\u00a0reddetmi\u015fti.<\/p>\n\n\n\n<p>Davada tan\u0131k olarak dinlenen Minneapolis Polis Departman\u0131 cinayet masas\u0131 \u015fefi Richard Zimmerman, olay an\u0131nda Floyd\u2019un ensesine dizle bas\u0131lmas\u0131n\u0131 hakk\u0131nda, \u201ctamamen gereksiz, \u00f6l\u00fcmc\u00fcl bir g\u00fc\u00e7\u201d\u00a0ifadesinde bulunmu\u015ftu.<\/p>\n\n\n\n<p><strong>Ne olmu\u015ftu?<\/strong><\/p>\n\n\n\n<p>Siyahi Amerikal\u0131 46 ya\u015f\u0131ndaki George Floyd, 25 May\u0131s 2020&#8217;de doland\u0131r\u0131c\u0131l\u0131k \u015f\u00fcphesiyle Minnesota eyaletinin Minneapolis kentinde g\u00f6zalt\u0131na al\u0131nd\u0131\u011f\u0131 s\u0131rada, 44 ya\u015f\u0131ndaki polis memuru Derek Chauvin&#8217;in 9 dakika 29 saniye boyunca diziyle boynuna bast\u0131rmas\u0131 nedeniyle dakikalarca &#8220;nefes alam\u0131yorum&#8221; diye yalvarm\u0131\u015ft\u0131.<\/p>\n\n\n\n<p>Floyd olay yerine gelen acil sa\u011fl\u0131k ekiplerince kald\u0131r\u0131ld\u0131\u011f\u0131 hastanede hayat\u0131n\u0131 kaybetmi\u015f, olayla ilgili g\u00f6r\u00fcnt\u00fcler sosyal medyada b\u00fcy\u00fck tepki toplam\u0131\u015ft\u0131.<\/p>\n\n\n\n<p>G\u00f6r\u00fcnt\u00fcler, \u00fclkede siyahilere y\u00f6nelik polis \u015fiddeti tart\u0131\u015fmalar\u0131n\u0131 alevlendirmi\u015f ve protestolar, olaylar\u0131n ba\u015flad\u0131\u011f\u0131 Minneapolis&#8217;ten \u00fclke geneline s\u0131\u00e7ram\u0131\u015ft\u0131.<\/p>\n\n\n\n<p>Floyd&#8217;un \u00f6l\u00fcm\u00fcne neden olmakla su\u00e7lanan Chauvin, olaydan 4 g\u00fcn sonra g\u00f6zalt\u0131na al\u0131nm\u0131\u015f, hakk\u0131nda cinayet ve adam \u00f6ld\u00fcrme su\u00e7uyla dava a\u00e7\u0131larak tutuklanm\u0131\u015ft\u0131.<\/p>\n\n\n\n<p>Chauvin, 29 May\u0131s 2020&#8217;den beri tutuklu bulundu\u011fu Oak Park Heights&#8217;teki hapishaneden 10 Temmuz 2020&#8217;de, kefalet bedeli olan 1 milyon dolar\u0131n &#8220;Allegheny Casualty Company&#8221; adl\u0131 kurulu\u015f taraf\u0131ndan garanti edilmesinin ard\u0131ndan serbest b\u0131rak\u0131lm\u0131\u015ft\u0131.<\/p>\n","protected":false},"excerpt":{"rendered":"<p>ABD&#8217;nin Minnesota eyaletindeki davada j\u00fcri, eski polis memuru Derek Chauvin&#8217;i, siyah Amerikal\u0131 George Floyd&#8217;un g\u00f6zalt\u0131na al\u0131nmas\u0131 s\u0131ras\u0131nda dizini ensesine basarak \u00f6l\u00fcm\u00fcne neden olmaktan su\u00e7lu buldu. George Floyd cinayeti davas\u0131nda j\u00fcri, eski polis memuru Derek Chauvin&#8217;\u0131 &#8216;cinayet ve kas\u0131ts\u0131z adam \u00f6ld\u00fcrmekten&#8217; su\u00e7lu buldu. ABD&#8217;de siyah Amerikal\u0131 George Floyd&#8217;un \u00f6ld\u00fcr\u00fclmesine ili\u015fkin&nbsp;davada eski polis Derek Chauvin, hakk\u0131ndaki 3 [&hellip;]<\/p>\n","protected":false},"author":12791,"featured_media":118385,"comment_status":"closed","ping_status":"open","sticky":false,"template":"","format":"standard","meta":{"_yoast_wpseo_focuskw":"","_yoast_wpseo_title":"","_yoast_wpseo_metadesc":"","_bbp_topic_count":0,"_bbp_reply_count":0,"_bbp_total_topic_count":0,"_bbp_total_reply_count":0,"_bbp_voice_count":0,"_bbp_anonymous_reply_count":0,"_bbp_topic_count_hidden":0,"_bbp_reply_count_hidden":0,"_bbp_forum_subforum_count":0,"footnotes":"","_yoast_wpseo_focuskw_text_input":""},"categories":[5,1],"tags":[],"yoast_head":"<!-- This site is optimized with the Yoast SEO plugin v23.0 - https:\/\/yoast.com\/wordpress\/plugins\/seo\/ -->\n<title>Floyd Davas\u0131nda Eski Polis Memuru Su\u00e7lu Bulundu - The Epoch Times TR<\/title>\n<meta name=\"robots\" content=\"index, follow, max-snippet:-1, max-image-preview:large, max-video-preview:-1\" \/>\n<link rel=\"canonical\" href=\"https:\/\/epochtimestr.com\/index.php\/floyd-davasinda-eski-polis-memuru-suclu-bulundu\" \/>\n<meta property=\"og:locale\" content=\"tr_TR\" \/>\n<meta property=\"og:type\" content=\"article\" \/>\n<meta property=\"og:title\" content=\"Floyd Davas\u0131nda Eski Polis Memuru Su\u00e7lu Bulundu - The Epoch Times TR\" \/>\n<meta property=\"og:description\" content=\"ABD&#8217;nin Minnesota eyaletindeki davada j\u00fcri, eski polis memuru Derek Chauvin&#8217;i, siyah Amerikal\u0131 George Floyd&#8217;un g\u00f6zalt\u0131na al\u0131nmas\u0131 s\u0131ras\u0131nda dizini ensesine basarak \u00f6l\u00fcm\u00fcne neden olmaktan su\u00e7lu buldu. George Floyd cinayeti davas\u0131nda j\u00fcri, eski polis memuru Derek Chauvin&#8217;\u0131 &#8216;cinayet ve kas\u0131ts\u0131z adam \u00f6ld\u00fcrmekten&#8217; su\u00e7lu buldu. ABD&#8217;de siyah Amerikal\u0131 George Floyd&#8217;un \u00f6ld\u00fcr\u00fclmesine ili\u015fkin&nbsp;davada eski polis Derek Chauvin, hakk\u0131ndaki 3 [&hellip;]\" \/>\n<meta property=\"og:url\" content=\"https:\/\/epochtimestr.com\/index.php\/floyd-davasinda-eski-polis-memuru-suclu-bulundu\" \/>\n<meta property=\"og:site_name\" content=\"The Epoch Times TR\" \/>\n<meta property=\"article:publisher\" content=\"https:\/\/www.facebook.com\/theepochtimestr\" \/>\n<meta property=\"article:published_time\" content=\"2021-04-21T10:48:44+00:00\" \/>\n<meta property=\"article:modified_time\" content=\"2021-04-21T10:48:50+00:00\" \/>\n<meta property=\"og:image\" content=\"https:\/\/epochtimestr.com\/wp-content\/uploads\/2011y\/abd-25.jpg\" \/>\n\t<meta property=\"og:image:width\" content=\"960\" \/>\n\t<meta property=\"og:image:height\" content=\"672\" \/>\n\t<meta property=\"og:image:type\" content=\"image\/jpeg\" \/>\n<meta name=\"author\" content=\"Haber Merkezi\" \/>\n<meta name=\"twitter:card\" content=\"summary_large_image\" \/>\n<meta name=\"twitter:creator\" content=\"@TheEpochTimesTR\" \/>\n<meta name=\"twitter:site\" content=\"@TheEpochTimesTR\" \/>\n<meta name=\"twitter:label1\" content=\"Yazan:\" \/>\n\t<meta name=\"twitter:data1\" content=\"Haber Merkezi\" \/>\n\t<meta name=\"twitter:label2\" content=\"Tahmini okuma s\u00fcresi\" \/>\n\t<meta name=\"twitter:data2\" content=\"2 dakika\" \/>\n<script type=\"application\/ld+json\" class=\"yoast-schema-graph\">{\"@context\":\"https:\/\/schema.org\",\"@graph\":[{\"@type\":\"Article\",\"@id\":\"https:\/\/epochtimestr.com\/index.php\/floyd-davasinda-eski-polis-memuru-suclu-bulundu#article\",\"isPartOf\":{\"@id\":\"https:\/\/epochtimestr.com\/index.php\/floyd-davasinda-eski-polis-memuru-suclu-bulundu\"},\"author\":{\"name\":\"Haber Merkezi\",\"@id\":\"https:\/\/epochtimestr.com\/#\/schema\/person\/3dc5c3adeb9f43923c5aa85889172fdd\"},\"headline\":\"Floyd Davas\u0131nda Eski Polis Memuru Su\u00e7lu Bulundu\",\"datePublished\":\"2021-04-21T10:48:44+00:00\",\"dateModified\":\"2021-04-21T10:48:50+00:00\",\"mainEntityOfPage\":{\"@id\":\"https:\/\/epochtimestr.com\/index.php\/floyd-davasinda-eski-polis-memuru-suclu-bulundu\"},\"wordCount\":382,\"publisher\":{\"@id\":\"https:\/\/epochtimestr.com\/#organization\"},\"image\":{\"@id\":\"https:\/\/epochtimestr.com\/index.php\/floyd-davasinda-eski-polis-memuru-suclu-bulundu#primaryimage\"},\"thumbnailUrl\":\"https:\/\/epochtimestr.com\/wp-content\/uploads\/2011y\/abd-25.jpg\",\"articleSection\":[\"D\u00dcNYA\",\"G\u00dcNDEM\"],\"inLanguage\":\"tr\"},{\"@type\":\"WebPage\",\"@id\":\"https:\/\/epochtimestr.com\/index.php\/floyd-davasinda-eski-polis-memuru-suclu-bulundu\",\"url\":\"https:\/\/epochtimestr.com\/index.php\/floyd-davasinda-eski-polis-memuru-suclu-bulundu\",\"name\":\"Floyd Davas\u0131nda Eski Polis Memuru Su\u00e7lu Bulundu - The Epoch Times TR\",\"isPartOf\":{\"@id\":\"https:\/\/epochtimestr.com\/#website\"},\"primaryImageOfPage\":{\"@id\":\"https:\/\/epochtimestr.com\/index.php\/floyd-davasinda-eski-polis-memuru-suclu-bulundu#primaryimage\"},\"image\":{\"@id\":\"https:\/\/epochtimestr.com\/index.php\/floyd-davasinda-eski-polis-memuru-suclu-bulundu#primaryimage\"},\"thumbnailUrl\":\"https:\/\/epochtimestr.com\/wp-content\/uploads\/2011y\/abd-25.jpg\",\"datePublished\":\"2021-04-21T10:48:44+00:00\",\"dateModified\":\"2021-04-21T10:48:50+00:00\",\"inLanguage\":\"tr\",\"potentialAction\":[{\"@type\":\"ReadAction\",\"target\":[\"https:\/\/epochtimestr.com\/index.php\/floyd-davasinda-eski-polis-memuru-suclu-bulundu\"]}]},{\"@type\":\"ImageObject\",\"inLanguage\":\"tr\",\"@id\":\"https:\/\/epochtimestr.com\/index.php\/floyd-davasinda-eski-polis-memuru-suclu-bulundu#primaryimage\",\"url\":\"https:\/\/epochtimestr.com\/wp-content\/uploads\/2011y\/abd-25.jpg\",\"contentUrl\":\"https:\/\/epochtimestr.com\/wp-content\/uploads\/2011y\/abd-25.jpg\",\"width\":960,\"height\":672},{\"@type\":\"WebSite\",\"@id\":\"https:\/\/epochtimestr.com\/#website\",\"url\":\"https:\/\/epochtimestr.com\/\",\"name\":\"The Epoch Times TR\",\"description\":\"De\u011fi\u015fen D\u00fcnyam\u0131za Taze Bir Bak\u0131\u015f\",\"publisher\":{\"@id\":\"https:\/\/epochtimestr.com\/#organization\"},\"potentialAction\":[{\"@type\":\"SearchAction\",\"target\":{\"@type\":\"EntryPoint\",\"urlTemplate\":\"https:\/\/epochtimestr.com\/?s={search_term_string}\"},\"query-input\":\"required name=search_term_string\"}],\"inLanguage\":\"tr\"},{\"@type\":\"Organization\",\"@id\":\"https:\/\/epochtimestr.com\/#organization\",\"name\":\"The EpochTimes T\u00fcrkiye\",\"url\":\"https:\/\/epochtimestr.com\/\",\"logo\":{\"@type\":\"ImageObject\",\"inLanguage\":\"tr\",\"@id\":\"https:\/\/epochtimestr.com\/#\/schema\/logo\/image\/\",\"url\":\"https:\/\/epochtimestr.com\/wp-content\/uploads\/2011y\/ET-Logo-YG.jpg\",\"contentUrl\":\"https:\/\/epochtimestr.com\/wp-content\/uploads\/2011y\/ET-Logo-YG.jpg\",\"width\":346,\"height\":29,\"caption\":\"The EpochTimes T\u00fcrkiye\"},\"image\":{\"@id\":\"https:\/\/epochtimestr.com\/#\/schema\/logo\/image\/\"},\"sameAs\":[\"https:\/\/www.facebook.com\/theepochtimestr\",\"https:\/\/x.com\/TheEpochTimesTR\",\"https:\/\/www.instagram.com\/epochtimestr\"]},{\"@type\":\"Person\",\"@id\":\"https:\/\/epochtimestr.com\/#\/schema\/person\/3dc5c3adeb9f43923c5aa85889172fdd\",\"name\":\"Haber Merkezi\",\"image\":{\"@type\":\"ImageObject\",\"inLanguage\":\"tr\",\"@id\":\"https:\/\/epochtimestr.com\/#\/schema\/person\/image\/\",\"url\":\"https:\/\/secure.gravatar.com\/avatar\/d73f772ba5a74f28601361e17c2f93e6?s=96&d=mm&r=g\",\"contentUrl\":\"https:\/\/secure.gravatar.com\/avatar\/d73f772ba5a74f28601361e17c2f93e6?s=96&d=mm&r=g\",\"caption\":\"Haber Merkezi\"},\"url\":\"https:\/\/epochtimestr.com\/index.php\/author\/sendag\"}]}<\/script>\n<!-- \/ Yoast SEO plugin. -->","yoast_head_json":{"title":"Floyd Davas\u0131nda Eski Polis Memuru Su\u00e7lu Bulundu - The Epoch Times TR","robots":{"index":"index","follow":"follow","max-snippet":"max-snippet:-1","max-image-preview":"max-image-preview:large","max-video-preview":"max-video-preview:-1"},"canonical":"https:\/\/epochtimestr.com\/index.php\/floyd-davasinda-eski-polis-memuru-suclu-bulundu","og_locale":"tr_TR","og_type":"article","og_title":"Floyd Davas\u0131nda Eski Polis Memuru Su\u00e7lu Bulundu - The Epoch Times TR","og_description":"ABD&#8217;nin Minnesota eyaletindeki davada j\u00fcri, eski polis memuru Derek Chauvin&#8217;i, siyah Amerikal\u0131 George Floyd&#8217;un g\u00f6zalt\u0131na al\u0131nmas\u0131 s\u0131ras\u0131nda dizini ensesine basarak \u00f6l\u00fcm\u00fcne neden olmaktan su\u00e7lu buldu. George Floyd cinayeti davas\u0131nda j\u00fcri, eski polis memuru Derek Chauvin&#8217;\u0131 &#8216;cinayet ve kas\u0131ts\u0131z adam \u00f6ld\u00fcrmekten&#8217; su\u00e7lu buldu. ABD&#8217;de siyah Amerikal\u0131 George Floyd&#8217;un \u00f6ld\u00fcr\u00fclmesine ili\u015fkin&nbsp;davada eski polis Derek Chauvin, hakk\u0131ndaki 3 [&hellip;]","og_url":"https:\/\/epochtimestr.com\/index.php\/floyd-davasinda-eski-polis-memuru-suclu-bulundu","og_site_name":"The Epoch Times TR","article_publisher":"https:\/\/www.facebook.com\/theepochtimestr","article_published_time":"2021-04-21T10:48:44+00:00","article_modified_time":"2021-04-21T10:48:50+00:00","og_image":[{"width":960,"height":672,"url":"https:\/\/epochtimestr.com\/wp-content\/uploads\/2011y\/abd-25.jpg","type":"image\/jpeg"}],"author":"Haber Merkezi","twitter_card":"summary_large_image","twitter_creator":"@TheEpochTimesTR","twitter_site":"@TheEpochTimesTR","twitter_misc":{"Yazan:":"Haber Merkezi","Tahmini okuma s\u00fcresi":"2 dakika"},"schema":{"@context":"https:\/\/schema.org","@graph":[{"@type":"Article","@id":"https:\/\/epochtimestr.com\/index.php\/floyd-davasinda-eski-polis-memuru-suclu-bulundu#article","isPartOf":{"@id":"https:\/\/epochtimestr.com\/index.php\/floyd-davasinda-eski-polis-memuru-suclu-bulundu"},"author":{"name":"Haber Merkezi","@id":"https:\/\/epochtimestr.com\/#\/schema\/person\/3dc5c3adeb9f43923c5aa85889172fdd"},"headline":"Floyd Davas\u0131nda Eski Polis Memuru Su\u00e7lu Bulundu","datePublished":"2021-04-21T10:48:44+00:00","dateModified":"2021-04-21T10:48:50+00:00","mainEntityOfPage":{"@id":"https:\/\/epochtimestr.com\/index.php\/floyd-davasinda-eski-polis-memuru-suclu-bulundu"},"wordCount":382,"publisher":{"@id":"https:\/\/epochtimestr.com\/#organization"},"image":{"@id":"https:\/\/epochtimestr.com\/index.php\/floyd-davasinda-eski-polis-memuru-suclu-bulundu#primaryimage"},"thumbnailUrl":"https:\/\/epochtimestr.com\/wp-content\/uploads\/2011y\/abd-25.jpg","articleSection":["D\u00dcNYA","G\u00dcNDEM"],"inLanguage":"tr"},{"@type":"WebPage","@id":"https:\/\/epochtimestr.com\/index.php\/floyd-davasinda-eski-polis-memuru-suclu-bulundu","url":"https:\/\/epochtimestr.com\/index.php\/floyd-davasinda-eski-polis-memuru-suclu-bulundu","name":"Floyd Davas\u0131nda Eski Polis Memuru Su\u00e7lu Bulundu - The Epoch Times TR","isPartOf":{"@id":"https:\/\/epochtimestr.com\/#website"},"primaryImageOfPage":{"@id":"https:\/\/epochtimestr.com\/index.php\/floyd-davasinda-eski-polis-memuru-suclu-bulundu#primaryimage"},"image":{"@id":"https:\/\/epochtimestr.com\/index.php\/floyd-davasinda-eski-polis-memuru-suclu-bulundu#primaryimage"},"thumbnailUrl":"https:\/\/epochtimestr.com\/wp-content\/uploads\/2011y\/abd-25.jpg","datePublished":"2021-04-21T10:48:44+00:00","dateModified":"2021-04-21T10:48:50+00:00","inLanguage":"tr","potentialAction":[{"@type":"ReadAction","target":["https:\/\/epochtimestr.com\/index.php\/floyd-davasinda-eski-polis-memuru-suclu-bulundu"]}]},{"@type":"ImageObject","inLanguage":"tr","@id":"https:\/\/epochtimestr.com\/index.php\/floyd-davasinda-eski-polis-memuru-suclu-bulundu#primaryimage","url":"https:\/\/epochtimestr.com\/wp-content\/uploads\/2011y\/abd-25.jpg","contentUrl":"https:\/\/epochtimestr.com\/wp-content\/uploads\/2011y\/abd-25.jpg","width":960,"height":672},{"@type":"WebSite","@id":"https:\/\/epochtimestr.com\/#website","url":"https:\/\/epochtimestr.com\/","name":"The Epoch Times TR","description":"De\u011fi\u015fen D\u00fcnyam\u0131za Taze Bir Bak\u0131\u015f","publisher":{"@id":"https:\/\/epochtimestr.com\/#organization"},"potentialAction":[{"@type":"SearchAction","target":{"@type":"EntryPoint","urlTemplate":"https:\/\/epochtimestr.com\/?s={search_term_string}"},"query-input":"required name=search_term_string"}],"inLanguage":"tr"},{"@type":"Organization","@id":"https:\/\/epochtimestr.com\/#organization","name":"The EpochTimes T\u00fcrkiye","url":"https:\/\/epochtimestr.com\/","logo":{"@type":"ImageObject","inLanguage":"tr","@id":"https:\/\/epochtimestr.com\/#\/schema\/logo\/image\/","url":"https:\/\/epochtimestr.com\/wp-content\/uploads\/2011y\/ET-Logo-YG.jpg","contentUrl":"https:\/\/epochtimestr.com\/wp-content\/uploads\/2011y\/ET-Logo-YG.jpg","width":346,"height":29,"caption":"The EpochTimes T\u00fcrkiye"},"image":{"@id":"https:\/\/epochtimestr.com\/#\/schema\/logo\/image\/"},"sameAs":["https:\/\/www.facebook.com\/theepochtimestr","https:\/\/x.com\/TheEpochTimesTR","https:\/\/www.instagram.com\/epochtimestr"]},{"@type":"Person","@id":"https:\/\/epochtimestr.com\/#\/schema\/person\/3dc5c3adeb9f43923c5aa85889172fdd","name":"Haber Merkezi","image":{"@type":"ImageObject","inLanguage":"tr","@id":"https:\/\/epochtimestr.com\/#\/schema\/person\/image\/","url":"https:\/\/secure.gravatar.com\/avatar\/d73f772ba5a74f28601361e17c2f93e6?s=96&d=mm&r=g","contentUrl":"https:\/\/secure.gravatar.com\/avatar\/d73f772ba5a74f28601361e17c2f93e6?s=96&d=mm&r=g","caption":"Haber Merkezi"},"url":"https:\/\/epochtimestr.com\/index.php\/author\/sendag"}]}},"_links":{"self":[{"href":"https:\/\/epochtimestr.com\/index.php\/wp-json\/wp\/v2\/posts\/134435"}],"collection":[{"href":"https:\/\/epochtimestr.com\/index.php\/wp-json\/wp\/v2\/posts"}],"about":[{"href":"https:\/\/epochtimestr.com\/index.php\/wp-json\/wp\/v2\/types\/post"}],"author":[{"embeddable":true,"href":"https:\/\/epochtimestr.com\/index.php\/wp-json\/wp\/v2\/users\/12791"}],"replies":[{"embeddable":true,"href":"https:\/\/epochtimestr.com\/index.php\/wp-json\/wp\/v2\/comments?post=134435"}],"version-history":[{"count":1,"href":"https:\/\/epochtimestr.com\/index.php\/wp-json\/wp\/v2\/posts\/134435\/revisions"}],"predecessor-version":[{"id":134436,"href":"https:\/\/epochtimestr.com\/index.php\/wp-json\/wp\/v2\/posts\/134435\/revisions\/134436"}],"wp:featuredmedia":[{"embeddable":true,"href":"https:\/\/epochtimestr.com\/index.php\/wp-json\/wp\/v2\/media\/118385"}],"wp:attachment":[{"href":"https:\/\/epochtimestr.com\/index.php\/wp-json\/wp\/v2\/media?parent=134435"}],"wp:term":[{"taxonomy":"category","embeddable":true,"href":"https:\/\/epochtimestr.com\/index.php\/wp-json\/wp\/v2\/categories?post=134435"},{"taxonomy":"post_tag","embeddable":true,"href":"https:\/\/epochtimestr.com\/index.php\/wp-json\/wp\/v2\/tags?post=134435"}],"curies":[{"name":"wp","href":"https:\/\/api.w.org\/{rel}","templated":true}]}}