{"id":134485,"date":"2021-04-22T12:10:57","date_gmt":"2021-04-22T09:10:57","guid":{"rendered":"http:\/\/epochtimestr.com\/?p=134485"},"modified":"2021-04-22T12:11:00","modified_gmt":"2021-04-22T09:11:00","slug":"elif-isil-turkiyenin-gururu-oldu","status":"publish","type":"post","link":"https:\/\/epochtimestr.com\/index.php\/elif-isil-turkiyenin-gururu-oldu","title":{"rendered":"Elif I\u015f\u0131l T\u00fcrkiye&#8217;nin Gururu Oldu"},"content":{"rendered":"\n<figure class=\"wp-block-image size-large\"><img loading=\"lazy\" decoding=\"async\" width=\"600\" height=\"377\" src=\"https:\/\/epochtimestr.com\/wp-content\/uploads\/2011y\/Elif-I\u015f\u0131l-Istagram-600x377.png\" alt=\"\" class=\"wp-image-134486\" srcset=\"https:\/\/epochtimestr.com\/wp-content\/uploads\/2011y\/Elif-I\u015f\u0131l-Istagram-600x377.png 600w, https:\/\/epochtimestr.com\/wp-content\/uploads\/2011y\/Elif-I\u015f\u0131l-Istagram-300x189.png 300w, https:\/\/epochtimestr.com\/wp-content\/uploads\/2011y\/Elif-I\u015f\u0131l-Istagram-150x94.png 150w, https:\/\/epochtimestr.com\/wp-content\/uploads\/2011y\/Elif-I\u015f\u0131l-Istagram-768x483.png 768w, https:\/\/epochtimestr.com\/wp-content\/uploads\/2011y\/Elif-I\u015f\u0131l-Istagram.png 872w\" sizes=\"(max-width: 600px) 100vw, 600px\" \/><\/figure>\n\n\n\n<h2 class=\"wp-block-heading\">Antalya&#8217;da \u00fcst\u00fcn yetenekli ve dahi \u00f6\u011frencilerin gitti\u011fi B\u0130LSEM&#8217;de e\u011fitim g\u00f6ren Elif I\u015f\u0131l Karaka\u015f (18), Teksas Eyaleti Senfoni Orkestras\u0131&#8217;n\u0131n piyano yar\u0131\u015fmas\u0131nda birinci oldu.\u00a0<\/h2>\n\n\n\n<p>Antalyal\u0131\u00a0Elif I\u015f\u0131l Karaka\u015f, 4\u2019\u00fcnc\u00fc s\u0131n\u0131f \u00f6\u011frencisiyken, dahi ve \u00fcst\u00fcn yetenekli \u00e7ocuklara alanlar\u0131nda \u00f6zel e\u011fitim verilen\u00a0B\u0130LSEM&#8217;de ke\u015ffedildi. Elif I\u015f\u0131l, ge\u00e7en y\u0131la kadar yakla\u015f\u0131k 4 y\u0131l B\u0130LSEM&#8217;in m\u00fczik b\u00f6l\u00fcm\u00fcnde piyano e\u011fitimi ald\u0131. Elif I\u015f\u0131l, 2017 y\u0131l\u0131nda ABD&#8217;de d\u00fczenlenen Carmen Clavier Klasik Piyano Yar\u0131\u015fmas\u0131&#8217;nda 130 ki\u015fi aras\u0131nda 6&#8217;nc\u0131 olmay\u0131 ba\u015fard\u0131. Ayn\u0131 y\u0131l Houston kentinde Teksas Eyaleti Senfoni Orkestras\u0131&#8217;n\u0131n, Teksas Eyalet Piyano Yar\u0131\u015fmas\u0131&#8217;nda \u00fc\u00e7 kategoride birinci olan Elif I\u015f\u0131l, T\u00fcrkiye ve\u00a0Antalya&#8217;n\u0131n gururu oldu.<\/p>\n\n\n\n<p><strong>2 YIL \u00dcST \u00dcSTE KAZANAN \u0130LK T\u00dcRK OLDU<\/strong><\/p>\n\n\n\n<p>Teksas Senfoni Orkestras\u0131 ile b\u00fcy\u00fck bir konser veren ve ABD&#8217;de burslu e\u011fitim hakk\u0131 da kazanan Elif I\u015f\u0131l, 2018 y\u0131l\u0131nda \u00fc\u00e7 kategoride d\u00fczenlenen Teksas Eyalet Piyano Yar\u0131\u015fmas\u0131&#8217;nda, 13 Ekim&#8217;de Katy b\u00f6lgesi birincili\u011fi, 27 Ekim&#8217;de Houston b\u00f6lgesi birincili\u011fi ve 4 Kas\u0131m&#8217;da d\u00fczenlenen Teksas Eyalet birincili\u011fini kazanmay\u0131 ba\u015fard\u0131. \u0130kinci y\u0131l\u0131nda da t\u00fcm kategorilerde birincilik kazanarak T\u00fcrkiye&#8217;nin ve Antalya&#8217;n\u0131n ABD&#8217;deki gururu olan Elif I\u015f\u0131l, bu yar\u0131\u015fmay\u0131 iki y\u0131l \u00fcst \u00fcste kazanmay\u0131 ba\u015faran ilk ve tek T\u00fcrk oldu.<\/p>\n\n\n\n<p>Manhattan School of Music&#8217;in \u00e7ocuklu\u011fundan beri y\u00fcksek \u00f6\u011frenimini yapmay\u0131 hayal etti\u011fi iki \u00f6nemli okuldan biri oldu\u011funu belirten Elif I\u015f\u0131l Karaka\u015f, \u201cBa\u015fvurumu yaparken bile \u00e7ok heyecanl\u0131yd\u0131m. Di\u011fer ba\u015fvurdu\u011fum University of Texas, Indiana University gibi g\u00fczel okullardan da y\u00fcksek burslu kabul ald\u0131m. Ama hi\u00e7biri beni bu kadar heyecanland\u0131rmad\u0131. \u00c7ok mutluyum. Her zaman elimden gelenin en iyisini yapmak i\u00e7in \u00e7al\u0131\u015f\u0131yorum. \u00dcniversite e\u011fitimi ABD&#8217;de zaten \u00e7ok pahal\u0131. Amerikan vatanda\u015f\u0131 olmad\u0131\u011f\u0131m i\u00e7in ben ve benim gibi \u00f6\u011frencilere biraz daha pahal\u0131 olacak. Manhattan, ya\u015famak ve e\u011fitim almak i\u00e7in pahal\u0131 bir \u015fehir. Umar\u0131m iyi bir e\u011fitim bursu da bulabilirim. Sevincimi ve heyecan\u0131m\u0131 benimle payla\u015fan herkese te\u015fekk\u00fcr ederim&#8221; diye konu\u015ftu.<\/p>\n\n\n\n<p>Annesi Nazan I\u015f\u0131l, \u201cSeninle gurur duyuyorum Elifim. Yolun daima a\u00e7\u0131k olsun&#8221; s\u00f6zleriyle mutlulu\u011funu payla\u015ft\u0131. Bu okula Rusya, \u00c7in ve Avrupa \u00fclkeleri ba\u015fta olmak \u00fczere d\u00fcnyan\u0131n her yerinden binlerce ba\u015fvuru oldu\u011funu belirten Nazan I\u015f\u0131l, \u201cBa\u015fvuru etab\u0131 bile \u00e7ok zor, kay\u0131t i\u00e7in bir\u00e7ok video g\u00f6nderiliyor. Elif pandemi nedeniyle tamamen ev ortam\u0131nda kay\u0131tlar g\u00f6nderdi. Hatta piyanosunun bir tu\u015fu tak\u0131l\u0131yordu ve bu nedenle \u00e7ok \u00fcz\u00fcl\u00fcyordu. Ancak ba\u015fvurusu kabul edildi. N\u00f6robilim alan\u0131nda da ba\u015fvurular\u0131 oldu, ancak iki e\u011fitimi de ayn\u0131 \u00fcniversitede alabilme imkan\u0131 olmad\u0131\u011f\u0131ndan m\u00fczikle devam etme karar\u0131 ald\u0131 ve n\u00f6robilimi gelecek sezona b\u0131rakt\u0131&#8221; dedi.<\/p>\n","protected":false},"excerpt":{"rendered":"<p>Antalya&#8217;da \u00fcst\u00fcn yetenekli ve dahi \u00f6\u011frencilerin gitti\u011fi B\u0130LSEM&#8217;de e\u011fitim g\u00f6ren Elif I\u015f\u0131l Karaka\u015f (18), Teksas Eyaleti Senfoni Orkestras\u0131&#8217;n\u0131n piyano yar\u0131\u015fmas\u0131nda birinci oldu.\u00a0 Antalyal\u0131\u00a0Elif I\u015f\u0131l Karaka\u015f, 4\u2019\u00fcnc\u00fc s\u0131n\u0131f \u00f6\u011frencisiyken, dahi ve \u00fcst\u00fcn yetenekli \u00e7ocuklara alanlar\u0131nda \u00f6zel e\u011fitim verilen\u00a0B\u0130LSEM&#8217;de ke\u015ffedildi. Elif I\u015f\u0131l, ge\u00e7en y\u0131la kadar yakla\u015f\u0131k 4 y\u0131l B\u0130LSEM&#8217;in m\u00fczik b\u00f6l\u00fcm\u00fcnde piyano e\u011fitimi ald\u0131. Elif I\u015f\u0131l, 2017 [&hellip;]<\/p>\n","protected":false},"author":12791,"featured_media":134487,"comment_status":"closed","ping_status":"open","sticky":false,"template":"","format":"standard","meta":{"_yoast_wpseo_focuskw":"","_yoast_wpseo_title":"","_yoast_wpseo_metadesc":"","_bbp_topic_count":0,"_bbp_reply_count":0,"_bbp_total_topic_count":0,"_bbp_total_reply_count":0,"_bbp_voice_count":0,"_bbp_anonymous_reply_count":0,"_bbp_topic_count_hidden":0,"_bbp_reply_count_hidden":0,"_bbp_forum_subforum_count":0,"footnotes":"","_yoast_wpseo_focuskw_text_input":""},"categories":[1,37],"tags":[],"yoast_head":"<!-- This site is optimized with the Yoast SEO plugin v23.0 - https:\/\/yoast.com\/wordpress\/plugins\/seo\/ -->\n<title>Elif I\u015f\u0131l T\u00fcrkiye&#039;nin Gururu Oldu - The Epoch Times TR<\/title>\n<meta name=\"robots\" content=\"index, follow, max-snippet:-1, max-image-preview:large, max-video-preview:-1\" \/>\n<link rel=\"canonical\" href=\"https:\/\/epochtimestr.com\/index.php\/elif-isil-turkiyenin-gururu-oldu\" \/>\n<meta property=\"og:locale\" content=\"tr_TR\" \/>\n<meta property=\"og:type\" content=\"article\" \/>\n<meta property=\"og:title\" content=\"Elif I\u015f\u0131l T\u00fcrkiye&#039;nin Gururu Oldu - The Epoch Times TR\" \/>\n<meta property=\"og:description\" content=\"Antalya&#8217;da \u00fcst\u00fcn yetenekli ve dahi \u00f6\u011frencilerin gitti\u011fi B\u0130LSEM&#8217;de e\u011fitim g\u00f6ren Elif I\u015f\u0131l Karaka\u015f (18), Teksas Eyaleti Senfoni Orkestras\u0131&#8217;n\u0131n piyano yar\u0131\u015fmas\u0131nda birinci oldu.\u00a0 Antalyal\u0131\u00a0Elif I\u015f\u0131l Karaka\u015f, 4\u2019\u00fcnc\u00fc s\u0131n\u0131f \u00f6\u011frencisiyken, dahi ve \u00fcst\u00fcn yetenekli \u00e7ocuklara alanlar\u0131nda \u00f6zel e\u011fitim verilen\u00a0B\u0130LSEM&#8217;de ke\u015ffedildi. Elif I\u015f\u0131l, ge\u00e7en y\u0131la kadar yakla\u015f\u0131k 4 y\u0131l B\u0130LSEM&#8217;in m\u00fczik b\u00f6l\u00fcm\u00fcnde piyano e\u011fitimi ald\u0131. Elif I\u015f\u0131l, 2017 [&hellip;]\" \/>\n<meta property=\"og:url\" content=\"https:\/\/epochtimestr.com\/index.php\/elif-isil-turkiyenin-gururu-oldu\" \/>\n<meta property=\"og:site_name\" content=\"The Epoch Times TR\" \/>\n<meta property=\"article:publisher\" content=\"https:\/\/www.facebook.com\/theepochtimestr\" \/>\n<meta property=\"article:published_time\" content=\"2021-04-22T09:10:57+00:00\" \/>\n<meta property=\"article:modified_time\" content=\"2021-04-22T09:11:00+00:00\" \/>\n<meta property=\"og:image\" content=\"https:\/\/epochtimestr.com\/wp-content\/uploads\/2011y\/Elif-I\u015f\u0131l-Istagram-1.png\" \/>\n\t<meta property=\"og:image:width\" content=\"872\" \/>\n\t<meta property=\"og:image:height\" content=\"548\" \/>\n\t<meta property=\"og:image:type\" content=\"image\/png\" \/>\n<meta name=\"author\" content=\"Haber Merkezi\" \/>\n<meta name=\"twitter:card\" content=\"summary_large_image\" \/>\n<meta name=\"twitter:creator\" content=\"@TheEpochTimesTR\" \/>\n<meta name=\"twitter:site\" content=\"@TheEpochTimesTR\" \/>\n<meta name=\"twitter:label1\" content=\"Yazan:\" \/>\n\t<meta name=\"twitter:data1\" content=\"Haber Merkezi\" \/>\n\t<meta name=\"twitter:label2\" content=\"Tahmini okuma s\u00fcresi\" \/>\n\t<meta name=\"twitter:data2\" content=\"2 dakika\" \/>\n<script type=\"application\/ld+json\" class=\"yoast-schema-graph\">{\"@context\":\"https:\/\/schema.org\",\"@graph\":[{\"@type\":\"Article\",\"@id\":\"https:\/\/epochtimestr.com\/index.php\/elif-isil-turkiyenin-gururu-oldu#article\",\"isPartOf\":{\"@id\":\"https:\/\/epochtimestr.com\/index.php\/elif-isil-turkiyenin-gururu-oldu\"},\"author\":{\"name\":\"Haber Merkezi\",\"@id\":\"https:\/\/epochtimestr.com\/#\/schema\/person\/3dc5c3adeb9f43923c5aa85889172fdd\"},\"headline\":\"Elif I\u015f\u0131l T\u00fcrkiye&#8217;nin Gururu Oldu\",\"datePublished\":\"2021-04-22T09:10:57+00:00\",\"dateModified\":\"2021-04-22T09:11:00+00:00\",\"mainEntityOfPage\":{\"@id\":\"https:\/\/epochtimestr.com\/index.php\/elif-isil-turkiyenin-gururu-oldu\"},\"wordCount\":501,\"publisher\":{\"@id\":\"https:\/\/epochtimestr.com\/#organization\"},\"image\":{\"@id\":\"https:\/\/epochtimestr.com\/index.php\/elif-isil-turkiyenin-gururu-oldu#primaryimage\"},\"thumbnailUrl\":\"https:\/\/epochtimestr.com\/wp-content\/uploads\/2011y\/Elif-I\u015f\u0131l-Istagram-1.png\",\"articleSection\":[\"G\u00dcNDEM\",\"T\u00dcRK\u0130YE\"],\"inLanguage\":\"tr\"},{\"@type\":\"WebPage\",\"@id\":\"https:\/\/epochtimestr.com\/index.php\/elif-isil-turkiyenin-gururu-oldu\",\"url\":\"https:\/\/epochtimestr.com\/index.php\/elif-isil-turkiyenin-gururu-oldu\",\"name\":\"Elif I\u015f\u0131l T\u00fcrkiye'nin Gururu Oldu - The Epoch Times TR\",\"isPartOf\":{\"@id\":\"https:\/\/epochtimestr.com\/#website\"},\"primaryImageOfPage\":{\"@id\":\"https:\/\/epochtimestr.com\/index.php\/elif-isil-turkiyenin-gururu-oldu#primaryimage\"},\"image\":{\"@id\":\"https:\/\/epochtimestr.com\/index.php\/elif-isil-turkiyenin-gururu-oldu#primaryimage\"},\"thumbnailUrl\":\"https:\/\/epochtimestr.com\/wp-content\/uploads\/2011y\/Elif-I\u015f\u0131l-Istagram-1.png\",\"datePublished\":\"2021-04-22T09:10:57+00:00\",\"dateModified\":\"2021-04-22T09:11:00+00:00\",\"inLanguage\":\"tr\",\"potentialAction\":[{\"@type\":\"ReadAction\",\"target\":[\"https:\/\/epochtimestr.com\/index.php\/elif-isil-turkiyenin-gururu-oldu\"]}]},{\"@type\":\"ImageObject\",\"inLanguage\":\"tr\",\"@id\":\"https:\/\/epochtimestr.com\/index.php\/elif-isil-turkiyenin-gururu-oldu#primaryimage\",\"url\":\"https:\/\/epochtimestr.com\/wp-content\/uploads\/2011y\/Elif-I\u015f\u0131l-Istagram-1.png\",\"contentUrl\":\"https:\/\/epochtimestr.com\/wp-content\/uploads\/2011y\/Elif-I\u015f\u0131l-Istagram-1.png\",\"width\":872,\"height\":548},{\"@type\":\"WebSite\",\"@id\":\"https:\/\/epochtimestr.com\/#website\",\"url\":\"https:\/\/epochtimestr.com\/\",\"name\":\"The Epoch Times TR\",\"description\":\"De\u011fi\u015fen D\u00fcnyam\u0131za Taze Bir Bak\u0131\u015f\",\"publisher\":{\"@id\":\"https:\/\/epochtimestr.com\/#organization\"},\"potentialAction\":[{\"@type\":\"SearchAction\",\"target\":{\"@type\":\"EntryPoint\",\"urlTemplate\":\"https:\/\/epochtimestr.com\/?s={search_term_string}\"},\"query-input\":\"required name=search_term_string\"}],\"inLanguage\":\"tr\"},{\"@type\":\"Organization\",\"@id\":\"https:\/\/epochtimestr.com\/#organization\",\"name\":\"The EpochTimes T\u00fcrkiye\",\"url\":\"https:\/\/epochtimestr.com\/\",\"logo\":{\"@type\":\"ImageObject\",\"inLanguage\":\"tr\",\"@id\":\"https:\/\/epochtimestr.com\/#\/schema\/logo\/image\/\",\"url\":\"https:\/\/epochtimestr.com\/wp-content\/uploads\/2011y\/ET-Logo-YG.jpg\",\"contentUrl\":\"https:\/\/epochtimestr.com\/wp-content\/uploads\/2011y\/ET-Logo-YG.jpg\",\"width\":346,\"height\":29,\"caption\":\"The EpochTimes T\u00fcrkiye\"},\"image\":{\"@id\":\"https:\/\/epochtimestr.com\/#\/schema\/logo\/image\/\"},\"sameAs\":[\"https:\/\/www.facebook.com\/theepochtimestr\",\"https:\/\/x.com\/TheEpochTimesTR\",\"https:\/\/www.instagram.com\/epochtimestr\"]},{\"@type\":\"Person\",\"@id\":\"https:\/\/epochtimestr.com\/#\/schema\/person\/3dc5c3adeb9f43923c5aa85889172fdd\",\"name\":\"Haber Merkezi\",\"image\":{\"@type\":\"ImageObject\",\"inLanguage\":\"tr\",\"@id\":\"https:\/\/epochtimestr.com\/#\/schema\/person\/image\/\",\"url\":\"https:\/\/secure.gravatar.com\/avatar\/d73f772ba5a74f28601361e17c2f93e6?s=96&d=mm&r=g\",\"contentUrl\":\"https:\/\/secure.gravatar.com\/avatar\/d73f772ba5a74f28601361e17c2f93e6?s=96&d=mm&r=g\",\"caption\":\"Haber Merkezi\"},\"url\":\"https:\/\/epochtimestr.com\/index.php\/author\/sendag\"}]}<\/script>\n<!-- \/ Yoast SEO plugin. -->","yoast_head_json":{"title":"Elif I\u015f\u0131l T\u00fcrkiye'nin Gururu Oldu - The Epoch Times TR","robots":{"index":"index","follow":"follow","max-snippet":"max-snippet:-1","max-image-preview":"max-image-preview:large","max-video-preview":"max-video-preview:-1"},"canonical":"https:\/\/epochtimestr.com\/index.php\/elif-isil-turkiyenin-gururu-oldu","og_locale":"tr_TR","og_type":"article","og_title":"Elif I\u015f\u0131l T\u00fcrkiye'nin Gururu Oldu - The Epoch Times TR","og_description":"Antalya&#8217;da \u00fcst\u00fcn yetenekli ve dahi \u00f6\u011frencilerin gitti\u011fi B\u0130LSEM&#8217;de e\u011fitim g\u00f6ren Elif I\u015f\u0131l Karaka\u015f (18), Teksas Eyaleti Senfoni Orkestras\u0131&#8217;n\u0131n piyano yar\u0131\u015fmas\u0131nda birinci oldu.\u00a0 Antalyal\u0131\u00a0Elif I\u015f\u0131l Karaka\u015f, 4\u2019\u00fcnc\u00fc s\u0131n\u0131f \u00f6\u011frencisiyken, dahi ve \u00fcst\u00fcn yetenekli \u00e7ocuklara alanlar\u0131nda \u00f6zel e\u011fitim verilen\u00a0B\u0130LSEM&#8217;de ke\u015ffedildi. Elif I\u015f\u0131l, ge\u00e7en y\u0131la kadar yakla\u015f\u0131k 4 y\u0131l B\u0130LSEM&#8217;in m\u00fczik b\u00f6l\u00fcm\u00fcnde piyano e\u011fitimi ald\u0131. Elif I\u015f\u0131l, 2017 [&hellip;]","og_url":"https:\/\/epochtimestr.com\/index.php\/elif-isil-turkiyenin-gururu-oldu","og_site_name":"The Epoch Times TR","article_publisher":"https:\/\/www.facebook.com\/theepochtimestr","article_published_time":"2021-04-22T09:10:57+00:00","article_modified_time":"2021-04-22T09:11:00+00:00","og_image":[{"width":872,"height":548,"url":"https:\/\/epochtimestr.com\/wp-content\/uploads\/2011y\/Elif-I\u015f\u0131l-Istagram-1.png","type":"image\/png"}],"author":"Haber Merkezi","twitter_card":"summary_large_image","twitter_creator":"@TheEpochTimesTR","twitter_site":"@TheEpochTimesTR","twitter_misc":{"Yazan:":"Haber Merkezi","Tahmini okuma s\u00fcresi":"2 dakika"},"schema":{"@context":"https:\/\/schema.org","@graph":[{"@type":"Article","@id":"https:\/\/epochtimestr.com\/index.php\/elif-isil-turkiyenin-gururu-oldu#article","isPartOf":{"@id":"https:\/\/epochtimestr.com\/index.php\/elif-isil-turkiyenin-gururu-oldu"},"author":{"name":"Haber Merkezi","@id":"https:\/\/epochtimestr.com\/#\/schema\/person\/3dc5c3adeb9f43923c5aa85889172fdd"},"headline":"Elif I\u015f\u0131l T\u00fcrkiye&#8217;nin Gururu Oldu","datePublished":"2021-04-22T09:10:57+00:00","dateModified":"2021-04-22T09:11:00+00:00","mainEntityOfPage":{"@id":"https:\/\/epochtimestr.com\/index.php\/elif-isil-turkiyenin-gururu-oldu"},"wordCount":501,"publisher":{"@id":"https:\/\/epochtimestr.com\/#organization"},"image":{"@id":"https:\/\/epochtimestr.com\/index.php\/elif-isil-turkiyenin-gururu-oldu#primaryimage"},"thumbnailUrl":"https:\/\/epochtimestr.com\/wp-content\/uploads\/2011y\/Elif-I\u015f\u0131l-Istagram-1.png","articleSection":["G\u00dcNDEM","T\u00dcRK\u0130YE"],"inLanguage":"tr"},{"@type":"WebPage","@id":"https:\/\/epochtimestr.com\/index.php\/elif-isil-turkiyenin-gururu-oldu","url":"https:\/\/epochtimestr.com\/index.php\/elif-isil-turkiyenin-gururu-oldu","name":"Elif I\u015f\u0131l T\u00fcrkiye'nin Gururu Oldu - The Epoch Times TR","isPartOf":{"@id":"https:\/\/epochtimestr.com\/#website"},"primaryImageOfPage":{"@id":"https:\/\/epochtimestr.com\/index.php\/elif-isil-turkiyenin-gururu-oldu#primaryimage"},"image":{"@id":"https:\/\/epochtimestr.com\/index.php\/elif-isil-turkiyenin-gururu-oldu#primaryimage"},"thumbnailUrl":"https:\/\/epochtimestr.com\/wp-content\/uploads\/2011y\/Elif-I\u015f\u0131l-Istagram-1.png","datePublished":"2021-04-22T09:10:57+00:00","dateModified":"2021-04-22T09:11:00+00:00","inLanguage":"tr","potentialAction":[{"@type":"ReadAction","target":["https:\/\/epochtimestr.com\/index.php\/elif-isil-turkiyenin-gururu-oldu"]}]},{"@type":"ImageObject","inLanguage":"tr","@id":"https:\/\/epochtimestr.com\/index.php\/elif-isil-turkiyenin-gururu-oldu#primaryimage","url":"https:\/\/epochtimestr.com\/wp-content\/uploads\/2011y\/Elif-I\u015f\u0131l-Istagram-1.png","contentUrl":"https:\/\/epochtimestr.com\/wp-content\/uploads\/2011y\/Elif-I\u015f\u0131l-Istagram-1.png","width":872,"height":548},{"@type":"WebSite","@id":"https:\/\/epochtimestr.com\/#website","url":"https:\/\/epochtimestr.com\/","name":"The Epoch Times TR","description":"De\u011fi\u015fen D\u00fcnyam\u0131za Taze Bir Bak\u0131\u015f","publisher":{"@id":"https:\/\/epochtimestr.com\/#organization"},"potentialAction":[{"@type":"SearchAction","target":{"@type":"EntryPoint","urlTemplate":"https:\/\/epochtimestr.com\/?s={search_term_string}"},"query-input":"required name=search_term_string"}],"inLanguage":"tr"},{"@type":"Organization","@id":"https:\/\/epochtimestr.com\/#organization","name":"The EpochTimes T\u00fcrkiye","url":"https:\/\/epochtimestr.com\/","logo":{"@type":"ImageObject","inLanguage":"tr","@id":"https:\/\/epochtimestr.com\/#\/schema\/logo\/image\/","url":"https:\/\/epochtimestr.com\/wp-content\/uploads\/2011y\/ET-Logo-YG.jpg","contentUrl":"https:\/\/epochtimestr.com\/wp-content\/uploads\/2011y\/ET-Logo-YG.jpg","width":346,"height":29,"caption":"The EpochTimes T\u00fcrkiye"},"image":{"@id":"https:\/\/epochtimestr.com\/#\/schema\/logo\/image\/"},"sameAs":["https:\/\/www.facebook.com\/theepochtimestr","https:\/\/x.com\/TheEpochTimesTR","https:\/\/www.instagram.com\/epochtimestr"]},{"@type":"Person","@id":"https:\/\/epochtimestr.com\/#\/schema\/person\/3dc5c3adeb9f43923c5aa85889172fdd","name":"Haber Merkezi","image":{"@type":"ImageObject","inLanguage":"tr","@id":"https:\/\/epochtimestr.com\/#\/schema\/person\/image\/","url":"https:\/\/secure.gravatar.com\/avatar\/d73f772ba5a74f28601361e17c2f93e6?s=96&d=mm&r=g","contentUrl":"https:\/\/secure.gravatar.com\/avatar\/d73f772ba5a74f28601361e17c2f93e6?s=96&d=mm&r=g","caption":"Haber Merkezi"},"url":"https:\/\/epochtimestr.com\/index.php\/author\/sendag"}]}},"_links":{"self":[{"href":"https:\/\/epochtimestr.com\/index.php\/wp-json\/wp\/v2\/posts\/134485"}],"collection":[{"href":"https:\/\/epochtimestr.com\/index.php\/wp-json\/wp\/v2\/posts"}],"about":[{"href":"https:\/\/epochtimestr.com\/index.php\/wp-json\/wp\/v2\/types\/post"}],"author":[{"embeddable":true,"href":"https:\/\/epochtimestr.com\/index.php\/wp-json\/wp\/v2\/users\/12791"}],"replies":[{"embeddable":true,"href":"https:\/\/epochtimestr.com\/index.php\/wp-json\/wp\/v2\/comments?post=134485"}],"version-history":[{"count":1,"href":"https:\/\/epochtimestr.com\/index.php\/wp-json\/wp\/v2\/posts\/134485\/revisions"}],"predecessor-version":[{"id":134488,"href":"https:\/\/epochtimestr.com\/index.php\/wp-json\/wp\/v2\/posts\/134485\/revisions\/134488"}],"wp:featuredmedia":[{"embeddable":true,"href":"https:\/\/epochtimestr.com\/index.php\/wp-json\/wp\/v2\/media\/134487"}],"wp:attachment":[{"href":"https:\/\/epochtimestr.com\/index.php\/wp-json\/wp\/v2\/media?parent=134485"}],"wp:term":[{"taxonomy":"category","embeddable":true,"href":"https:\/\/epochtimestr.com\/index.php\/wp-json\/wp\/v2\/categories?post=134485"},{"taxonomy":"post_tag","embeddable":true,"href":"https:\/\/epochtimestr.com\/index.php\/wp-json\/wp\/v2\/tags?post=134485"}],"curies":[{"name":"wp","href":"https:\/\/api.w.org\/{rel}","templated":true}]}}