{"id":136112,"date":"2021-08-08T13:06:45","date_gmt":"2021-08-08T10:06:45","guid":{"rendered":"https:\/\/epochtimestr.com\/?p=136112"},"modified":"2021-08-08T13:06:46","modified_gmt":"2021-08-08T10:06:46","slug":"peker-yeni-tweet-dizisi-ile-yine-pek-cok-karanlik-iliskiyi-desifre-etti","status":"publish","type":"post","link":"https:\/\/epochtimestr.com\/index.php\/peker-yeni-tweet-dizisi-ile-yine-pek-cok-karanlik-iliskiyi-desifre-etti","title":{"rendered":"Peker Yeni Tweet Dizisi ile Yine Pek \u00c7ok Karanl\u0131k \u0130li\u015fkiyi De\u015fifre Etti"},"content":{"rendered":"\n<div class=\"wp-block-image\"><figure class=\"aligncenter size-large\"><img loading=\"lazy\" decoding=\"async\" width=\"600\" height=\"310\" src=\"https:\/\/epochtimestr.com\/wp-content\/uploads\/2011y\/Sedat-Peker-9-600x310.png\" alt=\"\" class=\"wp-image-135234\" srcset=\"https:\/\/epochtimestr.com\/wp-content\/uploads\/2011y\/Sedat-Peker-9-600x310.png 600w, https:\/\/epochtimestr.com\/wp-content\/uploads\/2011y\/Sedat-Peker-9-300x155.png 300w, https:\/\/epochtimestr.com\/wp-content\/uploads\/2011y\/Sedat-Peker-9-150x77.png 150w, https:\/\/epochtimestr.com\/wp-content\/uploads\/2011y\/Sedat-Peker-9-768x396.png 768w, https:\/\/epochtimestr.com\/wp-content\/uploads\/2011y\/Sedat-Peker-9.png 1347w\" sizes=\"(max-width: 600px) 100vw, 600px\" \/><figcaption>(Foto\u011fraf: Sedat Peker&#8217;in 9. videosundan al\u0131nan ekran g\u00f6r\u00fcnt\u00fcs\u00fc)<\/figcaption><\/figure><\/div>\n\n\n\n<p>Hakk\u0131nda organize su\u00e7 \u00f6rg\u00fct\u00fc y\u00f6neticisi iddias\u0131yla soru\u015fturma a\u00e7\u0131lan ama halk\u0131n b\u00fcy\u00fck bir \u00e7o\u011funlu\u011fu taraf\u0131ndan bir kurtar\u0131c\u0131 g\u00f6z\u00fcyle bak\u0131lan Sedat Peker uzun bir s\u00fcrenin ard\u0131ndan yay\u0131nlad\u0131\u011f\u0131 tweetleri ile yine g\u00fcndemi sarst\u0131. 50 tweetlik bir flood yay\u0131nlayan Peker, yeni tweet serisinde Burhan Kuzu\u2019nun siyasi g\u00fcc\u00fcn\u00fc nas\u0131l k\u00f6t\u00fcye kulland\u0131\u011f\u0131n\u0131 anlatarak ge\u00e7mi\u015fte bas\u0131na yans\u0131yan uyu\u015fturucu baronu Zinda\u015fti ile olan karanl\u0131k ili\u015fkiler a\u011f\u0131n\u0131 ortaya koydu. Tweetlerinde Burhan Kuzu ile AKP eski Be\u015fikta\u015f Kad\u0131n Kollar\u0131 Ba\u015fkan Yard\u0131mc\u0131s\u0131 Aliye Uzun&#8217;un ili\u015fkilerini ve ayr\u0131ca Zinda\u015fti dosyas\u0131nda ad\u0131 ge\u00e7en ve ABD Uyu\u015fturucu ile M\u00fccadele Dairesi kay\u0131tlar\u0131nda uluslararas\u0131 uyu\u015fturucu baronu olarak ad\u0131 ge\u00e7en Orhan \u00dcngan ile ili\u015fkilerini de\u015fifre eden Peker, Kuzu\u2019nun para kar\u015f\u0131l\u0131\u011f\u0131nda bu ki\u015filerin kirli i\u015flerini nas\u0131l halletti\u011fini aktard\u0131.<\/p>\n\n\n\n<p><strong>S\u00fcleyman Soylu ve Burhan Kuzu ili\u015fkisi<\/strong><\/p>\n\n\n\n<p>Peker, Burhan Kuzu b\u00fct\u00fcn bu kirli i\u015flerini s\u00fcrd\u00fcr\u00fcrken S\u00fcleyman Soylu\u2019nun AKP\u2019ye kendini kabul ettirebilmek i\u00e7in Burhan Kuzu\u2019nun b\u00fct\u00fcn bu i\u015flerine sessiz kald\u0131\u011f\u0131n\u0131 \u00a0ifade etti. Peker yay\u0131nlad\u0131\u011f\u0131 24, 25,26 ve 27. tweetlerde konu ile ilgili Soylu&#8217;nun Burhan Kuzu&#8217;nun pek \u00e7ok i\u015fine AK Parti&#8217;de kabul g\u00f6rebilmek i\u00e7in sessiz kald\u0131\u011f\u0131n\u0131 aktard\u0131 ve \u015fu ifadelerde bulundu; \u201c&#8230;Ak Parti\u2019de kabul g\u00f6rebilmek i\u00e7in Burhan Kuzu\u2019nun deste\u011fini alabilmek ad\u0131na bu olaylara olur vermesiydi. \u00d6yle ya, kendisi Tayyip Bey\u2019den sonra Cumhurba\u015fkan\u0131 olacakt\u0131. s\u00fcsl\u00fc s\u00fcleyman\u0131n deyimiyle Kendimi halka sevdirdim, devlet b\u00fcrokrasisine kendimi kabul ettirdim ancak bir t\u00fcrl\u00fc Ak Parti\u2019ye kendimi kabul ettiremedim olgusunu de\u011fi\u015ftirmek i\u00e7in Burhan Kuzu\u2019nun ba\u015frol\u00fcn\u00fc oynad\u0131\u011f\u0131 t\u00fcm bu su\u00e7lara ve anlataca\u011f\u0131m di\u011fer su\u00e7lara sessiz kald\u0131.\u201d<\/p>\n\n\n\n<p><strong>Burhan Kuzu\u2019nun kirli i\u015fleri<\/strong><\/p>\n\n\n\n<p>Peker daha sonra Burhan Kuzu\u2019yu a\u011flar\u0131na d\u00fc\u015f\u00fcren bir grubun kendilerine kredi \u00e7\u0131karabilmek i\u00e7in Burhan Kuzu\u2019yu nas\u0131l y\u00f6nlendirdiklerini aktard\u0131. Paker, ayr\u0131ca \u00a0OYAK\u2019a bir yer satt\u0131rabilmek i\u00e7in Kuzu\u2019nun nas\u0131l devreye girdi\u011fini ve bir Ziraat Bankas\u0131 \u00fcst d\u00fczey y\u00f6neticisi ile yapt\u0131\u011f\u0131 telefon konu\u015fmas\u0131n\u0131n ses kayd\u0131n\u0131 yay\u0131nlad\u0131. Ayr\u0131ca tan\u0131nan bir milyonerin devam eden davas\u0131 i\u00e7in ki\u015fiye nas\u0131l sa\u011flam raporu ald\u0131rd\u0131\u011f\u0131n\u0131 ve bunu Cumhurba\u015fkanl\u0131\u011f\u0131ndaki g\u00f6revi sayesinde telefonlar\u0131n\u0131 Cumhurba\u015fkanl\u0131\u011f\u0131 \u0130leti\u015fim Dairesinden ba\u011flatarak nas\u0131l ba\u015fard\u0131\u011f\u0131n\u0131 ifade etti. Peker bu konuyla ilgili delil olarak da ekran g\u00f6r\u00fcnt\u00fcs\u00fcn\u00fc payla\u015ft\u0131\u011f\u0131 WhatsApp yaz\u0131\u015fmalar\u0131n\u0131 yay\u0131nlad\u0131 ve HTS kay\u0131tlar\u0131n\u0131 i\u015faret etti.<\/p>\n\n\n\n<p><strong>Aleyna \u00c7ak\u0131r ve Yeldana Kaharman davalar\u0131<\/strong><\/p>\n\n\n\n<p>Peker son tweetlerinde de Ak Parti milletvekili Tolga A\u011far taraf\u0131ndan tecav\u00fcze u\u011fray\u0131p intihar etti\u011fi iddia edilen Yeldana Kaharman ve \u00f6l\u00fcm\u00fcnden \u00dcmitcan Uygun\u2019un sorumlu oldu\u011fu iddia edilen Aleyna \u00c7ak\u0131r davalar\u0131nda da hi\u00e7bir su\u00e7lunun ceza almayaca\u011f\u0131n\u0131 s\u00f6yledi. Bu davalar konusunda Burhan Kuzu olay\u0131n\u0131 \u00f6rnek g\u00f6steren Peker, adli t\u0131p raporu gerekli \u015fekilde haz\u0131rland\u0131ktan sonra su\u00e7lular\u0131n serbest kalaca\u011f\u0131n\u0131 ifade ederek, Yeldana Kaharman olay\u0131nda Tolga A\u011far\u2019\u0131 kurtarmak i\u00e7in gerekli adli t\u0131p raporunun hemen haz\u0131rland\u0131\u011f\u0131n\u0131 ve Aleyna \u00c7ak\u0131r davas\u0131 i\u00e7in de \u00dcmitcan Uygun\u2019un babas\u0131n\u0131n S\u00fcleyman Soylu ile arkada\u015fl\u0131\u011f\u0131 sayesinde ayn\u0131 \u015fekilde raporun haz\u0131rlanaca\u011f\u0131n\u0131 iddia etti.<\/p>\n","protected":false},"excerpt":{"rendered":"<p>Hakk\u0131nda organize su\u00e7 \u00f6rg\u00fct\u00fc y\u00f6neticisi iddias\u0131yla soru\u015fturma a\u00e7\u0131lan ama halk\u0131n b\u00fcy\u00fck bir \u00e7o\u011funlu\u011fu taraf\u0131ndan bir kurtar\u0131c\u0131 g\u00f6z\u00fcyle bak\u0131lan Sedat Peker uzun bir s\u00fcrenin ard\u0131ndan yay\u0131nlad\u0131\u011f\u0131 tweetleri ile yine g\u00fcndemi sarst\u0131. 50 tweetlik bir flood yay\u0131nlayan Peker, yeni tweet serisinde Burhan Kuzu\u2019nun siyasi g\u00fcc\u00fcn\u00fc nas\u0131l k\u00f6t\u00fcye kulland\u0131\u011f\u0131n\u0131 anlatarak ge\u00e7mi\u015fte bas\u0131na yans\u0131yan uyu\u015fturucu baronu Zinda\u015fti ile olan [&hellip;]<\/p>\n","protected":false},"author":22,"featured_media":135234,"comment_status":"closed","ping_status":"open","sticky":false,"template":"","format":"standard","meta":{"_yoast_wpseo_focuskw":"","_yoast_wpseo_title":"","_yoast_wpseo_metadesc":"","_bbp_topic_count":0,"_bbp_reply_count":0,"_bbp_total_topic_count":0,"_bbp_total_reply_count":0,"_bbp_voice_count":0,"_bbp_anonymous_reply_count":0,"_bbp_topic_count_hidden":0,"_bbp_reply_count_hidden":0,"_bbp_forum_subforum_count":0,"footnotes":"","_yoast_wpseo_focuskw_text_input":""},"categories":[1,37],"tags":[],"yoast_head":"<!-- This site is optimized with the Yoast SEO plugin v23.0 - https:\/\/yoast.com\/wordpress\/plugins\/seo\/ -->\n<title>Peker Yeni Tweet Dizisi ile Yine Pek \u00c7ok Karanl\u0131k \u0130li\u015fkiyi De\u015fifre Etti - The Epoch Times TR<\/title>\n<meta name=\"robots\" content=\"index, follow, max-snippet:-1, max-image-preview:large, max-video-preview:-1\" \/>\n<link rel=\"canonical\" href=\"https:\/\/epochtimestr.com\/index.php\/peker-yeni-tweet-dizisi-ile-yine-pek-cok-karanlik-iliskiyi-desifre-etti\" \/>\n<meta property=\"og:locale\" content=\"tr_TR\" \/>\n<meta property=\"og:type\" content=\"article\" \/>\n<meta property=\"og:title\" content=\"Peker Yeni Tweet Dizisi ile Yine Pek \u00c7ok Karanl\u0131k \u0130li\u015fkiyi De\u015fifre Etti - The Epoch Times TR\" \/>\n<meta property=\"og:description\" content=\"Hakk\u0131nda organize su\u00e7 \u00f6rg\u00fct\u00fc y\u00f6neticisi iddias\u0131yla soru\u015fturma a\u00e7\u0131lan ama halk\u0131n b\u00fcy\u00fck bir \u00e7o\u011funlu\u011fu taraf\u0131ndan bir kurtar\u0131c\u0131 g\u00f6z\u00fcyle bak\u0131lan Sedat Peker uzun bir s\u00fcrenin ard\u0131ndan yay\u0131nlad\u0131\u011f\u0131 tweetleri ile yine g\u00fcndemi sarst\u0131. 50 tweetlik bir flood yay\u0131nlayan Peker, yeni tweet serisinde Burhan Kuzu\u2019nun siyasi g\u00fcc\u00fcn\u00fc nas\u0131l k\u00f6t\u00fcye kulland\u0131\u011f\u0131n\u0131 anlatarak ge\u00e7mi\u015fte bas\u0131na yans\u0131yan uyu\u015fturucu baronu Zinda\u015fti ile olan [&hellip;]\" \/>\n<meta property=\"og:url\" content=\"https:\/\/epochtimestr.com\/index.php\/peker-yeni-tweet-dizisi-ile-yine-pek-cok-karanlik-iliskiyi-desifre-etti\" \/>\n<meta property=\"og:site_name\" content=\"The Epoch Times TR\" \/>\n<meta property=\"article:publisher\" content=\"https:\/\/www.facebook.com\/theepochtimestr\" \/>\n<meta property=\"article:published_time\" content=\"2021-08-08T10:06:45+00:00\" \/>\n<meta property=\"article:modified_time\" content=\"2021-08-08T10:06:46+00:00\" \/>\n<meta property=\"og:image\" content=\"https:\/\/epochtimestr.com\/wp-content\/uploads\/2011y\/Sedat-Peker-9.png\" \/>\n\t<meta property=\"og:image:width\" content=\"1347\" \/>\n\t<meta property=\"og:image:height\" content=\"695\" \/>\n\t<meta property=\"og:image:type\" content=\"image\/png\" \/>\n<meta name=\"author\" content=\"G.Hakan Ko\u00e7man\" \/>\n<meta name=\"twitter:card\" content=\"summary_large_image\" \/>\n<meta name=\"twitter:creator\" content=\"@TheEpochTimesTR\" \/>\n<meta name=\"twitter:site\" content=\"@TheEpochTimesTR\" \/>\n<meta name=\"twitter:label1\" content=\"Yazan:\" \/>\n\t<meta name=\"twitter:data1\" content=\"G.Hakan Ko\u00e7man\" \/>\n\t<meta name=\"twitter:label2\" content=\"Tahmini okuma s\u00fcresi\" \/>\n\t<meta name=\"twitter:data2\" content=\"3 dakika\" \/>\n<script type=\"application\/ld+json\" class=\"yoast-schema-graph\">{\"@context\":\"https:\/\/schema.org\",\"@graph\":[{\"@type\":\"Article\",\"@id\":\"https:\/\/epochtimestr.com\/index.php\/peker-yeni-tweet-dizisi-ile-yine-pek-cok-karanlik-iliskiyi-desifre-etti#article\",\"isPartOf\":{\"@id\":\"https:\/\/epochtimestr.com\/index.php\/peker-yeni-tweet-dizisi-ile-yine-pek-cok-karanlik-iliskiyi-desifre-etti\"},\"author\":{\"name\":\"G.Hakan Ko\u00e7man\",\"@id\":\"https:\/\/epochtimestr.com\/#\/schema\/person\/b5509977c9a6cd729a3e74d9743d035b\"},\"headline\":\"Peker Yeni Tweet Dizisi ile Yine Pek \u00c7ok Karanl\u0131k \u0130li\u015fkiyi De\u015fifre Etti\",\"datePublished\":\"2021-08-08T10:06:45+00:00\",\"dateModified\":\"2021-08-08T10:06:46+00:00\",\"mainEntityOfPage\":{\"@id\":\"https:\/\/epochtimestr.com\/index.php\/peker-yeni-tweet-dizisi-ile-yine-pek-cok-karanlik-iliskiyi-desifre-etti\"},\"wordCount\":637,\"publisher\":{\"@id\":\"https:\/\/epochtimestr.com\/#organization\"},\"image\":{\"@id\":\"https:\/\/epochtimestr.com\/index.php\/peker-yeni-tweet-dizisi-ile-yine-pek-cok-karanlik-iliskiyi-desifre-etti#primaryimage\"},\"thumbnailUrl\":\"https:\/\/epochtimestr.com\/wp-content\/uploads\/2011y\/Sedat-Peker-9.png\",\"articleSection\":[\"G\u00dcNDEM\",\"T\u00dcRK\u0130YE\"],\"inLanguage\":\"tr\"},{\"@type\":\"WebPage\",\"@id\":\"https:\/\/epochtimestr.com\/index.php\/peker-yeni-tweet-dizisi-ile-yine-pek-cok-karanlik-iliskiyi-desifre-etti\",\"url\":\"https:\/\/epochtimestr.com\/index.php\/peker-yeni-tweet-dizisi-ile-yine-pek-cok-karanlik-iliskiyi-desifre-etti\",\"name\":\"Peker Yeni Tweet Dizisi ile Yine Pek \u00c7ok Karanl\u0131k \u0130li\u015fkiyi De\u015fifre Etti - The Epoch Times TR\",\"isPartOf\":{\"@id\":\"https:\/\/epochtimestr.com\/#website\"},\"primaryImageOfPage\":{\"@id\":\"https:\/\/epochtimestr.com\/index.php\/peker-yeni-tweet-dizisi-ile-yine-pek-cok-karanlik-iliskiyi-desifre-etti#primaryimage\"},\"image\":{\"@id\":\"https:\/\/epochtimestr.com\/index.php\/peker-yeni-tweet-dizisi-ile-yine-pek-cok-karanlik-iliskiyi-desifre-etti#primaryimage\"},\"thumbnailUrl\":\"https:\/\/epochtimestr.com\/wp-content\/uploads\/2011y\/Sedat-Peker-9.png\",\"datePublished\":\"2021-08-08T10:06:45+00:00\",\"dateModified\":\"2021-08-08T10:06:46+00:00\",\"inLanguage\":\"tr\",\"potentialAction\":[{\"@type\":\"ReadAction\",\"target\":[\"https:\/\/epochtimestr.com\/index.php\/peker-yeni-tweet-dizisi-ile-yine-pek-cok-karanlik-iliskiyi-desifre-etti\"]}]},{\"@type\":\"ImageObject\",\"inLanguage\":\"tr\",\"@id\":\"https:\/\/epochtimestr.com\/index.php\/peker-yeni-tweet-dizisi-ile-yine-pek-cok-karanlik-iliskiyi-desifre-etti#primaryimage\",\"url\":\"https:\/\/epochtimestr.com\/wp-content\/uploads\/2011y\/Sedat-Peker-9.png\",\"contentUrl\":\"https:\/\/epochtimestr.com\/wp-content\/uploads\/2011y\/Sedat-Peker-9.png\",\"width\":1347,\"height\":695,\"caption\":\"(Foto\u011fraf: Sedat Peker'in 9. videosundan al\u0131nan ekran g\u00f6r\u00fcnt\u00fcs\u00fc)\"},{\"@type\":\"WebSite\",\"@id\":\"https:\/\/epochtimestr.com\/#website\",\"url\":\"https:\/\/epochtimestr.com\/\",\"name\":\"The Epoch Times TR\",\"description\":\"De\u011fi\u015fen D\u00fcnyam\u0131za Taze Bir Bak\u0131\u015f\",\"publisher\":{\"@id\":\"https:\/\/epochtimestr.com\/#organization\"},\"potentialAction\":[{\"@type\":\"SearchAction\",\"target\":{\"@type\":\"EntryPoint\",\"urlTemplate\":\"https:\/\/epochtimestr.com\/?s={search_term_string}\"},\"query-input\":\"required name=search_term_string\"}],\"inLanguage\":\"tr\"},{\"@type\":\"Organization\",\"@id\":\"https:\/\/epochtimestr.com\/#organization\",\"name\":\"The EpochTimes T\u00fcrkiye\",\"url\":\"https:\/\/epochtimestr.com\/\",\"logo\":{\"@type\":\"ImageObject\",\"inLanguage\":\"tr\",\"@id\":\"https:\/\/epochtimestr.com\/#\/schema\/logo\/image\/\",\"url\":\"https:\/\/epochtimestr.com\/wp-content\/uploads\/2011y\/ET-Logo-YG.jpg\",\"contentUrl\":\"https:\/\/epochtimestr.com\/wp-content\/uploads\/2011y\/ET-Logo-YG.jpg\",\"width\":346,\"height\":29,\"caption\":\"The EpochTimes T\u00fcrkiye\"},\"image\":{\"@id\":\"https:\/\/epochtimestr.com\/#\/schema\/logo\/image\/\"},\"sameAs\":[\"https:\/\/www.facebook.com\/theepochtimestr\",\"https:\/\/x.com\/TheEpochTimesTR\",\"https:\/\/www.instagram.com\/epochtimestr\"]},{\"@type\":\"Person\",\"@id\":\"https:\/\/epochtimestr.com\/#\/schema\/person\/b5509977c9a6cd729a3e74d9743d035b\",\"name\":\"G.Hakan Ko\u00e7man\",\"image\":{\"@type\":\"ImageObject\",\"inLanguage\":\"tr\",\"@id\":\"https:\/\/epochtimestr.com\/#\/schema\/person\/image\/\",\"url\":\"https:\/\/secure.gravatar.com\/avatar\/e4eafee1ab5d1f4015c3930376b22ca8?s=96&d=mm&r=g\",\"contentUrl\":\"https:\/\/secure.gravatar.com\/avatar\/e4eafee1ab5d1f4015c3930376b22ca8?s=96&d=mm&r=g\",\"caption\":\"G.Hakan Ko\u00e7man\"},\"url\":\"https:\/\/epochtimestr.com\/index.php\/author\/hakan\"}]}<\/script>\n<!-- \/ Yoast SEO plugin. -->","yoast_head_json":{"title":"Peker Yeni Tweet Dizisi ile Yine Pek \u00c7ok Karanl\u0131k \u0130li\u015fkiyi De\u015fifre Etti - The Epoch Times TR","robots":{"index":"index","follow":"follow","max-snippet":"max-snippet:-1","max-image-preview":"max-image-preview:large","max-video-preview":"max-video-preview:-1"},"canonical":"https:\/\/epochtimestr.com\/index.php\/peker-yeni-tweet-dizisi-ile-yine-pek-cok-karanlik-iliskiyi-desifre-etti","og_locale":"tr_TR","og_type":"article","og_title":"Peker Yeni Tweet Dizisi ile Yine Pek \u00c7ok Karanl\u0131k \u0130li\u015fkiyi De\u015fifre Etti - The Epoch Times TR","og_description":"Hakk\u0131nda organize su\u00e7 \u00f6rg\u00fct\u00fc y\u00f6neticisi iddias\u0131yla soru\u015fturma a\u00e7\u0131lan ama halk\u0131n b\u00fcy\u00fck bir \u00e7o\u011funlu\u011fu taraf\u0131ndan bir kurtar\u0131c\u0131 g\u00f6z\u00fcyle bak\u0131lan Sedat Peker uzun bir s\u00fcrenin ard\u0131ndan yay\u0131nlad\u0131\u011f\u0131 tweetleri ile yine g\u00fcndemi sarst\u0131. 50 tweetlik bir flood yay\u0131nlayan Peker, yeni tweet serisinde Burhan Kuzu\u2019nun siyasi g\u00fcc\u00fcn\u00fc nas\u0131l k\u00f6t\u00fcye kulland\u0131\u011f\u0131n\u0131 anlatarak ge\u00e7mi\u015fte bas\u0131na yans\u0131yan uyu\u015fturucu baronu Zinda\u015fti ile olan [&hellip;]","og_url":"https:\/\/epochtimestr.com\/index.php\/peker-yeni-tweet-dizisi-ile-yine-pek-cok-karanlik-iliskiyi-desifre-etti","og_site_name":"The Epoch Times TR","article_publisher":"https:\/\/www.facebook.com\/theepochtimestr","article_published_time":"2021-08-08T10:06:45+00:00","article_modified_time":"2021-08-08T10:06:46+00:00","og_image":[{"width":1347,"height":695,"url":"https:\/\/epochtimestr.com\/wp-content\/uploads\/2011y\/Sedat-Peker-9.png","type":"image\/png"}],"author":"G.Hakan Ko\u00e7man","twitter_card":"summary_large_image","twitter_creator":"@TheEpochTimesTR","twitter_site":"@TheEpochTimesTR","twitter_misc":{"Yazan:":"G.Hakan Ko\u00e7man","Tahmini okuma s\u00fcresi":"3 dakika"},"schema":{"@context":"https:\/\/schema.org","@graph":[{"@type":"Article","@id":"https:\/\/epochtimestr.com\/index.php\/peker-yeni-tweet-dizisi-ile-yine-pek-cok-karanlik-iliskiyi-desifre-etti#article","isPartOf":{"@id":"https:\/\/epochtimestr.com\/index.php\/peker-yeni-tweet-dizisi-ile-yine-pek-cok-karanlik-iliskiyi-desifre-etti"},"author":{"name":"G.Hakan Ko\u00e7man","@id":"https:\/\/epochtimestr.com\/#\/schema\/person\/b5509977c9a6cd729a3e74d9743d035b"},"headline":"Peker Yeni Tweet Dizisi ile Yine Pek \u00c7ok Karanl\u0131k \u0130li\u015fkiyi De\u015fifre Etti","datePublished":"2021-08-08T10:06:45+00:00","dateModified":"2021-08-08T10:06:46+00:00","mainEntityOfPage":{"@id":"https:\/\/epochtimestr.com\/index.php\/peker-yeni-tweet-dizisi-ile-yine-pek-cok-karanlik-iliskiyi-desifre-etti"},"wordCount":637,"publisher":{"@id":"https:\/\/epochtimestr.com\/#organization"},"image":{"@id":"https:\/\/epochtimestr.com\/index.php\/peker-yeni-tweet-dizisi-ile-yine-pek-cok-karanlik-iliskiyi-desifre-etti#primaryimage"},"thumbnailUrl":"https:\/\/epochtimestr.com\/wp-content\/uploads\/2011y\/Sedat-Peker-9.png","articleSection":["G\u00dcNDEM","T\u00dcRK\u0130YE"],"inLanguage":"tr"},{"@type":"WebPage","@id":"https:\/\/epochtimestr.com\/index.php\/peker-yeni-tweet-dizisi-ile-yine-pek-cok-karanlik-iliskiyi-desifre-etti","url":"https:\/\/epochtimestr.com\/index.php\/peker-yeni-tweet-dizisi-ile-yine-pek-cok-karanlik-iliskiyi-desifre-etti","name":"Peker Yeni Tweet Dizisi ile Yine Pek \u00c7ok Karanl\u0131k \u0130li\u015fkiyi De\u015fifre Etti - The Epoch Times TR","isPartOf":{"@id":"https:\/\/epochtimestr.com\/#website"},"primaryImageOfPage":{"@id":"https:\/\/epochtimestr.com\/index.php\/peker-yeni-tweet-dizisi-ile-yine-pek-cok-karanlik-iliskiyi-desifre-etti#primaryimage"},"image":{"@id":"https:\/\/epochtimestr.com\/index.php\/peker-yeni-tweet-dizisi-ile-yine-pek-cok-karanlik-iliskiyi-desifre-etti#primaryimage"},"thumbnailUrl":"https:\/\/epochtimestr.com\/wp-content\/uploads\/2011y\/Sedat-Peker-9.png","datePublished":"2021-08-08T10:06:45+00:00","dateModified":"2021-08-08T10:06:46+00:00","inLanguage":"tr","potentialAction":[{"@type":"ReadAction","target":["https:\/\/epochtimestr.com\/index.php\/peker-yeni-tweet-dizisi-ile-yine-pek-cok-karanlik-iliskiyi-desifre-etti"]}]},{"@type":"ImageObject","inLanguage":"tr","@id":"https:\/\/epochtimestr.com\/index.php\/peker-yeni-tweet-dizisi-ile-yine-pek-cok-karanlik-iliskiyi-desifre-etti#primaryimage","url":"https:\/\/epochtimestr.com\/wp-content\/uploads\/2011y\/Sedat-Peker-9.png","contentUrl":"https:\/\/epochtimestr.com\/wp-content\/uploads\/2011y\/Sedat-Peker-9.png","width":1347,"height":695,"caption":"(Foto\u011fraf: Sedat Peker'in 9. videosundan al\u0131nan ekran g\u00f6r\u00fcnt\u00fcs\u00fc)"},{"@type":"WebSite","@id":"https:\/\/epochtimestr.com\/#website","url":"https:\/\/epochtimestr.com\/","name":"The Epoch Times TR","description":"De\u011fi\u015fen D\u00fcnyam\u0131za Taze Bir Bak\u0131\u015f","publisher":{"@id":"https:\/\/epochtimestr.com\/#organization"},"potentialAction":[{"@type":"SearchAction","target":{"@type":"EntryPoint","urlTemplate":"https:\/\/epochtimestr.com\/?s={search_term_string}"},"query-input":"required name=search_term_string"}],"inLanguage":"tr"},{"@type":"Organization","@id":"https:\/\/epochtimestr.com\/#organization","name":"The EpochTimes T\u00fcrkiye","url":"https:\/\/epochtimestr.com\/","logo":{"@type":"ImageObject","inLanguage":"tr","@id":"https:\/\/epochtimestr.com\/#\/schema\/logo\/image\/","url":"https:\/\/epochtimestr.com\/wp-content\/uploads\/2011y\/ET-Logo-YG.jpg","contentUrl":"https:\/\/epochtimestr.com\/wp-content\/uploads\/2011y\/ET-Logo-YG.jpg","width":346,"height":29,"caption":"The EpochTimes T\u00fcrkiye"},"image":{"@id":"https:\/\/epochtimestr.com\/#\/schema\/logo\/image\/"},"sameAs":["https:\/\/www.facebook.com\/theepochtimestr","https:\/\/x.com\/TheEpochTimesTR","https:\/\/www.instagram.com\/epochtimestr"]},{"@type":"Person","@id":"https:\/\/epochtimestr.com\/#\/schema\/person\/b5509977c9a6cd729a3e74d9743d035b","name":"G.Hakan Ko\u00e7man","image":{"@type":"ImageObject","inLanguage":"tr","@id":"https:\/\/epochtimestr.com\/#\/schema\/person\/image\/","url":"https:\/\/secure.gravatar.com\/avatar\/e4eafee1ab5d1f4015c3930376b22ca8?s=96&d=mm&r=g","contentUrl":"https:\/\/secure.gravatar.com\/avatar\/e4eafee1ab5d1f4015c3930376b22ca8?s=96&d=mm&r=g","caption":"G.Hakan Ko\u00e7man"},"url":"https:\/\/epochtimestr.com\/index.php\/author\/hakan"}]}},"_links":{"self":[{"href":"https:\/\/epochtimestr.com\/index.php\/wp-json\/wp\/v2\/posts\/136112"}],"collection":[{"href":"https:\/\/epochtimestr.com\/index.php\/wp-json\/wp\/v2\/posts"}],"about":[{"href":"https:\/\/epochtimestr.com\/index.php\/wp-json\/wp\/v2\/types\/post"}],"author":[{"embeddable":true,"href":"https:\/\/epochtimestr.com\/index.php\/wp-json\/wp\/v2\/users\/22"}],"replies":[{"embeddable":true,"href":"https:\/\/epochtimestr.com\/index.php\/wp-json\/wp\/v2\/comments?post=136112"}],"version-history":[{"count":1,"href":"https:\/\/epochtimestr.com\/index.php\/wp-json\/wp\/v2\/posts\/136112\/revisions"}],"predecessor-version":[{"id":136113,"href":"https:\/\/epochtimestr.com\/index.php\/wp-json\/wp\/v2\/posts\/136112\/revisions\/136113"}],"wp:featuredmedia":[{"embeddable":true,"href":"https:\/\/epochtimestr.com\/index.php\/wp-json\/wp\/v2\/media\/135234"}],"wp:attachment":[{"href":"https:\/\/epochtimestr.com\/index.php\/wp-json\/wp\/v2\/media?parent=136112"}],"wp:term":[{"taxonomy":"category","embeddable":true,"href":"https:\/\/epochtimestr.com\/index.php\/wp-json\/wp\/v2\/categories?post=136112"},{"taxonomy":"post_tag","embeddable":true,"href":"https:\/\/epochtimestr.com\/index.php\/wp-json\/wp\/v2\/tags?post=136112"}],"curies":[{"name":"wp","href":"https:\/\/api.w.org\/{rel}","templated":true}]}}