{"id":136284,"date":"2021-08-28T13:20:49","date_gmt":"2021-08-28T10:20:49","guid":{"rendered":"https:\/\/epochtimestr.com\/?p=136284"},"modified":"2021-08-28T13:20:53","modified_gmt":"2021-08-28T10:20:53","slug":"mogollarin-eski-davulcusu-ayzer-danga-yasamini-yitirdi","status":"publish","type":"post","link":"https:\/\/epochtimestr.com\/index.php\/mogollarin-eski-davulcusu-ayzer-danga-yasamini-yitirdi","title":{"rendered":"Mo\u011follar&#8217;\u0131n Eski Davulcusu Ayzer Danga Ya\u015fam\u0131n\u0131 Yitirdi"},"content":{"rendered":"\n<div class=\"wp-block-image\"><figure class=\"aligncenter size-large\"><img loading=\"lazy\" decoding=\"async\" width=\"600\" height=\"400\" src=\"https:\/\/epochtimestr.com\/wp-content\/uploads\/2011y\/20210828_131857-600x400.jpg\" alt=\"\" class=\"wp-image-136285\" srcset=\"https:\/\/epochtimestr.com\/wp-content\/uploads\/2011y\/20210828_131857-600x400.jpg 600w, https:\/\/epochtimestr.com\/wp-content\/uploads\/2011y\/20210828_131857-300x200.jpg 300w, https:\/\/epochtimestr.com\/wp-content\/uploads\/2011y\/20210828_131857-150x100.jpg 150w, https:\/\/epochtimestr.com\/wp-content\/uploads\/2011y\/20210828_131857-768x512.jpg 768w, https:\/\/epochtimestr.com\/wp-content\/uploads\/2011y\/20210828_131857-1536x1023.jpg 1536w, https:\/\/epochtimestr.com\/wp-content\/uploads\/2011y\/20210828_131857-450x300.jpg 450w, https:\/\/epochtimestr.com\/wp-content\/uploads\/2011y\/20210828_131857.jpg 1600w\" sizes=\"(max-width: 600px) 100vw, 600px\" \/><\/figure><\/div>\n\n\n\n<h2 class=\"wp-block-heading\">T\u00fcrk rock m\u00fczi\u011finin efsane grubu Mo\u011follar&#8217;\u0131n eski davulcusu Ayzer Danga (74) Covid19 sebebiyle hayat\u0131n\u0131 kaybetti.<\/h2>\n\n\n\n<p>Mo\u011follar\u2019\u0131n eski davulcusu Ayzer Danga Covid19 nedeniyle vefat etti. <\/p>\n\n\n\n<p>Mo\u011follar\u2019dan Taner \u00d6ng\u00fcr, Twitter hesab\u0131ndan yapt\u0131\u011f\u0131 payla\u015f\u0131mda, \u201c\u00c7ok \u00fczg\u00fcn\u00fcm, y\u0131llarca birlikte sahne ald\u0131\u011f\u0131m\u0131z, \u00e7ok sevdi\u011fim arkada\u015f\u0131m Ayzer Danga\u2019y\u0131 kaybettik, sonsuz yolculu\u011funda yolun a\u00e7\u0131k olsun karde\u015fim..\u201d dedi.<\/p>\n\n\n\n<p>Cahit Berkay da \u201cY\u0131llarca Mo\u011follar&#8217;da birlikte m\u00fczik yapt\u0131\u011f\u0131m\u0131z karde\u015fim Ayzer&#8217;i kaybettik\u2026 \u00c7ok \u00fczg\u00fcn\u00fcm\u2026\u201d a\u00e7\u0131klamas\u0131n\u0131 yapt\u0131.<\/p>\n\n\n\n<p><\/p>\n","protected":false},"excerpt":{"rendered":"<p>T\u00fcrk rock m\u00fczi\u011finin efsane grubu Mo\u011follar&#8217;\u0131n eski davulcusu Ayzer Danga (74) Covid19 sebebiyle hayat\u0131n\u0131 kaybetti. Mo\u011follar\u2019\u0131n eski davulcusu Ayzer Danga Covid19 nedeniyle vefat etti. Mo\u011follar\u2019dan Taner \u00d6ng\u00fcr, Twitter hesab\u0131ndan yapt\u0131\u011f\u0131 payla\u015f\u0131mda, \u201c\u00c7ok \u00fczg\u00fcn\u00fcm, y\u0131llarca birlikte sahne ald\u0131\u011f\u0131m\u0131z, \u00e7ok sevdi\u011fim arkada\u015f\u0131m Ayzer Danga\u2019y\u0131 kaybettik, sonsuz yolculu\u011funda yolun a\u00e7\u0131k olsun karde\u015fim..\u201d dedi. Cahit Berkay da \u201cY\u0131llarca Mo\u011follar&#8217;da [&hellip;]<\/p>\n","protected":false},"author":12791,"featured_media":136286,"comment_status":"closed","ping_status":"open","sticky":false,"template":"","format":"standard","meta":{"_yoast_wpseo_focuskw":"","_yoast_wpseo_title":"","_yoast_wpseo_metadesc":"","_bbp_topic_count":0,"_bbp_reply_count":0,"_bbp_total_topic_count":0,"_bbp_total_reply_count":0,"_bbp_voice_count":0,"_bbp_anonymous_reply_count":0,"_bbp_topic_count_hidden":0,"_bbp_reply_count_hidden":0,"_bbp_forum_subforum_count":0,"footnotes":"","_yoast_wpseo_focuskw_text_input":""},"categories":[1,37],"tags":[],"yoast_head":"<!-- This site is optimized with the Yoast SEO plugin v23.0 - https:\/\/yoast.com\/wordpress\/plugins\/seo\/ -->\n<title>Mo\u011follar&#039;\u0131n Eski Davulcusu Ayzer Danga Ya\u015fam\u0131n\u0131 Yitirdi - The Epoch Times TR<\/title>\n<meta name=\"robots\" content=\"index, follow, max-snippet:-1, max-image-preview:large, max-video-preview:-1\" \/>\n<link rel=\"canonical\" href=\"https:\/\/epochtimestr.com\/index.php\/mogollarin-eski-davulcusu-ayzer-danga-yasamini-yitirdi\" \/>\n<meta property=\"og:locale\" content=\"tr_TR\" \/>\n<meta property=\"og:type\" content=\"article\" \/>\n<meta property=\"og:title\" content=\"Mo\u011follar&#039;\u0131n Eski Davulcusu Ayzer Danga Ya\u015fam\u0131n\u0131 Yitirdi - The Epoch Times TR\" \/>\n<meta property=\"og:description\" content=\"T\u00fcrk rock m\u00fczi\u011finin efsane grubu Mo\u011follar&#8217;\u0131n eski davulcusu Ayzer Danga (74) Covid19 sebebiyle hayat\u0131n\u0131 kaybetti. Mo\u011follar\u2019\u0131n eski davulcusu Ayzer Danga Covid19 nedeniyle vefat etti. Mo\u011follar\u2019dan Taner \u00d6ng\u00fcr, Twitter hesab\u0131ndan yapt\u0131\u011f\u0131 payla\u015f\u0131mda, \u201c\u00c7ok \u00fczg\u00fcn\u00fcm, y\u0131llarca birlikte sahne ald\u0131\u011f\u0131m\u0131z, \u00e7ok sevdi\u011fim arkada\u015f\u0131m Ayzer Danga\u2019y\u0131 kaybettik, sonsuz yolculu\u011funda yolun a\u00e7\u0131k olsun karde\u015fim..\u201d dedi. Cahit Berkay da \u201cY\u0131llarca Mo\u011follar&#8217;da [&hellip;]\" \/>\n<meta property=\"og:url\" content=\"https:\/\/epochtimestr.com\/index.php\/mogollarin-eski-davulcusu-ayzer-danga-yasamini-yitirdi\" \/>\n<meta property=\"og:site_name\" content=\"The Epoch Times TR\" \/>\n<meta property=\"article:publisher\" content=\"https:\/\/www.facebook.com\/theepochtimestr\" \/>\n<meta property=\"article:published_time\" content=\"2021-08-28T10:20:49+00:00\" \/>\n<meta property=\"article:modified_time\" content=\"2021-08-28T10:20:53+00:00\" \/>\n<meta property=\"og:image\" content=\"https:\/\/epochtimestr.com\/wp-content\/uploads\/2011y\/20210828_131857-1.jpg\" \/>\n\t<meta property=\"og:image:width\" content=\"1600\" \/>\n\t<meta property=\"og:image:height\" content=\"1066\" \/>\n\t<meta property=\"og:image:type\" content=\"image\/jpeg\" \/>\n<meta name=\"author\" content=\"Haber Merkezi\" \/>\n<meta name=\"twitter:card\" content=\"summary_large_image\" \/>\n<meta name=\"twitter:creator\" content=\"@TheEpochTimesTR\" \/>\n<meta name=\"twitter:site\" content=\"@TheEpochTimesTR\" \/>\n<meta name=\"twitter:label1\" content=\"Yazan:\" \/>\n\t<meta name=\"twitter:data1\" content=\"Haber Merkezi\" \/>\n\t<meta name=\"twitter:label2\" content=\"Tahmini okuma s\u00fcresi\" \/>\n\t<meta name=\"twitter:data2\" content=\"1 dakika\" \/>\n<script type=\"application\/ld+json\" class=\"yoast-schema-graph\">{\"@context\":\"https:\/\/schema.org\",\"@graph\":[{\"@type\":\"Article\",\"@id\":\"https:\/\/epochtimestr.com\/index.php\/mogollarin-eski-davulcusu-ayzer-danga-yasamini-yitirdi#article\",\"isPartOf\":{\"@id\":\"https:\/\/epochtimestr.com\/index.php\/mogollarin-eski-davulcusu-ayzer-danga-yasamini-yitirdi\"},\"author\":{\"name\":\"Haber Merkezi\",\"@id\":\"https:\/\/epochtimestr.com\/#\/schema\/person\/3dc5c3adeb9f43923c5aa85889172fdd\"},\"headline\":\"Mo\u011follar&#8217;\u0131n Eski Davulcusu Ayzer Danga Ya\u015fam\u0131n\u0131 Yitirdi\",\"datePublished\":\"2021-08-28T10:20:49+00:00\",\"dateModified\":\"2021-08-28T10:20:53+00:00\",\"mainEntityOfPage\":{\"@id\":\"https:\/\/epochtimestr.com\/index.php\/mogollarin-eski-davulcusu-ayzer-danga-yasamini-yitirdi\"},\"wordCount\":109,\"publisher\":{\"@id\":\"https:\/\/epochtimestr.com\/#organization\"},\"image\":{\"@id\":\"https:\/\/epochtimestr.com\/index.php\/mogollarin-eski-davulcusu-ayzer-danga-yasamini-yitirdi#primaryimage\"},\"thumbnailUrl\":\"https:\/\/epochtimestr.com\/wp-content\/uploads\/2011y\/20210828_131857-1.jpg\",\"articleSection\":[\"G\u00dcNDEM\",\"T\u00dcRK\u0130YE\"],\"inLanguage\":\"tr\"},{\"@type\":\"WebPage\",\"@id\":\"https:\/\/epochtimestr.com\/index.php\/mogollarin-eski-davulcusu-ayzer-danga-yasamini-yitirdi\",\"url\":\"https:\/\/epochtimestr.com\/index.php\/mogollarin-eski-davulcusu-ayzer-danga-yasamini-yitirdi\",\"name\":\"Mo\u011follar'\u0131n Eski Davulcusu Ayzer Danga Ya\u015fam\u0131n\u0131 Yitirdi - The Epoch Times TR\",\"isPartOf\":{\"@id\":\"https:\/\/epochtimestr.com\/#website\"},\"primaryImageOfPage\":{\"@id\":\"https:\/\/epochtimestr.com\/index.php\/mogollarin-eski-davulcusu-ayzer-danga-yasamini-yitirdi#primaryimage\"},\"image\":{\"@id\":\"https:\/\/epochtimestr.com\/index.php\/mogollarin-eski-davulcusu-ayzer-danga-yasamini-yitirdi#primaryimage\"},\"thumbnailUrl\":\"https:\/\/epochtimestr.com\/wp-content\/uploads\/2011y\/20210828_131857-1.jpg\",\"datePublished\":\"2021-08-28T10:20:49+00:00\",\"dateModified\":\"2021-08-28T10:20:53+00:00\",\"inLanguage\":\"tr\",\"potentialAction\":[{\"@type\":\"ReadAction\",\"target\":[\"https:\/\/epochtimestr.com\/index.php\/mogollarin-eski-davulcusu-ayzer-danga-yasamini-yitirdi\"]}]},{\"@type\":\"ImageObject\",\"inLanguage\":\"tr\",\"@id\":\"https:\/\/epochtimestr.com\/index.php\/mogollarin-eski-davulcusu-ayzer-danga-yasamini-yitirdi#primaryimage\",\"url\":\"https:\/\/epochtimestr.com\/wp-content\/uploads\/2011y\/20210828_131857-1.jpg\",\"contentUrl\":\"https:\/\/epochtimestr.com\/wp-content\/uploads\/2011y\/20210828_131857-1.jpg\",\"width\":1600,\"height\":1066},{\"@type\":\"WebSite\",\"@id\":\"https:\/\/epochtimestr.com\/#website\",\"url\":\"https:\/\/epochtimestr.com\/\",\"name\":\"The Epoch Times TR\",\"description\":\"De\u011fi\u015fen D\u00fcnyam\u0131za Taze Bir Bak\u0131\u015f\",\"publisher\":{\"@id\":\"https:\/\/epochtimestr.com\/#organization\"},\"potentialAction\":[{\"@type\":\"SearchAction\",\"target\":{\"@type\":\"EntryPoint\",\"urlTemplate\":\"https:\/\/epochtimestr.com\/?s={search_term_string}\"},\"query-input\":\"required name=search_term_string\"}],\"inLanguage\":\"tr\"},{\"@type\":\"Organization\",\"@id\":\"https:\/\/epochtimestr.com\/#organization\",\"name\":\"The EpochTimes T\u00fcrkiye\",\"url\":\"https:\/\/epochtimestr.com\/\",\"logo\":{\"@type\":\"ImageObject\",\"inLanguage\":\"tr\",\"@id\":\"https:\/\/epochtimestr.com\/#\/schema\/logo\/image\/\",\"url\":\"https:\/\/epochtimestr.com\/wp-content\/uploads\/2011y\/ET-Logo-YG.jpg\",\"contentUrl\":\"https:\/\/epochtimestr.com\/wp-content\/uploads\/2011y\/ET-Logo-YG.jpg\",\"width\":346,\"height\":29,\"caption\":\"The EpochTimes T\u00fcrkiye\"},\"image\":{\"@id\":\"https:\/\/epochtimestr.com\/#\/schema\/logo\/image\/\"},\"sameAs\":[\"https:\/\/www.facebook.com\/theepochtimestr\",\"https:\/\/x.com\/TheEpochTimesTR\",\"https:\/\/www.instagram.com\/epochtimestr\"]},{\"@type\":\"Person\",\"@id\":\"https:\/\/epochtimestr.com\/#\/schema\/person\/3dc5c3adeb9f43923c5aa85889172fdd\",\"name\":\"Haber Merkezi\",\"image\":{\"@type\":\"ImageObject\",\"inLanguage\":\"tr\",\"@id\":\"https:\/\/epochtimestr.com\/#\/schema\/person\/image\/\",\"url\":\"https:\/\/secure.gravatar.com\/avatar\/d73f772ba5a74f28601361e17c2f93e6?s=96&d=mm&r=g\",\"contentUrl\":\"https:\/\/secure.gravatar.com\/avatar\/d73f772ba5a74f28601361e17c2f93e6?s=96&d=mm&r=g\",\"caption\":\"Haber Merkezi\"},\"url\":\"https:\/\/epochtimestr.com\/index.php\/author\/sendag\"}]}<\/script>\n<!-- \/ Yoast SEO plugin. -->","yoast_head_json":{"title":"Mo\u011follar'\u0131n Eski Davulcusu Ayzer Danga Ya\u015fam\u0131n\u0131 Yitirdi - The Epoch Times TR","robots":{"index":"index","follow":"follow","max-snippet":"max-snippet:-1","max-image-preview":"max-image-preview:large","max-video-preview":"max-video-preview:-1"},"canonical":"https:\/\/epochtimestr.com\/index.php\/mogollarin-eski-davulcusu-ayzer-danga-yasamini-yitirdi","og_locale":"tr_TR","og_type":"article","og_title":"Mo\u011follar'\u0131n Eski Davulcusu Ayzer Danga Ya\u015fam\u0131n\u0131 Yitirdi - The Epoch Times TR","og_description":"T\u00fcrk rock m\u00fczi\u011finin efsane grubu Mo\u011follar&#8217;\u0131n eski davulcusu Ayzer Danga (74) Covid19 sebebiyle hayat\u0131n\u0131 kaybetti. Mo\u011follar\u2019\u0131n eski davulcusu Ayzer Danga Covid19 nedeniyle vefat etti. Mo\u011follar\u2019dan Taner \u00d6ng\u00fcr, Twitter hesab\u0131ndan yapt\u0131\u011f\u0131 payla\u015f\u0131mda, \u201c\u00c7ok \u00fczg\u00fcn\u00fcm, y\u0131llarca birlikte sahne ald\u0131\u011f\u0131m\u0131z, \u00e7ok sevdi\u011fim arkada\u015f\u0131m Ayzer Danga\u2019y\u0131 kaybettik, sonsuz yolculu\u011funda yolun a\u00e7\u0131k olsun karde\u015fim..\u201d dedi. Cahit Berkay da \u201cY\u0131llarca Mo\u011follar&#8217;da [&hellip;]","og_url":"https:\/\/epochtimestr.com\/index.php\/mogollarin-eski-davulcusu-ayzer-danga-yasamini-yitirdi","og_site_name":"The Epoch Times TR","article_publisher":"https:\/\/www.facebook.com\/theepochtimestr","article_published_time":"2021-08-28T10:20:49+00:00","article_modified_time":"2021-08-28T10:20:53+00:00","og_image":[{"width":1600,"height":1066,"url":"https:\/\/epochtimestr.com\/wp-content\/uploads\/2011y\/20210828_131857-1.jpg","type":"image\/jpeg"}],"author":"Haber Merkezi","twitter_card":"summary_large_image","twitter_creator":"@TheEpochTimesTR","twitter_site":"@TheEpochTimesTR","twitter_misc":{"Yazan:":"Haber Merkezi","Tahmini okuma s\u00fcresi":"1 dakika"},"schema":{"@context":"https:\/\/schema.org","@graph":[{"@type":"Article","@id":"https:\/\/epochtimestr.com\/index.php\/mogollarin-eski-davulcusu-ayzer-danga-yasamini-yitirdi#article","isPartOf":{"@id":"https:\/\/epochtimestr.com\/index.php\/mogollarin-eski-davulcusu-ayzer-danga-yasamini-yitirdi"},"author":{"name":"Haber Merkezi","@id":"https:\/\/epochtimestr.com\/#\/schema\/person\/3dc5c3adeb9f43923c5aa85889172fdd"},"headline":"Mo\u011follar&#8217;\u0131n Eski Davulcusu Ayzer Danga Ya\u015fam\u0131n\u0131 Yitirdi","datePublished":"2021-08-28T10:20:49+00:00","dateModified":"2021-08-28T10:20:53+00:00","mainEntityOfPage":{"@id":"https:\/\/epochtimestr.com\/index.php\/mogollarin-eski-davulcusu-ayzer-danga-yasamini-yitirdi"},"wordCount":109,"publisher":{"@id":"https:\/\/epochtimestr.com\/#organization"},"image":{"@id":"https:\/\/epochtimestr.com\/index.php\/mogollarin-eski-davulcusu-ayzer-danga-yasamini-yitirdi#primaryimage"},"thumbnailUrl":"https:\/\/epochtimestr.com\/wp-content\/uploads\/2011y\/20210828_131857-1.jpg","articleSection":["G\u00dcNDEM","T\u00dcRK\u0130YE"],"inLanguage":"tr"},{"@type":"WebPage","@id":"https:\/\/epochtimestr.com\/index.php\/mogollarin-eski-davulcusu-ayzer-danga-yasamini-yitirdi","url":"https:\/\/epochtimestr.com\/index.php\/mogollarin-eski-davulcusu-ayzer-danga-yasamini-yitirdi","name":"Mo\u011follar'\u0131n Eski Davulcusu Ayzer Danga Ya\u015fam\u0131n\u0131 Yitirdi - The Epoch Times TR","isPartOf":{"@id":"https:\/\/epochtimestr.com\/#website"},"primaryImageOfPage":{"@id":"https:\/\/epochtimestr.com\/index.php\/mogollarin-eski-davulcusu-ayzer-danga-yasamini-yitirdi#primaryimage"},"image":{"@id":"https:\/\/epochtimestr.com\/index.php\/mogollarin-eski-davulcusu-ayzer-danga-yasamini-yitirdi#primaryimage"},"thumbnailUrl":"https:\/\/epochtimestr.com\/wp-content\/uploads\/2011y\/20210828_131857-1.jpg","datePublished":"2021-08-28T10:20:49+00:00","dateModified":"2021-08-28T10:20:53+00:00","inLanguage":"tr","potentialAction":[{"@type":"ReadAction","target":["https:\/\/epochtimestr.com\/index.php\/mogollarin-eski-davulcusu-ayzer-danga-yasamini-yitirdi"]}]},{"@type":"ImageObject","inLanguage":"tr","@id":"https:\/\/epochtimestr.com\/index.php\/mogollarin-eski-davulcusu-ayzer-danga-yasamini-yitirdi#primaryimage","url":"https:\/\/epochtimestr.com\/wp-content\/uploads\/2011y\/20210828_131857-1.jpg","contentUrl":"https:\/\/epochtimestr.com\/wp-content\/uploads\/2011y\/20210828_131857-1.jpg","width":1600,"height":1066},{"@type":"WebSite","@id":"https:\/\/epochtimestr.com\/#website","url":"https:\/\/epochtimestr.com\/","name":"The Epoch Times TR","description":"De\u011fi\u015fen D\u00fcnyam\u0131za Taze Bir Bak\u0131\u015f","publisher":{"@id":"https:\/\/epochtimestr.com\/#organization"},"potentialAction":[{"@type":"SearchAction","target":{"@type":"EntryPoint","urlTemplate":"https:\/\/epochtimestr.com\/?s={search_term_string}"},"query-input":"required name=search_term_string"}],"inLanguage":"tr"},{"@type":"Organization","@id":"https:\/\/epochtimestr.com\/#organization","name":"The EpochTimes T\u00fcrkiye","url":"https:\/\/epochtimestr.com\/","logo":{"@type":"ImageObject","inLanguage":"tr","@id":"https:\/\/epochtimestr.com\/#\/schema\/logo\/image\/","url":"https:\/\/epochtimestr.com\/wp-content\/uploads\/2011y\/ET-Logo-YG.jpg","contentUrl":"https:\/\/epochtimestr.com\/wp-content\/uploads\/2011y\/ET-Logo-YG.jpg","width":346,"height":29,"caption":"The EpochTimes T\u00fcrkiye"},"image":{"@id":"https:\/\/epochtimestr.com\/#\/schema\/logo\/image\/"},"sameAs":["https:\/\/www.facebook.com\/theepochtimestr","https:\/\/x.com\/TheEpochTimesTR","https:\/\/www.instagram.com\/epochtimestr"]},{"@type":"Person","@id":"https:\/\/epochtimestr.com\/#\/schema\/person\/3dc5c3adeb9f43923c5aa85889172fdd","name":"Haber Merkezi","image":{"@type":"ImageObject","inLanguage":"tr","@id":"https:\/\/epochtimestr.com\/#\/schema\/person\/image\/","url":"https:\/\/secure.gravatar.com\/avatar\/d73f772ba5a74f28601361e17c2f93e6?s=96&d=mm&r=g","contentUrl":"https:\/\/secure.gravatar.com\/avatar\/d73f772ba5a74f28601361e17c2f93e6?s=96&d=mm&r=g","caption":"Haber Merkezi"},"url":"https:\/\/epochtimestr.com\/index.php\/author\/sendag"}]}},"_links":{"self":[{"href":"https:\/\/epochtimestr.com\/index.php\/wp-json\/wp\/v2\/posts\/136284"}],"collection":[{"href":"https:\/\/epochtimestr.com\/index.php\/wp-json\/wp\/v2\/posts"}],"about":[{"href":"https:\/\/epochtimestr.com\/index.php\/wp-json\/wp\/v2\/types\/post"}],"author":[{"embeddable":true,"href":"https:\/\/epochtimestr.com\/index.php\/wp-json\/wp\/v2\/users\/12791"}],"replies":[{"embeddable":true,"href":"https:\/\/epochtimestr.com\/index.php\/wp-json\/wp\/v2\/comments?post=136284"}],"version-history":[{"count":1,"href":"https:\/\/epochtimestr.com\/index.php\/wp-json\/wp\/v2\/posts\/136284\/revisions"}],"predecessor-version":[{"id":136287,"href":"https:\/\/epochtimestr.com\/index.php\/wp-json\/wp\/v2\/posts\/136284\/revisions\/136287"}],"wp:featuredmedia":[{"embeddable":true,"href":"https:\/\/epochtimestr.com\/index.php\/wp-json\/wp\/v2\/media\/136286"}],"wp:attachment":[{"href":"https:\/\/epochtimestr.com\/index.php\/wp-json\/wp\/v2\/media?parent=136284"}],"wp:term":[{"taxonomy":"category","embeddable":true,"href":"https:\/\/epochtimestr.com\/index.php\/wp-json\/wp\/v2\/categories?post=136284"},{"taxonomy":"post_tag","embeddable":true,"href":"https:\/\/epochtimestr.com\/index.php\/wp-json\/wp\/v2\/tags?post=136284"}],"curies":[{"name":"wp","href":"https:\/\/api.w.org\/{rel}","templated":true}]}}