{"id":13759,"date":"2010-10-16T18:58:07","date_gmt":"2010-10-16T16:58:07","guid":{"rendered":"http:\/\/www.epochtimestr.com\/?p=13759"},"modified":"2024-03-01T16:26:32","modified_gmt":"2024-03-01T13:26:32","slug":"chp-afyonkarahisar-il-baskani-akgoz-ana-muhalefet-gomlegi-chpye-dar-geliyor","status":"publish","type":"post","link":"https:\/\/epochtimestr.com\/index.php\/chp-afyonkarahisar-il-baskani-akgoz-ana-muhalefet-gomlegi-chpye-dar-geliyor","title":{"rendered":"CHP Afyonkarahisar \u0130l Ba\u015fkan\u0131 Akg\u00f6z: Ana Muhalefet G\u00f6mle\u011fi CHP&#8217;ye Dar Geliyor"},"content":{"rendered":"<p style=\"text-align: justify;\"><a class=\"highslide\" onclick=\"return vz.expand(this)\" href=\"http:\/\/www.epochtimestr.com\/wp-content\/uploads\/2010\/agustos\/chpakgoz.jpg\"><span style=\"color: #000000;\"><img loading=\"lazy\" decoding=\"async\" class=\"alignleft size-medium wp-image-13760\" title=\"chpakgoz\" src=\"http:\/\/www.epochtimestr.com\/wp-content\/uploads\/2010\/agustos\/chpakgoz-222x300.jpg\" alt=\"\" width=\"222\" height=\"300\" \/><\/span><\/a><\/p>\n<p style=\"text-align: justify;\"><strong><a><span style=\"color: #000000;\">AFYONKARAH\u0130SAR<\/span><\/a><\/strong><span style=\"color: #000000;\">&#8211; <\/span><a><span style=\"color: #000000;\">Cumhuriyet Halk Partisi (CHP) Afyonkarahisar \u0130l Ba\u015fkan\u0131 Ramazan Akg\u00f6z, ana muhalefet g\u00f6mle\u011finin CHP&#8217;ye dar geldi\u011fini s\u00f6yledi. <\/span><span style=\"color: #000000;\">CHP Afyonkarahisar \u0130l Ba\u015fkanl\u0131\u011f\u0131&#8217;n\u0131n dan\u0131\u015fma toplant\u0131s\u0131 Afyon Lisesi toplant\u0131 salonunda yap\u0131ld\u0131. Toplant\u0131 da CHP \u0130l Ba\u015fkan\u0131 Akg\u00f6z, genel se\u00e7ime haz\u0131rl\u0131k \u00e7al\u0131\u015fmalar\u0131n\u0131 ba\u015flatt\u0131. Toplant\u0131n\u0131n bas\u0131na a\u00e7\u0131k b\u00f6l\u00fcm\u00fcnde konu\u015fan \u0130l Ba\u015fkan\u0131 Akg\u00f6z, uzun y\u0131llar aradan sonra partinin ilk defa dan\u0131\u015fma toplant\u0131s\u0131 d\u00fczenledi\u011fini s\u00f6yledi. Akg\u00f6z, T\u00fcrkiye&#8217;nin temel sorunlar\u0131na CHP&#8217;nin \u00e7\u00f6z\u00fcm buldu\u011funu savundu. Halk\u0131n ger\u00e7ek g\u00fcndeminin a\u00e7l\u0131k, yoksulluk ve i\u015fsizlik oldu\u011funu ileri s\u00fcren Akg\u00f6z, &#8220;Onlar\u0131 muhta\u00e7 k\u0131lmadan, korkutmadan, adil g\u00f6n\u00fcl da\u011f\u0131l\u0131mdan yana olarak, adil ge\u00e7im i\u00e7in se\u00e7im sistemini de\u011fi\u015ftirip y\u00fczde 10 baraj\u0131na tak\u0131lmadan, eme\u011fe sayg\u0131 duyarak emperyalizme hizmet etmeden inanc\u0131ndan, k\u0131l\u0131k k\u0131yafetinden etnik kimli\u011fini siyasete alet etmeyen, \u00fclke baraj\u0131 i\u00e7in ana muhalefette daha fazla kalamay\u0131z. Ana muhalefet g\u00f6mle\u011fi bize dar geliyor. Bu s\u0131k\u0131nt\u0131lar\u0131 g\u00f6rd\u00fckten sonra mutlaka iktidar olmam\u0131z\u0131n yollar\u0131n\u0131 aramam\u0131z gerekiyor. Bu g\u00f6mlek bize dar geliyor.&#8221; dedi.<\/span><\/a><\/p>\n<p><a><\/p>\n<p style=\"text-align: justify;\"><span style=\"color: #000000;\">CHP Afyonkarahisar Milletvekili Halil \u00dcnl\u00fctepe ve partililerin kat\u0131ld\u0131\u011f\u0131 toplant\u0131n\u0131n ikinci b\u00f6l\u00fcm\u00fc bas\u0131na kapal\u0131 olarak ger\u00e7ekle\u015ftirildi.<\/span><\/p>\n<p><\/a><\/p>\n","protected":false},"excerpt":{"rendered":"<p>AFYONKARAH\u0130SAR&#8211; Cumhuriyet Halk Partisi (CHP) Afyonkarahisar \u0130l Ba\u015fkan\u0131 Ramazan Akg\u00f6z, ana muhalefet g\u00f6mle\u011finin CHP&#8217;ye dar geldi\u011fini s\u00f6yledi. CHP Afyonkarahisar \u0130l Ba\u015fkanl\u0131\u011f\u0131&#8217;n\u0131n dan\u0131\u015fma toplant\u0131s\u0131 Afyon Lisesi toplant\u0131 salonunda yap\u0131ld\u0131. Toplant\u0131 da CHP \u0130l Ba\u015fkan\u0131 Akg\u00f6z, genel se\u00e7ime haz\u0131rl\u0131k \u00e7al\u0131\u015fmalar\u0131n\u0131 ba\u015flatt\u0131. Toplant\u0131n\u0131n bas\u0131na a\u00e7\u0131k b\u00f6l\u00fcm\u00fcnde konu\u015fan \u0130l Ba\u015fkan\u0131 Akg\u00f6z, uzun y\u0131llar aradan sonra partinin ilk defa dan\u0131\u015fma [&hellip;]<\/p>\n","protected":false},"author":18,"featured_media":0,"comment_status":"open","ping_status":"open","sticky":false,"template":"","format":"standard","meta":{"_yoast_wpseo_focuskw":"","_yoast_wpseo_title":"","_yoast_wpseo_metadesc":"","_bbp_topic_count":0,"_bbp_reply_count":0,"_bbp_total_topic_count":0,"_bbp_total_reply_count":0,"_bbp_voice_count":0,"_bbp_anonymous_reply_count":0,"_bbp_topic_count_hidden":0,"_bbp_reply_count_hidden":0,"_bbp_forum_subforum_count":0,"footnotes":"","_yoast_wpseo_focuskw_text_input":""},"categories":[8226],"tags":[],"yoast_head":"<!-- This site is optimized with the Yoast SEO plugin v23.0 - https:\/\/yoast.com\/wordpress\/plugins\/seo\/ -->\n<title>CHP Afyonkarahisar \u0130l Ba\u015fkan\u0131 Akg\u00f6z: Ana Muhalefet G\u00f6mle\u011fi CHP&#039;ye Dar Geliyor - The Epoch Times TR<\/title>\n<meta name=\"robots\" content=\"index, follow, max-snippet:-1, max-image-preview:large, max-video-preview:-1\" \/>\n<link rel=\"canonical\" href=\"https:\/\/epochtimestr.com\/index.php\/chp-afyonkarahisar-il-baskani-akgoz-ana-muhalefet-gomlegi-chpye-dar-geliyor\" \/>\n<meta property=\"og:locale\" content=\"tr_TR\" \/>\n<meta property=\"og:type\" content=\"article\" \/>\n<meta property=\"og:title\" content=\"CHP Afyonkarahisar \u0130l Ba\u015fkan\u0131 Akg\u00f6z: Ana Muhalefet G\u00f6mle\u011fi CHP&#039;ye Dar Geliyor - The Epoch Times TR\" \/>\n<meta property=\"og:description\" content=\"AFYONKARAH\u0130SAR&#8211; Cumhuriyet Halk Partisi (CHP) Afyonkarahisar \u0130l Ba\u015fkan\u0131 Ramazan Akg\u00f6z, ana muhalefet g\u00f6mle\u011finin CHP&#8217;ye dar geldi\u011fini s\u00f6yledi. CHP Afyonkarahisar \u0130l Ba\u015fkanl\u0131\u011f\u0131&#8217;n\u0131n dan\u0131\u015fma toplant\u0131s\u0131 Afyon Lisesi toplant\u0131 salonunda yap\u0131ld\u0131. Toplant\u0131 da CHP \u0130l Ba\u015fkan\u0131 Akg\u00f6z, genel se\u00e7ime haz\u0131rl\u0131k \u00e7al\u0131\u015fmalar\u0131n\u0131 ba\u015flatt\u0131. Toplant\u0131n\u0131n bas\u0131na a\u00e7\u0131k b\u00f6l\u00fcm\u00fcnde konu\u015fan \u0130l Ba\u015fkan\u0131 Akg\u00f6z, uzun y\u0131llar aradan sonra partinin ilk defa dan\u0131\u015fma [&hellip;]\" \/>\n<meta property=\"og:url\" content=\"https:\/\/epochtimestr.com\/index.php\/chp-afyonkarahisar-il-baskani-akgoz-ana-muhalefet-gomlegi-chpye-dar-geliyor\" \/>\n<meta property=\"og:site_name\" content=\"The Epoch Times TR\" \/>\n<meta property=\"article:publisher\" content=\"https:\/\/www.facebook.com\/theepochtimestr\" \/>\n<meta property=\"article:published_time\" content=\"2010-10-16T16:58:07+00:00\" \/>\n<meta property=\"article:modified_time\" content=\"2024-03-01T13:26:32+00:00\" \/>\n<meta property=\"og:image\" content=\"http:\/\/www.epochtimestr.com\/wp-content\/uploads\/2010\/agustos\/chpakgoz-222x300.jpg\" \/>\n<meta name=\"author\" content=\"Nesrin Se\u00e7er\" \/>\n<meta name=\"twitter:card\" content=\"summary_large_image\" \/>\n<meta name=\"twitter:creator\" content=\"@TheEpochTimesTR\" \/>\n<meta name=\"twitter:site\" content=\"@TheEpochTimesTR\" \/>\n<meta name=\"twitter:label1\" content=\"Yazan:\" \/>\n\t<meta name=\"twitter:data1\" content=\"Nesrin Se\u00e7er\" \/>\n\t<meta name=\"twitter:label2\" content=\"Tahmini okuma s\u00fcresi\" \/>\n\t<meta name=\"twitter:data2\" content=\"1 dakika\" \/>\n<script type=\"application\/ld+json\" class=\"yoast-schema-graph\">{\"@context\":\"https:\/\/schema.org\",\"@graph\":[{\"@type\":\"Article\",\"@id\":\"https:\/\/epochtimestr.com\/index.php\/chp-afyonkarahisar-il-baskani-akgoz-ana-muhalefet-gomlegi-chpye-dar-geliyor#article\",\"isPartOf\":{\"@id\":\"https:\/\/epochtimestr.com\/index.php\/chp-afyonkarahisar-il-baskani-akgoz-ana-muhalefet-gomlegi-chpye-dar-geliyor\"},\"author\":{\"name\":\"Nesrin Se\u00e7er\",\"@id\":\"https:\/\/epochtimestr.com\/#\/schema\/person\/9449775713995720d2e8d6af219e3cc3\"},\"headline\":\"CHP Afyonkarahisar \u0130l Ba\u015fkan\u0131 Akg\u00f6z: Ana Muhalefet G\u00f6mle\u011fi CHP&#8217;ye Dar Geliyor\",\"datePublished\":\"2010-10-16T16:58:07+00:00\",\"dateModified\":\"2024-03-01T13:26:32+00:00\",\"mainEntityOfPage\":{\"@id\":\"https:\/\/epochtimestr.com\/index.php\/chp-afyonkarahisar-il-baskani-akgoz-ana-muhalefet-gomlegi-chpye-dar-geliyor\"},\"wordCount\":263,\"commentCount\":0,\"publisher\":{\"@id\":\"https:\/\/epochtimestr.com\/#organization\"},\"image\":{\"@id\":\"https:\/\/epochtimestr.com\/index.php\/chp-afyonkarahisar-il-baskani-akgoz-ana-muhalefet-gomlegi-chpye-dar-geliyor#primaryimage\"},\"thumbnailUrl\":\"http:\/\/www.epochtimestr.com\/wp-content\/uploads\/2010\/agustos\/chpakgoz-222x300.jpg\",\"articleSection\":[\"Siyaset\"],\"inLanguage\":\"tr\",\"potentialAction\":[{\"@type\":\"CommentAction\",\"name\":\"Comment\",\"target\":[\"https:\/\/epochtimestr.com\/index.php\/chp-afyonkarahisar-il-baskani-akgoz-ana-muhalefet-gomlegi-chpye-dar-geliyor#respond\"]}]},{\"@type\":\"WebPage\",\"@id\":\"https:\/\/epochtimestr.com\/index.php\/chp-afyonkarahisar-il-baskani-akgoz-ana-muhalefet-gomlegi-chpye-dar-geliyor\",\"url\":\"https:\/\/epochtimestr.com\/index.php\/chp-afyonkarahisar-il-baskani-akgoz-ana-muhalefet-gomlegi-chpye-dar-geliyor\",\"name\":\"CHP Afyonkarahisar \u0130l Ba\u015fkan\u0131 Akg\u00f6z: Ana Muhalefet G\u00f6mle\u011fi CHP'ye Dar Geliyor - The Epoch Times TR\",\"isPartOf\":{\"@id\":\"https:\/\/epochtimestr.com\/#website\"},\"primaryImageOfPage\":{\"@id\":\"https:\/\/epochtimestr.com\/index.php\/chp-afyonkarahisar-il-baskani-akgoz-ana-muhalefet-gomlegi-chpye-dar-geliyor#primaryimage\"},\"image\":{\"@id\":\"https:\/\/epochtimestr.com\/index.php\/chp-afyonkarahisar-il-baskani-akgoz-ana-muhalefet-gomlegi-chpye-dar-geliyor#primaryimage\"},\"thumbnailUrl\":\"http:\/\/www.epochtimestr.com\/wp-content\/uploads\/2010\/agustos\/chpakgoz-222x300.jpg\",\"datePublished\":\"2010-10-16T16:58:07+00:00\",\"dateModified\":\"2024-03-01T13:26:32+00:00\",\"inLanguage\":\"tr\",\"potentialAction\":[{\"@type\":\"ReadAction\",\"target\":[\"https:\/\/epochtimestr.com\/index.php\/chp-afyonkarahisar-il-baskani-akgoz-ana-muhalefet-gomlegi-chpye-dar-geliyor\"]}]},{\"@type\":\"ImageObject\",\"inLanguage\":\"tr\",\"@id\":\"https:\/\/epochtimestr.com\/index.php\/chp-afyonkarahisar-il-baskani-akgoz-ana-muhalefet-gomlegi-chpye-dar-geliyor#primaryimage\",\"url\":\"http:\/\/www.epochtimestr.com\/wp-content\/uploads\/2010\/agustos\/chpakgoz-222x300.jpg\",\"contentUrl\":\"http:\/\/www.epochtimestr.com\/wp-content\/uploads\/2010\/agustos\/chpakgoz-222x300.jpg\"},{\"@type\":\"WebSite\",\"@id\":\"https:\/\/epochtimestr.com\/#website\",\"url\":\"https:\/\/epochtimestr.com\/\",\"name\":\"The Epoch Times TR\",\"description\":\"De\u011fi\u015fen D\u00fcnyam\u0131za Taze Bir Bak\u0131\u015f\",\"publisher\":{\"@id\":\"https:\/\/epochtimestr.com\/#organization\"},\"potentialAction\":[{\"@type\":\"SearchAction\",\"target\":{\"@type\":\"EntryPoint\",\"urlTemplate\":\"https:\/\/epochtimestr.com\/?s={search_term_string}\"},\"query-input\":\"required name=search_term_string\"}],\"inLanguage\":\"tr\"},{\"@type\":\"Organization\",\"@id\":\"https:\/\/epochtimestr.com\/#organization\",\"name\":\"The EpochTimes T\u00fcrkiye\",\"url\":\"https:\/\/epochtimestr.com\/\",\"logo\":{\"@type\":\"ImageObject\",\"inLanguage\":\"tr\",\"@id\":\"https:\/\/epochtimestr.com\/#\/schema\/logo\/image\/\",\"url\":\"https:\/\/epochtimestr.com\/wp-content\/uploads\/2011y\/ET-Logo-YG.jpg\",\"contentUrl\":\"https:\/\/epochtimestr.com\/wp-content\/uploads\/2011y\/ET-Logo-YG.jpg\",\"width\":346,\"height\":29,\"caption\":\"The EpochTimes T\u00fcrkiye\"},\"image\":{\"@id\":\"https:\/\/epochtimestr.com\/#\/schema\/logo\/image\/\"},\"sameAs\":[\"https:\/\/www.facebook.com\/theepochtimestr\",\"https:\/\/x.com\/TheEpochTimesTR\",\"https:\/\/www.instagram.com\/epochtimestr\"]},{\"@type\":\"Person\",\"@id\":\"https:\/\/epochtimestr.com\/#\/schema\/person\/9449775713995720d2e8d6af219e3cc3\",\"name\":\"Nesrin Se\u00e7er\",\"image\":{\"@type\":\"ImageObject\",\"inLanguage\":\"tr\",\"@id\":\"https:\/\/epochtimestr.com\/#\/schema\/person\/image\/\",\"url\":\"https:\/\/secure.gravatar.com\/avatar\/9e76ddf1406df7ae1827116f0007ff40?s=96&d=mm&r=g\",\"contentUrl\":\"https:\/\/secure.gravatar.com\/avatar\/9e76ddf1406df7ae1827116f0007ff40?s=96&d=mm&r=g\",\"caption\":\"Nesrin Se\u00e7er\"},\"url\":\"https:\/\/epochtimestr.com\/index.php\/author\/nesrin\"}]}<\/script>\n<!-- \/ Yoast SEO plugin. -->","yoast_head_json":{"title":"CHP Afyonkarahisar \u0130l Ba\u015fkan\u0131 Akg\u00f6z: Ana Muhalefet G\u00f6mle\u011fi CHP'ye Dar Geliyor - The Epoch Times TR","robots":{"index":"index","follow":"follow","max-snippet":"max-snippet:-1","max-image-preview":"max-image-preview:large","max-video-preview":"max-video-preview:-1"},"canonical":"https:\/\/epochtimestr.com\/index.php\/chp-afyonkarahisar-il-baskani-akgoz-ana-muhalefet-gomlegi-chpye-dar-geliyor","og_locale":"tr_TR","og_type":"article","og_title":"CHP Afyonkarahisar \u0130l Ba\u015fkan\u0131 Akg\u00f6z: Ana Muhalefet G\u00f6mle\u011fi CHP'ye Dar Geliyor - The Epoch Times TR","og_description":"AFYONKARAH\u0130SAR&#8211; Cumhuriyet Halk Partisi (CHP) Afyonkarahisar \u0130l Ba\u015fkan\u0131 Ramazan Akg\u00f6z, ana muhalefet g\u00f6mle\u011finin CHP&#8217;ye dar geldi\u011fini s\u00f6yledi. CHP Afyonkarahisar \u0130l Ba\u015fkanl\u0131\u011f\u0131&#8217;n\u0131n dan\u0131\u015fma toplant\u0131s\u0131 Afyon Lisesi toplant\u0131 salonunda yap\u0131ld\u0131. Toplant\u0131 da CHP \u0130l Ba\u015fkan\u0131 Akg\u00f6z, genel se\u00e7ime haz\u0131rl\u0131k \u00e7al\u0131\u015fmalar\u0131n\u0131 ba\u015flatt\u0131. Toplant\u0131n\u0131n bas\u0131na a\u00e7\u0131k b\u00f6l\u00fcm\u00fcnde konu\u015fan \u0130l Ba\u015fkan\u0131 Akg\u00f6z, uzun y\u0131llar aradan sonra partinin ilk defa dan\u0131\u015fma [&hellip;]","og_url":"https:\/\/epochtimestr.com\/index.php\/chp-afyonkarahisar-il-baskani-akgoz-ana-muhalefet-gomlegi-chpye-dar-geliyor","og_site_name":"The Epoch Times TR","article_publisher":"https:\/\/www.facebook.com\/theepochtimestr","article_published_time":"2010-10-16T16:58:07+00:00","article_modified_time":"2024-03-01T13:26:32+00:00","og_image":[{"url":"http:\/\/www.epochtimestr.com\/wp-content\/uploads\/2010\/agustos\/chpakgoz-222x300.jpg"}],"author":"Nesrin Se\u00e7er","twitter_card":"summary_large_image","twitter_creator":"@TheEpochTimesTR","twitter_site":"@TheEpochTimesTR","twitter_misc":{"Yazan:":"Nesrin Se\u00e7er","Tahmini okuma s\u00fcresi":"1 dakika"},"schema":{"@context":"https:\/\/schema.org","@graph":[{"@type":"Article","@id":"https:\/\/epochtimestr.com\/index.php\/chp-afyonkarahisar-il-baskani-akgoz-ana-muhalefet-gomlegi-chpye-dar-geliyor#article","isPartOf":{"@id":"https:\/\/epochtimestr.com\/index.php\/chp-afyonkarahisar-il-baskani-akgoz-ana-muhalefet-gomlegi-chpye-dar-geliyor"},"author":{"name":"Nesrin Se\u00e7er","@id":"https:\/\/epochtimestr.com\/#\/schema\/person\/9449775713995720d2e8d6af219e3cc3"},"headline":"CHP Afyonkarahisar \u0130l Ba\u015fkan\u0131 Akg\u00f6z: Ana Muhalefet G\u00f6mle\u011fi CHP&#8217;ye Dar Geliyor","datePublished":"2010-10-16T16:58:07+00:00","dateModified":"2024-03-01T13:26:32+00:00","mainEntityOfPage":{"@id":"https:\/\/epochtimestr.com\/index.php\/chp-afyonkarahisar-il-baskani-akgoz-ana-muhalefet-gomlegi-chpye-dar-geliyor"},"wordCount":263,"commentCount":0,"publisher":{"@id":"https:\/\/epochtimestr.com\/#organization"},"image":{"@id":"https:\/\/epochtimestr.com\/index.php\/chp-afyonkarahisar-il-baskani-akgoz-ana-muhalefet-gomlegi-chpye-dar-geliyor#primaryimage"},"thumbnailUrl":"http:\/\/www.epochtimestr.com\/wp-content\/uploads\/2010\/agustos\/chpakgoz-222x300.jpg","articleSection":["Siyaset"],"inLanguage":"tr","potentialAction":[{"@type":"CommentAction","name":"Comment","target":["https:\/\/epochtimestr.com\/index.php\/chp-afyonkarahisar-il-baskani-akgoz-ana-muhalefet-gomlegi-chpye-dar-geliyor#respond"]}]},{"@type":"WebPage","@id":"https:\/\/epochtimestr.com\/index.php\/chp-afyonkarahisar-il-baskani-akgoz-ana-muhalefet-gomlegi-chpye-dar-geliyor","url":"https:\/\/epochtimestr.com\/index.php\/chp-afyonkarahisar-il-baskani-akgoz-ana-muhalefet-gomlegi-chpye-dar-geliyor","name":"CHP Afyonkarahisar \u0130l Ba\u015fkan\u0131 Akg\u00f6z: Ana Muhalefet G\u00f6mle\u011fi CHP'ye Dar Geliyor - The Epoch Times TR","isPartOf":{"@id":"https:\/\/epochtimestr.com\/#website"},"primaryImageOfPage":{"@id":"https:\/\/epochtimestr.com\/index.php\/chp-afyonkarahisar-il-baskani-akgoz-ana-muhalefet-gomlegi-chpye-dar-geliyor#primaryimage"},"image":{"@id":"https:\/\/epochtimestr.com\/index.php\/chp-afyonkarahisar-il-baskani-akgoz-ana-muhalefet-gomlegi-chpye-dar-geliyor#primaryimage"},"thumbnailUrl":"http:\/\/www.epochtimestr.com\/wp-content\/uploads\/2010\/agustos\/chpakgoz-222x300.jpg","datePublished":"2010-10-16T16:58:07+00:00","dateModified":"2024-03-01T13:26:32+00:00","inLanguage":"tr","potentialAction":[{"@type":"ReadAction","target":["https:\/\/epochtimestr.com\/index.php\/chp-afyonkarahisar-il-baskani-akgoz-ana-muhalefet-gomlegi-chpye-dar-geliyor"]}]},{"@type":"ImageObject","inLanguage":"tr","@id":"https:\/\/epochtimestr.com\/index.php\/chp-afyonkarahisar-il-baskani-akgoz-ana-muhalefet-gomlegi-chpye-dar-geliyor#primaryimage","url":"http:\/\/www.epochtimestr.com\/wp-content\/uploads\/2010\/agustos\/chpakgoz-222x300.jpg","contentUrl":"http:\/\/www.epochtimestr.com\/wp-content\/uploads\/2010\/agustos\/chpakgoz-222x300.jpg"},{"@type":"WebSite","@id":"https:\/\/epochtimestr.com\/#website","url":"https:\/\/epochtimestr.com\/","name":"The Epoch Times TR","description":"De\u011fi\u015fen D\u00fcnyam\u0131za Taze Bir Bak\u0131\u015f","publisher":{"@id":"https:\/\/epochtimestr.com\/#organization"},"potentialAction":[{"@type":"SearchAction","target":{"@type":"EntryPoint","urlTemplate":"https:\/\/epochtimestr.com\/?s={search_term_string}"},"query-input":"required name=search_term_string"}],"inLanguage":"tr"},{"@type":"Organization","@id":"https:\/\/epochtimestr.com\/#organization","name":"The EpochTimes T\u00fcrkiye","url":"https:\/\/epochtimestr.com\/","logo":{"@type":"ImageObject","inLanguage":"tr","@id":"https:\/\/epochtimestr.com\/#\/schema\/logo\/image\/","url":"https:\/\/epochtimestr.com\/wp-content\/uploads\/2011y\/ET-Logo-YG.jpg","contentUrl":"https:\/\/epochtimestr.com\/wp-content\/uploads\/2011y\/ET-Logo-YG.jpg","width":346,"height":29,"caption":"The EpochTimes T\u00fcrkiye"},"image":{"@id":"https:\/\/epochtimestr.com\/#\/schema\/logo\/image\/"},"sameAs":["https:\/\/www.facebook.com\/theepochtimestr","https:\/\/x.com\/TheEpochTimesTR","https:\/\/www.instagram.com\/epochtimestr"]},{"@type":"Person","@id":"https:\/\/epochtimestr.com\/#\/schema\/person\/9449775713995720d2e8d6af219e3cc3","name":"Nesrin Se\u00e7er","image":{"@type":"ImageObject","inLanguage":"tr","@id":"https:\/\/epochtimestr.com\/#\/schema\/person\/image\/","url":"https:\/\/secure.gravatar.com\/avatar\/9e76ddf1406df7ae1827116f0007ff40?s=96&d=mm&r=g","contentUrl":"https:\/\/secure.gravatar.com\/avatar\/9e76ddf1406df7ae1827116f0007ff40?s=96&d=mm&r=g","caption":"Nesrin Se\u00e7er"},"url":"https:\/\/epochtimestr.com\/index.php\/author\/nesrin"}]}},"_links":{"self":[{"href":"https:\/\/epochtimestr.com\/index.php\/wp-json\/wp\/v2\/posts\/13759"}],"collection":[{"href":"https:\/\/epochtimestr.com\/index.php\/wp-json\/wp\/v2\/posts"}],"about":[{"href":"https:\/\/epochtimestr.com\/index.php\/wp-json\/wp\/v2\/types\/post"}],"author":[{"embeddable":true,"href":"https:\/\/epochtimestr.com\/index.php\/wp-json\/wp\/v2\/users\/18"}],"replies":[{"embeddable":true,"href":"https:\/\/epochtimestr.com\/index.php\/wp-json\/wp\/v2\/comments?post=13759"}],"version-history":[{"count":3,"href":"https:\/\/epochtimestr.com\/index.php\/wp-json\/wp\/v2\/posts\/13759\/revisions"}],"predecessor-version":[{"id":150249,"href":"https:\/\/epochtimestr.com\/index.php\/wp-json\/wp\/v2\/posts\/13759\/revisions\/150249"}],"wp:attachment":[{"href":"https:\/\/epochtimestr.com\/index.php\/wp-json\/wp\/v2\/media?parent=13759"}],"wp:term":[{"taxonomy":"category","embeddable":true,"href":"https:\/\/epochtimestr.com\/index.php\/wp-json\/wp\/v2\/categories?post=13759"},{"taxonomy":"post_tag","embeddable":true,"href":"https:\/\/epochtimestr.com\/index.php\/wp-json\/wp\/v2\/tags?post=13759"}],"curies":[{"name":"wp","href":"https:\/\/api.w.org\/{rel}","templated":true}]}}