{"id":137755,"date":"2022-01-03T21:27:27","date_gmt":"2022-01-03T18:27:27","guid":{"rendered":"https:\/\/epochtimestr.com\/?p=137755"},"modified":"2022-01-03T21:27:30","modified_gmt":"2022-01-03T18:27:30","slug":"abd-savunma-bakani-coronaya-yakalandi","status":"publish","type":"post","link":"https:\/\/epochtimestr.com\/index.php\/abd-savunma-bakani-coronaya-yakalandi","title":{"rendered":"ABD Savunma Bakan\u0131 Corona\u2019ya Yakaland\u0131"},"content":{"rendered":"\n<div class=\"wp-block-image\"><figure class=\"aligncenter size-large\"><img loading=\"lazy\" decoding=\"async\" width=\"600\" height=\"400\" src=\"https:\/\/epochtimestr.com\/wp-content\/uploads\/2011y\/ABD-Bayrak-1-600x400.jpg\" alt=\"\" class=\"wp-image-133970\" srcset=\"https:\/\/epochtimestr.com\/wp-content\/uploads\/2011y\/ABD-Bayrak-1-600x400.jpg 600w, https:\/\/epochtimestr.com\/wp-content\/uploads\/2011y\/ABD-Bayrak-1-300x200.jpg 300w, https:\/\/epochtimestr.com\/wp-content\/uploads\/2011y\/ABD-Bayrak-1-150x100.jpg 150w, https:\/\/epochtimestr.com\/wp-content\/uploads\/2011y\/ABD-Bayrak-1-450x300.jpg 450w, https:\/\/epochtimestr.com\/wp-content\/uploads\/2011y\/ABD-Bayrak-1.jpg 640w\" sizes=\"(max-width: 600px) 100vw, 600px\" \/><\/figure><\/div>\n\n\n\n<h2 class=\"wp-block-heading\">ABD Savunma Bakan\u0131 Lloyd Austin\u2019in, Corona vir\u00fcs\u00fc testinin pozitif oldu\u011fu bildirildi.<\/h2>\n\n\n\n<p>ABD Savunma Bakan\u0131 Lloyd Austin\u2019in be\u015f g\u00fcn boyunca karantinada kalaca\u011f\u0131 kaydedildi.<\/p>\n\n\n\n<p>Austin\u2019in ABD Ba\u015fkan\u0131 Joe Biden\u2019la en son yak\u0131n temas\u0131n\u0131n semptomlar\u0131 ba\u015flamadan bir hafta \u00f6nce oldu\u011fu, o sabah da kendisine yap\u0131lan testin negatif oldu\u011fu belirtildi.<\/p>\n\n\n\n<p>Austin\u2019in karantina boyunca, t\u00fcm g\u00f6rev ve yetkilerini elinde tutmaya devam edece\u011fi, gerekli toplant\u0131 ve g\u00f6r\u00fc\u015fmelere sanal olarak kat\u0131laca\u011f\u0131 bildirildi.<\/p>\n\n\n\n<p>ABD\u2019yi kas\u0131p kavuran Omicron varyant\u0131yla birlikte Corona vir\u00fcs\u00fc testi pozitif \u00e7\u0131kan en \u00fcst d\u00fczey devlet yetkilisi Austin oldu. Ge\u00e7ti\u011fimiz g\u00fcnlerde ABD\u2019li birka\u00e7 Temsilciler Meclisi \u00dcyesi testlerinin pozitif oldu\u011funu a\u00e7\u0131klam\u0131\u015ft\u0131. Joe Biden\u2019\u0131n bas\u0131n s\u00f6zc\u00fcs\u00fc Jen Psaki de Ekim ay\u0131nda Corona\u2019ya yakalanm\u0131\u015ft\u0131.<\/p>\n","protected":false},"excerpt":{"rendered":"<p>ABD Savunma Bakan\u0131 Lloyd Austin\u2019in, Corona vir\u00fcs\u00fc testinin pozitif oldu\u011fu bildirildi. ABD Savunma Bakan\u0131 Lloyd Austin\u2019in be\u015f g\u00fcn boyunca karantinada kalaca\u011f\u0131 kaydedildi. Austin\u2019in ABD Ba\u015fkan\u0131 Joe Biden\u2019la en son yak\u0131n temas\u0131n\u0131n semptomlar\u0131 ba\u015flamadan bir hafta \u00f6nce oldu\u011fu, o sabah da kendisine yap\u0131lan testin negatif oldu\u011fu belirtildi. Austin\u2019in karantina boyunca, t\u00fcm g\u00f6rev ve yetkilerini elinde tutmaya [&hellip;]<\/p>\n","protected":false},"author":12791,"featured_media":133970,"comment_status":"closed","ping_status":"open","sticky":false,"template":"","format":"standard","meta":{"_yoast_wpseo_focuskw":"","_yoast_wpseo_title":"","_yoast_wpseo_metadesc":"","_bbp_topic_count":0,"_bbp_reply_count":0,"_bbp_total_topic_count":0,"_bbp_total_reply_count":0,"_bbp_voice_count":0,"_bbp_anonymous_reply_count":0,"_bbp_topic_count_hidden":0,"_bbp_reply_count_hidden":0,"_bbp_forum_subforum_count":0,"footnotes":"","_yoast_wpseo_focuskw_text_input":""},"categories":[5,1],"tags":[],"yoast_head":"<!-- This site is optimized with the Yoast SEO plugin v23.0 - https:\/\/yoast.com\/wordpress\/plugins\/seo\/ -->\n<title>ABD Savunma Bakan\u0131 Corona\u2019ya Yakaland\u0131 - The Epoch Times TR<\/title>\n<meta name=\"robots\" content=\"index, follow, max-snippet:-1, max-image-preview:large, max-video-preview:-1\" \/>\n<link rel=\"canonical\" href=\"https:\/\/epochtimestr.com\/index.php\/abd-savunma-bakani-coronaya-yakalandi\" \/>\n<meta property=\"og:locale\" content=\"tr_TR\" \/>\n<meta property=\"og:type\" content=\"article\" \/>\n<meta property=\"og:title\" content=\"ABD Savunma Bakan\u0131 Corona\u2019ya Yakaland\u0131 - The Epoch Times TR\" \/>\n<meta property=\"og:description\" content=\"ABD Savunma Bakan\u0131 Lloyd Austin\u2019in, Corona vir\u00fcs\u00fc testinin pozitif oldu\u011fu bildirildi. ABD Savunma Bakan\u0131 Lloyd Austin\u2019in be\u015f g\u00fcn boyunca karantinada kalaca\u011f\u0131 kaydedildi. Austin\u2019in ABD Ba\u015fkan\u0131 Joe Biden\u2019la en son yak\u0131n temas\u0131n\u0131n semptomlar\u0131 ba\u015flamadan bir hafta \u00f6nce oldu\u011fu, o sabah da kendisine yap\u0131lan testin negatif oldu\u011fu belirtildi. Austin\u2019in karantina boyunca, t\u00fcm g\u00f6rev ve yetkilerini elinde tutmaya [&hellip;]\" \/>\n<meta property=\"og:url\" content=\"https:\/\/epochtimestr.com\/index.php\/abd-savunma-bakani-coronaya-yakalandi\" \/>\n<meta property=\"og:site_name\" content=\"The Epoch Times TR\" \/>\n<meta property=\"article:publisher\" content=\"https:\/\/www.facebook.com\/theepochtimestr\" \/>\n<meta property=\"article:published_time\" content=\"2022-01-03T18:27:27+00:00\" \/>\n<meta property=\"article:modified_time\" content=\"2022-01-03T18:27:30+00:00\" \/>\n<meta property=\"og:image\" content=\"https:\/\/epochtimestr.com\/wp-content\/uploads\/2011y\/ABD-Bayrak-1.jpg\" \/>\n\t<meta property=\"og:image:width\" content=\"640\" \/>\n\t<meta property=\"og:image:height\" content=\"426\" \/>\n\t<meta property=\"og:image:type\" content=\"image\/jpeg\" \/>\n<meta name=\"author\" content=\"Haber Merkezi\" \/>\n<meta name=\"twitter:card\" content=\"summary_large_image\" \/>\n<meta name=\"twitter:creator\" content=\"@TheEpochTimesTR\" \/>\n<meta name=\"twitter:site\" content=\"@TheEpochTimesTR\" \/>\n<meta name=\"twitter:label1\" content=\"Yazan:\" \/>\n\t<meta name=\"twitter:data1\" content=\"Haber Merkezi\" \/>\n\t<meta name=\"twitter:label2\" content=\"Tahmini okuma s\u00fcresi\" \/>\n\t<meta name=\"twitter:data2\" content=\"1 dakika\" \/>\n<script type=\"application\/ld+json\" class=\"yoast-schema-graph\">{\"@context\":\"https:\/\/schema.org\",\"@graph\":[{\"@type\":\"Article\",\"@id\":\"https:\/\/epochtimestr.com\/index.php\/abd-savunma-bakani-coronaya-yakalandi#article\",\"isPartOf\":{\"@id\":\"https:\/\/epochtimestr.com\/index.php\/abd-savunma-bakani-coronaya-yakalandi\"},\"author\":{\"name\":\"Haber Merkezi\",\"@id\":\"https:\/\/epochtimestr.com\/#\/schema\/person\/3dc5c3adeb9f43923c5aa85889172fdd\"},\"headline\":\"ABD Savunma Bakan\u0131 Corona\u2019ya Yakaland\u0131\",\"datePublished\":\"2022-01-03T18:27:27+00:00\",\"dateModified\":\"2022-01-03T18:27:30+00:00\",\"mainEntityOfPage\":{\"@id\":\"https:\/\/epochtimestr.com\/index.php\/abd-savunma-bakani-coronaya-yakalandi\"},\"wordCount\":152,\"publisher\":{\"@id\":\"https:\/\/epochtimestr.com\/#organization\"},\"image\":{\"@id\":\"https:\/\/epochtimestr.com\/index.php\/abd-savunma-bakani-coronaya-yakalandi#primaryimage\"},\"thumbnailUrl\":\"https:\/\/epochtimestr.com\/wp-content\/uploads\/2011y\/ABD-Bayrak-1.jpg\",\"articleSection\":[\"D\u00dcNYA\",\"G\u00dcNDEM\"],\"inLanguage\":\"tr\"},{\"@type\":\"WebPage\",\"@id\":\"https:\/\/epochtimestr.com\/index.php\/abd-savunma-bakani-coronaya-yakalandi\",\"url\":\"https:\/\/epochtimestr.com\/index.php\/abd-savunma-bakani-coronaya-yakalandi\",\"name\":\"ABD Savunma Bakan\u0131 Corona\u2019ya Yakaland\u0131 - The Epoch Times TR\",\"isPartOf\":{\"@id\":\"https:\/\/epochtimestr.com\/#website\"},\"primaryImageOfPage\":{\"@id\":\"https:\/\/epochtimestr.com\/index.php\/abd-savunma-bakani-coronaya-yakalandi#primaryimage\"},\"image\":{\"@id\":\"https:\/\/epochtimestr.com\/index.php\/abd-savunma-bakani-coronaya-yakalandi#primaryimage\"},\"thumbnailUrl\":\"https:\/\/epochtimestr.com\/wp-content\/uploads\/2011y\/ABD-Bayrak-1.jpg\",\"datePublished\":\"2022-01-03T18:27:27+00:00\",\"dateModified\":\"2022-01-03T18:27:30+00:00\",\"inLanguage\":\"tr\",\"potentialAction\":[{\"@type\":\"ReadAction\",\"target\":[\"https:\/\/epochtimestr.com\/index.php\/abd-savunma-bakani-coronaya-yakalandi\"]}]},{\"@type\":\"ImageObject\",\"inLanguage\":\"tr\",\"@id\":\"https:\/\/epochtimestr.com\/index.php\/abd-savunma-bakani-coronaya-yakalandi#primaryimage\",\"url\":\"https:\/\/epochtimestr.com\/wp-content\/uploads\/2011y\/ABD-Bayrak-1.jpg\",\"contentUrl\":\"https:\/\/epochtimestr.com\/wp-content\/uploads\/2011y\/ABD-Bayrak-1.jpg\",\"width\":640,\"height\":426},{\"@type\":\"WebSite\",\"@id\":\"https:\/\/epochtimestr.com\/#website\",\"url\":\"https:\/\/epochtimestr.com\/\",\"name\":\"The Epoch Times TR\",\"description\":\"De\u011fi\u015fen D\u00fcnyam\u0131za Taze Bir Bak\u0131\u015f\",\"publisher\":{\"@id\":\"https:\/\/epochtimestr.com\/#organization\"},\"potentialAction\":[{\"@type\":\"SearchAction\",\"target\":{\"@type\":\"EntryPoint\",\"urlTemplate\":\"https:\/\/epochtimestr.com\/?s={search_term_string}\"},\"query-input\":\"required name=search_term_string\"}],\"inLanguage\":\"tr\"},{\"@type\":\"Organization\",\"@id\":\"https:\/\/epochtimestr.com\/#organization\",\"name\":\"The EpochTimes T\u00fcrkiye\",\"url\":\"https:\/\/epochtimestr.com\/\",\"logo\":{\"@type\":\"ImageObject\",\"inLanguage\":\"tr\",\"@id\":\"https:\/\/epochtimestr.com\/#\/schema\/logo\/image\/\",\"url\":\"https:\/\/epochtimestr.com\/wp-content\/uploads\/2011y\/ET-Logo-YG.jpg\",\"contentUrl\":\"https:\/\/epochtimestr.com\/wp-content\/uploads\/2011y\/ET-Logo-YG.jpg\",\"width\":346,\"height\":29,\"caption\":\"The EpochTimes T\u00fcrkiye\"},\"image\":{\"@id\":\"https:\/\/epochtimestr.com\/#\/schema\/logo\/image\/\"},\"sameAs\":[\"https:\/\/www.facebook.com\/theepochtimestr\",\"https:\/\/x.com\/TheEpochTimesTR\",\"https:\/\/www.instagram.com\/epochtimestr\"]},{\"@type\":\"Person\",\"@id\":\"https:\/\/epochtimestr.com\/#\/schema\/person\/3dc5c3adeb9f43923c5aa85889172fdd\",\"name\":\"Haber Merkezi\",\"image\":{\"@type\":\"ImageObject\",\"inLanguage\":\"tr\",\"@id\":\"https:\/\/epochtimestr.com\/#\/schema\/person\/image\/\",\"url\":\"https:\/\/secure.gravatar.com\/avatar\/d73f772ba5a74f28601361e17c2f93e6?s=96&d=mm&r=g\",\"contentUrl\":\"https:\/\/secure.gravatar.com\/avatar\/d73f772ba5a74f28601361e17c2f93e6?s=96&d=mm&r=g\",\"caption\":\"Haber Merkezi\"},\"url\":\"https:\/\/epochtimestr.com\/index.php\/author\/sendag\"}]}<\/script>\n<!-- \/ Yoast SEO plugin. -->","yoast_head_json":{"title":"ABD Savunma Bakan\u0131 Corona\u2019ya Yakaland\u0131 - The Epoch Times TR","robots":{"index":"index","follow":"follow","max-snippet":"max-snippet:-1","max-image-preview":"max-image-preview:large","max-video-preview":"max-video-preview:-1"},"canonical":"https:\/\/epochtimestr.com\/index.php\/abd-savunma-bakani-coronaya-yakalandi","og_locale":"tr_TR","og_type":"article","og_title":"ABD Savunma Bakan\u0131 Corona\u2019ya Yakaland\u0131 - The Epoch Times TR","og_description":"ABD Savunma Bakan\u0131 Lloyd Austin\u2019in, Corona vir\u00fcs\u00fc testinin pozitif oldu\u011fu bildirildi. ABD Savunma Bakan\u0131 Lloyd Austin\u2019in be\u015f g\u00fcn boyunca karantinada kalaca\u011f\u0131 kaydedildi. Austin\u2019in ABD Ba\u015fkan\u0131 Joe Biden\u2019la en son yak\u0131n temas\u0131n\u0131n semptomlar\u0131 ba\u015flamadan bir hafta \u00f6nce oldu\u011fu, o sabah da kendisine yap\u0131lan testin negatif oldu\u011fu belirtildi. Austin\u2019in karantina boyunca, t\u00fcm g\u00f6rev ve yetkilerini elinde tutmaya [&hellip;]","og_url":"https:\/\/epochtimestr.com\/index.php\/abd-savunma-bakani-coronaya-yakalandi","og_site_name":"The Epoch Times TR","article_publisher":"https:\/\/www.facebook.com\/theepochtimestr","article_published_time":"2022-01-03T18:27:27+00:00","article_modified_time":"2022-01-03T18:27:30+00:00","og_image":[{"width":640,"height":426,"url":"https:\/\/epochtimestr.com\/wp-content\/uploads\/2011y\/ABD-Bayrak-1.jpg","type":"image\/jpeg"}],"author":"Haber Merkezi","twitter_card":"summary_large_image","twitter_creator":"@TheEpochTimesTR","twitter_site":"@TheEpochTimesTR","twitter_misc":{"Yazan:":"Haber Merkezi","Tahmini okuma s\u00fcresi":"1 dakika"},"schema":{"@context":"https:\/\/schema.org","@graph":[{"@type":"Article","@id":"https:\/\/epochtimestr.com\/index.php\/abd-savunma-bakani-coronaya-yakalandi#article","isPartOf":{"@id":"https:\/\/epochtimestr.com\/index.php\/abd-savunma-bakani-coronaya-yakalandi"},"author":{"name":"Haber Merkezi","@id":"https:\/\/epochtimestr.com\/#\/schema\/person\/3dc5c3adeb9f43923c5aa85889172fdd"},"headline":"ABD Savunma Bakan\u0131 Corona\u2019ya Yakaland\u0131","datePublished":"2022-01-03T18:27:27+00:00","dateModified":"2022-01-03T18:27:30+00:00","mainEntityOfPage":{"@id":"https:\/\/epochtimestr.com\/index.php\/abd-savunma-bakani-coronaya-yakalandi"},"wordCount":152,"publisher":{"@id":"https:\/\/epochtimestr.com\/#organization"},"image":{"@id":"https:\/\/epochtimestr.com\/index.php\/abd-savunma-bakani-coronaya-yakalandi#primaryimage"},"thumbnailUrl":"https:\/\/epochtimestr.com\/wp-content\/uploads\/2011y\/ABD-Bayrak-1.jpg","articleSection":["D\u00dcNYA","G\u00dcNDEM"],"inLanguage":"tr"},{"@type":"WebPage","@id":"https:\/\/epochtimestr.com\/index.php\/abd-savunma-bakani-coronaya-yakalandi","url":"https:\/\/epochtimestr.com\/index.php\/abd-savunma-bakani-coronaya-yakalandi","name":"ABD Savunma Bakan\u0131 Corona\u2019ya Yakaland\u0131 - The Epoch Times TR","isPartOf":{"@id":"https:\/\/epochtimestr.com\/#website"},"primaryImageOfPage":{"@id":"https:\/\/epochtimestr.com\/index.php\/abd-savunma-bakani-coronaya-yakalandi#primaryimage"},"image":{"@id":"https:\/\/epochtimestr.com\/index.php\/abd-savunma-bakani-coronaya-yakalandi#primaryimage"},"thumbnailUrl":"https:\/\/epochtimestr.com\/wp-content\/uploads\/2011y\/ABD-Bayrak-1.jpg","datePublished":"2022-01-03T18:27:27+00:00","dateModified":"2022-01-03T18:27:30+00:00","inLanguage":"tr","potentialAction":[{"@type":"ReadAction","target":["https:\/\/epochtimestr.com\/index.php\/abd-savunma-bakani-coronaya-yakalandi"]}]},{"@type":"ImageObject","inLanguage":"tr","@id":"https:\/\/epochtimestr.com\/index.php\/abd-savunma-bakani-coronaya-yakalandi#primaryimage","url":"https:\/\/epochtimestr.com\/wp-content\/uploads\/2011y\/ABD-Bayrak-1.jpg","contentUrl":"https:\/\/epochtimestr.com\/wp-content\/uploads\/2011y\/ABD-Bayrak-1.jpg","width":640,"height":426},{"@type":"WebSite","@id":"https:\/\/epochtimestr.com\/#website","url":"https:\/\/epochtimestr.com\/","name":"The Epoch Times TR","description":"De\u011fi\u015fen D\u00fcnyam\u0131za Taze Bir Bak\u0131\u015f","publisher":{"@id":"https:\/\/epochtimestr.com\/#organization"},"potentialAction":[{"@type":"SearchAction","target":{"@type":"EntryPoint","urlTemplate":"https:\/\/epochtimestr.com\/?s={search_term_string}"},"query-input":"required name=search_term_string"}],"inLanguage":"tr"},{"@type":"Organization","@id":"https:\/\/epochtimestr.com\/#organization","name":"The EpochTimes T\u00fcrkiye","url":"https:\/\/epochtimestr.com\/","logo":{"@type":"ImageObject","inLanguage":"tr","@id":"https:\/\/epochtimestr.com\/#\/schema\/logo\/image\/","url":"https:\/\/epochtimestr.com\/wp-content\/uploads\/2011y\/ET-Logo-YG.jpg","contentUrl":"https:\/\/epochtimestr.com\/wp-content\/uploads\/2011y\/ET-Logo-YG.jpg","width":346,"height":29,"caption":"The EpochTimes T\u00fcrkiye"},"image":{"@id":"https:\/\/epochtimestr.com\/#\/schema\/logo\/image\/"},"sameAs":["https:\/\/www.facebook.com\/theepochtimestr","https:\/\/x.com\/TheEpochTimesTR","https:\/\/www.instagram.com\/epochtimestr"]},{"@type":"Person","@id":"https:\/\/epochtimestr.com\/#\/schema\/person\/3dc5c3adeb9f43923c5aa85889172fdd","name":"Haber Merkezi","image":{"@type":"ImageObject","inLanguage":"tr","@id":"https:\/\/epochtimestr.com\/#\/schema\/person\/image\/","url":"https:\/\/secure.gravatar.com\/avatar\/d73f772ba5a74f28601361e17c2f93e6?s=96&d=mm&r=g","contentUrl":"https:\/\/secure.gravatar.com\/avatar\/d73f772ba5a74f28601361e17c2f93e6?s=96&d=mm&r=g","caption":"Haber Merkezi"},"url":"https:\/\/epochtimestr.com\/index.php\/author\/sendag"}]}},"_links":{"self":[{"href":"https:\/\/epochtimestr.com\/index.php\/wp-json\/wp\/v2\/posts\/137755"}],"collection":[{"href":"https:\/\/epochtimestr.com\/index.php\/wp-json\/wp\/v2\/posts"}],"about":[{"href":"https:\/\/epochtimestr.com\/index.php\/wp-json\/wp\/v2\/types\/post"}],"author":[{"embeddable":true,"href":"https:\/\/epochtimestr.com\/index.php\/wp-json\/wp\/v2\/users\/12791"}],"replies":[{"embeddable":true,"href":"https:\/\/epochtimestr.com\/index.php\/wp-json\/wp\/v2\/comments?post=137755"}],"version-history":[{"count":1,"href":"https:\/\/epochtimestr.com\/index.php\/wp-json\/wp\/v2\/posts\/137755\/revisions"}],"predecessor-version":[{"id":137756,"href":"https:\/\/epochtimestr.com\/index.php\/wp-json\/wp\/v2\/posts\/137755\/revisions\/137756"}],"wp:featuredmedia":[{"embeddable":true,"href":"https:\/\/epochtimestr.com\/index.php\/wp-json\/wp\/v2\/media\/133970"}],"wp:attachment":[{"href":"https:\/\/epochtimestr.com\/index.php\/wp-json\/wp\/v2\/media?parent=137755"}],"wp:term":[{"taxonomy":"category","embeddable":true,"href":"https:\/\/epochtimestr.com\/index.php\/wp-json\/wp\/v2\/categories?post=137755"},{"taxonomy":"post_tag","embeddable":true,"href":"https:\/\/epochtimestr.com\/index.php\/wp-json\/wp\/v2\/tags?post=137755"}],"curies":[{"name":"wp","href":"https:\/\/api.w.org\/{rel}","templated":true}]}}