{"id":137759,"date":"2022-01-03T21:38:11","date_gmt":"2022-01-03T18:38:11","guid":{"rendered":"https:\/\/epochtimestr.com\/?p=137759"},"modified":"2022-01-03T21:38:14","modified_gmt":"2022-01-03T18:38:14","slug":"erdogan-yuz-yuze-egitimin-devam-edecegini-acikladi","status":"publish","type":"post","link":"https:\/\/epochtimestr.com\/index.php\/erdogan-yuz-yuze-egitimin-devam-edecegini-acikladi","title":{"rendered":"Erdo\u011fan, Y\u00fcz Y\u00fcze E\u011fitimin Devam Edece\u011fini A\u00e7\u0131klad\u0131"},"content":{"rendered":"\n<div class=\"wp-block-image\"><figure class=\"aligncenter size-full\"><img loading=\"lazy\" decoding=\"async\" width=\"500\" height=\"375\" src=\"https:\/\/epochtimestr.com\/wp-content\/uploads\/2011y\/Erdogan-tcbb.gov_-1.jpg\" alt=\"\" class=\"wp-image-135584\" srcset=\"https:\/\/epochtimestr.com\/wp-content\/uploads\/2011y\/Erdogan-tcbb.gov_-1.jpg 500w, https:\/\/epochtimestr.com\/wp-content\/uploads\/2011y\/Erdogan-tcbb.gov_-1-300x225.jpg 300w, https:\/\/epochtimestr.com\/wp-content\/uploads\/2011y\/Erdogan-tcbb.gov_-1-150x113.jpg 150w, https:\/\/epochtimestr.com\/wp-content\/uploads\/2011y\/Erdogan-tcbb.gov_-1-86x64.jpg 86w\" sizes=\"(max-width: 500px) 100vw, 500px\" \/><\/figure><\/div>\n\n\n\n<h2 class=\"wp-block-heading\">Cumhurba\u015fkan\u0131 Erdo\u011fan, &#8220;Tedbirlere riayet ederek y\u00fcz y\u00fcze e\u011fitime devam edece\u011fiz.&#8221; dedi.<\/h2>\n\n\n\n<p>2022&#8217;nin ilk Kabine Toplant\u0131s\u0131, Ba\u015fkan\u00a0Recep Tayyip Erdo\u011fan\u00a0liderli\u011finde saat 16.25&#8217;te\u00a0Cumhurba\u015fkanl\u0131\u011f\u0131 K\u00fclliyesi&#8217;nde ba\u015flam\u0131\u015ft\u0131.<\/p>\n\n\n\n<p>Omicron varyant\u0131n\u0131n etkisiyle\u00a0Covid19\u00a0vakalar\u0131n\u0131n yeniden art\u0131\u015fa ge\u00e7ti\u011fi d\u00f6nemde, y\u00fcz y\u00fcze e\u011fitime ara verilip verilmeyece\u011fi merak konusu olmu\u015ftu. Kabine toplant\u0131s\u0131 sonras\u0131 konu\u015fan Erdo\u011fan&#8217;\u0131n y\u00fcz y\u00fcze e\u011fitimle ilgili a\u00e7\u0131klamalar\u0131 \u015fu \u015fekilde;<\/p>\n\n\n\n<p>E\u011fitim her d\u00f6nemde oldu\u011fu gibi salg\u0131n s\u00fcrecinde de en \u00f6nemli ba\u015fl\u0131k aras\u0131nda olmay\u0131 s\u00fcrd\u00fcr\u00fcyor. \u00dclkemizdeki \u00f6\u011fretmenlerin en az iki doz a\u015f\u0131lanma oranlar\u0131 bug\u00fcn itibariyle \u0130ngiltere, Fransa gibi \u00fclkelerin \u00fczerindedir. Tedbirlere riayet ederek y\u00fcz y\u00fcze e\u011fitime devam edece\u011fiz.<\/p>\n\n\n\n<p>Say\u0131lar\u0131n\u0131 500 binlerden 1,2 milyona ula\u015ft\u0131rd\u0131\u011f\u0131m\u0131z \u00f6\u011fretmenlerimizi de desteklemeyi s\u00fcrd\u00fcr\u00fcyoruz. Ge\u00e7ti\u011fimiz y\u0131l Bakanl\u0131\u011f\u0131m\u0131z\u0131n d\u00fczenledi\u011fi e\u011fitimlere %134&#8217;l\u00fck art\u0131\u015fla binlerce \u00f6\u011fretmenimiz kat\u0131ld\u0131. \u00d6\u011fretmen ba\u015f\u0131na 4,4 saatlik e\u011fitimle son 5 y\u0131l\u0131n&#8230; uzun y\u0131llardan beri dillendirilen \u00d6\u011fretmenlik Meslek Kanun&#8217;uyla ilgili haz\u0131rl\u0131k 2021&#8217;in y\u0131l\u0131nda Meclis&#8217;e teslim edildi. Meclis&#8217;imizde 3008 say\u0131l\u0131 meslek kanununda 2 \u00f6nemli de\u011fi\u015fiklik yap\u0131ld\u0131. \u00dc\u00e7\u00fcnc\u00fc y\u0131l\u0131n sonunda kalfalar\u0131n ald\u0131\u011f\u0131 \u00fccreti de iyile\u015ftirerek asgari \u00fccretin yar\u0131s\u0131 kadar \u00fccret alabilmeyi sa\u011flad\u0131k. Hedefimiz bu y\u0131l sonuna kadar mesleki e\u011fitim merkezlerindeki \u00f6\u011frenci say\u0131s\u0131n\u0131 1 milyona \u00e7\u0131karmakt\u0131r.<\/p>\n\n\n\n<p><\/p>\n","protected":false},"excerpt":{"rendered":"<p>Cumhurba\u015fkan\u0131 Erdo\u011fan, &#8220;Tedbirlere riayet ederek y\u00fcz y\u00fcze e\u011fitime devam edece\u011fiz.&#8221; dedi. 2022&#8217;nin ilk Kabine Toplant\u0131s\u0131, Ba\u015fkan\u00a0Recep Tayyip Erdo\u011fan\u00a0liderli\u011finde saat 16.25&#8217;te\u00a0Cumhurba\u015fkanl\u0131\u011f\u0131 K\u00fclliyesi&#8217;nde ba\u015flam\u0131\u015ft\u0131. Omicron varyant\u0131n\u0131n etkisiyle\u00a0Covid19\u00a0vakalar\u0131n\u0131n yeniden art\u0131\u015fa ge\u00e7ti\u011fi d\u00f6nemde, y\u00fcz y\u00fcze e\u011fitime ara verilip verilmeyece\u011fi merak konusu olmu\u015ftu. Kabine toplant\u0131s\u0131 sonras\u0131 konu\u015fan Erdo\u011fan&#8217;\u0131n y\u00fcz y\u00fcze e\u011fitimle ilgili a\u00e7\u0131klamalar\u0131 \u015fu \u015fekilde; E\u011fitim her d\u00f6nemde oldu\u011fu gibi [&hellip;]<\/p>\n","protected":false},"author":12791,"featured_media":135584,"comment_status":"closed","ping_status":"open","sticky":false,"template":"","format":"standard","meta":{"_yoast_wpseo_focuskw":"","_yoast_wpseo_title":"","_yoast_wpseo_metadesc":"","_bbp_topic_count":0,"_bbp_reply_count":0,"_bbp_total_topic_count":0,"_bbp_total_reply_count":0,"_bbp_voice_count":0,"_bbp_anonymous_reply_count":0,"_bbp_topic_count_hidden":0,"_bbp_reply_count_hidden":0,"_bbp_forum_subforum_count":0,"footnotes":"","_yoast_wpseo_focuskw_text_input":""},"categories":[1,37],"tags":[],"yoast_head":"<!-- This site is optimized with the Yoast SEO plugin v23.0 - https:\/\/yoast.com\/wordpress\/plugins\/seo\/ -->\n<title>Erdo\u011fan, Y\u00fcz Y\u00fcze E\u011fitimin Devam Edece\u011fini A\u00e7\u0131klad\u0131 - The Epoch Times TR<\/title>\n<meta name=\"robots\" content=\"index, follow, max-snippet:-1, max-image-preview:large, max-video-preview:-1\" \/>\n<link rel=\"canonical\" href=\"https:\/\/epochtimestr.com\/index.php\/erdogan-yuz-yuze-egitimin-devam-edecegini-acikladi\" \/>\n<meta property=\"og:locale\" content=\"tr_TR\" \/>\n<meta property=\"og:type\" content=\"article\" \/>\n<meta property=\"og:title\" content=\"Erdo\u011fan, Y\u00fcz Y\u00fcze E\u011fitimin Devam Edece\u011fini A\u00e7\u0131klad\u0131 - The Epoch Times TR\" \/>\n<meta property=\"og:description\" content=\"Cumhurba\u015fkan\u0131 Erdo\u011fan, &#8220;Tedbirlere riayet ederek y\u00fcz y\u00fcze e\u011fitime devam edece\u011fiz.&#8221; dedi. 2022&#8217;nin ilk Kabine Toplant\u0131s\u0131, Ba\u015fkan\u00a0Recep Tayyip Erdo\u011fan\u00a0liderli\u011finde saat 16.25&#8217;te\u00a0Cumhurba\u015fkanl\u0131\u011f\u0131 K\u00fclliyesi&#8217;nde ba\u015flam\u0131\u015ft\u0131. Omicron varyant\u0131n\u0131n etkisiyle\u00a0Covid19\u00a0vakalar\u0131n\u0131n yeniden art\u0131\u015fa ge\u00e7ti\u011fi d\u00f6nemde, y\u00fcz y\u00fcze e\u011fitime ara verilip verilmeyece\u011fi merak konusu olmu\u015ftu. Kabine toplant\u0131s\u0131 sonras\u0131 konu\u015fan Erdo\u011fan&#8217;\u0131n y\u00fcz y\u00fcze e\u011fitimle ilgili a\u00e7\u0131klamalar\u0131 \u015fu \u015fekilde; E\u011fitim her d\u00f6nemde oldu\u011fu gibi [&hellip;]\" \/>\n<meta property=\"og:url\" content=\"https:\/\/epochtimestr.com\/index.php\/erdogan-yuz-yuze-egitimin-devam-edecegini-acikladi\" \/>\n<meta property=\"og:site_name\" content=\"The Epoch Times TR\" \/>\n<meta property=\"article:publisher\" content=\"https:\/\/www.facebook.com\/theepochtimestr\" \/>\n<meta property=\"article:published_time\" content=\"2022-01-03T18:38:11+00:00\" \/>\n<meta property=\"article:modified_time\" content=\"2022-01-03T18:38:14+00:00\" \/>\n<meta property=\"og:image\" content=\"https:\/\/epochtimestr.com\/wp-content\/uploads\/2011y\/Erdogan-tcbb.gov_-1.jpg\" \/>\n\t<meta property=\"og:image:width\" content=\"500\" \/>\n\t<meta property=\"og:image:height\" content=\"375\" \/>\n\t<meta property=\"og:image:type\" content=\"image\/jpeg\" \/>\n<meta name=\"author\" content=\"Haber Merkezi\" \/>\n<meta name=\"twitter:card\" content=\"summary_large_image\" \/>\n<meta name=\"twitter:creator\" content=\"@TheEpochTimesTR\" \/>\n<meta name=\"twitter:site\" content=\"@TheEpochTimesTR\" \/>\n<meta name=\"twitter:label1\" content=\"Yazan:\" \/>\n\t<meta name=\"twitter:data1\" content=\"Haber Merkezi\" \/>\n\t<meta name=\"twitter:label2\" content=\"Tahmini okuma s\u00fcresi\" \/>\n\t<meta name=\"twitter:data2\" content=\"1 dakika\" \/>\n<script type=\"application\/ld+json\" class=\"yoast-schema-graph\">{\"@context\":\"https:\/\/schema.org\",\"@graph\":[{\"@type\":\"Article\",\"@id\":\"https:\/\/epochtimestr.com\/index.php\/erdogan-yuz-yuze-egitimin-devam-edecegini-acikladi#article\",\"isPartOf\":{\"@id\":\"https:\/\/epochtimestr.com\/index.php\/erdogan-yuz-yuze-egitimin-devam-edecegini-acikladi\"},\"author\":{\"name\":\"Haber Merkezi\",\"@id\":\"https:\/\/epochtimestr.com\/#\/schema\/person\/3dc5c3adeb9f43923c5aa85889172fdd\"},\"headline\":\"Erdo\u011fan, Y\u00fcz Y\u00fcze E\u011fitimin Devam Edece\u011fini A\u00e7\u0131klad\u0131\",\"datePublished\":\"2022-01-03T18:38:11+00:00\",\"dateModified\":\"2022-01-03T18:38:14+00:00\",\"mainEntityOfPage\":{\"@id\":\"https:\/\/epochtimestr.com\/index.php\/erdogan-yuz-yuze-egitimin-devam-edecegini-acikladi\"},\"wordCount\":275,\"publisher\":{\"@id\":\"https:\/\/epochtimestr.com\/#organization\"},\"image\":{\"@id\":\"https:\/\/epochtimestr.com\/index.php\/erdogan-yuz-yuze-egitimin-devam-edecegini-acikladi#primaryimage\"},\"thumbnailUrl\":\"https:\/\/epochtimestr.com\/wp-content\/uploads\/2011y\/Erdogan-tcbb.gov_-1.jpg\",\"articleSection\":[\"G\u00dcNDEM\",\"T\u00dcRK\u0130YE\"],\"inLanguage\":\"tr\"},{\"@type\":\"WebPage\",\"@id\":\"https:\/\/epochtimestr.com\/index.php\/erdogan-yuz-yuze-egitimin-devam-edecegini-acikladi\",\"url\":\"https:\/\/epochtimestr.com\/index.php\/erdogan-yuz-yuze-egitimin-devam-edecegini-acikladi\",\"name\":\"Erdo\u011fan, Y\u00fcz Y\u00fcze E\u011fitimin Devam Edece\u011fini A\u00e7\u0131klad\u0131 - The Epoch Times TR\",\"isPartOf\":{\"@id\":\"https:\/\/epochtimestr.com\/#website\"},\"primaryImageOfPage\":{\"@id\":\"https:\/\/epochtimestr.com\/index.php\/erdogan-yuz-yuze-egitimin-devam-edecegini-acikladi#primaryimage\"},\"image\":{\"@id\":\"https:\/\/epochtimestr.com\/index.php\/erdogan-yuz-yuze-egitimin-devam-edecegini-acikladi#primaryimage\"},\"thumbnailUrl\":\"https:\/\/epochtimestr.com\/wp-content\/uploads\/2011y\/Erdogan-tcbb.gov_-1.jpg\",\"datePublished\":\"2022-01-03T18:38:11+00:00\",\"dateModified\":\"2022-01-03T18:38:14+00:00\",\"inLanguage\":\"tr\",\"potentialAction\":[{\"@type\":\"ReadAction\",\"target\":[\"https:\/\/epochtimestr.com\/index.php\/erdogan-yuz-yuze-egitimin-devam-edecegini-acikladi\"]}]},{\"@type\":\"ImageObject\",\"inLanguage\":\"tr\",\"@id\":\"https:\/\/epochtimestr.com\/index.php\/erdogan-yuz-yuze-egitimin-devam-edecegini-acikladi#primaryimage\",\"url\":\"https:\/\/epochtimestr.com\/wp-content\/uploads\/2011y\/Erdogan-tcbb.gov_-1.jpg\",\"contentUrl\":\"https:\/\/epochtimestr.com\/wp-content\/uploads\/2011y\/Erdogan-tcbb.gov_-1.jpg\",\"width\":500,\"height\":375},{\"@type\":\"WebSite\",\"@id\":\"https:\/\/epochtimestr.com\/#website\",\"url\":\"https:\/\/epochtimestr.com\/\",\"name\":\"The Epoch Times TR\",\"description\":\"De\u011fi\u015fen D\u00fcnyam\u0131za Taze Bir Bak\u0131\u015f\",\"publisher\":{\"@id\":\"https:\/\/epochtimestr.com\/#organization\"},\"potentialAction\":[{\"@type\":\"SearchAction\",\"target\":{\"@type\":\"EntryPoint\",\"urlTemplate\":\"https:\/\/epochtimestr.com\/?s={search_term_string}\"},\"query-input\":\"required name=search_term_string\"}],\"inLanguage\":\"tr\"},{\"@type\":\"Organization\",\"@id\":\"https:\/\/epochtimestr.com\/#organization\",\"name\":\"The EpochTimes T\u00fcrkiye\",\"url\":\"https:\/\/epochtimestr.com\/\",\"logo\":{\"@type\":\"ImageObject\",\"inLanguage\":\"tr\",\"@id\":\"https:\/\/epochtimestr.com\/#\/schema\/logo\/image\/\",\"url\":\"https:\/\/epochtimestr.com\/wp-content\/uploads\/2011y\/ET-Logo-YG.jpg\",\"contentUrl\":\"https:\/\/epochtimestr.com\/wp-content\/uploads\/2011y\/ET-Logo-YG.jpg\",\"width\":346,\"height\":29,\"caption\":\"The EpochTimes T\u00fcrkiye\"},\"image\":{\"@id\":\"https:\/\/epochtimestr.com\/#\/schema\/logo\/image\/\"},\"sameAs\":[\"https:\/\/www.facebook.com\/theepochtimestr\",\"https:\/\/x.com\/TheEpochTimesTR\",\"https:\/\/www.instagram.com\/epochtimestr\"]},{\"@type\":\"Person\",\"@id\":\"https:\/\/epochtimestr.com\/#\/schema\/person\/3dc5c3adeb9f43923c5aa85889172fdd\",\"name\":\"Haber Merkezi\",\"image\":{\"@type\":\"ImageObject\",\"inLanguage\":\"tr\",\"@id\":\"https:\/\/epochtimestr.com\/#\/schema\/person\/image\/\",\"url\":\"https:\/\/secure.gravatar.com\/avatar\/d73f772ba5a74f28601361e17c2f93e6?s=96&d=mm&r=g\",\"contentUrl\":\"https:\/\/secure.gravatar.com\/avatar\/d73f772ba5a74f28601361e17c2f93e6?s=96&d=mm&r=g\",\"caption\":\"Haber Merkezi\"},\"url\":\"https:\/\/epochtimestr.com\/index.php\/author\/sendag\"}]}<\/script>\n<!-- \/ Yoast SEO plugin. -->","yoast_head_json":{"title":"Erdo\u011fan, Y\u00fcz Y\u00fcze E\u011fitimin Devam Edece\u011fini A\u00e7\u0131klad\u0131 - The Epoch Times TR","robots":{"index":"index","follow":"follow","max-snippet":"max-snippet:-1","max-image-preview":"max-image-preview:large","max-video-preview":"max-video-preview:-1"},"canonical":"https:\/\/epochtimestr.com\/index.php\/erdogan-yuz-yuze-egitimin-devam-edecegini-acikladi","og_locale":"tr_TR","og_type":"article","og_title":"Erdo\u011fan, Y\u00fcz Y\u00fcze E\u011fitimin Devam Edece\u011fini A\u00e7\u0131klad\u0131 - The Epoch Times TR","og_description":"Cumhurba\u015fkan\u0131 Erdo\u011fan, &#8220;Tedbirlere riayet ederek y\u00fcz y\u00fcze e\u011fitime devam edece\u011fiz.&#8221; dedi. 2022&#8217;nin ilk Kabine Toplant\u0131s\u0131, Ba\u015fkan\u00a0Recep Tayyip Erdo\u011fan\u00a0liderli\u011finde saat 16.25&#8217;te\u00a0Cumhurba\u015fkanl\u0131\u011f\u0131 K\u00fclliyesi&#8217;nde ba\u015flam\u0131\u015ft\u0131. Omicron varyant\u0131n\u0131n etkisiyle\u00a0Covid19\u00a0vakalar\u0131n\u0131n yeniden art\u0131\u015fa ge\u00e7ti\u011fi d\u00f6nemde, y\u00fcz y\u00fcze e\u011fitime ara verilip verilmeyece\u011fi merak konusu olmu\u015ftu. Kabine toplant\u0131s\u0131 sonras\u0131 konu\u015fan Erdo\u011fan&#8217;\u0131n y\u00fcz y\u00fcze e\u011fitimle ilgili a\u00e7\u0131klamalar\u0131 \u015fu \u015fekilde; E\u011fitim her d\u00f6nemde oldu\u011fu gibi [&hellip;]","og_url":"https:\/\/epochtimestr.com\/index.php\/erdogan-yuz-yuze-egitimin-devam-edecegini-acikladi","og_site_name":"The Epoch Times TR","article_publisher":"https:\/\/www.facebook.com\/theepochtimestr","article_published_time":"2022-01-03T18:38:11+00:00","article_modified_time":"2022-01-03T18:38:14+00:00","og_image":[{"width":500,"height":375,"url":"https:\/\/epochtimestr.com\/wp-content\/uploads\/2011y\/Erdogan-tcbb.gov_-1.jpg","type":"image\/jpeg"}],"author":"Haber Merkezi","twitter_card":"summary_large_image","twitter_creator":"@TheEpochTimesTR","twitter_site":"@TheEpochTimesTR","twitter_misc":{"Yazan:":"Haber Merkezi","Tahmini okuma s\u00fcresi":"1 dakika"},"schema":{"@context":"https:\/\/schema.org","@graph":[{"@type":"Article","@id":"https:\/\/epochtimestr.com\/index.php\/erdogan-yuz-yuze-egitimin-devam-edecegini-acikladi#article","isPartOf":{"@id":"https:\/\/epochtimestr.com\/index.php\/erdogan-yuz-yuze-egitimin-devam-edecegini-acikladi"},"author":{"name":"Haber Merkezi","@id":"https:\/\/epochtimestr.com\/#\/schema\/person\/3dc5c3adeb9f43923c5aa85889172fdd"},"headline":"Erdo\u011fan, Y\u00fcz Y\u00fcze E\u011fitimin Devam Edece\u011fini A\u00e7\u0131klad\u0131","datePublished":"2022-01-03T18:38:11+00:00","dateModified":"2022-01-03T18:38:14+00:00","mainEntityOfPage":{"@id":"https:\/\/epochtimestr.com\/index.php\/erdogan-yuz-yuze-egitimin-devam-edecegini-acikladi"},"wordCount":275,"publisher":{"@id":"https:\/\/epochtimestr.com\/#organization"},"image":{"@id":"https:\/\/epochtimestr.com\/index.php\/erdogan-yuz-yuze-egitimin-devam-edecegini-acikladi#primaryimage"},"thumbnailUrl":"https:\/\/epochtimestr.com\/wp-content\/uploads\/2011y\/Erdogan-tcbb.gov_-1.jpg","articleSection":["G\u00dcNDEM","T\u00dcRK\u0130YE"],"inLanguage":"tr"},{"@type":"WebPage","@id":"https:\/\/epochtimestr.com\/index.php\/erdogan-yuz-yuze-egitimin-devam-edecegini-acikladi","url":"https:\/\/epochtimestr.com\/index.php\/erdogan-yuz-yuze-egitimin-devam-edecegini-acikladi","name":"Erdo\u011fan, Y\u00fcz Y\u00fcze E\u011fitimin Devam Edece\u011fini A\u00e7\u0131klad\u0131 - The Epoch Times TR","isPartOf":{"@id":"https:\/\/epochtimestr.com\/#website"},"primaryImageOfPage":{"@id":"https:\/\/epochtimestr.com\/index.php\/erdogan-yuz-yuze-egitimin-devam-edecegini-acikladi#primaryimage"},"image":{"@id":"https:\/\/epochtimestr.com\/index.php\/erdogan-yuz-yuze-egitimin-devam-edecegini-acikladi#primaryimage"},"thumbnailUrl":"https:\/\/epochtimestr.com\/wp-content\/uploads\/2011y\/Erdogan-tcbb.gov_-1.jpg","datePublished":"2022-01-03T18:38:11+00:00","dateModified":"2022-01-03T18:38:14+00:00","inLanguage":"tr","potentialAction":[{"@type":"ReadAction","target":["https:\/\/epochtimestr.com\/index.php\/erdogan-yuz-yuze-egitimin-devam-edecegini-acikladi"]}]},{"@type":"ImageObject","inLanguage":"tr","@id":"https:\/\/epochtimestr.com\/index.php\/erdogan-yuz-yuze-egitimin-devam-edecegini-acikladi#primaryimage","url":"https:\/\/epochtimestr.com\/wp-content\/uploads\/2011y\/Erdogan-tcbb.gov_-1.jpg","contentUrl":"https:\/\/epochtimestr.com\/wp-content\/uploads\/2011y\/Erdogan-tcbb.gov_-1.jpg","width":500,"height":375},{"@type":"WebSite","@id":"https:\/\/epochtimestr.com\/#website","url":"https:\/\/epochtimestr.com\/","name":"The Epoch Times TR","description":"De\u011fi\u015fen D\u00fcnyam\u0131za Taze Bir Bak\u0131\u015f","publisher":{"@id":"https:\/\/epochtimestr.com\/#organization"},"potentialAction":[{"@type":"SearchAction","target":{"@type":"EntryPoint","urlTemplate":"https:\/\/epochtimestr.com\/?s={search_term_string}"},"query-input":"required name=search_term_string"}],"inLanguage":"tr"},{"@type":"Organization","@id":"https:\/\/epochtimestr.com\/#organization","name":"The EpochTimes T\u00fcrkiye","url":"https:\/\/epochtimestr.com\/","logo":{"@type":"ImageObject","inLanguage":"tr","@id":"https:\/\/epochtimestr.com\/#\/schema\/logo\/image\/","url":"https:\/\/epochtimestr.com\/wp-content\/uploads\/2011y\/ET-Logo-YG.jpg","contentUrl":"https:\/\/epochtimestr.com\/wp-content\/uploads\/2011y\/ET-Logo-YG.jpg","width":346,"height":29,"caption":"The EpochTimes T\u00fcrkiye"},"image":{"@id":"https:\/\/epochtimestr.com\/#\/schema\/logo\/image\/"},"sameAs":["https:\/\/www.facebook.com\/theepochtimestr","https:\/\/x.com\/TheEpochTimesTR","https:\/\/www.instagram.com\/epochtimestr"]},{"@type":"Person","@id":"https:\/\/epochtimestr.com\/#\/schema\/person\/3dc5c3adeb9f43923c5aa85889172fdd","name":"Haber Merkezi","image":{"@type":"ImageObject","inLanguage":"tr","@id":"https:\/\/epochtimestr.com\/#\/schema\/person\/image\/","url":"https:\/\/secure.gravatar.com\/avatar\/d73f772ba5a74f28601361e17c2f93e6?s=96&d=mm&r=g","contentUrl":"https:\/\/secure.gravatar.com\/avatar\/d73f772ba5a74f28601361e17c2f93e6?s=96&d=mm&r=g","caption":"Haber Merkezi"},"url":"https:\/\/epochtimestr.com\/index.php\/author\/sendag"}]}},"_links":{"self":[{"href":"https:\/\/epochtimestr.com\/index.php\/wp-json\/wp\/v2\/posts\/137759"}],"collection":[{"href":"https:\/\/epochtimestr.com\/index.php\/wp-json\/wp\/v2\/posts"}],"about":[{"href":"https:\/\/epochtimestr.com\/index.php\/wp-json\/wp\/v2\/types\/post"}],"author":[{"embeddable":true,"href":"https:\/\/epochtimestr.com\/index.php\/wp-json\/wp\/v2\/users\/12791"}],"replies":[{"embeddable":true,"href":"https:\/\/epochtimestr.com\/index.php\/wp-json\/wp\/v2\/comments?post=137759"}],"version-history":[{"count":1,"href":"https:\/\/epochtimestr.com\/index.php\/wp-json\/wp\/v2\/posts\/137759\/revisions"}],"predecessor-version":[{"id":137760,"href":"https:\/\/epochtimestr.com\/index.php\/wp-json\/wp\/v2\/posts\/137759\/revisions\/137760"}],"wp:featuredmedia":[{"embeddable":true,"href":"https:\/\/epochtimestr.com\/index.php\/wp-json\/wp\/v2\/media\/135584"}],"wp:attachment":[{"href":"https:\/\/epochtimestr.com\/index.php\/wp-json\/wp\/v2\/media?parent=137759"}],"wp:term":[{"taxonomy":"category","embeddable":true,"href":"https:\/\/epochtimestr.com\/index.php\/wp-json\/wp\/v2\/categories?post=137759"},{"taxonomy":"post_tag","embeddable":true,"href":"https:\/\/epochtimestr.com\/index.php\/wp-json\/wp\/v2\/tags?post=137759"}],"curies":[{"name":"wp","href":"https:\/\/api.w.org\/{rel}","templated":true}]}}