{"id":137886,"date":"2022-01-22T19:17:41","date_gmt":"2022-01-22T16:17:41","guid":{"rendered":"https:\/\/epochtimestr.com\/?p=137886"},"modified":"2022-01-23T16:16:55","modified_gmt":"2022-01-23T13:16:55","slug":"sedef-kabasa-erdogana-hakaretten-tutuklama-talebi-verildi","status":"publish","type":"post","link":"https:\/\/epochtimestr.com\/index.php\/sedef-kabasa-erdogana-hakaretten-tutuklama-talebi-verildi","title":{"rendered":"Sedef Kaba\u015f&#8217;a, Erdo\u011fan&#8217;a Hakaretten Tutuklama Talebi Verildi"},"content":{"rendered":"\n<div class=\"wp-block-image\"><figure class=\"aligncenter size-large\"><img loading=\"lazy\" decoding=\"async\" width=\"600\" height=\"379\" src=\"https:\/\/epochtimestr.com\/wp-content\/uploads\/2011y\/Sedef-Kabas-SedefKabastv-Youtube-600x379.png\" alt=\"\" class=\"wp-image-137889\" srcset=\"https:\/\/epochtimestr.com\/wp-content\/uploads\/2011y\/Sedef-Kabas-SedefKabastv-Youtube-600x379.png 600w, https:\/\/epochtimestr.com\/wp-content\/uploads\/2011y\/Sedef-Kabas-SedefKabastv-Youtube-300x189.png 300w, https:\/\/epochtimestr.com\/wp-content\/uploads\/2011y\/Sedef-Kabas-SedefKabastv-Youtube-150x95.png 150w, https:\/\/epochtimestr.com\/wp-content\/uploads\/2011y\/Sedef-Kabas-SedefKabastv-Youtube-768x484.png 768w, https:\/\/epochtimestr.com\/wp-content\/uploads\/2011y\/Sedef-Kabas-SedefKabastv-Youtube.png 1089w\" sizes=\"(max-width: 600px) 100vw, 600px\" \/><\/figure><\/div>\n\n\n\n<h2 class=\"wp-block-heading\">Gazeteci Sedef Kaba\u015f,&nbsp;\u2018Cumhurba\u015fkan\u0131na hakaret\u2019 su\u00e7undan tutuklama talebiyle hakimli\u011fe sevk edildi.<\/h2>\n\n\n\n<p>Gazeteci Sedef Kaba\u015f, &nbsp;TELE1&#8217;de kat\u0131ld\u0131\u011f\u0131 programda&nbsp;&#8220;\u00c7ok me\u015fhur bir s\u00f6z vard\u0131r. Ta\u00e7lanan ba\u015f ak\u0131llan\u0131r diye. Ama g\u00f6r\u00fcyoruz ki ger\u00e7ek de\u011fil. Ya da tam tersi bir s\u00f6z vard\u0131r. B\u00fcy\u00fckba\u015f hayvan bir saraya girdi\u011fi zaman o kral olmaz. O saray ah\u0131r olur&#8221; ifadelerini kullanm\u0131\u015ft\u0131.<\/p>\n\n\n\n<p>AKP&#8217;li Cumhurba\u015fkan\u0131&nbsp;Recep Tayyip Erdo\u011fan&#8217;a y\u00f6nelik s\u00f6zleri nedeniyle g\u00f6zalt\u0131na al\u0131nan  Kaba\u015f, adliyeye sevk edildi. Savc\u0131l\u0131k, Kaba\u015f&#8217;\u0131 tutuklama istemiyle sulh ceza hakimli\u011fine sevk etti.<\/p>\n\n\n\n<p>Kaba\u015f, AKP S\u00f6zc\u00fcs\u00fc&nbsp;\u00d6mer \u00c7elik, \u0130\u00e7i\u015fleri Bakan\u0131&nbsp;S\u00fcleyman Soylu, \u00c7evre, \u015eehircilik ve \u0130klim De\u011fi\u015fikli\u011fi Bakan\u0131&nbsp;Murat Kurum&nbsp;ile Cumhurba\u015fkanl\u0131\u011f\u0131 S\u00f6zc\u00fcs\u00fc&nbsp;\u0130brahim Kal\u0131n&nbsp;taraf\u0131ndan hedef al\u0131nm\u0131\u015ft\u0131.<\/p>\n\n\n\n<p>Erdo\u011fan&#8217;a televizyon program\u0131nda s\u00f6yledi\u011fi s\u00f6zler nedeniyle hakk\u0131nda soru\u015fturma a\u00e7\u0131lan gazeteci Sedef Kaba\u015f i\u00e7in RT\u00dcK taraf\u0131ndan da inceleme ba\u015flat\u0131ld\u0131. Soru\u015fturma kapsam\u0131nda polis ekipleri saat 02.00 s\u0131ralar\u0131nda Kaba\u015f&#8217;\u0131n Sar\u0131yer&#8217;deki evine giderek g\u00f6zalt\u0131na ald\u0131.<\/p>\n\n\n\n<p>Vatan Caddesi&#8217;ndeki \u0130stanbul Emniyet M\u00fcd\u00fcrl\u00fc\u011f\u00fc&#8217;ne g\u00f6t\u00fcr\u00fclen Sedef Kaba\u015f, adliyeye sevk edildi. Kaba\u015f, \u00e7\u0131kar\u0131ld\u0131\u011f\u0131 savc\u0131l\u0131k\u00e7a \u2018Cumhurba\u015fkan\u0131na hakaret\u2019 su\u00e7undan tutuklama talebiyle hakimli\u011fe sevk edildi.<\/p>\n\n\n\n<p>Avukat U\u011fur Poyraz, g\u00f6zalt\u0131 olay\u0131 ile ilgili sosyal medya \u00fczerinden, &#8220;M\u00fcvekkilim Sedef Kaba\u015f Vatan caddesindeki \u0130stanbul Emniyet M\u00fcd\u00fcrl\u00fc\u011f\u00fcnde. Ben de \u015fimdi yan\u0131na ge\u00e7iyorum&#8221; \u015feklinde payla\u015f\u0131m yapt\u0131. Poyraz, daha sonra &#8220;Yar\u0131n ifade verdikten sonra \u0130stanbul Adliyesi&#8217;ne \u00e7\u0131kart\u0131lacak&#8221; bilgisini aktard\u0131.<\/p>\n\n\n\n<h4 class=\"wp-block-heading\">Bakan G\u00fcl Twitter&#8217;da Payla\u015f\u0131mda Bulundu<\/h4>\n\n\n\n<p>Adalet Bakan\u0131 Abdulhamit G\u00fcl, Kaba\u015f\u2019\u0131n g\u00f6zalt\u0131na al\u0131nmas\u0131yla ilgili olarak&nbsp;<strong>\u201cMilletimizin oylar\u0131yla se\u00e7ilmi\u015f Cumhurba\u015fkan\u0131m\u0131z\u0131 hedef alan, edepten nasipsiz, \u00e7irkin s\u00f6zleri lanetliyorum. Haset ve nefretten do\u011fan bu hadsiz ve hukuksuz ifadeler, milletin vicdan\u0131nda ve adalet \u00f6n\u00fcnde hak etti\u011fi kar\u015f\u0131l\u0131\u011f\u0131 bulacakt\u0131r\u201d<\/strong>&nbsp;dedi.<\/p>\n\n\n\n<div class=\"wp-block-image\"><figure class=\"aligncenter size-full\"><img loading=\"lazy\" decoding=\"async\" width=\"598\" height=\"315\" src=\"https:\/\/epochtimestr.com\/wp-content\/uploads\/2011y\/Adsizz.png\" alt=\"\" class=\"wp-image-137887\" srcset=\"https:\/\/epochtimestr.com\/wp-content\/uploads\/2011y\/Adsizz.png 598w, https:\/\/epochtimestr.com\/wp-content\/uploads\/2011y\/Adsizz-300x158.png 300w, https:\/\/epochtimestr.com\/wp-content\/uploads\/2011y\/Adsizz-150x79.png 150w\" sizes=\"(max-width: 598px) 100vw, 598px\" \/><\/figure><\/div>\n\n\n\n<p>Radyo ve Televizyon \u00dcst Kurulu (RT\u00dcK) Ba\u015fkan\u0131 Ebubekir \u015eahin\u2019se, Twitter hesab\u0131 \u00fczerinden kanala inceleme ba\u015flat\u0131laca\u011f\u0131n\u0131 \u015fu ifadelerle duyurdu:&nbsp;<strong>\u201cTELE 1 yay\u0131n kurulu\u015funda, Sedef Kaba\u015f\u2019\u0131n say\u0131n cumhurba\u015fkan\u0131m\u0131z\u0131 hedef alan kabul edilmesi asla m\u00fcmk\u00fcn olmayan s\u00f6zlerine ili\u015fkin inceleme karar\u0131 al\u0131nm\u0131\u015ft\u0131r. Konu ilk \u00fcst kurul toplant\u0131s\u0131nda kurul g\u00fcndemine getirilecektir. Kamuoyunun bilgisine sunar\u0131z.\u201d<\/strong><\/p>\n\n\n\n<h4 class=\"wp-block-heading\">Kaba\u015f, ifadesini tekrarlad\u0131<\/h4>\n\n\n\n<p>Kaba\u015f, soru\u015fturma haberi sonras\u0131 Twitter hesab\u0131 \u00fczerinden programdaki ifadelerini tekrarlad\u0131:&nbsp;<strong>\u201c<\/strong>\u2018\u00d6k\u00fcz saraya \u00e7\u0131k\u0131nca kral&nbsp;<strong>olmaz.&nbsp;<\/strong>Ama saray ah\u0131r olur.\u2019<strong>&nbsp;\u00c7erkes atas\u00f6z\u00fc.\u201d<\/strong><\/p>\n\n\n\n<div class=\"wp-block-image\"><figure class=\"aligncenter size-full\"><img loading=\"lazy\" decoding=\"async\" width=\"589\" height=\"247\" src=\"https:\/\/epochtimestr.com\/wp-content\/uploads\/2011y\/Adsizz-1.png\" alt=\"\" class=\"wp-image-137888\" srcset=\"https:\/\/epochtimestr.com\/wp-content\/uploads\/2011y\/Adsizz-1.png 589w, https:\/\/epochtimestr.com\/wp-content\/uploads\/2011y\/Adsizz-1-300x126.png 300w, https:\/\/epochtimestr.com\/wp-content\/uploads\/2011y\/Adsizz-1-150x63.png 150w\" sizes=\"(max-width: 589px) 100vw, 589px\" \/><\/figure><\/div>\n","protected":false},"excerpt":{"rendered":"<p>Gazeteci Sedef Kaba\u015f,&nbsp;\u2018Cumhurba\u015fkan\u0131na hakaret\u2019 su\u00e7undan tutuklama talebiyle hakimli\u011fe sevk edildi. Gazeteci Sedef Kaba\u015f, &nbsp;TELE1&#8217;de kat\u0131ld\u0131\u011f\u0131 programda&nbsp;&#8220;\u00c7ok me\u015fhur bir s\u00f6z vard\u0131r. Ta\u00e7lanan ba\u015f ak\u0131llan\u0131r diye. Ama g\u00f6r\u00fcyoruz ki ger\u00e7ek de\u011fil. Ya da tam tersi bir s\u00f6z vard\u0131r. B\u00fcy\u00fckba\u015f hayvan bir saraya girdi\u011fi zaman o kral olmaz. O saray ah\u0131r olur&#8221; ifadelerini kullanm\u0131\u015ft\u0131. AKP&#8217;li Cumhurba\u015fkan\u0131&nbsp;Recep Tayyip Erdo\u011fan&#8217;a [&hellip;]<\/p>\n","protected":false},"author":12791,"featured_media":137889,"comment_status":"closed","ping_status":"open","sticky":false,"template":"","format":"standard","meta":{"_yoast_wpseo_focuskw":"","_yoast_wpseo_title":"","_yoast_wpseo_metadesc":"","_bbp_topic_count":0,"_bbp_reply_count":0,"_bbp_total_topic_count":0,"_bbp_total_reply_count":0,"_bbp_voice_count":0,"_bbp_anonymous_reply_count":0,"_bbp_topic_count_hidden":0,"_bbp_reply_count_hidden":0,"_bbp_forum_subforum_count":0,"footnotes":"","_yoast_wpseo_focuskw_text_input":""},"categories":[1,8138,37],"tags":[],"yoast_head":"<!-- This site is optimized with the Yoast SEO plugin v23.0 - https:\/\/yoast.com\/wordpress\/plugins\/seo\/ -->\n<title>Sedef Kaba\u015f&#039;a, Erdo\u011fan&#039;a Hakaretten Tutuklama Talebi Verildi - The Epoch Times TR<\/title>\n<meta name=\"robots\" content=\"index, follow, max-snippet:-1, max-image-preview:large, max-video-preview:-1\" \/>\n<link rel=\"canonical\" href=\"https:\/\/epochtimestr.com\/index.php\/sedef-kabasa-erdogana-hakaretten-tutuklama-talebi-verildi\" \/>\n<meta property=\"og:locale\" content=\"tr_TR\" \/>\n<meta property=\"og:type\" content=\"article\" \/>\n<meta property=\"og:title\" content=\"Sedef Kaba\u015f&#039;a, Erdo\u011fan&#039;a Hakaretten Tutuklama Talebi Verildi - The Epoch Times TR\" \/>\n<meta property=\"og:description\" content=\"Gazeteci Sedef Kaba\u015f,&nbsp;\u2018Cumhurba\u015fkan\u0131na hakaret\u2019 su\u00e7undan tutuklama talebiyle hakimli\u011fe sevk edildi. Gazeteci Sedef Kaba\u015f, &nbsp;TELE1&#8217;de kat\u0131ld\u0131\u011f\u0131 programda&nbsp;&#8220;\u00c7ok me\u015fhur bir s\u00f6z vard\u0131r. Ta\u00e7lanan ba\u015f ak\u0131llan\u0131r diye. Ama g\u00f6r\u00fcyoruz ki ger\u00e7ek de\u011fil. Ya da tam tersi bir s\u00f6z vard\u0131r. B\u00fcy\u00fckba\u015f hayvan bir saraya girdi\u011fi zaman o kral olmaz. O saray ah\u0131r olur&#8221; ifadelerini kullanm\u0131\u015ft\u0131. AKP&#8217;li Cumhurba\u015fkan\u0131&nbsp;Recep Tayyip Erdo\u011fan&#8217;a [&hellip;]\" \/>\n<meta property=\"og:url\" content=\"https:\/\/epochtimestr.com\/index.php\/sedef-kabasa-erdogana-hakaretten-tutuklama-talebi-verildi\" \/>\n<meta property=\"og:site_name\" content=\"The Epoch Times TR\" \/>\n<meta property=\"article:publisher\" content=\"https:\/\/www.facebook.com\/theepochtimestr\" \/>\n<meta property=\"article:published_time\" content=\"2022-01-22T16:17:41+00:00\" \/>\n<meta property=\"article:modified_time\" content=\"2022-01-23T13:16:55+00:00\" \/>\n<meta property=\"og:image\" content=\"https:\/\/epochtimestr.com\/wp-content\/uploads\/2011y\/Sedef-Kabas-SedefKabastv-Youtube.png\" \/>\n\t<meta property=\"og:image:width\" content=\"1089\" \/>\n\t<meta property=\"og:image:height\" content=\"687\" \/>\n\t<meta property=\"og:image:type\" content=\"image\/png\" \/>\n<meta name=\"author\" content=\"Haber Merkezi\" \/>\n<meta name=\"twitter:card\" content=\"summary_large_image\" \/>\n<meta name=\"twitter:creator\" content=\"@TheEpochTimesTR\" \/>\n<meta name=\"twitter:site\" content=\"@TheEpochTimesTR\" \/>\n<meta name=\"twitter:label1\" content=\"Yazan:\" \/>\n\t<meta name=\"twitter:data1\" content=\"Haber Merkezi\" \/>\n\t<meta name=\"twitter:label2\" content=\"Tahmini okuma s\u00fcresi\" \/>\n\t<meta name=\"twitter:data2\" content=\"2 dakika\" \/>\n<script type=\"application\/ld+json\" class=\"yoast-schema-graph\">{\"@context\":\"https:\/\/schema.org\",\"@graph\":[{\"@type\":\"Article\",\"@id\":\"https:\/\/epochtimestr.com\/index.php\/sedef-kabasa-erdogana-hakaretten-tutuklama-talebi-verildi#article\",\"isPartOf\":{\"@id\":\"https:\/\/epochtimestr.com\/index.php\/sedef-kabasa-erdogana-hakaretten-tutuklama-talebi-verildi\"},\"author\":{\"name\":\"Haber Merkezi\",\"@id\":\"https:\/\/epochtimestr.com\/#\/schema\/person\/3dc5c3adeb9f43923c5aa85889172fdd\"},\"headline\":\"Sedef Kaba\u015f&#8217;a, Erdo\u011fan&#8217;a Hakaretten Tutuklama Talebi Verildi\",\"datePublished\":\"2022-01-22T16:17:41+00:00\",\"dateModified\":\"2022-01-23T13:16:55+00:00\",\"mainEntityOfPage\":{\"@id\":\"https:\/\/epochtimestr.com\/index.php\/sedef-kabasa-erdogana-hakaretten-tutuklama-talebi-verildi\"},\"wordCount\":477,\"publisher\":{\"@id\":\"https:\/\/epochtimestr.com\/#organization\"},\"image\":{\"@id\":\"https:\/\/epochtimestr.com\/index.php\/sedef-kabasa-erdogana-hakaretten-tutuklama-talebi-verildi#primaryimage\"},\"thumbnailUrl\":\"https:\/\/epochtimestr.com\/wp-content\/uploads\/2011y\/Sedef-Kabas-SedefKabastv-Youtube.png\",\"articleSection\":[\"G\u00dcNDEM\",\"MAN\u015eET\",\"T\u00dcRK\u0130YE\"],\"inLanguage\":\"tr\"},{\"@type\":\"WebPage\",\"@id\":\"https:\/\/epochtimestr.com\/index.php\/sedef-kabasa-erdogana-hakaretten-tutuklama-talebi-verildi\",\"url\":\"https:\/\/epochtimestr.com\/index.php\/sedef-kabasa-erdogana-hakaretten-tutuklama-talebi-verildi\",\"name\":\"Sedef Kaba\u015f'a, Erdo\u011fan'a Hakaretten Tutuklama Talebi Verildi - The Epoch Times TR\",\"isPartOf\":{\"@id\":\"https:\/\/epochtimestr.com\/#website\"},\"primaryImageOfPage\":{\"@id\":\"https:\/\/epochtimestr.com\/index.php\/sedef-kabasa-erdogana-hakaretten-tutuklama-talebi-verildi#primaryimage\"},\"image\":{\"@id\":\"https:\/\/epochtimestr.com\/index.php\/sedef-kabasa-erdogana-hakaretten-tutuklama-talebi-verildi#primaryimage\"},\"thumbnailUrl\":\"https:\/\/epochtimestr.com\/wp-content\/uploads\/2011y\/Sedef-Kabas-SedefKabastv-Youtube.png\",\"datePublished\":\"2022-01-22T16:17:41+00:00\",\"dateModified\":\"2022-01-23T13:16:55+00:00\",\"inLanguage\":\"tr\",\"potentialAction\":[{\"@type\":\"ReadAction\",\"target\":[\"https:\/\/epochtimestr.com\/index.php\/sedef-kabasa-erdogana-hakaretten-tutuklama-talebi-verildi\"]}]},{\"@type\":\"ImageObject\",\"inLanguage\":\"tr\",\"@id\":\"https:\/\/epochtimestr.com\/index.php\/sedef-kabasa-erdogana-hakaretten-tutuklama-talebi-verildi#primaryimage\",\"url\":\"https:\/\/epochtimestr.com\/wp-content\/uploads\/2011y\/Sedef-Kabas-SedefKabastv-Youtube.png\",\"contentUrl\":\"https:\/\/epochtimestr.com\/wp-content\/uploads\/2011y\/Sedef-Kabas-SedefKabastv-Youtube.png\",\"width\":1089,\"height\":687},{\"@type\":\"WebSite\",\"@id\":\"https:\/\/epochtimestr.com\/#website\",\"url\":\"https:\/\/epochtimestr.com\/\",\"name\":\"The Epoch Times TR\",\"description\":\"De\u011fi\u015fen D\u00fcnyam\u0131za Taze Bir Bak\u0131\u015f\",\"publisher\":{\"@id\":\"https:\/\/epochtimestr.com\/#organization\"},\"potentialAction\":[{\"@type\":\"SearchAction\",\"target\":{\"@type\":\"EntryPoint\",\"urlTemplate\":\"https:\/\/epochtimestr.com\/?s={search_term_string}\"},\"query-input\":\"required name=search_term_string\"}],\"inLanguage\":\"tr\"},{\"@type\":\"Organization\",\"@id\":\"https:\/\/epochtimestr.com\/#organization\",\"name\":\"The EpochTimes T\u00fcrkiye\",\"url\":\"https:\/\/epochtimestr.com\/\",\"logo\":{\"@type\":\"ImageObject\",\"inLanguage\":\"tr\",\"@id\":\"https:\/\/epochtimestr.com\/#\/schema\/logo\/image\/\",\"url\":\"https:\/\/epochtimestr.com\/wp-content\/uploads\/2011y\/ET-Logo-YG.jpg\",\"contentUrl\":\"https:\/\/epochtimestr.com\/wp-content\/uploads\/2011y\/ET-Logo-YG.jpg\",\"width\":346,\"height\":29,\"caption\":\"The EpochTimes T\u00fcrkiye\"},\"image\":{\"@id\":\"https:\/\/epochtimestr.com\/#\/schema\/logo\/image\/\"},\"sameAs\":[\"https:\/\/www.facebook.com\/theepochtimestr\",\"https:\/\/x.com\/TheEpochTimesTR\",\"https:\/\/www.instagram.com\/epochtimestr\"]},{\"@type\":\"Person\",\"@id\":\"https:\/\/epochtimestr.com\/#\/schema\/person\/3dc5c3adeb9f43923c5aa85889172fdd\",\"name\":\"Haber Merkezi\",\"image\":{\"@type\":\"ImageObject\",\"inLanguage\":\"tr\",\"@id\":\"https:\/\/epochtimestr.com\/#\/schema\/person\/image\/\",\"url\":\"https:\/\/secure.gravatar.com\/avatar\/d73f772ba5a74f28601361e17c2f93e6?s=96&d=mm&r=g\",\"contentUrl\":\"https:\/\/secure.gravatar.com\/avatar\/d73f772ba5a74f28601361e17c2f93e6?s=96&d=mm&r=g\",\"caption\":\"Haber Merkezi\"},\"url\":\"https:\/\/epochtimestr.com\/index.php\/author\/sendag\"}]}<\/script>\n<!-- \/ Yoast SEO plugin. -->","yoast_head_json":{"title":"Sedef Kaba\u015f'a, Erdo\u011fan'a Hakaretten Tutuklama Talebi Verildi - The Epoch Times TR","robots":{"index":"index","follow":"follow","max-snippet":"max-snippet:-1","max-image-preview":"max-image-preview:large","max-video-preview":"max-video-preview:-1"},"canonical":"https:\/\/epochtimestr.com\/index.php\/sedef-kabasa-erdogana-hakaretten-tutuklama-talebi-verildi","og_locale":"tr_TR","og_type":"article","og_title":"Sedef Kaba\u015f'a, Erdo\u011fan'a Hakaretten Tutuklama Talebi Verildi - The Epoch Times TR","og_description":"Gazeteci Sedef Kaba\u015f,&nbsp;\u2018Cumhurba\u015fkan\u0131na hakaret\u2019 su\u00e7undan tutuklama talebiyle hakimli\u011fe sevk edildi. Gazeteci Sedef Kaba\u015f, &nbsp;TELE1&#8217;de kat\u0131ld\u0131\u011f\u0131 programda&nbsp;&#8220;\u00c7ok me\u015fhur bir s\u00f6z vard\u0131r. Ta\u00e7lanan ba\u015f ak\u0131llan\u0131r diye. Ama g\u00f6r\u00fcyoruz ki ger\u00e7ek de\u011fil. Ya da tam tersi bir s\u00f6z vard\u0131r. B\u00fcy\u00fckba\u015f hayvan bir saraya girdi\u011fi zaman o kral olmaz. O saray ah\u0131r olur&#8221; ifadelerini kullanm\u0131\u015ft\u0131. AKP&#8217;li Cumhurba\u015fkan\u0131&nbsp;Recep Tayyip Erdo\u011fan&#8217;a [&hellip;]","og_url":"https:\/\/epochtimestr.com\/index.php\/sedef-kabasa-erdogana-hakaretten-tutuklama-talebi-verildi","og_site_name":"The Epoch Times TR","article_publisher":"https:\/\/www.facebook.com\/theepochtimestr","article_published_time":"2022-01-22T16:17:41+00:00","article_modified_time":"2022-01-23T13:16:55+00:00","og_image":[{"width":1089,"height":687,"url":"https:\/\/epochtimestr.com\/wp-content\/uploads\/2011y\/Sedef-Kabas-SedefKabastv-Youtube.png","type":"image\/png"}],"author":"Haber Merkezi","twitter_card":"summary_large_image","twitter_creator":"@TheEpochTimesTR","twitter_site":"@TheEpochTimesTR","twitter_misc":{"Yazan:":"Haber Merkezi","Tahmini okuma s\u00fcresi":"2 dakika"},"schema":{"@context":"https:\/\/schema.org","@graph":[{"@type":"Article","@id":"https:\/\/epochtimestr.com\/index.php\/sedef-kabasa-erdogana-hakaretten-tutuklama-talebi-verildi#article","isPartOf":{"@id":"https:\/\/epochtimestr.com\/index.php\/sedef-kabasa-erdogana-hakaretten-tutuklama-talebi-verildi"},"author":{"name":"Haber Merkezi","@id":"https:\/\/epochtimestr.com\/#\/schema\/person\/3dc5c3adeb9f43923c5aa85889172fdd"},"headline":"Sedef Kaba\u015f&#8217;a, Erdo\u011fan&#8217;a Hakaretten Tutuklama Talebi Verildi","datePublished":"2022-01-22T16:17:41+00:00","dateModified":"2022-01-23T13:16:55+00:00","mainEntityOfPage":{"@id":"https:\/\/epochtimestr.com\/index.php\/sedef-kabasa-erdogana-hakaretten-tutuklama-talebi-verildi"},"wordCount":477,"publisher":{"@id":"https:\/\/epochtimestr.com\/#organization"},"image":{"@id":"https:\/\/epochtimestr.com\/index.php\/sedef-kabasa-erdogana-hakaretten-tutuklama-talebi-verildi#primaryimage"},"thumbnailUrl":"https:\/\/epochtimestr.com\/wp-content\/uploads\/2011y\/Sedef-Kabas-SedefKabastv-Youtube.png","articleSection":["G\u00dcNDEM","MAN\u015eET","T\u00dcRK\u0130YE"],"inLanguage":"tr"},{"@type":"WebPage","@id":"https:\/\/epochtimestr.com\/index.php\/sedef-kabasa-erdogana-hakaretten-tutuklama-talebi-verildi","url":"https:\/\/epochtimestr.com\/index.php\/sedef-kabasa-erdogana-hakaretten-tutuklama-talebi-verildi","name":"Sedef Kaba\u015f'a, Erdo\u011fan'a Hakaretten Tutuklama Talebi Verildi - The Epoch Times TR","isPartOf":{"@id":"https:\/\/epochtimestr.com\/#website"},"primaryImageOfPage":{"@id":"https:\/\/epochtimestr.com\/index.php\/sedef-kabasa-erdogana-hakaretten-tutuklama-talebi-verildi#primaryimage"},"image":{"@id":"https:\/\/epochtimestr.com\/index.php\/sedef-kabasa-erdogana-hakaretten-tutuklama-talebi-verildi#primaryimage"},"thumbnailUrl":"https:\/\/epochtimestr.com\/wp-content\/uploads\/2011y\/Sedef-Kabas-SedefKabastv-Youtube.png","datePublished":"2022-01-22T16:17:41+00:00","dateModified":"2022-01-23T13:16:55+00:00","inLanguage":"tr","potentialAction":[{"@type":"ReadAction","target":["https:\/\/epochtimestr.com\/index.php\/sedef-kabasa-erdogana-hakaretten-tutuklama-talebi-verildi"]}]},{"@type":"ImageObject","inLanguage":"tr","@id":"https:\/\/epochtimestr.com\/index.php\/sedef-kabasa-erdogana-hakaretten-tutuklama-talebi-verildi#primaryimage","url":"https:\/\/epochtimestr.com\/wp-content\/uploads\/2011y\/Sedef-Kabas-SedefKabastv-Youtube.png","contentUrl":"https:\/\/epochtimestr.com\/wp-content\/uploads\/2011y\/Sedef-Kabas-SedefKabastv-Youtube.png","width":1089,"height":687},{"@type":"WebSite","@id":"https:\/\/epochtimestr.com\/#website","url":"https:\/\/epochtimestr.com\/","name":"The Epoch Times TR","description":"De\u011fi\u015fen D\u00fcnyam\u0131za Taze Bir Bak\u0131\u015f","publisher":{"@id":"https:\/\/epochtimestr.com\/#organization"},"potentialAction":[{"@type":"SearchAction","target":{"@type":"EntryPoint","urlTemplate":"https:\/\/epochtimestr.com\/?s={search_term_string}"},"query-input":"required name=search_term_string"}],"inLanguage":"tr"},{"@type":"Organization","@id":"https:\/\/epochtimestr.com\/#organization","name":"The EpochTimes T\u00fcrkiye","url":"https:\/\/epochtimestr.com\/","logo":{"@type":"ImageObject","inLanguage":"tr","@id":"https:\/\/epochtimestr.com\/#\/schema\/logo\/image\/","url":"https:\/\/epochtimestr.com\/wp-content\/uploads\/2011y\/ET-Logo-YG.jpg","contentUrl":"https:\/\/epochtimestr.com\/wp-content\/uploads\/2011y\/ET-Logo-YG.jpg","width":346,"height":29,"caption":"The EpochTimes T\u00fcrkiye"},"image":{"@id":"https:\/\/epochtimestr.com\/#\/schema\/logo\/image\/"},"sameAs":["https:\/\/www.facebook.com\/theepochtimestr","https:\/\/x.com\/TheEpochTimesTR","https:\/\/www.instagram.com\/epochtimestr"]},{"@type":"Person","@id":"https:\/\/epochtimestr.com\/#\/schema\/person\/3dc5c3adeb9f43923c5aa85889172fdd","name":"Haber Merkezi","image":{"@type":"ImageObject","inLanguage":"tr","@id":"https:\/\/epochtimestr.com\/#\/schema\/person\/image\/","url":"https:\/\/secure.gravatar.com\/avatar\/d73f772ba5a74f28601361e17c2f93e6?s=96&d=mm&r=g","contentUrl":"https:\/\/secure.gravatar.com\/avatar\/d73f772ba5a74f28601361e17c2f93e6?s=96&d=mm&r=g","caption":"Haber Merkezi"},"url":"https:\/\/epochtimestr.com\/index.php\/author\/sendag"}]}},"_links":{"self":[{"href":"https:\/\/epochtimestr.com\/index.php\/wp-json\/wp\/v2\/posts\/137886"}],"collection":[{"href":"https:\/\/epochtimestr.com\/index.php\/wp-json\/wp\/v2\/posts"}],"about":[{"href":"https:\/\/epochtimestr.com\/index.php\/wp-json\/wp\/v2\/types\/post"}],"author":[{"embeddable":true,"href":"https:\/\/epochtimestr.com\/index.php\/wp-json\/wp\/v2\/users\/12791"}],"replies":[{"embeddable":true,"href":"https:\/\/epochtimestr.com\/index.php\/wp-json\/wp\/v2\/comments?post=137886"}],"version-history":[{"count":2,"href":"https:\/\/epochtimestr.com\/index.php\/wp-json\/wp\/v2\/posts\/137886\/revisions"}],"predecessor-version":[{"id":137893,"href":"https:\/\/epochtimestr.com\/index.php\/wp-json\/wp\/v2\/posts\/137886\/revisions\/137893"}],"wp:featuredmedia":[{"embeddable":true,"href":"https:\/\/epochtimestr.com\/index.php\/wp-json\/wp\/v2\/media\/137889"}],"wp:attachment":[{"href":"https:\/\/epochtimestr.com\/index.php\/wp-json\/wp\/v2\/media?parent=137886"}],"wp:term":[{"taxonomy":"category","embeddable":true,"href":"https:\/\/epochtimestr.com\/index.php\/wp-json\/wp\/v2\/categories?post=137886"},{"taxonomy":"post_tag","embeddable":true,"href":"https:\/\/epochtimestr.com\/index.php\/wp-json\/wp\/v2\/tags?post=137886"}],"curies":[{"name":"wp","href":"https:\/\/api.w.org\/{rel}","templated":true}]}}