{"id":138208,"date":"2022-02-21T20:38:06","date_gmt":"2022-02-21T17:38:06","guid":{"rendered":"https:\/\/epochtimestr.com\/?p=138208"},"modified":"2022-02-21T20:38:09","modified_gmt":"2022-02-21T17:38:09","slug":"erdogan-ekonomimiz-kuresel-soklara-karsi-dayaniklidir-dedi","status":"publish","type":"post","link":"https:\/\/epochtimestr.com\/index.php\/erdogan-ekonomimiz-kuresel-soklara-karsi-dayaniklidir-dedi","title":{"rendered":"Erdo\u011fan &#8216;Ekonomimiz K\u00fcresel \u015eoklara Kar\u015f\u0131 Dayan\u0131kl\u0131d\u0131r&#8217; Dedi"},"content":{"rendered":"\n<div class=\"wp-block-image\"><figure class=\"aligncenter size-full\"><img loading=\"lazy\" decoding=\"async\" width=\"500\" height=\"375\" src=\"https:\/\/epochtimestr.com\/wp-content\/uploads\/2011y\/recep-tayyip-erdo\u011fan-g20.jpg\" alt=\"\" class=\"wp-image-130967\" srcset=\"https:\/\/epochtimestr.com\/wp-content\/uploads\/2011y\/recep-tayyip-erdo\u011fan-g20.jpg 500w, https:\/\/epochtimestr.com\/wp-content\/uploads\/2011y\/recep-tayyip-erdo\u011fan-g20-300x225.jpg 300w, https:\/\/epochtimestr.com\/wp-content\/uploads\/2011y\/recep-tayyip-erdo\u011fan-g20-150x113.jpg 150w, https:\/\/epochtimestr.com\/wp-content\/uploads\/2011y\/recep-tayyip-erdo\u011fan-g20-86x64.jpg 86w\" sizes=\"(max-width: 500px) 100vw, 500px\" \/><figcaption>Foto\u011fraf : T.C. Cumhurba\u015fkanl\u0131\u011f\u0131 Resmi Sitesi<\/figcaption><\/figure><\/div>\n\n\n\n<h2 class=\"wp-block-heading\">Cumhurba\u015fkan\u0131 Erdo\u011fan yapt\u0131\u011f\u0131 a\u00e7\u0131klamada, &#8220;Senegal ile 400 milyon dolar ticaret hacmi hedefine ula\u015ft\u0131k, \u015fimdi hedefimiz 1 milyar dolar.&#8221; \u015feklinde konu\u015ftu.<\/h2>\n\n\n\n<p>Cumhurba\u015fkan\u0131 Recep Tayyip\u00a0Erdo\u011fan, Dakar\u2019da\u00a0Senegal-T\u00fcrkiye \u0130\u015f Forumu\u2019nda konu\u015ftu.\u00a0<\/p>\n\n\n\n<p><em><strong>Cumhurba\u015fkan\u0131 Erdo\u011fan&#8217;\u0131n konu\u015fmas\u0131ndan sat\u0131r ba\u015flar\u0131 \u015f\u00f6yle;\u00a0<\/strong><\/em><\/p>\n\n\n\n<p>Senegal&#8217;e geldi\u011fimiz andan itibaren bize g\u00f6sterilen misafirperverlikten dolay\u0131 t\u00fcm Senegal makamlar\u0131na \u015fahs\u0131m heyetim ad\u0131na te\u015fekk\u00fcr ediyorum.T\u00fcrkiye ile Senegal birbirlerine daima \u00e7ok yak\u0131n olmu\u015flard\u0131r. 400 milyon dolar ticaret hacmi hedefine ula\u015ft\u0131k, \u015fimdi hedefimiz 1 milyar dolar. Firmalar\u0131m\u0131z\u0131n Senegal\u2019de aktif rol almas\u0131ndan gurur duyuyoruz. \u00c7ok say\u0131da b\u00fcy\u00fck projeyi ba\u015far\u0131yla tamamlad\u0131lar. Ortak gayretlerimizle bu rakama k\u0131sa s\u00fcrede ula\u015faca\u011f\u0131m\u0131za inan\u0131yorum. T\u00fcrkiye, d\u00fcnyan\u0131n en b\u00fcy\u00fck ekonomilerinin yer ald\u0131\u011f\u0131 G20&#8217;nin \u00f6nemli bir \u00fcyesidir. T\u00fcrkiye&#8217;nin ekonomik altyap\u0131s\u0131 k\u00fcresel \u015foklara kar\u015f\u0131 dayan\u0131kl\u0131d\u0131r. Ekonomimizi her sene ortalama y\u00fczde 5 oran\u0131nda b\u00fcy\u00fctmeyi ba\u015fard\u0131k.\u00a0Son asr\u0131n en b\u00fcy\u00fck sa\u011fl\u0131k krizi olarak nitelenen bu sars\u0131nt\u0131l\u0131 d\u00f6nemi biz ciddi bir s\u0131k\u0131nt\u0131yla kar\u015f\u0131la\u015fmadan y\u00f6nettik.\u00a0Salg\u0131n k\u0131s\u0131tlamalar\u0131n\u0131n devam etti\u011fi ge\u00e7en y\u0131l\u0131 turizmde 30 milyon turist ile kapatt\u0131k. Bu y\u0131l \u00e7ok daha bereketli bir turizm sezonu bekliyoruz.\u00a0T\u00fcrkiye&#8217;nin kendine \u00f6zg\u00fc ve ba\u015far\u0131yla y\u00fcr\u00fctt\u00fc\u011f\u00fc bir ekonomi ve kalk\u0131nma modeli vard\u0131r.<\/p>\n\n\n\n<p>Konumu ve b\u00f6lgedeki g\u00fcc\u00fc itibariyle Senegal Bat\u0131 Afrika \u00fclkelerine a\u00e7\u0131lan bir ihracat kap\u0131s\u0131d\u0131r. Kazan kazan ilkesi temelinde \u00fcretim, tar\u0131m, turizm, tekstil, enerji ve sa\u011fl\u0131k alanlar\u0131nda geli\u015ftirilecek i\u015f birli\u011fi kanallar\u0131 t\u00fcm b\u00f6lgenin yarar\u0131na olacakt\u0131r. Senegal ile 9 -10 Mart&#8217;ta Ankara&#8217;da d\u00fczenleyece\u011fimiz toplant\u0131ya b\u00fcy\u00fck \u00f6nem veriyoruz. Afrika&#8217;ya a\u00e7\u0131l\u0131m politikam\u0131z kapsam\u0131nda Afrikal\u0131 karde\u015flerimizle siyasi ve ekonomik ili\u015fkilerimizi h\u0131zla geli\u015ftirmenin \u00e7abas\u0131 i\u00e7inde olduk.\u00a0Ba\u015far\u0131yla tamamlanan Afrika\u2019ya a\u00e7\u0131l\u0131m politikam\u0131z 2013 y\u0131l\u0131 itibariyle yerini Afrika ortakl\u0131k politikas\u0131na b\u0131rakt\u0131.<\/p>\n\n\n\n<p><\/p>\n","protected":false},"excerpt":{"rendered":"<p>Cumhurba\u015fkan\u0131 Erdo\u011fan yapt\u0131\u011f\u0131 a\u00e7\u0131klamada, &#8220;Senegal ile 400 milyon dolar ticaret hacmi hedefine ula\u015ft\u0131k, \u015fimdi hedefimiz 1 milyar dolar.&#8221; \u015feklinde konu\u015ftu. Cumhurba\u015fkan\u0131 Recep Tayyip\u00a0Erdo\u011fan, Dakar\u2019da\u00a0Senegal-T\u00fcrkiye \u0130\u015f Forumu\u2019nda konu\u015ftu.\u00a0 Cumhurba\u015fkan\u0131 Erdo\u011fan&#8217;\u0131n konu\u015fmas\u0131ndan sat\u0131r ba\u015flar\u0131 \u015f\u00f6yle;\u00a0 Senegal&#8217;e geldi\u011fimiz andan itibaren bize g\u00f6sterilen misafirperverlikten dolay\u0131 t\u00fcm Senegal makamlar\u0131na \u015fahs\u0131m heyetim ad\u0131na te\u015fekk\u00fcr ediyorum.T\u00fcrkiye ile Senegal birbirlerine daima \u00e7ok yak\u0131n [&hellip;]<\/p>\n","protected":false},"author":12791,"featured_media":130999,"comment_status":"closed","ping_status":"open","sticky":false,"template":"","format":"standard","meta":{"_yoast_wpseo_focuskw":"","_yoast_wpseo_title":"","_yoast_wpseo_metadesc":"","_bbp_topic_count":0,"_bbp_reply_count":0,"_bbp_total_topic_count":0,"_bbp_total_reply_count":0,"_bbp_voice_count":0,"_bbp_anonymous_reply_count":0,"_bbp_topic_count_hidden":0,"_bbp_reply_count_hidden":0,"_bbp_forum_subforum_count":0,"footnotes":"","_yoast_wpseo_focuskw_text_input":""},"categories":[1,37],"tags":[],"yoast_head":"<!-- This site is optimized with the Yoast SEO plugin v23.0 - https:\/\/yoast.com\/wordpress\/plugins\/seo\/ -->\n<title>Erdo\u011fan &#039;Ekonomimiz K\u00fcresel \u015eoklara Kar\u015f\u0131 Dayan\u0131kl\u0131d\u0131r&#039; Dedi - The Epoch Times TR<\/title>\n<meta name=\"robots\" content=\"index, follow, max-snippet:-1, max-image-preview:large, max-video-preview:-1\" \/>\n<link rel=\"canonical\" href=\"https:\/\/epochtimestr.com\/index.php\/erdogan-ekonomimiz-kuresel-soklara-karsi-dayaniklidir-dedi\" \/>\n<meta property=\"og:locale\" content=\"tr_TR\" \/>\n<meta property=\"og:type\" content=\"article\" \/>\n<meta property=\"og:title\" content=\"Erdo\u011fan &#039;Ekonomimiz K\u00fcresel \u015eoklara Kar\u015f\u0131 Dayan\u0131kl\u0131d\u0131r&#039; Dedi - The Epoch Times TR\" \/>\n<meta property=\"og:description\" content=\"Cumhurba\u015fkan\u0131 Erdo\u011fan yapt\u0131\u011f\u0131 a\u00e7\u0131klamada, &#8220;Senegal ile 400 milyon dolar ticaret hacmi hedefine ula\u015ft\u0131k, \u015fimdi hedefimiz 1 milyar dolar.&#8221; \u015feklinde konu\u015ftu. Cumhurba\u015fkan\u0131 Recep Tayyip\u00a0Erdo\u011fan, Dakar\u2019da\u00a0Senegal-T\u00fcrkiye \u0130\u015f Forumu\u2019nda konu\u015ftu.\u00a0 Cumhurba\u015fkan\u0131 Erdo\u011fan&#8217;\u0131n konu\u015fmas\u0131ndan sat\u0131r ba\u015flar\u0131 \u015f\u00f6yle;\u00a0 Senegal&#8217;e geldi\u011fimiz andan itibaren bize g\u00f6sterilen misafirperverlikten dolay\u0131 t\u00fcm Senegal makamlar\u0131na \u015fahs\u0131m heyetim ad\u0131na te\u015fekk\u00fcr ediyorum.T\u00fcrkiye ile Senegal birbirlerine daima \u00e7ok yak\u0131n [&hellip;]\" \/>\n<meta property=\"og:url\" content=\"https:\/\/epochtimestr.com\/index.php\/erdogan-ekonomimiz-kuresel-soklara-karsi-dayaniklidir-dedi\" \/>\n<meta property=\"og:site_name\" content=\"The Epoch Times TR\" \/>\n<meta property=\"article:publisher\" content=\"https:\/\/www.facebook.com\/theepochtimestr\" \/>\n<meta property=\"article:published_time\" content=\"2022-02-21T17:38:06+00:00\" \/>\n<meta property=\"article:modified_time\" content=\"2022-02-21T17:38:09+00:00\" \/>\n<meta property=\"og:image\" content=\"https:\/\/epochtimestr.com\/wp-content\/uploads\/2011y\/recep-tayyip-erdo\u011fan-akp.jpg\" \/>\n\t<meta property=\"og:image:width\" content=\"500\" \/>\n\t<meta property=\"og:image:height\" content=\"375\" \/>\n\t<meta property=\"og:image:type\" content=\"image\/jpeg\" \/>\n<meta name=\"author\" content=\"Haber Merkezi\" \/>\n<meta name=\"twitter:card\" content=\"summary_large_image\" \/>\n<meta name=\"twitter:creator\" content=\"@TheEpochTimesTR\" \/>\n<meta name=\"twitter:site\" content=\"@TheEpochTimesTR\" \/>\n<meta name=\"twitter:label1\" content=\"Yazan:\" \/>\n\t<meta name=\"twitter:data1\" content=\"Haber Merkezi\" \/>\n\t<meta name=\"twitter:label2\" content=\"Tahmini okuma s\u00fcresi\" \/>\n\t<meta name=\"twitter:data2\" content=\"2 dakika\" \/>\n<script type=\"application\/ld+json\" class=\"yoast-schema-graph\">{\"@context\":\"https:\/\/schema.org\",\"@graph\":[{\"@type\":\"Article\",\"@id\":\"https:\/\/epochtimestr.com\/index.php\/erdogan-ekonomimiz-kuresel-soklara-karsi-dayaniklidir-dedi#article\",\"isPartOf\":{\"@id\":\"https:\/\/epochtimestr.com\/index.php\/erdogan-ekonomimiz-kuresel-soklara-karsi-dayaniklidir-dedi\"},\"author\":{\"name\":\"Haber Merkezi\",\"@id\":\"https:\/\/epochtimestr.com\/#\/schema\/person\/3dc5c3adeb9f43923c5aa85889172fdd\"},\"headline\":\"Erdo\u011fan &#8216;Ekonomimiz K\u00fcresel \u015eoklara Kar\u015f\u0131 Dayan\u0131kl\u0131d\u0131r&#8217; Dedi\",\"datePublished\":\"2022-02-21T17:38:06+00:00\",\"dateModified\":\"2022-02-21T17:38:09+00:00\",\"mainEntityOfPage\":{\"@id\":\"https:\/\/epochtimestr.com\/index.php\/erdogan-ekonomimiz-kuresel-soklara-karsi-dayaniklidir-dedi\"},\"wordCount\":391,\"publisher\":{\"@id\":\"https:\/\/epochtimestr.com\/#organization\"},\"image\":{\"@id\":\"https:\/\/epochtimestr.com\/index.php\/erdogan-ekonomimiz-kuresel-soklara-karsi-dayaniklidir-dedi#primaryimage\"},\"thumbnailUrl\":\"https:\/\/epochtimestr.com\/wp-content\/uploads\/2011y\/recep-tayyip-erdo\u011fan-akp.jpg\",\"articleSection\":[\"G\u00dcNDEM\",\"T\u00dcRK\u0130YE\"],\"inLanguage\":\"tr\"},{\"@type\":\"WebPage\",\"@id\":\"https:\/\/epochtimestr.com\/index.php\/erdogan-ekonomimiz-kuresel-soklara-karsi-dayaniklidir-dedi\",\"url\":\"https:\/\/epochtimestr.com\/index.php\/erdogan-ekonomimiz-kuresel-soklara-karsi-dayaniklidir-dedi\",\"name\":\"Erdo\u011fan 'Ekonomimiz K\u00fcresel \u015eoklara Kar\u015f\u0131 Dayan\u0131kl\u0131d\u0131r' Dedi - The Epoch Times TR\",\"isPartOf\":{\"@id\":\"https:\/\/epochtimestr.com\/#website\"},\"primaryImageOfPage\":{\"@id\":\"https:\/\/epochtimestr.com\/index.php\/erdogan-ekonomimiz-kuresel-soklara-karsi-dayaniklidir-dedi#primaryimage\"},\"image\":{\"@id\":\"https:\/\/epochtimestr.com\/index.php\/erdogan-ekonomimiz-kuresel-soklara-karsi-dayaniklidir-dedi#primaryimage\"},\"thumbnailUrl\":\"https:\/\/epochtimestr.com\/wp-content\/uploads\/2011y\/recep-tayyip-erdo\u011fan-akp.jpg\",\"datePublished\":\"2022-02-21T17:38:06+00:00\",\"dateModified\":\"2022-02-21T17:38:09+00:00\",\"inLanguage\":\"tr\",\"potentialAction\":[{\"@type\":\"ReadAction\",\"target\":[\"https:\/\/epochtimestr.com\/index.php\/erdogan-ekonomimiz-kuresel-soklara-karsi-dayaniklidir-dedi\"]}]},{\"@type\":\"ImageObject\",\"inLanguage\":\"tr\",\"@id\":\"https:\/\/epochtimestr.com\/index.php\/erdogan-ekonomimiz-kuresel-soklara-karsi-dayaniklidir-dedi#primaryimage\",\"url\":\"https:\/\/epochtimestr.com\/wp-content\/uploads\/2011y\/recep-tayyip-erdo\u011fan-akp.jpg\",\"contentUrl\":\"https:\/\/epochtimestr.com\/wp-content\/uploads\/2011y\/recep-tayyip-erdo\u011fan-akp.jpg\",\"width\":500,\"height\":375,\"caption\":\"Foto\u011fraf : T.C. Cumhurba\u015fkanl\u0131\u011f\u0131 Resmi Sitesi\"},{\"@type\":\"WebSite\",\"@id\":\"https:\/\/epochtimestr.com\/#website\",\"url\":\"https:\/\/epochtimestr.com\/\",\"name\":\"The Epoch Times TR\",\"description\":\"De\u011fi\u015fen D\u00fcnyam\u0131za Taze Bir Bak\u0131\u015f\",\"publisher\":{\"@id\":\"https:\/\/epochtimestr.com\/#organization\"},\"potentialAction\":[{\"@type\":\"SearchAction\",\"target\":{\"@type\":\"EntryPoint\",\"urlTemplate\":\"https:\/\/epochtimestr.com\/?s={search_term_string}\"},\"query-input\":\"required name=search_term_string\"}],\"inLanguage\":\"tr\"},{\"@type\":\"Organization\",\"@id\":\"https:\/\/epochtimestr.com\/#organization\",\"name\":\"The EpochTimes T\u00fcrkiye\",\"url\":\"https:\/\/epochtimestr.com\/\",\"logo\":{\"@type\":\"ImageObject\",\"inLanguage\":\"tr\",\"@id\":\"https:\/\/epochtimestr.com\/#\/schema\/logo\/image\/\",\"url\":\"https:\/\/epochtimestr.com\/wp-content\/uploads\/2011y\/ET-Logo-YG.jpg\",\"contentUrl\":\"https:\/\/epochtimestr.com\/wp-content\/uploads\/2011y\/ET-Logo-YG.jpg\",\"width\":346,\"height\":29,\"caption\":\"The EpochTimes T\u00fcrkiye\"},\"image\":{\"@id\":\"https:\/\/epochtimestr.com\/#\/schema\/logo\/image\/\"},\"sameAs\":[\"https:\/\/www.facebook.com\/theepochtimestr\",\"https:\/\/x.com\/TheEpochTimesTR\",\"https:\/\/www.instagram.com\/epochtimestr\"]},{\"@type\":\"Person\",\"@id\":\"https:\/\/epochtimestr.com\/#\/schema\/person\/3dc5c3adeb9f43923c5aa85889172fdd\",\"name\":\"Haber Merkezi\",\"image\":{\"@type\":\"ImageObject\",\"inLanguage\":\"tr\",\"@id\":\"https:\/\/epochtimestr.com\/#\/schema\/person\/image\/\",\"url\":\"https:\/\/secure.gravatar.com\/avatar\/d73f772ba5a74f28601361e17c2f93e6?s=96&d=mm&r=g\",\"contentUrl\":\"https:\/\/secure.gravatar.com\/avatar\/d73f772ba5a74f28601361e17c2f93e6?s=96&d=mm&r=g\",\"caption\":\"Haber Merkezi\"},\"url\":\"https:\/\/epochtimestr.com\/index.php\/author\/sendag\"}]}<\/script>\n<!-- \/ Yoast SEO plugin. -->","yoast_head_json":{"title":"Erdo\u011fan 'Ekonomimiz K\u00fcresel \u015eoklara Kar\u015f\u0131 Dayan\u0131kl\u0131d\u0131r' Dedi - The Epoch Times TR","robots":{"index":"index","follow":"follow","max-snippet":"max-snippet:-1","max-image-preview":"max-image-preview:large","max-video-preview":"max-video-preview:-1"},"canonical":"https:\/\/epochtimestr.com\/index.php\/erdogan-ekonomimiz-kuresel-soklara-karsi-dayaniklidir-dedi","og_locale":"tr_TR","og_type":"article","og_title":"Erdo\u011fan 'Ekonomimiz K\u00fcresel \u015eoklara Kar\u015f\u0131 Dayan\u0131kl\u0131d\u0131r' Dedi - The Epoch Times TR","og_description":"Cumhurba\u015fkan\u0131 Erdo\u011fan yapt\u0131\u011f\u0131 a\u00e7\u0131klamada, &#8220;Senegal ile 400 milyon dolar ticaret hacmi hedefine ula\u015ft\u0131k, \u015fimdi hedefimiz 1 milyar dolar.&#8221; \u015feklinde konu\u015ftu. Cumhurba\u015fkan\u0131 Recep Tayyip\u00a0Erdo\u011fan, Dakar\u2019da\u00a0Senegal-T\u00fcrkiye \u0130\u015f Forumu\u2019nda konu\u015ftu.\u00a0 Cumhurba\u015fkan\u0131 Erdo\u011fan&#8217;\u0131n konu\u015fmas\u0131ndan sat\u0131r ba\u015flar\u0131 \u015f\u00f6yle;\u00a0 Senegal&#8217;e geldi\u011fimiz andan itibaren bize g\u00f6sterilen misafirperverlikten dolay\u0131 t\u00fcm Senegal makamlar\u0131na \u015fahs\u0131m heyetim ad\u0131na te\u015fekk\u00fcr ediyorum.T\u00fcrkiye ile Senegal birbirlerine daima \u00e7ok yak\u0131n [&hellip;]","og_url":"https:\/\/epochtimestr.com\/index.php\/erdogan-ekonomimiz-kuresel-soklara-karsi-dayaniklidir-dedi","og_site_name":"The Epoch Times TR","article_publisher":"https:\/\/www.facebook.com\/theepochtimestr","article_published_time":"2022-02-21T17:38:06+00:00","article_modified_time":"2022-02-21T17:38:09+00:00","og_image":[{"width":500,"height":375,"url":"https:\/\/epochtimestr.com\/wp-content\/uploads\/2011y\/recep-tayyip-erdo\u011fan-akp.jpg","type":"image\/jpeg"}],"author":"Haber Merkezi","twitter_card":"summary_large_image","twitter_creator":"@TheEpochTimesTR","twitter_site":"@TheEpochTimesTR","twitter_misc":{"Yazan:":"Haber Merkezi","Tahmini okuma s\u00fcresi":"2 dakika"},"schema":{"@context":"https:\/\/schema.org","@graph":[{"@type":"Article","@id":"https:\/\/epochtimestr.com\/index.php\/erdogan-ekonomimiz-kuresel-soklara-karsi-dayaniklidir-dedi#article","isPartOf":{"@id":"https:\/\/epochtimestr.com\/index.php\/erdogan-ekonomimiz-kuresel-soklara-karsi-dayaniklidir-dedi"},"author":{"name":"Haber Merkezi","@id":"https:\/\/epochtimestr.com\/#\/schema\/person\/3dc5c3adeb9f43923c5aa85889172fdd"},"headline":"Erdo\u011fan &#8216;Ekonomimiz K\u00fcresel \u015eoklara Kar\u015f\u0131 Dayan\u0131kl\u0131d\u0131r&#8217; Dedi","datePublished":"2022-02-21T17:38:06+00:00","dateModified":"2022-02-21T17:38:09+00:00","mainEntityOfPage":{"@id":"https:\/\/epochtimestr.com\/index.php\/erdogan-ekonomimiz-kuresel-soklara-karsi-dayaniklidir-dedi"},"wordCount":391,"publisher":{"@id":"https:\/\/epochtimestr.com\/#organization"},"image":{"@id":"https:\/\/epochtimestr.com\/index.php\/erdogan-ekonomimiz-kuresel-soklara-karsi-dayaniklidir-dedi#primaryimage"},"thumbnailUrl":"https:\/\/epochtimestr.com\/wp-content\/uploads\/2011y\/recep-tayyip-erdo\u011fan-akp.jpg","articleSection":["G\u00dcNDEM","T\u00dcRK\u0130YE"],"inLanguage":"tr"},{"@type":"WebPage","@id":"https:\/\/epochtimestr.com\/index.php\/erdogan-ekonomimiz-kuresel-soklara-karsi-dayaniklidir-dedi","url":"https:\/\/epochtimestr.com\/index.php\/erdogan-ekonomimiz-kuresel-soklara-karsi-dayaniklidir-dedi","name":"Erdo\u011fan 'Ekonomimiz K\u00fcresel \u015eoklara Kar\u015f\u0131 Dayan\u0131kl\u0131d\u0131r' Dedi - The Epoch Times TR","isPartOf":{"@id":"https:\/\/epochtimestr.com\/#website"},"primaryImageOfPage":{"@id":"https:\/\/epochtimestr.com\/index.php\/erdogan-ekonomimiz-kuresel-soklara-karsi-dayaniklidir-dedi#primaryimage"},"image":{"@id":"https:\/\/epochtimestr.com\/index.php\/erdogan-ekonomimiz-kuresel-soklara-karsi-dayaniklidir-dedi#primaryimage"},"thumbnailUrl":"https:\/\/epochtimestr.com\/wp-content\/uploads\/2011y\/recep-tayyip-erdo\u011fan-akp.jpg","datePublished":"2022-02-21T17:38:06+00:00","dateModified":"2022-02-21T17:38:09+00:00","inLanguage":"tr","potentialAction":[{"@type":"ReadAction","target":["https:\/\/epochtimestr.com\/index.php\/erdogan-ekonomimiz-kuresel-soklara-karsi-dayaniklidir-dedi"]}]},{"@type":"ImageObject","inLanguage":"tr","@id":"https:\/\/epochtimestr.com\/index.php\/erdogan-ekonomimiz-kuresel-soklara-karsi-dayaniklidir-dedi#primaryimage","url":"https:\/\/epochtimestr.com\/wp-content\/uploads\/2011y\/recep-tayyip-erdo\u011fan-akp.jpg","contentUrl":"https:\/\/epochtimestr.com\/wp-content\/uploads\/2011y\/recep-tayyip-erdo\u011fan-akp.jpg","width":500,"height":375,"caption":"Foto\u011fraf : T.C. Cumhurba\u015fkanl\u0131\u011f\u0131 Resmi Sitesi"},{"@type":"WebSite","@id":"https:\/\/epochtimestr.com\/#website","url":"https:\/\/epochtimestr.com\/","name":"The Epoch Times TR","description":"De\u011fi\u015fen D\u00fcnyam\u0131za Taze Bir Bak\u0131\u015f","publisher":{"@id":"https:\/\/epochtimestr.com\/#organization"},"potentialAction":[{"@type":"SearchAction","target":{"@type":"EntryPoint","urlTemplate":"https:\/\/epochtimestr.com\/?s={search_term_string}"},"query-input":"required name=search_term_string"}],"inLanguage":"tr"},{"@type":"Organization","@id":"https:\/\/epochtimestr.com\/#organization","name":"The EpochTimes T\u00fcrkiye","url":"https:\/\/epochtimestr.com\/","logo":{"@type":"ImageObject","inLanguage":"tr","@id":"https:\/\/epochtimestr.com\/#\/schema\/logo\/image\/","url":"https:\/\/epochtimestr.com\/wp-content\/uploads\/2011y\/ET-Logo-YG.jpg","contentUrl":"https:\/\/epochtimestr.com\/wp-content\/uploads\/2011y\/ET-Logo-YG.jpg","width":346,"height":29,"caption":"The EpochTimes T\u00fcrkiye"},"image":{"@id":"https:\/\/epochtimestr.com\/#\/schema\/logo\/image\/"},"sameAs":["https:\/\/www.facebook.com\/theepochtimestr","https:\/\/x.com\/TheEpochTimesTR","https:\/\/www.instagram.com\/epochtimestr"]},{"@type":"Person","@id":"https:\/\/epochtimestr.com\/#\/schema\/person\/3dc5c3adeb9f43923c5aa85889172fdd","name":"Haber Merkezi","image":{"@type":"ImageObject","inLanguage":"tr","@id":"https:\/\/epochtimestr.com\/#\/schema\/person\/image\/","url":"https:\/\/secure.gravatar.com\/avatar\/d73f772ba5a74f28601361e17c2f93e6?s=96&d=mm&r=g","contentUrl":"https:\/\/secure.gravatar.com\/avatar\/d73f772ba5a74f28601361e17c2f93e6?s=96&d=mm&r=g","caption":"Haber Merkezi"},"url":"https:\/\/epochtimestr.com\/index.php\/author\/sendag"}]}},"_links":{"self":[{"href":"https:\/\/epochtimestr.com\/index.php\/wp-json\/wp\/v2\/posts\/138208"}],"collection":[{"href":"https:\/\/epochtimestr.com\/index.php\/wp-json\/wp\/v2\/posts"}],"about":[{"href":"https:\/\/epochtimestr.com\/index.php\/wp-json\/wp\/v2\/types\/post"}],"author":[{"embeddable":true,"href":"https:\/\/epochtimestr.com\/index.php\/wp-json\/wp\/v2\/users\/12791"}],"replies":[{"embeddable":true,"href":"https:\/\/epochtimestr.com\/index.php\/wp-json\/wp\/v2\/comments?post=138208"}],"version-history":[{"count":1,"href":"https:\/\/epochtimestr.com\/index.php\/wp-json\/wp\/v2\/posts\/138208\/revisions"}],"predecessor-version":[{"id":138209,"href":"https:\/\/epochtimestr.com\/index.php\/wp-json\/wp\/v2\/posts\/138208\/revisions\/138209"}],"wp:featuredmedia":[{"embeddable":true,"href":"https:\/\/epochtimestr.com\/index.php\/wp-json\/wp\/v2\/media\/130999"}],"wp:attachment":[{"href":"https:\/\/epochtimestr.com\/index.php\/wp-json\/wp\/v2\/media?parent=138208"}],"wp:term":[{"taxonomy":"category","embeddable":true,"href":"https:\/\/epochtimestr.com\/index.php\/wp-json\/wp\/v2\/categories?post=138208"},{"taxonomy":"post_tag","embeddable":true,"href":"https:\/\/epochtimestr.com\/index.php\/wp-json\/wp\/v2\/tags?post=138208"}],"curies":[{"name":"wp","href":"https:\/\/api.w.org\/{rel}","templated":true}]}}