{"id":138211,"date":"2022-02-21T20:47:24","date_gmt":"2022-02-21T17:47:24","guid":{"rendered":"https:\/\/epochtimestr.com\/?p=138211"},"modified":"2022-02-21T20:47:26","modified_gmt":"2022-02-21T17:47:26","slug":"meteorolojiden-11-il-icin-kritik-uyari","status":"publish","type":"post","link":"https:\/\/epochtimestr.com\/index.php\/meteorolojiden-11-il-icin-kritik-uyari","title":{"rendered":"Meteoroloji&#8217;den 11 \u0130l \u0130\u00e7in Kritik Uyar\u0131"},"content":{"rendered":"\n<div class=\"wp-block-image\"><figure class=\"aligncenter size-large\"><img loading=\"lazy\" decoding=\"async\" width=\"600\" height=\"320\" src=\"https:\/\/epochtimestr.com\/wp-content\/uploads\/2011y\/ya\u011fmur-1-600x320.jpg\" alt=\"\" class=\"wp-image-93128\" srcset=\"https:\/\/epochtimestr.com\/wp-content\/uploads\/2011y\/ya\u011fmur-1-600x320.jpg 600w, https:\/\/epochtimestr.com\/wp-content\/uploads\/2011y\/ya\u011fmur-1-150x80.jpg 150w, https:\/\/epochtimestr.com\/wp-content\/uploads\/2011y\/ya\u011fmur-1-300x160.jpg 300w, https:\/\/epochtimestr.com\/wp-content\/uploads\/2011y\/ya\u011fmur-1-292x156.jpg 292w, https:\/\/epochtimestr.com\/wp-content\/uploads\/2011y\/ya\u011fmur-1-638x340.jpg 638w, https:\/\/epochtimestr.com\/wp-content\/uploads\/2011y\/ya\u011fmur-1-190x100.jpg 190w, https:\/\/epochtimestr.com\/wp-content\/uploads\/2011y\/ya\u011fmur-1-629x335.jpg 629w, https:\/\/epochtimestr.com\/wp-content\/uploads\/2011y\/ya\u011fmur-1.jpg 664w\" sizes=\"(max-width: 600px) 100vw, 600px\" \/><\/figure><\/div>\n\n\n\n<h2 class=\"wp-block-heading\">Meteoroloji Genel M\u00fcd\u00fcrl\u00fc\u011f\u00fcnden yap\u0131lan a\u00e7\u0131klamaya g\u00f6re, 11 ilde baz\u0131 b\u00f6lgelerde yar\u0131n sabah saatlerinden itibaren kuvvetli ve yer yer \u00e7ok kuvvetli ya\u011f\u0131\u015flar etkili olacak.<\/h2>\n\n\n\n<p>Genel M\u00fcd\u00fcrl\u00fckten yap\u0131lan a\u00e7\u0131klamada, yar\u0131n sabah saatlerinden itibaren Edirne, K\u0131rklareli ve Tekirda\u011f&#8217;da yer yer g\u00f6k g\u00fcr\u00fclt\u00fcl\u00fc kuvvetli sa\u011fanak beklendi\u011fi belirtildi.<\/p>\n\n\n\n<p>Antalya&#8217;n\u0131n do\u011fusunda aral\u0131klarla g\u00f6r\u00fclecek sa\u011fanak ve yer yer g\u00f6k g\u00fcr\u00fclt\u00fcl\u00fc sa\u011fana\u011f\u0131n \u0130brad\u0131, Akseki, G\u00fcndo\u011fmu\u015f ve Alanya il\u00e7elerinde kuvvetli, Aksu, Serik ve Manavgat il\u00e7elerinde ise \u00e7ok kuvvetli olmas\u0131n\u0131n beklendi\u011fi kaydedilen a\u00e7\u0131klamada, G\u00fcney Ege k\u0131y\u0131lar\u0131nda aral\u0131klarla g\u00f6r\u00fclecek sa\u011fanak ve yer yer g\u00f6k g\u00fcr\u00fclt\u00fcl\u00fc sa\u011fana\u011f\u0131n da \u0130zmir&#8217;in g\u00fcney il\u00e7eleri ve Ayd\u0131n \u00e7evrelerinde kuvvetli, Mu\u011fla \u00e7evrelerinde \u00e7ok kuvvetli olaca\u011f\u0131 ifade edildi.<\/p>\n\n\n\n<p>Hatay ve Osmaniye \u00e7evrelerinde de kuvvetli sa\u011fanak g\u00f6r\u00fclece\u011fi aktar\u0131lan a\u00e7\u0131klamada, Isparta&#8217;n\u0131n g\u00fcneyi ile Burdur&#8217;un g\u00fcney do\u011fusunda g\u00f6r\u00fclecek ya\u011f\u0131\u015flar\u0131n kuvvetli olmas\u0131n\u0131n beklendi\u011fine i\u015faret edildi.<\/p>\n\n\n\n<p>A\u00e7\u0131klamada, su bask\u0131n\u0131, y\u0131ld\u0131r\u0131m ile ula\u015f\u0131mda aksamalar gibi olumsuzluklara kar\u015f\u0131 dikkatli ve tedbirli olunmas\u0131 istendi.<\/p>\n","protected":false},"excerpt":{"rendered":"<p>Meteoroloji Genel M\u00fcd\u00fcrl\u00fc\u011f\u00fcnden yap\u0131lan a\u00e7\u0131klamaya g\u00f6re, 11 ilde baz\u0131 b\u00f6lgelerde yar\u0131n sabah saatlerinden itibaren kuvvetli ve yer yer \u00e7ok kuvvetli ya\u011f\u0131\u015flar etkili olacak. Genel M\u00fcd\u00fcrl\u00fckten yap\u0131lan a\u00e7\u0131klamada, yar\u0131n sabah saatlerinden itibaren Edirne, K\u0131rklareli ve Tekirda\u011f&#8217;da yer yer g\u00f6k g\u00fcr\u00fclt\u00fcl\u00fc kuvvetli sa\u011fanak beklendi\u011fi belirtildi. Antalya&#8217;n\u0131n do\u011fusunda aral\u0131klarla g\u00f6r\u00fclecek sa\u011fanak ve yer yer g\u00f6k g\u00fcr\u00fclt\u00fcl\u00fc sa\u011fana\u011f\u0131n \u0130brad\u0131, [&hellip;]<\/p>\n","protected":false},"author":12791,"featured_media":93128,"comment_status":"closed","ping_status":"open","sticky":false,"template":"","format":"standard","meta":{"_yoast_wpseo_focuskw":"","_yoast_wpseo_title":"","_yoast_wpseo_metadesc":"","_bbp_topic_count":0,"_bbp_reply_count":0,"_bbp_total_topic_count":0,"_bbp_total_reply_count":0,"_bbp_voice_count":0,"_bbp_anonymous_reply_count":0,"_bbp_topic_count_hidden":0,"_bbp_reply_count_hidden":0,"_bbp_forum_subforum_count":0,"footnotes":"","_yoast_wpseo_focuskw_text_input":""},"categories":[1,37],"tags":[],"yoast_head":"<!-- This site is optimized with the Yoast SEO plugin v23.0 - https:\/\/yoast.com\/wordpress\/plugins\/seo\/ -->\n<title>Meteoroloji&#039;den 11 \u0130l \u0130\u00e7in Kritik Uyar\u0131 - The Epoch Times TR<\/title>\n<meta name=\"robots\" content=\"index, follow, max-snippet:-1, max-image-preview:large, max-video-preview:-1\" \/>\n<link rel=\"canonical\" href=\"https:\/\/epochtimestr.com\/index.php\/meteorolojiden-11-il-icin-kritik-uyari\" \/>\n<meta property=\"og:locale\" content=\"tr_TR\" \/>\n<meta property=\"og:type\" content=\"article\" \/>\n<meta property=\"og:title\" content=\"Meteoroloji&#039;den 11 \u0130l \u0130\u00e7in Kritik Uyar\u0131 - The Epoch Times TR\" \/>\n<meta property=\"og:description\" content=\"Meteoroloji Genel M\u00fcd\u00fcrl\u00fc\u011f\u00fcnden yap\u0131lan a\u00e7\u0131klamaya g\u00f6re, 11 ilde baz\u0131 b\u00f6lgelerde yar\u0131n sabah saatlerinden itibaren kuvvetli ve yer yer \u00e7ok kuvvetli ya\u011f\u0131\u015flar etkili olacak. Genel M\u00fcd\u00fcrl\u00fckten yap\u0131lan a\u00e7\u0131klamada, yar\u0131n sabah saatlerinden itibaren Edirne, K\u0131rklareli ve Tekirda\u011f&#8217;da yer yer g\u00f6k g\u00fcr\u00fclt\u00fcl\u00fc kuvvetli sa\u011fanak beklendi\u011fi belirtildi. Antalya&#8217;n\u0131n do\u011fusunda aral\u0131klarla g\u00f6r\u00fclecek sa\u011fanak ve yer yer g\u00f6k g\u00fcr\u00fclt\u00fcl\u00fc sa\u011fana\u011f\u0131n \u0130brad\u0131, [&hellip;]\" \/>\n<meta property=\"og:url\" content=\"https:\/\/epochtimestr.com\/index.php\/meteorolojiden-11-il-icin-kritik-uyari\" \/>\n<meta property=\"og:site_name\" content=\"The Epoch Times TR\" \/>\n<meta property=\"article:publisher\" content=\"https:\/\/www.facebook.com\/theepochtimestr\" \/>\n<meta property=\"article:published_time\" content=\"2022-02-21T17:47:24+00:00\" \/>\n<meta property=\"article:modified_time\" content=\"2022-02-21T17:47:26+00:00\" \/>\n<meta property=\"og:image\" content=\"https:\/\/epochtimestr.com\/wp-content\/uploads\/2011y\/ya\u011fmur-1.jpg\" \/>\n\t<meta property=\"og:image:width\" content=\"664\" \/>\n\t<meta property=\"og:image:height\" content=\"354\" \/>\n\t<meta property=\"og:image:type\" content=\"image\/jpeg\" \/>\n<meta name=\"author\" content=\"Haber Merkezi\" \/>\n<meta name=\"twitter:card\" content=\"summary_large_image\" \/>\n<meta name=\"twitter:creator\" content=\"@TheEpochTimesTR\" \/>\n<meta name=\"twitter:site\" content=\"@TheEpochTimesTR\" \/>\n<meta name=\"twitter:label1\" content=\"Yazan:\" \/>\n\t<meta name=\"twitter:data1\" content=\"Haber Merkezi\" \/>\n\t<meta name=\"twitter:label2\" content=\"Tahmini okuma s\u00fcresi\" \/>\n\t<meta name=\"twitter:data2\" content=\"1 dakika\" \/>\n<script type=\"application\/ld+json\" class=\"yoast-schema-graph\">{\"@context\":\"https:\/\/schema.org\",\"@graph\":[{\"@type\":\"Article\",\"@id\":\"https:\/\/epochtimestr.com\/index.php\/meteorolojiden-11-il-icin-kritik-uyari#article\",\"isPartOf\":{\"@id\":\"https:\/\/epochtimestr.com\/index.php\/meteorolojiden-11-il-icin-kritik-uyari\"},\"author\":{\"name\":\"Haber Merkezi\",\"@id\":\"https:\/\/epochtimestr.com\/#\/schema\/person\/3dc5c3adeb9f43923c5aa85889172fdd\"},\"headline\":\"Meteoroloji&#8217;den 11 \u0130l \u0130\u00e7in Kritik Uyar\u0131\",\"datePublished\":\"2022-02-21T17:47:24+00:00\",\"dateModified\":\"2022-02-21T17:47:26+00:00\",\"mainEntityOfPage\":{\"@id\":\"https:\/\/epochtimestr.com\/index.php\/meteorolojiden-11-il-icin-kritik-uyari\"},\"wordCount\":227,\"publisher\":{\"@id\":\"https:\/\/epochtimestr.com\/#organization\"},\"image\":{\"@id\":\"https:\/\/epochtimestr.com\/index.php\/meteorolojiden-11-il-icin-kritik-uyari#primaryimage\"},\"thumbnailUrl\":\"https:\/\/epochtimestr.com\/wp-content\/uploads\/2011y\/ya\u011fmur-1.jpg\",\"articleSection\":[\"G\u00dcNDEM\",\"T\u00dcRK\u0130YE\"],\"inLanguage\":\"tr\"},{\"@type\":\"WebPage\",\"@id\":\"https:\/\/epochtimestr.com\/index.php\/meteorolojiden-11-il-icin-kritik-uyari\",\"url\":\"https:\/\/epochtimestr.com\/index.php\/meteorolojiden-11-il-icin-kritik-uyari\",\"name\":\"Meteoroloji'den 11 \u0130l \u0130\u00e7in Kritik Uyar\u0131 - The Epoch Times TR\",\"isPartOf\":{\"@id\":\"https:\/\/epochtimestr.com\/#website\"},\"primaryImageOfPage\":{\"@id\":\"https:\/\/epochtimestr.com\/index.php\/meteorolojiden-11-il-icin-kritik-uyari#primaryimage\"},\"image\":{\"@id\":\"https:\/\/epochtimestr.com\/index.php\/meteorolojiden-11-il-icin-kritik-uyari#primaryimage\"},\"thumbnailUrl\":\"https:\/\/epochtimestr.com\/wp-content\/uploads\/2011y\/ya\u011fmur-1.jpg\",\"datePublished\":\"2022-02-21T17:47:24+00:00\",\"dateModified\":\"2022-02-21T17:47:26+00:00\",\"inLanguage\":\"tr\",\"potentialAction\":[{\"@type\":\"ReadAction\",\"target\":[\"https:\/\/epochtimestr.com\/index.php\/meteorolojiden-11-il-icin-kritik-uyari\"]}]},{\"@type\":\"ImageObject\",\"inLanguage\":\"tr\",\"@id\":\"https:\/\/epochtimestr.com\/index.php\/meteorolojiden-11-il-icin-kritik-uyari#primaryimage\",\"url\":\"https:\/\/epochtimestr.com\/wp-content\/uploads\/2011y\/ya\u011fmur-1.jpg\",\"contentUrl\":\"https:\/\/epochtimestr.com\/wp-content\/uploads\/2011y\/ya\u011fmur-1.jpg\",\"width\":664,\"height\":354},{\"@type\":\"WebSite\",\"@id\":\"https:\/\/epochtimestr.com\/#website\",\"url\":\"https:\/\/epochtimestr.com\/\",\"name\":\"The Epoch Times TR\",\"description\":\"De\u011fi\u015fen D\u00fcnyam\u0131za Taze Bir Bak\u0131\u015f\",\"publisher\":{\"@id\":\"https:\/\/epochtimestr.com\/#organization\"},\"potentialAction\":[{\"@type\":\"SearchAction\",\"target\":{\"@type\":\"EntryPoint\",\"urlTemplate\":\"https:\/\/epochtimestr.com\/?s={search_term_string}\"},\"query-input\":\"required name=search_term_string\"}],\"inLanguage\":\"tr\"},{\"@type\":\"Organization\",\"@id\":\"https:\/\/epochtimestr.com\/#organization\",\"name\":\"The EpochTimes T\u00fcrkiye\",\"url\":\"https:\/\/epochtimestr.com\/\",\"logo\":{\"@type\":\"ImageObject\",\"inLanguage\":\"tr\",\"@id\":\"https:\/\/epochtimestr.com\/#\/schema\/logo\/image\/\",\"url\":\"https:\/\/epochtimestr.com\/wp-content\/uploads\/2011y\/ET-Logo-YG.jpg\",\"contentUrl\":\"https:\/\/epochtimestr.com\/wp-content\/uploads\/2011y\/ET-Logo-YG.jpg\",\"width\":346,\"height\":29,\"caption\":\"The EpochTimes T\u00fcrkiye\"},\"image\":{\"@id\":\"https:\/\/epochtimestr.com\/#\/schema\/logo\/image\/\"},\"sameAs\":[\"https:\/\/www.facebook.com\/theepochtimestr\",\"https:\/\/x.com\/TheEpochTimesTR\",\"https:\/\/www.instagram.com\/epochtimestr\"]},{\"@type\":\"Person\",\"@id\":\"https:\/\/epochtimestr.com\/#\/schema\/person\/3dc5c3adeb9f43923c5aa85889172fdd\",\"name\":\"Haber Merkezi\",\"image\":{\"@type\":\"ImageObject\",\"inLanguage\":\"tr\",\"@id\":\"https:\/\/epochtimestr.com\/#\/schema\/person\/image\/\",\"url\":\"https:\/\/secure.gravatar.com\/avatar\/d73f772ba5a74f28601361e17c2f93e6?s=96&d=mm&r=g\",\"contentUrl\":\"https:\/\/secure.gravatar.com\/avatar\/d73f772ba5a74f28601361e17c2f93e6?s=96&d=mm&r=g\",\"caption\":\"Haber Merkezi\"},\"url\":\"https:\/\/epochtimestr.com\/index.php\/author\/sendag\"}]}<\/script>\n<!-- \/ Yoast SEO plugin. -->","yoast_head_json":{"title":"Meteoroloji'den 11 \u0130l \u0130\u00e7in Kritik Uyar\u0131 - The Epoch Times TR","robots":{"index":"index","follow":"follow","max-snippet":"max-snippet:-1","max-image-preview":"max-image-preview:large","max-video-preview":"max-video-preview:-1"},"canonical":"https:\/\/epochtimestr.com\/index.php\/meteorolojiden-11-il-icin-kritik-uyari","og_locale":"tr_TR","og_type":"article","og_title":"Meteoroloji'den 11 \u0130l \u0130\u00e7in Kritik Uyar\u0131 - The Epoch Times TR","og_description":"Meteoroloji Genel M\u00fcd\u00fcrl\u00fc\u011f\u00fcnden yap\u0131lan a\u00e7\u0131klamaya g\u00f6re, 11 ilde baz\u0131 b\u00f6lgelerde yar\u0131n sabah saatlerinden itibaren kuvvetli ve yer yer \u00e7ok kuvvetli ya\u011f\u0131\u015flar etkili olacak. Genel M\u00fcd\u00fcrl\u00fckten yap\u0131lan a\u00e7\u0131klamada, yar\u0131n sabah saatlerinden itibaren Edirne, K\u0131rklareli ve Tekirda\u011f&#8217;da yer yer g\u00f6k g\u00fcr\u00fclt\u00fcl\u00fc kuvvetli sa\u011fanak beklendi\u011fi belirtildi. Antalya&#8217;n\u0131n do\u011fusunda aral\u0131klarla g\u00f6r\u00fclecek sa\u011fanak ve yer yer g\u00f6k g\u00fcr\u00fclt\u00fcl\u00fc sa\u011fana\u011f\u0131n \u0130brad\u0131, [&hellip;]","og_url":"https:\/\/epochtimestr.com\/index.php\/meteorolojiden-11-il-icin-kritik-uyari","og_site_name":"The Epoch Times TR","article_publisher":"https:\/\/www.facebook.com\/theepochtimestr","article_published_time":"2022-02-21T17:47:24+00:00","article_modified_time":"2022-02-21T17:47:26+00:00","og_image":[{"width":664,"height":354,"url":"https:\/\/epochtimestr.com\/wp-content\/uploads\/2011y\/ya\u011fmur-1.jpg","type":"image\/jpeg"}],"author":"Haber Merkezi","twitter_card":"summary_large_image","twitter_creator":"@TheEpochTimesTR","twitter_site":"@TheEpochTimesTR","twitter_misc":{"Yazan:":"Haber Merkezi","Tahmini okuma s\u00fcresi":"1 dakika"},"schema":{"@context":"https:\/\/schema.org","@graph":[{"@type":"Article","@id":"https:\/\/epochtimestr.com\/index.php\/meteorolojiden-11-il-icin-kritik-uyari#article","isPartOf":{"@id":"https:\/\/epochtimestr.com\/index.php\/meteorolojiden-11-il-icin-kritik-uyari"},"author":{"name":"Haber Merkezi","@id":"https:\/\/epochtimestr.com\/#\/schema\/person\/3dc5c3adeb9f43923c5aa85889172fdd"},"headline":"Meteoroloji&#8217;den 11 \u0130l \u0130\u00e7in Kritik Uyar\u0131","datePublished":"2022-02-21T17:47:24+00:00","dateModified":"2022-02-21T17:47:26+00:00","mainEntityOfPage":{"@id":"https:\/\/epochtimestr.com\/index.php\/meteorolojiden-11-il-icin-kritik-uyari"},"wordCount":227,"publisher":{"@id":"https:\/\/epochtimestr.com\/#organization"},"image":{"@id":"https:\/\/epochtimestr.com\/index.php\/meteorolojiden-11-il-icin-kritik-uyari#primaryimage"},"thumbnailUrl":"https:\/\/epochtimestr.com\/wp-content\/uploads\/2011y\/ya\u011fmur-1.jpg","articleSection":["G\u00dcNDEM","T\u00dcRK\u0130YE"],"inLanguage":"tr"},{"@type":"WebPage","@id":"https:\/\/epochtimestr.com\/index.php\/meteorolojiden-11-il-icin-kritik-uyari","url":"https:\/\/epochtimestr.com\/index.php\/meteorolojiden-11-il-icin-kritik-uyari","name":"Meteoroloji'den 11 \u0130l \u0130\u00e7in Kritik Uyar\u0131 - The Epoch Times TR","isPartOf":{"@id":"https:\/\/epochtimestr.com\/#website"},"primaryImageOfPage":{"@id":"https:\/\/epochtimestr.com\/index.php\/meteorolojiden-11-il-icin-kritik-uyari#primaryimage"},"image":{"@id":"https:\/\/epochtimestr.com\/index.php\/meteorolojiden-11-il-icin-kritik-uyari#primaryimage"},"thumbnailUrl":"https:\/\/epochtimestr.com\/wp-content\/uploads\/2011y\/ya\u011fmur-1.jpg","datePublished":"2022-02-21T17:47:24+00:00","dateModified":"2022-02-21T17:47:26+00:00","inLanguage":"tr","potentialAction":[{"@type":"ReadAction","target":["https:\/\/epochtimestr.com\/index.php\/meteorolojiden-11-il-icin-kritik-uyari"]}]},{"@type":"ImageObject","inLanguage":"tr","@id":"https:\/\/epochtimestr.com\/index.php\/meteorolojiden-11-il-icin-kritik-uyari#primaryimage","url":"https:\/\/epochtimestr.com\/wp-content\/uploads\/2011y\/ya\u011fmur-1.jpg","contentUrl":"https:\/\/epochtimestr.com\/wp-content\/uploads\/2011y\/ya\u011fmur-1.jpg","width":664,"height":354},{"@type":"WebSite","@id":"https:\/\/epochtimestr.com\/#website","url":"https:\/\/epochtimestr.com\/","name":"The Epoch Times TR","description":"De\u011fi\u015fen D\u00fcnyam\u0131za Taze Bir Bak\u0131\u015f","publisher":{"@id":"https:\/\/epochtimestr.com\/#organization"},"potentialAction":[{"@type":"SearchAction","target":{"@type":"EntryPoint","urlTemplate":"https:\/\/epochtimestr.com\/?s={search_term_string}"},"query-input":"required name=search_term_string"}],"inLanguage":"tr"},{"@type":"Organization","@id":"https:\/\/epochtimestr.com\/#organization","name":"The EpochTimes T\u00fcrkiye","url":"https:\/\/epochtimestr.com\/","logo":{"@type":"ImageObject","inLanguage":"tr","@id":"https:\/\/epochtimestr.com\/#\/schema\/logo\/image\/","url":"https:\/\/epochtimestr.com\/wp-content\/uploads\/2011y\/ET-Logo-YG.jpg","contentUrl":"https:\/\/epochtimestr.com\/wp-content\/uploads\/2011y\/ET-Logo-YG.jpg","width":346,"height":29,"caption":"The EpochTimes T\u00fcrkiye"},"image":{"@id":"https:\/\/epochtimestr.com\/#\/schema\/logo\/image\/"},"sameAs":["https:\/\/www.facebook.com\/theepochtimestr","https:\/\/x.com\/TheEpochTimesTR","https:\/\/www.instagram.com\/epochtimestr"]},{"@type":"Person","@id":"https:\/\/epochtimestr.com\/#\/schema\/person\/3dc5c3adeb9f43923c5aa85889172fdd","name":"Haber Merkezi","image":{"@type":"ImageObject","inLanguage":"tr","@id":"https:\/\/epochtimestr.com\/#\/schema\/person\/image\/","url":"https:\/\/secure.gravatar.com\/avatar\/d73f772ba5a74f28601361e17c2f93e6?s=96&d=mm&r=g","contentUrl":"https:\/\/secure.gravatar.com\/avatar\/d73f772ba5a74f28601361e17c2f93e6?s=96&d=mm&r=g","caption":"Haber Merkezi"},"url":"https:\/\/epochtimestr.com\/index.php\/author\/sendag"}]}},"_links":{"self":[{"href":"https:\/\/epochtimestr.com\/index.php\/wp-json\/wp\/v2\/posts\/138211"}],"collection":[{"href":"https:\/\/epochtimestr.com\/index.php\/wp-json\/wp\/v2\/posts"}],"about":[{"href":"https:\/\/epochtimestr.com\/index.php\/wp-json\/wp\/v2\/types\/post"}],"author":[{"embeddable":true,"href":"https:\/\/epochtimestr.com\/index.php\/wp-json\/wp\/v2\/users\/12791"}],"replies":[{"embeddable":true,"href":"https:\/\/epochtimestr.com\/index.php\/wp-json\/wp\/v2\/comments?post=138211"}],"version-history":[{"count":1,"href":"https:\/\/epochtimestr.com\/index.php\/wp-json\/wp\/v2\/posts\/138211\/revisions"}],"predecessor-version":[{"id":138212,"href":"https:\/\/epochtimestr.com\/index.php\/wp-json\/wp\/v2\/posts\/138211\/revisions\/138212"}],"wp:featuredmedia":[{"embeddable":true,"href":"https:\/\/epochtimestr.com\/index.php\/wp-json\/wp\/v2\/media\/93128"}],"wp:attachment":[{"href":"https:\/\/epochtimestr.com\/index.php\/wp-json\/wp\/v2\/media?parent=138211"}],"wp:term":[{"taxonomy":"category","embeddable":true,"href":"https:\/\/epochtimestr.com\/index.php\/wp-json\/wp\/v2\/categories?post=138211"},{"taxonomy":"post_tag","embeddable":true,"href":"https:\/\/epochtimestr.com\/index.php\/wp-json\/wp\/v2\/tags?post=138211"}],"curies":[{"name":"wp","href":"https:\/\/api.w.org\/{rel}","templated":true}]}}