{"id":138213,"date":"2022-02-21T20:50:09","date_gmt":"2022-02-21T17:50:09","guid":{"rendered":"https:\/\/epochtimestr.com\/?p=138213"},"modified":"2022-02-21T20:50:12","modified_gmt":"2022-02-21T17:50:12","slug":"trump-kendi-sosyal-medya-platformunu-acti","status":"publish","type":"post","link":"https:\/\/epochtimestr.com\/index.php\/trump-kendi-sosyal-medya-platformunu-acti","title":{"rendered":"Trump Kendi Sosyal Medya Platformunu A\u00e7t\u0131"},"content":{"rendered":"\n<div class=\"wp-block-image\"><figure class=\"aligncenter size-large\"><img loading=\"lazy\" decoding=\"async\" width=\"600\" height=\"304\" src=\"https:\/\/epochtimestr.com\/wp-content\/uploads\/2011y\/trump-et-600x304.jpg\" alt=\"\" class=\"wp-image-133677\" srcset=\"https:\/\/epochtimestr.com\/wp-content\/uploads\/2011y\/trump-et-600x304.jpg 600w, https:\/\/epochtimestr.com\/wp-content\/uploads\/2011y\/trump-et-300x152.jpg 300w, https:\/\/epochtimestr.com\/wp-content\/uploads\/2011y\/trump-et-150x76.jpg 150w, https:\/\/epochtimestr.com\/wp-content\/uploads\/2011y\/trump-et.jpg 651w\" sizes=\"(max-width: 600px) 100vw, 600px\" \/><\/figure><\/div>\n\n\n\n<h2 class=\"wp-block-heading\">ABD\u2019nin bir \u00f6nceki ba\u015fkan\u0131 Donald Trump\u2019\u0131n sosyal medya uygulamas\u0131 Truth Social pazar gecesi Apple\u2019\u0131n uygulama ma\u011fazas\u0131nda hizmete sunuldu.<\/h2>\n\n\n\n<p>Ocak 2021\u2019de ABD ba\u015fkanl\u0131k se\u00e7imleri sonucunun a\u00e7\u0131klanmas\u0131n\u0131n ard\u0131ndan Trump\u2019\u0131n destek\u00e7ilerinin ABD Kongresi\u2019ni i\u015fgal etmesi ve Trump\u2019\u0131n sosyal medyadan k\u0131\u015fk\u0131rt\u0131c\u0131 a\u00e7\u0131klamalar yapmas\u0131yla Twitter ve Facebook gibi b\u00fcy\u00fck sosyal medya \u015firketleri, platformlar\u0131n\u0131 Trump\u2019a kapatm\u0131\u015ft\u0131.<\/p>\n\n\n\n<p>Bunun \u00fczerine Trump da kendi sosyal medya platformunu kuraca\u011f\u0131n\u0131 duyurmu\u015ftu.<\/p>\n\n\n\n<p>Uygulamay\u0131 eski ABD Temsilciler Meclis \u00fcyesi Devin Nunes\u2019un y\u00f6netti\u011fi Trump Media &amp; Technology Group (TMTG) \u015firketi olu\u015fturdu. Bu \u015firket, kendini ifade \u00f6zg\u00fcrl\u00fc\u011f\u00fcn\u00fcn bayraktarl\u0131\u011f\u0131n\u0131 yapan teknoloji \u015firketleri aras\u0131nda konumland\u0131r\u0131yor ve daha k\u00f6kl\u00fc platformlar taraf\u0131ndan g\u00f6r\u00fc\u015flerinin bast\u0131r\u0131ld\u0131\u011f\u0131na inanan kullan\u0131c\u0131lar\u0131 kendine \u00e7ekmeyi umuyor. Fakat \u015firket b\u00fcnyesindeki sosyal medya platformlar\u0131 \u015fu ana kadar Twitter gibi ana ak\u0131mdaki rakiplerinin pop\u00fclaritesini yakalayamad\u0131.<\/p>\n\n\n\n<p>D\u00fcn gece uygulamay\u0131 indirmeye \u00e7al\u0131\u015fan baz\u0131 kullan\u0131c\u0131lar yeni kullan\u0131c\u0131 hesab\u0131 a\u00e7mada sorun \u00e7\u0131kt\u0131\u011f\u0131n\u0131 veya\u00a0\u201cYo\u011fun talep nedeniyle, sizi bekleme listemize ald\u0131k\u201d\u00a0gibi bir mesajla kar\u015f\u0131la\u015ft\u011f\u0131n\u0131 belirtti.<\/p>\n","protected":false},"excerpt":{"rendered":"<p>ABD\u2019nin bir \u00f6nceki ba\u015fkan\u0131 Donald Trump\u2019\u0131n sosyal medya uygulamas\u0131 Truth Social pazar gecesi Apple\u2019\u0131n uygulama ma\u011fazas\u0131nda hizmete sunuldu. Ocak 2021\u2019de ABD ba\u015fkanl\u0131k se\u00e7imleri sonucunun a\u00e7\u0131klanmas\u0131n\u0131n ard\u0131ndan Trump\u2019\u0131n destek\u00e7ilerinin ABD Kongresi\u2019ni i\u015fgal etmesi ve Trump\u2019\u0131n sosyal medyadan k\u0131\u015fk\u0131rt\u0131c\u0131 a\u00e7\u0131klamalar yapmas\u0131yla Twitter ve Facebook gibi b\u00fcy\u00fck sosyal medya \u015firketleri, platformlar\u0131n\u0131 Trump\u2019a kapatm\u0131\u015ft\u0131. Bunun \u00fczerine Trump da kendi [&hellip;]<\/p>\n","protected":false},"author":12791,"featured_media":133678,"comment_status":"closed","ping_status":"open","sticky":false,"template":"","format":"standard","meta":{"_yoast_wpseo_focuskw":"","_yoast_wpseo_title":"","_yoast_wpseo_metadesc":"","_bbp_topic_count":0,"_bbp_reply_count":0,"_bbp_total_topic_count":0,"_bbp_total_reply_count":0,"_bbp_voice_count":0,"_bbp_anonymous_reply_count":0,"_bbp_topic_count_hidden":0,"_bbp_reply_count_hidden":0,"_bbp_forum_subforum_count":0,"footnotes":"","_yoast_wpseo_focuskw_text_input":""},"categories":[5,1,8138],"tags":[],"yoast_head":"<!-- This site is optimized with the Yoast SEO plugin v23.0 - https:\/\/yoast.com\/wordpress\/plugins\/seo\/ -->\n<title>Trump Kendi Sosyal Medya Platformunu A\u00e7t\u0131 - The Epoch Times TR<\/title>\n<meta name=\"robots\" content=\"index, follow, max-snippet:-1, max-image-preview:large, max-video-preview:-1\" \/>\n<link rel=\"canonical\" href=\"https:\/\/epochtimestr.com\/index.php\/trump-kendi-sosyal-medya-platformunu-acti\" \/>\n<meta property=\"og:locale\" content=\"tr_TR\" \/>\n<meta property=\"og:type\" content=\"article\" \/>\n<meta property=\"og:title\" content=\"Trump Kendi Sosyal Medya Platformunu A\u00e7t\u0131 - The Epoch Times TR\" \/>\n<meta property=\"og:description\" content=\"ABD\u2019nin bir \u00f6nceki ba\u015fkan\u0131 Donald Trump\u2019\u0131n sosyal medya uygulamas\u0131 Truth Social pazar gecesi Apple\u2019\u0131n uygulama ma\u011fazas\u0131nda hizmete sunuldu. Ocak 2021\u2019de ABD ba\u015fkanl\u0131k se\u00e7imleri sonucunun a\u00e7\u0131klanmas\u0131n\u0131n ard\u0131ndan Trump\u2019\u0131n destek\u00e7ilerinin ABD Kongresi\u2019ni i\u015fgal etmesi ve Trump\u2019\u0131n sosyal medyadan k\u0131\u015fk\u0131rt\u0131c\u0131 a\u00e7\u0131klamalar yapmas\u0131yla Twitter ve Facebook gibi b\u00fcy\u00fck sosyal medya \u015firketleri, platformlar\u0131n\u0131 Trump\u2019a kapatm\u0131\u015ft\u0131. Bunun \u00fczerine Trump da kendi [&hellip;]\" \/>\n<meta property=\"og:url\" content=\"https:\/\/epochtimestr.com\/index.php\/trump-kendi-sosyal-medya-platformunu-acti\" \/>\n<meta property=\"og:site_name\" content=\"The Epoch Times TR\" \/>\n<meta property=\"article:publisher\" content=\"https:\/\/www.facebook.com\/theepochtimestr\" \/>\n<meta property=\"article:published_time\" content=\"2022-02-21T17:50:09+00:00\" \/>\n<meta property=\"article:modified_time\" content=\"2022-02-21T17:50:12+00:00\" \/>\n<meta property=\"og:image\" content=\"https:\/\/epochtimestr.com\/wp-content\/uploads\/2011y\/trump-et.jpg\" \/>\n\t<meta property=\"og:image:width\" content=\"651\" \/>\n\t<meta property=\"og:image:height\" content=\"330\" \/>\n\t<meta property=\"og:image:type\" content=\"image\/jpeg\" \/>\n<meta name=\"author\" content=\"Haber Merkezi\" \/>\n<meta name=\"twitter:card\" content=\"summary_large_image\" \/>\n<meta name=\"twitter:creator\" content=\"@TheEpochTimesTR\" \/>\n<meta name=\"twitter:site\" content=\"@TheEpochTimesTR\" \/>\n<meta name=\"twitter:label1\" content=\"Yazan:\" \/>\n\t<meta name=\"twitter:data1\" content=\"Haber Merkezi\" \/>\n\t<meta name=\"twitter:label2\" content=\"Tahmini okuma s\u00fcresi\" \/>\n\t<meta name=\"twitter:data2\" content=\"1 dakika\" \/>\n<script type=\"application\/ld+json\" class=\"yoast-schema-graph\">{\"@context\":\"https:\/\/schema.org\",\"@graph\":[{\"@type\":\"Article\",\"@id\":\"https:\/\/epochtimestr.com\/index.php\/trump-kendi-sosyal-medya-platformunu-acti#article\",\"isPartOf\":{\"@id\":\"https:\/\/epochtimestr.com\/index.php\/trump-kendi-sosyal-medya-platformunu-acti\"},\"author\":{\"name\":\"Haber Merkezi\",\"@id\":\"https:\/\/epochtimestr.com\/#\/schema\/person\/3dc5c3adeb9f43923c5aa85889172fdd\"},\"headline\":\"Trump Kendi Sosyal Medya Platformunu A\u00e7t\u0131\",\"datePublished\":\"2022-02-21T17:50:09+00:00\",\"dateModified\":\"2022-02-21T17:50:12+00:00\",\"mainEntityOfPage\":{\"@id\":\"https:\/\/epochtimestr.com\/index.php\/trump-kendi-sosyal-medya-platformunu-acti\"},\"wordCount\":214,\"publisher\":{\"@id\":\"https:\/\/epochtimestr.com\/#organization\"},\"image\":{\"@id\":\"https:\/\/epochtimestr.com\/index.php\/trump-kendi-sosyal-medya-platformunu-acti#primaryimage\"},\"thumbnailUrl\":\"https:\/\/epochtimestr.com\/wp-content\/uploads\/2011y\/trump-et.jpg\",\"articleSection\":[\"D\u00dcNYA\",\"G\u00dcNDEM\",\"MAN\u015eET\"],\"inLanguage\":\"tr\"},{\"@type\":\"WebPage\",\"@id\":\"https:\/\/epochtimestr.com\/index.php\/trump-kendi-sosyal-medya-platformunu-acti\",\"url\":\"https:\/\/epochtimestr.com\/index.php\/trump-kendi-sosyal-medya-platformunu-acti\",\"name\":\"Trump Kendi Sosyal Medya Platformunu A\u00e7t\u0131 - The Epoch Times TR\",\"isPartOf\":{\"@id\":\"https:\/\/epochtimestr.com\/#website\"},\"primaryImageOfPage\":{\"@id\":\"https:\/\/epochtimestr.com\/index.php\/trump-kendi-sosyal-medya-platformunu-acti#primaryimage\"},\"image\":{\"@id\":\"https:\/\/epochtimestr.com\/index.php\/trump-kendi-sosyal-medya-platformunu-acti#primaryimage\"},\"thumbnailUrl\":\"https:\/\/epochtimestr.com\/wp-content\/uploads\/2011y\/trump-et.jpg\",\"datePublished\":\"2022-02-21T17:50:09+00:00\",\"dateModified\":\"2022-02-21T17:50:12+00:00\",\"inLanguage\":\"tr\",\"potentialAction\":[{\"@type\":\"ReadAction\",\"target\":[\"https:\/\/epochtimestr.com\/index.php\/trump-kendi-sosyal-medya-platformunu-acti\"]}]},{\"@type\":\"ImageObject\",\"inLanguage\":\"tr\",\"@id\":\"https:\/\/epochtimestr.com\/index.php\/trump-kendi-sosyal-medya-platformunu-acti#primaryimage\",\"url\":\"https:\/\/epochtimestr.com\/wp-content\/uploads\/2011y\/trump-et.jpg\",\"contentUrl\":\"https:\/\/epochtimestr.com\/wp-content\/uploads\/2011y\/trump-et.jpg\",\"width\":651,\"height\":330},{\"@type\":\"WebSite\",\"@id\":\"https:\/\/epochtimestr.com\/#website\",\"url\":\"https:\/\/epochtimestr.com\/\",\"name\":\"The Epoch Times TR\",\"description\":\"De\u011fi\u015fen D\u00fcnyam\u0131za Taze Bir Bak\u0131\u015f\",\"publisher\":{\"@id\":\"https:\/\/epochtimestr.com\/#organization\"},\"potentialAction\":[{\"@type\":\"SearchAction\",\"target\":{\"@type\":\"EntryPoint\",\"urlTemplate\":\"https:\/\/epochtimestr.com\/?s={search_term_string}\"},\"query-input\":\"required name=search_term_string\"}],\"inLanguage\":\"tr\"},{\"@type\":\"Organization\",\"@id\":\"https:\/\/epochtimestr.com\/#organization\",\"name\":\"The EpochTimes T\u00fcrkiye\",\"url\":\"https:\/\/epochtimestr.com\/\",\"logo\":{\"@type\":\"ImageObject\",\"inLanguage\":\"tr\",\"@id\":\"https:\/\/epochtimestr.com\/#\/schema\/logo\/image\/\",\"url\":\"https:\/\/epochtimestr.com\/wp-content\/uploads\/2011y\/ET-Logo-YG.jpg\",\"contentUrl\":\"https:\/\/epochtimestr.com\/wp-content\/uploads\/2011y\/ET-Logo-YG.jpg\",\"width\":346,\"height\":29,\"caption\":\"The EpochTimes T\u00fcrkiye\"},\"image\":{\"@id\":\"https:\/\/epochtimestr.com\/#\/schema\/logo\/image\/\"},\"sameAs\":[\"https:\/\/www.facebook.com\/theepochtimestr\",\"https:\/\/x.com\/TheEpochTimesTR\",\"https:\/\/www.instagram.com\/epochtimestr\"]},{\"@type\":\"Person\",\"@id\":\"https:\/\/epochtimestr.com\/#\/schema\/person\/3dc5c3adeb9f43923c5aa85889172fdd\",\"name\":\"Haber Merkezi\",\"image\":{\"@type\":\"ImageObject\",\"inLanguage\":\"tr\",\"@id\":\"https:\/\/epochtimestr.com\/#\/schema\/person\/image\/\",\"url\":\"https:\/\/secure.gravatar.com\/avatar\/d73f772ba5a74f28601361e17c2f93e6?s=96&d=mm&r=g\",\"contentUrl\":\"https:\/\/secure.gravatar.com\/avatar\/d73f772ba5a74f28601361e17c2f93e6?s=96&d=mm&r=g\",\"caption\":\"Haber Merkezi\"},\"url\":\"https:\/\/epochtimestr.com\/index.php\/author\/sendag\"}]}<\/script>\n<!-- \/ Yoast SEO plugin. -->","yoast_head_json":{"title":"Trump Kendi Sosyal Medya Platformunu A\u00e7t\u0131 - The Epoch Times TR","robots":{"index":"index","follow":"follow","max-snippet":"max-snippet:-1","max-image-preview":"max-image-preview:large","max-video-preview":"max-video-preview:-1"},"canonical":"https:\/\/epochtimestr.com\/index.php\/trump-kendi-sosyal-medya-platformunu-acti","og_locale":"tr_TR","og_type":"article","og_title":"Trump Kendi Sosyal Medya Platformunu A\u00e7t\u0131 - The Epoch Times TR","og_description":"ABD\u2019nin bir \u00f6nceki ba\u015fkan\u0131 Donald Trump\u2019\u0131n sosyal medya uygulamas\u0131 Truth Social pazar gecesi Apple\u2019\u0131n uygulama ma\u011fazas\u0131nda hizmete sunuldu. Ocak 2021\u2019de ABD ba\u015fkanl\u0131k se\u00e7imleri sonucunun a\u00e7\u0131klanmas\u0131n\u0131n ard\u0131ndan Trump\u2019\u0131n destek\u00e7ilerinin ABD Kongresi\u2019ni i\u015fgal etmesi ve Trump\u2019\u0131n sosyal medyadan k\u0131\u015fk\u0131rt\u0131c\u0131 a\u00e7\u0131klamalar yapmas\u0131yla Twitter ve Facebook gibi b\u00fcy\u00fck sosyal medya \u015firketleri, platformlar\u0131n\u0131 Trump\u2019a kapatm\u0131\u015ft\u0131. Bunun \u00fczerine Trump da kendi [&hellip;]","og_url":"https:\/\/epochtimestr.com\/index.php\/trump-kendi-sosyal-medya-platformunu-acti","og_site_name":"The Epoch Times TR","article_publisher":"https:\/\/www.facebook.com\/theepochtimestr","article_published_time":"2022-02-21T17:50:09+00:00","article_modified_time":"2022-02-21T17:50:12+00:00","og_image":[{"width":651,"height":330,"url":"https:\/\/epochtimestr.com\/wp-content\/uploads\/2011y\/trump-et.jpg","type":"image\/jpeg"}],"author":"Haber Merkezi","twitter_card":"summary_large_image","twitter_creator":"@TheEpochTimesTR","twitter_site":"@TheEpochTimesTR","twitter_misc":{"Yazan:":"Haber Merkezi","Tahmini okuma s\u00fcresi":"1 dakika"},"schema":{"@context":"https:\/\/schema.org","@graph":[{"@type":"Article","@id":"https:\/\/epochtimestr.com\/index.php\/trump-kendi-sosyal-medya-platformunu-acti#article","isPartOf":{"@id":"https:\/\/epochtimestr.com\/index.php\/trump-kendi-sosyal-medya-platformunu-acti"},"author":{"name":"Haber Merkezi","@id":"https:\/\/epochtimestr.com\/#\/schema\/person\/3dc5c3adeb9f43923c5aa85889172fdd"},"headline":"Trump Kendi Sosyal Medya Platformunu A\u00e7t\u0131","datePublished":"2022-02-21T17:50:09+00:00","dateModified":"2022-02-21T17:50:12+00:00","mainEntityOfPage":{"@id":"https:\/\/epochtimestr.com\/index.php\/trump-kendi-sosyal-medya-platformunu-acti"},"wordCount":214,"publisher":{"@id":"https:\/\/epochtimestr.com\/#organization"},"image":{"@id":"https:\/\/epochtimestr.com\/index.php\/trump-kendi-sosyal-medya-platformunu-acti#primaryimage"},"thumbnailUrl":"https:\/\/epochtimestr.com\/wp-content\/uploads\/2011y\/trump-et.jpg","articleSection":["D\u00dcNYA","G\u00dcNDEM","MAN\u015eET"],"inLanguage":"tr"},{"@type":"WebPage","@id":"https:\/\/epochtimestr.com\/index.php\/trump-kendi-sosyal-medya-platformunu-acti","url":"https:\/\/epochtimestr.com\/index.php\/trump-kendi-sosyal-medya-platformunu-acti","name":"Trump Kendi Sosyal Medya Platformunu A\u00e7t\u0131 - The Epoch Times TR","isPartOf":{"@id":"https:\/\/epochtimestr.com\/#website"},"primaryImageOfPage":{"@id":"https:\/\/epochtimestr.com\/index.php\/trump-kendi-sosyal-medya-platformunu-acti#primaryimage"},"image":{"@id":"https:\/\/epochtimestr.com\/index.php\/trump-kendi-sosyal-medya-platformunu-acti#primaryimage"},"thumbnailUrl":"https:\/\/epochtimestr.com\/wp-content\/uploads\/2011y\/trump-et.jpg","datePublished":"2022-02-21T17:50:09+00:00","dateModified":"2022-02-21T17:50:12+00:00","inLanguage":"tr","potentialAction":[{"@type":"ReadAction","target":["https:\/\/epochtimestr.com\/index.php\/trump-kendi-sosyal-medya-platformunu-acti"]}]},{"@type":"ImageObject","inLanguage":"tr","@id":"https:\/\/epochtimestr.com\/index.php\/trump-kendi-sosyal-medya-platformunu-acti#primaryimage","url":"https:\/\/epochtimestr.com\/wp-content\/uploads\/2011y\/trump-et.jpg","contentUrl":"https:\/\/epochtimestr.com\/wp-content\/uploads\/2011y\/trump-et.jpg","width":651,"height":330},{"@type":"WebSite","@id":"https:\/\/epochtimestr.com\/#website","url":"https:\/\/epochtimestr.com\/","name":"The Epoch Times TR","description":"De\u011fi\u015fen D\u00fcnyam\u0131za Taze Bir Bak\u0131\u015f","publisher":{"@id":"https:\/\/epochtimestr.com\/#organization"},"potentialAction":[{"@type":"SearchAction","target":{"@type":"EntryPoint","urlTemplate":"https:\/\/epochtimestr.com\/?s={search_term_string}"},"query-input":"required name=search_term_string"}],"inLanguage":"tr"},{"@type":"Organization","@id":"https:\/\/epochtimestr.com\/#organization","name":"The EpochTimes T\u00fcrkiye","url":"https:\/\/epochtimestr.com\/","logo":{"@type":"ImageObject","inLanguage":"tr","@id":"https:\/\/epochtimestr.com\/#\/schema\/logo\/image\/","url":"https:\/\/epochtimestr.com\/wp-content\/uploads\/2011y\/ET-Logo-YG.jpg","contentUrl":"https:\/\/epochtimestr.com\/wp-content\/uploads\/2011y\/ET-Logo-YG.jpg","width":346,"height":29,"caption":"The EpochTimes T\u00fcrkiye"},"image":{"@id":"https:\/\/epochtimestr.com\/#\/schema\/logo\/image\/"},"sameAs":["https:\/\/www.facebook.com\/theepochtimestr","https:\/\/x.com\/TheEpochTimesTR","https:\/\/www.instagram.com\/epochtimestr"]},{"@type":"Person","@id":"https:\/\/epochtimestr.com\/#\/schema\/person\/3dc5c3adeb9f43923c5aa85889172fdd","name":"Haber Merkezi","image":{"@type":"ImageObject","inLanguage":"tr","@id":"https:\/\/epochtimestr.com\/#\/schema\/person\/image\/","url":"https:\/\/secure.gravatar.com\/avatar\/d73f772ba5a74f28601361e17c2f93e6?s=96&d=mm&r=g","contentUrl":"https:\/\/secure.gravatar.com\/avatar\/d73f772ba5a74f28601361e17c2f93e6?s=96&d=mm&r=g","caption":"Haber Merkezi"},"url":"https:\/\/epochtimestr.com\/index.php\/author\/sendag"}]}},"_links":{"self":[{"href":"https:\/\/epochtimestr.com\/index.php\/wp-json\/wp\/v2\/posts\/138213"}],"collection":[{"href":"https:\/\/epochtimestr.com\/index.php\/wp-json\/wp\/v2\/posts"}],"about":[{"href":"https:\/\/epochtimestr.com\/index.php\/wp-json\/wp\/v2\/types\/post"}],"author":[{"embeddable":true,"href":"https:\/\/epochtimestr.com\/index.php\/wp-json\/wp\/v2\/users\/12791"}],"replies":[{"embeddable":true,"href":"https:\/\/epochtimestr.com\/index.php\/wp-json\/wp\/v2\/comments?post=138213"}],"version-history":[{"count":1,"href":"https:\/\/epochtimestr.com\/index.php\/wp-json\/wp\/v2\/posts\/138213\/revisions"}],"predecessor-version":[{"id":138214,"href":"https:\/\/epochtimestr.com\/index.php\/wp-json\/wp\/v2\/posts\/138213\/revisions\/138214"}],"wp:featuredmedia":[{"embeddable":true,"href":"https:\/\/epochtimestr.com\/index.php\/wp-json\/wp\/v2\/media\/133678"}],"wp:attachment":[{"href":"https:\/\/epochtimestr.com\/index.php\/wp-json\/wp\/v2\/media?parent=138213"}],"wp:term":[{"taxonomy":"category","embeddable":true,"href":"https:\/\/epochtimestr.com\/index.php\/wp-json\/wp\/v2\/categories?post=138213"},{"taxonomy":"post_tag","embeddable":true,"href":"https:\/\/epochtimestr.com\/index.php\/wp-json\/wp\/v2\/tags?post=138213"}],"curies":[{"name":"wp","href":"https:\/\/api.w.org\/{rel}","templated":true}]}}