{"id":138215,"date":"2022-02-22T18:27:12","date_gmt":"2022-02-22T15:27:12","guid":{"rendered":"https:\/\/epochtimestr.com\/?p=138215"},"modified":"2022-02-22T18:27:17","modified_gmt":"2022-02-22T15:27:17","slug":"caz-sanatcisi-ahmet-muvaffak-falay-yasamini-yitirdi","status":"publish","type":"post","link":"https:\/\/epochtimestr.com\/index.php\/caz-sanatcisi-ahmet-muvaffak-falay-yasamini-yitirdi","title":{"rendered":"Caz Sanat\u00e7\u0131s\u0131 Ahmet Muvaffak Falay Ya\u015fam\u0131n\u0131 Yitirdi"},"content":{"rendered":"\n<div class=\"wp-block-image\"><figure class=\"aligncenter size-large\"><img loading=\"lazy\" decoding=\"async\" width=\"600\" height=\"303\" src=\"https:\/\/epochtimestr.com\/wp-content\/uploads\/2011y\/Muvaffak-falay-youtubekusadasi-600x303.png\" alt=\"\" class=\"wp-image-138216\" srcset=\"https:\/\/epochtimestr.com\/wp-content\/uploads\/2011y\/Muvaffak-falay-youtubekusadasi-600x303.png 600w, https:\/\/epochtimestr.com\/wp-content\/uploads\/2011y\/Muvaffak-falay-youtubekusadasi-300x152.png 300w, https:\/\/epochtimestr.com\/wp-content\/uploads\/2011y\/Muvaffak-falay-youtubekusadasi-150x76.png 150w, https:\/\/epochtimestr.com\/wp-content\/uploads\/2011y\/Muvaffak-falay-youtubekusadasi-768x388.png 768w, https:\/\/epochtimestr.com\/wp-content\/uploads\/2011y\/Muvaffak-falay-youtubekusadasi.png 1359w\" sizes=\"(max-width: 600px) 100vw, 600px\" \/><\/figure><\/div>\n\n\n\n<h2 class=\"wp-block-heading\">T\u00fcrkiye\u2019de Mafi, Avrupa ve ABD\u2019de Maffy olarak adland\u0131r\u0131lan Ahmet Muvaffak Falay bu sabah 92 ya\u015f\u0131nda \u0130stanbul\u2019da vefat etti.<\/h2>\n\n\n\n<p>1930 do\u011fumlu \u00a01980\u2019lerin \u00fcnl\u00fc caz sanat\u00e7\u0131s\u0131 Ahmet Muvaffak Falay bu sabah 92 ya\u015f\u0131nda \u0130stanbul\u2019da hayat\u0131n\u0131 kaybetti. Falay, son 2 y\u0131ld\u0131r \u0130stanbul B\u00fcy\u00fck\u015fehir Belediyesi Dar\u00fclaceze M\u00fcd\u00fcrl\u00fc\u011f\u00fc Kay\u0131\u015fda\u011f\u0131 yerle\u015fkesinde hayat\u0131n\u0131 s\u00fcrd\u00fcr\u00fcyordu. Ahmet Muvaffak Falay\u2019\u0131n cenazesi, 23 \u015eubat g\u00fcn\u00fc memleketi olan Ku\u015fadas\u0131\u2019nda ikindi namaz\u0131n\u0131n ard\u0131ndan topra\u011fa verilecek.<\/p>\n\n\n\n<p>Ahmet Muvaffak Falay; 30 A\u011fustos 1930 tarihinde Ayd\u0131n ili Ku\u015fadas\u0131 il\u00e7esinde d\u00fcnyaya geldi. Ailesi kendisine k\u00fc\u00e7\u00fckken Mafilli diye seslenirken daha sonralar\u0131 Maffy lakab\u0131 ile an\u0131lmaya ba\u015flad\u0131.<\/p>\n\n\n\n<p>Ku\u015fadas\u0131 bandosunda ba\u015flayan\u00a0m\u00fczik\u00a0hayat\u0131 Ankara Konservatuar\u0131 ile devam etti. Yedi y\u0131l s\u00fcreyle trompet ve piyano \u00e7alan Falay, \u00fcnl\u00fc caz trompet\u00e7isi Dizzy Gillespie\u2019yi T\u00fcrkiye ziyaretinde kar\u015f\u0131layanlardan oldu ve Gillespie taraf\u0131ndan ba\u015far\u0131l\u0131 bir m\u00fczisyen olarak kendisinden \u00f6vg\u00fcyle bahsettirdi. Sonraki s\u00fcre\u00e7te \u0130sve\u00e7\u2019e yerle\u015fen ve burada m\u00fczik hayat\u0131na devam eden Ahmet Muvaffak Falay d\u00fcnyan\u0131n farkl\u0131 \u00fclkelerinde caz orkestralar\u0131nda trompet \u00e7ald\u0131.<\/p>\n\n\n\n<p>1985 y\u0131l\u0131nda ise kendi\u00a0caz\u00a0grubunu kurarak konserler vermeye ba\u015flad\u0131. 1992 y\u0131l\u0131nda Sevda, 1986 y\u0131l\u0131nda we six, 1993 y\u0131l\u0131nda Maffy Falay Sextet, 1996 Hank\u2019s Tune alb\u00fcmlerini \u00e7\u0131kard\u0131. 2005 y\u0131l\u0131nda 12. \u0130stanbul Caz Festivalinde \u0130stanbul K\u00fclt\u00fcr Sanat Vakf\u0131 taraf\u0131ndan verilen Ya\u015fam Boyu Ba\u015far\u0131 \u00d6d\u00fcl\u00fcn\u00fc ald\u0131. 2011 y\u0131l\u0131nda Alt\u0131n G\u00fcvercin M\u00fczik Yar\u0131\u015fmas\u0131 kapsam\u0131nda heykeli Ku\u015fadas\u0131\u2019na dikildi.<\/p>\n","protected":false},"excerpt":{"rendered":"<p>T\u00fcrkiye\u2019de Mafi, Avrupa ve ABD\u2019de Maffy olarak adland\u0131r\u0131lan Ahmet Muvaffak Falay bu sabah 92 ya\u015f\u0131nda \u0130stanbul\u2019da vefat etti. 1930 do\u011fumlu \u00a01980\u2019lerin \u00fcnl\u00fc caz sanat\u00e7\u0131s\u0131 Ahmet Muvaffak Falay bu sabah 92 ya\u015f\u0131nda \u0130stanbul\u2019da hayat\u0131n\u0131 kaybetti. Falay, son 2 y\u0131ld\u0131r \u0130stanbul B\u00fcy\u00fck\u015fehir Belediyesi Dar\u00fclaceze M\u00fcd\u00fcrl\u00fc\u011f\u00fc Kay\u0131\u015fda\u011f\u0131 yerle\u015fkesinde hayat\u0131n\u0131 s\u00fcrd\u00fcr\u00fcyordu. Ahmet Muvaffak Falay\u2019\u0131n cenazesi, 23 \u015eubat g\u00fcn\u00fc memleketi [&hellip;]<\/p>\n","protected":false},"author":12791,"featured_media":138216,"comment_status":"closed","ping_status":"open","sticky":false,"template":"","format":"standard","meta":{"_yoast_wpseo_focuskw":"","_yoast_wpseo_title":"","_yoast_wpseo_metadesc":"","_bbp_topic_count":0,"_bbp_reply_count":0,"_bbp_total_topic_count":0,"_bbp_total_reply_count":0,"_bbp_voice_count":0,"_bbp_anonymous_reply_count":0,"_bbp_topic_count_hidden":0,"_bbp_reply_count_hidden":0,"_bbp_forum_subforum_count":0,"footnotes":"","_yoast_wpseo_focuskw_text_input":""},"categories":[1,37],"tags":[],"yoast_head":"<!-- This site is optimized with the Yoast SEO plugin v23.0 - https:\/\/yoast.com\/wordpress\/plugins\/seo\/ -->\n<title>Caz Sanat\u00e7\u0131s\u0131 Ahmet Muvaffak Falay Ya\u015fam\u0131n\u0131 Yitirdi - The Epoch Times TR<\/title>\n<meta name=\"robots\" content=\"index, follow, max-snippet:-1, max-image-preview:large, max-video-preview:-1\" \/>\n<link rel=\"canonical\" href=\"https:\/\/epochtimestr.com\/index.php\/caz-sanatcisi-ahmet-muvaffak-falay-yasamini-yitirdi\" \/>\n<meta property=\"og:locale\" content=\"tr_TR\" \/>\n<meta property=\"og:type\" content=\"article\" \/>\n<meta property=\"og:title\" content=\"Caz Sanat\u00e7\u0131s\u0131 Ahmet Muvaffak Falay Ya\u015fam\u0131n\u0131 Yitirdi - The Epoch Times TR\" \/>\n<meta property=\"og:description\" content=\"T\u00fcrkiye\u2019de Mafi, Avrupa ve ABD\u2019de Maffy olarak adland\u0131r\u0131lan Ahmet Muvaffak Falay bu sabah 92 ya\u015f\u0131nda \u0130stanbul\u2019da vefat etti. 1930 do\u011fumlu \u00a01980\u2019lerin \u00fcnl\u00fc caz sanat\u00e7\u0131s\u0131 Ahmet Muvaffak Falay bu sabah 92 ya\u015f\u0131nda \u0130stanbul\u2019da hayat\u0131n\u0131 kaybetti. Falay, son 2 y\u0131ld\u0131r \u0130stanbul B\u00fcy\u00fck\u015fehir Belediyesi Dar\u00fclaceze M\u00fcd\u00fcrl\u00fc\u011f\u00fc Kay\u0131\u015fda\u011f\u0131 yerle\u015fkesinde hayat\u0131n\u0131 s\u00fcrd\u00fcr\u00fcyordu. Ahmet Muvaffak Falay\u2019\u0131n cenazesi, 23 \u015eubat g\u00fcn\u00fc memleketi [&hellip;]\" \/>\n<meta property=\"og:url\" content=\"https:\/\/epochtimestr.com\/index.php\/caz-sanatcisi-ahmet-muvaffak-falay-yasamini-yitirdi\" \/>\n<meta property=\"og:site_name\" content=\"The Epoch Times TR\" \/>\n<meta property=\"article:publisher\" content=\"https:\/\/www.facebook.com\/theepochtimestr\" \/>\n<meta property=\"article:published_time\" content=\"2022-02-22T15:27:12+00:00\" \/>\n<meta property=\"article:modified_time\" content=\"2022-02-22T15:27:17+00:00\" \/>\n<meta property=\"og:image\" content=\"https:\/\/epochtimestr.com\/wp-content\/uploads\/2011y\/Muvaffak-falay-youtubekusadasi.png\" \/>\n\t<meta property=\"og:image:width\" content=\"1359\" \/>\n\t<meta property=\"og:image:height\" content=\"687\" \/>\n\t<meta property=\"og:image:type\" content=\"image\/png\" \/>\n<meta name=\"author\" content=\"Haber Merkezi\" \/>\n<meta name=\"twitter:card\" content=\"summary_large_image\" \/>\n<meta name=\"twitter:creator\" content=\"@TheEpochTimesTR\" \/>\n<meta name=\"twitter:site\" content=\"@TheEpochTimesTR\" \/>\n<meta name=\"twitter:label1\" content=\"Yazan:\" \/>\n\t<meta name=\"twitter:data1\" content=\"Haber Merkezi\" \/>\n\t<meta name=\"twitter:label2\" content=\"Tahmini okuma s\u00fcresi\" \/>\n\t<meta name=\"twitter:data2\" content=\"2 dakika\" \/>\n<script type=\"application\/ld+json\" class=\"yoast-schema-graph\">{\"@context\":\"https:\/\/schema.org\",\"@graph\":[{\"@type\":\"Article\",\"@id\":\"https:\/\/epochtimestr.com\/index.php\/caz-sanatcisi-ahmet-muvaffak-falay-yasamini-yitirdi#article\",\"isPartOf\":{\"@id\":\"https:\/\/epochtimestr.com\/index.php\/caz-sanatcisi-ahmet-muvaffak-falay-yasamini-yitirdi\"},\"author\":{\"name\":\"Haber Merkezi\",\"@id\":\"https:\/\/epochtimestr.com\/#\/schema\/person\/3dc5c3adeb9f43923c5aa85889172fdd\"},\"headline\":\"Caz Sanat\u00e7\u0131s\u0131 Ahmet Muvaffak Falay Ya\u015fam\u0131n\u0131 Yitirdi\",\"datePublished\":\"2022-02-22T15:27:12+00:00\",\"dateModified\":\"2022-02-22T15:27:17+00:00\",\"mainEntityOfPage\":{\"@id\":\"https:\/\/epochtimestr.com\/index.php\/caz-sanatcisi-ahmet-muvaffak-falay-yasamini-yitirdi\"},\"wordCount\":288,\"publisher\":{\"@id\":\"https:\/\/epochtimestr.com\/#organization\"},\"image\":{\"@id\":\"https:\/\/epochtimestr.com\/index.php\/caz-sanatcisi-ahmet-muvaffak-falay-yasamini-yitirdi#primaryimage\"},\"thumbnailUrl\":\"https:\/\/epochtimestr.com\/wp-content\/uploads\/2011y\/Muvaffak-falay-youtubekusadasi.png\",\"articleSection\":[\"G\u00dcNDEM\",\"T\u00dcRK\u0130YE\"],\"inLanguage\":\"tr\"},{\"@type\":\"WebPage\",\"@id\":\"https:\/\/epochtimestr.com\/index.php\/caz-sanatcisi-ahmet-muvaffak-falay-yasamini-yitirdi\",\"url\":\"https:\/\/epochtimestr.com\/index.php\/caz-sanatcisi-ahmet-muvaffak-falay-yasamini-yitirdi\",\"name\":\"Caz Sanat\u00e7\u0131s\u0131 Ahmet Muvaffak Falay Ya\u015fam\u0131n\u0131 Yitirdi - The Epoch Times TR\",\"isPartOf\":{\"@id\":\"https:\/\/epochtimestr.com\/#website\"},\"primaryImageOfPage\":{\"@id\":\"https:\/\/epochtimestr.com\/index.php\/caz-sanatcisi-ahmet-muvaffak-falay-yasamini-yitirdi#primaryimage\"},\"image\":{\"@id\":\"https:\/\/epochtimestr.com\/index.php\/caz-sanatcisi-ahmet-muvaffak-falay-yasamini-yitirdi#primaryimage\"},\"thumbnailUrl\":\"https:\/\/epochtimestr.com\/wp-content\/uploads\/2011y\/Muvaffak-falay-youtubekusadasi.png\",\"datePublished\":\"2022-02-22T15:27:12+00:00\",\"dateModified\":\"2022-02-22T15:27:17+00:00\",\"inLanguage\":\"tr\",\"potentialAction\":[{\"@type\":\"ReadAction\",\"target\":[\"https:\/\/epochtimestr.com\/index.php\/caz-sanatcisi-ahmet-muvaffak-falay-yasamini-yitirdi\"]}]},{\"@type\":\"ImageObject\",\"inLanguage\":\"tr\",\"@id\":\"https:\/\/epochtimestr.com\/index.php\/caz-sanatcisi-ahmet-muvaffak-falay-yasamini-yitirdi#primaryimage\",\"url\":\"https:\/\/epochtimestr.com\/wp-content\/uploads\/2011y\/Muvaffak-falay-youtubekusadasi.png\",\"contentUrl\":\"https:\/\/epochtimestr.com\/wp-content\/uploads\/2011y\/Muvaffak-falay-youtubekusadasi.png\",\"width\":1359,\"height\":687},{\"@type\":\"WebSite\",\"@id\":\"https:\/\/epochtimestr.com\/#website\",\"url\":\"https:\/\/epochtimestr.com\/\",\"name\":\"The Epoch Times TR\",\"description\":\"De\u011fi\u015fen D\u00fcnyam\u0131za Taze Bir Bak\u0131\u015f\",\"publisher\":{\"@id\":\"https:\/\/epochtimestr.com\/#organization\"},\"potentialAction\":[{\"@type\":\"SearchAction\",\"target\":{\"@type\":\"EntryPoint\",\"urlTemplate\":\"https:\/\/epochtimestr.com\/?s={search_term_string}\"},\"query-input\":\"required name=search_term_string\"}],\"inLanguage\":\"tr\"},{\"@type\":\"Organization\",\"@id\":\"https:\/\/epochtimestr.com\/#organization\",\"name\":\"The EpochTimes T\u00fcrkiye\",\"url\":\"https:\/\/epochtimestr.com\/\",\"logo\":{\"@type\":\"ImageObject\",\"inLanguage\":\"tr\",\"@id\":\"https:\/\/epochtimestr.com\/#\/schema\/logo\/image\/\",\"url\":\"https:\/\/epochtimestr.com\/wp-content\/uploads\/2011y\/ET-Logo-YG.jpg\",\"contentUrl\":\"https:\/\/epochtimestr.com\/wp-content\/uploads\/2011y\/ET-Logo-YG.jpg\",\"width\":346,\"height\":29,\"caption\":\"The EpochTimes T\u00fcrkiye\"},\"image\":{\"@id\":\"https:\/\/epochtimestr.com\/#\/schema\/logo\/image\/\"},\"sameAs\":[\"https:\/\/www.facebook.com\/theepochtimestr\",\"https:\/\/x.com\/TheEpochTimesTR\",\"https:\/\/www.instagram.com\/epochtimestr\"]},{\"@type\":\"Person\",\"@id\":\"https:\/\/epochtimestr.com\/#\/schema\/person\/3dc5c3adeb9f43923c5aa85889172fdd\",\"name\":\"Haber Merkezi\",\"image\":{\"@type\":\"ImageObject\",\"inLanguage\":\"tr\",\"@id\":\"https:\/\/epochtimestr.com\/#\/schema\/person\/image\/\",\"url\":\"https:\/\/secure.gravatar.com\/avatar\/d73f772ba5a74f28601361e17c2f93e6?s=96&d=mm&r=g\",\"contentUrl\":\"https:\/\/secure.gravatar.com\/avatar\/d73f772ba5a74f28601361e17c2f93e6?s=96&d=mm&r=g\",\"caption\":\"Haber Merkezi\"},\"url\":\"https:\/\/epochtimestr.com\/index.php\/author\/sendag\"}]}<\/script>\n<!-- \/ Yoast SEO plugin. -->","yoast_head_json":{"title":"Caz Sanat\u00e7\u0131s\u0131 Ahmet Muvaffak Falay Ya\u015fam\u0131n\u0131 Yitirdi - The Epoch Times TR","robots":{"index":"index","follow":"follow","max-snippet":"max-snippet:-1","max-image-preview":"max-image-preview:large","max-video-preview":"max-video-preview:-1"},"canonical":"https:\/\/epochtimestr.com\/index.php\/caz-sanatcisi-ahmet-muvaffak-falay-yasamini-yitirdi","og_locale":"tr_TR","og_type":"article","og_title":"Caz Sanat\u00e7\u0131s\u0131 Ahmet Muvaffak Falay Ya\u015fam\u0131n\u0131 Yitirdi - The Epoch Times TR","og_description":"T\u00fcrkiye\u2019de Mafi, Avrupa ve ABD\u2019de Maffy olarak adland\u0131r\u0131lan Ahmet Muvaffak Falay bu sabah 92 ya\u015f\u0131nda \u0130stanbul\u2019da vefat etti. 1930 do\u011fumlu \u00a01980\u2019lerin \u00fcnl\u00fc caz sanat\u00e7\u0131s\u0131 Ahmet Muvaffak Falay bu sabah 92 ya\u015f\u0131nda \u0130stanbul\u2019da hayat\u0131n\u0131 kaybetti. Falay, son 2 y\u0131ld\u0131r \u0130stanbul B\u00fcy\u00fck\u015fehir Belediyesi Dar\u00fclaceze M\u00fcd\u00fcrl\u00fc\u011f\u00fc Kay\u0131\u015fda\u011f\u0131 yerle\u015fkesinde hayat\u0131n\u0131 s\u00fcrd\u00fcr\u00fcyordu. Ahmet Muvaffak Falay\u2019\u0131n cenazesi, 23 \u015eubat g\u00fcn\u00fc memleketi [&hellip;]","og_url":"https:\/\/epochtimestr.com\/index.php\/caz-sanatcisi-ahmet-muvaffak-falay-yasamini-yitirdi","og_site_name":"The Epoch Times TR","article_publisher":"https:\/\/www.facebook.com\/theepochtimestr","article_published_time":"2022-02-22T15:27:12+00:00","article_modified_time":"2022-02-22T15:27:17+00:00","og_image":[{"width":1359,"height":687,"url":"https:\/\/epochtimestr.com\/wp-content\/uploads\/2011y\/Muvaffak-falay-youtubekusadasi.png","type":"image\/png"}],"author":"Haber Merkezi","twitter_card":"summary_large_image","twitter_creator":"@TheEpochTimesTR","twitter_site":"@TheEpochTimesTR","twitter_misc":{"Yazan:":"Haber Merkezi","Tahmini okuma s\u00fcresi":"2 dakika"},"schema":{"@context":"https:\/\/schema.org","@graph":[{"@type":"Article","@id":"https:\/\/epochtimestr.com\/index.php\/caz-sanatcisi-ahmet-muvaffak-falay-yasamini-yitirdi#article","isPartOf":{"@id":"https:\/\/epochtimestr.com\/index.php\/caz-sanatcisi-ahmet-muvaffak-falay-yasamini-yitirdi"},"author":{"name":"Haber Merkezi","@id":"https:\/\/epochtimestr.com\/#\/schema\/person\/3dc5c3adeb9f43923c5aa85889172fdd"},"headline":"Caz Sanat\u00e7\u0131s\u0131 Ahmet Muvaffak Falay Ya\u015fam\u0131n\u0131 Yitirdi","datePublished":"2022-02-22T15:27:12+00:00","dateModified":"2022-02-22T15:27:17+00:00","mainEntityOfPage":{"@id":"https:\/\/epochtimestr.com\/index.php\/caz-sanatcisi-ahmet-muvaffak-falay-yasamini-yitirdi"},"wordCount":288,"publisher":{"@id":"https:\/\/epochtimestr.com\/#organization"},"image":{"@id":"https:\/\/epochtimestr.com\/index.php\/caz-sanatcisi-ahmet-muvaffak-falay-yasamini-yitirdi#primaryimage"},"thumbnailUrl":"https:\/\/epochtimestr.com\/wp-content\/uploads\/2011y\/Muvaffak-falay-youtubekusadasi.png","articleSection":["G\u00dcNDEM","T\u00dcRK\u0130YE"],"inLanguage":"tr"},{"@type":"WebPage","@id":"https:\/\/epochtimestr.com\/index.php\/caz-sanatcisi-ahmet-muvaffak-falay-yasamini-yitirdi","url":"https:\/\/epochtimestr.com\/index.php\/caz-sanatcisi-ahmet-muvaffak-falay-yasamini-yitirdi","name":"Caz Sanat\u00e7\u0131s\u0131 Ahmet Muvaffak Falay Ya\u015fam\u0131n\u0131 Yitirdi - The Epoch Times TR","isPartOf":{"@id":"https:\/\/epochtimestr.com\/#website"},"primaryImageOfPage":{"@id":"https:\/\/epochtimestr.com\/index.php\/caz-sanatcisi-ahmet-muvaffak-falay-yasamini-yitirdi#primaryimage"},"image":{"@id":"https:\/\/epochtimestr.com\/index.php\/caz-sanatcisi-ahmet-muvaffak-falay-yasamini-yitirdi#primaryimage"},"thumbnailUrl":"https:\/\/epochtimestr.com\/wp-content\/uploads\/2011y\/Muvaffak-falay-youtubekusadasi.png","datePublished":"2022-02-22T15:27:12+00:00","dateModified":"2022-02-22T15:27:17+00:00","inLanguage":"tr","potentialAction":[{"@type":"ReadAction","target":["https:\/\/epochtimestr.com\/index.php\/caz-sanatcisi-ahmet-muvaffak-falay-yasamini-yitirdi"]}]},{"@type":"ImageObject","inLanguage":"tr","@id":"https:\/\/epochtimestr.com\/index.php\/caz-sanatcisi-ahmet-muvaffak-falay-yasamini-yitirdi#primaryimage","url":"https:\/\/epochtimestr.com\/wp-content\/uploads\/2011y\/Muvaffak-falay-youtubekusadasi.png","contentUrl":"https:\/\/epochtimestr.com\/wp-content\/uploads\/2011y\/Muvaffak-falay-youtubekusadasi.png","width":1359,"height":687},{"@type":"WebSite","@id":"https:\/\/epochtimestr.com\/#website","url":"https:\/\/epochtimestr.com\/","name":"The Epoch Times TR","description":"De\u011fi\u015fen D\u00fcnyam\u0131za Taze Bir Bak\u0131\u015f","publisher":{"@id":"https:\/\/epochtimestr.com\/#organization"},"potentialAction":[{"@type":"SearchAction","target":{"@type":"EntryPoint","urlTemplate":"https:\/\/epochtimestr.com\/?s={search_term_string}"},"query-input":"required name=search_term_string"}],"inLanguage":"tr"},{"@type":"Organization","@id":"https:\/\/epochtimestr.com\/#organization","name":"The EpochTimes T\u00fcrkiye","url":"https:\/\/epochtimestr.com\/","logo":{"@type":"ImageObject","inLanguage":"tr","@id":"https:\/\/epochtimestr.com\/#\/schema\/logo\/image\/","url":"https:\/\/epochtimestr.com\/wp-content\/uploads\/2011y\/ET-Logo-YG.jpg","contentUrl":"https:\/\/epochtimestr.com\/wp-content\/uploads\/2011y\/ET-Logo-YG.jpg","width":346,"height":29,"caption":"The EpochTimes T\u00fcrkiye"},"image":{"@id":"https:\/\/epochtimestr.com\/#\/schema\/logo\/image\/"},"sameAs":["https:\/\/www.facebook.com\/theepochtimestr","https:\/\/x.com\/TheEpochTimesTR","https:\/\/www.instagram.com\/epochtimestr"]},{"@type":"Person","@id":"https:\/\/epochtimestr.com\/#\/schema\/person\/3dc5c3adeb9f43923c5aa85889172fdd","name":"Haber Merkezi","image":{"@type":"ImageObject","inLanguage":"tr","@id":"https:\/\/epochtimestr.com\/#\/schema\/person\/image\/","url":"https:\/\/secure.gravatar.com\/avatar\/d73f772ba5a74f28601361e17c2f93e6?s=96&d=mm&r=g","contentUrl":"https:\/\/secure.gravatar.com\/avatar\/d73f772ba5a74f28601361e17c2f93e6?s=96&d=mm&r=g","caption":"Haber Merkezi"},"url":"https:\/\/epochtimestr.com\/index.php\/author\/sendag"}]}},"_links":{"self":[{"href":"https:\/\/epochtimestr.com\/index.php\/wp-json\/wp\/v2\/posts\/138215"}],"collection":[{"href":"https:\/\/epochtimestr.com\/index.php\/wp-json\/wp\/v2\/posts"}],"about":[{"href":"https:\/\/epochtimestr.com\/index.php\/wp-json\/wp\/v2\/types\/post"}],"author":[{"embeddable":true,"href":"https:\/\/epochtimestr.com\/index.php\/wp-json\/wp\/v2\/users\/12791"}],"replies":[{"embeddable":true,"href":"https:\/\/epochtimestr.com\/index.php\/wp-json\/wp\/v2\/comments?post=138215"}],"version-history":[{"count":1,"href":"https:\/\/epochtimestr.com\/index.php\/wp-json\/wp\/v2\/posts\/138215\/revisions"}],"predecessor-version":[{"id":138217,"href":"https:\/\/epochtimestr.com\/index.php\/wp-json\/wp\/v2\/posts\/138215\/revisions\/138217"}],"wp:featuredmedia":[{"embeddable":true,"href":"https:\/\/epochtimestr.com\/index.php\/wp-json\/wp\/v2\/media\/138216"}],"wp:attachment":[{"href":"https:\/\/epochtimestr.com\/index.php\/wp-json\/wp\/v2\/media?parent=138215"}],"wp:term":[{"taxonomy":"category","embeddable":true,"href":"https:\/\/epochtimestr.com\/index.php\/wp-json\/wp\/v2\/categories?post=138215"},{"taxonomy":"post_tag","embeddable":true,"href":"https:\/\/epochtimestr.com\/index.php\/wp-json\/wp\/v2\/tags?post=138215"}],"curies":[{"name":"wp","href":"https:\/\/api.w.org\/{rel}","templated":true}]}}