{"id":138248,"date":"2022-02-22T23:41:04","date_gmt":"2022-02-22T20:41:04","guid":{"rendered":"https:\/\/epochtimestr.com\/?p=138248"},"modified":"2022-02-23T17:06:24","modified_gmt":"2022-02-23T14:06:24","slug":"orman-yangilari-mersinde-dokumalara-ilham-kaynagi-oldu","status":"publish","type":"post","link":"https:\/\/epochtimestr.com\/index.php\/orman-yangilari-mersinde-dokumalara-ilham-kaynagi-oldu","title":{"rendered":"Orman Yang\u0131lar\u0131 Mersin&#8217;de Dokumalara \u0130lham Kayna\u011f\u0131 Oldu"},"content":{"rendered":"\n<div class=\"wp-block-image\"><figure class=\"aligncenter size-large\"><img loading=\"lazy\" decoding=\"async\" width=\"600\" height=\"400\" src=\"https:\/\/epochtimestr.com\/wp-content\/uploads\/2011y\/IMG_7023-600x400.jpg\" alt=\"\" class=\"wp-image-138249\" srcset=\"https:\/\/epochtimestr.com\/wp-content\/uploads\/2011y\/IMG_7023-600x400.jpg 600w, https:\/\/epochtimestr.com\/wp-content\/uploads\/2011y\/IMG_7023-300x200.jpg 300w, https:\/\/epochtimestr.com\/wp-content\/uploads\/2011y\/IMG_7023-150x100.jpg 150w, https:\/\/epochtimestr.com\/wp-content\/uploads\/2011y\/IMG_7023-768x512.jpg 768w, https:\/\/epochtimestr.com\/wp-content\/uploads\/2011y\/IMG_7023-1536x1024.jpg 1536w, https:\/\/epochtimestr.com\/wp-content\/uploads\/2011y\/IMG_7023-2048x1365.jpg 2048w\" sizes=\"(max-width: 600px) 100vw, 600px\" \/><figcaption>Fatma Yelda Gezicio\u011flu Yok-Olu\u015f sergisinde Tutu\u015fma1 ve Tutu\u015fma 2 adl\u0131 eserleri ile. (Foto\u011fraf: G. Hakan Ko\u00e7man \/ EpochTimes TR) <\/figcaption><\/figure><\/div>\n\n\n\n<p><strong>Tarsus \u00dcniversitesi \u00d6\u011fretim \u00dcyesi Fatma Yelda Gezicio\u011flu taraf\u0131ndan 2021 y\u0131l\u0131nda meydana gelen orman yang\u0131nlar\u0131ndan ilham al\u0131narak \u00fcretilen dokuma heykeller sergisi sanat severler ile bulu\u015ftu.<\/strong><\/p>\n\n\n\n<p>Tarsus \u00dcniversitesi \u00d6\u011fretim \u00dcyesi Fatma Yelda Gezicio\u011flu, &nbsp;ge\u00e7ti\u011fimiz y\u0131l meydana gelen orman yang\u0131nlar\u0131ndan ald\u0131\u011f\u0131 ilham ile Yok-Olu\u015f temal\u0131 dokuma sanat sergisini Mersin Sanat Kul\u00fcb\u00fc&#8217;nde sanat severler ile bulu\u015fturdu. \u0130kinci ki\u015fisel sergisi olan Yok-Olu\u015f sergisinde Gezicio\u011flu, yok olan bir do\u011fan\u0131n yeniden canlanarak olu\u015fa gelmesini yans\u0131tan \u00e7arp\u0131c\u0131 eserleriyle sanatseverlerin be\u011fenisi kazand\u0131. &nbsp;<\/p>\n\n\n\n<div class=\"wp-block-image\"><figure class=\"aligncenter size-large is-resized\"><img loading=\"lazy\" decoding=\"async\" src=\"https:\/\/epochtimestr.com\/wp-content\/uploads\/2011y\/IMG_7040-307x400.jpg\" alt=\"\" class=\"wp-image-138250\" width=\"307\" height=\"400\" srcset=\"https:\/\/epochtimestr.com\/wp-content\/uploads\/2011y\/IMG_7040-307x400.jpg 307w, https:\/\/epochtimestr.com\/wp-content\/uploads\/2011y\/IMG_7040-230x300.jpg 230w, https:\/\/epochtimestr.com\/wp-content\/uploads\/2011y\/IMG_7040-115x150.jpg 115w, https:\/\/epochtimestr.com\/wp-content\/uploads\/2011y\/IMG_7040-768x1000.jpg 768w, https:\/\/epochtimestr.com\/wp-content\/uploads\/2011y\/IMG_7040-1179x1536.jpg 1179w, https:\/\/epochtimestr.com\/wp-content\/uploads\/2011y\/IMG_7040-1573x2048.jpg 1573w, https:\/\/epochtimestr.com\/wp-content\/uploads\/2011y\/IMG_7040-scaled.jpg 1966w\" sizes=\"(max-width: 307px) 100vw, 307px\" \/><figcaption> Fatma Yelda Gezicio\u011flu Yok-Olu\u015f sergisinde Tutunu\u015f adl\u0131 eseri ile. (Foto\u011fraf: G. Hakan Ko\u00e7man \/ EpochTimes TR)  <\/figcaption><\/figure><\/div>\n\n\n\n<p>Sergide Yok-Olu\u015f d\u00f6ng\u00fcs\u00fcn\u00fc yans\u0131tan toplam 16 eser yer ald\u0131. Sergide bu eserler kronolojik bir s\u0131ra ile K\u00f6k \u2013 G\u00fc\u00e7 \u2013 Olu\u015fum, G\u00f6vde \u2013 Tutunu\u015f, Maki, K\u0131z\u0131l\u00e7am \u2013 G\u00f6vde, Direni\u015f, Direni\u015f 2,&nbsp; K\u0131v\u0131lc\u0131m, Ya\u015fam \u2013 Ac\u0131 \u2013 Son, K\u0131v\u0131lc\u0131m 2, Tutu\u015fma 1, Tutu\u015fma 2, Alev,&nbsp; K\u00fcl, Umut Filizleri, K\u00fcl- Umut \u2013 Varolu\u015f olarak sergilendi.&nbsp;<\/p>\n\n\n\n<p> Gezicio\u011flu, yapt\u0131\u011f\u0131 a\u00e7\u0131klamada &#8220;Sergimde 2021 orman yang\u0131nlar\u0131n\u0131 konu ald\u0131m. Do\u011faya a\u015f\u0131k bir insan oldu\u011fum i\u00e7in do\u011fan\u0131n da bu \u015fekilde yok olmaya ba\u015flamas\u0131 beni \u00e7ok etkiledi. Bu sebeple hemen bir fark\u0131ndal\u0131k yaratmak i\u00e7in Yok-Olu\u015f temas\u0131n\u0131 se\u00e7erek hemen dokumaya ba\u015flad\u0131m. \u00d6ncelikle ye\u015fil ve ye\u015fil tonlar\u0131ndan ba\u015flayarak do\u011fan\u0131n canl\u0131l\u0131\u011f\u0131n\u0131, turuncu, k\u0131rm\u0131z\u0131 tonlar\u0131 ile k\u0131v\u0131lc\u0131m ve alevleri, gri, siyah tonlarla ise k\u00fcl, kor hissiyat\u0131 vermeye \u00e7al\u0131\u015ft\u0131m&#8221; dedi. <\/p>\n\n\n\n<p>Sanatsal bir \u00e7al\u0131\u015fma ortaya \u00e7\u0131karmak i\u00e7in bir temadan yola \u00e7\u0131kman\u0131n \u00e7ok \u00f6nemli oldu\u011funu vurgulayan Gezicio\u011flu,  temas\u0131n\u0131n yok olu\u015f de\u011fil, yok-olu\u015f oldu\u011funu \u015fu s\u00f6zlerle ifade etti; &#8220;Yani asl\u0131nda yeniden do\u011fu\u015f, yeniden olu\u015fum, varolu\u015f anlam\u0131nda&#8221; oldu\u011funu belirtti. Son \u00e7al\u0131\u015fmas\u0131nda ise siyahlar aras\u0131nda ye\u015fillenen renklerle, ye\u015fillenen filizleri ifade etti\u011fini belirtti. &#8220;\u00c7al\u0131\u015fmalar\u0131mdan bir tanesi umut filizleri; biliyorsunuz orman yang\u0131nlar\u0131n\u0131n sonunda her yer simsiyah oldu ve k\u00fcle d\u00f6nd\u00fc ama do\u011fa tekrar canland\u0131 ve k\u00fc\u00e7\u00fck ye\u015fil filizler ile yeniden ba\u015flad\u0131&#8221; \u015feklinde ifade etti. &#8220;Ve sergimin son \u00e7al\u0131\u015fmas\u0131 K\u00fcl-Umut-Varolu\u015f ile do\u011fan\u0131n yeniden do\u011fmas\u0131, uyan\u0131\u015f\u0131, varolu\u015fu \u015feklinde bitirmek istedim ki do\u011fa hep var olsun, nefes olsun, s\u00fcrd\u00fcr\u00fclebilir bir ya\u015fam olsun.&#8221;&nbsp;<\/p>\n\n\n\n<p>Malzeme olarak da, &nbsp;daha \u00e7ok do\u011fal malzemeler kullanan Gezicio\u011flu, &nbsp;genellikle pamuk, keten ve y\u00fcn kulland\u0131\u011f\u0131n\u0131 ve arada desteklemek ama\u00e7l\u0131 \u00e7ok az polyester kulland\u0131\u011f\u0131n\u0131 ifade etti. \u00dc\u00e7 boyutu da kazand\u0131rmak i\u00e7in bak\u0131r teller kulland\u0131\u011f\u0131n\u0131 ifade eden Gezicio\u011flu, eserlerin hem duvarda hem de kaide \u00fczerinde sergilendi\u011fini ve &nbsp;asl\u0131nda serginin dokuma heykeller sergisi olarak adland\u0131r\u0131lmas\u0131n\u0131n daha do\u011fru oldu\u011funu s\u00f6yledi. Sergi, 26 \u015eubat tarihine kadar Mersin Sanat Kul\u00fcb\u00fc Sanat Galerisinde g\u00f6r\u00fclebilir. <\/p>\n","protected":false},"excerpt":{"rendered":"<p>Tarsus \u00dcniversitesi \u00d6\u011fretim \u00dcyesi Fatma Yelda Gezicio\u011flu taraf\u0131ndan 2021 y\u0131l\u0131nda meydana gelen orman yang\u0131nlar\u0131ndan ilham al\u0131narak \u00fcretilen dokuma heykeller sergisi sanat severler ile bulu\u015ftu. Tarsus \u00dcniversitesi \u00d6\u011fretim \u00dcyesi Fatma Yelda Gezicio\u011flu, &nbsp;ge\u00e7ti\u011fimiz y\u0131l meydana gelen orman yang\u0131nlar\u0131ndan ald\u0131\u011f\u0131 ilham ile Yok-Olu\u015f temal\u0131 dokuma sanat sergisini Mersin Sanat Kul\u00fcb\u00fc&#8217;nde sanat severler ile bulu\u015fturdu. \u0130kinci ki\u015fisel sergisi [&hellip;]<\/p>\n","protected":false},"author":22,"featured_media":138249,"comment_status":"closed","ping_status":"open","sticky":false,"template":"","format":"standard","meta":{"_yoast_wpseo_focuskw":"","_yoast_wpseo_title":"","_yoast_wpseo_metadesc":"","_bbp_topic_count":0,"_bbp_reply_count":0,"_bbp_total_topic_count":0,"_bbp_total_reply_count":0,"_bbp_voice_count":0,"_bbp_anonymous_reply_count":0,"_bbp_topic_count_hidden":0,"_bbp_reply_count_hidden":0,"_bbp_forum_subforum_count":0,"footnotes":"","_yoast_wpseo_focuskw_text_input":""},"categories":[519,1,16],"tags":[],"yoast_head":"<!-- This site is optimized with the Yoast SEO plugin v23.0 - https:\/\/yoast.com\/wordpress\/plugins\/seo\/ -->\n<title>Orman Yang\u0131lar\u0131 Mersin&#039;de Dokumalara \u0130lham Kayna\u011f\u0131 Oldu - The Epoch Times TR<\/title>\n<meta name=\"robots\" content=\"index, follow, max-snippet:-1, max-image-preview:large, max-video-preview:-1\" \/>\n<link rel=\"canonical\" href=\"https:\/\/epochtimestr.com\/index.php\/orman-yangilari-mersinde-dokumalara-ilham-kaynagi-oldu\" \/>\n<meta property=\"og:locale\" content=\"tr_TR\" \/>\n<meta property=\"og:type\" content=\"article\" \/>\n<meta property=\"og:title\" content=\"Orman Yang\u0131lar\u0131 Mersin&#039;de Dokumalara \u0130lham Kayna\u011f\u0131 Oldu - The Epoch Times TR\" \/>\n<meta property=\"og:description\" content=\"Tarsus \u00dcniversitesi \u00d6\u011fretim \u00dcyesi Fatma Yelda Gezicio\u011flu taraf\u0131ndan 2021 y\u0131l\u0131nda meydana gelen orman yang\u0131nlar\u0131ndan ilham al\u0131narak \u00fcretilen dokuma heykeller sergisi sanat severler ile bulu\u015ftu. Tarsus \u00dcniversitesi \u00d6\u011fretim \u00dcyesi Fatma Yelda Gezicio\u011flu, &nbsp;ge\u00e7ti\u011fimiz y\u0131l meydana gelen orman yang\u0131nlar\u0131ndan ald\u0131\u011f\u0131 ilham ile Yok-Olu\u015f temal\u0131 dokuma sanat sergisini Mersin Sanat Kul\u00fcb\u00fc&#8217;nde sanat severler ile bulu\u015fturdu. \u0130kinci ki\u015fisel sergisi [&hellip;]\" \/>\n<meta property=\"og:url\" content=\"https:\/\/epochtimestr.com\/index.php\/orman-yangilari-mersinde-dokumalara-ilham-kaynagi-oldu\" \/>\n<meta property=\"og:site_name\" content=\"The Epoch Times TR\" \/>\n<meta property=\"article:publisher\" content=\"https:\/\/www.facebook.com\/theepochtimestr\" \/>\n<meta property=\"article:published_time\" content=\"2022-02-22T20:41:04+00:00\" \/>\n<meta property=\"article:modified_time\" content=\"2022-02-23T14:06:24+00:00\" \/>\n<meta property=\"og:image\" content=\"https:\/\/epochtimestr.com\/wp-content\/uploads\/2011y\/IMG_7023-scaled.jpg\" \/>\n\t<meta property=\"og:image:width\" content=\"2560\" \/>\n\t<meta property=\"og:image:height\" content=\"1706\" \/>\n\t<meta property=\"og:image:type\" content=\"image\/jpeg\" \/>\n<meta name=\"author\" content=\"G.Hakan Ko\u00e7man\" \/>\n<meta name=\"twitter:card\" content=\"summary_large_image\" \/>\n<meta name=\"twitter:image\" content=\"https:\/\/epochtimestr.com\/wp-content\/uploads\/2011y\/IMG_7023-scaled.jpg\" \/>\n<meta name=\"twitter:creator\" content=\"@TheEpochTimesTR\" \/>\n<meta name=\"twitter:site\" content=\"@TheEpochTimesTR\" \/>\n<meta name=\"twitter:label1\" content=\"Yazan:\" \/>\n\t<meta name=\"twitter:data1\" content=\"G.Hakan Ko\u00e7man\" \/>\n\t<meta name=\"twitter:label2\" content=\"Tahmini okuma s\u00fcresi\" \/>\n\t<meta name=\"twitter:data2\" content=\"3 dakika\" \/>\n<script type=\"application\/ld+json\" class=\"yoast-schema-graph\">{\"@context\":\"https:\/\/schema.org\",\"@graph\":[{\"@type\":\"Article\",\"@id\":\"https:\/\/epochtimestr.com\/index.php\/orman-yangilari-mersinde-dokumalara-ilham-kaynagi-oldu#article\",\"isPartOf\":{\"@id\":\"https:\/\/epochtimestr.com\/index.php\/orman-yangilari-mersinde-dokumalara-ilham-kaynagi-oldu\"},\"author\":{\"name\":\"G.Hakan Ko\u00e7man\",\"@id\":\"https:\/\/epochtimestr.com\/#\/schema\/person\/b5509977c9a6cd729a3e74d9743d035b\"},\"headline\":\"Orman Yang\u0131lar\u0131 Mersin&#8217;de Dokumalara \u0130lham Kayna\u011f\u0131 Oldu\",\"datePublished\":\"2022-02-22T20:41:04+00:00\",\"dateModified\":\"2022-02-23T14:06:24+00:00\",\"mainEntityOfPage\":{\"@id\":\"https:\/\/epochtimestr.com\/index.php\/orman-yangilari-mersinde-dokumalara-ilham-kaynagi-oldu\"},\"wordCount\":548,\"publisher\":{\"@id\":\"https:\/\/epochtimestr.com\/#organization\"},\"image\":{\"@id\":\"https:\/\/epochtimestr.com\/index.php\/orman-yangilari-mersinde-dokumalara-ilham-kaynagi-oldu#primaryimage\"},\"thumbnailUrl\":\"https:\/\/epochtimestr.com\/wp-content\/uploads\/2011y\/IMG_7023-scaled.jpg\",\"articleSection\":[\"ED\u0130T\u00d6R\u00dcN SE\u00c7\u0130M\u0130\",\"G\u00dcNDEM\",\"SANAT ve K\u00dcLT\u00dcR\"],\"inLanguage\":\"tr\"},{\"@type\":\"WebPage\",\"@id\":\"https:\/\/epochtimestr.com\/index.php\/orman-yangilari-mersinde-dokumalara-ilham-kaynagi-oldu\",\"url\":\"https:\/\/epochtimestr.com\/index.php\/orman-yangilari-mersinde-dokumalara-ilham-kaynagi-oldu\",\"name\":\"Orman Yang\u0131lar\u0131 Mersin'de Dokumalara \u0130lham Kayna\u011f\u0131 Oldu - The Epoch Times TR\",\"isPartOf\":{\"@id\":\"https:\/\/epochtimestr.com\/#website\"},\"primaryImageOfPage\":{\"@id\":\"https:\/\/epochtimestr.com\/index.php\/orman-yangilari-mersinde-dokumalara-ilham-kaynagi-oldu#primaryimage\"},\"image\":{\"@id\":\"https:\/\/epochtimestr.com\/index.php\/orman-yangilari-mersinde-dokumalara-ilham-kaynagi-oldu#primaryimage\"},\"thumbnailUrl\":\"https:\/\/epochtimestr.com\/wp-content\/uploads\/2011y\/IMG_7023-scaled.jpg\",\"datePublished\":\"2022-02-22T20:41:04+00:00\",\"dateModified\":\"2022-02-23T14:06:24+00:00\",\"inLanguage\":\"tr\",\"potentialAction\":[{\"@type\":\"ReadAction\",\"target\":[\"https:\/\/epochtimestr.com\/index.php\/orman-yangilari-mersinde-dokumalara-ilham-kaynagi-oldu\"]}]},{\"@type\":\"ImageObject\",\"inLanguage\":\"tr\",\"@id\":\"https:\/\/epochtimestr.com\/index.php\/orman-yangilari-mersinde-dokumalara-ilham-kaynagi-oldu#primaryimage\",\"url\":\"https:\/\/epochtimestr.com\/wp-content\/uploads\/2011y\/IMG_7023-scaled.jpg\",\"contentUrl\":\"https:\/\/epochtimestr.com\/wp-content\/uploads\/2011y\/IMG_7023-scaled.jpg\",\"width\":2560,\"height\":1706},{\"@type\":\"WebSite\",\"@id\":\"https:\/\/epochtimestr.com\/#website\",\"url\":\"https:\/\/epochtimestr.com\/\",\"name\":\"The Epoch Times TR\",\"description\":\"De\u011fi\u015fen D\u00fcnyam\u0131za Taze Bir Bak\u0131\u015f\",\"publisher\":{\"@id\":\"https:\/\/epochtimestr.com\/#organization\"},\"potentialAction\":[{\"@type\":\"SearchAction\",\"target\":{\"@type\":\"EntryPoint\",\"urlTemplate\":\"https:\/\/epochtimestr.com\/?s={search_term_string}\"},\"query-input\":\"required name=search_term_string\"}],\"inLanguage\":\"tr\"},{\"@type\":\"Organization\",\"@id\":\"https:\/\/epochtimestr.com\/#organization\",\"name\":\"The EpochTimes T\u00fcrkiye\",\"url\":\"https:\/\/epochtimestr.com\/\",\"logo\":{\"@type\":\"ImageObject\",\"inLanguage\":\"tr\",\"@id\":\"https:\/\/epochtimestr.com\/#\/schema\/logo\/image\/\",\"url\":\"https:\/\/epochtimestr.com\/wp-content\/uploads\/2011y\/ET-Logo-YG.jpg\",\"contentUrl\":\"https:\/\/epochtimestr.com\/wp-content\/uploads\/2011y\/ET-Logo-YG.jpg\",\"width\":346,\"height\":29,\"caption\":\"The EpochTimes T\u00fcrkiye\"},\"image\":{\"@id\":\"https:\/\/epochtimestr.com\/#\/schema\/logo\/image\/\"},\"sameAs\":[\"https:\/\/www.facebook.com\/theepochtimestr\",\"https:\/\/x.com\/TheEpochTimesTR\",\"https:\/\/www.instagram.com\/epochtimestr\"]},{\"@type\":\"Person\",\"@id\":\"https:\/\/epochtimestr.com\/#\/schema\/person\/b5509977c9a6cd729a3e74d9743d035b\",\"name\":\"G.Hakan Ko\u00e7man\",\"image\":{\"@type\":\"ImageObject\",\"inLanguage\":\"tr\",\"@id\":\"https:\/\/epochtimestr.com\/#\/schema\/person\/image\/\",\"url\":\"https:\/\/secure.gravatar.com\/avatar\/e4eafee1ab5d1f4015c3930376b22ca8?s=96&d=mm&r=g\",\"contentUrl\":\"https:\/\/secure.gravatar.com\/avatar\/e4eafee1ab5d1f4015c3930376b22ca8?s=96&d=mm&r=g\",\"caption\":\"G.Hakan Ko\u00e7man\"},\"url\":\"https:\/\/epochtimestr.com\/index.php\/author\/hakan\"}]}<\/script>\n<!-- \/ Yoast SEO plugin. -->","yoast_head_json":{"title":"Orman Yang\u0131lar\u0131 Mersin'de Dokumalara \u0130lham Kayna\u011f\u0131 Oldu - The Epoch Times TR","robots":{"index":"index","follow":"follow","max-snippet":"max-snippet:-1","max-image-preview":"max-image-preview:large","max-video-preview":"max-video-preview:-1"},"canonical":"https:\/\/epochtimestr.com\/index.php\/orman-yangilari-mersinde-dokumalara-ilham-kaynagi-oldu","og_locale":"tr_TR","og_type":"article","og_title":"Orman Yang\u0131lar\u0131 Mersin'de Dokumalara \u0130lham Kayna\u011f\u0131 Oldu - The Epoch Times TR","og_description":"Tarsus \u00dcniversitesi \u00d6\u011fretim \u00dcyesi Fatma Yelda Gezicio\u011flu taraf\u0131ndan 2021 y\u0131l\u0131nda meydana gelen orman yang\u0131nlar\u0131ndan ilham al\u0131narak \u00fcretilen dokuma heykeller sergisi sanat severler ile bulu\u015ftu. Tarsus \u00dcniversitesi \u00d6\u011fretim \u00dcyesi Fatma Yelda Gezicio\u011flu, &nbsp;ge\u00e7ti\u011fimiz y\u0131l meydana gelen orman yang\u0131nlar\u0131ndan ald\u0131\u011f\u0131 ilham ile Yok-Olu\u015f temal\u0131 dokuma sanat sergisini Mersin Sanat Kul\u00fcb\u00fc&#8217;nde sanat severler ile bulu\u015fturdu. \u0130kinci ki\u015fisel sergisi [&hellip;]","og_url":"https:\/\/epochtimestr.com\/index.php\/orman-yangilari-mersinde-dokumalara-ilham-kaynagi-oldu","og_site_name":"The Epoch Times TR","article_publisher":"https:\/\/www.facebook.com\/theepochtimestr","article_published_time":"2022-02-22T20:41:04+00:00","article_modified_time":"2022-02-23T14:06:24+00:00","og_image":[{"width":2560,"height":1706,"url":"https:\/\/epochtimestr.com\/wp-content\/uploads\/2011y\/IMG_7023-scaled.jpg","type":"image\/jpeg"}],"author":"G.Hakan Ko\u00e7man","twitter_card":"summary_large_image","twitter_image":"https:\/\/epochtimestr.com\/wp-content\/uploads\/2011y\/IMG_7023-scaled.jpg","twitter_creator":"@TheEpochTimesTR","twitter_site":"@TheEpochTimesTR","twitter_misc":{"Yazan:":"G.Hakan Ko\u00e7man","Tahmini okuma s\u00fcresi":"3 dakika"},"schema":{"@context":"https:\/\/schema.org","@graph":[{"@type":"Article","@id":"https:\/\/epochtimestr.com\/index.php\/orman-yangilari-mersinde-dokumalara-ilham-kaynagi-oldu#article","isPartOf":{"@id":"https:\/\/epochtimestr.com\/index.php\/orman-yangilari-mersinde-dokumalara-ilham-kaynagi-oldu"},"author":{"name":"G.Hakan Ko\u00e7man","@id":"https:\/\/epochtimestr.com\/#\/schema\/person\/b5509977c9a6cd729a3e74d9743d035b"},"headline":"Orman Yang\u0131lar\u0131 Mersin&#8217;de Dokumalara \u0130lham Kayna\u011f\u0131 Oldu","datePublished":"2022-02-22T20:41:04+00:00","dateModified":"2022-02-23T14:06:24+00:00","mainEntityOfPage":{"@id":"https:\/\/epochtimestr.com\/index.php\/orman-yangilari-mersinde-dokumalara-ilham-kaynagi-oldu"},"wordCount":548,"publisher":{"@id":"https:\/\/epochtimestr.com\/#organization"},"image":{"@id":"https:\/\/epochtimestr.com\/index.php\/orman-yangilari-mersinde-dokumalara-ilham-kaynagi-oldu#primaryimage"},"thumbnailUrl":"https:\/\/epochtimestr.com\/wp-content\/uploads\/2011y\/IMG_7023-scaled.jpg","articleSection":["ED\u0130T\u00d6R\u00dcN SE\u00c7\u0130M\u0130","G\u00dcNDEM","SANAT ve K\u00dcLT\u00dcR"],"inLanguage":"tr"},{"@type":"WebPage","@id":"https:\/\/epochtimestr.com\/index.php\/orman-yangilari-mersinde-dokumalara-ilham-kaynagi-oldu","url":"https:\/\/epochtimestr.com\/index.php\/orman-yangilari-mersinde-dokumalara-ilham-kaynagi-oldu","name":"Orman Yang\u0131lar\u0131 Mersin'de Dokumalara \u0130lham Kayna\u011f\u0131 Oldu - The Epoch Times TR","isPartOf":{"@id":"https:\/\/epochtimestr.com\/#website"},"primaryImageOfPage":{"@id":"https:\/\/epochtimestr.com\/index.php\/orman-yangilari-mersinde-dokumalara-ilham-kaynagi-oldu#primaryimage"},"image":{"@id":"https:\/\/epochtimestr.com\/index.php\/orman-yangilari-mersinde-dokumalara-ilham-kaynagi-oldu#primaryimage"},"thumbnailUrl":"https:\/\/epochtimestr.com\/wp-content\/uploads\/2011y\/IMG_7023-scaled.jpg","datePublished":"2022-02-22T20:41:04+00:00","dateModified":"2022-02-23T14:06:24+00:00","inLanguage":"tr","potentialAction":[{"@type":"ReadAction","target":["https:\/\/epochtimestr.com\/index.php\/orman-yangilari-mersinde-dokumalara-ilham-kaynagi-oldu"]}]},{"@type":"ImageObject","inLanguage":"tr","@id":"https:\/\/epochtimestr.com\/index.php\/orman-yangilari-mersinde-dokumalara-ilham-kaynagi-oldu#primaryimage","url":"https:\/\/epochtimestr.com\/wp-content\/uploads\/2011y\/IMG_7023-scaled.jpg","contentUrl":"https:\/\/epochtimestr.com\/wp-content\/uploads\/2011y\/IMG_7023-scaled.jpg","width":2560,"height":1706},{"@type":"WebSite","@id":"https:\/\/epochtimestr.com\/#website","url":"https:\/\/epochtimestr.com\/","name":"The Epoch Times TR","description":"De\u011fi\u015fen D\u00fcnyam\u0131za Taze Bir Bak\u0131\u015f","publisher":{"@id":"https:\/\/epochtimestr.com\/#organization"},"potentialAction":[{"@type":"SearchAction","target":{"@type":"EntryPoint","urlTemplate":"https:\/\/epochtimestr.com\/?s={search_term_string}"},"query-input":"required name=search_term_string"}],"inLanguage":"tr"},{"@type":"Organization","@id":"https:\/\/epochtimestr.com\/#organization","name":"The EpochTimes T\u00fcrkiye","url":"https:\/\/epochtimestr.com\/","logo":{"@type":"ImageObject","inLanguage":"tr","@id":"https:\/\/epochtimestr.com\/#\/schema\/logo\/image\/","url":"https:\/\/epochtimestr.com\/wp-content\/uploads\/2011y\/ET-Logo-YG.jpg","contentUrl":"https:\/\/epochtimestr.com\/wp-content\/uploads\/2011y\/ET-Logo-YG.jpg","width":346,"height":29,"caption":"The EpochTimes T\u00fcrkiye"},"image":{"@id":"https:\/\/epochtimestr.com\/#\/schema\/logo\/image\/"},"sameAs":["https:\/\/www.facebook.com\/theepochtimestr","https:\/\/x.com\/TheEpochTimesTR","https:\/\/www.instagram.com\/epochtimestr"]},{"@type":"Person","@id":"https:\/\/epochtimestr.com\/#\/schema\/person\/b5509977c9a6cd729a3e74d9743d035b","name":"G.Hakan Ko\u00e7man","image":{"@type":"ImageObject","inLanguage":"tr","@id":"https:\/\/epochtimestr.com\/#\/schema\/person\/image\/","url":"https:\/\/secure.gravatar.com\/avatar\/e4eafee1ab5d1f4015c3930376b22ca8?s=96&d=mm&r=g","contentUrl":"https:\/\/secure.gravatar.com\/avatar\/e4eafee1ab5d1f4015c3930376b22ca8?s=96&d=mm&r=g","caption":"G.Hakan Ko\u00e7man"},"url":"https:\/\/epochtimestr.com\/index.php\/author\/hakan"}]}},"_links":{"self":[{"href":"https:\/\/epochtimestr.com\/index.php\/wp-json\/wp\/v2\/posts\/138248"}],"collection":[{"href":"https:\/\/epochtimestr.com\/index.php\/wp-json\/wp\/v2\/posts"}],"about":[{"href":"https:\/\/epochtimestr.com\/index.php\/wp-json\/wp\/v2\/types\/post"}],"author":[{"embeddable":true,"href":"https:\/\/epochtimestr.com\/index.php\/wp-json\/wp\/v2\/users\/22"}],"replies":[{"embeddable":true,"href":"https:\/\/epochtimestr.com\/index.php\/wp-json\/wp\/v2\/comments?post=138248"}],"version-history":[{"count":14,"href":"https:\/\/epochtimestr.com\/index.php\/wp-json\/wp\/v2\/posts\/138248\/revisions"}],"predecessor-version":[{"id":138282,"href":"https:\/\/epochtimestr.com\/index.php\/wp-json\/wp\/v2\/posts\/138248\/revisions\/138282"}],"wp:featuredmedia":[{"embeddable":true,"href":"https:\/\/epochtimestr.com\/index.php\/wp-json\/wp\/v2\/media\/138249"}],"wp:attachment":[{"href":"https:\/\/epochtimestr.com\/index.php\/wp-json\/wp\/v2\/media?parent=138248"}],"wp:term":[{"taxonomy":"category","embeddable":true,"href":"https:\/\/epochtimestr.com\/index.php\/wp-json\/wp\/v2\/categories?post=138248"},{"taxonomy":"post_tag","embeddable":true,"href":"https:\/\/epochtimestr.com\/index.php\/wp-json\/wp\/v2\/tags?post=138248"}],"curies":[{"name":"wp","href":"https:\/\/api.w.org\/{rel}","templated":true}]}}