{"id":138273,"date":"2022-02-23T16:47:04","date_gmt":"2022-02-23T13:47:04","guid":{"rendered":"https:\/\/epochtimestr.com\/?p=138273"},"modified":"2022-02-23T16:47:06","modified_gmt":"2022-02-23T13:47:06","slug":"en-yuksek-teklif-arda-gulere-geldi","status":"publish","type":"post","link":"https:\/\/epochtimestr.com\/index.php\/en-yuksek-teklif-arda-gulere-geldi","title":{"rendered":"En Y\u00fcksek Teklif Arda G\u00fcler&#8217;e Geldi"},"content":{"rendered":"\n<div class=\"wp-block-image\"><figure class=\"aligncenter size-large\"><img loading=\"lazy\" decoding=\"async\" width=\"600\" height=\"320\" src=\"https:\/\/epochtimestr.com\/wp-content\/uploads\/2011y\/fenerbahce-1-600x320.jpg\" alt=\"\" class=\"wp-image-99084\" srcset=\"https:\/\/epochtimestr.com\/wp-content\/uploads\/2011y\/fenerbahce-1-600x320.jpg 600w, https:\/\/epochtimestr.com\/wp-content\/uploads\/2011y\/fenerbahce-1-150x80.jpg 150w, https:\/\/epochtimestr.com\/wp-content\/uploads\/2011y\/fenerbahce-1-300x160.jpg 300w, https:\/\/epochtimestr.com\/wp-content\/uploads\/2011y\/fenerbahce-1-292x156.jpg 292w, https:\/\/epochtimestr.com\/wp-content\/uploads\/2011y\/fenerbahce-1-638x340.jpg 638w, https:\/\/epochtimestr.com\/wp-content\/uploads\/2011y\/fenerbahce-1-190x100.jpg 190w, https:\/\/epochtimestr.com\/wp-content\/uploads\/2011y\/fenerbahce-1-629x335.jpg 629w, https:\/\/epochtimestr.com\/wp-content\/uploads\/2011y\/fenerbahce-1.jpg 664w\" sizes=\"(max-width: 600px) 100vw, 600px\" \/><\/figure><\/div>\n\n\n\n<h2 class=\"wp-block-heading\">Fenerbah\u00e7e, her haftan\u0131n ba\u015f\u0131nda son oynad\u0131\u011f\u0131 ma\u00e7\u0131n formalar\u0131n\u0131 a\u00e7\u0131k art\u0131rma ile sat\u0131\u015fa \u00e7\u0131kar\u0131yor. Bu formalar aras\u0131nda en \u00e7ok teklif alan futbolcunun formas\u0131 da belli oldu.<\/h2>\n\n\n\n<p>Fenerbah\u00e7e, sezon ba\u015f\u0131ndan bu yana oynad\u0131klar\u0131 son ma\u00e7\u0131n formalar\u0131n\u0131 www.matchwornshirt.com sitesinden a\u00e7\u0131k art\u0131rmaya \u00e7\u0131kar\u0131yor.<\/p>\n\n\n\n<p>Sar\u0131-lacivertliler, S\u00fcper Lig &#8216;in 26. haftas\u0131nda sahas\u0131nda oynad\u0131klar\u0131 ve 2-0 kazand\u0131klar\u0131 Hatayspor ma\u00e7\u0131n\u0131n formalar\u0131n\u0131 da burada a\u00e7\u0131k art\u0131rmaya sundu.<\/p>\n\n\n\n<p>Bu ma\u00e7\u0131n kadrosuna yer alan ve futbolcular\u0131n s\u0131rtlar\u0131na ge\u00e7irdikleri formalar\u0131n a\u00e7\u0131k art\u0131rmaya sunuldu\u011fu sitede en \u00e7ok teklifi alan futbolcunun formas\u0131 da belli oldu. Buna g\u00f6re sar\u0131-lacivertlilerin gen\u00e7 futbolcusu Arda G\u00fcler&#8217;in Hatayspor kar\u015f\u0131s\u0131nda giydi\u011fi forma, 1100 euroluk teklif ile en y\u00fcksek teklif alan forma oldu.<\/p>\n\n\n\n<p>Arda&#8217;y\u0131 253 euroluk teklifiyle Altay Bay\u0131nd\u0131r&#8217;\u0131n t\u00fcm tak\u0131m imzal\u0131 formas\u0131 takip ediyor. 3. s\u0131rada ise o ma\u00e7ta forma giyen bir di\u011fer gen\u00e7 futbolcu \u00c7a\u011ftay Kurukal\u0131p yer al\u0131yor. \u00c7a\u011ftay&#8217;\u0131n formas\u0131na yap\u0131lan teklif ise 189 euro olarak g\u00f6ze \u00e7arp\u0131yor.<\/p>\n\n\n\n<p><\/p>\n","protected":false},"excerpt":{"rendered":"<p>Fenerbah\u00e7e, her haftan\u0131n ba\u015f\u0131nda son oynad\u0131\u011f\u0131 ma\u00e7\u0131n formalar\u0131n\u0131 a\u00e7\u0131k art\u0131rma ile sat\u0131\u015fa \u00e7\u0131kar\u0131yor. Bu formalar aras\u0131nda en \u00e7ok teklif alan futbolcunun formas\u0131 da belli oldu. Fenerbah\u00e7e, sezon ba\u015f\u0131ndan bu yana oynad\u0131klar\u0131 son ma\u00e7\u0131n formalar\u0131n\u0131 www.matchwornshirt.com sitesinden a\u00e7\u0131k art\u0131rmaya \u00e7\u0131kar\u0131yor. Sar\u0131-lacivertliler, S\u00fcper Lig &#8216;in 26. haftas\u0131nda sahas\u0131nda oynad\u0131klar\u0131 ve 2-0 kazand\u0131klar\u0131 Hatayspor ma\u00e7\u0131n\u0131n formalar\u0131n\u0131 da burada [&hellip;]<\/p>\n","protected":false},"author":12791,"featured_media":99084,"comment_status":"closed","ping_status":"open","sticky":false,"template":"","format":"standard","meta":{"_yoast_wpseo_focuskw":"","_yoast_wpseo_title":"","_yoast_wpseo_metadesc":"","_bbp_topic_count":0,"_bbp_reply_count":0,"_bbp_total_topic_count":0,"_bbp_total_reply_count":0,"_bbp_voice_count":0,"_bbp_anonymous_reply_count":0,"_bbp_topic_count_hidden":0,"_bbp_reply_count_hidden":0,"_bbp_forum_subforum_count":0,"footnotes":"","_yoast_wpseo_focuskw_text_input":""},"categories":[1,37],"tags":[],"yoast_head":"<!-- This site is optimized with the Yoast SEO plugin v23.0 - https:\/\/yoast.com\/wordpress\/plugins\/seo\/ -->\n<title>En Y\u00fcksek Teklif Arda G\u00fcler&#039;e Geldi - The Epoch Times TR<\/title>\n<meta name=\"robots\" content=\"index, follow, max-snippet:-1, max-image-preview:large, max-video-preview:-1\" \/>\n<link rel=\"canonical\" href=\"https:\/\/epochtimestr.com\/index.php\/en-yuksek-teklif-arda-gulere-geldi\" \/>\n<meta property=\"og:locale\" content=\"tr_TR\" \/>\n<meta property=\"og:type\" content=\"article\" \/>\n<meta property=\"og:title\" content=\"En Y\u00fcksek Teklif Arda G\u00fcler&#039;e Geldi - The Epoch Times TR\" \/>\n<meta property=\"og:description\" content=\"Fenerbah\u00e7e, her haftan\u0131n ba\u015f\u0131nda son oynad\u0131\u011f\u0131 ma\u00e7\u0131n formalar\u0131n\u0131 a\u00e7\u0131k art\u0131rma ile sat\u0131\u015fa \u00e7\u0131kar\u0131yor. Bu formalar aras\u0131nda en \u00e7ok teklif alan futbolcunun formas\u0131 da belli oldu. Fenerbah\u00e7e, sezon ba\u015f\u0131ndan bu yana oynad\u0131klar\u0131 son ma\u00e7\u0131n formalar\u0131n\u0131 www.matchwornshirt.com sitesinden a\u00e7\u0131k art\u0131rmaya \u00e7\u0131kar\u0131yor. Sar\u0131-lacivertliler, S\u00fcper Lig &#8216;in 26. haftas\u0131nda sahas\u0131nda oynad\u0131klar\u0131 ve 2-0 kazand\u0131klar\u0131 Hatayspor ma\u00e7\u0131n\u0131n formalar\u0131n\u0131 da burada [&hellip;]\" \/>\n<meta property=\"og:url\" content=\"https:\/\/epochtimestr.com\/index.php\/en-yuksek-teklif-arda-gulere-geldi\" \/>\n<meta property=\"og:site_name\" content=\"The Epoch Times TR\" \/>\n<meta property=\"article:publisher\" content=\"https:\/\/www.facebook.com\/theepochtimestr\" \/>\n<meta property=\"article:published_time\" content=\"2022-02-23T13:47:04+00:00\" \/>\n<meta property=\"article:modified_time\" content=\"2022-02-23T13:47:06+00:00\" \/>\n<meta property=\"og:image\" content=\"https:\/\/epochtimestr.com\/wp-content\/uploads\/2011y\/fenerbahce-1.jpg\" \/>\n\t<meta property=\"og:image:width\" content=\"664\" \/>\n\t<meta property=\"og:image:height\" content=\"354\" \/>\n\t<meta property=\"og:image:type\" content=\"image\/jpeg\" \/>\n<meta name=\"author\" content=\"Haber Merkezi\" \/>\n<meta name=\"twitter:card\" content=\"summary_large_image\" \/>\n<meta name=\"twitter:creator\" content=\"@TheEpochTimesTR\" \/>\n<meta name=\"twitter:site\" content=\"@TheEpochTimesTR\" \/>\n<meta name=\"twitter:label1\" content=\"Yazan:\" \/>\n\t<meta name=\"twitter:data1\" content=\"Haber Merkezi\" \/>\n\t<meta name=\"twitter:label2\" content=\"Tahmini okuma s\u00fcresi\" \/>\n\t<meta name=\"twitter:data2\" content=\"1 dakika\" \/>\n<script type=\"application\/ld+json\" class=\"yoast-schema-graph\">{\"@context\":\"https:\/\/schema.org\",\"@graph\":[{\"@type\":\"Article\",\"@id\":\"https:\/\/epochtimestr.com\/index.php\/en-yuksek-teklif-arda-gulere-geldi#article\",\"isPartOf\":{\"@id\":\"https:\/\/epochtimestr.com\/index.php\/en-yuksek-teklif-arda-gulere-geldi\"},\"author\":{\"name\":\"Haber Merkezi\",\"@id\":\"https:\/\/epochtimestr.com\/#\/schema\/person\/3dc5c3adeb9f43923c5aa85889172fdd\"},\"headline\":\"En Y\u00fcksek Teklif Arda G\u00fcler&#8217;e Geldi\",\"datePublished\":\"2022-02-23T13:47:04+00:00\",\"dateModified\":\"2022-02-23T13:47:06+00:00\",\"mainEntityOfPage\":{\"@id\":\"https:\/\/epochtimestr.com\/index.php\/en-yuksek-teklif-arda-gulere-geldi\"},\"wordCount\":206,\"publisher\":{\"@id\":\"https:\/\/epochtimestr.com\/#organization\"},\"image\":{\"@id\":\"https:\/\/epochtimestr.com\/index.php\/en-yuksek-teklif-arda-gulere-geldi#primaryimage\"},\"thumbnailUrl\":\"https:\/\/epochtimestr.com\/wp-content\/uploads\/2011y\/fenerbahce-1.jpg\",\"articleSection\":[\"G\u00dcNDEM\",\"T\u00dcRK\u0130YE\"],\"inLanguage\":\"tr\"},{\"@type\":\"WebPage\",\"@id\":\"https:\/\/epochtimestr.com\/index.php\/en-yuksek-teklif-arda-gulere-geldi\",\"url\":\"https:\/\/epochtimestr.com\/index.php\/en-yuksek-teklif-arda-gulere-geldi\",\"name\":\"En Y\u00fcksek Teklif Arda G\u00fcler'e Geldi - The Epoch Times TR\",\"isPartOf\":{\"@id\":\"https:\/\/epochtimestr.com\/#website\"},\"primaryImageOfPage\":{\"@id\":\"https:\/\/epochtimestr.com\/index.php\/en-yuksek-teklif-arda-gulere-geldi#primaryimage\"},\"image\":{\"@id\":\"https:\/\/epochtimestr.com\/index.php\/en-yuksek-teklif-arda-gulere-geldi#primaryimage\"},\"thumbnailUrl\":\"https:\/\/epochtimestr.com\/wp-content\/uploads\/2011y\/fenerbahce-1.jpg\",\"datePublished\":\"2022-02-23T13:47:04+00:00\",\"dateModified\":\"2022-02-23T13:47:06+00:00\",\"inLanguage\":\"tr\",\"potentialAction\":[{\"@type\":\"ReadAction\",\"target\":[\"https:\/\/epochtimestr.com\/index.php\/en-yuksek-teklif-arda-gulere-geldi\"]}]},{\"@type\":\"ImageObject\",\"inLanguage\":\"tr\",\"@id\":\"https:\/\/epochtimestr.com\/index.php\/en-yuksek-teklif-arda-gulere-geldi#primaryimage\",\"url\":\"https:\/\/epochtimestr.com\/wp-content\/uploads\/2011y\/fenerbahce-1.jpg\",\"contentUrl\":\"https:\/\/epochtimestr.com\/wp-content\/uploads\/2011y\/fenerbahce-1.jpg\",\"width\":664,\"height\":354},{\"@type\":\"WebSite\",\"@id\":\"https:\/\/epochtimestr.com\/#website\",\"url\":\"https:\/\/epochtimestr.com\/\",\"name\":\"The Epoch Times TR\",\"description\":\"De\u011fi\u015fen D\u00fcnyam\u0131za Taze Bir Bak\u0131\u015f\",\"publisher\":{\"@id\":\"https:\/\/epochtimestr.com\/#organization\"},\"potentialAction\":[{\"@type\":\"SearchAction\",\"target\":{\"@type\":\"EntryPoint\",\"urlTemplate\":\"https:\/\/epochtimestr.com\/?s={search_term_string}\"},\"query-input\":\"required name=search_term_string\"}],\"inLanguage\":\"tr\"},{\"@type\":\"Organization\",\"@id\":\"https:\/\/epochtimestr.com\/#organization\",\"name\":\"The EpochTimes T\u00fcrkiye\",\"url\":\"https:\/\/epochtimestr.com\/\",\"logo\":{\"@type\":\"ImageObject\",\"inLanguage\":\"tr\",\"@id\":\"https:\/\/epochtimestr.com\/#\/schema\/logo\/image\/\",\"url\":\"https:\/\/epochtimestr.com\/wp-content\/uploads\/2011y\/ET-Logo-YG.jpg\",\"contentUrl\":\"https:\/\/epochtimestr.com\/wp-content\/uploads\/2011y\/ET-Logo-YG.jpg\",\"width\":346,\"height\":29,\"caption\":\"The EpochTimes T\u00fcrkiye\"},\"image\":{\"@id\":\"https:\/\/epochtimestr.com\/#\/schema\/logo\/image\/\"},\"sameAs\":[\"https:\/\/www.facebook.com\/theepochtimestr\",\"https:\/\/x.com\/TheEpochTimesTR\",\"https:\/\/www.instagram.com\/epochtimestr\"]},{\"@type\":\"Person\",\"@id\":\"https:\/\/epochtimestr.com\/#\/schema\/person\/3dc5c3adeb9f43923c5aa85889172fdd\",\"name\":\"Haber Merkezi\",\"image\":{\"@type\":\"ImageObject\",\"inLanguage\":\"tr\",\"@id\":\"https:\/\/epochtimestr.com\/#\/schema\/person\/image\/\",\"url\":\"https:\/\/secure.gravatar.com\/avatar\/d73f772ba5a74f28601361e17c2f93e6?s=96&d=mm&r=g\",\"contentUrl\":\"https:\/\/secure.gravatar.com\/avatar\/d73f772ba5a74f28601361e17c2f93e6?s=96&d=mm&r=g\",\"caption\":\"Haber Merkezi\"},\"url\":\"https:\/\/epochtimestr.com\/index.php\/author\/sendag\"}]}<\/script>\n<!-- \/ Yoast SEO plugin. -->","yoast_head_json":{"title":"En Y\u00fcksek Teklif Arda G\u00fcler'e Geldi - The Epoch Times TR","robots":{"index":"index","follow":"follow","max-snippet":"max-snippet:-1","max-image-preview":"max-image-preview:large","max-video-preview":"max-video-preview:-1"},"canonical":"https:\/\/epochtimestr.com\/index.php\/en-yuksek-teklif-arda-gulere-geldi","og_locale":"tr_TR","og_type":"article","og_title":"En Y\u00fcksek Teklif Arda G\u00fcler'e Geldi - The Epoch Times TR","og_description":"Fenerbah\u00e7e, her haftan\u0131n ba\u015f\u0131nda son oynad\u0131\u011f\u0131 ma\u00e7\u0131n formalar\u0131n\u0131 a\u00e7\u0131k art\u0131rma ile sat\u0131\u015fa \u00e7\u0131kar\u0131yor. Bu formalar aras\u0131nda en \u00e7ok teklif alan futbolcunun formas\u0131 da belli oldu. Fenerbah\u00e7e, sezon ba\u015f\u0131ndan bu yana oynad\u0131klar\u0131 son ma\u00e7\u0131n formalar\u0131n\u0131 www.matchwornshirt.com sitesinden a\u00e7\u0131k art\u0131rmaya \u00e7\u0131kar\u0131yor. Sar\u0131-lacivertliler, S\u00fcper Lig &#8216;in 26. haftas\u0131nda sahas\u0131nda oynad\u0131klar\u0131 ve 2-0 kazand\u0131klar\u0131 Hatayspor ma\u00e7\u0131n\u0131n formalar\u0131n\u0131 da burada [&hellip;]","og_url":"https:\/\/epochtimestr.com\/index.php\/en-yuksek-teklif-arda-gulere-geldi","og_site_name":"The Epoch Times TR","article_publisher":"https:\/\/www.facebook.com\/theepochtimestr","article_published_time":"2022-02-23T13:47:04+00:00","article_modified_time":"2022-02-23T13:47:06+00:00","og_image":[{"width":664,"height":354,"url":"https:\/\/epochtimestr.com\/wp-content\/uploads\/2011y\/fenerbahce-1.jpg","type":"image\/jpeg"}],"author":"Haber Merkezi","twitter_card":"summary_large_image","twitter_creator":"@TheEpochTimesTR","twitter_site":"@TheEpochTimesTR","twitter_misc":{"Yazan:":"Haber Merkezi","Tahmini okuma s\u00fcresi":"1 dakika"},"schema":{"@context":"https:\/\/schema.org","@graph":[{"@type":"Article","@id":"https:\/\/epochtimestr.com\/index.php\/en-yuksek-teklif-arda-gulere-geldi#article","isPartOf":{"@id":"https:\/\/epochtimestr.com\/index.php\/en-yuksek-teklif-arda-gulere-geldi"},"author":{"name":"Haber Merkezi","@id":"https:\/\/epochtimestr.com\/#\/schema\/person\/3dc5c3adeb9f43923c5aa85889172fdd"},"headline":"En Y\u00fcksek Teklif Arda G\u00fcler&#8217;e Geldi","datePublished":"2022-02-23T13:47:04+00:00","dateModified":"2022-02-23T13:47:06+00:00","mainEntityOfPage":{"@id":"https:\/\/epochtimestr.com\/index.php\/en-yuksek-teklif-arda-gulere-geldi"},"wordCount":206,"publisher":{"@id":"https:\/\/epochtimestr.com\/#organization"},"image":{"@id":"https:\/\/epochtimestr.com\/index.php\/en-yuksek-teklif-arda-gulere-geldi#primaryimage"},"thumbnailUrl":"https:\/\/epochtimestr.com\/wp-content\/uploads\/2011y\/fenerbahce-1.jpg","articleSection":["G\u00dcNDEM","T\u00dcRK\u0130YE"],"inLanguage":"tr"},{"@type":"WebPage","@id":"https:\/\/epochtimestr.com\/index.php\/en-yuksek-teklif-arda-gulere-geldi","url":"https:\/\/epochtimestr.com\/index.php\/en-yuksek-teklif-arda-gulere-geldi","name":"En Y\u00fcksek Teklif Arda G\u00fcler'e Geldi - The Epoch Times TR","isPartOf":{"@id":"https:\/\/epochtimestr.com\/#website"},"primaryImageOfPage":{"@id":"https:\/\/epochtimestr.com\/index.php\/en-yuksek-teklif-arda-gulere-geldi#primaryimage"},"image":{"@id":"https:\/\/epochtimestr.com\/index.php\/en-yuksek-teklif-arda-gulere-geldi#primaryimage"},"thumbnailUrl":"https:\/\/epochtimestr.com\/wp-content\/uploads\/2011y\/fenerbahce-1.jpg","datePublished":"2022-02-23T13:47:04+00:00","dateModified":"2022-02-23T13:47:06+00:00","inLanguage":"tr","potentialAction":[{"@type":"ReadAction","target":["https:\/\/epochtimestr.com\/index.php\/en-yuksek-teklif-arda-gulere-geldi"]}]},{"@type":"ImageObject","inLanguage":"tr","@id":"https:\/\/epochtimestr.com\/index.php\/en-yuksek-teklif-arda-gulere-geldi#primaryimage","url":"https:\/\/epochtimestr.com\/wp-content\/uploads\/2011y\/fenerbahce-1.jpg","contentUrl":"https:\/\/epochtimestr.com\/wp-content\/uploads\/2011y\/fenerbahce-1.jpg","width":664,"height":354},{"@type":"WebSite","@id":"https:\/\/epochtimestr.com\/#website","url":"https:\/\/epochtimestr.com\/","name":"The Epoch Times TR","description":"De\u011fi\u015fen D\u00fcnyam\u0131za Taze Bir Bak\u0131\u015f","publisher":{"@id":"https:\/\/epochtimestr.com\/#organization"},"potentialAction":[{"@type":"SearchAction","target":{"@type":"EntryPoint","urlTemplate":"https:\/\/epochtimestr.com\/?s={search_term_string}"},"query-input":"required name=search_term_string"}],"inLanguage":"tr"},{"@type":"Organization","@id":"https:\/\/epochtimestr.com\/#organization","name":"The EpochTimes T\u00fcrkiye","url":"https:\/\/epochtimestr.com\/","logo":{"@type":"ImageObject","inLanguage":"tr","@id":"https:\/\/epochtimestr.com\/#\/schema\/logo\/image\/","url":"https:\/\/epochtimestr.com\/wp-content\/uploads\/2011y\/ET-Logo-YG.jpg","contentUrl":"https:\/\/epochtimestr.com\/wp-content\/uploads\/2011y\/ET-Logo-YG.jpg","width":346,"height":29,"caption":"The EpochTimes T\u00fcrkiye"},"image":{"@id":"https:\/\/epochtimestr.com\/#\/schema\/logo\/image\/"},"sameAs":["https:\/\/www.facebook.com\/theepochtimestr","https:\/\/x.com\/TheEpochTimesTR","https:\/\/www.instagram.com\/epochtimestr"]},{"@type":"Person","@id":"https:\/\/epochtimestr.com\/#\/schema\/person\/3dc5c3adeb9f43923c5aa85889172fdd","name":"Haber Merkezi","image":{"@type":"ImageObject","inLanguage":"tr","@id":"https:\/\/epochtimestr.com\/#\/schema\/person\/image\/","url":"https:\/\/secure.gravatar.com\/avatar\/d73f772ba5a74f28601361e17c2f93e6?s=96&d=mm&r=g","contentUrl":"https:\/\/secure.gravatar.com\/avatar\/d73f772ba5a74f28601361e17c2f93e6?s=96&d=mm&r=g","caption":"Haber Merkezi"},"url":"https:\/\/epochtimestr.com\/index.php\/author\/sendag"}]}},"_links":{"self":[{"href":"https:\/\/epochtimestr.com\/index.php\/wp-json\/wp\/v2\/posts\/138273"}],"collection":[{"href":"https:\/\/epochtimestr.com\/index.php\/wp-json\/wp\/v2\/posts"}],"about":[{"href":"https:\/\/epochtimestr.com\/index.php\/wp-json\/wp\/v2\/types\/post"}],"author":[{"embeddable":true,"href":"https:\/\/epochtimestr.com\/index.php\/wp-json\/wp\/v2\/users\/12791"}],"replies":[{"embeddable":true,"href":"https:\/\/epochtimestr.com\/index.php\/wp-json\/wp\/v2\/comments?post=138273"}],"version-history":[{"count":1,"href":"https:\/\/epochtimestr.com\/index.php\/wp-json\/wp\/v2\/posts\/138273\/revisions"}],"predecessor-version":[{"id":138274,"href":"https:\/\/epochtimestr.com\/index.php\/wp-json\/wp\/v2\/posts\/138273\/revisions\/138274"}],"wp:featuredmedia":[{"embeddable":true,"href":"https:\/\/epochtimestr.com\/index.php\/wp-json\/wp\/v2\/media\/99084"}],"wp:attachment":[{"href":"https:\/\/epochtimestr.com\/index.php\/wp-json\/wp\/v2\/media?parent=138273"}],"wp:term":[{"taxonomy":"category","embeddable":true,"href":"https:\/\/epochtimestr.com\/index.php\/wp-json\/wp\/v2\/categories?post=138273"},{"taxonomy":"post_tag","embeddable":true,"href":"https:\/\/epochtimestr.com\/index.php\/wp-json\/wp\/v2\/tags?post=138273"}],"curies":[{"name":"wp","href":"https:\/\/api.w.org\/{rel}","templated":true}]}}