{"id":138275,"date":"2022-02-23T16:51:10","date_gmt":"2022-02-23T13:51:10","guid":{"rendered":"https:\/\/epochtimestr.com\/?p=138275"},"modified":"2022-02-23T16:51:12","modified_gmt":"2022-02-23T13:51:12","slug":"erdogan-rusya-ve-ukraynaya-cagrida-bulundu","status":"publish","type":"post","link":"https:\/\/epochtimestr.com\/index.php\/erdogan-rusya-ve-ukraynaya-cagrida-bulundu","title":{"rendered":"Erdo\u011fan, Rusya ve Ukrayna\u2019ya \u00c7a\u011fr\u0131da Bulundu"},"content":{"rendered":"\n<div class=\"wp-block-image\"><figure class=\"aligncenter size-full\"><img loading=\"lazy\" decoding=\"async\" width=\"500\" height=\"375\" src=\"https:\/\/epochtimestr.com\/wp-content\/uploads\/2011y\/Erdogan-tcbb.gov_-1.jpg\" alt=\"\" class=\"wp-image-135584\" srcset=\"https:\/\/epochtimestr.com\/wp-content\/uploads\/2011y\/Erdogan-tcbb.gov_-1.jpg 500w, https:\/\/epochtimestr.com\/wp-content\/uploads\/2011y\/Erdogan-tcbb.gov_-1-300x225.jpg 300w, https:\/\/epochtimestr.com\/wp-content\/uploads\/2011y\/Erdogan-tcbb.gov_-1-150x113.jpg 150w, https:\/\/epochtimestr.com\/wp-content\/uploads\/2011y\/Erdogan-tcbb.gov_-1-86x64.jpg 86w\" sizes=\"(max-width: 500px) 100vw, 500px\" \/><\/figure><\/div>\n\n\n\n<p>Ukrayna krizinin b\u00fcy\u00fcmesinin ard\u0131ndan Afrika turuna ara vererek T\u00fcrkiye\u2019ye d\u00f6nen Cumhurba\u015fkan\u0131 Recep Tayyip Erdo\u011fan, Rusya ve Ukrayna\u2019n\u0131n m\u00fczakere masas\u0131na d\u00f6nmeleri y\u00f6n\u00fcnde \u00e7a\u011fr\u0131da bulundu.<\/p>\n\n\n\n<p>Almanya Cumhurba\u015fkan\u0131 Frank Walter Steinmeier ve Ukrayna Cumhurba\u015fkan\u0131 Volodimir Zelenski ile g\u00f6r\u00fc\u015fmesinden sonra Rusya Cumhurba\u015fkan\u0131 Putin\u2019le telefonla g\u00f6r\u00fc\u015fmek i\u00e7in \u00e7aba harcad\u0131\u011f\u0131n\u0131 s\u00f6yleyen Erdo\u011fan, video konferansla \u00e7evrimi\u00e7i yap\u0131lacak NATO zirvesinden sonra Rusya lideri ile de g\u00f6r\u00fc\u015fecek.<\/p>\n\n\n\n<p><strong>Erdo\u011fan: \u2018\u2018\u0130kisinden de vazge\u00e7memiz m\u00fcmk\u00fcn de\u011fil\u2019\u2019<\/strong><\/p>\n\n\n\n<p>Senegal ve Demokratik Kongo Cumhuriyeti\u2019ni ziyaret ettikten sonra Gine Bissau\u2019ya u\u011framadan T\u00fcrkiye\u2019ye d\u00f6nen Erdo\u011fan, u\u00e7akta gazetecilere yap\u0131\u011f\u0131 a\u00e7\u0131klama s\u0131ras\u0131nda \u2018T\u00fcrkiye, Rusya\u2019ya yapt\u0131r\u0131m uygular m\u0131?\u2019\u2019 \u015feklindeki soruya verdi\u011fi yan\u0131tta, Ankara\u2019n\u0131n sava\u015f\u0131n e\u015fi\u011findeki iki \u00fclkeyle de ili\u015fkisini koparmayaca\u011f\u0131n\u0131n alt\u0131n\u0131 \u00e7izdi.<\/p>\n\n\n\n<p>Cumhurba\u015fkan\u0131, \u2018\u2018\u0130kisinden de vazge\u00e7memiz m\u00fcmk\u00fcn de\u011fil. Rusya ile gerek siyasi gerek askeri gerek ekonomik ili\u015fkilerimiz var. Ukrayna ile de ayn\u0131 \u015fekilde siyasi, askeri, ekonomik ili\u015fkilerimiz var. \u2018Ukrayna\u2019dan vazge\u00e7\u2019 deseniz vazge\u00e7emeyiz, \u00e7\u00fcnk\u00fc \u00fclkemizin buradaki \u00e7\u0131karlar\u0131 \u00e7ok ileri derecede. \u2018Rusya\u2019dan vazge\u00e7\u2019 deseniz ondan da vazge\u00e7emeyiz, \u00e7\u00fcnk\u00fc onunla da \u015fu anda ger\u00e7ekten ileri derecede birlikteliklerimiz var. Bizim derdimiz, \u00f6yle bir ad\u0131m atal\u0131m ki hi\u00e7birinden vazge\u00e7meden bu i\u015fi in\u015fallah \u00e7\u00f6zelim. Bunun i\u00e7in de ekibimizle, heyetimizle g\u00f6r\u00fc\u015fmelerimizi yapaca\u011f\u0131z. Onun i\u00e7in NATO Liderler Zirvesi\u2019ni \u00e7ok \u00f6nemsiyorum. Burada b\u00fct\u00fcn liderlerin ne d\u00fc\u015f\u00fcnd\u00fcklerini g\u00f6rece\u011fiz. Ondan sonra da biz kendi i\u00e7imizde arkada\u015flar\u0131m\u0131zla \u00e7al\u0131\u015fmam\u0131z\u0131 yapaca\u011f\u0131z\u2019\u2019 dedi.<\/p>\n\n\n\n<p><strong>\u2018\u2018T\u00fcrk cumhuriyetlerinin veya di\u011fer \u00fclkelerin kastedildi\u011fini d\u00fc\u015f\u00fcnmek istemiyoruz\u2019\u2019<\/strong><\/p>\n\n\n\n<p>Erdo\u011fan\u2019a Rusya lideri Putin\u2019in Luhansk ve Donetsk \u00f6zerk cumhuriyetlerini tan\u0131d\u0131\u011f\u0131 konu\u015fmas\u0131nda \u201c\u00dclkelere Sovyetler\u2019den ayr\u0131lma hakk\u0131n\u0131 vermek, temeline d\u00f6\u015fenen bir may\u0131nd\u0131\u2019\u2019 s\u00f6zleriyle Sovyetler Birli\u011fi\u2019nin kurucu lideri Lenin\u2019in getirdi\u011fi ele\u015ftirinin T\u00fcrk cumhuriyetleriyle ili\u015fkisi de soruldu.<\/p>\n\n\n\n<p>Cumhurba\u015fkan\u0131, \u2018\u2018Ben burada T\u00fcrk devletlerinin kastedildi\u011fine dair bir ifade g\u00f6rm\u00fcyorum. Tabii, T\u00fcrk cumhuriyetleri de SSCB\u2019yi olu\u015fturan cumhuriyetler aras\u0131ndayd\u0131. Bu tarihi bir ger\u00e7ek. SSCB da\u011f\u0131ld\u0131\u011f\u0131nda di\u011fer cumhuriyetler gibi onlar da ba\u011f\u0131ms\u0131zl\u0131klar\u0131n\u0131 ilan ettiler. Buradan 15 ba\u011f\u0131ms\u0131z devlet do\u011fdu. Bu da tarihi bir ger\u00e7ek ve hukuken de teyit edilmi\u015f bir durum. Rusya keza bir Sovyet Cumhuriyeti olarak de\u011fil, Rusya Federasyonu olarak yoluna devam etti. Dolay\u0131s\u0131yla, burada T\u00fcrk cumhuriyetlerinin veya di\u011fer \u00fclkelerin kastedildi\u011fini d\u00fc\u015f\u00fcnmek istemiyoruz. Te\u015fkilat\u0131m\u0131z, T\u00fcrk devletleri aras\u0131nda ba\u015fta ekonomik, ticari, k\u00fclt\u00fcrel ve be\u015feri konularda i\u015f birli\u011fini ve dayan\u0131\u015fmay\u0131 artt\u0131rmay\u0131 hedefliyor. Bu hi\u00e7bir \u00fclkeye veya te\u015fkilata kar\u015f\u0131 bir \u00e7aba de\u011fil. Bunu Say\u0131n Putin<\/p>\n\n\n\n<p>de biliyor. Say\u0131n Putin bu ifadeleri Ukrayna\u2019n\u0131n do\u011fusunda ayr\u0131l\u0131k\u00e7\u0131lar\u0131n s\u00f6zde y\u00f6netimlerini tan\u0131yan karar\u0131n\u0131 a\u00e7\u0131klad\u0131\u011f\u0131 konu\u015fmas\u0131nda s\u00f6ylemi\u015fti\u2019\u2019 dedi.<\/p>\n\n\n\n<p>T\u00fcrkiye\u2019nin K\u0131r\u0131m\u2019\u0131n i\u015fgali s\u0131ras\u0131nda tak\u0131nd\u0131\u011f\u0131 tavr\u0131 bug\u00fcn de s\u00fcrd\u00fcrd\u00fc\u011f\u00fcn\u00fcn alt\u0131n\u0131 \u00e7izen Erdo\u011fan, Ukrayna\u2019n\u0131n toprak b\u00fct\u00fcnl\u00fc\u011f\u00fcn\u00fc savunduklar\u0131n\u0131n alt\u0131n\u0131 dile getirdi.<\/p>\n\n\n\n<p><strong>\u2018\u2018S-400\u2019ler nerede beklemesi gerekiyorsa orada bekliyor\u2019\u2019<\/strong><\/p>\n\n\n\n<p>Cumhurba\u015fkan\u0131 Erdo\u011fan, krizin T\u00fcrkiye\u2019ye faturas\u0131 hakk\u0131nda ise \u2018\u2018hesap i\u015fi, hassasiyet i\u00e7inde ad\u0131mlar\u0131m\u0131z\u0131 atmam\u0131z gerekiyor\u2019\u2019 yorumunda bulundu.<\/p>\n\n\n\n<p>CHP Genel Ba\u015fkan\u0131 Kemal K\u0131l\u0131\u00e7daro\u011flu, \u00f6nceki g\u00fcn 20 Temmuz 2019\u2019da ilk par\u00e7alar\u0131 T\u00fcrkiye\u2019ye ula\u015fan Rus men\u015feili f\u00fcze hava savunma sistemini \u2018\u2018kimin i\u00e7in kullanaca\u011f\u0131z\u2019\u2019 yorumunda bulunmu\u015ftu. CHP Genel Ba\u015fkan\u0131\u2019n\u0131n bu a\u00e7\u0131klamas\u0131 hakk\u0131nda g\u00f6r\u00fc\u015f\u00fc sorulan Cumhurba\u015fkan\u0131, \u2018\u2018Belirsizlik ve tehditlerin hi\u00e7 azalmad\u0131\u011f\u0131 bir b\u00f6lgede Uzun Menzilli B\u00f6lge Hava ve F\u00fcze Savunma Sistemi ihtiyac\u0131 kapsam\u0131nda tedarik edilen S-400\u2019ler hakk\u0131nda polemik yarat\u0131lmaya \u00e7al\u0131\u015f\u0131ld\u0131\u011f\u0131n\u0131 g\u00f6r\u00fcyoruz. \u00d6zellikle bug\u00fcn ya\u015fad\u0131\u011f\u0131m\u0131z Rusya-Ukrayna krizi bu silahlar\u0131n gereklili\u011fini yeniden ortaya koyuyor. \u2018S-400 neden al\u0131nm\u0131\u015f?\u2019 Milli Savunma Bakan\u0131m\u0131z da a\u00e7\u0131k ve \u015feffaf bir \u015fekilde herkese s\u00f6yledi; \u2018Herhangi bir sald\u0131r\u0131, tehdit olmazsa kimseye zarar\u0131 olmayan bir sistem bu. \u00d6nceli\u011fimiz \u00fclkemizin, 84 milyonun g\u00fcvenli\u011fi. M\u00fcttefiklerimizin vermedi\u011fini Rusya\u2019dan temin etti\u011fimiz bir sistem.\u2019 Sistemde Rus personel g\u00f6rev almayacak. \u2018Nerede kullan\u0131lacak?\u2019 sorusunun cevab\u0131 gayet net; kim f\u00fczeyle \u00fclkemize sald\u0131r\u0131rsa orda kullan\u0131lacak. Bir de \u2018S-400\u2019ler hangarda bekliyor\u2019 deniyor. S-400\u2019ler nerede beklemesi gerekiyorsa orada bekliyor\u2019\u2019 de\u011ferlendirmesinde bulundu.<\/p>\n\n\n\n<p><strong>\u2018\u2018ABD ile s\u00fcre\u00e7 devam ediyor\u2019\u2019<\/strong><\/p>\n\n\n\n<p>Cumhurba\u015fkan\u0131 F-35 ve F-16\u2019lar konusunda da Amerika Birle\u015fik Devletleri ile g\u00f6r\u00fc\u015fmelerinin s\u00fcrd\u00fc\u011f\u00fcn\u00fc de ifade etti.<\/p>\n\n\n\n<p>\u2018\u2018O s\u00fcre\u00e7 devam ediyor. Gerek Milli Savunma Bakan\u0131m gerek di\u011fer g\u00f6revli olan askeri erkan, \u00fcst kademe y\u00f6neticiler Amerikal\u0131 muhataplar\u0131yla g\u00f6r\u00fc\u015fmeleri devam ettiriyorlar. \u015eu ana kadar g\u00f6r\u00fc\u015fmeler olumlu istikamette y\u00fcr\u00fcyor. \u0130n\u015fallah bitti\u011fi anda da zaten gere\u011fi yap\u0131lacakt\u0131r. Burada \u00e7er\u00e7evemiz \u015fu; ya bize bu u\u00e7aklar\u0131m\u0131z\u0131 verin ya da elimizdeki F-16\u2019lar\u0131n bak\u0131m onar\u0131mlar\u0131n\u0131 yapmak, bunun d\u0131\u015f\u0131nda F-16\u2019lar\u0131n bir \u00fcst segmentini vermek suretiyle hesapla\u015fmalar\u0131 yap\u0131p yolumuza devam edelim.\u2019\u2019<\/p>\n","protected":false},"excerpt":{"rendered":"<p>Ukrayna krizinin b\u00fcy\u00fcmesinin ard\u0131ndan Afrika turuna ara vererek T\u00fcrkiye\u2019ye d\u00f6nen Cumhurba\u015fkan\u0131 Recep Tayyip Erdo\u011fan, Rusya ve Ukrayna\u2019n\u0131n m\u00fczakere masas\u0131na d\u00f6nmeleri y\u00f6n\u00fcnde \u00e7a\u011fr\u0131da bulundu. Almanya Cumhurba\u015fkan\u0131 Frank Walter Steinmeier ve Ukrayna Cumhurba\u015fkan\u0131 Volodimir Zelenski ile g\u00f6r\u00fc\u015fmesinden sonra Rusya Cumhurba\u015fkan\u0131 Putin\u2019le telefonla g\u00f6r\u00fc\u015fmek i\u00e7in \u00e7aba harcad\u0131\u011f\u0131n\u0131 s\u00f6yleyen Erdo\u011fan, video konferansla \u00e7evrimi\u00e7i yap\u0131lacak NATO zirvesinden sonra Rusya lideri [&hellip;]<\/p>\n","protected":false},"author":12791,"featured_media":135584,"comment_status":"closed","ping_status":"open","sticky":false,"template":"","format":"standard","meta":{"_yoast_wpseo_focuskw":"","_yoast_wpseo_title":"","_yoast_wpseo_metadesc":"","_bbp_topic_count":0,"_bbp_reply_count":0,"_bbp_total_topic_count":0,"_bbp_total_reply_count":0,"_bbp_voice_count":0,"_bbp_anonymous_reply_count":0,"_bbp_topic_count_hidden":0,"_bbp_reply_count_hidden":0,"_bbp_forum_subforum_count":0,"footnotes":"","_yoast_wpseo_focuskw_text_input":""},"categories":[1,8138,37],"tags":[],"yoast_head":"<!-- This site is optimized with the Yoast SEO plugin v23.0 - https:\/\/yoast.com\/wordpress\/plugins\/seo\/ -->\n<title>Erdo\u011fan, Rusya ve Ukrayna\u2019ya \u00c7a\u011fr\u0131da Bulundu - The Epoch Times TR<\/title>\n<meta name=\"robots\" content=\"index, follow, max-snippet:-1, max-image-preview:large, max-video-preview:-1\" \/>\n<link rel=\"canonical\" href=\"https:\/\/epochtimestr.com\/index.php\/erdogan-rusya-ve-ukraynaya-cagrida-bulundu\" \/>\n<meta property=\"og:locale\" content=\"tr_TR\" \/>\n<meta property=\"og:type\" content=\"article\" \/>\n<meta property=\"og:title\" content=\"Erdo\u011fan, Rusya ve Ukrayna\u2019ya \u00c7a\u011fr\u0131da Bulundu - The Epoch Times TR\" \/>\n<meta property=\"og:description\" content=\"Ukrayna krizinin b\u00fcy\u00fcmesinin ard\u0131ndan Afrika turuna ara vererek T\u00fcrkiye\u2019ye d\u00f6nen Cumhurba\u015fkan\u0131 Recep Tayyip Erdo\u011fan, Rusya ve Ukrayna\u2019n\u0131n m\u00fczakere masas\u0131na d\u00f6nmeleri y\u00f6n\u00fcnde \u00e7a\u011fr\u0131da bulundu. Almanya Cumhurba\u015fkan\u0131 Frank Walter Steinmeier ve Ukrayna Cumhurba\u015fkan\u0131 Volodimir Zelenski ile g\u00f6r\u00fc\u015fmesinden sonra Rusya Cumhurba\u015fkan\u0131 Putin\u2019le telefonla g\u00f6r\u00fc\u015fmek i\u00e7in \u00e7aba harcad\u0131\u011f\u0131n\u0131 s\u00f6yleyen Erdo\u011fan, video konferansla \u00e7evrimi\u00e7i yap\u0131lacak NATO zirvesinden sonra Rusya lideri [&hellip;]\" \/>\n<meta property=\"og:url\" content=\"https:\/\/epochtimestr.com\/index.php\/erdogan-rusya-ve-ukraynaya-cagrida-bulundu\" \/>\n<meta property=\"og:site_name\" content=\"The Epoch Times TR\" \/>\n<meta property=\"article:publisher\" content=\"https:\/\/www.facebook.com\/theepochtimestr\" \/>\n<meta property=\"article:published_time\" content=\"2022-02-23T13:51:10+00:00\" \/>\n<meta property=\"article:modified_time\" content=\"2022-02-23T13:51:12+00:00\" \/>\n<meta property=\"og:image\" content=\"https:\/\/epochtimestr.com\/wp-content\/uploads\/2011y\/Erdogan-tcbb.gov_-1.jpg\" \/>\n\t<meta property=\"og:image:width\" content=\"500\" \/>\n\t<meta property=\"og:image:height\" content=\"375\" \/>\n\t<meta property=\"og:image:type\" content=\"image\/jpeg\" \/>\n<meta name=\"author\" content=\"Haber Merkezi\" \/>\n<meta name=\"twitter:card\" content=\"summary_large_image\" \/>\n<meta name=\"twitter:creator\" content=\"@TheEpochTimesTR\" \/>\n<meta name=\"twitter:site\" content=\"@TheEpochTimesTR\" \/>\n<meta name=\"twitter:label1\" content=\"Yazan:\" \/>\n\t<meta name=\"twitter:data1\" content=\"Haber Merkezi\" \/>\n\t<meta name=\"twitter:label2\" content=\"Tahmini okuma s\u00fcresi\" \/>\n\t<meta name=\"twitter:data2\" content=\"3 dakika\" \/>\n<script type=\"application\/ld+json\" class=\"yoast-schema-graph\">{\"@context\":\"https:\/\/schema.org\",\"@graph\":[{\"@type\":\"Article\",\"@id\":\"https:\/\/epochtimestr.com\/index.php\/erdogan-rusya-ve-ukraynaya-cagrida-bulundu#article\",\"isPartOf\":{\"@id\":\"https:\/\/epochtimestr.com\/index.php\/erdogan-rusya-ve-ukraynaya-cagrida-bulundu\"},\"author\":{\"name\":\"Haber Merkezi\",\"@id\":\"https:\/\/epochtimestr.com\/#\/schema\/person\/3dc5c3adeb9f43923c5aa85889172fdd\"},\"headline\":\"Erdo\u011fan, Rusya ve Ukrayna\u2019ya \u00c7a\u011fr\u0131da Bulundu\",\"datePublished\":\"2022-02-23T13:51:10+00:00\",\"dateModified\":\"2022-02-23T13:51:12+00:00\",\"mainEntityOfPage\":{\"@id\":\"https:\/\/epochtimestr.com\/index.php\/erdogan-rusya-ve-ukraynaya-cagrida-bulundu\"},\"wordCount\":947,\"publisher\":{\"@id\":\"https:\/\/epochtimestr.com\/#organization\"},\"image\":{\"@id\":\"https:\/\/epochtimestr.com\/index.php\/erdogan-rusya-ve-ukraynaya-cagrida-bulundu#primaryimage\"},\"thumbnailUrl\":\"https:\/\/epochtimestr.com\/wp-content\/uploads\/2011y\/Erdogan-tcbb.gov_-1.jpg\",\"articleSection\":[\"G\u00dcNDEM\",\"MAN\u015eET\",\"T\u00dcRK\u0130YE\"],\"inLanguage\":\"tr\"},{\"@type\":\"WebPage\",\"@id\":\"https:\/\/epochtimestr.com\/index.php\/erdogan-rusya-ve-ukraynaya-cagrida-bulundu\",\"url\":\"https:\/\/epochtimestr.com\/index.php\/erdogan-rusya-ve-ukraynaya-cagrida-bulundu\",\"name\":\"Erdo\u011fan, Rusya ve Ukrayna\u2019ya \u00c7a\u011fr\u0131da Bulundu - The Epoch Times TR\",\"isPartOf\":{\"@id\":\"https:\/\/epochtimestr.com\/#website\"},\"primaryImageOfPage\":{\"@id\":\"https:\/\/epochtimestr.com\/index.php\/erdogan-rusya-ve-ukraynaya-cagrida-bulundu#primaryimage\"},\"image\":{\"@id\":\"https:\/\/epochtimestr.com\/index.php\/erdogan-rusya-ve-ukraynaya-cagrida-bulundu#primaryimage\"},\"thumbnailUrl\":\"https:\/\/epochtimestr.com\/wp-content\/uploads\/2011y\/Erdogan-tcbb.gov_-1.jpg\",\"datePublished\":\"2022-02-23T13:51:10+00:00\",\"dateModified\":\"2022-02-23T13:51:12+00:00\",\"inLanguage\":\"tr\",\"potentialAction\":[{\"@type\":\"ReadAction\",\"target\":[\"https:\/\/epochtimestr.com\/index.php\/erdogan-rusya-ve-ukraynaya-cagrida-bulundu\"]}]},{\"@type\":\"ImageObject\",\"inLanguage\":\"tr\",\"@id\":\"https:\/\/epochtimestr.com\/index.php\/erdogan-rusya-ve-ukraynaya-cagrida-bulundu#primaryimage\",\"url\":\"https:\/\/epochtimestr.com\/wp-content\/uploads\/2011y\/Erdogan-tcbb.gov_-1.jpg\",\"contentUrl\":\"https:\/\/epochtimestr.com\/wp-content\/uploads\/2011y\/Erdogan-tcbb.gov_-1.jpg\",\"width\":500,\"height\":375},{\"@type\":\"WebSite\",\"@id\":\"https:\/\/epochtimestr.com\/#website\",\"url\":\"https:\/\/epochtimestr.com\/\",\"name\":\"The Epoch Times TR\",\"description\":\"De\u011fi\u015fen D\u00fcnyam\u0131za Taze Bir Bak\u0131\u015f\",\"publisher\":{\"@id\":\"https:\/\/epochtimestr.com\/#organization\"},\"potentialAction\":[{\"@type\":\"SearchAction\",\"target\":{\"@type\":\"EntryPoint\",\"urlTemplate\":\"https:\/\/epochtimestr.com\/?s={search_term_string}\"},\"query-input\":\"required name=search_term_string\"}],\"inLanguage\":\"tr\"},{\"@type\":\"Organization\",\"@id\":\"https:\/\/epochtimestr.com\/#organization\",\"name\":\"The EpochTimes T\u00fcrkiye\",\"url\":\"https:\/\/epochtimestr.com\/\",\"logo\":{\"@type\":\"ImageObject\",\"inLanguage\":\"tr\",\"@id\":\"https:\/\/epochtimestr.com\/#\/schema\/logo\/image\/\",\"url\":\"https:\/\/epochtimestr.com\/wp-content\/uploads\/2011y\/ET-Logo-YG.jpg\",\"contentUrl\":\"https:\/\/epochtimestr.com\/wp-content\/uploads\/2011y\/ET-Logo-YG.jpg\",\"width\":346,\"height\":29,\"caption\":\"The EpochTimes T\u00fcrkiye\"},\"image\":{\"@id\":\"https:\/\/epochtimestr.com\/#\/schema\/logo\/image\/\"},\"sameAs\":[\"https:\/\/www.facebook.com\/theepochtimestr\",\"https:\/\/x.com\/TheEpochTimesTR\",\"https:\/\/www.instagram.com\/epochtimestr\"]},{\"@type\":\"Person\",\"@id\":\"https:\/\/epochtimestr.com\/#\/schema\/person\/3dc5c3adeb9f43923c5aa85889172fdd\",\"name\":\"Haber Merkezi\",\"image\":{\"@type\":\"ImageObject\",\"inLanguage\":\"tr\",\"@id\":\"https:\/\/epochtimestr.com\/#\/schema\/person\/image\/\",\"url\":\"https:\/\/secure.gravatar.com\/avatar\/d73f772ba5a74f28601361e17c2f93e6?s=96&d=mm&r=g\",\"contentUrl\":\"https:\/\/secure.gravatar.com\/avatar\/d73f772ba5a74f28601361e17c2f93e6?s=96&d=mm&r=g\",\"caption\":\"Haber Merkezi\"},\"url\":\"https:\/\/epochtimestr.com\/index.php\/author\/sendag\"}]}<\/script>\n<!-- \/ Yoast SEO plugin. -->","yoast_head_json":{"title":"Erdo\u011fan, Rusya ve Ukrayna\u2019ya \u00c7a\u011fr\u0131da Bulundu - The Epoch Times TR","robots":{"index":"index","follow":"follow","max-snippet":"max-snippet:-1","max-image-preview":"max-image-preview:large","max-video-preview":"max-video-preview:-1"},"canonical":"https:\/\/epochtimestr.com\/index.php\/erdogan-rusya-ve-ukraynaya-cagrida-bulundu","og_locale":"tr_TR","og_type":"article","og_title":"Erdo\u011fan, Rusya ve Ukrayna\u2019ya \u00c7a\u011fr\u0131da Bulundu - The Epoch Times TR","og_description":"Ukrayna krizinin b\u00fcy\u00fcmesinin ard\u0131ndan Afrika turuna ara vererek T\u00fcrkiye\u2019ye d\u00f6nen Cumhurba\u015fkan\u0131 Recep Tayyip Erdo\u011fan, Rusya ve Ukrayna\u2019n\u0131n m\u00fczakere masas\u0131na d\u00f6nmeleri y\u00f6n\u00fcnde \u00e7a\u011fr\u0131da bulundu. Almanya Cumhurba\u015fkan\u0131 Frank Walter Steinmeier ve Ukrayna Cumhurba\u015fkan\u0131 Volodimir Zelenski ile g\u00f6r\u00fc\u015fmesinden sonra Rusya Cumhurba\u015fkan\u0131 Putin\u2019le telefonla g\u00f6r\u00fc\u015fmek i\u00e7in \u00e7aba harcad\u0131\u011f\u0131n\u0131 s\u00f6yleyen Erdo\u011fan, video konferansla \u00e7evrimi\u00e7i yap\u0131lacak NATO zirvesinden sonra Rusya lideri [&hellip;]","og_url":"https:\/\/epochtimestr.com\/index.php\/erdogan-rusya-ve-ukraynaya-cagrida-bulundu","og_site_name":"The Epoch Times TR","article_publisher":"https:\/\/www.facebook.com\/theepochtimestr","article_published_time":"2022-02-23T13:51:10+00:00","article_modified_time":"2022-02-23T13:51:12+00:00","og_image":[{"width":500,"height":375,"url":"https:\/\/epochtimestr.com\/wp-content\/uploads\/2011y\/Erdogan-tcbb.gov_-1.jpg","type":"image\/jpeg"}],"author":"Haber Merkezi","twitter_card":"summary_large_image","twitter_creator":"@TheEpochTimesTR","twitter_site":"@TheEpochTimesTR","twitter_misc":{"Yazan:":"Haber Merkezi","Tahmini okuma s\u00fcresi":"3 dakika"},"schema":{"@context":"https:\/\/schema.org","@graph":[{"@type":"Article","@id":"https:\/\/epochtimestr.com\/index.php\/erdogan-rusya-ve-ukraynaya-cagrida-bulundu#article","isPartOf":{"@id":"https:\/\/epochtimestr.com\/index.php\/erdogan-rusya-ve-ukraynaya-cagrida-bulundu"},"author":{"name":"Haber Merkezi","@id":"https:\/\/epochtimestr.com\/#\/schema\/person\/3dc5c3adeb9f43923c5aa85889172fdd"},"headline":"Erdo\u011fan, Rusya ve Ukrayna\u2019ya \u00c7a\u011fr\u0131da Bulundu","datePublished":"2022-02-23T13:51:10+00:00","dateModified":"2022-02-23T13:51:12+00:00","mainEntityOfPage":{"@id":"https:\/\/epochtimestr.com\/index.php\/erdogan-rusya-ve-ukraynaya-cagrida-bulundu"},"wordCount":947,"publisher":{"@id":"https:\/\/epochtimestr.com\/#organization"},"image":{"@id":"https:\/\/epochtimestr.com\/index.php\/erdogan-rusya-ve-ukraynaya-cagrida-bulundu#primaryimage"},"thumbnailUrl":"https:\/\/epochtimestr.com\/wp-content\/uploads\/2011y\/Erdogan-tcbb.gov_-1.jpg","articleSection":["G\u00dcNDEM","MAN\u015eET","T\u00dcRK\u0130YE"],"inLanguage":"tr"},{"@type":"WebPage","@id":"https:\/\/epochtimestr.com\/index.php\/erdogan-rusya-ve-ukraynaya-cagrida-bulundu","url":"https:\/\/epochtimestr.com\/index.php\/erdogan-rusya-ve-ukraynaya-cagrida-bulundu","name":"Erdo\u011fan, Rusya ve Ukrayna\u2019ya \u00c7a\u011fr\u0131da Bulundu - The Epoch Times TR","isPartOf":{"@id":"https:\/\/epochtimestr.com\/#website"},"primaryImageOfPage":{"@id":"https:\/\/epochtimestr.com\/index.php\/erdogan-rusya-ve-ukraynaya-cagrida-bulundu#primaryimage"},"image":{"@id":"https:\/\/epochtimestr.com\/index.php\/erdogan-rusya-ve-ukraynaya-cagrida-bulundu#primaryimage"},"thumbnailUrl":"https:\/\/epochtimestr.com\/wp-content\/uploads\/2011y\/Erdogan-tcbb.gov_-1.jpg","datePublished":"2022-02-23T13:51:10+00:00","dateModified":"2022-02-23T13:51:12+00:00","inLanguage":"tr","potentialAction":[{"@type":"ReadAction","target":["https:\/\/epochtimestr.com\/index.php\/erdogan-rusya-ve-ukraynaya-cagrida-bulundu"]}]},{"@type":"ImageObject","inLanguage":"tr","@id":"https:\/\/epochtimestr.com\/index.php\/erdogan-rusya-ve-ukraynaya-cagrida-bulundu#primaryimage","url":"https:\/\/epochtimestr.com\/wp-content\/uploads\/2011y\/Erdogan-tcbb.gov_-1.jpg","contentUrl":"https:\/\/epochtimestr.com\/wp-content\/uploads\/2011y\/Erdogan-tcbb.gov_-1.jpg","width":500,"height":375},{"@type":"WebSite","@id":"https:\/\/epochtimestr.com\/#website","url":"https:\/\/epochtimestr.com\/","name":"The Epoch Times TR","description":"De\u011fi\u015fen D\u00fcnyam\u0131za Taze Bir Bak\u0131\u015f","publisher":{"@id":"https:\/\/epochtimestr.com\/#organization"},"potentialAction":[{"@type":"SearchAction","target":{"@type":"EntryPoint","urlTemplate":"https:\/\/epochtimestr.com\/?s={search_term_string}"},"query-input":"required name=search_term_string"}],"inLanguage":"tr"},{"@type":"Organization","@id":"https:\/\/epochtimestr.com\/#organization","name":"The EpochTimes T\u00fcrkiye","url":"https:\/\/epochtimestr.com\/","logo":{"@type":"ImageObject","inLanguage":"tr","@id":"https:\/\/epochtimestr.com\/#\/schema\/logo\/image\/","url":"https:\/\/epochtimestr.com\/wp-content\/uploads\/2011y\/ET-Logo-YG.jpg","contentUrl":"https:\/\/epochtimestr.com\/wp-content\/uploads\/2011y\/ET-Logo-YG.jpg","width":346,"height":29,"caption":"The EpochTimes T\u00fcrkiye"},"image":{"@id":"https:\/\/epochtimestr.com\/#\/schema\/logo\/image\/"},"sameAs":["https:\/\/www.facebook.com\/theepochtimestr","https:\/\/x.com\/TheEpochTimesTR","https:\/\/www.instagram.com\/epochtimestr"]},{"@type":"Person","@id":"https:\/\/epochtimestr.com\/#\/schema\/person\/3dc5c3adeb9f43923c5aa85889172fdd","name":"Haber Merkezi","image":{"@type":"ImageObject","inLanguage":"tr","@id":"https:\/\/epochtimestr.com\/#\/schema\/person\/image\/","url":"https:\/\/secure.gravatar.com\/avatar\/d73f772ba5a74f28601361e17c2f93e6?s=96&d=mm&r=g","contentUrl":"https:\/\/secure.gravatar.com\/avatar\/d73f772ba5a74f28601361e17c2f93e6?s=96&d=mm&r=g","caption":"Haber Merkezi"},"url":"https:\/\/epochtimestr.com\/index.php\/author\/sendag"}]}},"_links":{"self":[{"href":"https:\/\/epochtimestr.com\/index.php\/wp-json\/wp\/v2\/posts\/138275"}],"collection":[{"href":"https:\/\/epochtimestr.com\/index.php\/wp-json\/wp\/v2\/posts"}],"about":[{"href":"https:\/\/epochtimestr.com\/index.php\/wp-json\/wp\/v2\/types\/post"}],"author":[{"embeddable":true,"href":"https:\/\/epochtimestr.com\/index.php\/wp-json\/wp\/v2\/users\/12791"}],"replies":[{"embeddable":true,"href":"https:\/\/epochtimestr.com\/index.php\/wp-json\/wp\/v2\/comments?post=138275"}],"version-history":[{"count":1,"href":"https:\/\/epochtimestr.com\/index.php\/wp-json\/wp\/v2\/posts\/138275\/revisions"}],"predecessor-version":[{"id":138276,"href":"https:\/\/epochtimestr.com\/index.php\/wp-json\/wp\/v2\/posts\/138275\/revisions\/138276"}],"wp:featuredmedia":[{"embeddable":true,"href":"https:\/\/epochtimestr.com\/index.php\/wp-json\/wp\/v2\/media\/135584"}],"wp:attachment":[{"href":"https:\/\/epochtimestr.com\/index.php\/wp-json\/wp\/v2\/media?parent=138275"}],"wp:term":[{"taxonomy":"category","embeddable":true,"href":"https:\/\/epochtimestr.com\/index.php\/wp-json\/wp\/v2\/categories?post=138275"},{"taxonomy":"post_tag","embeddable":true,"href":"https:\/\/epochtimestr.com\/index.php\/wp-json\/wp\/v2\/tags?post=138275"}],"curies":[{"name":"wp","href":"https:\/\/api.w.org\/{rel}","templated":true}]}}