{"id":138349,"date":"2022-03-03T03:21:53","date_gmt":"2022-03-03T00:21:53","guid":{"rendered":"https:\/\/epochtimestr.com\/?p=138349"},"modified":"2022-03-03T03:22:35","modified_gmt":"2022-03-03T00:22:35","slug":"uzmanlara-gore-ukrayna-isgali-abdnin-dikkatini-cinden-uzaklastiriyor","status":"publish","type":"post","link":"https:\/\/epochtimestr.com\/index.php\/uzmanlara-gore-ukrayna-isgali-abdnin-dikkatini-cinden-uzaklastiriyor","title":{"rendered":"Uzmanlara G\u00f6re Ukrayna \u0130\u015fgali ABD&#8217;nin Dikkatini \u00c7in&#8217;den Uzakla\u015ft\u0131r\u0131yor"},"content":{"rendered":"\n<div class=\"wp-block-image\"><figure class=\"aligncenter size-large\"><img loading=\"lazy\" decoding=\"async\" width=\"600\" height=\"274\" src=\"https:\/\/epochtimestr.com\/wp-content\/uploads\/2011y\/c\u0327in-ntd-600x274.png\" alt=\"\" class=\"wp-image-138358\" srcset=\"https:\/\/epochtimestr.com\/wp-content\/uploads\/2011y\/c\u0327in-ntd-600x274.png 600w, https:\/\/epochtimestr.com\/wp-content\/uploads\/2011y\/c\u0327in-ntd-300x137.png 300w, https:\/\/epochtimestr.com\/wp-content\/uploads\/2011y\/c\u0327in-ntd-150x68.png 150w, https:\/\/epochtimestr.com\/wp-content\/uploads\/2011y\/c\u0327in-ntd-768x350.png 768w, https:\/\/epochtimestr.com\/wp-content\/uploads\/2011y\/c\u0327in-ntd-1536x700.png 1536w, https:\/\/epochtimestr.com\/wp-content\/uploads\/2011y\/c\u0327in-ntd-2048x934.png 2048w\" sizes=\"(max-width: 600px) 100vw, 600px\" \/><figcaption>NTD News<\/figcaption><\/figure><\/div>\n\n\n\n<p><\/p>\n\n\n\n<h2 class=\"wp-block-heading\">\u00c7in, Rusya&#8217;n\u0131n Ukrayna&#8217;ya y\u00f6nelik sald\u0131r\u0131s\u0131n\u0131 i\u015fgal olarak nitelendirmekten ka\u00e7\u0131n\u0131yor. G\u00f6r\u00fcn\u00fc\u015fe g\u00f6re, \u00c7in medyas\u0131nda, konu hakk\u0131nda bir sans\u00fcr kural\u0131 bile var.<\/h2>\n\n\n\n<p>Sal\u0131 g\u00fcn\u00fc, \u00c7in&#8217;in Twitter benzeri sosyal medya platformu Weibo&#8217;da b\u00f6yle bir olas\u0131l\u0131\u011f\u0131 i\u015faret eden bir g\u00f6nderi ortaya \u00e7\u0131kt\u0131, fakat k\u0131sa s\u00fcre sonra silindi.<\/p>\n\n\n\n<p>Devlet haber a\u011f\u0131 Horizon News, \u00e7al\u0131\u015fanlar\u0131na Weibo&#8217;da Rusya kar\u015f\u0131t\u0131 veya Bat\u0131 yanl\u0131s\u0131 olarak s\u0131n\u0131fland\u0131r\u0131labilecek Ukrayna ile ilgili herhangi bir i\u00e7erik yay\u0131nlamamalar\u0131 talimat\u0131n\u0131 verdi. G\u00f6nderi ayr\u0131ca, t\u00fcm &#8220;yorumlar\u0131n dikkatlice se\u00e7ilmesi ve kontrol edilmesi gerekti\u011fini&#8221; belirtti.<\/p>\n\n\n\n<p>Rusya&#8217;n\u0131n Ukrayna&#8217;ya sald\u0131r\u0131s\u0131, \u00fclkenin co\u011frafi s\u0131n\u0131rlar\u0131n\u0131n \u00f6tesinde bir etkiye sahip olabilir. New York&#8217;tan d\u0131\u015f politika uzman\u0131 Tang Jingyuan, Rusya&#8217;n\u0131n eylemlerinin k\u00fcresel g\u00fc\u00e7 dengesini de\u011fi\u015ftirebilece\u011fini ve bunun \u00c7in Kom\u00fcnist Partisi&#8217;nin yarar\u0131na olabilecek bir de\u011fi\u015fiklik oldu\u011funu s\u00f6yl\u00fcyor.<\/p>\n\n\n\n<div class=\"wp-block-image\"><figure class=\"aligncenter size-large\"><img loading=\"lazy\" decoding=\"async\" width=\"600\" height=\"275\" src=\"https:\/\/epochtimestr.com\/wp-content\/uploads\/2011y\/ntd-uzman-600x275.png\" alt=\"\" class=\"wp-image-138363\" srcset=\"https:\/\/epochtimestr.com\/wp-content\/uploads\/2011y\/ntd-uzman-600x275.png 600w, https:\/\/epochtimestr.com\/wp-content\/uploads\/2011y\/ntd-uzman-300x137.png 300w, https:\/\/epochtimestr.com\/wp-content\/uploads\/2011y\/ntd-uzman-150x69.png 150w, https:\/\/epochtimestr.com\/wp-content\/uploads\/2011y\/ntd-uzman-768x352.png 768w, https:\/\/epochtimestr.com\/wp-content\/uploads\/2011y\/ntd-uzman-1536x703.png 1536w, https:\/\/epochtimestr.com\/wp-content\/uploads\/2011y\/ntd-uzman-2048x938.png 2048w\" sizes=\"(max-width: 600px) 100vw, 600px\" \/><figcaption>New York&#8217;tan d\u0131\u015f politika uzman\u0131 Tang Jingyuan. NTD News<\/figcaption><\/figure><\/div>\n\n\n\n<p>Burada, biraz da ABD, Rusya ve \u00c7in aras\u0131ndaki ili\u015fkiyi ele alal\u0131m.<\/p>\n\n\n\n<p>\u00c7in ili\u015fkileri analisti Tang Jingyuan, Rusya&#8217;n\u0131n sald\u0131r\u0131s\u0131n\u0131n egemen bir \u00fclkenin i\u015fgali oldu\u011funu ve Kremlin&#8217;in eylemlerinin ABD ve Avrupa&#8217;y\u0131 oda\u011f\u0131n\u0131 de\u011fi\u015ftirmeye zorlayaca\u011f\u0131n\u0131 s\u00f6yledi.<\/p>\n\n\n\n<p>Tang Jinggyuan: &#8220;Rusya&#8217;n\u0131n Ukrayna&#8217;y\u0131 i\u015fgali, asl\u0131nda ABD ve NATO&#8217;yu stratejik odaklar\u0131n\u0131 Avrupa&#8217;ya kayd\u0131rmaya zorluyor. Bu da, \u00c7in Kom\u00fcnist Partisi \u00fczerindeki bask\u0131y\u0131 b\u00fcy\u00fck \u00f6l\u00e7\u00fcde azaltm\u0131\u015ft\u0131r, yani bu ABD&#8217;nin aleyhine bir durumdur.&#8221; yorumunda bulundu.<\/p>\n\n\n\n<p>Tang, Rusya&#8217;n\u0131n Ukrayna&#8217;y\u0131 i\u015fgalinin, Bat\u0131 Avrupa&#8217;ya da zarar verme olas\u0131l\u0131\u011f\u0131n\u0131n y\u00fcksek oldu\u011funu s\u00f6yl\u00fcyor. Bu da, Pekin&#8217;e fayda sa\u011flayacak bir durum.<\/p>\n\n\n\n<p>Tang Jinggyuan;&#8221; Avrupa, Rusya&#8217;n\u0131n yarat\u0131\u011f\u0131 durum ile, daha da fazla ilgilenecek. Avrupa, \u00c7in kom\u00fcnist tehdidiyle ba\u015fa \u00e7\u0131kacak enerjiye sahip olmayacak. Hatta baz\u0131 konularda taviz vererek \u00c7in Kom\u00fcnist Partisi ile uzla\u015fmak zorunda bile kalabilir&#8221; yorumunda bulundu.<\/p>\n\n\n\n<h2 class=\"wp-block-heading\">Peki, ABD ile Rusya, askeri bir \u00e7at\u0131\u015fmaya girerse sonu\u00e7lar ne olacak ?<\/h2>\n\n\n\n<p>Tang, &#8220;Rusya ile ABD aras\u0131nda ger\u00e7ekten bir silahl\u0131 \u00e7at\u0131\u015fma olursa, 11 Eyl\u00fcl ile ayn\u0131 etkilere sahip olacakt\u0131r. ABD&#8217;nin t\u00fcm stratejik ve d\u0131\u015f politika oda\u011f\u0131n\u0131n tamamen Avrupa ve Rusya&#8217;ya kaymas\u0131na neden olacak. Bu da \u00c7in Kom\u00fcnist Partisine nefes almas\u0131 i\u00e7in zaman verecek.&#8221;, dedi.<\/p>\n\n\n\n<p>Ancak Tang, Rusya&#8217;n\u0131n b\u00f6yle bir senaryo istemedi\u011fini belirtiyor.<\/p>\n\n\n\n<p>Tang Jinggyuan, &#8220;Rusya i\u00e7in de durum ayn\u0131. Putin de, g\u00fc\u00e7l\u00fc bir kom\u00fcnist rejimin y\u00fckseli\u015fini g\u00f6rmek istemiyor, \u00c7in Kom\u00fcnist Partisi a\u015f\u0131r\u0131 g\u00fc\u00e7lenmesi onunda i\u015fine gelmiyor.&#8221;, dedi.<\/p>\n\n\n\n<p>Tang, Rusya&#8217;n\u0131n umudunun, t\u00fcm Bat\u0131 d\u00fcnyas\u0131n\u0131n Moskova&#8217;y\u0131 de\u011fil Pekin&#8217;i hedef almas\u0131 oldu\u011funa inan\u0131yor.<\/p>\n\n\n\n<p>Tang, Rusya&#8217;n\u0131n bir g\u00f6zlemci pozisyonu alarak, ABD ve \u00c7in d\u00fcellosunu izlemeyi tercih edece\u011fini, vurguluyor.<\/p>\n\n\n\n<p>Tang, &#8220;Putin&#8217;nin, \u00c7in ile ABD aras\u0131ndaki sava\u015f\u0131 bir aslanla, bir kaplan aras\u0131ndaki kavgaya benzetti\u011fini ve Rusya&#8217;n\u0131n d\u00f6v\u00fc\u015f\u00fc izleyen maymun oldu\u011funu, ifade etti\u011fini&#8221;, s\u00f6yl\u00fcyor. Yani Putin, asl\u0131nda bu duruma, ger\u00e7ekten de dahil olmak istemiyor.&#8221;<\/p>\n\n\n\n<p>Tang, nihayetinde ABD ve Avrupa&#8217;n\u0131n Rusya&#8217;ya kar\u015f\u0131 stratejik konumu nedeniyle, Putin&#8217;in tutumunu de\u011fi\u015ftirdi\u011fini s\u00f6yledi. Bu iki Dev Blok, Moskova&#8217;y\u0131 b\u00fcy\u00fck bir d\u00fc\u015fman ve tehdit olarak alg\u0131l\u0131yor.<\/p>\n\n\n\n<p><\/p>\n\n\n\n<p>Haber: NTD News<\/p>\n\n\n\n<p>\u00c7eviri: Evren Durmaz, Epoch Times T\u00fcrkiye<\/p>\n","protected":false},"excerpt":{"rendered":"<p>\u00c7in, Rusya&#8217;n\u0131n Ukrayna&#8217;ya y\u00f6nelik sald\u0131r\u0131s\u0131n\u0131 i\u015fgal olarak nitelendirmekten ka\u00e7\u0131n\u0131yor. G\u00f6r\u00fcn\u00fc\u015fe g\u00f6re, \u00c7in medyas\u0131nda, konu hakk\u0131nda bir sans\u00fcr kural\u0131 bile var. Sal\u0131 g\u00fcn\u00fc, \u00c7in&#8217;in Twitter benzeri sosyal medya platformu Weibo&#8217;da b\u00f6yle bir olas\u0131l\u0131\u011f\u0131 i\u015faret eden bir g\u00f6nderi ortaya \u00e7\u0131kt\u0131, fakat k\u0131sa s\u00fcre sonra silindi. Devlet haber a\u011f\u0131 Horizon News, \u00e7al\u0131\u015fanlar\u0131na Weibo&#8217;da Rusya kar\u015f\u0131t\u0131 veya Bat\u0131 yanl\u0131s\u0131 [&hellip;]<\/p>\n","protected":false},"author":2500,"featured_media":138358,"comment_status":"closed","ping_status":"open","sticky":false,"template":"","format":"standard","meta":{"_yoast_wpseo_focuskw":"","_yoast_wpseo_title":"","_yoast_wpseo_metadesc":"","_bbp_topic_count":0,"_bbp_reply_count":0,"_bbp_total_topic_count":0,"_bbp_total_reply_count":0,"_bbp_voice_count":0,"_bbp_anonymous_reply_count":0,"_bbp_topic_count_hidden":0,"_bbp_reply_count_hidden":0,"_bbp_forum_subforum_count":0,"footnotes":"","_yoast_wpseo_focuskw_text_input":""},"categories":[8,5,519,1,8138],"tags":[],"yoast_head":"<!-- This site is optimized with the Yoast SEO plugin v23.0 - https:\/\/yoast.com\/wordpress\/plugins\/seo\/ -->\n<title>Uzmanlara G\u00f6re Ukrayna \u0130\u015fgali ABD&#039;nin Dikkatini \u00c7in&#039;den Uzakla\u015ft\u0131r\u0131yor - The Epoch Times TR<\/title>\n<meta name=\"robots\" content=\"index, follow, max-snippet:-1, max-image-preview:large, max-video-preview:-1\" \/>\n<link rel=\"canonical\" href=\"https:\/\/epochtimestr.com\/index.php\/uzmanlara-gore-ukrayna-isgali-abdnin-dikkatini-cinden-uzaklastiriyor\" \/>\n<meta property=\"og:locale\" content=\"tr_TR\" \/>\n<meta property=\"og:type\" content=\"article\" \/>\n<meta property=\"og:title\" content=\"Uzmanlara G\u00f6re Ukrayna \u0130\u015fgali ABD&#039;nin Dikkatini \u00c7in&#039;den Uzakla\u015ft\u0131r\u0131yor - The Epoch Times TR\" \/>\n<meta property=\"og:description\" content=\"\u00c7in, Rusya&#8217;n\u0131n Ukrayna&#8217;ya y\u00f6nelik sald\u0131r\u0131s\u0131n\u0131 i\u015fgal olarak nitelendirmekten ka\u00e7\u0131n\u0131yor. G\u00f6r\u00fcn\u00fc\u015fe g\u00f6re, \u00c7in medyas\u0131nda, konu hakk\u0131nda bir sans\u00fcr kural\u0131 bile var. Sal\u0131 g\u00fcn\u00fc, \u00c7in&#8217;in Twitter benzeri sosyal medya platformu Weibo&#8217;da b\u00f6yle bir olas\u0131l\u0131\u011f\u0131 i\u015faret eden bir g\u00f6nderi ortaya \u00e7\u0131kt\u0131, fakat k\u0131sa s\u00fcre sonra silindi. Devlet haber a\u011f\u0131 Horizon News, \u00e7al\u0131\u015fanlar\u0131na Weibo&#8217;da Rusya kar\u015f\u0131t\u0131 veya Bat\u0131 yanl\u0131s\u0131 [&hellip;]\" \/>\n<meta property=\"og:url\" content=\"https:\/\/epochtimestr.com\/index.php\/uzmanlara-gore-ukrayna-isgali-abdnin-dikkatini-cinden-uzaklastiriyor\" \/>\n<meta property=\"og:site_name\" content=\"The Epoch Times TR\" \/>\n<meta property=\"article:publisher\" content=\"https:\/\/www.facebook.com\/theepochtimestr\" \/>\n<meta property=\"article:published_time\" content=\"2022-03-03T00:21:53+00:00\" \/>\n<meta property=\"article:modified_time\" content=\"2022-03-03T00:22:35+00:00\" \/>\n<meta property=\"og:image\" content=\"https:\/\/epochtimestr.com\/wp-content\/uploads\/2011y\/c\u0327in-ntd-600x274.png\" \/>\n\t<meta property=\"og:image:width\" content=\"600\" \/>\n\t<meta property=\"og:image:height\" content=\"274\" \/>\n\t<meta property=\"og:image:type\" content=\"image\/png\" \/>\n<meta name=\"author\" content=\"Evren Durmaz\" \/>\n<meta name=\"twitter:card\" content=\"summary_large_image\" \/>\n<meta name=\"twitter:creator\" content=\"@TheEpochTimesTR\" \/>\n<meta name=\"twitter:site\" content=\"@TheEpochTimesTR\" \/>\n<meta name=\"twitter:label1\" content=\"Yazan:\" \/>\n\t<meta name=\"twitter:data1\" content=\"Evren Durmaz\" \/>\n\t<meta name=\"twitter:label2\" content=\"Tahmini okuma s\u00fcresi\" \/>\n\t<meta name=\"twitter:data2\" content=\"3 dakika\" \/>\n<script type=\"application\/ld+json\" class=\"yoast-schema-graph\">{\"@context\":\"https:\/\/schema.org\",\"@graph\":[{\"@type\":\"Article\",\"@id\":\"https:\/\/epochtimestr.com\/index.php\/uzmanlara-gore-ukrayna-isgali-abdnin-dikkatini-cinden-uzaklastiriyor#article\",\"isPartOf\":{\"@id\":\"https:\/\/epochtimestr.com\/index.php\/uzmanlara-gore-ukrayna-isgali-abdnin-dikkatini-cinden-uzaklastiriyor\"},\"author\":{\"name\":\"Evren Durmaz\",\"@id\":\"https:\/\/epochtimestr.com\/#\/schema\/person\/29464d85d2980e22f2e37bc9adcfb0a2\"},\"headline\":\"Uzmanlara G\u00f6re Ukrayna \u0130\u015fgali ABD&#8217;nin Dikkatini \u00c7in&#8217;den Uzakla\u015ft\u0131r\u0131yor\",\"datePublished\":\"2022-03-03T00:21:53+00:00\",\"dateModified\":\"2022-03-03T00:22:35+00:00\",\"mainEntityOfPage\":{\"@id\":\"https:\/\/epochtimestr.com\/index.php\/uzmanlara-gore-ukrayna-isgali-abdnin-dikkatini-cinden-uzaklastiriyor\"},\"wordCount\":597,\"publisher\":{\"@id\":\"https:\/\/epochtimestr.com\/#organization\"},\"image\":{\"@id\":\"https:\/\/epochtimestr.com\/index.php\/uzmanlara-gore-ukrayna-isgali-abdnin-dikkatini-cinden-uzaklastiriyor#primaryimage\"},\"thumbnailUrl\":\"https:\/\/epochtimestr.com\/wp-content\/uploads\/2011y\/c\u0327in-ntd.png\",\"articleSection\":[\"\u00c7\u0130N\",\"D\u00dcNYA\",\"ED\u0130T\u00d6R\u00dcN SE\u00c7\u0130M\u0130\",\"G\u00dcNDEM\",\"MAN\u015eET\"],\"inLanguage\":\"tr\"},{\"@type\":\"WebPage\",\"@id\":\"https:\/\/epochtimestr.com\/index.php\/uzmanlara-gore-ukrayna-isgali-abdnin-dikkatini-cinden-uzaklastiriyor\",\"url\":\"https:\/\/epochtimestr.com\/index.php\/uzmanlara-gore-ukrayna-isgali-abdnin-dikkatini-cinden-uzaklastiriyor\",\"name\":\"Uzmanlara G\u00f6re Ukrayna \u0130\u015fgali ABD'nin Dikkatini \u00c7in'den Uzakla\u015ft\u0131r\u0131yor - The Epoch Times TR\",\"isPartOf\":{\"@id\":\"https:\/\/epochtimestr.com\/#website\"},\"primaryImageOfPage\":{\"@id\":\"https:\/\/epochtimestr.com\/index.php\/uzmanlara-gore-ukrayna-isgali-abdnin-dikkatini-cinden-uzaklastiriyor#primaryimage\"},\"image\":{\"@id\":\"https:\/\/epochtimestr.com\/index.php\/uzmanlara-gore-ukrayna-isgali-abdnin-dikkatini-cinden-uzaklastiriyor#primaryimage\"},\"thumbnailUrl\":\"https:\/\/epochtimestr.com\/wp-content\/uploads\/2011y\/c\u0327in-ntd.png\",\"datePublished\":\"2022-03-03T00:21:53+00:00\",\"dateModified\":\"2022-03-03T00:22:35+00:00\",\"inLanguage\":\"tr\",\"potentialAction\":[{\"@type\":\"ReadAction\",\"target\":[\"https:\/\/epochtimestr.com\/index.php\/uzmanlara-gore-ukrayna-isgali-abdnin-dikkatini-cinden-uzaklastiriyor\"]}]},{\"@type\":\"ImageObject\",\"inLanguage\":\"tr\",\"@id\":\"https:\/\/epochtimestr.com\/index.php\/uzmanlara-gore-ukrayna-isgali-abdnin-dikkatini-cinden-uzaklastiriyor#primaryimage\",\"url\":\"https:\/\/epochtimestr.com\/wp-content\/uploads\/2011y\/c\u0327in-ntd.png\",\"contentUrl\":\"https:\/\/epochtimestr.com\/wp-content\/uploads\/2011y\/c\u0327in-ntd.png\",\"width\":2724,\"height\":1242},{\"@type\":\"WebSite\",\"@id\":\"https:\/\/epochtimestr.com\/#website\",\"url\":\"https:\/\/epochtimestr.com\/\",\"name\":\"The Epoch Times TR\",\"description\":\"De\u011fi\u015fen D\u00fcnyam\u0131za Taze Bir Bak\u0131\u015f\",\"publisher\":{\"@id\":\"https:\/\/epochtimestr.com\/#organization\"},\"potentialAction\":[{\"@type\":\"SearchAction\",\"target\":{\"@type\":\"EntryPoint\",\"urlTemplate\":\"https:\/\/epochtimestr.com\/?s={search_term_string}\"},\"query-input\":\"required name=search_term_string\"}],\"inLanguage\":\"tr\"},{\"@type\":\"Organization\",\"@id\":\"https:\/\/epochtimestr.com\/#organization\",\"name\":\"The EpochTimes T\u00fcrkiye\",\"url\":\"https:\/\/epochtimestr.com\/\",\"logo\":{\"@type\":\"ImageObject\",\"inLanguage\":\"tr\",\"@id\":\"https:\/\/epochtimestr.com\/#\/schema\/logo\/image\/\",\"url\":\"https:\/\/epochtimestr.com\/wp-content\/uploads\/2011y\/ET-Logo-YG.jpg\",\"contentUrl\":\"https:\/\/epochtimestr.com\/wp-content\/uploads\/2011y\/ET-Logo-YG.jpg\",\"width\":346,\"height\":29,\"caption\":\"The EpochTimes T\u00fcrkiye\"},\"image\":{\"@id\":\"https:\/\/epochtimestr.com\/#\/schema\/logo\/image\/\"},\"sameAs\":[\"https:\/\/www.facebook.com\/theepochtimestr\",\"https:\/\/x.com\/TheEpochTimesTR\",\"https:\/\/www.instagram.com\/epochtimestr\"]},{\"@type\":\"Person\",\"@id\":\"https:\/\/epochtimestr.com\/#\/schema\/person\/29464d85d2980e22f2e37bc9adcfb0a2\",\"name\":\"Evren Durmaz\",\"image\":{\"@type\":\"ImageObject\",\"inLanguage\":\"tr\",\"@id\":\"https:\/\/epochtimestr.com\/#\/schema\/person\/image\/\",\"url\":\"https:\/\/secure.gravatar.com\/avatar\/503980a9fab198d7bb655c448172ca6a?s=96&d=mm&r=g\",\"contentUrl\":\"https:\/\/secure.gravatar.com\/avatar\/503980a9fab198d7bb655c448172ca6a?s=96&d=mm&r=g\",\"caption\":\"Evren Durmaz\"},\"url\":\"https:\/\/epochtimestr.com\/index.php\/author\/evren-durmaz\"}]}<\/script>\n<!-- \/ Yoast SEO plugin. -->","yoast_head_json":{"title":"Uzmanlara G\u00f6re Ukrayna \u0130\u015fgali ABD'nin Dikkatini \u00c7in'den Uzakla\u015ft\u0131r\u0131yor - The Epoch Times TR","robots":{"index":"index","follow":"follow","max-snippet":"max-snippet:-1","max-image-preview":"max-image-preview:large","max-video-preview":"max-video-preview:-1"},"canonical":"https:\/\/epochtimestr.com\/index.php\/uzmanlara-gore-ukrayna-isgali-abdnin-dikkatini-cinden-uzaklastiriyor","og_locale":"tr_TR","og_type":"article","og_title":"Uzmanlara G\u00f6re Ukrayna \u0130\u015fgali ABD'nin Dikkatini \u00c7in'den Uzakla\u015ft\u0131r\u0131yor - The Epoch Times TR","og_description":"\u00c7in, Rusya&#8217;n\u0131n Ukrayna&#8217;ya y\u00f6nelik sald\u0131r\u0131s\u0131n\u0131 i\u015fgal olarak nitelendirmekten ka\u00e7\u0131n\u0131yor. G\u00f6r\u00fcn\u00fc\u015fe g\u00f6re, \u00c7in medyas\u0131nda, konu hakk\u0131nda bir sans\u00fcr kural\u0131 bile var. Sal\u0131 g\u00fcn\u00fc, \u00c7in&#8217;in Twitter benzeri sosyal medya platformu Weibo&#8217;da b\u00f6yle bir olas\u0131l\u0131\u011f\u0131 i\u015faret eden bir g\u00f6nderi ortaya \u00e7\u0131kt\u0131, fakat k\u0131sa s\u00fcre sonra silindi. Devlet haber a\u011f\u0131 Horizon News, \u00e7al\u0131\u015fanlar\u0131na Weibo&#8217;da Rusya kar\u015f\u0131t\u0131 veya Bat\u0131 yanl\u0131s\u0131 [&hellip;]","og_url":"https:\/\/epochtimestr.com\/index.php\/uzmanlara-gore-ukrayna-isgali-abdnin-dikkatini-cinden-uzaklastiriyor","og_site_name":"The Epoch Times TR","article_publisher":"https:\/\/www.facebook.com\/theepochtimestr","article_published_time":"2022-03-03T00:21:53+00:00","article_modified_time":"2022-03-03T00:22:35+00:00","og_image":[{"width":600,"height":274,"url":"https:\/\/epochtimestr.com\/wp-content\/uploads\/2011y\/c\u0327in-ntd-600x274.png","type":"image\/png"}],"author":"Evren Durmaz","twitter_card":"summary_large_image","twitter_creator":"@TheEpochTimesTR","twitter_site":"@TheEpochTimesTR","twitter_misc":{"Yazan:":"Evren Durmaz","Tahmini okuma s\u00fcresi":"3 dakika"},"schema":{"@context":"https:\/\/schema.org","@graph":[{"@type":"Article","@id":"https:\/\/epochtimestr.com\/index.php\/uzmanlara-gore-ukrayna-isgali-abdnin-dikkatini-cinden-uzaklastiriyor#article","isPartOf":{"@id":"https:\/\/epochtimestr.com\/index.php\/uzmanlara-gore-ukrayna-isgali-abdnin-dikkatini-cinden-uzaklastiriyor"},"author":{"name":"Evren Durmaz","@id":"https:\/\/epochtimestr.com\/#\/schema\/person\/29464d85d2980e22f2e37bc9adcfb0a2"},"headline":"Uzmanlara G\u00f6re Ukrayna \u0130\u015fgali ABD&#8217;nin Dikkatini \u00c7in&#8217;den Uzakla\u015ft\u0131r\u0131yor","datePublished":"2022-03-03T00:21:53+00:00","dateModified":"2022-03-03T00:22:35+00:00","mainEntityOfPage":{"@id":"https:\/\/epochtimestr.com\/index.php\/uzmanlara-gore-ukrayna-isgali-abdnin-dikkatini-cinden-uzaklastiriyor"},"wordCount":597,"publisher":{"@id":"https:\/\/epochtimestr.com\/#organization"},"image":{"@id":"https:\/\/epochtimestr.com\/index.php\/uzmanlara-gore-ukrayna-isgali-abdnin-dikkatini-cinden-uzaklastiriyor#primaryimage"},"thumbnailUrl":"https:\/\/epochtimestr.com\/wp-content\/uploads\/2011y\/c\u0327in-ntd.png","articleSection":["\u00c7\u0130N","D\u00dcNYA","ED\u0130T\u00d6R\u00dcN SE\u00c7\u0130M\u0130","G\u00dcNDEM","MAN\u015eET"],"inLanguage":"tr"},{"@type":"WebPage","@id":"https:\/\/epochtimestr.com\/index.php\/uzmanlara-gore-ukrayna-isgali-abdnin-dikkatini-cinden-uzaklastiriyor","url":"https:\/\/epochtimestr.com\/index.php\/uzmanlara-gore-ukrayna-isgali-abdnin-dikkatini-cinden-uzaklastiriyor","name":"Uzmanlara G\u00f6re Ukrayna \u0130\u015fgali ABD'nin Dikkatini \u00c7in'den Uzakla\u015ft\u0131r\u0131yor - The Epoch Times TR","isPartOf":{"@id":"https:\/\/epochtimestr.com\/#website"},"primaryImageOfPage":{"@id":"https:\/\/epochtimestr.com\/index.php\/uzmanlara-gore-ukrayna-isgali-abdnin-dikkatini-cinden-uzaklastiriyor#primaryimage"},"image":{"@id":"https:\/\/epochtimestr.com\/index.php\/uzmanlara-gore-ukrayna-isgali-abdnin-dikkatini-cinden-uzaklastiriyor#primaryimage"},"thumbnailUrl":"https:\/\/epochtimestr.com\/wp-content\/uploads\/2011y\/c\u0327in-ntd.png","datePublished":"2022-03-03T00:21:53+00:00","dateModified":"2022-03-03T00:22:35+00:00","inLanguage":"tr","potentialAction":[{"@type":"ReadAction","target":["https:\/\/epochtimestr.com\/index.php\/uzmanlara-gore-ukrayna-isgali-abdnin-dikkatini-cinden-uzaklastiriyor"]}]},{"@type":"ImageObject","inLanguage":"tr","@id":"https:\/\/epochtimestr.com\/index.php\/uzmanlara-gore-ukrayna-isgali-abdnin-dikkatini-cinden-uzaklastiriyor#primaryimage","url":"https:\/\/epochtimestr.com\/wp-content\/uploads\/2011y\/c\u0327in-ntd.png","contentUrl":"https:\/\/epochtimestr.com\/wp-content\/uploads\/2011y\/c\u0327in-ntd.png","width":2724,"height":1242},{"@type":"WebSite","@id":"https:\/\/epochtimestr.com\/#website","url":"https:\/\/epochtimestr.com\/","name":"The Epoch Times TR","description":"De\u011fi\u015fen D\u00fcnyam\u0131za Taze Bir Bak\u0131\u015f","publisher":{"@id":"https:\/\/epochtimestr.com\/#organization"},"potentialAction":[{"@type":"SearchAction","target":{"@type":"EntryPoint","urlTemplate":"https:\/\/epochtimestr.com\/?s={search_term_string}"},"query-input":"required name=search_term_string"}],"inLanguage":"tr"},{"@type":"Organization","@id":"https:\/\/epochtimestr.com\/#organization","name":"The EpochTimes T\u00fcrkiye","url":"https:\/\/epochtimestr.com\/","logo":{"@type":"ImageObject","inLanguage":"tr","@id":"https:\/\/epochtimestr.com\/#\/schema\/logo\/image\/","url":"https:\/\/epochtimestr.com\/wp-content\/uploads\/2011y\/ET-Logo-YG.jpg","contentUrl":"https:\/\/epochtimestr.com\/wp-content\/uploads\/2011y\/ET-Logo-YG.jpg","width":346,"height":29,"caption":"The EpochTimes T\u00fcrkiye"},"image":{"@id":"https:\/\/epochtimestr.com\/#\/schema\/logo\/image\/"},"sameAs":["https:\/\/www.facebook.com\/theepochtimestr","https:\/\/x.com\/TheEpochTimesTR","https:\/\/www.instagram.com\/epochtimestr"]},{"@type":"Person","@id":"https:\/\/epochtimestr.com\/#\/schema\/person\/29464d85d2980e22f2e37bc9adcfb0a2","name":"Evren Durmaz","image":{"@type":"ImageObject","inLanguage":"tr","@id":"https:\/\/epochtimestr.com\/#\/schema\/person\/image\/","url":"https:\/\/secure.gravatar.com\/avatar\/503980a9fab198d7bb655c448172ca6a?s=96&d=mm&r=g","contentUrl":"https:\/\/secure.gravatar.com\/avatar\/503980a9fab198d7bb655c448172ca6a?s=96&d=mm&r=g","caption":"Evren Durmaz"},"url":"https:\/\/epochtimestr.com\/index.php\/author\/evren-durmaz"}]}},"_links":{"self":[{"href":"https:\/\/epochtimestr.com\/index.php\/wp-json\/wp\/v2\/posts\/138349"}],"collection":[{"href":"https:\/\/epochtimestr.com\/index.php\/wp-json\/wp\/v2\/posts"}],"about":[{"href":"https:\/\/epochtimestr.com\/index.php\/wp-json\/wp\/v2\/types\/post"}],"author":[{"embeddable":true,"href":"https:\/\/epochtimestr.com\/index.php\/wp-json\/wp\/v2\/users\/2500"}],"replies":[{"embeddable":true,"href":"https:\/\/epochtimestr.com\/index.php\/wp-json\/wp\/v2\/comments?post=138349"}],"version-history":[{"count":7,"href":"https:\/\/epochtimestr.com\/index.php\/wp-json\/wp\/v2\/posts\/138349\/revisions"}],"predecessor-version":[{"id":138366,"href":"https:\/\/epochtimestr.com\/index.php\/wp-json\/wp\/v2\/posts\/138349\/revisions\/138366"}],"wp:featuredmedia":[{"embeddable":true,"href":"https:\/\/epochtimestr.com\/index.php\/wp-json\/wp\/v2\/media\/138358"}],"wp:attachment":[{"href":"https:\/\/epochtimestr.com\/index.php\/wp-json\/wp\/v2\/media?parent=138349"}],"wp:term":[{"taxonomy":"category","embeddable":true,"href":"https:\/\/epochtimestr.com\/index.php\/wp-json\/wp\/v2\/categories?post=138349"},{"taxonomy":"post_tag","embeddable":true,"href":"https:\/\/epochtimestr.com\/index.php\/wp-json\/wp\/v2\/tags?post=138349"}],"curies":[{"name":"wp","href":"https:\/\/api.w.org\/{rel}","templated":true}]}}