{"id":138352,"date":"2022-03-03T03:32:11","date_gmt":"2022-03-03T00:32:11","guid":{"rendered":"https:\/\/epochtimestr.com\/?p=138352"},"modified":"2022-03-03T03:40:46","modified_gmt":"2022-03-03T00:40:46","slug":"tayvanda-ikinci-ukrayna-vakasi-mi-yasanacak","status":"publish","type":"post","link":"https:\/\/epochtimestr.com\/index.php\/tayvanda-ikinci-ukrayna-vakasi-mi-yasanacak","title":{"rendered":"Tayvan&#8217;da \u0130kinci Ukrayna Vakas\u0131 M\u0131 Ya\u015fanacak?"},"content":{"rendered":"\n<div class=\"wp-block-image\"><figure class=\"aligncenter size-large\"><img loading=\"lazy\" decoding=\"async\" width=\"600\" height=\"281\" src=\"https:\/\/epochtimestr.com\/wp-content\/uploads\/2011y\/Ekran-Resmi-2022-03-03-03.26.31-600x281.png\" alt=\"\" class=\"wp-image-138368\" srcset=\"https:\/\/epochtimestr.com\/wp-content\/uploads\/2011y\/Ekran-Resmi-2022-03-03-03.26.31-600x281.png 600w, https:\/\/epochtimestr.com\/wp-content\/uploads\/2011y\/Ekran-Resmi-2022-03-03-03.26.31-300x141.png 300w, https:\/\/epochtimestr.com\/wp-content\/uploads\/2011y\/Ekran-Resmi-2022-03-03-03.26.31-150x70.png 150w, https:\/\/epochtimestr.com\/wp-content\/uploads\/2011y\/Ekran-Resmi-2022-03-03-03.26.31-768x360.png 768w, https:\/\/epochtimestr.com\/wp-content\/uploads\/2011y\/Ekran-Resmi-2022-03-03-03.26.31-1536x720.png 1536w, https:\/\/epochtimestr.com\/wp-content\/uploads\/2011y\/Ekran-Resmi-2022-03-03-03.26.31-2048x960.png 2048w\" sizes=\"(max-width: 600px) 100vw, 600px\" \/><figcaption>NTD News<\/figcaption><\/figure><\/div>\n\n\n\n<p>Rus i\u015fgali nedeniyle binlerce Ukraynal\u0131 \u015fu anda m\u00fclteci durumunda. Pekin; Rusya&#8217;y\u0131 \u00f6rnek al\u0131p aday\u0131 ele ge\u00e7irirse, bug\u00fcn\u00fcn Ukrayna&#8217;s\u0131n\u0131n yar\u0131n\u0131n Tayvan&#8217;\u0131 olup olmayaca\u011f\u0131 konusunda internet ortam\u0131nda hararetli bir tart\u0131\u015fma var.<\/p>\n\n\n\n<p>Tayvan cumhurba\u015fkan\u0131, Rusya ile Ukrayna aras\u0131ndaki sava\u015f s\u0131ras\u0131nda yeni bir a\u00e7\u0131klama yapt\u0131. Cumhurba\u015fkan\u0131, adan\u0131n ordusunun Tayvan Bo\u011faz\u0131&#8217;n\u0131 aktif olarak izledi\u011fini s\u00f6yledi.<\/p>\n\n\n\n<p>Tayvan Ba\u015fkan\u0131 Tsai Ing-Wen: &#8220;Ordumuzun anavatan\u0131m\u0131z\u0131 savunma iradesi ve yetene\u011fi artarak devam ediyor&#8221; yorumunda bulundu.<\/p>\n\n\n\n<p>Tayvan savunma bakan\u0131, iki \u00fclke co\u011frafya ve jeopolitik gerilimler a\u00e7\u0131s\u0131ndan b\u00fcy\u00fck farkl\u0131l\u0131klar g\u00f6sterdi\u011finden, Tayvan ile Ukrayna&#8217;y\u0131 kar\u015f\u0131la\u015ft\u0131rman\u0131n elma ile portakal\u0131 kar\u015f\u0131la\u015ft\u0131rmaya benzedi\u011fini s\u00f6yledi.<\/p>\n\n\n\n<p>Buna ra\u011fmen, Tayvan ordusu olas\u0131 eylemler i\u00e7in haz\u0131r vaziyete.<\/p>\n\n\n\n<p>\u201cRusya-Ukrayna ihtilaf\u0131ndan sonra, Pekin&#8217;in harekete ge\u00e7mesi durumunda teyakkuzday\u0131z. Geli\u015fmeleri \u00e7ok yak\u0131ndan izliyoruz.\u201d \u2013 Tayvan savunma bakan\u0131 Chiu Kuo-Cheng.<\/p>\n\n\n\n<div class=\"wp-block-image\"><figure class=\"aligncenter size-large\"><img loading=\"lazy\" decoding=\"async\" width=\"600\" height=\"258\" src=\"https:\/\/epochtimestr.com\/wp-content\/uploads\/2011y\/Ekran-Resmi-2022-03-03-03.27.10-600x258.png\" alt=\"\" class=\"wp-image-138369\" srcset=\"https:\/\/epochtimestr.com\/wp-content\/uploads\/2011y\/Ekran-Resmi-2022-03-03-03.27.10-600x258.png 600w, https:\/\/epochtimestr.com\/wp-content\/uploads\/2011y\/Ekran-Resmi-2022-03-03-03.27.10-300x129.png 300w, https:\/\/epochtimestr.com\/wp-content\/uploads\/2011y\/Ekran-Resmi-2022-03-03-03.27.10-150x65.png 150w, https:\/\/epochtimestr.com\/wp-content\/uploads\/2011y\/Ekran-Resmi-2022-03-03-03.27.10-768x331.png 768w, https:\/\/epochtimestr.com\/wp-content\/uploads\/2011y\/Ekran-Resmi-2022-03-03-03.27.10-1536x661.png 1536w, https:\/\/epochtimestr.com\/wp-content\/uploads\/2011y\/Ekran-Resmi-2022-03-03-03.27.10-2048x882.png 2048w\" sizes=\"(max-width: 600px) 100vw, 600px\" \/><figcaption><meta charset=\"utf-8\"\/>Tayvan savunma bakan\u0131 Chiu Kuo-Cheng, NTD News<\/figcaption><\/figure><\/div>\n\n\n\n<p>D\u0131\u015fi\u015fleri bakan\u0131na g\u00f6re, Tayvan Ukrayna&#8217;y\u0131 referans alabilir, ancak vard\u0131\u011f\u0131 sonu\u00e7, Tayvan&#8217;\u0131n di\u011fer \u00fclkelerden yard\u0131m istemek yerine me\u015fru m\u00fcdafaaya g\u00fcvenmesi gerekti\u011fidir.<\/p>\n\n\n\n<p>Tayvan Savunma Bakanl\u0131\u011f\u0131, 24 saat \u00e7al\u0131\u015fan ve herhangi bir acil duruma haz\u0131r askeri personelin g\u00f6r\u00fcnt\u00fclerini yay\u0131nlad\u0131.<br \/>&#8220;Farkl\u0131 g\u00f6r\u00fc\u015flere sahip olsak da kendi \u00fclkemizi koruyaca\u011f\u0131z. Bu konuda hepimizin \u00f6nemli sorumlulu\u011fu var. Me\u015fru m\u00fcdafaa konusundaki kararl\u0131l\u0131\u011f\u0131m\u0131z\u0131 g\u00f6sterelim ve b\u00f6lgede bar\u0131\u015f ve istikrar\u0131 korumak i\u00e7in \u00e7ok \u00e7al\u0131\u015fal\u0131m.&#8221;<\/p>\n\n\n\n<p>Bir askeri tatbikat s\u0131ras\u0131nda, \u015fu s\u00f6zler tekrarland\u0131.<\/p>\n\n\n\n<p>\u201cHer yer bir sava\u015f alan\u0131d\u0131r.<\/p>\n\n\n\n<p>Askerimiz daima antrenmanl\u0131 ve haz\u0131rd\u0131r.<\/p>\n\n\n\n<p>D\u00fc\u015fmanlar\u0131n \u00fcstesinden gelmek i\u00e7in ve askeri yeteneklerimizi geli\u015ftirmek i\u00e7in, daima kat\u0131 ve boyun e\u011fmez bir tav\u0131r sergileyece\u011fiz.<\/p>\n\n\n\n<p>Tayvan askeri i\u00e7in s\u0131n\u0131r yoktur\u201d<\/p>\n\n\n\n<p>Yay\u0131nlanan videonun sonunda Savunma Bakanl\u0131\u011f\u0131, adan\u0131n en iyi \u015fekilde haz\u0131rlanaca\u011f\u0131n\u0131 ve sonuna kadar sava\u015faca\u011f\u0131n\u0131 s\u00f6yl\u00fcyor.<\/p>\n\n\n\n<p><\/p>\n\n\n\n<p>Haber: NTD News<\/p>\n\n\n\n<p>\u00c7eviri: Evren Durmaz, Epoch Times T\u00fcrkiye<\/p>\n","protected":false},"excerpt":{"rendered":"<p>Rus i\u015fgali nedeniyle binlerce Ukraynal\u0131 \u015fu anda m\u00fclteci durumunda. Pekin; Rusya&#8217;y\u0131 \u00f6rnek al\u0131p aday\u0131 ele ge\u00e7irirse, bug\u00fcn\u00fcn Ukrayna&#8217;s\u0131n\u0131n yar\u0131n\u0131n Tayvan&#8217;\u0131 olup olmayaca\u011f\u0131 konusunda internet ortam\u0131nda hararetli bir tart\u0131\u015fma var. Tayvan cumhurba\u015fkan\u0131, Rusya ile Ukrayna aras\u0131ndaki sava\u015f s\u0131ras\u0131nda yeni bir a\u00e7\u0131klama yapt\u0131. Cumhurba\u015fkan\u0131, adan\u0131n ordusunun Tayvan Bo\u011faz\u0131&#8217;n\u0131 aktif olarak izledi\u011fini s\u00f6yledi. Tayvan Ba\u015fkan\u0131 Tsai Ing-Wen: &#8220;Ordumuzun [&hellip;]<\/p>\n","protected":false},"author":2500,"featured_media":138368,"comment_status":"closed","ping_status":"open","sticky":false,"template":"","format":"standard","meta":{"_yoast_wpseo_focuskw":"","_yoast_wpseo_title":"","_yoast_wpseo_metadesc":"","_bbp_topic_count":0,"_bbp_reply_count":0,"_bbp_total_topic_count":0,"_bbp_total_reply_count":0,"_bbp_voice_count":0,"_bbp_anonymous_reply_count":0,"_bbp_topic_count_hidden":0,"_bbp_reply_count_hidden":0,"_bbp_forum_subforum_count":0,"footnotes":"","_yoast_wpseo_focuskw_text_input":""},"categories":[8,2045,5,519,1,8138],"tags":[],"yoast_head":"<!-- This site is optimized with the Yoast SEO plugin v23.0 - https:\/\/yoast.com\/wordpress\/plugins\/seo\/ -->\n<title>Tayvan&#039;da \u0130kinci Ukrayna Vakas\u0131 M\u0131 Ya\u015fanacak? - The Epoch Times TR<\/title>\n<meta name=\"robots\" content=\"index, follow, max-snippet:-1, max-image-preview:large, max-video-preview:-1\" \/>\n<link rel=\"canonical\" href=\"https:\/\/epochtimestr.com\/index.php\/tayvanda-ikinci-ukrayna-vakasi-mi-yasanacak\" \/>\n<meta property=\"og:locale\" content=\"tr_TR\" \/>\n<meta property=\"og:type\" content=\"article\" \/>\n<meta property=\"og:title\" content=\"Tayvan&#039;da \u0130kinci Ukrayna Vakas\u0131 M\u0131 Ya\u015fanacak? - The Epoch Times TR\" \/>\n<meta property=\"og:description\" content=\"Rus i\u015fgali nedeniyle binlerce Ukraynal\u0131 \u015fu anda m\u00fclteci durumunda. Pekin; Rusya&#8217;y\u0131 \u00f6rnek al\u0131p aday\u0131 ele ge\u00e7irirse, bug\u00fcn\u00fcn Ukrayna&#8217;s\u0131n\u0131n yar\u0131n\u0131n Tayvan&#8217;\u0131 olup olmayaca\u011f\u0131 konusunda internet ortam\u0131nda hararetli bir tart\u0131\u015fma var. Tayvan cumhurba\u015fkan\u0131, Rusya ile Ukrayna aras\u0131ndaki sava\u015f s\u0131ras\u0131nda yeni bir a\u00e7\u0131klama yapt\u0131. Cumhurba\u015fkan\u0131, adan\u0131n ordusunun Tayvan Bo\u011faz\u0131&#8217;n\u0131 aktif olarak izledi\u011fini s\u00f6yledi. Tayvan Ba\u015fkan\u0131 Tsai Ing-Wen: &#8220;Ordumuzun [&hellip;]\" \/>\n<meta property=\"og:url\" content=\"https:\/\/epochtimestr.com\/index.php\/tayvanda-ikinci-ukrayna-vakasi-mi-yasanacak\" \/>\n<meta property=\"og:site_name\" content=\"The Epoch Times TR\" \/>\n<meta property=\"article:publisher\" content=\"https:\/\/www.facebook.com\/theepochtimestr\" \/>\n<meta property=\"article:published_time\" content=\"2022-03-03T00:32:11+00:00\" \/>\n<meta property=\"article:modified_time\" content=\"2022-03-03T00:40:46+00:00\" \/>\n<meta property=\"og:image\" content=\"https:\/\/epochtimestr.com\/wp-content\/uploads\/2011y\/Ekran-Resmi-2022-03-03-03.26.31-600x281.png\" \/>\n\t<meta property=\"og:image:width\" content=\"600\" \/>\n\t<meta property=\"og:image:height\" content=\"281\" \/>\n\t<meta property=\"og:image:type\" content=\"image\/png\" \/>\n<meta name=\"author\" content=\"Evren Durmaz\" \/>\n<meta name=\"twitter:card\" content=\"summary_large_image\" \/>\n<meta name=\"twitter:creator\" content=\"@TheEpochTimesTR\" \/>\n<meta name=\"twitter:site\" content=\"@TheEpochTimesTR\" \/>\n<meta name=\"twitter:label1\" content=\"Yazan:\" \/>\n\t<meta name=\"twitter:data1\" content=\"Evren Durmaz\" \/>\n\t<meta name=\"twitter:label2\" content=\"Tahmini okuma s\u00fcresi\" \/>\n\t<meta name=\"twitter:data2\" content=\"2 dakika\" \/>\n<script type=\"application\/ld+json\" class=\"yoast-schema-graph\">{\"@context\":\"https:\/\/schema.org\",\"@graph\":[{\"@type\":\"Article\",\"@id\":\"https:\/\/epochtimestr.com\/index.php\/tayvanda-ikinci-ukrayna-vakasi-mi-yasanacak#article\",\"isPartOf\":{\"@id\":\"https:\/\/epochtimestr.com\/index.php\/tayvanda-ikinci-ukrayna-vakasi-mi-yasanacak\"},\"author\":{\"name\":\"Evren Durmaz\",\"@id\":\"https:\/\/epochtimestr.com\/#\/schema\/person\/29464d85d2980e22f2e37bc9adcfb0a2\"},\"headline\":\"Tayvan&#8217;da \u0130kinci Ukrayna Vakas\u0131 M\u0131 Ya\u015fanacak?\",\"datePublished\":\"2022-03-03T00:32:11+00:00\",\"dateModified\":\"2022-03-03T00:40:46+00:00\",\"mainEntityOfPage\":{\"@id\":\"https:\/\/epochtimestr.com\/index.php\/tayvanda-ikinci-ukrayna-vakasi-mi-yasanacak\"},\"wordCount\":367,\"publisher\":{\"@id\":\"https:\/\/epochtimestr.com\/#organization\"},\"image\":{\"@id\":\"https:\/\/epochtimestr.com\/index.php\/tayvanda-ikinci-ukrayna-vakasi-mi-yasanacak#primaryimage\"},\"thumbnailUrl\":\"https:\/\/epochtimestr.com\/wp-content\/uploads\/2011y\/Ekran-Resmi-2022-03-03-03.26.31.png\",\"articleSection\":[\"\u00c7\u0130N\",\"\u00c7in Rejimi\",\"D\u00dcNYA\",\"ED\u0130T\u00d6R\u00dcN SE\u00c7\u0130M\u0130\",\"G\u00dcNDEM\",\"MAN\u015eET\"],\"inLanguage\":\"tr\"},{\"@type\":\"WebPage\",\"@id\":\"https:\/\/epochtimestr.com\/index.php\/tayvanda-ikinci-ukrayna-vakasi-mi-yasanacak\",\"url\":\"https:\/\/epochtimestr.com\/index.php\/tayvanda-ikinci-ukrayna-vakasi-mi-yasanacak\",\"name\":\"Tayvan'da \u0130kinci Ukrayna Vakas\u0131 M\u0131 Ya\u015fanacak? - The Epoch Times TR\",\"isPartOf\":{\"@id\":\"https:\/\/epochtimestr.com\/#website\"},\"primaryImageOfPage\":{\"@id\":\"https:\/\/epochtimestr.com\/index.php\/tayvanda-ikinci-ukrayna-vakasi-mi-yasanacak#primaryimage\"},\"image\":{\"@id\":\"https:\/\/epochtimestr.com\/index.php\/tayvanda-ikinci-ukrayna-vakasi-mi-yasanacak#primaryimage\"},\"thumbnailUrl\":\"https:\/\/epochtimestr.com\/wp-content\/uploads\/2011y\/Ekran-Resmi-2022-03-03-03.26.31.png\",\"datePublished\":\"2022-03-03T00:32:11+00:00\",\"dateModified\":\"2022-03-03T00:40:46+00:00\",\"inLanguage\":\"tr\",\"potentialAction\":[{\"@type\":\"ReadAction\",\"target\":[\"https:\/\/epochtimestr.com\/index.php\/tayvanda-ikinci-ukrayna-vakasi-mi-yasanacak\"]}]},{\"@type\":\"ImageObject\",\"inLanguage\":\"tr\",\"@id\":\"https:\/\/epochtimestr.com\/index.php\/tayvanda-ikinci-ukrayna-vakasi-mi-yasanacak#primaryimage\",\"url\":\"https:\/\/epochtimestr.com\/wp-content\/uploads\/2011y\/Ekran-Resmi-2022-03-03-03.26.31.png\",\"contentUrl\":\"https:\/\/epochtimestr.com\/wp-content\/uploads\/2011y\/Ekran-Resmi-2022-03-03-03.26.31.png\",\"width\":2636,\"height\":1236},{\"@type\":\"WebSite\",\"@id\":\"https:\/\/epochtimestr.com\/#website\",\"url\":\"https:\/\/epochtimestr.com\/\",\"name\":\"The Epoch Times TR\",\"description\":\"De\u011fi\u015fen D\u00fcnyam\u0131za Taze Bir Bak\u0131\u015f\",\"publisher\":{\"@id\":\"https:\/\/epochtimestr.com\/#organization\"},\"potentialAction\":[{\"@type\":\"SearchAction\",\"target\":{\"@type\":\"EntryPoint\",\"urlTemplate\":\"https:\/\/epochtimestr.com\/?s={search_term_string}\"},\"query-input\":\"required name=search_term_string\"}],\"inLanguage\":\"tr\"},{\"@type\":\"Organization\",\"@id\":\"https:\/\/epochtimestr.com\/#organization\",\"name\":\"The EpochTimes T\u00fcrkiye\",\"url\":\"https:\/\/epochtimestr.com\/\",\"logo\":{\"@type\":\"ImageObject\",\"inLanguage\":\"tr\",\"@id\":\"https:\/\/epochtimestr.com\/#\/schema\/logo\/image\/\",\"url\":\"https:\/\/epochtimestr.com\/wp-content\/uploads\/2011y\/ET-Logo-YG.jpg\",\"contentUrl\":\"https:\/\/epochtimestr.com\/wp-content\/uploads\/2011y\/ET-Logo-YG.jpg\",\"width\":346,\"height\":29,\"caption\":\"The EpochTimes T\u00fcrkiye\"},\"image\":{\"@id\":\"https:\/\/epochtimestr.com\/#\/schema\/logo\/image\/\"},\"sameAs\":[\"https:\/\/www.facebook.com\/theepochtimestr\",\"https:\/\/x.com\/TheEpochTimesTR\",\"https:\/\/www.instagram.com\/epochtimestr\"]},{\"@type\":\"Person\",\"@id\":\"https:\/\/epochtimestr.com\/#\/schema\/person\/29464d85d2980e22f2e37bc9adcfb0a2\",\"name\":\"Evren Durmaz\",\"image\":{\"@type\":\"ImageObject\",\"inLanguage\":\"tr\",\"@id\":\"https:\/\/epochtimestr.com\/#\/schema\/person\/image\/\",\"url\":\"https:\/\/secure.gravatar.com\/avatar\/503980a9fab198d7bb655c448172ca6a?s=96&d=mm&r=g\",\"contentUrl\":\"https:\/\/secure.gravatar.com\/avatar\/503980a9fab198d7bb655c448172ca6a?s=96&d=mm&r=g\",\"caption\":\"Evren Durmaz\"},\"url\":\"https:\/\/epochtimestr.com\/index.php\/author\/evren-durmaz\"}]}<\/script>\n<!-- \/ Yoast SEO plugin. -->","yoast_head_json":{"title":"Tayvan'da \u0130kinci Ukrayna Vakas\u0131 M\u0131 Ya\u015fanacak? - The Epoch Times TR","robots":{"index":"index","follow":"follow","max-snippet":"max-snippet:-1","max-image-preview":"max-image-preview:large","max-video-preview":"max-video-preview:-1"},"canonical":"https:\/\/epochtimestr.com\/index.php\/tayvanda-ikinci-ukrayna-vakasi-mi-yasanacak","og_locale":"tr_TR","og_type":"article","og_title":"Tayvan'da \u0130kinci Ukrayna Vakas\u0131 M\u0131 Ya\u015fanacak? - The Epoch Times TR","og_description":"Rus i\u015fgali nedeniyle binlerce Ukraynal\u0131 \u015fu anda m\u00fclteci durumunda. Pekin; Rusya&#8217;y\u0131 \u00f6rnek al\u0131p aday\u0131 ele ge\u00e7irirse, bug\u00fcn\u00fcn Ukrayna&#8217;s\u0131n\u0131n yar\u0131n\u0131n Tayvan&#8217;\u0131 olup olmayaca\u011f\u0131 konusunda internet ortam\u0131nda hararetli bir tart\u0131\u015fma var. Tayvan cumhurba\u015fkan\u0131, Rusya ile Ukrayna aras\u0131ndaki sava\u015f s\u0131ras\u0131nda yeni bir a\u00e7\u0131klama yapt\u0131. Cumhurba\u015fkan\u0131, adan\u0131n ordusunun Tayvan Bo\u011faz\u0131&#8217;n\u0131 aktif olarak izledi\u011fini s\u00f6yledi. Tayvan Ba\u015fkan\u0131 Tsai Ing-Wen: &#8220;Ordumuzun [&hellip;]","og_url":"https:\/\/epochtimestr.com\/index.php\/tayvanda-ikinci-ukrayna-vakasi-mi-yasanacak","og_site_name":"The Epoch Times TR","article_publisher":"https:\/\/www.facebook.com\/theepochtimestr","article_published_time":"2022-03-03T00:32:11+00:00","article_modified_time":"2022-03-03T00:40:46+00:00","og_image":[{"width":600,"height":281,"url":"https:\/\/epochtimestr.com\/wp-content\/uploads\/2011y\/Ekran-Resmi-2022-03-03-03.26.31-600x281.png","type":"image\/png"}],"author":"Evren Durmaz","twitter_card":"summary_large_image","twitter_creator":"@TheEpochTimesTR","twitter_site":"@TheEpochTimesTR","twitter_misc":{"Yazan:":"Evren Durmaz","Tahmini okuma s\u00fcresi":"2 dakika"},"schema":{"@context":"https:\/\/schema.org","@graph":[{"@type":"Article","@id":"https:\/\/epochtimestr.com\/index.php\/tayvanda-ikinci-ukrayna-vakasi-mi-yasanacak#article","isPartOf":{"@id":"https:\/\/epochtimestr.com\/index.php\/tayvanda-ikinci-ukrayna-vakasi-mi-yasanacak"},"author":{"name":"Evren Durmaz","@id":"https:\/\/epochtimestr.com\/#\/schema\/person\/29464d85d2980e22f2e37bc9adcfb0a2"},"headline":"Tayvan&#8217;da \u0130kinci Ukrayna Vakas\u0131 M\u0131 Ya\u015fanacak?","datePublished":"2022-03-03T00:32:11+00:00","dateModified":"2022-03-03T00:40:46+00:00","mainEntityOfPage":{"@id":"https:\/\/epochtimestr.com\/index.php\/tayvanda-ikinci-ukrayna-vakasi-mi-yasanacak"},"wordCount":367,"publisher":{"@id":"https:\/\/epochtimestr.com\/#organization"},"image":{"@id":"https:\/\/epochtimestr.com\/index.php\/tayvanda-ikinci-ukrayna-vakasi-mi-yasanacak#primaryimage"},"thumbnailUrl":"https:\/\/epochtimestr.com\/wp-content\/uploads\/2011y\/Ekran-Resmi-2022-03-03-03.26.31.png","articleSection":["\u00c7\u0130N","\u00c7in Rejimi","D\u00dcNYA","ED\u0130T\u00d6R\u00dcN SE\u00c7\u0130M\u0130","G\u00dcNDEM","MAN\u015eET"],"inLanguage":"tr"},{"@type":"WebPage","@id":"https:\/\/epochtimestr.com\/index.php\/tayvanda-ikinci-ukrayna-vakasi-mi-yasanacak","url":"https:\/\/epochtimestr.com\/index.php\/tayvanda-ikinci-ukrayna-vakasi-mi-yasanacak","name":"Tayvan'da \u0130kinci Ukrayna Vakas\u0131 M\u0131 Ya\u015fanacak? - The Epoch Times TR","isPartOf":{"@id":"https:\/\/epochtimestr.com\/#website"},"primaryImageOfPage":{"@id":"https:\/\/epochtimestr.com\/index.php\/tayvanda-ikinci-ukrayna-vakasi-mi-yasanacak#primaryimage"},"image":{"@id":"https:\/\/epochtimestr.com\/index.php\/tayvanda-ikinci-ukrayna-vakasi-mi-yasanacak#primaryimage"},"thumbnailUrl":"https:\/\/epochtimestr.com\/wp-content\/uploads\/2011y\/Ekran-Resmi-2022-03-03-03.26.31.png","datePublished":"2022-03-03T00:32:11+00:00","dateModified":"2022-03-03T00:40:46+00:00","inLanguage":"tr","potentialAction":[{"@type":"ReadAction","target":["https:\/\/epochtimestr.com\/index.php\/tayvanda-ikinci-ukrayna-vakasi-mi-yasanacak"]}]},{"@type":"ImageObject","inLanguage":"tr","@id":"https:\/\/epochtimestr.com\/index.php\/tayvanda-ikinci-ukrayna-vakasi-mi-yasanacak#primaryimage","url":"https:\/\/epochtimestr.com\/wp-content\/uploads\/2011y\/Ekran-Resmi-2022-03-03-03.26.31.png","contentUrl":"https:\/\/epochtimestr.com\/wp-content\/uploads\/2011y\/Ekran-Resmi-2022-03-03-03.26.31.png","width":2636,"height":1236},{"@type":"WebSite","@id":"https:\/\/epochtimestr.com\/#website","url":"https:\/\/epochtimestr.com\/","name":"The Epoch Times TR","description":"De\u011fi\u015fen D\u00fcnyam\u0131za Taze Bir Bak\u0131\u015f","publisher":{"@id":"https:\/\/epochtimestr.com\/#organization"},"potentialAction":[{"@type":"SearchAction","target":{"@type":"EntryPoint","urlTemplate":"https:\/\/epochtimestr.com\/?s={search_term_string}"},"query-input":"required name=search_term_string"}],"inLanguage":"tr"},{"@type":"Organization","@id":"https:\/\/epochtimestr.com\/#organization","name":"The EpochTimes T\u00fcrkiye","url":"https:\/\/epochtimestr.com\/","logo":{"@type":"ImageObject","inLanguage":"tr","@id":"https:\/\/epochtimestr.com\/#\/schema\/logo\/image\/","url":"https:\/\/epochtimestr.com\/wp-content\/uploads\/2011y\/ET-Logo-YG.jpg","contentUrl":"https:\/\/epochtimestr.com\/wp-content\/uploads\/2011y\/ET-Logo-YG.jpg","width":346,"height":29,"caption":"The EpochTimes T\u00fcrkiye"},"image":{"@id":"https:\/\/epochtimestr.com\/#\/schema\/logo\/image\/"},"sameAs":["https:\/\/www.facebook.com\/theepochtimestr","https:\/\/x.com\/TheEpochTimesTR","https:\/\/www.instagram.com\/epochtimestr"]},{"@type":"Person","@id":"https:\/\/epochtimestr.com\/#\/schema\/person\/29464d85d2980e22f2e37bc9adcfb0a2","name":"Evren Durmaz","image":{"@type":"ImageObject","inLanguage":"tr","@id":"https:\/\/epochtimestr.com\/#\/schema\/person\/image\/","url":"https:\/\/secure.gravatar.com\/avatar\/503980a9fab198d7bb655c448172ca6a?s=96&d=mm&r=g","contentUrl":"https:\/\/secure.gravatar.com\/avatar\/503980a9fab198d7bb655c448172ca6a?s=96&d=mm&r=g","caption":"Evren Durmaz"},"url":"https:\/\/epochtimestr.com\/index.php\/author\/evren-durmaz"}]}},"_links":{"self":[{"href":"https:\/\/epochtimestr.com\/index.php\/wp-json\/wp\/v2\/posts\/138352"}],"collection":[{"href":"https:\/\/epochtimestr.com\/index.php\/wp-json\/wp\/v2\/posts"}],"about":[{"href":"https:\/\/epochtimestr.com\/index.php\/wp-json\/wp\/v2\/types\/post"}],"author":[{"embeddable":true,"href":"https:\/\/epochtimestr.com\/index.php\/wp-json\/wp\/v2\/users\/2500"}],"replies":[{"embeddable":true,"href":"https:\/\/epochtimestr.com\/index.php\/wp-json\/wp\/v2\/comments?post=138352"}],"version-history":[{"count":8,"href":"https:\/\/epochtimestr.com\/index.php\/wp-json\/wp\/v2\/posts\/138352\/revisions"}],"predecessor-version":[{"id":138374,"href":"https:\/\/epochtimestr.com\/index.php\/wp-json\/wp\/v2\/posts\/138352\/revisions\/138374"}],"wp:featuredmedia":[{"embeddable":true,"href":"https:\/\/epochtimestr.com\/index.php\/wp-json\/wp\/v2\/media\/138368"}],"wp:attachment":[{"href":"https:\/\/epochtimestr.com\/index.php\/wp-json\/wp\/v2\/media?parent=138352"}],"wp:term":[{"taxonomy":"category","embeddable":true,"href":"https:\/\/epochtimestr.com\/index.php\/wp-json\/wp\/v2\/categories?post=138352"},{"taxonomy":"post_tag","embeddable":true,"href":"https:\/\/epochtimestr.com\/index.php\/wp-json\/wp\/v2\/tags?post=138352"}],"curies":[{"name":"wp","href":"https:\/\/api.w.org\/{rel}","templated":true}]}}