{"id":138384,"date":"2022-03-04T12:26:02","date_gmt":"2022-03-04T09:26:02","guid":{"rendered":"https:\/\/epochtimestr.com\/?p=138384"},"modified":"2022-03-04T12:26:06","modified_gmt":"2022-03-04T09:26:06","slug":"akrep-nalan-yasamini-yitirdi","status":"publish","type":"post","link":"https:\/\/epochtimestr.com\/index.php\/akrep-nalan-yasamini-yitirdi","title":{"rendered":"Akrep Nalan Ya\u015fam\u0131n\u0131 Yitirdi"},"content":{"rendered":"\n<div class=\"wp-block-image\"><figure class=\"aligncenter size-large\"><img loading=\"lazy\" decoding=\"async\" width=\"600\" height=\"392\" src=\"https:\/\/epochtimestr.com\/wp-content\/uploads\/2011y\/akrep-Nalan-600x392.png\" alt=\"\" class=\"wp-image-138385\" srcset=\"https:\/\/epochtimestr.com\/wp-content\/uploads\/2011y\/akrep-Nalan-600x392.png 600w, https:\/\/epochtimestr.com\/wp-content\/uploads\/2011y\/akrep-Nalan-300x196.png 300w, https:\/\/epochtimestr.com\/wp-content\/uploads\/2011y\/akrep-Nalan-150x98.png 150w, https:\/\/epochtimestr.com\/wp-content\/uploads\/2011y\/akrep-Nalan-768x501.png 768w, https:\/\/epochtimestr.com\/wp-content\/uploads\/2011y\/akrep-Nalan-210x136.png 210w, https:\/\/epochtimestr.com\/wp-content\/uploads\/2011y\/akrep-Nalan.png 927w\" sizes=\"(max-width: 600px) 100vw, 600px\" \/><\/figure><\/div>\n\n\n\n<h2 class=\"wp-block-heading\">Bir s\u00fcredir sa\u011fl\u0131k sorunlar\u0131 ya\u015fayan Akrep Nalan lakapl\u0131 sanat\u00e7\u0131 F\u00fcsun Nalan A\u00e7\u0131n (67) hayat\u0131n\u0131 kaybetti.<\/h2>\n\n\n\n<p>Hayat Bilgisi dizisinde canland\u0131rd\u0131\u011f\u0131 Fidan Hoca karakteri ile ak\u0131llarda yer edinen Akrep Nalan ya\u015fam\u0131n\u0131 yitirdi.<\/p>\n\n\n\n<p>Bodrum&#8217;da ya\u015fayan Akrep Nalan lakapl\u0131 sanat\u00e7\u0131&nbsp;<strong>F\u00fcsun Nalan A\u00e7\u0131n<\/strong>&nbsp;(67) ge\u00e7en aylarda rahats\u0131zlanarak hastaneye kald\u0131r\u0131l\u0131p tedavi alt\u0131na al\u0131nm\u0131\u015ft\u0131.<\/p>\n\n\n\n<p>Menajeri \u00d6zg\u00fcr Aras, sosyal medya hesab\u0131ndan yapt\u0131\u011f\u0131 payla\u015f\u0131mla Akrep Nalan&#8217;\u0131n vefat haberini duyurdu.<\/p>\n\n\n\n<h3 class=\"wp-block-heading\"><strong>AKREP NALAN K\u0130MD\u0130R?<\/strong><\/h3>\n\n\n\n<p>Akrep Nalan, 26 nisan 1954 y\u0131l\u0131nda Ankara Yenimahalle&#8217;de d\u00fcnyaya geldi. As\u0131l ad\u0131 F\u00fcsun Nalan A\u00e7\u0131n&#8217;d\u0131r. Akrep Nalan, e\u011fitimine Ankara Bah\u00e7elievler Alparslan \u0130lkokulu&#8217;nda ba\u015flad\u0131 sonras\u0131nda ise, Ortaokulu Adana K\u0131z Lisesi ve U\u015fak Ticaret Lisesinde tamamlad\u0131.<\/p>\n\n\n\n<p>1972-1980 tarihleri aras\u0131nda Karamanc\u0131 Demir \u00c7ekme Fabrikas\u0131&#8217;nda, Ahmet Karamanc\u0131 Oksijen Fabrikas\u0131&#8217;nda ve \u0130nterfarma Anonim \u015eirketi&#8217;nde muhasebecilik yapt\u0131.<\/p>\n\n\n\n<p>&#8220;Akrep&#8221; lakab\u0131n\u0131 1978 y\u0131l\u0131nda ald\u0131. Oynad\u0131\u011f\u0131 at yar\u0131\u015f\u0131nda alt\u0131l\u0131 tutturdu\u011fu at\u0131n ad\u0131n\u0131n &#8220;Akrep&#8221; olmas\u0131 ve o d\u00f6nem gazete man\u015fetlerinde g\u00fcndem olan Nalan Duman&#8217;\u0131n lakab\u0131 &#8220;Akrep Nalan&#8221;dan esinlenerek \u00e7evresi taraf\u0131ndan yine bu isimle seslenildi. \u0130lerleyen y\u0131llarda bu lakab\u0131 sahne ad\u0131 olarak kullanmaya devam etti.<\/p>\n\n\n\n<p>\u00c7ocuklu\u011fundan beri m\u00fczikle ilgili olan A\u00e7\u0131n, ilk profesyonel sahne \u00e7al\u0131\u015fmas\u0131n\u0131 1980 y\u0131l\u0131nda Hakk\u0131 \u00c7a\u011fda\u015f&#8217;\u0131n deste\u011fi ile &#8220;Goldfinger&#8221; gece kul\u00fcb\u00fcnde ger\u00e7ekle\u015ftirdi. Daha sonra Bodrum Efe Bar, Pirin\u00e7 Otel, \u00dcnl\u00fc Otel, Paradise gibi mek\u00e2nlarda dinleyici kitlesini art\u0131rd\u0131. Ard\u0131ndan \u0130stanbul&#8217;da Kul\u00fcp 12, Paella, Memos, K\u00fcfe gibi yerlerde sahne ald\u0131. Takip eden y\u0131llarda \u0130stanbul ile T\u00fcrkiye&#8217;nin her yerinde \u015fark\u0131 s\u00f6yledi.<\/p>\n\n\n\n<p>1991 y\u0131l\u0131nda Vedat Sakman ve Halis B\u00fct\u00fcnley&#8217;in deste\u011fiyle \u00e7\u0131kard\u0131\u011f\u0131 ilk alb\u00fcm\u00fc &#8220;Da\u011f \u00c7i\u00e7e\u011fi&#8221; ile me\u015fhur oldu. Daha sonra Selim Atakan&#8217;\u0131n deste\u011fi ile 1994 y\u0131l\u0131nda &#8220;Zil Zurna Sevdalar&#8221; ba\u015fl\u0131kl\u0131 ikinci alb\u00fcm\u00fcn\u00fc yay\u0131nlad\u0131. \u0130lk iki alb\u00fcmde yer alan &#8220;F\u00e2n\u00ee D\u00fcnya&#8221;, &#8220;Halikarnas&#8221;, &#8220;Karlar D\u00fc\u015fer&#8221; par\u00e7alar\u0131 ile ses getirdi. Zirvedekiler (1994), Bask\u00fcl Ailesi (1997), Hayat Bilgisi (2003-2005), Peki Olur \u015eekerim (2003) ve A\u015fk Mahkumu (2004) dizi ve filmlerinde aktrislik denemeleri oldu.<\/p>\n","protected":false},"excerpt":{"rendered":"<p>Bir s\u00fcredir sa\u011fl\u0131k sorunlar\u0131 ya\u015fayan Akrep Nalan lakapl\u0131 sanat\u00e7\u0131 F\u00fcsun Nalan A\u00e7\u0131n (67) hayat\u0131n\u0131 kaybetti. Hayat Bilgisi dizisinde canland\u0131rd\u0131\u011f\u0131 Fidan Hoca karakteri ile ak\u0131llarda yer edinen Akrep Nalan ya\u015fam\u0131n\u0131 yitirdi. Bodrum&#8217;da ya\u015fayan Akrep Nalan lakapl\u0131 sanat\u00e7\u0131&nbsp;F\u00fcsun Nalan A\u00e7\u0131n&nbsp;(67) ge\u00e7en aylarda rahats\u0131zlanarak hastaneye kald\u0131r\u0131l\u0131p tedavi alt\u0131na al\u0131nm\u0131\u015ft\u0131. Menajeri \u00d6zg\u00fcr Aras, sosyal medya hesab\u0131ndan yapt\u0131\u011f\u0131 payla\u015f\u0131mla Akrep [&hellip;]<\/p>\n","protected":false},"author":12791,"featured_media":138385,"comment_status":"closed","ping_status":"open","sticky":false,"template":"","format":"standard","meta":{"_yoast_wpseo_focuskw":"","_yoast_wpseo_title":"","_yoast_wpseo_metadesc":"","_bbp_topic_count":0,"_bbp_reply_count":0,"_bbp_total_topic_count":0,"_bbp_total_reply_count":0,"_bbp_voice_count":0,"_bbp_anonymous_reply_count":0,"_bbp_topic_count_hidden":0,"_bbp_reply_count_hidden":0,"_bbp_forum_subforum_count":0,"footnotes":"","_yoast_wpseo_focuskw_text_input":""},"categories":[1,37],"tags":[],"yoast_head":"<!-- This site is optimized with the Yoast SEO plugin v23.0 - https:\/\/yoast.com\/wordpress\/plugins\/seo\/ -->\n<title>Akrep Nalan Ya\u015fam\u0131n\u0131 Yitirdi - The Epoch Times TR<\/title>\n<meta name=\"robots\" content=\"index, follow, max-snippet:-1, max-image-preview:large, max-video-preview:-1\" \/>\n<link rel=\"canonical\" href=\"https:\/\/epochtimestr.com\/index.php\/akrep-nalan-yasamini-yitirdi\" \/>\n<meta property=\"og:locale\" content=\"tr_TR\" \/>\n<meta property=\"og:type\" content=\"article\" \/>\n<meta property=\"og:title\" content=\"Akrep Nalan Ya\u015fam\u0131n\u0131 Yitirdi - The Epoch Times TR\" \/>\n<meta property=\"og:description\" content=\"Bir s\u00fcredir sa\u011fl\u0131k sorunlar\u0131 ya\u015fayan Akrep Nalan lakapl\u0131 sanat\u00e7\u0131 F\u00fcsun Nalan A\u00e7\u0131n (67) hayat\u0131n\u0131 kaybetti. Hayat Bilgisi dizisinde canland\u0131rd\u0131\u011f\u0131 Fidan Hoca karakteri ile ak\u0131llarda yer edinen Akrep Nalan ya\u015fam\u0131n\u0131 yitirdi. Bodrum&#8217;da ya\u015fayan Akrep Nalan lakapl\u0131 sanat\u00e7\u0131&nbsp;F\u00fcsun Nalan A\u00e7\u0131n&nbsp;(67) ge\u00e7en aylarda rahats\u0131zlanarak hastaneye kald\u0131r\u0131l\u0131p tedavi alt\u0131na al\u0131nm\u0131\u015ft\u0131. Menajeri \u00d6zg\u00fcr Aras, sosyal medya hesab\u0131ndan yapt\u0131\u011f\u0131 payla\u015f\u0131mla Akrep [&hellip;]\" \/>\n<meta property=\"og:url\" content=\"https:\/\/epochtimestr.com\/index.php\/akrep-nalan-yasamini-yitirdi\" \/>\n<meta property=\"og:site_name\" content=\"The Epoch Times TR\" \/>\n<meta property=\"article:publisher\" content=\"https:\/\/www.facebook.com\/theepochtimestr\" \/>\n<meta property=\"article:published_time\" content=\"2022-03-04T09:26:02+00:00\" \/>\n<meta property=\"article:modified_time\" content=\"2022-03-04T09:26:06+00:00\" \/>\n<meta property=\"og:image\" content=\"https:\/\/epochtimestr.com\/wp-content\/uploads\/2011y\/akrep-Nalan.png\" \/>\n\t<meta property=\"og:image:width\" content=\"927\" \/>\n\t<meta property=\"og:image:height\" content=\"605\" \/>\n\t<meta property=\"og:image:type\" content=\"image\/png\" \/>\n<meta name=\"author\" content=\"Haber Merkezi\" \/>\n<meta name=\"twitter:card\" content=\"summary_large_image\" \/>\n<meta name=\"twitter:creator\" content=\"@TheEpochTimesTR\" \/>\n<meta name=\"twitter:site\" content=\"@TheEpochTimesTR\" \/>\n<meta name=\"twitter:label1\" content=\"Yazan:\" \/>\n\t<meta name=\"twitter:data1\" content=\"Haber Merkezi\" \/>\n\t<meta name=\"twitter:label2\" content=\"Tahmini okuma s\u00fcresi\" \/>\n\t<meta name=\"twitter:data2\" content=\"2 dakika\" \/>\n<script type=\"application\/ld+json\" class=\"yoast-schema-graph\">{\"@context\":\"https:\/\/schema.org\",\"@graph\":[{\"@type\":\"Article\",\"@id\":\"https:\/\/epochtimestr.com\/index.php\/akrep-nalan-yasamini-yitirdi#article\",\"isPartOf\":{\"@id\":\"https:\/\/epochtimestr.com\/index.php\/akrep-nalan-yasamini-yitirdi\"},\"author\":{\"name\":\"Haber Merkezi\",\"@id\":\"https:\/\/epochtimestr.com\/#\/schema\/person\/3dc5c3adeb9f43923c5aa85889172fdd\"},\"headline\":\"Akrep Nalan Ya\u015fam\u0131n\u0131 Yitirdi\",\"datePublished\":\"2022-03-04T09:26:02+00:00\",\"dateModified\":\"2022-03-04T09:26:06+00:00\",\"mainEntityOfPage\":{\"@id\":\"https:\/\/epochtimestr.com\/index.php\/akrep-nalan-yasamini-yitirdi\"},\"wordCount\":384,\"publisher\":{\"@id\":\"https:\/\/epochtimestr.com\/#organization\"},\"image\":{\"@id\":\"https:\/\/epochtimestr.com\/index.php\/akrep-nalan-yasamini-yitirdi#primaryimage\"},\"thumbnailUrl\":\"https:\/\/epochtimestr.com\/wp-content\/uploads\/2011y\/akrep-Nalan.png\",\"articleSection\":[\"G\u00dcNDEM\",\"T\u00dcRK\u0130YE\"],\"inLanguage\":\"tr\"},{\"@type\":\"WebPage\",\"@id\":\"https:\/\/epochtimestr.com\/index.php\/akrep-nalan-yasamini-yitirdi\",\"url\":\"https:\/\/epochtimestr.com\/index.php\/akrep-nalan-yasamini-yitirdi\",\"name\":\"Akrep Nalan Ya\u015fam\u0131n\u0131 Yitirdi - The Epoch Times TR\",\"isPartOf\":{\"@id\":\"https:\/\/epochtimestr.com\/#website\"},\"primaryImageOfPage\":{\"@id\":\"https:\/\/epochtimestr.com\/index.php\/akrep-nalan-yasamini-yitirdi#primaryimage\"},\"image\":{\"@id\":\"https:\/\/epochtimestr.com\/index.php\/akrep-nalan-yasamini-yitirdi#primaryimage\"},\"thumbnailUrl\":\"https:\/\/epochtimestr.com\/wp-content\/uploads\/2011y\/akrep-Nalan.png\",\"datePublished\":\"2022-03-04T09:26:02+00:00\",\"dateModified\":\"2022-03-04T09:26:06+00:00\",\"inLanguage\":\"tr\",\"potentialAction\":[{\"@type\":\"ReadAction\",\"target\":[\"https:\/\/epochtimestr.com\/index.php\/akrep-nalan-yasamini-yitirdi\"]}]},{\"@type\":\"ImageObject\",\"inLanguage\":\"tr\",\"@id\":\"https:\/\/epochtimestr.com\/index.php\/akrep-nalan-yasamini-yitirdi#primaryimage\",\"url\":\"https:\/\/epochtimestr.com\/wp-content\/uploads\/2011y\/akrep-Nalan.png\",\"contentUrl\":\"https:\/\/epochtimestr.com\/wp-content\/uploads\/2011y\/akrep-Nalan.png\",\"width\":927,\"height\":605},{\"@type\":\"WebSite\",\"@id\":\"https:\/\/epochtimestr.com\/#website\",\"url\":\"https:\/\/epochtimestr.com\/\",\"name\":\"The Epoch Times TR\",\"description\":\"De\u011fi\u015fen D\u00fcnyam\u0131za Taze Bir Bak\u0131\u015f\",\"publisher\":{\"@id\":\"https:\/\/epochtimestr.com\/#organization\"},\"potentialAction\":[{\"@type\":\"SearchAction\",\"target\":{\"@type\":\"EntryPoint\",\"urlTemplate\":\"https:\/\/epochtimestr.com\/?s={search_term_string}\"},\"query-input\":\"required name=search_term_string\"}],\"inLanguage\":\"tr\"},{\"@type\":\"Organization\",\"@id\":\"https:\/\/epochtimestr.com\/#organization\",\"name\":\"The EpochTimes T\u00fcrkiye\",\"url\":\"https:\/\/epochtimestr.com\/\",\"logo\":{\"@type\":\"ImageObject\",\"inLanguage\":\"tr\",\"@id\":\"https:\/\/epochtimestr.com\/#\/schema\/logo\/image\/\",\"url\":\"https:\/\/epochtimestr.com\/wp-content\/uploads\/2011y\/ET-Logo-YG.jpg\",\"contentUrl\":\"https:\/\/epochtimestr.com\/wp-content\/uploads\/2011y\/ET-Logo-YG.jpg\",\"width\":346,\"height\":29,\"caption\":\"The EpochTimes T\u00fcrkiye\"},\"image\":{\"@id\":\"https:\/\/epochtimestr.com\/#\/schema\/logo\/image\/\"},\"sameAs\":[\"https:\/\/www.facebook.com\/theepochtimestr\",\"https:\/\/x.com\/TheEpochTimesTR\",\"https:\/\/www.instagram.com\/epochtimestr\"]},{\"@type\":\"Person\",\"@id\":\"https:\/\/epochtimestr.com\/#\/schema\/person\/3dc5c3adeb9f43923c5aa85889172fdd\",\"name\":\"Haber Merkezi\",\"image\":{\"@type\":\"ImageObject\",\"inLanguage\":\"tr\",\"@id\":\"https:\/\/epochtimestr.com\/#\/schema\/person\/image\/\",\"url\":\"https:\/\/secure.gravatar.com\/avatar\/d73f772ba5a74f28601361e17c2f93e6?s=96&d=mm&r=g\",\"contentUrl\":\"https:\/\/secure.gravatar.com\/avatar\/d73f772ba5a74f28601361e17c2f93e6?s=96&d=mm&r=g\",\"caption\":\"Haber Merkezi\"},\"url\":\"https:\/\/epochtimestr.com\/index.php\/author\/sendag\"}]}<\/script>\n<!-- \/ Yoast SEO plugin. -->","yoast_head_json":{"title":"Akrep Nalan Ya\u015fam\u0131n\u0131 Yitirdi - The Epoch Times TR","robots":{"index":"index","follow":"follow","max-snippet":"max-snippet:-1","max-image-preview":"max-image-preview:large","max-video-preview":"max-video-preview:-1"},"canonical":"https:\/\/epochtimestr.com\/index.php\/akrep-nalan-yasamini-yitirdi","og_locale":"tr_TR","og_type":"article","og_title":"Akrep Nalan Ya\u015fam\u0131n\u0131 Yitirdi - The Epoch Times TR","og_description":"Bir s\u00fcredir sa\u011fl\u0131k sorunlar\u0131 ya\u015fayan Akrep Nalan lakapl\u0131 sanat\u00e7\u0131 F\u00fcsun Nalan A\u00e7\u0131n (67) hayat\u0131n\u0131 kaybetti. Hayat Bilgisi dizisinde canland\u0131rd\u0131\u011f\u0131 Fidan Hoca karakteri ile ak\u0131llarda yer edinen Akrep Nalan ya\u015fam\u0131n\u0131 yitirdi. Bodrum&#8217;da ya\u015fayan Akrep Nalan lakapl\u0131 sanat\u00e7\u0131&nbsp;F\u00fcsun Nalan A\u00e7\u0131n&nbsp;(67) ge\u00e7en aylarda rahats\u0131zlanarak hastaneye kald\u0131r\u0131l\u0131p tedavi alt\u0131na al\u0131nm\u0131\u015ft\u0131. Menajeri \u00d6zg\u00fcr Aras, sosyal medya hesab\u0131ndan yapt\u0131\u011f\u0131 payla\u015f\u0131mla Akrep [&hellip;]","og_url":"https:\/\/epochtimestr.com\/index.php\/akrep-nalan-yasamini-yitirdi","og_site_name":"The Epoch Times TR","article_publisher":"https:\/\/www.facebook.com\/theepochtimestr","article_published_time":"2022-03-04T09:26:02+00:00","article_modified_time":"2022-03-04T09:26:06+00:00","og_image":[{"width":927,"height":605,"url":"https:\/\/epochtimestr.com\/wp-content\/uploads\/2011y\/akrep-Nalan.png","type":"image\/png"}],"author":"Haber Merkezi","twitter_card":"summary_large_image","twitter_creator":"@TheEpochTimesTR","twitter_site":"@TheEpochTimesTR","twitter_misc":{"Yazan:":"Haber Merkezi","Tahmini okuma s\u00fcresi":"2 dakika"},"schema":{"@context":"https:\/\/schema.org","@graph":[{"@type":"Article","@id":"https:\/\/epochtimestr.com\/index.php\/akrep-nalan-yasamini-yitirdi#article","isPartOf":{"@id":"https:\/\/epochtimestr.com\/index.php\/akrep-nalan-yasamini-yitirdi"},"author":{"name":"Haber Merkezi","@id":"https:\/\/epochtimestr.com\/#\/schema\/person\/3dc5c3adeb9f43923c5aa85889172fdd"},"headline":"Akrep Nalan Ya\u015fam\u0131n\u0131 Yitirdi","datePublished":"2022-03-04T09:26:02+00:00","dateModified":"2022-03-04T09:26:06+00:00","mainEntityOfPage":{"@id":"https:\/\/epochtimestr.com\/index.php\/akrep-nalan-yasamini-yitirdi"},"wordCount":384,"publisher":{"@id":"https:\/\/epochtimestr.com\/#organization"},"image":{"@id":"https:\/\/epochtimestr.com\/index.php\/akrep-nalan-yasamini-yitirdi#primaryimage"},"thumbnailUrl":"https:\/\/epochtimestr.com\/wp-content\/uploads\/2011y\/akrep-Nalan.png","articleSection":["G\u00dcNDEM","T\u00dcRK\u0130YE"],"inLanguage":"tr"},{"@type":"WebPage","@id":"https:\/\/epochtimestr.com\/index.php\/akrep-nalan-yasamini-yitirdi","url":"https:\/\/epochtimestr.com\/index.php\/akrep-nalan-yasamini-yitirdi","name":"Akrep Nalan Ya\u015fam\u0131n\u0131 Yitirdi - The Epoch Times TR","isPartOf":{"@id":"https:\/\/epochtimestr.com\/#website"},"primaryImageOfPage":{"@id":"https:\/\/epochtimestr.com\/index.php\/akrep-nalan-yasamini-yitirdi#primaryimage"},"image":{"@id":"https:\/\/epochtimestr.com\/index.php\/akrep-nalan-yasamini-yitirdi#primaryimage"},"thumbnailUrl":"https:\/\/epochtimestr.com\/wp-content\/uploads\/2011y\/akrep-Nalan.png","datePublished":"2022-03-04T09:26:02+00:00","dateModified":"2022-03-04T09:26:06+00:00","inLanguage":"tr","potentialAction":[{"@type":"ReadAction","target":["https:\/\/epochtimestr.com\/index.php\/akrep-nalan-yasamini-yitirdi"]}]},{"@type":"ImageObject","inLanguage":"tr","@id":"https:\/\/epochtimestr.com\/index.php\/akrep-nalan-yasamini-yitirdi#primaryimage","url":"https:\/\/epochtimestr.com\/wp-content\/uploads\/2011y\/akrep-Nalan.png","contentUrl":"https:\/\/epochtimestr.com\/wp-content\/uploads\/2011y\/akrep-Nalan.png","width":927,"height":605},{"@type":"WebSite","@id":"https:\/\/epochtimestr.com\/#website","url":"https:\/\/epochtimestr.com\/","name":"The Epoch Times TR","description":"De\u011fi\u015fen D\u00fcnyam\u0131za Taze Bir Bak\u0131\u015f","publisher":{"@id":"https:\/\/epochtimestr.com\/#organization"},"potentialAction":[{"@type":"SearchAction","target":{"@type":"EntryPoint","urlTemplate":"https:\/\/epochtimestr.com\/?s={search_term_string}"},"query-input":"required name=search_term_string"}],"inLanguage":"tr"},{"@type":"Organization","@id":"https:\/\/epochtimestr.com\/#organization","name":"The EpochTimes T\u00fcrkiye","url":"https:\/\/epochtimestr.com\/","logo":{"@type":"ImageObject","inLanguage":"tr","@id":"https:\/\/epochtimestr.com\/#\/schema\/logo\/image\/","url":"https:\/\/epochtimestr.com\/wp-content\/uploads\/2011y\/ET-Logo-YG.jpg","contentUrl":"https:\/\/epochtimestr.com\/wp-content\/uploads\/2011y\/ET-Logo-YG.jpg","width":346,"height":29,"caption":"The EpochTimes T\u00fcrkiye"},"image":{"@id":"https:\/\/epochtimestr.com\/#\/schema\/logo\/image\/"},"sameAs":["https:\/\/www.facebook.com\/theepochtimestr","https:\/\/x.com\/TheEpochTimesTR","https:\/\/www.instagram.com\/epochtimestr"]},{"@type":"Person","@id":"https:\/\/epochtimestr.com\/#\/schema\/person\/3dc5c3adeb9f43923c5aa85889172fdd","name":"Haber Merkezi","image":{"@type":"ImageObject","inLanguage":"tr","@id":"https:\/\/epochtimestr.com\/#\/schema\/person\/image\/","url":"https:\/\/secure.gravatar.com\/avatar\/d73f772ba5a74f28601361e17c2f93e6?s=96&d=mm&r=g","contentUrl":"https:\/\/secure.gravatar.com\/avatar\/d73f772ba5a74f28601361e17c2f93e6?s=96&d=mm&r=g","caption":"Haber Merkezi"},"url":"https:\/\/epochtimestr.com\/index.php\/author\/sendag"}]}},"_links":{"self":[{"href":"https:\/\/epochtimestr.com\/index.php\/wp-json\/wp\/v2\/posts\/138384"}],"collection":[{"href":"https:\/\/epochtimestr.com\/index.php\/wp-json\/wp\/v2\/posts"}],"about":[{"href":"https:\/\/epochtimestr.com\/index.php\/wp-json\/wp\/v2\/types\/post"}],"author":[{"embeddable":true,"href":"https:\/\/epochtimestr.com\/index.php\/wp-json\/wp\/v2\/users\/12791"}],"replies":[{"embeddable":true,"href":"https:\/\/epochtimestr.com\/index.php\/wp-json\/wp\/v2\/comments?post=138384"}],"version-history":[{"count":1,"href":"https:\/\/epochtimestr.com\/index.php\/wp-json\/wp\/v2\/posts\/138384\/revisions"}],"predecessor-version":[{"id":138386,"href":"https:\/\/epochtimestr.com\/index.php\/wp-json\/wp\/v2\/posts\/138384\/revisions\/138386"}],"wp:featuredmedia":[{"embeddable":true,"href":"https:\/\/epochtimestr.com\/index.php\/wp-json\/wp\/v2\/media\/138385"}],"wp:attachment":[{"href":"https:\/\/epochtimestr.com\/index.php\/wp-json\/wp\/v2\/media?parent=138384"}],"wp:term":[{"taxonomy":"category","embeddable":true,"href":"https:\/\/epochtimestr.com\/index.php\/wp-json\/wp\/v2\/categories?post=138384"},{"taxonomy":"post_tag","embeddable":true,"href":"https:\/\/epochtimestr.com\/index.php\/wp-json\/wp\/v2\/tags?post=138384"}],"curies":[{"name":"wp","href":"https:\/\/api.w.org\/{rel}","templated":true}]}}