{"id":138391,"date":"2022-03-05T20:33:14","date_gmt":"2022-03-05T17:33:14","guid":{"rendered":"https:\/\/epochtimestr.com\/?p=138391"},"modified":"2022-03-05T20:33:17","modified_gmt":"2022-03-05T17:33:17","slug":"ak-parti-genel-baskanvekili-kurtulmus-stk-toplantisinda-konustu","status":"publish","type":"post","link":"https:\/\/epochtimestr.com\/index.php\/ak-parti-genel-baskanvekili-kurtulmus-stk-toplantisinda-konustu","title":{"rendered":"AK Parti Genel Ba\u015fkanvekili Kurtulmu\u015f STK Toplant\u0131s\u0131nda Konu\u015ftu"},"content":{"rendered":"\n<div class=\"wp-block-image\"><figure class=\"aligncenter size-large\"><img loading=\"lazy\" decoding=\"async\" width=\"600\" height=\"320\" src=\"https:\/\/epochtimestr.com\/wp-content\/uploads\/2011y\/2113365-1-600x320.jpg\" alt=\"\" class=\"wp-image-105095\" srcset=\"https:\/\/epochtimestr.com\/wp-content\/uploads\/2011y\/2113365-1-600x320.jpg 600w, https:\/\/epochtimestr.com\/wp-content\/uploads\/2011y\/2113365-1-150x80.jpg 150w, https:\/\/epochtimestr.com\/wp-content\/uploads\/2011y\/2113365-1-300x160.jpg 300w, https:\/\/epochtimestr.com\/wp-content\/uploads\/2011y\/2113365-1-292x156.jpg 292w, https:\/\/epochtimestr.com\/wp-content\/uploads\/2011y\/2113365-1-638x340.jpg 638w, https:\/\/epochtimestr.com\/wp-content\/uploads\/2011y\/2113365-1-190x100.jpg 190w, https:\/\/epochtimestr.com\/wp-content\/uploads\/2011y\/2113365-1-629x335.jpg 629w, https:\/\/epochtimestr.com\/wp-content\/uploads\/2011y\/2113365-1.jpg 664w\" sizes=\"(max-width: 600px) 100vw, 600px\" \/><\/figure><\/div>\n\n\n\n<h2 class=\"wp-block-heading\">Ba\u015fkanvekili Numan Kurtulmu\u015f, Pendik&#8217;te sivil toplum kurulu\u015fu temsilcileriyle (STK) isti\u015fare toplant\u0131s\u0131nda bir araya geldi.<\/h2>\n\n\n\n<p>Toplant\u0131da konu\u015fan Kurtulmu\u015f, siyasette her zaman sadece konu\u015fan de\u011fil, ayn\u0131 zamanda toplumun farkl\u0131 kesimlerinin g\u00f6r\u00fc\u015f\u00fcn\u00fc de dinleyen, memleketin hayr\u0131na s\u00f6ylenen her s\u00f6zden bir \u015fekilde pay almas\u0131n\u0131 bilen bir siyasi hareket olduklar\u0131n\u0131 s\u00f6yledi.<\/p>\n\n\n\n<p>Kurtulmu\u015f, d\u00fcnyan\u0131n \u00f6nemli bir s\u00fcre\u00e7ten ge\u00e7ti\u011fini, sadece bug\u00fcnlerde kar\u015f\u0131la\u015f\u0131lan Rusya-Ukrayna krizi dolay\u0131s\u0131yla bunu s\u00f6ylemedi\u011fini, bu ve pandemi krizi olmasayd\u0131 bile d\u00fcnyan\u0131n fevkalade zor ve \u00f6nemli bir d\u00f6neme\u00e7ten ge\u00e7ti\u011fini vurgulad\u0131.<\/p>\n\n\n\n<p>\u0130kinci D\u00fcnya Sava\u015f\u0131&#8217;ndan sonra kurulan d\u00fcnyadaki g\u00fc\u00e7 dengelerinin tarumar oldu\u011funu, 1990&#8217;lar\u0131n ba\u015f\u0131nda Do\u011fu Bloku&#8217;nun \u00e7\u00f6z\u00fclmesi, Berlin Duvar\u0131&#8217;n\u0131n y\u0131k\u0131lmas\u0131yla d\u00fcnyan\u0131n yeni bir d\u00f6neme girdi\u011fini, farkl\u0131 g\u00fc\u00e7 merkezlerinin k\u0131yas\u0131ya b\u00f6lgesel ve k\u00fcresel m\u00fccadeleye giri\u015fti\u011fini anlatan Kurtulmu\u015f, \u015f\u00f6yle devam etti:<\/p>\n\n\n\n<p>&#8220;\u00d6nce ticaret sava\u015flar\u0131 ad\u0131 alt\u0131nda yeni t\u00fcr sava\u015flar ba\u015flat\u0131ld\u0131. Yine son 20 y\u0131ld\u0131r g\u00f6rd\u00fc\u011f\u00fcm\u00fcz vekalet sava\u015flar\u0131 alt\u0131nda ter\u00f6r \u00f6rg\u00fctleri \u00fczerinden bu g\u00fc\u00e7lerin aras\u0131ndaki k\u0131yas\u0131ya m\u00fccadeleye tan\u0131k olduk. Ve maalesef bu m\u00fccadelelerden co\u011frafya olarak en \u00e7ok etkilenen yerlerin ba\u015f\u0131nda da T\u00fcrkiye geliyor. \u015e\u00f6yle bakt\u0131\u011f\u0131n\u0131z zaman Kafkaslar&#8217;daki i\u015fte Azerbaycan ile Ermenistan aras\u0131ndaki mesele \u00e7ok \u015f\u00fck\u00fcr belli bir noktaya geldi ama Kafkaslar bu g\u00fc\u00e7 m\u00fccadelelerinin \u00f6nemli ara\u00e7lar\u0131ndan birisidir. Balkanlar, Karadeniz, Do\u011fu Akdeniz, Afrika, Orta Do\u011fu ayn\u0131 \u015fekilde. Neyi s\u00f6yl\u00fcyorum? D\u00fcnyadaki b\u00fct\u00fcn g\u00fc\u00e7 merkezlerinin, g\u00fc\u00e7 m\u00fccadelelerinin tam merkezinde olan \u00fclke T\u00fcrkiye&#8217;dir. Co\u011frafya kaderdir.<\/p>\n\n\n\n<p>Bu co\u011frafyada zaten Malazgirt&#8217;ten bu yana neredeyse hi\u00e7bir g\u00fcn\u00fcm\u00fcz \u015f\u00f6yle rahat bir \u015fekilde ge\u00e7memi\u015ftir. Hep m\u00fccadeleyle ge\u00e7mi\u015ftir. \u015eimdi de b\u00fcy\u00fck m\u00fccadelelere \u015fahitlik etti\u011fimiz bir d\u00f6nemden ge\u00e7iyoruz. \u00d6yle g\u00f6r\u00fcn\u00fcyor ki \u00f6n\u00fcm\u00fczdeki on y\u0131llar bu m\u00fccadeleler bu co\u011frafyada devam edecek.&#8221;<\/p>\n\n\n\n<p>AK Parti Genel Ba\u015fkanvekili Kurtulmu\u015f, T\u00fcrkiye&#8217;nin yeniden g\u00fc\u00e7l\u00fc b\u00fcy\u00fck T\u00fcrkiye ideali etraf\u0131nda b\u00fct\u00fcnle\u015fmek zorunda oldu\u011funu dile getirerek, &#8220;Ne yap\u0131yor olursak olal\u0131m, hangi alanda faaliyet g\u00f6steriyor olursak olal\u0131m, d\u00fcnya g\u00f6r\u00fc\u015f\u00fcm\u00fcz ne olursa olsun, siyasi tercihlerimiz ne olursa olsun, hepimizin ortak bir milli tercihi olacakt\u0131r. O da Allah&#8217;\u0131n izniyle bu co\u011frafyada yeniden g\u00fc\u00e7l\u00fc b\u00fcy\u00fck T\u00fcrkiye&#8217;yi kuraca\u011f\u0131z ve \u00e7ok daha ileriye hep beraber gidece\u011fiz.&#8221; ifadelerini kulland\u0131.<\/p>\n\n\n\n<p>Bu istikamette de T\u00fcrkiye&#8217;nin b\u00fcy\u00fck bir ivme yakalad\u0131\u011f\u0131n\u0131, teknolojiden milli savunma sanayisine, e\u011fitimden sa\u011fl\u0131\u011fa, d\u0131\u015f politikadan bir\u00e7ok k\u00fcresel \u00f6l\u00e7ekteki m\u00fccadeleye kadar \u00f6nemli bir \u00fclke haline geldi\u011fini ifade eden Kurtulmu\u015f, &#8220;G\u00fcc\u00fcm\u00fcz\u00fc daha fazla art\u0131raca\u011f\u0131z. T\u00fcrkiye&#8217;ye faydas\u0131 olmayan tart\u0131\u015fmalarla vakit kaybettirmek yerine, ortak hedefler \u00e7er\u00e7evesinde bir sembol olarak koydu\u011fumuz 2023&#8217;\u00fc, 2053&#8217;\u00fc ve 2071&#8217;i ger\u00e7ekle\u015ftirerek bu b\u00f6lgede T\u00fcrkiye&#8217;yi \u00e7ok daha g\u00fc\u00e7l\u00fc bir hale getirece\u011fiz. Allah&#8217;\u0131n izniyle T\u00fcrkiye her alanda kendi kendine yeterli bir \u00fclke de\u011fil, ayn\u0131 zamanda her alanda k\u00fcresel \u00f6l\u00e7ekte rekabet edebilen bir \u00fclke olacak.&#8221; \u015feklinde konu\u015ftu.<\/p>\n\n\n\n<p>Son d\u00f6nemde pandemi ve k\u00fcresel ekonomik geli\u015fmeler dolay\u0131s\u0131yla T\u00fcrkiye&#8217;nin de etkisinde kald\u0131\u011f\u0131, ya\u015fad\u0131\u011f\u0131 zor zamanlar\u0131 \u00e7ok k\u0131sa s\u00fcre i\u00e7inde a\u015facaklar\u0131n\u0131 vurgulayan Kurtulmu\u015f, b\u00fcy\u00fck milletlerin b\u00fcy\u00fck hedeflerinin oldu\u011funu, 84 milyonun hep beraber ortak hedeflere do\u011fru y\u00fcr\u00fcyece\u011fini s\u00f6yledi.<\/p>\n\n\n\n<p>Kurtulmu\u015f, &#8220;T\u00fcrkiye&#8217;nin \u00f6n\u00fcn\u00fc kesmek isteyenlere de asla f\u0131rsat vermeyiz. Onlar\u0131 yolumuzdan atar, yolumuza devam ederiz. Bu ivmeyi, bu istikameti iyi yakalad\u0131k, daha g\u00fc\u00e7l\u00fc bir \u015fekilde yolumuza devam edece\u011fiz. \u0130n\u015fallah T\u00fcrkiye&#8217;yi bu yoldan \u00e7evirmek isteyenlerin, \u00f6n\u00fcn\u00fc t\u0131kamak isteyenlerin heveslerini kursaklar\u0131nda b\u0131rakaca\u011f\u0131z. Hep beraber gayretle \u00e7al\u0131\u015farak 2023&#8217;te Cumhurba\u015fkan\u0131m\u0131z Recep Tayyip Erdo\u011fan&#8217;\u0131 yeniden T\u00fcrkiye Cumhurba\u015fkan\u0131 yaparak yolumuza devam edece\u011fiz.&#8221; dedi.<\/p>\n\n\n\n<p>Kurtulmu\u015f, T\u00fcrkiye&#8217;nin Akdeniz ve Karadeniz&#8217;de y\u00fcr\u00fctt\u00fc\u011f\u00fc petrol ve do\u011fal gaz arama faaliyetlerine ili\u015fkin de bilgi verdi.<\/p>\n\n\n\n<p>Azerbaycan&#8217;a destek verilerek Karaba\u011f&#8217;\u0131n i\u015fgalden kurtulmas\u0131n\u0131n sa\u011fland\u0131\u011f\u0131n\u0131, ayn\u0131 \u015fekilde T\u00fcrkiye&#8217;nin, diplomatik olarak Ege&#8217;deki hak ve hukukunu korumay\u0131 ba\u015fard\u0131\u011f\u0131n\u0131, Balkanlar&#8217;da da istikrar\u0131n merkezi oldu\u011funu kaydeden Kurtulmu\u015f, s\u00f6zlerini \u015f\u00f6yle s\u00fcrd\u00fcrd\u00fc:<\/p>\n\n\n\n<p>&#8220;\u015eimdi bu Ukrayna-Rusya krizinde de tavr\u0131m\u0131z\u0131 g\u00f6r\u00fcyorsunuz. Biz bar\u0131\u015ftan yanay\u0131z. Biz Karadeniz&#8217;in bir sava\u015f g\u00f6l\u00fc de\u011fil, bir sava\u015f ortam\u0131 de\u011fil, bir bar\u0131\u015f ortam\u0131na sahip olmas\u0131n\u0131 y\u00fcrekten arzu ediyoruz. \u00c7\u00fcnk\u00fc hem Ukrayna ile hem Rusya ile iyi ili\u015fkileri s\u00fcrd\u00fcren bir \u00fclke olarak s\u00fcrekli arada ara buluculuk yapabilecek, bir \u015fekilde \u00fclkeler aras\u0131nda ileti\u015fim kurabilecek bir pozisyonu korumaya gayret ediyoruz ve onun i\u00e7in diyoruz ki \u00e7\u00f6z\u00fcm sahada de\u011fil, \u00e7\u00f6z\u00fcm masadad\u0131r. Hem Rusya&#8217;ya hem Ukrayna&#8217;ya s\u00fcrekli bu telkinleri Say\u0131n Cumhurba\u015fkan\u0131m\u0131z yap\u0131yor. \u00dcmit ederiz ki bu sava\u015f en k\u0131sa s\u00fcre i\u00e7erisinde hakkaniyetli bir bar\u0131\u015f \u015feklinde sonlan\u0131r ve T\u00fcrkiye&#8217;nin de i\u00e7inde bulundu\u011fu bu co\u011frafyan\u0131n daha b\u00fcy\u00fck bedeller \u00f6demesinin \u00f6n\u00fcne ge\u00e7ilmi\u015f olur.&#8221;<\/p>\n\n\n\n<p>T\u00fcrkiye&#8217;nin ter\u00f6rle m\u00fccadele ile savunma sanayisindeki ba\u015far\u0131s\u0131na da de\u011finen Kurtulmu\u015f, &#8220;T\u00fcrkiye, helikopter, tank motorunu, kendi u\u00e7ak motorunu yapabilecek ad\u0131mlar\u0131 atmaya ba\u015flam\u0131\u015f. Yeniden g\u00fc\u00e7l\u00fc b\u00fcy\u00fck T\u00fcrkiye idealine sahip olmak, sadece kuru bir iddiaya sahip olmak de\u011fil, bu iddian\u0131n gere\u011fini yapabilme becerisine sahip olmakt\u0131r. Milletimizin verdi\u011fi yetkiyle, oyla bu alanlarda ad\u0131mlar\u0131m\u0131z\u0131 at\u0131yoruz. En b\u00fcy\u00fck g\u00fcc\u00fcm\u00fcz\u00fcn T\u00fcrkiye&#8217;nin demokrasisi oldu\u011funun fark\u0131nday\u0131z. En b\u00fcy\u00fck g\u00fcc\u00fcm\u00fcz\u00fcn milletimizin iradesi oldu\u011funun fark\u0131nday\u0131z. Sadece neye kar\u015f\u0131 oldu\u011fumuzu, neyin olmamas\u0131 gerekti\u011fini de\u011fil, neyi istedi\u011fimizi ve neyi yapmam\u0131z gerekti\u011fini biliyor, bunu da milletimizle payla\u015f\u0131yoruz. \u0130n\u015fallah bu zor zamanlar\u0131 da geride b\u0131rakarak \u00e7ok daha g\u00fc\u00e7l\u00fc bir \u015fekilde yolumuza devam edece\u011fiz.&#8221; ifadelerini kulland\u0131.<\/p>\n\n\n\n<p>Kurtulmu\u015f, konu\u015fmas\u0131n\u0131n ard\u0131ndan STK temsilcilerinin sorunlar\u0131n\u0131 dinledi.<\/p>\n\n\n\n<p>Toplant\u0131ya Pendik Belediye Ba\u015fkan\u0131 Ahmet Cin ve AK Parti \u0130stanbul \u0130l Ba\u015fkan\u0131 Osman Nuri Kabaktepe de kat\u0131ld\u0131.<\/p>\n","protected":false},"excerpt":{"rendered":"<p>Ba\u015fkanvekili Numan Kurtulmu\u015f, Pendik&#8217;te sivil toplum kurulu\u015fu temsilcileriyle (STK) isti\u015fare toplant\u0131s\u0131nda bir araya geldi. Toplant\u0131da konu\u015fan Kurtulmu\u015f, siyasette her zaman sadece konu\u015fan de\u011fil, ayn\u0131 zamanda toplumun farkl\u0131 kesimlerinin g\u00f6r\u00fc\u015f\u00fcn\u00fc de dinleyen, memleketin hayr\u0131na s\u00f6ylenen her s\u00f6zden bir \u015fekilde pay almas\u0131n\u0131 bilen bir siyasi hareket olduklar\u0131n\u0131 s\u00f6yledi. Kurtulmu\u015f, d\u00fcnyan\u0131n \u00f6nemli bir s\u00fcre\u00e7ten ge\u00e7ti\u011fini, sadece bug\u00fcnlerde kar\u015f\u0131la\u015f\u0131lan [&hellip;]<\/p>\n","protected":false},"author":12791,"featured_media":105095,"comment_status":"closed","ping_status":"open","sticky":false,"template":"","format":"standard","meta":{"_yoast_wpseo_focuskw":"","_yoast_wpseo_title":"","_yoast_wpseo_metadesc":"","_bbp_topic_count":0,"_bbp_reply_count":0,"_bbp_total_topic_count":0,"_bbp_total_reply_count":0,"_bbp_voice_count":0,"_bbp_anonymous_reply_count":0,"_bbp_topic_count_hidden":0,"_bbp_reply_count_hidden":0,"_bbp_forum_subforum_count":0,"footnotes":"","_yoast_wpseo_focuskw_text_input":""},"categories":[1,8138,37],"tags":[],"yoast_head":"<!-- This site is optimized with the Yoast SEO plugin v23.0 - https:\/\/yoast.com\/wordpress\/plugins\/seo\/ -->\n<title>AK Parti Genel Ba\u015fkanvekili Kurtulmu\u015f STK Toplant\u0131s\u0131nda Konu\u015ftu - The Epoch Times TR<\/title>\n<meta name=\"robots\" content=\"index, follow, max-snippet:-1, max-image-preview:large, max-video-preview:-1\" \/>\n<link rel=\"canonical\" href=\"https:\/\/epochtimestr.com\/index.php\/ak-parti-genel-baskanvekili-kurtulmus-stk-toplantisinda-konustu\" \/>\n<meta property=\"og:locale\" content=\"tr_TR\" \/>\n<meta property=\"og:type\" content=\"article\" \/>\n<meta property=\"og:title\" content=\"AK Parti Genel Ba\u015fkanvekili Kurtulmu\u015f STK Toplant\u0131s\u0131nda Konu\u015ftu - The Epoch Times TR\" \/>\n<meta property=\"og:description\" content=\"Ba\u015fkanvekili Numan Kurtulmu\u015f, Pendik&#8217;te sivil toplum kurulu\u015fu temsilcileriyle (STK) isti\u015fare toplant\u0131s\u0131nda bir araya geldi. Toplant\u0131da konu\u015fan Kurtulmu\u015f, siyasette her zaman sadece konu\u015fan de\u011fil, ayn\u0131 zamanda toplumun farkl\u0131 kesimlerinin g\u00f6r\u00fc\u015f\u00fcn\u00fc de dinleyen, memleketin hayr\u0131na s\u00f6ylenen her s\u00f6zden bir \u015fekilde pay almas\u0131n\u0131 bilen bir siyasi hareket olduklar\u0131n\u0131 s\u00f6yledi. Kurtulmu\u015f, d\u00fcnyan\u0131n \u00f6nemli bir s\u00fcre\u00e7ten ge\u00e7ti\u011fini, sadece bug\u00fcnlerde kar\u015f\u0131la\u015f\u0131lan [&hellip;]\" \/>\n<meta property=\"og:url\" content=\"https:\/\/epochtimestr.com\/index.php\/ak-parti-genel-baskanvekili-kurtulmus-stk-toplantisinda-konustu\" \/>\n<meta property=\"og:site_name\" content=\"The Epoch Times TR\" \/>\n<meta property=\"article:publisher\" content=\"https:\/\/www.facebook.com\/theepochtimestr\" \/>\n<meta property=\"article:published_time\" content=\"2022-03-05T17:33:14+00:00\" \/>\n<meta property=\"article:modified_time\" content=\"2022-03-05T17:33:17+00:00\" \/>\n<meta property=\"og:image\" content=\"https:\/\/epochtimestr.com\/wp-content\/uploads\/2011y\/2113365-1.jpg\" \/>\n\t<meta property=\"og:image:width\" content=\"664\" \/>\n\t<meta property=\"og:image:height\" content=\"354\" \/>\n\t<meta property=\"og:image:type\" content=\"image\/jpeg\" \/>\n<meta name=\"author\" content=\"Haber Merkezi\" \/>\n<meta name=\"twitter:card\" content=\"summary_large_image\" \/>\n<meta name=\"twitter:creator\" content=\"@TheEpochTimesTR\" \/>\n<meta name=\"twitter:site\" content=\"@TheEpochTimesTR\" \/>\n<meta name=\"twitter:label1\" content=\"Yazan:\" \/>\n\t<meta name=\"twitter:data1\" content=\"Haber Merkezi\" \/>\n\t<meta name=\"twitter:label2\" content=\"Tahmini okuma s\u00fcresi\" \/>\n\t<meta name=\"twitter:data2\" content=\"4 dakika\" \/>\n<script type=\"application\/ld+json\" class=\"yoast-schema-graph\">{\"@context\":\"https:\/\/schema.org\",\"@graph\":[{\"@type\":\"Article\",\"@id\":\"https:\/\/epochtimestr.com\/index.php\/ak-parti-genel-baskanvekili-kurtulmus-stk-toplantisinda-konustu#article\",\"isPartOf\":{\"@id\":\"https:\/\/epochtimestr.com\/index.php\/ak-parti-genel-baskanvekili-kurtulmus-stk-toplantisinda-konustu\"},\"author\":{\"name\":\"Haber Merkezi\",\"@id\":\"https:\/\/epochtimestr.com\/#\/schema\/person\/3dc5c3adeb9f43923c5aa85889172fdd\"},\"headline\":\"AK Parti Genel Ba\u015fkanvekili Kurtulmu\u015f STK Toplant\u0131s\u0131nda Konu\u015ftu\",\"datePublished\":\"2022-03-05T17:33:14+00:00\",\"dateModified\":\"2022-03-05T17:33:17+00:00\",\"mainEntityOfPage\":{\"@id\":\"https:\/\/epochtimestr.com\/index.php\/ak-parti-genel-baskanvekili-kurtulmus-stk-toplantisinda-konustu\"},\"wordCount\":1119,\"publisher\":{\"@id\":\"https:\/\/epochtimestr.com\/#organization\"},\"image\":{\"@id\":\"https:\/\/epochtimestr.com\/index.php\/ak-parti-genel-baskanvekili-kurtulmus-stk-toplantisinda-konustu#primaryimage\"},\"thumbnailUrl\":\"https:\/\/epochtimestr.com\/wp-content\/uploads\/2011y\/2113365-1.jpg\",\"articleSection\":[\"G\u00dcNDEM\",\"MAN\u015eET\",\"T\u00dcRK\u0130YE\"],\"inLanguage\":\"tr\"},{\"@type\":\"WebPage\",\"@id\":\"https:\/\/epochtimestr.com\/index.php\/ak-parti-genel-baskanvekili-kurtulmus-stk-toplantisinda-konustu\",\"url\":\"https:\/\/epochtimestr.com\/index.php\/ak-parti-genel-baskanvekili-kurtulmus-stk-toplantisinda-konustu\",\"name\":\"AK Parti Genel Ba\u015fkanvekili Kurtulmu\u015f STK Toplant\u0131s\u0131nda Konu\u015ftu - The Epoch Times TR\",\"isPartOf\":{\"@id\":\"https:\/\/epochtimestr.com\/#website\"},\"primaryImageOfPage\":{\"@id\":\"https:\/\/epochtimestr.com\/index.php\/ak-parti-genel-baskanvekili-kurtulmus-stk-toplantisinda-konustu#primaryimage\"},\"image\":{\"@id\":\"https:\/\/epochtimestr.com\/index.php\/ak-parti-genel-baskanvekili-kurtulmus-stk-toplantisinda-konustu#primaryimage\"},\"thumbnailUrl\":\"https:\/\/epochtimestr.com\/wp-content\/uploads\/2011y\/2113365-1.jpg\",\"datePublished\":\"2022-03-05T17:33:14+00:00\",\"dateModified\":\"2022-03-05T17:33:17+00:00\",\"inLanguage\":\"tr\",\"potentialAction\":[{\"@type\":\"ReadAction\",\"target\":[\"https:\/\/epochtimestr.com\/index.php\/ak-parti-genel-baskanvekili-kurtulmus-stk-toplantisinda-konustu\"]}]},{\"@type\":\"ImageObject\",\"inLanguage\":\"tr\",\"@id\":\"https:\/\/epochtimestr.com\/index.php\/ak-parti-genel-baskanvekili-kurtulmus-stk-toplantisinda-konustu#primaryimage\",\"url\":\"https:\/\/epochtimestr.com\/wp-content\/uploads\/2011y\/2113365-1.jpg\",\"contentUrl\":\"https:\/\/epochtimestr.com\/wp-content\/uploads\/2011y\/2113365-1.jpg\",\"width\":664,\"height\":354},{\"@type\":\"WebSite\",\"@id\":\"https:\/\/epochtimestr.com\/#website\",\"url\":\"https:\/\/epochtimestr.com\/\",\"name\":\"The Epoch Times TR\",\"description\":\"De\u011fi\u015fen D\u00fcnyam\u0131za Taze Bir Bak\u0131\u015f\",\"publisher\":{\"@id\":\"https:\/\/epochtimestr.com\/#organization\"},\"potentialAction\":[{\"@type\":\"SearchAction\",\"target\":{\"@type\":\"EntryPoint\",\"urlTemplate\":\"https:\/\/epochtimestr.com\/?s={search_term_string}\"},\"query-input\":\"required name=search_term_string\"}],\"inLanguage\":\"tr\"},{\"@type\":\"Organization\",\"@id\":\"https:\/\/epochtimestr.com\/#organization\",\"name\":\"The EpochTimes T\u00fcrkiye\",\"url\":\"https:\/\/epochtimestr.com\/\",\"logo\":{\"@type\":\"ImageObject\",\"inLanguage\":\"tr\",\"@id\":\"https:\/\/epochtimestr.com\/#\/schema\/logo\/image\/\",\"url\":\"https:\/\/epochtimestr.com\/wp-content\/uploads\/2011y\/ET-Logo-YG.jpg\",\"contentUrl\":\"https:\/\/epochtimestr.com\/wp-content\/uploads\/2011y\/ET-Logo-YG.jpg\",\"width\":346,\"height\":29,\"caption\":\"The EpochTimes T\u00fcrkiye\"},\"image\":{\"@id\":\"https:\/\/epochtimestr.com\/#\/schema\/logo\/image\/\"},\"sameAs\":[\"https:\/\/www.facebook.com\/theepochtimestr\",\"https:\/\/x.com\/TheEpochTimesTR\",\"https:\/\/www.instagram.com\/epochtimestr\"]},{\"@type\":\"Person\",\"@id\":\"https:\/\/epochtimestr.com\/#\/schema\/person\/3dc5c3adeb9f43923c5aa85889172fdd\",\"name\":\"Haber Merkezi\",\"image\":{\"@type\":\"ImageObject\",\"inLanguage\":\"tr\",\"@id\":\"https:\/\/epochtimestr.com\/#\/schema\/person\/image\/\",\"url\":\"https:\/\/secure.gravatar.com\/avatar\/d73f772ba5a74f28601361e17c2f93e6?s=96&d=mm&r=g\",\"contentUrl\":\"https:\/\/secure.gravatar.com\/avatar\/d73f772ba5a74f28601361e17c2f93e6?s=96&d=mm&r=g\",\"caption\":\"Haber Merkezi\"},\"url\":\"https:\/\/epochtimestr.com\/index.php\/author\/sendag\"}]}<\/script>\n<!-- \/ Yoast SEO plugin. -->","yoast_head_json":{"title":"AK Parti Genel Ba\u015fkanvekili Kurtulmu\u015f STK Toplant\u0131s\u0131nda Konu\u015ftu - The Epoch Times TR","robots":{"index":"index","follow":"follow","max-snippet":"max-snippet:-1","max-image-preview":"max-image-preview:large","max-video-preview":"max-video-preview:-1"},"canonical":"https:\/\/epochtimestr.com\/index.php\/ak-parti-genel-baskanvekili-kurtulmus-stk-toplantisinda-konustu","og_locale":"tr_TR","og_type":"article","og_title":"AK Parti Genel Ba\u015fkanvekili Kurtulmu\u015f STK Toplant\u0131s\u0131nda Konu\u015ftu - The Epoch Times TR","og_description":"Ba\u015fkanvekili Numan Kurtulmu\u015f, Pendik&#8217;te sivil toplum kurulu\u015fu temsilcileriyle (STK) isti\u015fare toplant\u0131s\u0131nda bir araya geldi. Toplant\u0131da konu\u015fan Kurtulmu\u015f, siyasette her zaman sadece konu\u015fan de\u011fil, ayn\u0131 zamanda toplumun farkl\u0131 kesimlerinin g\u00f6r\u00fc\u015f\u00fcn\u00fc de dinleyen, memleketin hayr\u0131na s\u00f6ylenen her s\u00f6zden bir \u015fekilde pay almas\u0131n\u0131 bilen bir siyasi hareket olduklar\u0131n\u0131 s\u00f6yledi. Kurtulmu\u015f, d\u00fcnyan\u0131n \u00f6nemli bir s\u00fcre\u00e7ten ge\u00e7ti\u011fini, sadece bug\u00fcnlerde kar\u015f\u0131la\u015f\u0131lan [&hellip;]","og_url":"https:\/\/epochtimestr.com\/index.php\/ak-parti-genel-baskanvekili-kurtulmus-stk-toplantisinda-konustu","og_site_name":"The Epoch Times TR","article_publisher":"https:\/\/www.facebook.com\/theepochtimestr","article_published_time":"2022-03-05T17:33:14+00:00","article_modified_time":"2022-03-05T17:33:17+00:00","og_image":[{"width":664,"height":354,"url":"https:\/\/epochtimestr.com\/wp-content\/uploads\/2011y\/2113365-1.jpg","type":"image\/jpeg"}],"author":"Haber Merkezi","twitter_card":"summary_large_image","twitter_creator":"@TheEpochTimesTR","twitter_site":"@TheEpochTimesTR","twitter_misc":{"Yazan:":"Haber Merkezi","Tahmini okuma s\u00fcresi":"4 dakika"},"schema":{"@context":"https:\/\/schema.org","@graph":[{"@type":"Article","@id":"https:\/\/epochtimestr.com\/index.php\/ak-parti-genel-baskanvekili-kurtulmus-stk-toplantisinda-konustu#article","isPartOf":{"@id":"https:\/\/epochtimestr.com\/index.php\/ak-parti-genel-baskanvekili-kurtulmus-stk-toplantisinda-konustu"},"author":{"name":"Haber Merkezi","@id":"https:\/\/epochtimestr.com\/#\/schema\/person\/3dc5c3adeb9f43923c5aa85889172fdd"},"headline":"AK Parti Genel Ba\u015fkanvekili Kurtulmu\u015f STK Toplant\u0131s\u0131nda Konu\u015ftu","datePublished":"2022-03-05T17:33:14+00:00","dateModified":"2022-03-05T17:33:17+00:00","mainEntityOfPage":{"@id":"https:\/\/epochtimestr.com\/index.php\/ak-parti-genel-baskanvekili-kurtulmus-stk-toplantisinda-konustu"},"wordCount":1119,"publisher":{"@id":"https:\/\/epochtimestr.com\/#organization"},"image":{"@id":"https:\/\/epochtimestr.com\/index.php\/ak-parti-genel-baskanvekili-kurtulmus-stk-toplantisinda-konustu#primaryimage"},"thumbnailUrl":"https:\/\/epochtimestr.com\/wp-content\/uploads\/2011y\/2113365-1.jpg","articleSection":["G\u00dcNDEM","MAN\u015eET","T\u00dcRK\u0130YE"],"inLanguage":"tr"},{"@type":"WebPage","@id":"https:\/\/epochtimestr.com\/index.php\/ak-parti-genel-baskanvekili-kurtulmus-stk-toplantisinda-konustu","url":"https:\/\/epochtimestr.com\/index.php\/ak-parti-genel-baskanvekili-kurtulmus-stk-toplantisinda-konustu","name":"AK Parti Genel Ba\u015fkanvekili Kurtulmu\u015f STK Toplant\u0131s\u0131nda Konu\u015ftu - The Epoch Times TR","isPartOf":{"@id":"https:\/\/epochtimestr.com\/#website"},"primaryImageOfPage":{"@id":"https:\/\/epochtimestr.com\/index.php\/ak-parti-genel-baskanvekili-kurtulmus-stk-toplantisinda-konustu#primaryimage"},"image":{"@id":"https:\/\/epochtimestr.com\/index.php\/ak-parti-genel-baskanvekili-kurtulmus-stk-toplantisinda-konustu#primaryimage"},"thumbnailUrl":"https:\/\/epochtimestr.com\/wp-content\/uploads\/2011y\/2113365-1.jpg","datePublished":"2022-03-05T17:33:14+00:00","dateModified":"2022-03-05T17:33:17+00:00","inLanguage":"tr","potentialAction":[{"@type":"ReadAction","target":["https:\/\/epochtimestr.com\/index.php\/ak-parti-genel-baskanvekili-kurtulmus-stk-toplantisinda-konustu"]}]},{"@type":"ImageObject","inLanguage":"tr","@id":"https:\/\/epochtimestr.com\/index.php\/ak-parti-genel-baskanvekili-kurtulmus-stk-toplantisinda-konustu#primaryimage","url":"https:\/\/epochtimestr.com\/wp-content\/uploads\/2011y\/2113365-1.jpg","contentUrl":"https:\/\/epochtimestr.com\/wp-content\/uploads\/2011y\/2113365-1.jpg","width":664,"height":354},{"@type":"WebSite","@id":"https:\/\/epochtimestr.com\/#website","url":"https:\/\/epochtimestr.com\/","name":"The Epoch Times TR","description":"De\u011fi\u015fen D\u00fcnyam\u0131za Taze Bir Bak\u0131\u015f","publisher":{"@id":"https:\/\/epochtimestr.com\/#organization"},"potentialAction":[{"@type":"SearchAction","target":{"@type":"EntryPoint","urlTemplate":"https:\/\/epochtimestr.com\/?s={search_term_string}"},"query-input":"required name=search_term_string"}],"inLanguage":"tr"},{"@type":"Organization","@id":"https:\/\/epochtimestr.com\/#organization","name":"The EpochTimes T\u00fcrkiye","url":"https:\/\/epochtimestr.com\/","logo":{"@type":"ImageObject","inLanguage":"tr","@id":"https:\/\/epochtimestr.com\/#\/schema\/logo\/image\/","url":"https:\/\/epochtimestr.com\/wp-content\/uploads\/2011y\/ET-Logo-YG.jpg","contentUrl":"https:\/\/epochtimestr.com\/wp-content\/uploads\/2011y\/ET-Logo-YG.jpg","width":346,"height":29,"caption":"The EpochTimes T\u00fcrkiye"},"image":{"@id":"https:\/\/epochtimestr.com\/#\/schema\/logo\/image\/"},"sameAs":["https:\/\/www.facebook.com\/theepochtimestr","https:\/\/x.com\/TheEpochTimesTR","https:\/\/www.instagram.com\/epochtimestr"]},{"@type":"Person","@id":"https:\/\/epochtimestr.com\/#\/schema\/person\/3dc5c3adeb9f43923c5aa85889172fdd","name":"Haber Merkezi","image":{"@type":"ImageObject","inLanguage":"tr","@id":"https:\/\/epochtimestr.com\/#\/schema\/person\/image\/","url":"https:\/\/secure.gravatar.com\/avatar\/d73f772ba5a74f28601361e17c2f93e6?s=96&d=mm&r=g","contentUrl":"https:\/\/secure.gravatar.com\/avatar\/d73f772ba5a74f28601361e17c2f93e6?s=96&d=mm&r=g","caption":"Haber Merkezi"},"url":"https:\/\/epochtimestr.com\/index.php\/author\/sendag"}]}},"_links":{"self":[{"href":"https:\/\/epochtimestr.com\/index.php\/wp-json\/wp\/v2\/posts\/138391"}],"collection":[{"href":"https:\/\/epochtimestr.com\/index.php\/wp-json\/wp\/v2\/posts"}],"about":[{"href":"https:\/\/epochtimestr.com\/index.php\/wp-json\/wp\/v2\/types\/post"}],"author":[{"embeddable":true,"href":"https:\/\/epochtimestr.com\/index.php\/wp-json\/wp\/v2\/users\/12791"}],"replies":[{"embeddable":true,"href":"https:\/\/epochtimestr.com\/index.php\/wp-json\/wp\/v2\/comments?post=138391"}],"version-history":[{"count":1,"href":"https:\/\/epochtimestr.com\/index.php\/wp-json\/wp\/v2\/posts\/138391\/revisions"}],"predecessor-version":[{"id":138392,"href":"https:\/\/epochtimestr.com\/index.php\/wp-json\/wp\/v2\/posts\/138391\/revisions\/138392"}],"wp:featuredmedia":[{"embeddable":true,"href":"https:\/\/epochtimestr.com\/index.php\/wp-json\/wp\/v2\/media\/105095"}],"wp:attachment":[{"href":"https:\/\/epochtimestr.com\/index.php\/wp-json\/wp\/v2\/media?parent=138391"}],"wp:term":[{"taxonomy":"category","embeddable":true,"href":"https:\/\/epochtimestr.com\/index.php\/wp-json\/wp\/v2\/categories?post=138391"},{"taxonomy":"post_tag","embeddable":true,"href":"https:\/\/epochtimestr.com\/index.php\/wp-json\/wp\/v2\/tags?post=138391"}],"curies":[{"name":"wp","href":"https:\/\/api.w.org\/{rel}","templated":true}]}}