{"id":138395,"date":"2022-03-06T20:33:29","date_gmt":"2022-03-06T17:33:29","guid":{"rendered":"https:\/\/epochtimestr.com\/?p=138395"},"modified":"2022-03-06T20:33:32","modified_gmt":"2022-03-06T17:33:32","slug":"kadinlar-icin-ucretsiz-ulasim","status":"publish","type":"post","link":"https:\/\/epochtimestr.com\/index.php\/kadinlar-icin-ucretsiz-ulasim","title":{"rendered":"Kad\u0131nlar \u0130\u00e7in \u00dccretsiz Ula\u015f\u0131m"},"content":{"rendered":"\n<div class=\"wp-block-image\"><figure class=\"aligncenter size-large\"><img loading=\"lazy\" decoding=\"async\" width=\"600\" height=\"320\" src=\"https:\/\/epochtimestr.com\/wp-content\/uploads\/2011y\/metrob\u00fcs-600x320.jpg\" alt=\"\" class=\"wp-image-93956\" srcset=\"https:\/\/epochtimestr.com\/wp-content\/uploads\/2011y\/metrob\u00fcs-600x320.jpg 600w, https:\/\/epochtimestr.com\/wp-content\/uploads\/2011y\/metrob\u00fcs-150x80.jpg 150w, https:\/\/epochtimestr.com\/wp-content\/uploads\/2011y\/metrob\u00fcs-300x160.jpg 300w, https:\/\/epochtimestr.com\/wp-content\/uploads\/2011y\/metrob\u00fcs-292x156.jpg 292w, https:\/\/epochtimestr.com\/wp-content\/uploads\/2011y\/metrob\u00fcs-638x340.jpg 638w, https:\/\/epochtimestr.com\/wp-content\/uploads\/2011y\/metrob\u00fcs-190x100.jpg 190w, https:\/\/epochtimestr.com\/wp-content\/uploads\/2011y\/metrob\u00fcs-629x335.jpg 629w, https:\/\/epochtimestr.com\/wp-content\/uploads\/2011y\/metrob\u00fcs.jpg 664w\" sizes=\"(max-width: 600px) 100vw, 600px\" \/><\/figure><\/div>\n\n\n\n<h2 class=\"wp-block-heading\">\u0130stanbul&#8217;daki kad\u0131nlar, \u0130stanbulkart Mobil uygulamas\u0131n\u0131 kullanarak toplu ta\u015f\u0131mada ilk ula\u015f\u0131m seferlerini \u00fccretsiz olarak ger\u00e7ekle\u015ftirebilecek.<\/h2>\n\n\n\n<p>\u0130stanbul B\u00fcy\u00fck\u015fehir Belediyesi (\u0130BB) bu y\u0131l da 8 Mart D\u00fcnya Kad\u0131nlar G\u00fcn\u00fcn\u00fc birbirinden farkl\u0131 programlarla kutluyor.<\/p>\n\n\n\n<p>\u0130BB K\u00fclt\u00fcr Dairesi Ba\u015fkanl\u0131\u011f\u0131, 8-9 Mart tarihlerinde meydanlarda, parklarda ve \u0130BB K\u00fclt\u00fcr Merkezleri&#8217;nde; \u201c\u0130stanbul \u00d6yk\u00fcs\u00fcn\u00fc Kad\u0131nlarla Yazacak\u201d slogan\u0131 ile bir\u00e7ok etkinlik d\u00fczenliyor.<\/p>\n\n\n\n<p>\u0130BB, ger\u00e7ekle\u015ftirece\u011fi etkinliklerle kad\u0131na y\u00f6nelik \u015fiddet, kad\u0131n cinayetleri ve kad\u0131nlar\u0131n u\u011frad\u0131\u011f\u0131 ayr\u0131mc\u0131l\u0131\u011f\u0131 sanat yoluyla dile getirilecek.<\/p>\n\n\n\n<p>\u0130stanbul&#8217;un d\u00f6rt bir yan\u0131nda d\u00fczenlenecek dans g\u00f6sterileri, konserler, tiyatro oyunlar\u0131,\u00a0film\u00a0g\u00f6sterimleri, performanslar ve s\u00f6yle\u015filerle kad\u0131nlar\u0131n sesi t\u00fcm kente yay\u0131lacak.<\/p>\n\n\n\n<p>\u0130BB&#8217;nin k\u00f6kl\u00fc kurulu\u015flar\u0131ndan \u0130SK\u0130 de, Kad\u0131nlar G\u00fcn\u00fc&#8217;ne \u00f6zel olarak, kurumda \u00e7al\u0131\u015fan bin 832 kad\u0131n i\u00e7in B\u00fcy\u00fck\u00e7ekmece havzas\u0131na a\u011fa\u00e7 dikti.<\/p>\n\n\n\n<p>\u0130SK\u0130 kad\u0131n \u00e7al\u0131\u015fanlar\u0131na dikti\u011fi her bir a\u011fac\u0131n sertifikas\u0131n\u0131 da k\u00fc\u00e7\u00fck bir kokteyl e\u015fli\u011finde sahiplerine teslim edecek. \u0130SK\u0130 B\u00fcy\u00fck\u00e7ekmece Havzas\u0131na bu etkinlik kapsam\u0131nda toplam 2 bin 254 a\u011fa\u00e7 dikti.<\/p>\n\n\n\n<p>Kentte g\u00fcn ge\u00e7tik\u00e7e kullan\u0131m\u0131 artan metrob\u00fcs ve otob\u00fcs seferlerinde kad\u0131nlara y\u00f6nelik \u00f6zel kampanyalar sunulacak. BELB\u0130M A\u015e ve\u00a0\u0130ETT\u00a0i\u015fbirli\u011fi sonucunda, kad\u0131nlar \u0130stanbulkart mobil uygulamas\u0131n\u0131 kullanarak ilk ula\u015f\u0131m seferlerini \u00fccretsiz ger\u00e7ekle\u015ftirebilecek. QR kod ile yap\u0131lan ilk ge\u00e7i\u015f \u00fccreti sonradan iade edilmek \u00fczere kullan\u0131c\u0131lardan temin edilirken, iade tutar\u0131 dijital karta geri \u00f6denecek.<\/p>\n\n\n\n<p>\u0130stanbul Vakf\u0131 ile \u0130BB, 8 Mart tarihinde \u2018\u0130yilik \u0130stasyonu&#8217; ad\u0131ndaki projeyi hayata ge\u00e7irecek. S\u00f6z konusu projede maddi durumu iyi olan kad\u0131nlar\u0131n ba\u011f\u0131\u015flad\u0131\u011f\u0131 giyim, aksesuar, ayakkab\u0131, \u00e7anta gibi \u00fcr\u00fcnler Levent metro istasyonunda sat\u0131\u015fa \u00e7\u0131kacak.<\/p>\n\n\n\n<p>Elde edilen gelir k\u0131z \u00e7ocuklar\u0131n\u0131n e\u011fitimine katk\u0131 sa\u011flayacak. Metro A\u015e. \u201cE\u015fitlik Burada\u201d s\u00f6ylemi ile kad\u0131n ve erkek \u00e7al\u0131\u015fanlar\u0131n\u0131n foto\u011fraflar\u0131ndan olu\u015fan afi\u015f \u00e7al\u0131\u015fmas\u0131 da yapacak.<\/p>\n\n\n\n<p>Metro A\u015e. Genel M\u00fcd\u00fcr\u00fc \u00d6zg\u00fcr Soy&#8217;un kadraj\u0131ndan \u00e7\u0131kan foto\u011fraflar t\u00fcm metro duraklar\u0131na as\u0131l\u0131rken, bu afi\u015flerin yan\u0131na cinsiyet\u00e7i s\u00f6ylemlerin do\u011fru halinin yer ald\u0131\u011f\u0131 afi\u015fler de as\u0131lacak.<\/p>\n\n\n\n<p>Kad\u0131na y\u00f6nelik \u015fiddet ve kad\u0131n cinayetlerine dikkat \u00e7ekmek amac\u0131yla \u0130stiklal Caddesi&#8217;nde Balkonda Tirad ad\u0131yla bir performans sergilenecek. Performans 8 Mart&#8217;ta saat 14&#8217;te Beyo\u011flu T\u00fcnel meydan\u0131nda bir balkonda ger\u00e7ekle\u015fecek.<\/p>\n\n\n\n<p>\u201cHer ba\u015far\u0131l\u0131 erke\u011fin arkas\u0131nda bir KADIN; balkondan d\u00fc\u015ferek \u00f6len her kad\u0131n\u0131n arkas\u0131nda bir ERKEK var\u2026\u201d slogan\u0131n\u0131 \u00f6ne \u00e7\u0131karan performans da oyuncu Balca Aydo\u011fdu yer al\u0131yor.<\/p>\n\n\n\n<p>8 Mart&#8217;ta Kartal \u00c7e\u00e7enistan Park\u0131 ve 9 Mart&#8217;ta Ba\u011fc\u0131lar Meydan\u0131&#8217;nda kad\u0131nlar saat 14.00-16.00 aras\u0131nda \u0130BB etkinliklerinde bir araya gelecek.<\/p>\n\n\n\n<p>Her iki etkinlikte de ger\u00e7ekle\u015ftirilecek okuma tiyatrosunda, \u015eehir Tiyatrosu oyuncular\u0131 Mor \u00c7at\u0131 Derne\u011fi&#8217;nin haz\u0131rlad\u0131\u011f\u0131 kad\u0131n \u00f6yk\u00fclerini seslendirecek.<\/p>\n\n\n\n<p>\u0130stanbullu kad\u0131nlar Modern Dans, Darb-\u0131 Raks g\u00f6sterisi ve davul \u015fovla 8 Mart D\u00fcnya kad\u0131nlar g\u00fcn\u00fcn\u00fc kutlayacak.<\/p>\n","protected":false},"excerpt":{"rendered":"<p>\u0130stanbul&#8217;daki kad\u0131nlar, \u0130stanbulkart Mobil uygulamas\u0131n\u0131 kullanarak toplu ta\u015f\u0131mada ilk ula\u015f\u0131m seferlerini \u00fccretsiz olarak ger\u00e7ekle\u015ftirebilecek. \u0130stanbul B\u00fcy\u00fck\u015fehir Belediyesi (\u0130BB) bu y\u0131l da 8 Mart D\u00fcnya Kad\u0131nlar G\u00fcn\u00fcn\u00fc birbirinden farkl\u0131 programlarla kutluyor. \u0130BB K\u00fclt\u00fcr Dairesi Ba\u015fkanl\u0131\u011f\u0131, 8-9 Mart tarihlerinde meydanlarda, parklarda ve \u0130BB K\u00fclt\u00fcr Merkezleri&#8217;nde; \u201c\u0130stanbul \u00d6yk\u00fcs\u00fcn\u00fc Kad\u0131nlarla Yazacak\u201d slogan\u0131 ile bir\u00e7ok etkinlik d\u00fczenliyor. \u0130BB, ger\u00e7ekle\u015ftirece\u011fi etkinliklerle [&hellip;]<\/p>\n","protected":false},"author":12791,"featured_media":93956,"comment_status":"closed","ping_status":"open","sticky":false,"template":"","format":"standard","meta":{"_yoast_wpseo_focuskw":"","_yoast_wpseo_title":"","_yoast_wpseo_metadesc":"","_bbp_topic_count":0,"_bbp_reply_count":0,"_bbp_total_topic_count":0,"_bbp_total_reply_count":0,"_bbp_voice_count":0,"_bbp_anonymous_reply_count":0,"_bbp_topic_count_hidden":0,"_bbp_reply_count_hidden":0,"_bbp_forum_subforum_count":0,"footnotes":"","_yoast_wpseo_focuskw_text_input":""},"categories":[1,8138,37],"tags":[],"yoast_head":"<!-- This site is optimized with the Yoast SEO plugin v23.0 - https:\/\/yoast.com\/wordpress\/plugins\/seo\/ -->\n<title>Kad\u0131nlar \u0130\u00e7in \u00dccretsiz Ula\u015f\u0131m - The Epoch Times TR<\/title>\n<meta name=\"robots\" content=\"index, follow, max-snippet:-1, max-image-preview:large, max-video-preview:-1\" \/>\n<link rel=\"canonical\" href=\"https:\/\/epochtimestr.com\/index.php\/kadinlar-icin-ucretsiz-ulasim\" \/>\n<meta property=\"og:locale\" content=\"tr_TR\" \/>\n<meta property=\"og:type\" content=\"article\" \/>\n<meta property=\"og:title\" content=\"Kad\u0131nlar \u0130\u00e7in \u00dccretsiz Ula\u015f\u0131m - The Epoch Times TR\" \/>\n<meta property=\"og:description\" content=\"\u0130stanbul&#8217;daki kad\u0131nlar, \u0130stanbulkart Mobil uygulamas\u0131n\u0131 kullanarak toplu ta\u015f\u0131mada ilk ula\u015f\u0131m seferlerini \u00fccretsiz olarak ger\u00e7ekle\u015ftirebilecek. \u0130stanbul B\u00fcy\u00fck\u015fehir Belediyesi (\u0130BB) bu y\u0131l da 8 Mart D\u00fcnya Kad\u0131nlar G\u00fcn\u00fcn\u00fc birbirinden farkl\u0131 programlarla kutluyor. \u0130BB K\u00fclt\u00fcr Dairesi Ba\u015fkanl\u0131\u011f\u0131, 8-9 Mart tarihlerinde meydanlarda, parklarda ve \u0130BB K\u00fclt\u00fcr Merkezleri&#8217;nde; \u201c\u0130stanbul \u00d6yk\u00fcs\u00fcn\u00fc Kad\u0131nlarla Yazacak\u201d slogan\u0131 ile bir\u00e7ok etkinlik d\u00fczenliyor. \u0130BB, ger\u00e7ekle\u015ftirece\u011fi etkinliklerle [&hellip;]\" \/>\n<meta property=\"og:url\" content=\"https:\/\/epochtimestr.com\/index.php\/kadinlar-icin-ucretsiz-ulasim\" \/>\n<meta property=\"og:site_name\" content=\"The Epoch Times TR\" \/>\n<meta property=\"article:publisher\" content=\"https:\/\/www.facebook.com\/theepochtimestr\" \/>\n<meta property=\"article:published_time\" content=\"2022-03-06T17:33:29+00:00\" \/>\n<meta property=\"article:modified_time\" content=\"2022-03-06T17:33:32+00:00\" \/>\n<meta property=\"og:image\" content=\"https:\/\/epochtimestr.com\/wp-content\/uploads\/2011y\/metrob\u00fcs.jpg\" \/>\n\t<meta property=\"og:image:width\" content=\"664\" \/>\n\t<meta property=\"og:image:height\" content=\"354\" \/>\n\t<meta property=\"og:image:type\" content=\"image\/jpeg\" \/>\n<meta name=\"author\" content=\"Haber Merkezi\" \/>\n<meta name=\"twitter:card\" content=\"summary_large_image\" \/>\n<meta name=\"twitter:creator\" content=\"@TheEpochTimesTR\" \/>\n<meta name=\"twitter:site\" content=\"@TheEpochTimesTR\" \/>\n<meta name=\"twitter:label1\" content=\"Yazan:\" \/>\n\t<meta name=\"twitter:data1\" content=\"Haber Merkezi\" \/>\n\t<meta name=\"twitter:label2\" content=\"Tahmini okuma s\u00fcresi\" \/>\n\t<meta name=\"twitter:data2\" content=\"2 dakika\" \/>\n<script type=\"application\/ld+json\" class=\"yoast-schema-graph\">{\"@context\":\"https:\/\/schema.org\",\"@graph\":[{\"@type\":\"Article\",\"@id\":\"https:\/\/epochtimestr.com\/index.php\/kadinlar-icin-ucretsiz-ulasim#article\",\"isPartOf\":{\"@id\":\"https:\/\/epochtimestr.com\/index.php\/kadinlar-icin-ucretsiz-ulasim\"},\"author\":{\"name\":\"Haber Merkezi\",\"@id\":\"https:\/\/epochtimestr.com\/#\/schema\/person\/3dc5c3adeb9f43923c5aa85889172fdd\"},\"headline\":\"Kad\u0131nlar \u0130\u00e7in \u00dccretsiz Ula\u015f\u0131m\",\"datePublished\":\"2022-03-06T17:33:29+00:00\",\"dateModified\":\"2022-03-06T17:33:32+00:00\",\"mainEntityOfPage\":{\"@id\":\"https:\/\/epochtimestr.com\/index.php\/kadinlar-icin-ucretsiz-ulasim\"},\"wordCount\":543,\"publisher\":{\"@id\":\"https:\/\/epochtimestr.com\/#organization\"},\"image\":{\"@id\":\"https:\/\/epochtimestr.com\/index.php\/kadinlar-icin-ucretsiz-ulasim#primaryimage\"},\"thumbnailUrl\":\"https:\/\/epochtimestr.com\/wp-content\/uploads\/2011y\/metrob\u00fcs.jpg\",\"articleSection\":[\"G\u00dcNDEM\",\"MAN\u015eET\",\"T\u00dcRK\u0130YE\"],\"inLanguage\":\"tr\"},{\"@type\":\"WebPage\",\"@id\":\"https:\/\/epochtimestr.com\/index.php\/kadinlar-icin-ucretsiz-ulasim\",\"url\":\"https:\/\/epochtimestr.com\/index.php\/kadinlar-icin-ucretsiz-ulasim\",\"name\":\"Kad\u0131nlar \u0130\u00e7in \u00dccretsiz Ula\u015f\u0131m - The Epoch Times TR\",\"isPartOf\":{\"@id\":\"https:\/\/epochtimestr.com\/#website\"},\"primaryImageOfPage\":{\"@id\":\"https:\/\/epochtimestr.com\/index.php\/kadinlar-icin-ucretsiz-ulasim#primaryimage\"},\"image\":{\"@id\":\"https:\/\/epochtimestr.com\/index.php\/kadinlar-icin-ucretsiz-ulasim#primaryimage\"},\"thumbnailUrl\":\"https:\/\/epochtimestr.com\/wp-content\/uploads\/2011y\/metrob\u00fcs.jpg\",\"datePublished\":\"2022-03-06T17:33:29+00:00\",\"dateModified\":\"2022-03-06T17:33:32+00:00\",\"inLanguage\":\"tr\",\"potentialAction\":[{\"@type\":\"ReadAction\",\"target\":[\"https:\/\/epochtimestr.com\/index.php\/kadinlar-icin-ucretsiz-ulasim\"]}]},{\"@type\":\"ImageObject\",\"inLanguage\":\"tr\",\"@id\":\"https:\/\/epochtimestr.com\/index.php\/kadinlar-icin-ucretsiz-ulasim#primaryimage\",\"url\":\"https:\/\/epochtimestr.com\/wp-content\/uploads\/2011y\/metrob\u00fcs.jpg\",\"contentUrl\":\"https:\/\/epochtimestr.com\/wp-content\/uploads\/2011y\/metrob\u00fcs.jpg\",\"width\":664,\"height\":354},{\"@type\":\"WebSite\",\"@id\":\"https:\/\/epochtimestr.com\/#website\",\"url\":\"https:\/\/epochtimestr.com\/\",\"name\":\"The Epoch Times TR\",\"description\":\"De\u011fi\u015fen D\u00fcnyam\u0131za Taze Bir Bak\u0131\u015f\",\"publisher\":{\"@id\":\"https:\/\/epochtimestr.com\/#organization\"},\"potentialAction\":[{\"@type\":\"SearchAction\",\"target\":{\"@type\":\"EntryPoint\",\"urlTemplate\":\"https:\/\/epochtimestr.com\/?s={search_term_string}\"},\"query-input\":\"required name=search_term_string\"}],\"inLanguage\":\"tr\"},{\"@type\":\"Organization\",\"@id\":\"https:\/\/epochtimestr.com\/#organization\",\"name\":\"The EpochTimes T\u00fcrkiye\",\"url\":\"https:\/\/epochtimestr.com\/\",\"logo\":{\"@type\":\"ImageObject\",\"inLanguage\":\"tr\",\"@id\":\"https:\/\/epochtimestr.com\/#\/schema\/logo\/image\/\",\"url\":\"https:\/\/epochtimestr.com\/wp-content\/uploads\/2011y\/ET-Logo-YG.jpg\",\"contentUrl\":\"https:\/\/epochtimestr.com\/wp-content\/uploads\/2011y\/ET-Logo-YG.jpg\",\"width\":346,\"height\":29,\"caption\":\"The EpochTimes T\u00fcrkiye\"},\"image\":{\"@id\":\"https:\/\/epochtimestr.com\/#\/schema\/logo\/image\/\"},\"sameAs\":[\"https:\/\/www.facebook.com\/theepochtimestr\",\"https:\/\/x.com\/TheEpochTimesTR\",\"https:\/\/www.instagram.com\/epochtimestr\"]},{\"@type\":\"Person\",\"@id\":\"https:\/\/epochtimestr.com\/#\/schema\/person\/3dc5c3adeb9f43923c5aa85889172fdd\",\"name\":\"Haber Merkezi\",\"image\":{\"@type\":\"ImageObject\",\"inLanguage\":\"tr\",\"@id\":\"https:\/\/epochtimestr.com\/#\/schema\/person\/image\/\",\"url\":\"https:\/\/secure.gravatar.com\/avatar\/d73f772ba5a74f28601361e17c2f93e6?s=96&d=mm&r=g\",\"contentUrl\":\"https:\/\/secure.gravatar.com\/avatar\/d73f772ba5a74f28601361e17c2f93e6?s=96&d=mm&r=g\",\"caption\":\"Haber Merkezi\"},\"url\":\"https:\/\/epochtimestr.com\/index.php\/author\/sendag\"}]}<\/script>\n<!-- \/ Yoast SEO plugin. -->","yoast_head_json":{"title":"Kad\u0131nlar \u0130\u00e7in \u00dccretsiz Ula\u015f\u0131m - The Epoch Times TR","robots":{"index":"index","follow":"follow","max-snippet":"max-snippet:-1","max-image-preview":"max-image-preview:large","max-video-preview":"max-video-preview:-1"},"canonical":"https:\/\/epochtimestr.com\/index.php\/kadinlar-icin-ucretsiz-ulasim","og_locale":"tr_TR","og_type":"article","og_title":"Kad\u0131nlar \u0130\u00e7in \u00dccretsiz Ula\u015f\u0131m - The Epoch Times TR","og_description":"\u0130stanbul&#8217;daki kad\u0131nlar, \u0130stanbulkart Mobil uygulamas\u0131n\u0131 kullanarak toplu ta\u015f\u0131mada ilk ula\u015f\u0131m seferlerini \u00fccretsiz olarak ger\u00e7ekle\u015ftirebilecek. \u0130stanbul B\u00fcy\u00fck\u015fehir Belediyesi (\u0130BB) bu y\u0131l da 8 Mart D\u00fcnya Kad\u0131nlar G\u00fcn\u00fcn\u00fc birbirinden farkl\u0131 programlarla kutluyor. \u0130BB K\u00fclt\u00fcr Dairesi Ba\u015fkanl\u0131\u011f\u0131, 8-9 Mart tarihlerinde meydanlarda, parklarda ve \u0130BB K\u00fclt\u00fcr Merkezleri&#8217;nde; \u201c\u0130stanbul \u00d6yk\u00fcs\u00fcn\u00fc Kad\u0131nlarla Yazacak\u201d slogan\u0131 ile bir\u00e7ok etkinlik d\u00fczenliyor. \u0130BB, ger\u00e7ekle\u015ftirece\u011fi etkinliklerle [&hellip;]","og_url":"https:\/\/epochtimestr.com\/index.php\/kadinlar-icin-ucretsiz-ulasim","og_site_name":"The Epoch Times TR","article_publisher":"https:\/\/www.facebook.com\/theepochtimestr","article_published_time":"2022-03-06T17:33:29+00:00","article_modified_time":"2022-03-06T17:33:32+00:00","og_image":[{"width":664,"height":354,"url":"https:\/\/epochtimestr.com\/wp-content\/uploads\/2011y\/metrob\u00fcs.jpg","type":"image\/jpeg"}],"author":"Haber Merkezi","twitter_card":"summary_large_image","twitter_creator":"@TheEpochTimesTR","twitter_site":"@TheEpochTimesTR","twitter_misc":{"Yazan:":"Haber Merkezi","Tahmini okuma s\u00fcresi":"2 dakika"},"schema":{"@context":"https:\/\/schema.org","@graph":[{"@type":"Article","@id":"https:\/\/epochtimestr.com\/index.php\/kadinlar-icin-ucretsiz-ulasim#article","isPartOf":{"@id":"https:\/\/epochtimestr.com\/index.php\/kadinlar-icin-ucretsiz-ulasim"},"author":{"name":"Haber Merkezi","@id":"https:\/\/epochtimestr.com\/#\/schema\/person\/3dc5c3adeb9f43923c5aa85889172fdd"},"headline":"Kad\u0131nlar \u0130\u00e7in \u00dccretsiz Ula\u015f\u0131m","datePublished":"2022-03-06T17:33:29+00:00","dateModified":"2022-03-06T17:33:32+00:00","mainEntityOfPage":{"@id":"https:\/\/epochtimestr.com\/index.php\/kadinlar-icin-ucretsiz-ulasim"},"wordCount":543,"publisher":{"@id":"https:\/\/epochtimestr.com\/#organization"},"image":{"@id":"https:\/\/epochtimestr.com\/index.php\/kadinlar-icin-ucretsiz-ulasim#primaryimage"},"thumbnailUrl":"https:\/\/epochtimestr.com\/wp-content\/uploads\/2011y\/metrob\u00fcs.jpg","articleSection":["G\u00dcNDEM","MAN\u015eET","T\u00dcRK\u0130YE"],"inLanguage":"tr"},{"@type":"WebPage","@id":"https:\/\/epochtimestr.com\/index.php\/kadinlar-icin-ucretsiz-ulasim","url":"https:\/\/epochtimestr.com\/index.php\/kadinlar-icin-ucretsiz-ulasim","name":"Kad\u0131nlar \u0130\u00e7in \u00dccretsiz Ula\u015f\u0131m - The Epoch Times TR","isPartOf":{"@id":"https:\/\/epochtimestr.com\/#website"},"primaryImageOfPage":{"@id":"https:\/\/epochtimestr.com\/index.php\/kadinlar-icin-ucretsiz-ulasim#primaryimage"},"image":{"@id":"https:\/\/epochtimestr.com\/index.php\/kadinlar-icin-ucretsiz-ulasim#primaryimage"},"thumbnailUrl":"https:\/\/epochtimestr.com\/wp-content\/uploads\/2011y\/metrob\u00fcs.jpg","datePublished":"2022-03-06T17:33:29+00:00","dateModified":"2022-03-06T17:33:32+00:00","inLanguage":"tr","potentialAction":[{"@type":"ReadAction","target":["https:\/\/epochtimestr.com\/index.php\/kadinlar-icin-ucretsiz-ulasim"]}]},{"@type":"ImageObject","inLanguage":"tr","@id":"https:\/\/epochtimestr.com\/index.php\/kadinlar-icin-ucretsiz-ulasim#primaryimage","url":"https:\/\/epochtimestr.com\/wp-content\/uploads\/2011y\/metrob\u00fcs.jpg","contentUrl":"https:\/\/epochtimestr.com\/wp-content\/uploads\/2011y\/metrob\u00fcs.jpg","width":664,"height":354},{"@type":"WebSite","@id":"https:\/\/epochtimestr.com\/#website","url":"https:\/\/epochtimestr.com\/","name":"The Epoch Times TR","description":"De\u011fi\u015fen D\u00fcnyam\u0131za Taze Bir Bak\u0131\u015f","publisher":{"@id":"https:\/\/epochtimestr.com\/#organization"},"potentialAction":[{"@type":"SearchAction","target":{"@type":"EntryPoint","urlTemplate":"https:\/\/epochtimestr.com\/?s={search_term_string}"},"query-input":"required name=search_term_string"}],"inLanguage":"tr"},{"@type":"Organization","@id":"https:\/\/epochtimestr.com\/#organization","name":"The EpochTimes T\u00fcrkiye","url":"https:\/\/epochtimestr.com\/","logo":{"@type":"ImageObject","inLanguage":"tr","@id":"https:\/\/epochtimestr.com\/#\/schema\/logo\/image\/","url":"https:\/\/epochtimestr.com\/wp-content\/uploads\/2011y\/ET-Logo-YG.jpg","contentUrl":"https:\/\/epochtimestr.com\/wp-content\/uploads\/2011y\/ET-Logo-YG.jpg","width":346,"height":29,"caption":"The EpochTimes T\u00fcrkiye"},"image":{"@id":"https:\/\/epochtimestr.com\/#\/schema\/logo\/image\/"},"sameAs":["https:\/\/www.facebook.com\/theepochtimestr","https:\/\/x.com\/TheEpochTimesTR","https:\/\/www.instagram.com\/epochtimestr"]},{"@type":"Person","@id":"https:\/\/epochtimestr.com\/#\/schema\/person\/3dc5c3adeb9f43923c5aa85889172fdd","name":"Haber Merkezi","image":{"@type":"ImageObject","inLanguage":"tr","@id":"https:\/\/epochtimestr.com\/#\/schema\/person\/image\/","url":"https:\/\/secure.gravatar.com\/avatar\/d73f772ba5a74f28601361e17c2f93e6?s=96&d=mm&r=g","contentUrl":"https:\/\/secure.gravatar.com\/avatar\/d73f772ba5a74f28601361e17c2f93e6?s=96&d=mm&r=g","caption":"Haber Merkezi"},"url":"https:\/\/epochtimestr.com\/index.php\/author\/sendag"}]}},"_links":{"self":[{"href":"https:\/\/epochtimestr.com\/index.php\/wp-json\/wp\/v2\/posts\/138395"}],"collection":[{"href":"https:\/\/epochtimestr.com\/index.php\/wp-json\/wp\/v2\/posts"}],"about":[{"href":"https:\/\/epochtimestr.com\/index.php\/wp-json\/wp\/v2\/types\/post"}],"author":[{"embeddable":true,"href":"https:\/\/epochtimestr.com\/index.php\/wp-json\/wp\/v2\/users\/12791"}],"replies":[{"embeddable":true,"href":"https:\/\/epochtimestr.com\/index.php\/wp-json\/wp\/v2\/comments?post=138395"}],"version-history":[{"count":1,"href":"https:\/\/epochtimestr.com\/index.php\/wp-json\/wp\/v2\/posts\/138395\/revisions"}],"predecessor-version":[{"id":138396,"href":"https:\/\/epochtimestr.com\/index.php\/wp-json\/wp\/v2\/posts\/138395\/revisions\/138396"}],"wp:featuredmedia":[{"embeddable":true,"href":"https:\/\/epochtimestr.com\/index.php\/wp-json\/wp\/v2\/media\/93956"}],"wp:attachment":[{"href":"https:\/\/epochtimestr.com\/index.php\/wp-json\/wp\/v2\/media?parent=138395"}],"wp:term":[{"taxonomy":"category","embeddable":true,"href":"https:\/\/epochtimestr.com\/index.php\/wp-json\/wp\/v2\/categories?post=138395"},{"taxonomy":"post_tag","embeddable":true,"href":"https:\/\/epochtimestr.com\/index.php\/wp-json\/wp\/v2\/tags?post=138395"}],"curies":[{"name":"wp","href":"https:\/\/api.w.org\/{rel}","templated":true}]}}