{"id":138504,"date":"2022-03-13T12:07:15","date_gmt":"2022-03-13T09:07:15","guid":{"rendered":"https:\/\/epochtimestr.com\/?p=138504"},"modified":"2022-03-13T12:07:17","modified_gmt":"2022-03-13T09:07:17","slug":"rus-fuzeleri-polonya-sinirindaki-nato-ussunu-vurdu","status":"publish","type":"post","link":"https:\/\/epochtimestr.com\/index.php\/rus-fuzeleri-polonya-sinirindaki-nato-ussunu-vurdu","title":{"rendered":"Rus F\u00fczeleri Polonya S\u0131n\u0131r\u0131ndaki NATO \u00dcss\u00fcn\u00fc Vurdu"},"content":{"rendered":"\n<div class=\"wp-block-image\"><figure class=\"aligncenter size-large\"><img loading=\"lazy\" decoding=\"async\" width=\"600\" height=\"281\" src=\"https:\/\/epochtimestr.com\/wp-content\/uploads\/2011y\/Ekran-Resmi-2022-03-03-03.26.31-600x281.png\" alt=\"\" class=\"wp-image-138368\" srcset=\"https:\/\/epochtimestr.com\/wp-content\/uploads\/2011y\/Ekran-Resmi-2022-03-03-03.26.31-600x281.png 600w, https:\/\/epochtimestr.com\/wp-content\/uploads\/2011y\/Ekran-Resmi-2022-03-03-03.26.31-300x141.png 300w, https:\/\/epochtimestr.com\/wp-content\/uploads\/2011y\/Ekran-Resmi-2022-03-03-03.26.31-150x70.png 150w, https:\/\/epochtimestr.com\/wp-content\/uploads\/2011y\/Ekran-Resmi-2022-03-03-03.26.31-768x360.png 768w, https:\/\/epochtimestr.com\/wp-content\/uploads\/2011y\/Ekran-Resmi-2022-03-03-03.26.31-1536x720.png 1536w, https:\/\/epochtimestr.com\/wp-content\/uploads\/2011y\/Ekran-Resmi-2022-03-03-03.26.31-2048x960.png 2048w\" sizes=\"(max-width: 600px) 100vw, 600px\" \/><\/figure><\/div>\n\n\n\n<h2 class=\"wp-block-heading\">Hafta i\u00e7inde\u00a0Ukrayna&#8217;n\u0131n bat\u0131s\u0131ndaki baz\u0131 kentlere ilk kez sald\u0131ran Rus i\u015fgalciler, bu sabah\u00a0Polonya\u00a0s\u0131n\u0131r\u0131n\u0131n dibindeki bir Ukrayna askeri \u00fcss\u00fcne sekiz f\u00fcze ate\u015fledi.<\/h2>\n\n\n\n<p>Rusya&#8217;n\u0131n Ukrayna i\u015fgalinde on sekizinci g\u00fcne girildi, Ukrayna&#8217;n\u0131n bir\u00e7ok \u015fehrinde hava sald\u0131r\u0131s\u0131 sirenleri ayn\u0131 anda \u00e7ald\u0131.<\/p>\n\n\n\n<p>Ukrayna\u00a0Savunma Bakan\u0131 Oleksiy Reznikov,\u00a0NATO\u00a0e\u011fitim \u00fcss\u00fcn\u00fcn Ruslar taraf\u0131ndan hedef al\u0131nd\u0131\u011f\u0131n\u0131 do\u011frulad\u0131 ve &#8216;ter\u00f6rist sald\u0131r\u0131&#8217; ifadesini kulland\u0131. Reznikov&#8217;un verdi\u011fi bilgiye g\u00f6re, yabanc\u0131 e\u011fitimciler sald\u0131r\u0131 s\u0131ras\u0131nda \u00fcsteydi.<\/p>\n\n\n\n<p>Lviv kenti y\u00f6neticileri ise, Rus i\u015fgalcilerin 30 roket f\u0131rlatt\u0131\u011f\u0131 \u00fcste en az 9 ki\u015finin \u00f6ld\u00fc\u011f\u00fcn\u00fc, 57 ki\u015finin de yaraland\u0131\u011f\u0131n\u0131 a\u00e7\u0131klad\u0131.\u00a0Alman\u00a0haber\u00a0ajans\u0131 dpa, s\u0131n\u0131ra \u00e7ok yak\u0131n konumdaki patlamalar\u0131n\u00a0Polonya&#8217;dan duyuldu\u011funu bildiriyor.<\/p>\n\n\n\n<p>G\u00f6rg\u00fc tan\u0131klar\u0131, NATO&#8217;ya ait e\u011fitim \u00fcss\u00fcn\u00fcn vuruldu\u011fu Yavoriv&#8217;de \u00e7ok say\u0131da ambulans\u0131n olay yerinde oldu\u011funu s\u00f6yl\u00fcyor. G\u00f6rg\u00fc tan\u0131klar\u0131n\u0131n verdi\u011fi bilgiye g\u00f6re, f\u00fcze sald\u0131r\u0131s\u0131n\u0131n ard\u0131ndan 19 ambulans sirenleri a\u00e7\u0131k halde askeri \u00fcsten ayr\u0131ld\u0131.<\/p>\n\n\n\n<p>Sosyal medyada ise, Rus sald\u0131r\u0131s\u0131na u\u011frayan \u00fcsten ilk foto\u011fraflar payla\u015f\u0131ld\u0131.<\/p>\n\n\n\n<p><strong>10.15 :<\/strong>\u00a0Rusya\u00a0Savunma Bakanl\u0131\u011f\u0131, i\u015fgalin ba\u015flad\u0131\u011f\u0131 24 \u015eubat tarihinden bu yana Ukrayna ordusuna ait 3 bin 687 tesisin vuruldu\u011funu a\u00e7\u0131klad\u0131.<\/p>\n\n\n\n<p><strong>09.45 :<\/strong>&nbsp;Ukrayna&#8217;n\u0131n bat\u0131s\u0131ndaki Ivano-Frankivsk \u015fehrinde bir kez daha havaalan\u0131n\u0131n Rus sald\u0131r\u0131s\u0131na u\u011frad\u0131\u011f\u0131 a\u00e7\u0131kland\u0131.<\/p>\n\n\n\n<p>Ivano-Frankivsk Belediye Ba\u015fkan\u0131 Ruslan Martsinkiv, Pazar g\u00fcn\u00fc erken saatlerde duyulan patlama seslerinin havaliman\u0131ndan geldi\u011fini s\u00f6yledi. Martsinkiv, sald\u0131r\u0131lar\u0131n halkta panik ve korku yaratmay\u0131 hedefledi\u011fini de ekledi.<\/p>\n\n\n\n<p>Ivano-Frankivsk, Lviv kentinin 114 kilometre g\u00fcneyinde bulunuyor.<\/p>\n\n\n\n<p>Rus i\u015fgalcilerin ilk kez hafta i\u00e7inde vurdu\u011fu Ivano-Frankivsk \u015fehrinde bu sabah arka arkaya patlamalar ger\u00e7ekle\u015fti. G\u00f6rg\u00fc tan\u0131klar\u0131, Ukrayna&#8217;n\u0131n bat\u0131s\u0131ndaki \u015fehirde patlamalar duyduklar\u0131n\u0131 s\u00f6yledi.<\/p>\n\n\n\n<p>G\u00f6rg\u00fc tan\u0131klar\u0131, yine Ukrayna&#8217;n\u0131n bat\u0131s\u0131ndaki Lviv&#8217;de de patlamalar duyuldu\u011funu aktar\u0131yor. Kyiv Independent gazetesi, \u015fehrin f\u00fcze sald\u0131r\u0131s\u0131 alt\u0131nda oldu\u011funu kaydetti.<\/p>\n\n\n\n<p>Ukrayna haber ajans\u0131 Ukrinform, \u00fclkenin bir\u00e7ok \u015fehrinde\u00a0hava sald\u0131r\u0131s\u0131\u00a0sirenlerinin \u00e7ald\u0131\u011f\u0131n\u0131 bildiriyor.<\/p>\n\n\n\n<p>Alarm seslerinin duyuldu\u011fu yerler aras\u0131nda ba\u015fkent Kiev&#8217;in bat\u0131s\u0131ndaki Jitomir, Ternopil, Rivne ve Ivano-Frankivsk gibi yerler var.<\/p>\n\n\n\n<p>Ayr\u0131ca Ukrayna&#8217;n\u0131n kuzeybat\u0131s\u0131ndaki Volyn ile do\u011fudaki Kramatorsk&#8217;ta ise sirenlerin kesildi\u011fi aktar\u0131l\u0131yor.<\/p>\n\n\n\n<p>Rusya, Ukrayna&#8217;n\u0131n Polonya s\u0131n\u0131r\u0131na yaln\u0131zca 25 kilometre mesafedeki bir askeri \u00fcss\u00fc hedef ald\u0131. Yavoriv&#8217;deki askeri \u00fcsse sekiz f\u00fcze ate\u015flendi\u011fi bildiriliyor.<\/p>\n\n\n\n<p>Lviv&#8217;e ba\u011fl\u0131 b\u00f6lgede NATO taraf\u0131ndan Ukraynal\u0131lara askeri e\u011fitim verilen Uluslararas\u0131 Bar\u0131\u015f ve G\u00fcvenlik Merkezi bulunuyordu.<\/p>\n\n\n\n<p>\u0130lk kez bu kadar bat\u0131da bir noktay\u0131 hedef alan Rusya, ayn\u0131 zamanda uluslararas\u0131 bir \u00fcss\u00fc de vurmu\u015f oldu.<\/p>\n\n\n\n<p>Ukrayna&#8217;da bulunan Buzzfeed muhabiri Christopher Miller, sald\u0131r\u0131n\u0131n Lviv Belediye Ba\u015fkan\u0131 taraf\u0131ndan do\u011fruland\u0131\u011f\u0131n\u0131 aktard\u0131. Miller, \u015eubat ay\u0131nda Yavoriv&#8217;deki NATO \u00fcss\u00fcn\u00fc ziyaret etti\u011fini hat\u0131rlat\u0131p ABD&#8217;li askerlerin Ukraynal\u0131lara e\u011fitim verdi\u011fi g\u00f6r\u00fcnt\u00fcleri Twitter hesab\u0131ndan payla\u015ft\u0131.<\/p>\n\n\n\n<p>K\u0131sa ad\u0131 IPSC olan e\u011fitim merkezi, Ukrayna&#8217;da 2007 y\u0131l\u0131nda kuruldu.<\/p>\n\n\n\n<p>BBC, \u00fcss\u00fcn k\u0131sa s\u00fcre \u00f6ncesine kadar yabanc\u0131 askerlere ev sahipli\u011fi yapt\u0131\u011f\u0131n\u0131 bildiriyor. NATO belgelerine g\u00f6re, \u00fcste \u00f6zellikle Ukraynal\u0131 ve di\u011fer \u00fclkelerden askerlere may\u0131n temizleme e\u011fitimleri verildi.<\/p>\n","protected":false},"excerpt":{"rendered":"<p>Hafta i\u00e7inde\u00a0Ukrayna&#8217;n\u0131n bat\u0131s\u0131ndaki baz\u0131 kentlere ilk kez sald\u0131ran Rus i\u015fgalciler, bu sabah\u00a0Polonya\u00a0s\u0131n\u0131r\u0131n\u0131n dibindeki bir Ukrayna askeri \u00fcss\u00fcne sekiz f\u00fcze ate\u015fledi. Rusya&#8217;n\u0131n Ukrayna i\u015fgalinde on sekizinci g\u00fcne girildi, Ukrayna&#8217;n\u0131n bir\u00e7ok \u015fehrinde hava sald\u0131r\u0131s\u0131 sirenleri ayn\u0131 anda \u00e7ald\u0131. Ukrayna\u00a0Savunma Bakan\u0131 Oleksiy Reznikov,\u00a0NATO\u00a0e\u011fitim \u00fcss\u00fcn\u00fcn Ruslar taraf\u0131ndan hedef al\u0131nd\u0131\u011f\u0131n\u0131 do\u011frulad\u0131 ve &#8216;ter\u00f6rist sald\u0131r\u0131&#8217; ifadesini kulland\u0131. Reznikov&#8217;un verdi\u011fi bilgiye g\u00f6re, [&hellip;]<\/p>\n","protected":false},"author":12791,"featured_media":138368,"comment_status":"closed","ping_status":"open","sticky":false,"template":"","format":"standard","meta":{"_yoast_wpseo_focuskw":"","_yoast_wpseo_title":"","_yoast_wpseo_metadesc":"","_bbp_topic_count":0,"_bbp_reply_count":0,"_bbp_total_topic_count":0,"_bbp_total_reply_count":0,"_bbp_voice_count":0,"_bbp_anonymous_reply_count":0,"_bbp_topic_count_hidden":0,"_bbp_reply_count_hidden":0,"_bbp_forum_subforum_count":0,"footnotes":"","_yoast_wpseo_focuskw_text_input":""},"categories":[5,1],"tags":[],"yoast_head":"<!-- This site is optimized with the Yoast SEO plugin v23.0 - https:\/\/yoast.com\/wordpress\/plugins\/seo\/ -->\n<title>Rus F\u00fczeleri Polonya S\u0131n\u0131r\u0131ndaki NATO \u00dcss\u00fcn\u00fc Vurdu - The Epoch Times TR<\/title>\n<meta name=\"robots\" content=\"index, follow, max-snippet:-1, max-image-preview:large, max-video-preview:-1\" \/>\n<link rel=\"canonical\" href=\"https:\/\/epochtimestr.com\/index.php\/rus-fuzeleri-polonya-sinirindaki-nato-ussunu-vurdu\" \/>\n<meta property=\"og:locale\" content=\"tr_TR\" \/>\n<meta property=\"og:type\" content=\"article\" \/>\n<meta property=\"og:title\" content=\"Rus F\u00fczeleri Polonya S\u0131n\u0131r\u0131ndaki NATO \u00dcss\u00fcn\u00fc Vurdu - The Epoch Times TR\" \/>\n<meta property=\"og:description\" content=\"Hafta i\u00e7inde\u00a0Ukrayna&#8217;n\u0131n bat\u0131s\u0131ndaki baz\u0131 kentlere ilk kez sald\u0131ran Rus i\u015fgalciler, bu sabah\u00a0Polonya\u00a0s\u0131n\u0131r\u0131n\u0131n dibindeki bir Ukrayna askeri \u00fcss\u00fcne sekiz f\u00fcze ate\u015fledi. Rusya&#8217;n\u0131n Ukrayna i\u015fgalinde on sekizinci g\u00fcne girildi, Ukrayna&#8217;n\u0131n bir\u00e7ok \u015fehrinde hava sald\u0131r\u0131s\u0131 sirenleri ayn\u0131 anda \u00e7ald\u0131. Ukrayna\u00a0Savunma Bakan\u0131 Oleksiy Reznikov,\u00a0NATO\u00a0e\u011fitim \u00fcss\u00fcn\u00fcn Ruslar taraf\u0131ndan hedef al\u0131nd\u0131\u011f\u0131n\u0131 do\u011frulad\u0131 ve &#8216;ter\u00f6rist sald\u0131r\u0131&#8217; ifadesini kulland\u0131. Reznikov&#8217;un verdi\u011fi bilgiye g\u00f6re, [&hellip;]\" \/>\n<meta property=\"og:url\" content=\"https:\/\/epochtimestr.com\/index.php\/rus-fuzeleri-polonya-sinirindaki-nato-ussunu-vurdu\" \/>\n<meta property=\"og:site_name\" content=\"The Epoch Times TR\" \/>\n<meta property=\"article:publisher\" content=\"https:\/\/www.facebook.com\/theepochtimestr\" \/>\n<meta property=\"article:published_time\" content=\"2022-03-13T09:07:15+00:00\" \/>\n<meta property=\"article:modified_time\" content=\"2022-03-13T09:07:17+00:00\" \/>\n<meta property=\"og:image\" content=\"https:\/\/epochtimestr.com\/wp-content\/uploads\/2011y\/Ekran-Resmi-2022-03-03-03.26.31-600x281.png\" \/>\n\t<meta property=\"og:image:width\" content=\"600\" \/>\n\t<meta property=\"og:image:height\" content=\"281\" \/>\n\t<meta property=\"og:image:type\" content=\"image\/png\" \/>\n<meta name=\"author\" content=\"Haber Merkezi\" \/>\n<meta name=\"twitter:card\" content=\"summary_large_image\" \/>\n<meta name=\"twitter:creator\" content=\"@TheEpochTimesTR\" \/>\n<meta name=\"twitter:site\" content=\"@TheEpochTimesTR\" \/>\n<meta name=\"twitter:label1\" content=\"Yazan:\" \/>\n\t<meta name=\"twitter:data1\" content=\"Haber Merkezi\" \/>\n\t<meta name=\"twitter:label2\" content=\"Tahmini okuma s\u00fcresi\" \/>\n\t<meta name=\"twitter:data2\" content=\"2 dakika\" \/>\n<script type=\"application\/ld+json\" class=\"yoast-schema-graph\">{\"@context\":\"https:\/\/schema.org\",\"@graph\":[{\"@type\":\"Article\",\"@id\":\"https:\/\/epochtimestr.com\/index.php\/rus-fuzeleri-polonya-sinirindaki-nato-ussunu-vurdu#article\",\"isPartOf\":{\"@id\":\"https:\/\/epochtimestr.com\/index.php\/rus-fuzeleri-polonya-sinirindaki-nato-ussunu-vurdu\"},\"author\":{\"name\":\"Haber Merkezi\",\"@id\":\"https:\/\/epochtimestr.com\/#\/schema\/person\/3dc5c3adeb9f43923c5aa85889172fdd\"},\"headline\":\"Rus F\u00fczeleri Polonya S\u0131n\u0131r\u0131ndaki NATO \u00dcss\u00fcn\u00fc Vurdu\",\"datePublished\":\"2022-03-13T09:07:15+00:00\",\"dateModified\":\"2022-03-13T09:07:17+00:00\",\"mainEntityOfPage\":{\"@id\":\"https:\/\/epochtimestr.com\/index.php\/rus-fuzeleri-polonya-sinirindaki-nato-ussunu-vurdu\"},\"wordCount\":599,\"publisher\":{\"@id\":\"https:\/\/epochtimestr.com\/#organization\"},\"image\":{\"@id\":\"https:\/\/epochtimestr.com\/index.php\/rus-fuzeleri-polonya-sinirindaki-nato-ussunu-vurdu#primaryimage\"},\"thumbnailUrl\":\"https:\/\/epochtimestr.com\/wp-content\/uploads\/2011y\/Ekran-Resmi-2022-03-03-03.26.31.png\",\"articleSection\":[\"D\u00dcNYA\",\"G\u00dcNDEM\"],\"inLanguage\":\"tr\"},{\"@type\":\"WebPage\",\"@id\":\"https:\/\/epochtimestr.com\/index.php\/rus-fuzeleri-polonya-sinirindaki-nato-ussunu-vurdu\",\"url\":\"https:\/\/epochtimestr.com\/index.php\/rus-fuzeleri-polonya-sinirindaki-nato-ussunu-vurdu\",\"name\":\"Rus F\u00fczeleri Polonya S\u0131n\u0131r\u0131ndaki NATO \u00dcss\u00fcn\u00fc Vurdu - The Epoch Times TR\",\"isPartOf\":{\"@id\":\"https:\/\/epochtimestr.com\/#website\"},\"primaryImageOfPage\":{\"@id\":\"https:\/\/epochtimestr.com\/index.php\/rus-fuzeleri-polonya-sinirindaki-nato-ussunu-vurdu#primaryimage\"},\"image\":{\"@id\":\"https:\/\/epochtimestr.com\/index.php\/rus-fuzeleri-polonya-sinirindaki-nato-ussunu-vurdu#primaryimage\"},\"thumbnailUrl\":\"https:\/\/epochtimestr.com\/wp-content\/uploads\/2011y\/Ekran-Resmi-2022-03-03-03.26.31.png\",\"datePublished\":\"2022-03-13T09:07:15+00:00\",\"dateModified\":\"2022-03-13T09:07:17+00:00\",\"inLanguage\":\"tr\",\"potentialAction\":[{\"@type\":\"ReadAction\",\"target\":[\"https:\/\/epochtimestr.com\/index.php\/rus-fuzeleri-polonya-sinirindaki-nato-ussunu-vurdu\"]}]},{\"@type\":\"ImageObject\",\"inLanguage\":\"tr\",\"@id\":\"https:\/\/epochtimestr.com\/index.php\/rus-fuzeleri-polonya-sinirindaki-nato-ussunu-vurdu#primaryimage\",\"url\":\"https:\/\/epochtimestr.com\/wp-content\/uploads\/2011y\/Ekran-Resmi-2022-03-03-03.26.31.png\",\"contentUrl\":\"https:\/\/epochtimestr.com\/wp-content\/uploads\/2011y\/Ekran-Resmi-2022-03-03-03.26.31.png\",\"width\":2636,\"height\":1236},{\"@type\":\"WebSite\",\"@id\":\"https:\/\/epochtimestr.com\/#website\",\"url\":\"https:\/\/epochtimestr.com\/\",\"name\":\"The Epoch Times TR\",\"description\":\"De\u011fi\u015fen D\u00fcnyam\u0131za Taze Bir Bak\u0131\u015f\",\"publisher\":{\"@id\":\"https:\/\/epochtimestr.com\/#organization\"},\"potentialAction\":[{\"@type\":\"SearchAction\",\"target\":{\"@type\":\"EntryPoint\",\"urlTemplate\":\"https:\/\/epochtimestr.com\/?s={search_term_string}\"},\"query-input\":\"required name=search_term_string\"}],\"inLanguage\":\"tr\"},{\"@type\":\"Organization\",\"@id\":\"https:\/\/epochtimestr.com\/#organization\",\"name\":\"The EpochTimes T\u00fcrkiye\",\"url\":\"https:\/\/epochtimestr.com\/\",\"logo\":{\"@type\":\"ImageObject\",\"inLanguage\":\"tr\",\"@id\":\"https:\/\/epochtimestr.com\/#\/schema\/logo\/image\/\",\"url\":\"https:\/\/epochtimestr.com\/wp-content\/uploads\/2011y\/ET-Logo-YG.jpg\",\"contentUrl\":\"https:\/\/epochtimestr.com\/wp-content\/uploads\/2011y\/ET-Logo-YG.jpg\",\"width\":346,\"height\":29,\"caption\":\"The EpochTimes T\u00fcrkiye\"},\"image\":{\"@id\":\"https:\/\/epochtimestr.com\/#\/schema\/logo\/image\/\"},\"sameAs\":[\"https:\/\/www.facebook.com\/theepochtimestr\",\"https:\/\/x.com\/TheEpochTimesTR\",\"https:\/\/www.instagram.com\/epochtimestr\"]},{\"@type\":\"Person\",\"@id\":\"https:\/\/epochtimestr.com\/#\/schema\/person\/3dc5c3adeb9f43923c5aa85889172fdd\",\"name\":\"Haber Merkezi\",\"image\":{\"@type\":\"ImageObject\",\"inLanguage\":\"tr\",\"@id\":\"https:\/\/epochtimestr.com\/#\/schema\/person\/image\/\",\"url\":\"https:\/\/secure.gravatar.com\/avatar\/d73f772ba5a74f28601361e17c2f93e6?s=96&d=mm&r=g\",\"contentUrl\":\"https:\/\/secure.gravatar.com\/avatar\/d73f772ba5a74f28601361e17c2f93e6?s=96&d=mm&r=g\",\"caption\":\"Haber Merkezi\"},\"url\":\"https:\/\/epochtimestr.com\/index.php\/author\/sendag\"}]}<\/script>\n<!-- \/ Yoast SEO plugin. -->","yoast_head_json":{"title":"Rus F\u00fczeleri Polonya S\u0131n\u0131r\u0131ndaki NATO \u00dcss\u00fcn\u00fc Vurdu - The Epoch Times TR","robots":{"index":"index","follow":"follow","max-snippet":"max-snippet:-1","max-image-preview":"max-image-preview:large","max-video-preview":"max-video-preview:-1"},"canonical":"https:\/\/epochtimestr.com\/index.php\/rus-fuzeleri-polonya-sinirindaki-nato-ussunu-vurdu","og_locale":"tr_TR","og_type":"article","og_title":"Rus F\u00fczeleri Polonya S\u0131n\u0131r\u0131ndaki NATO \u00dcss\u00fcn\u00fc Vurdu - The Epoch Times TR","og_description":"Hafta i\u00e7inde\u00a0Ukrayna&#8217;n\u0131n bat\u0131s\u0131ndaki baz\u0131 kentlere ilk kez sald\u0131ran Rus i\u015fgalciler, bu sabah\u00a0Polonya\u00a0s\u0131n\u0131r\u0131n\u0131n dibindeki bir Ukrayna askeri \u00fcss\u00fcne sekiz f\u00fcze ate\u015fledi. Rusya&#8217;n\u0131n Ukrayna i\u015fgalinde on sekizinci g\u00fcne girildi, Ukrayna&#8217;n\u0131n bir\u00e7ok \u015fehrinde hava sald\u0131r\u0131s\u0131 sirenleri ayn\u0131 anda \u00e7ald\u0131. Ukrayna\u00a0Savunma Bakan\u0131 Oleksiy Reznikov,\u00a0NATO\u00a0e\u011fitim \u00fcss\u00fcn\u00fcn Ruslar taraf\u0131ndan hedef al\u0131nd\u0131\u011f\u0131n\u0131 do\u011frulad\u0131 ve &#8216;ter\u00f6rist sald\u0131r\u0131&#8217; ifadesini kulland\u0131. Reznikov&#8217;un verdi\u011fi bilgiye g\u00f6re, [&hellip;]","og_url":"https:\/\/epochtimestr.com\/index.php\/rus-fuzeleri-polonya-sinirindaki-nato-ussunu-vurdu","og_site_name":"The Epoch Times TR","article_publisher":"https:\/\/www.facebook.com\/theepochtimestr","article_published_time":"2022-03-13T09:07:15+00:00","article_modified_time":"2022-03-13T09:07:17+00:00","og_image":[{"width":600,"height":281,"url":"https:\/\/epochtimestr.com\/wp-content\/uploads\/2011y\/Ekran-Resmi-2022-03-03-03.26.31-600x281.png","type":"image\/png"}],"author":"Haber Merkezi","twitter_card":"summary_large_image","twitter_creator":"@TheEpochTimesTR","twitter_site":"@TheEpochTimesTR","twitter_misc":{"Yazan:":"Haber Merkezi","Tahmini okuma s\u00fcresi":"2 dakika"},"schema":{"@context":"https:\/\/schema.org","@graph":[{"@type":"Article","@id":"https:\/\/epochtimestr.com\/index.php\/rus-fuzeleri-polonya-sinirindaki-nato-ussunu-vurdu#article","isPartOf":{"@id":"https:\/\/epochtimestr.com\/index.php\/rus-fuzeleri-polonya-sinirindaki-nato-ussunu-vurdu"},"author":{"name":"Haber Merkezi","@id":"https:\/\/epochtimestr.com\/#\/schema\/person\/3dc5c3adeb9f43923c5aa85889172fdd"},"headline":"Rus F\u00fczeleri Polonya S\u0131n\u0131r\u0131ndaki NATO \u00dcss\u00fcn\u00fc Vurdu","datePublished":"2022-03-13T09:07:15+00:00","dateModified":"2022-03-13T09:07:17+00:00","mainEntityOfPage":{"@id":"https:\/\/epochtimestr.com\/index.php\/rus-fuzeleri-polonya-sinirindaki-nato-ussunu-vurdu"},"wordCount":599,"publisher":{"@id":"https:\/\/epochtimestr.com\/#organization"},"image":{"@id":"https:\/\/epochtimestr.com\/index.php\/rus-fuzeleri-polonya-sinirindaki-nato-ussunu-vurdu#primaryimage"},"thumbnailUrl":"https:\/\/epochtimestr.com\/wp-content\/uploads\/2011y\/Ekran-Resmi-2022-03-03-03.26.31.png","articleSection":["D\u00dcNYA","G\u00dcNDEM"],"inLanguage":"tr"},{"@type":"WebPage","@id":"https:\/\/epochtimestr.com\/index.php\/rus-fuzeleri-polonya-sinirindaki-nato-ussunu-vurdu","url":"https:\/\/epochtimestr.com\/index.php\/rus-fuzeleri-polonya-sinirindaki-nato-ussunu-vurdu","name":"Rus F\u00fczeleri Polonya S\u0131n\u0131r\u0131ndaki NATO \u00dcss\u00fcn\u00fc Vurdu - The Epoch Times TR","isPartOf":{"@id":"https:\/\/epochtimestr.com\/#website"},"primaryImageOfPage":{"@id":"https:\/\/epochtimestr.com\/index.php\/rus-fuzeleri-polonya-sinirindaki-nato-ussunu-vurdu#primaryimage"},"image":{"@id":"https:\/\/epochtimestr.com\/index.php\/rus-fuzeleri-polonya-sinirindaki-nato-ussunu-vurdu#primaryimage"},"thumbnailUrl":"https:\/\/epochtimestr.com\/wp-content\/uploads\/2011y\/Ekran-Resmi-2022-03-03-03.26.31.png","datePublished":"2022-03-13T09:07:15+00:00","dateModified":"2022-03-13T09:07:17+00:00","inLanguage":"tr","potentialAction":[{"@type":"ReadAction","target":["https:\/\/epochtimestr.com\/index.php\/rus-fuzeleri-polonya-sinirindaki-nato-ussunu-vurdu"]}]},{"@type":"ImageObject","inLanguage":"tr","@id":"https:\/\/epochtimestr.com\/index.php\/rus-fuzeleri-polonya-sinirindaki-nato-ussunu-vurdu#primaryimage","url":"https:\/\/epochtimestr.com\/wp-content\/uploads\/2011y\/Ekran-Resmi-2022-03-03-03.26.31.png","contentUrl":"https:\/\/epochtimestr.com\/wp-content\/uploads\/2011y\/Ekran-Resmi-2022-03-03-03.26.31.png","width":2636,"height":1236},{"@type":"WebSite","@id":"https:\/\/epochtimestr.com\/#website","url":"https:\/\/epochtimestr.com\/","name":"The Epoch Times TR","description":"De\u011fi\u015fen D\u00fcnyam\u0131za Taze Bir Bak\u0131\u015f","publisher":{"@id":"https:\/\/epochtimestr.com\/#organization"},"potentialAction":[{"@type":"SearchAction","target":{"@type":"EntryPoint","urlTemplate":"https:\/\/epochtimestr.com\/?s={search_term_string}"},"query-input":"required name=search_term_string"}],"inLanguage":"tr"},{"@type":"Organization","@id":"https:\/\/epochtimestr.com\/#organization","name":"The EpochTimes T\u00fcrkiye","url":"https:\/\/epochtimestr.com\/","logo":{"@type":"ImageObject","inLanguage":"tr","@id":"https:\/\/epochtimestr.com\/#\/schema\/logo\/image\/","url":"https:\/\/epochtimestr.com\/wp-content\/uploads\/2011y\/ET-Logo-YG.jpg","contentUrl":"https:\/\/epochtimestr.com\/wp-content\/uploads\/2011y\/ET-Logo-YG.jpg","width":346,"height":29,"caption":"The EpochTimes T\u00fcrkiye"},"image":{"@id":"https:\/\/epochtimestr.com\/#\/schema\/logo\/image\/"},"sameAs":["https:\/\/www.facebook.com\/theepochtimestr","https:\/\/x.com\/TheEpochTimesTR","https:\/\/www.instagram.com\/epochtimestr"]},{"@type":"Person","@id":"https:\/\/epochtimestr.com\/#\/schema\/person\/3dc5c3adeb9f43923c5aa85889172fdd","name":"Haber Merkezi","image":{"@type":"ImageObject","inLanguage":"tr","@id":"https:\/\/epochtimestr.com\/#\/schema\/person\/image\/","url":"https:\/\/secure.gravatar.com\/avatar\/d73f772ba5a74f28601361e17c2f93e6?s=96&d=mm&r=g","contentUrl":"https:\/\/secure.gravatar.com\/avatar\/d73f772ba5a74f28601361e17c2f93e6?s=96&d=mm&r=g","caption":"Haber Merkezi"},"url":"https:\/\/epochtimestr.com\/index.php\/author\/sendag"}]}},"_links":{"self":[{"href":"https:\/\/epochtimestr.com\/index.php\/wp-json\/wp\/v2\/posts\/138504"}],"collection":[{"href":"https:\/\/epochtimestr.com\/index.php\/wp-json\/wp\/v2\/posts"}],"about":[{"href":"https:\/\/epochtimestr.com\/index.php\/wp-json\/wp\/v2\/types\/post"}],"author":[{"embeddable":true,"href":"https:\/\/epochtimestr.com\/index.php\/wp-json\/wp\/v2\/users\/12791"}],"replies":[{"embeddable":true,"href":"https:\/\/epochtimestr.com\/index.php\/wp-json\/wp\/v2\/comments?post=138504"}],"version-history":[{"count":1,"href":"https:\/\/epochtimestr.com\/index.php\/wp-json\/wp\/v2\/posts\/138504\/revisions"}],"predecessor-version":[{"id":138505,"href":"https:\/\/epochtimestr.com\/index.php\/wp-json\/wp\/v2\/posts\/138504\/revisions\/138505"}],"wp:featuredmedia":[{"embeddable":true,"href":"https:\/\/epochtimestr.com\/index.php\/wp-json\/wp\/v2\/media\/138368"}],"wp:attachment":[{"href":"https:\/\/epochtimestr.com\/index.php\/wp-json\/wp\/v2\/media?parent=138504"}],"wp:term":[{"taxonomy":"category","embeddable":true,"href":"https:\/\/epochtimestr.com\/index.php\/wp-json\/wp\/v2\/categories?post=138504"},{"taxonomy":"post_tag","embeddable":true,"href":"https:\/\/epochtimestr.com\/index.php\/wp-json\/wp\/v2\/tags?post=138504"}],"curies":[{"name":"wp","href":"https:\/\/api.w.org\/{rel}","templated":true}]}}