{"id":138513,"date":"2022-03-14T14:20:05","date_gmt":"2022-03-14T11:20:05","guid":{"rendered":"https:\/\/epochtimestr.com\/?p=138513"},"modified":"2022-03-14T14:20:06","modified_gmt":"2022-03-14T11:20:06","slug":"kralice-elizabethin-saglik-durumu-iyi-degil","status":"publish","type":"post","link":"https:\/\/epochtimestr.com\/index.php\/kralice-elizabethin-saglik-durumu-iyi-degil","title":{"rendered":"Krali\u00e7e Elizabeth&#8217;in Sa\u011fl\u0131k Durumu \u0130yi De\u011fil"},"content":{"rendered":"\n<div class=\"wp-block-image\"><figure class=\"aligncenter size-large\"><img loading=\"lazy\" decoding=\"async\" width=\"600\" height=\"320\" src=\"https:\/\/epochtimestr.com\/wp-content\/uploads\/2011y\/elizabeth-600x320.jpg\" alt=\"\" class=\"wp-image-100523\" srcset=\"https:\/\/epochtimestr.com\/wp-content\/uploads\/2011y\/elizabeth-600x320.jpg 600w, https:\/\/epochtimestr.com\/wp-content\/uploads\/2011y\/elizabeth-150x80.jpg 150w, https:\/\/epochtimestr.com\/wp-content\/uploads\/2011y\/elizabeth-300x160.jpg 300w, https:\/\/epochtimestr.com\/wp-content\/uploads\/2011y\/elizabeth-292x156.jpg 292w, https:\/\/epochtimestr.com\/wp-content\/uploads\/2011y\/elizabeth-638x340.jpg 638w, https:\/\/epochtimestr.com\/wp-content\/uploads\/2011y\/elizabeth-190x100.jpg 190w, https:\/\/epochtimestr.com\/wp-content\/uploads\/2011y\/elizabeth-629x335.jpg 629w, https:\/\/epochtimestr.com\/wp-content\/uploads\/2011y\/elizabeth.jpg 664w\" sizes=\"(max-width: 600px) 100vw, 600px\" \/><\/figure><\/div>\n\n\n\n<h2 class=\"wp-block-heading\">Ge\u00e7ti\u011fimiz ay Covid-19 testi pozitif \u00e7\u0131kan ve sonras\u0131nda hastal\u0131\u011f\u0131 atlatan Krali\u00e7e 2. Elizabeth&#8217;in sa\u011fl\u0131\u011f\u0131n\u0131n iyi olmad\u0131\u011f\u0131 s\u00f6yleniyor.<\/h2>\n\n\n\n<p>\u0130ngiltere\u00a0Krali\u00e7esi Elizabeth, ge\u00e7en sonbahardan bu yana, corona vir\u00fcs\u00fc d\u0131\u015f\u0131nda da farkl\u0131 sa\u011fl\u0131k sorunlar\u0131 ya\u015fam\u0131\u015ft\u0131. Buckingham Saray\u0131 taraf\u0131ndan yap\u0131lan a\u00e7\u0131klamada da, kamuoyuna krali\u00e7enin iyile\u015fti\u011fi bilgisi servis edilmi\u015fti.<\/p>\n\n\n\n<p>Ancak doktorlar\u0131n uyar\u0131s\u0131yla baston kullanmaya ba\u015flayan 95 ya\u015f\u0131ndaki krali\u00e7enin, bir etkinli\u011fe kat\u0131lmay\u0131 daha iptal etmesi kafalar\u0131 kar\u0131\u015ft\u0131rd\u0131.<\/p>\n\n\n\n<p>Bug\u00fcn d\u00fczenlenen Milletler Toplulu\u011fu G\u00fcn\u00fc etkinli\u011fine kat\u0131lamayaca\u011f\u0131n\u0131 bildiren Krali\u00e7e Elizabeth\u2019i o\u011flu Prens Charles temsil edecek. Aileye yak\u0131n kaynaklar\u0131n aktard\u0131klar\u0131na g\u00f6re, krali\u00e7e, ya\u015fland\u0131\u011f\u0131n\u0131 ve uzun ya\u015faman\u0131n getirdi\u011fi kimi sorunlar\u0131 ya\u015fad\u0131\u011f\u0131n\u0131 kabullenmi\u015f durumda. G\u00f6revlerine hala ba\u011fl\u0131 olsa da, sa\u011fl\u0131k durumu iyi olmad\u0131\u011f\u0131 i\u00e7in halka a\u00e7\u0131k etkinliklere kat\u0131lmas\u0131 \u00f6nemli \u00f6l\u00e7\u00fcde k\u0131s\u0131tlanacak.<\/p>\n","protected":false},"excerpt":{"rendered":"<p>Ge\u00e7ti\u011fimiz ay Covid-19 testi pozitif \u00e7\u0131kan ve sonras\u0131nda hastal\u0131\u011f\u0131 atlatan Krali\u00e7e 2. Elizabeth&#8217;in sa\u011fl\u0131\u011f\u0131n\u0131n iyi olmad\u0131\u011f\u0131 s\u00f6yleniyor. \u0130ngiltere\u00a0Krali\u00e7esi Elizabeth, ge\u00e7en sonbahardan bu yana, corona vir\u00fcs\u00fc d\u0131\u015f\u0131nda da farkl\u0131 sa\u011fl\u0131k sorunlar\u0131 ya\u015fam\u0131\u015ft\u0131. Buckingham Saray\u0131 taraf\u0131ndan yap\u0131lan a\u00e7\u0131klamada da, kamuoyuna krali\u00e7enin iyile\u015fti\u011fi bilgisi servis edilmi\u015fti. Ancak doktorlar\u0131n uyar\u0131s\u0131yla baston kullanmaya ba\u015flayan 95 ya\u015f\u0131ndaki krali\u00e7enin, bir etkinli\u011fe kat\u0131lmay\u0131 [&hellip;]<\/p>\n","protected":false},"author":12791,"featured_media":100523,"comment_status":"closed","ping_status":"open","sticky":false,"template":"","format":"standard","meta":{"_yoast_wpseo_focuskw":"","_yoast_wpseo_title":"","_yoast_wpseo_metadesc":"","_bbp_topic_count":0,"_bbp_reply_count":0,"_bbp_total_topic_count":0,"_bbp_total_reply_count":0,"_bbp_voice_count":0,"_bbp_anonymous_reply_count":0,"_bbp_topic_count_hidden":0,"_bbp_reply_count_hidden":0,"_bbp_forum_subforum_count":0,"footnotes":"","_yoast_wpseo_focuskw_text_input":""},"categories":[5,1],"tags":[],"yoast_head":"<!-- This site is optimized with the Yoast SEO plugin v23.0 - https:\/\/yoast.com\/wordpress\/plugins\/seo\/ -->\n<title>Krali\u00e7e Elizabeth&#039;in Sa\u011fl\u0131k Durumu \u0130yi De\u011fil - The Epoch Times TR<\/title>\n<meta name=\"robots\" content=\"index, follow, max-snippet:-1, max-image-preview:large, max-video-preview:-1\" \/>\n<link rel=\"canonical\" href=\"https:\/\/epochtimestr.com\/index.php\/kralice-elizabethin-saglik-durumu-iyi-degil\" \/>\n<meta property=\"og:locale\" content=\"tr_TR\" \/>\n<meta property=\"og:type\" content=\"article\" \/>\n<meta property=\"og:title\" content=\"Krali\u00e7e Elizabeth&#039;in Sa\u011fl\u0131k Durumu \u0130yi De\u011fil - The Epoch Times TR\" \/>\n<meta property=\"og:description\" content=\"Ge\u00e7ti\u011fimiz ay Covid-19 testi pozitif \u00e7\u0131kan ve sonras\u0131nda hastal\u0131\u011f\u0131 atlatan Krali\u00e7e 2. Elizabeth&#8217;in sa\u011fl\u0131\u011f\u0131n\u0131n iyi olmad\u0131\u011f\u0131 s\u00f6yleniyor. \u0130ngiltere\u00a0Krali\u00e7esi Elizabeth, ge\u00e7en sonbahardan bu yana, corona vir\u00fcs\u00fc d\u0131\u015f\u0131nda da farkl\u0131 sa\u011fl\u0131k sorunlar\u0131 ya\u015fam\u0131\u015ft\u0131. Buckingham Saray\u0131 taraf\u0131ndan yap\u0131lan a\u00e7\u0131klamada da, kamuoyuna krali\u00e7enin iyile\u015fti\u011fi bilgisi servis edilmi\u015fti. Ancak doktorlar\u0131n uyar\u0131s\u0131yla baston kullanmaya ba\u015flayan 95 ya\u015f\u0131ndaki krali\u00e7enin, bir etkinli\u011fe kat\u0131lmay\u0131 [&hellip;]\" \/>\n<meta property=\"og:url\" content=\"https:\/\/epochtimestr.com\/index.php\/kralice-elizabethin-saglik-durumu-iyi-degil\" \/>\n<meta property=\"og:site_name\" content=\"The Epoch Times TR\" \/>\n<meta property=\"article:publisher\" content=\"https:\/\/www.facebook.com\/theepochtimestr\" \/>\n<meta property=\"article:published_time\" content=\"2022-03-14T11:20:05+00:00\" \/>\n<meta property=\"article:modified_time\" content=\"2022-03-14T11:20:06+00:00\" \/>\n<meta property=\"og:image\" content=\"https:\/\/epochtimestr.com\/wp-content\/uploads\/2011y\/elizabeth.jpg\" \/>\n\t<meta property=\"og:image:width\" content=\"664\" \/>\n\t<meta property=\"og:image:height\" content=\"354\" \/>\n\t<meta property=\"og:image:type\" content=\"image\/jpeg\" \/>\n<meta name=\"author\" content=\"Haber Merkezi\" \/>\n<meta name=\"twitter:card\" content=\"summary_large_image\" \/>\n<meta name=\"twitter:creator\" content=\"@TheEpochTimesTR\" \/>\n<meta name=\"twitter:site\" content=\"@TheEpochTimesTR\" \/>\n<meta name=\"twitter:label1\" content=\"Yazan:\" \/>\n\t<meta name=\"twitter:data1\" content=\"Haber Merkezi\" \/>\n\t<meta name=\"twitter:label2\" content=\"Tahmini okuma s\u00fcresi\" \/>\n\t<meta name=\"twitter:data2\" content=\"1 dakika\" \/>\n<script type=\"application\/ld+json\" class=\"yoast-schema-graph\">{\"@context\":\"https:\/\/schema.org\",\"@graph\":[{\"@type\":\"Article\",\"@id\":\"https:\/\/epochtimestr.com\/index.php\/kralice-elizabethin-saglik-durumu-iyi-degil#article\",\"isPartOf\":{\"@id\":\"https:\/\/epochtimestr.com\/index.php\/kralice-elizabethin-saglik-durumu-iyi-degil\"},\"author\":{\"name\":\"Haber Merkezi\",\"@id\":\"https:\/\/epochtimestr.com\/#\/schema\/person\/3dc5c3adeb9f43923c5aa85889172fdd\"},\"headline\":\"Krali\u00e7e Elizabeth&#8217;in Sa\u011fl\u0131k Durumu \u0130yi De\u011fil\",\"datePublished\":\"2022-03-14T11:20:05+00:00\",\"dateModified\":\"2022-03-14T11:20:06+00:00\",\"mainEntityOfPage\":{\"@id\":\"https:\/\/epochtimestr.com\/index.php\/kralice-elizabethin-saglik-durumu-iyi-degil\"},\"wordCount\":183,\"publisher\":{\"@id\":\"https:\/\/epochtimestr.com\/#organization\"},\"image\":{\"@id\":\"https:\/\/epochtimestr.com\/index.php\/kralice-elizabethin-saglik-durumu-iyi-degil#primaryimage\"},\"thumbnailUrl\":\"https:\/\/epochtimestr.com\/wp-content\/uploads\/2011y\/elizabeth.jpg\",\"articleSection\":[\"D\u00dcNYA\",\"G\u00dcNDEM\"],\"inLanguage\":\"tr\"},{\"@type\":\"WebPage\",\"@id\":\"https:\/\/epochtimestr.com\/index.php\/kralice-elizabethin-saglik-durumu-iyi-degil\",\"url\":\"https:\/\/epochtimestr.com\/index.php\/kralice-elizabethin-saglik-durumu-iyi-degil\",\"name\":\"Krali\u00e7e Elizabeth'in Sa\u011fl\u0131k Durumu \u0130yi De\u011fil - The Epoch Times TR\",\"isPartOf\":{\"@id\":\"https:\/\/epochtimestr.com\/#website\"},\"primaryImageOfPage\":{\"@id\":\"https:\/\/epochtimestr.com\/index.php\/kralice-elizabethin-saglik-durumu-iyi-degil#primaryimage\"},\"image\":{\"@id\":\"https:\/\/epochtimestr.com\/index.php\/kralice-elizabethin-saglik-durumu-iyi-degil#primaryimage\"},\"thumbnailUrl\":\"https:\/\/epochtimestr.com\/wp-content\/uploads\/2011y\/elizabeth.jpg\",\"datePublished\":\"2022-03-14T11:20:05+00:00\",\"dateModified\":\"2022-03-14T11:20:06+00:00\",\"inLanguage\":\"tr\",\"potentialAction\":[{\"@type\":\"ReadAction\",\"target\":[\"https:\/\/epochtimestr.com\/index.php\/kralice-elizabethin-saglik-durumu-iyi-degil\"]}]},{\"@type\":\"ImageObject\",\"inLanguage\":\"tr\",\"@id\":\"https:\/\/epochtimestr.com\/index.php\/kralice-elizabethin-saglik-durumu-iyi-degil#primaryimage\",\"url\":\"https:\/\/epochtimestr.com\/wp-content\/uploads\/2011y\/elizabeth.jpg\",\"contentUrl\":\"https:\/\/epochtimestr.com\/wp-content\/uploads\/2011y\/elizabeth.jpg\",\"width\":664,\"height\":354},{\"@type\":\"WebSite\",\"@id\":\"https:\/\/epochtimestr.com\/#website\",\"url\":\"https:\/\/epochtimestr.com\/\",\"name\":\"The Epoch Times TR\",\"description\":\"De\u011fi\u015fen D\u00fcnyam\u0131za Taze Bir Bak\u0131\u015f\",\"publisher\":{\"@id\":\"https:\/\/epochtimestr.com\/#organization\"},\"potentialAction\":[{\"@type\":\"SearchAction\",\"target\":{\"@type\":\"EntryPoint\",\"urlTemplate\":\"https:\/\/epochtimestr.com\/?s={search_term_string}\"},\"query-input\":\"required name=search_term_string\"}],\"inLanguage\":\"tr\"},{\"@type\":\"Organization\",\"@id\":\"https:\/\/epochtimestr.com\/#organization\",\"name\":\"The EpochTimes T\u00fcrkiye\",\"url\":\"https:\/\/epochtimestr.com\/\",\"logo\":{\"@type\":\"ImageObject\",\"inLanguage\":\"tr\",\"@id\":\"https:\/\/epochtimestr.com\/#\/schema\/logo\/image\/\",\"url\":\"https:\/\/epochtimestr.com\/wp-content\/uploads\/2011y\/ET-Logo-YG.jpg\",\"contentUrl\":\"https:\/\/epochtimestr.com\/wp-content\/uploads\/2011y\/ET-Logo-YG.jpg\",\"width\":346,\"height\":29,\"caption\":\"The EpochTimes T\u00fcrkiye\"},\"image\":{\"@id\":\"https:\/\/epochtimestr.com\/#\/schema\/logo\/image\/\"},\"sameAs\":[\"https:\/\/www.facebook.com\/theepochtimestr\",\"https:\/\/x.com\/TheEpochTimesTR\",\"https:\/\/www.instagram.com\/epochtimestr\"]},{\"@type\":\"Person\",\"@id\":\"https:\/\/epochtimestr.com\/#\/schema\/person\/3dc5c3adeb9f43923c5aa85889172fdd\",\"name\":\"Haber Merkezi\",\"image\":{\"@type\":\"ImageObject\",\"inLanguage\":\"tr\",\"@id\":\"https:\/\/epochtimestr.com\/#\/schema\/person\/image\/\",\"url\":\"https:\/\/secure.gravatar.com\/avatar\/d73f772ba5a74f28601361e17c2f93e6?s=96&d=mm&r=g\",\"contentUrl\":\"https:\/\/secure.gravatar.com\/avatar\/d73f772ba5a74f28601361e17c2f93e6?s=96&d=mm&r=g\",\"caption\":\"Haber Merkezi\"},\"url\":\"https:\/\/epochtimestr.com\/index.php\/author\/sendag\"}]}<\/script>\n<!-- \/ Yoast SEO plugin. -->","yoast_head_json":{"title":"Krali\u00e7e Elizabeth'in Sa\u011fl\u0131k Durumu \u0130yi De\u011fil - The Epoch Times TR","robots":{"index":"index","follow":"follow","max-snippet":"max-snippet:-1","max-image-preview":"max-image-preview:large","max-video-preview":"max-video-preview:-1"},"canonical":"https:\/\/epochtimestr.com\/index.php\/kralice-elizabethin-saglik-durumu-iyi-degil","og_locale":"tr_TR","og_type":"article","og_title":"Krali\u00e7e Elizabeth'in Sa\u011fl\u0131k Durumu \u0130yi De\u011fil - The Epoch Times TR","og_description":"Ge\u00e7ti\u011fimiz ay Covid-19 testi pozitif \u00e7\u0131kan ve sonras\u0131nda hastal\u0131\u011f\u0131 atlatan Krali\u00e7e 2. Elizabeth&#8217;in sa\u011fl\u0131\u011f\u0131n\u0131n iyi olmad\u0131\u011f\u0131 s\u00f6yleniyor. \u0130ngiltere\u00a0Krali\u00e7esi Elizabeth, ge\u00e7en sonbahardan bu yana, corona vir\u00fcs\u00fc d\u0131\u015f\u0131nda da farkl\u0131 sa\u011fl\u0131k sorunlar\u0131 ya\u015fam\u0131\u015ft\u0131. Buckingham Saray\u0131 taraf\u0131ndan yap\u0131lan a\u00e7\u0131klamada da, kamuoyuna krali\u00e7enin iyile\u015fti\u011fi bilgisi servis edilmi\u015fti. Ancak doktorlar\u0131n uyar\u0131s\u0131yla baston kullanmaya ba\u015flayan 95 ya\u015f\u0131ndaki krali\u00e7enin, bir etkinli\u011fe kat\u0131lmay\u0131 [&hellip;]","og_url":"https:\/\/epochtimestr.com\/index.php\/kralice-elizabethin-saglik-durumu-iyi-degil","og_site_name":"The Epoch Times TR","article_publisher":"https:\/\/www.facebook.com\/theepochtimestr","article_published_time":"2022-03-14T11:20:05+00:00","article_modified_time":"2022-03-14T11:20:06+00:00","og_image":[{"width":664,"height":354,"url":"https:\/\/epochtimestr.com\/wp-content\/uploads\/2011y\/elizabeth.jpg","type":"image\/jpeg"}],"author":"Haber Merkezi","twitter_card":"summary_large_image","twitter_creator":"@TheEpochTimesTR","twitter_site":"@TheEpochTimesTR","twitter_misc":{"Yazan:":"Haber Merkezi","Tahmini okuma s\u00fcresi":"1 dakika"},"schema":{"@context":"https:\/\/schema.org","@graph":[{"@type":"Article","@id":"https:\/\/epochtimestr.com\/index.php\/kralice-elizabethin-saglik-durumu-iyi-degil#article","isPartOf":{"@id":"https:\/\/epochtimestr.com\/index.php\/kralice-elizabethin-saglik-durumu-iyi-degil"},"author":{"name":"Haber Merkezi","@id":"https:\/\/epochtimestr.com\/#\/schema\/person\/3dc5c3adeb9f43923c5aa85889172fdd"},"headline":"Krali\u00e7e Elizabeth&#8217;in Sa\u011fl\u0131k Durumu \u0130yi De\u011fil","datePublished":"2022-03-14T11:20:05+00:00","dateModified":"2022-03-14T11:20:06+00:00","mainEntityOfPage":{"@id":"https:\/\/epochtimestr.com\/index.php\/kralice-elizabethin-saglik-durumu-iyi-degil"},"wordCount":183,"publisher":{"@id":"https:\/\/epochtimestr.com\/#organization"},"image":{"@id":"https:\/\/epochtimestr.com\/index.php\/kralice-elizabethin-saglik-durumu-iyi-degil#primaryimage"},"thumbnailUrl":"https:\/\/epochtimestr.com\/wp-content\/uploads\/2011y\/elizabeth.jpg","articleSection":["D\u00dcNYA","G\u00dcNDEM"],"inLanguage":"tr"},{"@type":"WebPage","@id":"https:\/\/epochtimestr.com\/index.php\/kralice-elizabethin-saglik-durumu-iyi-degil","url":"https:\/\/epochtimestr.com\/index.php\/kralice-elizabethin-saglik-durumu-iyi-degil","name":"Krali\u00e7e Elizabeth'in Sa\u011fl\u0131k Durumu \u0130yi De\u011fil - The Epoch Times TR","isPartOf":{"@id":"https:\/\/epochtimestr.com\/#website"},"primaryImageOfPage":{"@id":"https:\/\/epochtimestr.com\/index.php\/kralice-elizabethin-saglik-durumu-iyi-degil#primaryimage"},"image":{"@id":"https:\/\/epochtimestr.com\/index.php\/kralice-elizabethin-saglik-durumu-iyi-degil#primaryimage"},"thumbnailUrl":"https:\/\/epochtimestr.com\/wp-content\/uploads\/2011y\/elizabeth.jpg","datePublished":"2022-03-14T11:20:05+00:00","dateModified":"2022-03-14T11:20:06+00:00","inLanguage":"tr","potentialAction":[{"@type":"ReadAction","target":["https:\/\/epochtimestr.com\/index.php\/kralice-elizabethin-saglik-durumu-iyi-degil"]}]},{"@type":"ImageObject","inLanguage":"tr","@id":"https:\/\/epochtimestr.com\/index.php\/kralice-elizabethin-saglik-durumu-iyi-degil#primaryimage","url":"https:\/\/epochtimestr.com\/wp-content\/uploads\/2011y\/elizabeth.jpg","contentUrl":"https:\/\/epochtimestr.com\/wp-content\/uploads\/2011y\/elizabeth.jpg","width":664,"height":354},{"@type":"WebSite","@id":"https:\/\/epochtimestr.com\/#website","url":"https:\/\/epochtimestr.com\/","name":"The Epoch Times TR","description":"De\u011fi\u015fen D\u00fcnyam\u0131za Taze Bir Bak\u0131\u015f","publisher":{"@id":"https:\/\/epochtimestr.com\/#organization"},"potentialAction":[{"@type":"SearchAction","target":{"@type":"EntryPoint","urlTemplate":"https:\/\/epochtimestr.com\/?s={search_term_string}"},"query-input":"required name=search_term_string"}],"inLanguage":"tr"},{"@type":"Organization","@id":"https:\/\/epochtimestr.com\/#organization","name":"The EpochTimes T\u00fcrkiye","url":"https:\/\/epochtimestr.com\/","logo":{"@type":"ImageObject","inLanguage":"tr","@id":"https:\/\/epochtimestr.com\/#\/schema\/logo\/image\/","url":"https:\/\/epochtimestr.com\/wp-content\/uploads\/2011y\/ET-Logo-YG.jpg","contentUrl":"https:\/\/epochtimestr.com\/wp-content\/uploads\/2011y\/ET-Logo-YG.jpg","width":346,"height":29,"caption":"The EpochTimes T\u00fcrkiye"},"image":{"@id":"https:\/\/epochtimestr.com\/#\/schema\/logo\/image\/"},"sameAs":["https:\/\/www.facebook.com\/theepochtimestr","https:\/\/x.com\/TheEpochTimesTR","https:\/\/www.instagram.com\/epochtimestr"]},{"@type":"Person","@id":"https:\/\/epochtimestr.com\/#\/schema\/person\/3dc5c3adeb9f43923c5aa85889172fdd","name":"Haber Merkezi","image":{"@type":"ImageObject","inLanguage":"tr","@id":"https:\/\/epochtimestr.com\/#\/schema\/person\/image\/","url":"https:\/\/secure.gravatar.com\/avatar\/d73f772ba5a74f28601361e17c2f93e6?s=96&d=mm&r=g","contentUrl":"https:\/\/secure.gravatar.com\/avatar\/d73f772ba5a74f28601361e17c2f93e6?s=96&d=mm&r=g","caption":"Haber Merkezi"},"url":"https:\/\/epochtimestr.com\/index.php\/author\/sendag"}]}},"_links":{"self":[{"href":"https:\/\/epochtimestr.com\/index.php\/wp-json\/wp\/v2\/posts\/138513"}],"collection":[{"href":"https:\/\/epochtimestr.com\/index.php\/wp-json\/wp\/v2\/posts"}],"about":[{"href":"https:\/\/epochtimestr.com\/index.php\/wp-json\/wp\/v2\/types\/post"}],"author":[{"embeddable":true,"href":"https:\/\/epochtimestr.com\/index.php\/wp-json\/wp\/v2\/users\/12791"}],"replies":[{"embeddable":true,"href":"https:\/\/epochtimestr.com\/index.php\/wp-json\/wp\/v2\/comments?post=138513"}],"version-history":[{"count":1,"href":"https:\/\/epochtimestr.com\/index.php\/wp-json\/wp\/v2\/posts\/138513\/revisions"}],"predecessor-version":[{"id":138514,"href":"https:\/\/epochtimestr.com\/index.php\/wp-json\/wp\/v2\/posts\/138513\/revisions\/138514"}],"wp:featuredmedia":[{"embeddable":true,"href":"https:\/\/epochtimestr.com\/index.php\/wp-json\/wp\/v2\/media\/100523"}],"wp:attachment":[{"href":"https:\/\/epochtimestr.com\/index.php\/wp-json\/wp\/v2\/media?parent=138513"}],"wp:term":[{"taxonomy":"category","embeddable":true,"href":"https:\/\/epochtimestr.com\/index.php\/wp-json\/wp\/v2\/categories?post=138513"},{"taxonomy":"post_tag","embeddable":true,"href":"https:\/\/epochtimestr.com\/index.php\/wp-json\/wp\/v2\/tags?post=138513"}],"curies":[{"name":"wp","href":"https:\/\/api.w.org\/{rel}","templated":true}]}}