{"id":138515,"date":"2022-03-14T22:41:56","date_gmt":"2022-03-14T19:41:56","guid":{"rendered":"https:\/\/epochtimestr.com\/?p=138515"},"modified":"2022-03-14T22:41:59","modified_gmt":"2022-03-14T19:41:59","slug":"istanbul-tabip-odasi-uyelerine-polis-mudahalesi","status":"publish","type":"post","link":"https:\/\/epochtimestr.com\/index.php\/istanbul-tabip-odasi-uyelerine-polis-mudahalesi","title":{"rendered":"\u0130stanbul Tabip Odas\u0131 \u00dcyelerine Polis M\u00fcdahalesi"},"content":{"rendered":"\n\n\n<h2 class=\"wp-block-heading\">T\u00fcrk Tabipleri Birli\u011fi, Taksim\u2019deki Atat\u00fcrk an\u0131t\u0131 \u00f6n\u00fcne 14 Mart T\u0131p Bayram\u0131 dolay\u0131s\u0131yla \u00e7elenk b\u0131rakmak istemesi \u00fczerine polis engellemeleriyle kar\u015f\u0131la\u015ft\u0131.\u00a0<\/h2>\n\n\n\n<p>T\u00fcrk Tabipleri Birli\u011fi (TTB), 14 Mart T\u0131p Bayram\u0131&#8217;n\u0131 hastanelerde yap\u0131lan eylemlerle kutluyor.<\/p>\n\n\n\n<p>Hekimlerin ve sa\u011fl\u0131k \u00e7al\u0131\u015fanlar\u0131n\u0131n taleplerini dile getiren TTB, her y\u0131l oldu\u011fu gibi bu y\u0131l da Taksim\u00a0Atat\u00fcrk an\u0131t\u0131na \u00e7elenk b\u0131rakmak istedi ancak polis izin vermedi.<\/p>\n\n\n\n<p>Ya\u015fanan arbedede \u0130stanbul Tabip Odas\u0131 Emekli Hekimler Kolu Ba\u015fkan\u0131 Erdin\u00e7 K\u00f6ksal&#8217;\u0131n yere d\u00fc\u015fmesiyle, hekimler ya\u015fananlara &#8220;Anan\u0131z\u0131, baban\u0131z\u0131 tedavi ettik biz ya. Yapmay\u0131n Allah a\u015fk\u0131na.&#8221; s\u00f6zleriyle isyan etti.<\/p>\n\n\n\n<p>&nbsp;Hekimler, \u201c1919\u2019da i\u015fgal alt\u0131nda kutland\u0131. Yok b\u00f6yle ya\u011fma. Bu memleket bizim. Hi\u00e7 bir yere gitmiyoruz\u201d diye seslendi. Engellemeler devam edince de \u2018utan Erdo\u011fan\u2019 slogan\u0131 atarak polisin davran\u0131\u015f\u0131n\u0131 ele\u015ftirdi.<\/p>\n\n\n\n<p>Hekimlerden biri, \u201c14 Mart T\u0131p Bayram\u0131\u2019nda doktorlar\u0131n \u00f6n\u00fcn\u00fc kesiyorlar, doktorlar\u0131 g\u00f6zalt\u0131na almaya \u00e7al\u0131\u015f\u0131yorlar. Bu ay\u0131pt\u0131r.\u201d diyerek tepki g\u00f6sterirken bir ba\u015fka hekim ise \u201cAnan\u0131z\u0131, baban\u0131z\u0131 tedavi ettik biz ya. Yapmay\u0131n Allah a\u015fk\u0131na.\u201d s\u00f6zleriyle isyan etti.<\/p>\n\n\n\n<p>Arbede s\u0131ras\u0131nda ya\u015fl\u0131 bir hekim yere d\u00fc\u015ft\u00fc. O hekimin \u0130stanbul Tabip Odas\u0131 Emekli Hekimler Kolu Ba\u015fkan\u0131 Erdin\u00e7 K\u00f6ksal oldu\u011fu \u00f6\u011frenildi. \u00c7elenkle Atat\u00fcrk An\u0131t\u0131\u2019na do\u011fru y\u00f6nelen bir hekimi ise &nbsp;polis engelledi.<\/p>\n","protected":false},"excerpt":{"rendered":"<p>T\u00fcrk Tabipleri Birli\u011fi, Taksim\u2019deki Atat\u00fcrk an\u0131t\u0131 \u00f6n\u00fcne 14 Mart T\u0131p Bayram\u0131 dolay\u0131s\u0131yla \u00e7elenk b\u0131rakmak istemesi \u00fczerine polis engellemeleriyle kar\u015f\u0131la\u015ft\u0131.\u00a0 T\u00fcrk Tabipleri Birli\u011fi (TTB), 14 Mart T\u0131p Bayram\u0131&#8217;n\u0131 hastanelerde yap\u0131lan eylemlerle kutluyor. Hekimlerin ve sa\u011fl\u0131k \u00e7al\u0131\u015fanlar\u0131n\u0131n taleplerini dile getiren TTB, her y\u0131l oldu\u011fu gibi bu y\u0131l da Taksim\u00a0Atat\u00fcrk an\u0131t\u0131na \u00e7elenk b\u0131rakmak istedi ancak polis izin vermedi. [&hellip;]<\/p>\n","protected":false},"author":12791,"featured_media":138516,"comment_status":"closed","ping_status":"open","sticky":false,"template":"","format":"standard","meta":{"_yoast_wpseo_focuskw":"","_yoast_wpseo_title":"","_yoast_wpseo_metadesc":"","_bbp_topic_count":0,"_bbp_reply_count":0,"_bbp_total_topic_count":0,"_bbp_total_reply_count":0,"_bbp_voice_count":0,"_bbp_anonymous_reply_count":0,"_bbp_topic_count_hidden":0,"_bbp_reply_count_hidden":0,"_bbp_forum_subforum_count":0,"footnotes":"","_yoast_wpseo_focuskw_text_input":""},"categories":[1,37],"tags":[],"yoast_head":"<!-- This site is optimized with the Yoast SEO plugin v23.0 - https:\/\/yoast.com\/wordpress\/plugins\/seo\/ -->\n<title>\u0130stanbul Tabip Odas\u0131 \u00dcyelerine Polis M\u00fcdahalesi - The Epoch Times TR<\/title>\n<meta name=\"robots\" content=\"index, follow, max-snippet:-1, max-image-preview:large, max-video-preview:-1\" \/>\n<link rel=\"canonical\" href=\"https:\/\/epochtimestr.com\/index.php\/istanbul-tabip-odasi-uyelerine-polis-mudahalesi\" \/>\n<meta property=\"og:locale\" content=\"tr_TR\" \/>\n<meta property=\"og:type\" content=\"article\" \/>\n<meta property=\"og:title\" content=\"\u0130stanbul Tabip Odas\u0131 \u00dcyelerine Polis M\u00fcdahalesi - The Epoch Times TR\" \/>\n<meta property=\"og:description\" content=\"T\u00fcrk Tabipleri Birli\u011fi, Taksim\u2019deki Atat\u00fcrk an\u0131t\u0131 \u00f6n\u00fcne 14 Mart T\u0131p Bayram\u0131 dolay\u0131s\u0131yla \u00e7elenk b\u0131rakmak istemesi \u00fczerine polis engellemeleriyle kar\u015f\u0131la\u015ft\u0131.\u00a0 T\u00fcrk Tabipleri Birli\u011fi (TTB), 14 Mart T\u0131p Bayram\u0131&#8217;n\u0131 hastanelerde yap\u0131lan eylemlerle kutluyor. Hekimlerin ve sa\u011fl\u0131k \u00e7al\u0131\u015fanlar\u0131n\u0131n taleplerini dile getiren TTB, her y\u0131l oldu\u011fu gibi bu y\u0131l da Taksim\u00a0Atat\u00fcrk an\u0131t\u0131na \u00e7elenk b\u0131rakmak istedi ancak polis izin vermedi. [&hellip;]\" \/>\n<meta property=\"og:url\" content=\"https:\/\/epochtimestr.com\/index.php\/istanbul-tabip-odasi-uyelerine-polis-mudahalesi\" \/>\n<meta property=\"og:site_name\" content=\"The Epoch Times TR\" \/>\n<meta property=\"article:publisher\" content=\"https:\/\/www.facebook.com\/theepochtimestr\" \/>\n<meta property=\"article:published_time\" content=\"2022-03-14T19:41:56+00:00\" \/>\n<meta property=\"article:modified_time\" content=\"2022-03-14T19:41:59+00:00\" \/>\n<meta property=\"og:image\" content=\"https:\/\/epochtimestr.com\/wp-content\/uploads\/2011y\/Turktabiplerbirligikonseyi-taksim-arbede.png\" \/>\n\t<meta property=\"og:image:width\" content=\"1073\" \/>\n\t<meta property=\"og:image:height\" content=\"615\" \/>\n\t<meta property=\"og:image:type\" content=\"image\/png\" \/>\n<meta name=\"author\" content=\"Haber Merkezi\" \/>\n<meta name=\"twitter:card\" content=\"summary_large_image\" \/>\n<meta name=\"twitter:creator\" content=\"@TheEpochTimesTR\" \/>\n<meta name=\"twitter:site\" content=\"@TheEpochTimesTR\" \/>\n<meta name=\"twitter:label1\" content=\"Yazan:\" \/>\n\t<meta name=\"twitter:data1\" content=\"Haber Merkezi\" \/>\n\t<meta name=\"twitter:label2\" content=\"Tahmini okuma s\u00fcresi\" \/>\n\t<meta name=\"twitter:data2\" content=\"1 dakika\" \/>\n<script type=\"application\/ld+json\" class=\"yoast-schema-graph\">{\"@context\":\"https:\/\/schema.org\",\"@graph\":[{\"@type\":\"Article\",\"@id\":\"https:\/\/epochtimestr.com\/index.php\/istanbul-tabip-odasi-uyelerine-polis-mudahalesi#article\",\"isPartOf\":{\"@id\":\"https:\/\/epochtimestr.com\/index.php\/istanbul-tabip-odasi-uyelerine-polis-mudahalesi\"},\"author\":{\"name\":\"Haber Merkezi\",\"@id\":\"https:\/\/epochtimestr.com\/#\/schema\/person\/3dc5c3adeb9f43923c5aa85889172fdd\"},\"headline\":\"\u0130stanbul Tabip Odas\u0131 \u00dcyelerine Polis M\u00fcdahalesi\",\"datePublished\":\"2022-03-14T19:41:56+00:00\",\"dateModified\":\"2022-03-14T19:41:59+00:00\",\"mainEntityOfPage\":{\"@id\":\"https:\/\/epochtimestr.com\/index.php\/istanbul-tabip-odasi-uyelerine-polis-mudahalesi\"},\"wordCount\":258,\"publisher\":{\"@id\":\"https:\/\/epochtimestr.com\/#organization\"},\"image\":{\"@id\":\"https:\/\/epochtimestr.com\/index.php\/istanbul-tabip-odasi-uyelerine-polis-mudahalesi#primaryimage\"},\"thumbnailUrl\":\"https:\/\/epochtimestr.com\/wp-content\/uploads\/2011y\/Turktabiplerbirligikonseyi-taksim-arbede.png\",\"articleSection\":[\"G\u00dcNDEM\",\"T\u00dcRK\u0130YE\"],\"inLanguage\":\"tr\"},{\"@type\":\"WebPage\",\"@id\":\"https:\/\/epochtimestr.com\/index.php\/istanbul-tabip-odasi-uyelerine-polis-mudahalesi\",\"url\":\"https:\/\/epochtimestr.com\/index.php\/istanbul-tabip-odasi-uyelerine-polis-mudahalesi\",\"name\":\"\u0130stanbul Tabip Odas\u0131 \u00dcyelerine Polis M\u00fcdahalesi - The Epoch Times TR\",\"isPartOf\":{\"@id\":\"https:\/\/epochtimestr.com\/#website\"},\"primaryImageOfPage\":{\"@id\":\"https:\/\/epochtimestr.com\/index.php\/istanbul-tabip-odasi-uyelerine-polis-mudahalesi#primaryimage\"},\"image\":{\"@id\":\"https:\/\/epochtimestr.com\/index.php\/istanbul-tabip-odasi-uyelerine-polis-mudahalesi#primaryimage\"},\"thumbnailUrl\":\"https:\/\/epochtimestr.com\/wp-content\/uploads\/2011y\/Turktabiplerbirligikonseyi-taksim-arbede.png\",\"datePublished\":\"2022-03-14T19:41:56+00:00\",\"dateModified\":\"2022-03-14T19:41:59+00:00\",\"inLanguage\":\"tr\",\"potentialAction\":[{\"@type\":\"ReadAction\",\"target\":[\"https:\/\/epochtimestr.com\/index.php\/istanbul-tabip-odasi-uyelerine-polis-mudahalesi\"]}]},{\"@type\":\"ImageObject\",\"inLanguage\":\"tr\",\"@id\":\"https:\/\/epochtimestr.com\/index.php\/istanbul-tabip-odasi-uyelerine-polis-mudahalesi#primaryimage\",\"url\":\"https:\/\/epochtimestr.com\/wp-content\/uploads\/2011y\/Turktabiplerbirligikonseyi-taksim-arbede.png\",\"contentUrl\":\"https:\/\/epochtimestr.com\/wp-content\/uploads\/2011y\/Turktabiplerbirligikonseyi-taksim-arbede.png\",\"width\":1073,\"height\":615},{\"@type\":\"WebSite\",\"@id\":\"https:\/\/epochtimestr.com\/#website\",\"url\":\"https:\/\/epochtimestr.com\/\",\"name\":\"The Epoch Times TR\",\"description\":\"De\u011fi\u015fen D\u00fcnyam\u0131za Taze Bir Bak\u0131\u015f\",\"publisher\":{\"@id\":\"https:\/\/epochtimestr.com\/#organization\"},\"potentialAction\":[{\"@type\":\"SearchAction\",\"target\":{\"@type\":\"EntryPoint\",\"urlTemplate\":\"https:\/\/epochtimestr.com\/?s={search_term_string}\"},\"query-input\":\"required name=search_term_string\"}],\"inLanguage\":\"tr\"},{\"@type\":\"Organization\",\"@id\":\"https:\/\/epochtimestr.com\/#organization\",\"name\":\"The EpochTimes T\u00fcrkiye\",\"url\":\"https:\/\/epochtimestr.com\/\",\"logo\":{\"@type\":\"ImageObject\",\"inLanguage\":\"tr\",\"@id\":\"https:\/\/epochtimestr.com\/#\/schema\/logo\/image\/\",\"url\":\"https:\/\/epochtimestr.com\/wp-content\/uploads\/2011y\/ET-Logo-YG.jpg\",\"contentUrl\":\"https:\/\/epochtimestr.com\/wp-content\/uploads\/2011y\/ET-Logo-YG.jpg\",\"width\":346,\"height\":29,\"caption\":\"The EpochTimes T\u00fcrkiye\"},\"image\":{\"@id\":\"https:\/\/epochtimestr.com\/#\/schema\/logo\/image\/\"},\"sameAs\":[\"https:\/\/www.facebook.com\/theepochtimestr\",\"https:\/\/x.com\/TheEpochTimesTR\",\"https:\/\/www.instagram.com\/epochtimestr\"]},{\"@type\":\"Person\",\"@id\":\"https:\/\/epochtimestr.com\/#\/schema\/person\/3dc5c3adeb9f43923c5aa85889172fdd\",\"name\":\"Haber Merkezi\",\"image\":{\"@type\":\"ImageObject\",\"inLanguage\":\"tr\",\"@id\":\"https:\/\/epochtimestr.com\/#\/schema\/person\/image\/\",\"url\":\"https:\/\/secure.gravatar.com\/avatar\/d73f772ba5a74f28601361e17c2f93e6?s=96&d=mm&r=g\",\"contentUrl\":\"https:\/\/secure.gravatar.com\/avatar\/d73f772ba5a74f28601361e17c2f93e6?s=96&d=mm&r=g\",\"caption\":\"Haber Merkezi\"},\"url\":\"https:\/\/epochtimestr.com\/index.php\/author\/sendag\"}]}<\/script>\n<!-- \/ Yoast SEO plugin. -->","yoast_head_json":{"title":"\u0130stanbul Tabip Odas\u0131 \u00dcyelerine Polis M\u00fcdahalesi - The Epoch Times TR","robots":{"index":"index","follow":"follow","max-snippet":"max-snippet:-1","max-image-preview":"max-image-preview:large","max-video-preview":"max-video-preview:-1"},"canonical":"https:\/\/epochtimestr.com\/index.php\/istanbul-tabip-odasi-uyelerine-polis-mudahalesi","og_locale":"tr_TR","og_type":"article","og_title":"\u0130stanbul Tabip Odas\u0131 \u00dcyelerine Polis M\u00fcdahalesi - The Epoch Times TR","og_description":"T\u00fcrk Tabipleri Birli\u011fi, Taksim\u2019deki Atat\u00fcrk an\u0131t\u0131 \u00f6n\u00fcne 14 Mart T\u0131p Bayram\u0131 dolay\u0131s\u0131yla \u00e7elenk b\u0131rakmak istemesi \u00fczerine polis engellemeleriyle kar\u015f\u0131la\u015ft\u0131.\u00a0 T\u00fcrk Tabipleri Birli\u011fi (TTB), 14 Mart T\u0131p Bayram\u0131&#8217;n\u0131 hastanelerde yap\u0131lan eylemlerle kutluyor. Hekimlerin ve sa\u011fl\u0131k \u00e7al\u0131\u015fanlar\u0131n\u0131n taleplerini dile getiren TTB, her y\u0131l oldu\u011fu gibi bu y\u0131l da Taksim\u00a0Atat\u00fcrk an\u0131t\u0131na \u00e7elenk b\u0131rakmak istedi ancak polis izin vermedi. [&hellip;]","og_url":"https:\/\/epochtimestr.com\/index.php\/istanbul-tabip-odasi-uyelerine-polis-mudahalesi","og_site_name":"The Epoch Times TR","article_publisher":"https:\/\/www.facebook.com\/theepochtimestr","article_published_time":"2022-03-14T19:41:56+00:00","article_modified_time":"2022-03-14T19:41:59+00:00","og_image":[{"width":1073,"height":615,"url":"https:\/\/epochtimestr.com\/wp-content\/uploads\/2011y\/Turktabiplerbirligikonseyi-taksim-arbede.png","type":"image\/png"}],"author":"Haber Merkezi","twitter_card":"summary_large_image","twitter_creator":"@TheEpochTimesTR","twitter_site":"@TheEpochTimesTR","twitter_misc":{"Yazan:":"Haber Merkezi","Tahmini okuma s\u00fcresi":"1 dakika"},"schema":{"@context":"https:\/\/schema.org","@graph":[{"@type":"Article","@id":"https:\/\/epochtimestr.com\/index.php\/istanbul-tabip-odasi-uyelerine-polis-mudahalesi#article","isPartOf":{"@id":"https:\/\/epochtimestr.com\/index.php\/istanbul-tabip-odasi-uyelerine-polis-mudahalesi"},"author":{"name":"Haber Merkezi","@id":"https:\/\/epochtimestr.com\/#\/schema\/person\/3dc5c3adeb9f43923c5aa85889172fdd"},"headline":"\u0130stanbul Tabip Odas\u0131 \u00dcyelerine Polis M\u00fcdahalesi","datePublished":"2022-03-14T19:41:56+00:00","dateModified":"2022-03-14T19:41:59+00:00","mainEntityOfPage":{"@id":"https:\/\/epochtimestr.com\/index.php\/istanbul-tabip-odasi-uyelerine-polis-mudahalesi"},"wordCount":258,"publisher":{"@id":"https:\/\/epochtimestr.com\/#organization"},"image":{"@id":"https:\/\/epochtimestr.com\/index.php\/istanbul-tabip-odasi-uyelerine-polis-mudahalesi#primaryimage"},"thumbnailUrl":"https:\/\/epochtimestr.com\/wp-content\/uploads\/2011y\/Turktabiplerbirligikonseyi-taksim-arbede.png","articleSection":["G\u00dcNDEM","T\u00dcRK\u0130YE"],"inLanguage":"tr"},{"@type":"WebPage","@id":"https:\/\/epochtimestr.com\/index.php\/istanbul-tabip-odasi-uyelerine-polis-mudahalesi","url":"https:\/\/epochtimestr.com\/index.php\/istanbul-tabip-odasi-uyelerine-polis-mudahalesi","name":"\u0130stanbul Tabip Odas\u0131 \u00dcyelerine Polis M\u00fcdahalesi - The Epoch Times TR","isPartOf":{"@id":"https:\/\/epochtimestr.com\/#website"},"primaryImageOfPage":{"@id":"https:\/\/epochtimestr.com\/index.php\/istanbul-tabip-odasi-uyelerine-polis-mudahalesi#primaryimage"},"image":{"@id":"https:\/\/epochtimestr.com\/index.php\/istanbul-tabip-odasi-uyelerine-polis-mudahalesi#primaryimage"},"thumbnailUrl":"https:\/\/epochtimestr.com\/wp-content\/uploads\/2011y\/Turktabiplerbirligikonseyi-taksim-arbede.png","datePublished":"2022-03-14T19:41:56+00:00","dateModified":"2022-03-14T19:41:59+00:00","inLanguage":"tr","potentialAction":[{"@type":"ReadAction","target":["https:\/\/epochtimestr.com\/index.php\/istanbul-tabip-odasi-uyelerine-polis-mudahalesi"]}]},{"@type":"ImageObject","inLanguage":"tr","@id":"https:\/\/epochtimestr.com\/index.php\/istanbul-tabip-odasi-uyelerine-polis-mudahalesi#primaryimage","url":"https:\/\/epochtimestr.com\/wp-content\/uploads\/2011y\/Turktabiplerbirligikonseyi-taksim-arbede.png","contentUrl":"https:\/\/epochtimestr.com\/wp-content\/uploads\/2011y\/Turktabiplerbirligikonseyi-taksim-arbede.png","width":1073,"height":615},{"@type":"WebSite","@id":"https:\/\/epochtimestr.com\/#website","url":"https:\/\/epochtimestr.com\/","name":"The Epoch Times TR","description":"De\u011fi\u015fen D\u00fcnyam\u0131za Taze Bir Bak\u0131\u015f","publisher":{"@id":"https:\/\/epochtimestr.com\/#organization"},"potentialAction":[{"@type":"SearchAction","target":{"@type":"EntryPoint","urlTemplate":"https:\/\/epochtimestr.com\/?s={search_term_string}"},"query-input":"required name=search_term_string"}],"inLanguage":"tr"},{"@type":"Organization","@id":"https:\/\/epochtimestr.com\/#organization","name":"The EpochTimes T\u00fcrkiye","url":"https:\/\/epochtimestr.com\/","logo":{"@type":"ImageObject","inLanguage":"tr","@id":"https:\/\/epochtimestr.com\/#\/schema\/logo\/image\/","url":"https:\/\/epochtimestr.com\/wp-content\/uploads\/2011y\/ET-Logo-YG.jpg","contentUrl":"https:\/\/epochtimestr.com\/wp-content\/uploads\/2011y\/ET-Logo-YG.jpg","width":346,"height":29,"caption":"The EpochTimes T\u00fcrkiye"},"image":{"@id":"https:\/\/epochtimestr.com\/#\/schema\/logo\/image\/"},"sameAs":["https:\/\/www.facebook.com\/theepochtimestr","https:\/\/x.com\/TheEpochTimesTR","https:\/\/www.instagram.com\/epochtimestr"]},{"@type":"Person","@id":"https:\/\/epochtimestr.com\/#\/schema\/person\/3dc5c3adeb9f43923c5aa85889172fdd","name":"Haber Merkezi","image":{"@type":"ImageObject","inLanguage":"tr","@id":"https:\/\/epochtimestr.com\/#\/schema\/person\/image\/","url":"https:\/\/secure.gravatar.com\/avatar\/d73f772ba5a74f28601361e17c2f93e6?s=96&d=mm&r=g","contentUrl":"https:\/\/secure.gravatar.com\/avatar\/d73f772ba5a74f28601361e17c2f93e6?s=96&d=mm&r=g","caption":"Haber Merkezi"},"url":"https:\/\/epochtimestr.com\/index.php\/author\/sendag"}]}},"_links":{"self":[{"href":"https:\/\/epochtimestr.com\/index.php\/wp-json\/wp\/v2\/posts\/138515"}],"collection":[{"href":"https:\/\/epochtimestr.com\/index.php\/wp-json\/wp\/v2\/posts"}],"about":[{"href":"https:\/\/epochtimestr.com\/index.php\/wp-json\/wp\/v2\/types\/post"}],"author":[{"embeddable":true,"href":"https:\/\/epochtimestr.com\/index.php\/wp-json\/wp\/v2\/users\/12791"}],"replies":[{"embeddable":true,"href":"https:\/\/epochtimestr.com\/index.php\/wp-json\/wp\/v2\/comments?post=138515"}],"version-history":[{"count":2,"href":"https:\/\/epochtimestr.com\/index.php\/wp-json\/wp\/v2\/posts\/138515\/revisions"}],"predecessor-version":[{"id":138518,"href":"https:\/\/epochtimestr.com\/index.php\/wp-json\/wp\/v2\/posts\/138515\/revisions\/138518"}],"wp:featuredmedia":[{"embeddable":true,"href":"https:\/\/epochtimestr.com\/index.php\/wp-json\/wp\/v2\/media\/138516"}],"wp:attachment":[{"href":"https:\/\/epochtimestr.com\/index.php\/wp-json\/wp\/v2\/media?parent=138515"}],"wp:term":[{"taxonomy":"category","embeddable":true,"href":"https:\/\/epochtimestr.com\/index.php\/wp-json\/wp\/v2\/categories?post=138515"},{"taxonomy":"post_tag","embeddable":true,"href":"https:\/\/epochtimestr.com\/index.php\/wp-json\/wp\/v2\/tags?post=138515"}],"curies":[{"name":"wp","href":"https:\/\/api.w.org\/{rel}","templated":true}]}}