{"id":138519,"date":"2022-03-15T19:44:09","date_gmt":"2022-03-15T16:44:09","guid":{"rendered":"https:\/\/epochtimestr.com\/?p=138519"},"modified":"2022-03-15T19:44:13","modified_gmt":"2022-03-15T16:44:13","slug":"cinden-rus-isgalini-net-sekilde-kinamasini-bekliyoruz","status":"publish","type":"post","link":"https:\/\/epochtimestr.com\/index.php\/cinden-rus-isgalini-net-sekilde-kinamasini-bekliyoruz","title":{"rendered":"&#8220;\u00c7in&#8217;den Rus \u0130\u015fgalini Net \u015eekilde K\u0131namas\u0131n\u0131 Bekliyoruz&#8221;"},"content":{"rendered":"\n<div class=\"wp-block-image\"><figure class=\"aligncenter size-large\"><img loading=\"lazy\" decoding=\"async\" width=\"600\" height=\"320\" src=\"https:\/\/epochtimestr.com\/wp-content\/uploads\/2011y\/1859930-1-600x320.jpg\" alt=\"\" class=\"wp-image-109196\" srcset=\"https:\/\/epochtimestr.com\/wp-content\/uploads\/2011y\/1859930-1-600x320.jpg 600w, https:\/\/epochtimestr.com\/wp-content\/uploads\/2011y\/1859930-1-150x80.jpg 150w, https:\/\/epochtimestr.com\/wp-content\/uploads\/2011y\/1859930-1-300x160.jpg 300w, https:\/\/epochtimestr.com\/wp-content\/uploads\/2011y\/1859930-1-292x156.jpg 292w, https:\/\/epochtimestr.com\/wp-content\/uploads\/2011y\/1859930-1-638x340.jpg 638w, https:\/\/epochtimestr.com\/wp-content\/uploads\/2011y\/1859930-1-190x100.jpg 190w, https:\/\/epochtimestr.com\/wp-content\/uploads\/2011y\/1859930-1-629x335.jpg 629w, https:\/\/epochtimestr.com\/wp-content\/uploads\/2011y\/1859930-1.jpg 664w\" sizes=\"(max-width: 600px) 100vw, 600px\" \/><\/figure><\/div>\n\n\n\n<h2 class=\"wp-block-heading\">NATO Genel Sekreteri Jens Stoltenberg, yar\u0131n yap\u0131lacak NATO Savunma Bakanlar\u0131 toplant\u0131s\u0131 \u00f6ncesinde Pekin&#8217;e \u00e7a\u011fr\u0131 yaparak, &#8220;\u00c7in&#8217;den Rusya&#8217;n\u0131n i\u015fgalini net bir \u015fekilde k\u0131namas\u0131n\u0131 bekliyoruz&#8221; dedi.<\/h2>\n\n\n\n<p>Stoltenberg, yar\u0131n yap\u0131lacak NATO Savunma Bakanlar\u0131 ola\u011fan\u00fcst\u00fc toplant\u0131s\u0131ndan \u00f6nce Br\u00fcksel&#8217;de bir bas\u0131n toplant\u0131s\u0131 d\u00fczenleyerek, Ukrayna&#8217;n\u0131n i\u015fgalinin 20&#8217;nci g\u00fcn\u00fcnde son geli\u015fmeleri de\u011ferlendirdi. Rus sald\u0131r\u0131s\u0131n\u0131n ard\u0131ndan, NATO&#8217;nun askeri duru\u015funu bu yeni ger\u00e7ekli\u011fe uyarlamak gerekti\u011fini kaydeden Stoltenberg, &#8220;Yar\u0131n bakanlar \u00e7ok \u00f6nemli g\u00f6r\u00fc\u015fmeler yapacak ve uzun vadede b\u00f6lgedeki g\u00fcvenli\u011fimizi sa\u011flamak i\u00e7in \u00f6nemli kararlar alacaklar. Bu da karada askeri g\u00fcc\u00fcm\u00fcz\u00fcn b\u00fcy\u00fck oranda artt\u0131r\u0131lmas\u0131 anlam\u0131na gelecek&#8221; dedi.<\/p>\n\n\n\n<p>Genel Sekreter, &#8220;NATO&#8217;nun do\u011fu kanad\u0131nda teyakkuz seviyesinin artt\u0131r\u0131lmas\u0131, b\u00f6lgede konu\u015fland\u0131r\u0131lm\u0131\u015f te\u00e7hizat ve ekipman\u0131n yan\u0131s\u0131ra, hava g\u00fcc\u00fcn\u00fcn g\u00fc\u00e7lendirilmesi, entegre f\u00fcze savunmas\u0131n\u0131n sa\u011flanmas\u0131, daha b\u00fcy\u00fck tatbikatlar\u0131n yap\u0131lmas\u0131 ve siber sald\u0131r\u0131 ile m\u00fccadele y\u00f6ntemlerinin&#8221; bu tedbirler aras\u0131nda yer alaca\u011f\u0131n\u0131 s\u00f6yledi.<\/p>\n\n\n\n<p>NATO&#8217;nun askeri komutanlar\u0131n\u0131n Haziran ay\u0131nda \u0130spanya\u2019n\u0131n Madrid kentinde yap\u0131lacak NATO Zirvesi \u00f6ncesinde yeni planlar sunmas\u0131n\u0131 beklediklerini kaydeden Stoltenberg, &#8220;Almanya ve di\u011fer m\u00fcttefiklerin savunma yat\u0131r\u0131mlar\u0131n\u0131 y\u00fczde 2&#8217;nin \u00fczerine \u00e7\u0131karma kararlar\u0131ndan memnuniyet duyduklar\u0131n\u0131n ve b\u00fct\u00fcn m\u00fcttefiklerden savunma yat\u0131r\u0131mlar\u0131n\u0131 artt\u0131rmalar\u0131n\u0131&#8221; beklediklerini vurgulad\u0131.<\/p>\n\n\n\n<p>&#8220;\u00c7in&#8217;in Rusya&#8217;ya askeri destek sa\u011flad\u0131\u011f\u0131na ili\u015fkin NATO&#8217;nun elinde bir bilgi olup olmad\u0131\u011f\u0131 sorusuna Genel Sekreter, &#8220;Buradaki geli\u015fmeleri de yak\u0131ndan izliyoruz. Herhangi bir destek olup olmad\u0131\u011f\u0131n\u0131 yak\u0131ndan izliyoruz. Rusya&#8217;ya yap\u0131lacak her t\u00fcrl\u00fc destek, sivil \u00f6l\u00fcmlerine, sivil ac\u0131lara, b\u00fcy\u00fck y\u0131k\u0131ma yol a\u00e7an bir sava\u015fa destek olmak anlam\u0131na gelir. \u00c7in&#8217;in BM \u00fcyesi olarak uluslararas\u0131 hukuku el \u00fcst\u00fcnde tutma y\u00fck\u00fcml\u00fcl\u00fc\u011f\u00fc var. \u00c7in&#8217;den Rusya&#8217;n\u0131n i\u015fgalini net bir \u015fekilde k\u0131namas\u0131n\u0131 bekliyoruz. \u00c7in, Ukrayna&#8217;n\u0131n Rusya taraf\u0131ndan vah\u015fice i\u015fgalini \u015fiddetle k\u0131namak i\u00e7in d\u00fcnyan\u0131n geri kalan\u0131na kat\u0131lmal\u0131&#8221; yan\u0131t\u0131n\u0131 verdi.<\/p>\n\n\n\n<p>Stoltenberg, &#8220;NATO olarak hangi e\u015fik a\u015f\u0131l\u0131rsa m\u00fcdahale edeceksiniz?&#8221; sorusuna ise, &#8220;NATO&#8217;nun temel sorumlulu\u011fu, t\u00fcm NATO m\u00fcttefiklerini yani yery\u00fcz\u00fcnde 1 milyarl\u0131k bir n\u00fcfusu korumakt\u0131r. Avrupa&#8217;da 100 bin ABD askeri de dahil olmak \u00fczere ittifak genelinde y\u00fcz binlerce asker y\u00fcksek alarmda. Bir m\u00fcttefike yap\u0131lan sald\u0131r\u0131, t\u00fcm ittifak taraf\u0131ndan kesin bir yan\u0131tla kar\u015f\u0131lanacakt\u0131r. Avrupa&#8217;da ittifak\u0131n do\u011fu kanad\u0131ndaki varl\u0131\u011f\u0131m\u0131z\u0131 art\u0131rd\u0131k, bir m\u00fcttefike yap\u0131lan sald\u0131r\u0131 herkese sald\u0131r\u0131 anlam\u0131na geliyor. Her kar\u0131\u015f topra\u011f\u0131m\u0131z\u0131 koruyaca\u011f\u0131z. Ama elbette kaza durumu olabilir. B\u00f6yle durumlarda, kontroldan \u00e7\u0131kan bir duruma yol a\u00e7mamak i\u00e7in, \u00e7ok yak\u0131ndan s\u0131n\u0131r ve hava sahas\u0131n\u0131 denetliyoruz&#8221; yan\u0131t\u0131n\u0131 verdi.<\/p>\n\n\n\n<p>\u0130ttifak olarak NATO&#8217;nun sorumlulu\u011funun &#8220;m\u00fcttefiklerini korumak oldu\u011funu&#8221; yineleyen Jens Stoltenberg, &#8220;Bunu net bir \u015fekilde g\u00f6steriyoruz. Ama Rusya ve Putin, Ukrayna&#8217;n\u0131n i\u015fgalinden sorunlu ve burada sava\u015f\u0131 bitirmesi gereken de Putin&#8217;dir&#8221; diye konu\u015ftu.<\/p>\n\n\n\n<p>Rus ve Ukrayna heyetleri aras\u0131ndaki m\u00fczakereler s\u00fcrerken, NATO Savunma Bakanlar\u0131 toplant\u0131s\u0131 \u00f6ncesinde a\u00e7\u0131klamalar yapan Ukrayna Cumhurba\u015fkan\u0131 Volodimir Zelenski&#8217;de &#8220;Ukrayna NATO&#8217;ya \u00fcye olamayacak&#8221; dedi.<\/p>\n\n\n\n<p>Zelenski, \u0130ngiltere taraf\u0131ndan organize edilen video konferans arac\u0131l\u0131\u011f\u0131yla yap\u0131lan bir toplant\u0131 s\u0131ras\u0131nda, &#8220;Y\u0131llarca, Ukrayna&#8217;ya NATO&#8217;nun kap\u0131lar\u0131n\u0131n a\u00e7\u0131k oldu\u011funu duyduk. Ama ayn\u0131 zamanda, \u00fcye olamayaca\u011f\u0131m\u0131z\u0131 da duyduk. Bu bir ger\u00e7ek ve bunu kabul etmek gerekir&#8221; diye konu\u015ftu.<\/p>\n","protected":false},"excerpt":{"rendered":"<p>NATO Genel Sekreteri Jens Stoltenberg, yar\u0131n yap\u0131lacak NATO Savunma Bakanlar\u0131 toplant\u0131s\u0131 \u00f6ncesinde Pekin&#8217;e \u00e7a\u011fr\u0131 yaparak, &#8220;\u00c7in&#8217;den Rusya&#8217;n\u0131n i\u015fgalini net bir \u015fekilde k\u0131namas\u0131n\u0131 bekliyoruz&#8221; dedi. Stoltenberg, yar\u0131n yap\u0131lacak NATO Savunma Bakanlar\u0131 ola\u011fan\u00fcst\u00fc toplant\u0131s\u0131ndan \u00f6nce Br\u00fcksel&#8217;de bir bas\u0131n toplant\u0131s\u0131 d\u00fczenleyerek, Ukrayna&#8217;n\u0131n i\u015fgalinin 20&#8217;nci g\u00fcn\u00fcnde son geli\u015fmeleri de\u011ferlendirdi. Rus sald\u0131r\u0131s\u0131n\u0131n ard\u0131ndan, NATO&#8217;nun askeri duru\u015funu bu yeni ger\u00e7ekli\u011fe uyarlamak [&hellip;]<\/p>\n","protected":false},"author":12791,"featured_media":109196,"comment_status":"closed","ping_status":"open","sticky":false,"template":"","format":"standard","meta":{"_yoast_wpseo_focuskw":"","_yoast_wpseo_title":"","_yoast_wpseo_metadesc":"","_bbp_topic_count":0,"_bbp_reply_count":0,"_bbp_total_topic_count":0,"_bbp_total_reply_count":0,"_bbp_voice_count":0,"_bbp_anonymous_reply_count":0,"_bbp_topic_count_hidden":0,"_bbp_reply_count_hidden":0,"_bbp_forum_subforum_count":0,"footnotes":"","_yoast_wpseo_focuskw_text_input":""},"categories":[5,1,8138],"tags":[],"yoast_head":"<!-- This site is optimized with the Yoast SEO plugin v23.0 - https:\/\/yoast.com\/wordpress\/plugins\/seo\/ -->\n<title>&quot;\u00c7in&#039;den Rus \u0130\u015fgalini Net \u015eekilde K\u0131namas\u0131n\u0131 Bekliyoruz&quot; - The Epoch Times TR<\/title>\n<meta name=\"robots\" content=\"index, follow, max-snippet:-1, max-image-preview:large, max-video-preview:-1\" \/>\n<link rel=\"canonical\" href=\"https:\/\/epochtimestr.com\/index.php\/cinden-rus-isgalini-net-sekilde-kinamasini-bekliyoruz\" \/>\n<meta property=\"og:locale\" content=\"tr_TR\" \/>\n<meta property=\"og:type\" content=\"article\" \/>\n<meta property=\"og:title\" content=\"&quot;\u00c7in&#039;den Rus \u0130\u015fgalini Net \u015eekilde K\u0131namas\u0131n\u0131 Bekliyoruz&quot; - The Epoch Times TR\" \/>\n<meta property=\"og:description\" content=\"NATO Genel Sekreteri Jens Stoltenberg, yar\u0131n yap\u0131lacak NATO Savunma Bakanlar\u0131 toplant\u0131s\u0131 \u00f6ncesinde Pekin&#8217;e \u00e7a\u011fr\u0131 yaparak, &#8220;\u00c7in&#8217;den Rusya&#8217;n\u0131n i\u015fgalini net bir \u015fekilde k\u0131namas\u0131n\u0131 bekliyoruz&#8221; dedi. Stoltenberg, yar\u0131n yap\u0131lacak NATO Savunma Bakanlar\u0131 ola\u011fan\u00fcst\u00fc toplant\u0131s\u0131ndan \u00f6nce Br\u00fcksel&#8217;de bir bas\u0131n toplant\u0131s\u0131 d\u00fczenleyerek, Ukrayna&#8217;n\u0131n i\u015fgalinin 20&#8217;nci g\u00fcn\u00fcnde son geli\u015fmeleri de\u011ferlendirdi. Rus sald\u0131r\u0131s\u0131n\u0131n ard\u0131ndan, NATO&#8217;nun askeri duru\u015funu bu yeni ger\u00e7ekli\u011fe uyarlamak [&hellip;]\" \/>\n<meta property=\"og:url\" content=\"https:\/\/epochtimestr.com\/index.php\/cinden-rus-isgalini-net-sekilde-kinamasini-bekliyoruz\" \/>\n<meta property=\"og:site_name\" content=\"The Epoch Times TR\" \/>\n<meta property=\"article:publisher\" content=\"https:\/\/www.facebook.com\/theepochtimestr\" \/>\n<meta property=\"article:published_time\" content=\"2022-03-15T16:44:09+00:00\" \/>\n<meta property=\"article:modified_time\" content=\"2022-03-15T16:44:13+00:00\" \/>\n<meta property=\"og:image\" content=\"https:\/\/epochtimestr.com\/wp-content\/uploads\/2011y\/1859930-1.jpg\" \/>\n\t<meta property=\"og:image:width\" content=\"664\" \/>\n\t<meta property=\"og:image:height\" content=\"354\" \/>\n\t<meta property=\"og:image:type\" content=\"image\/jpeg\" \/>\n<meta name=\"author\" content=\"Haber Merkezi\" \/>\n<meta name=\"twitter:card\" content=\"summary_large_image\" \/>\n<meta name=\"twitter:creator\" content=\"@TheEpochTimesTR\" \/>\n<meta name=\"twitter:site\" content=\"@TheEpochTimesTR\" \/>\n<meta name=\"twitter:label1\" content=\"Yazan:\" \/>\n\t<meta name=\"twitter:data1\" content=\"Haber Merkezi\" \/>\n\t<meta name=\"twitter:label2\" content=\"Tahmini okuma s\u00fcresi\" \/>\n\t<meta name=\"twitter:data2\" content=\"3 dakika\" \/>\n<script type=\"application\/ld+json\" class=\"yoast-schema-graph\">{\"@context\":\"https:\/\/schema.org\",\"@graph\":[{\"@type\":\"Article\",\"@id\":\"https:\/\/epochtimestr.com\/index.php\/cinden-rus-isgalini-net-sekilde-kinamasini-bekliyoruz#article\",\"isPartOf\":{\"@id\":\"https:\/\/epochtimestr.com\/index.php\/cinden-rus-isgalini-net-sekilde-kinamasini-bekliyoruz\"},\"author\":{\"name\":\"Haber Merkezi\",\"@id\":\"https:\/\/epochtimestr.com\/#\/schema\/person\/3dc5c3adeb9f43923c5aa85889172fdd\"},\"headline\":\"&#8220;\u00c7in&#8217;den Rus \u0130\u015fgalini Net \u015eekilde K\u0131namas\u0131n\u0131 Bekliyoruz&#8221;\",\"datePublished\":\"2022-03-15T16:44:09+00:00\",\"dateModified\":\"2022-03-15T16:44:13+00:00\",\"mainEntityOfPage\":{\"@id\":\"https:\/\/epochtimestr.com\/index.php\/cinden-rus-isgalini-net-sekilde-kinamasini-bekliyoruz\"},\"wordCount\":646,\"publisher\":{\"@id\":\"https:\/\/epochtimestr.com\/#organization\"},\"image\":{\"@id\":\"https:\/\/epochtimestr.com\/index.php\/cinden-rus-isgalini-net-sekilde-kinamasini-bekliyoruz#primaryimage\"},\"thumbnailUrl\":\"https:\/\/epochtimestr.com\/wp-content\/uploads\/2011y\/1859930-1.jpg\",\"articleSection\":[\"D\u00dcNYA\",\"G\u00dcNDEM\",\"MAN\u015eET\"],\"inLanguage\":\"tr\"},{\"@type\":\"WebPage\",\"@id\":\"https:\/\/epochtimestr.com\/index.php\/cinden-rus-isgalini-net-sekilde-kinamasini-bekliyoruz\",\"url\":\"https:\/\/epochtimestr.com\/index.php\/cinden-rus-isgalini-net-sekilde-kinamasini-bekliyoruz\",\"name\":\"\\\"\u00c7in'den Rus \u0130\u015fgalini Net \u015eekilde K\u0131namas\u0131n\u0131 Bekliyoruz\\\" - The Epoch Times TR\",\"isPartOf\":{\"@id\":\"https:\/\/epochtimestr.com\/#website\"},\"primaryImageOfPage\":{\"@id\":\"https:\/\/epochtimestr.com\/index.php\/cinden-rus-isgalini-net-sekilde-kinamasini-bekliyoruz#primaryimage\"},\"image\":{\"@id\":\"https:\/\/epochtimestr.com\/index.php\/cinden-rus-isgalini-net-sekilde-kinamasini-bekliyoruz#primaryimage\"},\"thumbnailUrl\":\"https:\/\/epochtimestr.com\/wp-content\/uploads\/2011y\/1859930-1.jpg\",\"datePublished\":\"2022-03-15T16:44:09+00:00\",\"dateModified\":\"2022-03-15T16:44:13+00:00\",\"inLanguage\":\"tr\",\"potentialAction\":[{\"@type\":\"ReadAction\",\"target\":[\"https:\/\/epochtimestr.com\/index.php\/cinden-rus-isgalini-net-sekilde-kinamasini-bekliyoruz\"]}]},{\"@type\":\"ImageObject\",\"inLanguage\":\"tr\",\"@id\":\"https:\/\/epochtimestr.com\/index.php\/cinden-rus-isgalini-net-sekilde-kinamasini-bekliyoruz#primaryimage\",\"url\":\"https:\/\/epochtimestr.com\/wp-content\/uploads\/2011y\/1859930-1.jpg\",\"contentUrl\":\"https:\/\/epochtimestr.com\/wp-content\/uploads\/2011y\/1859930-1.jpg\",\"width\":664,\"height\":354},{\"@type\":\"WebSite\",\"@id\":\"https:\/\/epochtimestr.com\/#website\",\"url\":\"https:\/\/epochtimestr.com\/\",\"name\":\"The Epoch Times TR\",\"description\":\"De\u011fi\u015fen D\u00fcnyam\u0131za Taze Bir Bak\u0131\u015f\",\"publisher\":{\"@id\":\"https:\/\/epochtimestr.com\/#organization\"},\"potentialAction\":[{\"@type\":\"SearchAction\",\"target\":{\"@type\":\"EntryPoint\",\"urlTemplate\":\"https:\/\/epochtimestr.com\/?s={search_term_string}\"},\"query-input\":\"required name=search_term_string\"}],\"inLanguage\":\"tr\"},{\"@type\":\"Organization\",\"@id\":\"https:\/\/epochtimestr.com\/#organization\",\"name\":\"The EpochTimes T\u00fcrkiye\",\"url\":\"https:\/\/epochtimestr.com\/\",\"logo\":{\"@type\":\"ImageObject\",\"inLanguage\":\"tr\",\"@id\":\"https:\/\/epochtimestr.com\/#\/schema\/logo\/image\/\",\"url\":\"https:\/\/epochtimestr.com\/wp-content\/uploads\/2011y\/ET-Logo-YG.jpg\",\"contentUrl\":\"https:\/\/epochtimestr.com\/wp-content\/uploads\/2011y\/ET-Logo-YG.jpg\",\"width\":346,\"height\":29,\"caption\":\"The EpochTimes T\u00fcrkiye\"},\"image\":{\"@id\":\"https:\/\/epochtimestr.com\/#\/schema\/logo\/image\/\"},\"sameAs\":[\"https:\/\/www.facebook.com\/theepochtimestr\",\"https:\/\/x.com\/TheEpochTimesTR\",\"https:\/\/www.instagram.com\/epochtimestr\"]},{\"@type\":\"Person\",\"@id\":\"https:\/\/epochtimestr.com\/#\/schema\/person\/3dc5c3adeb9f43923c5aa85889172fdd\",\"name\":\"Haber Merkezi\",\"image\":{\"@type\":\"ImageObject\",\"inLanguage\":\"tr\",\"@id\":\"https:\/\/epochtimestr.com\/#\/schema\/person\/image\/\",\"url\":\"https:\/\/secure.gravatar.com\/avatar\/d73f772ba5a74f28601361e17c2f93e6?s=96&d=mm&r=g\",\"contentUrl\":\"https:\/\/secure.gravatar.com\/avatar\/d73f772ba5a74f28601361e17c2f93e6?s=96&d=mm&r=g\",\"caption\":\"Haber Merkezi\"},\"url\":\"https:\/\/epochtimestr.com\/index.php\/author\/sendag\"}]}<\/script>\n<!-- \/ Yoast SEO plugin. -->","yoast_head_json":{"title":"\"\u00c7in'den Rus \u0130\u015fgalini Net \u015eekilde K\u0131namas\u0131n\u0131 Bekliyoruz\" - The Epoch Times TR","robots":{"index":"index","follow":"follow","max-snippet":"max-snippet:-1","max-image-preview":"max-image-preview:large","max-video-preview":"max-video-preview:-1"},"canonical":"https:\/\/epochtimestr.com\/index.php\/cinden-rus-isgalini-net-sekilde-kinamasini-bekliyoruz","og_locale":"tr_TR","og_type":"article","og_title":"\"\u00c7in'den Rus \u0130\u015fgalini Net \u015eekilde K\u0131namas\u0131n\u0131 Bekliyoruz\" - The Epoch Times TR","og_description":"NATO Genel Sekreteri Jens Stoltenberg, yar\u0131n yap\u0131lacak NATO Savunma Bakanlar\u0131 toplant\u0131s\u0131 \u00f6ncesinde Pekin&#8217;e \u00e7a\u011fr\u0131 yaparak, &#8220;\u00c7in&#8217;den Rusya&#8217;n\u0131n i\u015fgalini net bir \u015fekilde k\u0131namas\u0131n\u0131 bekliyoruz&#8221; dedi. Stoltenberg, yar\u0131n yap\u0131lacak NATO Savunma Bakanlar\u0131 ola\u011fan\u00fcst\u00fc toplant\u0131s\u0131ndan \u00f6nce Br\u00fcksel&#8217;de bir bas\u0131n toplant\u0131s\u0131 d\u00fczenleyerek, Ukrayna&#8217;n\u0131n i\u015fgalinin 20&#8217;nci g\u00fcn\u00fcnde son geli\u015fmeleri de\u011ferlendirdi. Rus sald\u0131r\u0131s\u0131n\u0131n ard\u0131ndan, NATO&#8217;nun askeri duru\u015funu bu yeni ger\u00e7ekli\u011fe uyarlamak [&hellip;]","og_url":"https:\/\/epochtimestr.com\/index.php\/cinden-rus-isgalini-net-sekilde-kinamasini-bekliyoruz","og_site_name":"The Epoch Times TR","article_publisher":"https:\/\/www.facebook.com\/theepochtimestr","article_published_time":"2022-03-15T16:44:09+00:00","article_modified_time":"2022-03-15T16:44:13+00:00","og_image":[{"width":664,"height":354,"url":"https:\/\/epochtimestr.com\/wp-content\/uploads\/2011y\/1859930-1.jpg","type":"image\/jpeg"}],"author":"Haber Merkezi","twitter_card":"summary_large_image","twitter_creator":"@TheEpochTimesTR","twitter_site":"@TheEpochTimesTR","twitter_misc":{"Yazan:":"Haber Merkezi","Tahmini okuma s\u00fcresi":"3 dakika"},"schema":{"@context":"https:\/\/schema.org","@graph":[{"@type":"Article","@id":"https:\/\/epochtimestr.com\/index.php\/cinden-rus-isgalini-net-sekilde-kinamasini-bekliyoruz#article","isPartOf":{"@id":"https:\/\/epochtimestr.com\/index.php\/cinden-rus-isgalini-net-sekilde-kinamasini-bekliyoruz"},"author":{"name":"Haber Merkezi","@id":"https:\/\/epochtimestr.com\/#\/schema\/person\/3dc5c3adeb9f43923c5aa85889172fdd"},"headline":"&#8220;\u00c7in&#8217;den Rus \u0130\u015fgalini Net \u015eekilde K\u0131namas\u0131n\u0131 Bekliyoruz&#8221;","datePublished":"2022-03-15T16:44:09+00:00","dateModified":"2022-03-15T16:44:13+00:00","mainEntityOfPage":{"@id":"https:\/\/epochtimestr.com\/index.php\/cinden-rus-isgalini-net-sekilde-kinamasini-bekliyoruz"},"wordCount":646,"publisher":{"@id":"https:\/\/epochtimestr.com\/#organization"},"image":{"@id":"https:\/\/epochtimestr.com\/index.php\/cinden-rus-isgalini-net-sekilde-kinamasini-bekliyoruz#primaryimage"},"thumbnailUrl":"https:\/\/epochtimestr.com\/wp-content\/uploads\/2011y\/1859930-1.jpg","articleSection":["D\u00dcNYA","G\u00dcNDEM","MAN\u015eET"],"inLanguage":"tr"},{"@type":"WebPage","@id":"https:\/\/epochtimestr.com\/index.php\/cinden-rus-isgalini-net-sekilde-kinamasini-bekliyoruz","url":"https:\/\/epochtimestr.com\/index.php\/cinden-rus-isgalini-net-sekilde-kinamasini-bekliyoruz","name":"\"\u00c7in'den Rus \u0130\u015fgalini Net \u015eekilde K\u0131namas\u0131n\u0131 Bekliyoruz\" - The Epoch Times TR","isPartOf":{"@id":"https:\/\/epochtimestr.com\/#website"},"primaryImageOfPage":{"@id":"https:\/\/epochtimestr.com\/index.php\/cinden-rus-isgalini-net-sekilde-kinamasini-bekliyoruz#primaryimage"},"image":{"@id":"https:\/\/epochtimestr.com\/index.php\/cinden-rus-isgalini-net-sekilde-kinamasini-bekliyoruz#primaryimage"},"thumbnailUrl":"https:\/\/epochtimestr.com\/wp-content\/uploads\/2011y\/1859930-1.jpg","datePublished":"2022-03-15T16:44:09+00:00","dateModified":"2022-03-15T16:44:13+00:00","inLanguage":"tr","potentialAction":[{"@type":"ReadAction","target":["https:\/\/epochtimestr.com\/index.php\/cinden-rus-isgalini-net-sekilde-kinamasini-bekliyoruz"]}]},{"@type":"ImageObject","inLanguage":"tr","@id":"https:\/\/epochtimestr.com\/index.php\/cinden-rus-isgalini-net-sekilde-kinamasini-bekliyoruz#primaryimage","url":"https:\/\/epochtimestr.com\/wp-content\/uploads\/2011y\/1859930-1.jpg","contentUrl":"https:\/\/epochtimestr.com\/wp-content\/uploads\/2011y\/1859930-1.jpg","width":664,"height":354},{"@type":"WebSite","@id":"https:\/\/epochtimestr.com\/#website","url":"https:\/\/epochtimestr.com\/","name":"The Epoch Times TR","description":"De\u011fi\u015fen D\u00fcnyam\u0131za Taze Bir Bak\u0131\u015f","publisher":{"@id":"https:\/\/epochtimestr.com\/#organization"},"potentialAction":[{"@type":"SearchAction","target":{"@type":"EntryPoint","urlTemplate":"https:\/\/epochtimestr.com\/?s={search_term_string}"},"query-input":"required name=search_term_string"}],"inLanguage":"tr"},{"@type":"Organization","@id":"https:\/\/epochtimestr.com\/#organization","name":"The EpochTimes T\u00fcrkiye","url":"https:\/\/epochtimestr.com\/","logo":{"@type":"ImageObject","inLanguage":"tr","@id":"https:\/\/epochtimestr.com\/#\/schema\/logo\/image\/","url":"https:\/\/epochtimestr.com\/wp-content\/uploads\/2011y\/ET-Logo-YG.jpg","contentUrl":"https:\/\/epochtimestr.com\/wp-content\/uploads\/2011y\/ET-Logo-YG.jpg","width":346,"height":29,"caption":"The EpochTimes T\u00fcrkiye"},"image":{"@id":"https:\/\/epochtimestr.com\/#\/schema\/logo\/image\/"},"sameAs":["https:\/\/www.facebook.com\/theepochtimestr","https:\/\/x.com\/TheEpochTimesTR","https:\/\/www.instagram.com\/epochtimestr"]},{"@type":"Person","@id":"https:\/\/epochtimestr.com\/#\/schema\/person\/3dc5c3adeb9f43923c5aa85889172fdd","name":"Haber Merkezi","image":{"@type":"ImageObject","inLanguage":"tr","@id":"https:\/\/epochtimestr.com\/#\/schema\/person\/image\/","url":"https:\/\/secure.gravatar.com\/avatar\/d73f772ba5a74f28601361e17c2f93e6?s=96&d=mm&r=g","contentUrl":"https:\/\/secure.gravatar.com\/avatar\/d73f772ba5a74f28601361e17c2f93e6?s=96&d=mm&r=g","caption":"Haber Merkezi"},"url":"https:\/\/epochtimestr.com\/index.php\/author\/sendag"}]}},"_links":{"self":[{"href":"https:\/\/epochtimestr.com\/index.php\/wp-json\/wp\/v2\/posts\/138519"}],"collection":[{"href":"https:\/\/epochtimestr.com\/index.php\/wp-json\/wp\/v2\/posts"}],"about":[{"href":"https:\/\/epochtimestr.com\/index.php\/wp-json\/wp\/v2\/types\/post"}],"author":[{"embeddable":true,"href":"https:\/\/epochtimestr.com\/index.php\/wp-json\/wp\/v2\/users\/12791"}],"replies":[{"embeddable":true,"href":"https:\/\/epochtimestr.com\/index.php\/wp-json\/wp\/v2\/comments?post=138519"}],"version-history":[{"count":1,"href":"https:\/\/epochtimestr.com\/index.php\/wp-json\/wp\/v2\/posts\/138519\/revisions"}],"predecessor-version":[{"id":138520,"href":"https:\/\/epochtimestr.com\/index.php\/wp-json\/wp\/v2\/posts\/138519\/revisions\/138520"}],"wp:featuredmedia":[{"embeddable":true,"href":"https:\/\/epochtimestr.com\/index.php\/wp-json\/wp\/v2\/media\/109196"}],"wp:attachment":[{"href":"https:\/\/epochtimestr.com\/index.php\/wp-json\/wp\/v2\/media?parent=138519"}],"wp:term":[{"taxonomy":"category","embeddable":true,"href":"https:\/\/epochtimestr.com\/index.php\/wp-json\/wp\/v2\/categories?post=138519"},{"taxonomy":"post_tag","embeddable":true,"href":"https:\/\/epochtimestr.com\/index.php\/wp-json\/wp\/v2\/tags?post=138519"}],"curies":[{"name":"wp","href":"https:\/\/api.w.org\/{rel}","templated":true}]}}