{"id":138524,"date":"2022-03-17T10:09:59","date_gmt":"2022-03-17T07:09:59","guid":{"rendered":"https:\/\/epochtimestr.com\/?p=138524"},"modified":"2022-03-17T15:19:29","modified_gmt":"2022-03-17T12:19:29","slug":"letonya-takimi-antrenoru-acikladi-cindeki-olimpiyat-oyunlari-buyuk-bir-siyasi-tiyatro","status":"publish","type":"post","link":"https:\/\/epochtimestr.com\/index.php\/letonya-takimi-antrenoru-acikladi-cindeki-olimpiyat-oyunlari-buyuk-bir-siyasi-tiyatro","title":{"rendered":"Letonya Tak\u0131m\u0131 Antren\u00f6r\u00fc A\u00e7\u0131klad\u0131: \u00c7in\u2019deki Olimpiyat Oyunlar\u0131 \u2018B\u00fcy\u00fck Bir Siyasi Tiyatro\u2019"},"content":{"rendered":"\n<h3 class=\"wp-block-heading\"><strong>Antren\u00f6r, \u201cPekin Oyunlar\u0131 ve pandemi sayesinde herkes \u2018ruhumuzu satamayaca\u011f\u0131m\u0131z\u0131\u2019 anlayacak\u201d dedi.<\/strong><\/h3>\n\n\n\n<div class=\"wp-block-image\"><figure class=\"aligncenter size-large\"><img loading=\"lazy\" decoding=\"async\" width=\"600\" height=\"360\" src=\"https:\/\/epochtimestr.com\/wp-content\/uploads\/2011y\/TC-Olypmic-700x420-1-600x360.jpg\" alt=\"\" class=\"wp-image-138525\" srcset=\"https:\/\/epochtimestr.com\/wp-content\/uploads\/2011y\/TC-Olypmic-700x420-1-600x360.jpg 600w, https:\/\/epochtimestr.com\/wp-content\/uploads\/2011y\/TC-Olypmic-700x420-1-300x180.jpg 300w, https:\/\/epochtimestr.com\/wp-content\/uploads\/2011y\/TC-Olypmic-700x420-1-150x90.jpg 150w, https:\/\/epochtimestr.com\/wp-content\/uploads\/2011y\/TC-Olypmic-700x420-1.jpg 700w\" sizes=\"(max-width: 600px) 100vw, 600px\" \/><figcaption>Te\u00e7hizatl\u0131 bir polis memuru, \u201cHarika K\u0131\u015f Olimpiyatlar\u0131\u201d temal\u0131 17 metre y\u00fcksekli\u011finde \u00e7i\u00e7ek \u015fekilli bir stand\u0131n yan\u0131ndan ge\u00e7iyor. \u00c7in\u2019in Pekin kentindeki Tiananmen Meydan\u0131, 15 Ocak 2022. (Lintao Zhang\/Getty Images)<\/figcaption><\/figure><\/div>\n\n\n\n<p>\u0130ki kez olimpiyat bronz madalyas\u0131 sahibi ve Letonya erkek k\u0131zak tak\u0131m\u0131n\u0131n \u015fu anki ko\u00e7u Martins Rubenis, tak\u0131m\u0131n\u0131n 7 \u015eubat\u2019taki K\u0131\u015f Olimpiyatlar\u0131 m\u00fccadelesinden saatler sonra Letonya medyas\u0131 ile yapt\u0131\u011f\u0131 r\u00f6portajda, 2022 Oyunlar\u0131na ev sahipli\u011fi yapan \u00c7in rejimini k\u00fc\u00e7\u00fcmsedi\u011fini ifade etme f\u0131rsat\u0131 yakalad\u0131.<\/p>\n\n\n\n<p>Letonya\u2019n\u0131n ulusal kamu yay\u0131nc\u0131lar\u0131 Letonya Radyosu ve Letonya Televizyonu ile yapt\u0131\u011f\u0131 r\u00f6portajda, \u00c7in polisi yan taraf\u0131nda dururken Rubenis, Pekin Olimpiyatlar\u0131n\u0131 \u201csiyasi tiyatro\u201d olarak nitelendirdi.<\/p>\n\n\n\n<p>Letonya medyas\u0131na konu\u015fan Rubenis, \u201cBu \u00e7ok b\u00fcy\u00fck bir \u2018g\u00f6steri\u2019 ve bir Olimpiyat sporcusu olarak bunu izlerken kalbim a\u011fr\u0131yor\u201d <a href=\"https:\/\/sports.tvnet.lv\/7447886\/martins-rubenis-man-sap-sirds-olimpiskas-speles-kina-ir-viens-liels-politiskais-teatris?_ga=2.223959259.1115858805.1644167924-2065408913.1586362391\" target=\"_blank\" rel=\"noreferrer noopener\">dedi<\/a>.<\/p>\n\n\n\n<p>Tak\u0131m\u0131n\u0131n ak\u015famlar\u0131 televizyonu a\u00e7t\u0131\u011f\u0131nda sadece \u201cTiananmen Meydan\u0131\u2019n\u0131, Mao\u2019nun resmini ve k\u00f6\u015fede Olimpiyat halkalar\u0131n\u0131 g\u00f6rd\u00fc\u011f\u00fcn\u00fc\u201d s\u00f6yledi. \u0130lk geldiklerinde ve u\u00e7aktan indiklerinde kendilerini kar\u015f\u0131layanlar\u0131n, uluslararas\u0131 sporcular \u201cyeni bir veba getiriyormu\u015f\u201d gibi g\u00f6r\u00fcnen, \u201cbeyaz koruyucu giysiler giymi\u015f olduklar\u0131n\u0131\u201d anlatt\u0131.<\/p>\n\n\n\n<p>\u201cBize vebal\u0131 muamelesi yap\u0131ld\u0131\u011f\u0131n\u0131 ve bizden uzak durmaya \u00e7al\u0131\u015ft\u0131klar\u0131n\u0131 hissettik\u201d dedi. \u201cY\u00fcr\u00fcd\u00fck\u00e7e \u015funu a\u00e7\u0131k\u00e7a g\u00f6rd\u00fck: \u00e7i\u00e7ekler at\u0131l\u0131yor ve \u00c7KP\u2019nin bayraklar\u0131 dalgalan\u0131yordu. Bize \u2018bak\u0131n burada her \u015fey ne kadar g\u00fczel\u2019 temas\u0131yla \u00e7ok b\u00fcy\u00fck bir siyasi tiyatro g\u00f6steriliyordu.\u201d<\/p>\n\n\n\n<p><a href=\"https:\/\/www.theepochtimes.com\/martins-rubenis-an-olympic-medalists-story-of-change_2277239.html\" target=\"_blank\" rel=\"noreferrer noopener\">Sporcu k\u00f6kenli antren\u00f6r<\/a>, toplam be\u015f K\u0131\u015f Olimpiyat\u0131nda yar\u0131\u015ft\u0131 ve iki kere Olimpiyat bronz madalyas\u0131 kazand\u0131. Biri Torino\u2019daki 2006 K\u0131\u015f Olimpiyatlar\u0131\u2019nda tek erkekler k\u0131zak yar\u0131\u015f\u0131nda (Sovyetler Birli\u011fi\u2019nin \u00e7\u00f6k\u00fc\u015f\u00fcnden sonra Letonya\u2019n\u0131n egemen bir devlet olarak kat\u0131ld\u0131\u011f\u0131 ilk K\u0131\u015f Olimpiyatlar\u0131nda) di\u011feri de So\u00e7i\u2019deki 2014 K\u0131\u015f Olimpiyatlar\u0131\u2019nda k\u0131zak tak\u0131m\u0131 bayrak yar\u0131\u015f\u0131nda. Letonya Postas\u0131, Rubenis ve tak\u0131m arkada\u015flar\u0131 ad\u0131na hat\u0131ra pulu \u00e7\u0131kararak galibiyeti onurland\u0131rd\u0131.<\/p>\n\n\n\n<p>2014 K\u0131\u015f Olimpiyatlar\u0131\u2019ndan sonra atlet olarak emekli oldu. Tak\u0131m antren\u00f6rl\u00fc\u011f\u00fcn\u00fc \u00fcstlendi ve ayn\u0131 zamanda Letonya Olimpiyat Komitesi \u00fcyesi oldu. Ancak 2022 Pekin Olimpiyatlar\u0131na kat\u0131l\u0131p kat\u0131lmama konusunda \u00e7ok d\u00fc\u015f\u00fcnd\u00fc\u011f\u00fcn\u00fc s\u00f6yledi.<\/p>\n\n\n\n<p>Rubenis verdi\u011fi deme\u00e7te, \u201cBu Olimpiyat oyunlar\u0131na \u00e7ok karma\u015f\u0131k duygularla geldim. Son ana kadar buraya gelip gelemeyece\u011fimi bilmiyordum\u201d dedi.<\/p>\n\n\n\n<p>\u00c7in\u2019de insan haklar\u0131n\u0131n konu\u015fkan ve aktif bir savunucusu olan Rubenis, 2008 Pekin Olimpiyatlar\u0131 \u00f6ncesinde K\u00fcresel \u0130nsan Haklar\u0131 Me\u015falesi Turu\u2019nda <a href=\"https:\/\/www.theepochtimes.com\/boycott-beijing-2008-say-activists_2094831.html?utm_source=ai&amp;utm_medium=search\" target=\"_blank\" rel=\"noreferrer noopener\">resmi el\u00e7i<\/a> olarak g\u00f6rev yapt\u0131. Me\u015fale turu, \u00c7in Kom\u00fcnist Partisi (\u00c7KP) taraf\u0131ndan \u00c7in\u2019de zul\u00fcm g\u00f6ren gruplar\u0131n k\u00f6t\u00fc durumu hakk\u0131nda fark\u0131ndal\u0131\u011f\u0131 art\u0131rmak ve 2008 Oyunlar\u0131n\u0131n \u00c7in\u2019de yap\u0131lmamas\u0131 veya boykot \u00e7a\u011fr\u0131s\u0131nda bulunmak i\u00e7in, d\u00fcnya \u00e7ap\u0131nda yap\u0131lan bir etkinlikti. O g\u00fcnden bu yana sesini y\u00fckseltmeye devam etti ve \u00c7in\u2019in ciddi boyutlardaki insan haklar\u0131 ihlalleri ge\u00e7mi\u015fine ra\u011fmen ikinci bir olimpiyat almas\u0131na \u00e7ok \u015fa\u015f\u0131rd\u0131.<\/p>\n\n\n\n<div class=\"wp-block-image\"><figure class=\"aligncenter size-large\"><img loading=\"lazy\" decoding=\"async\" width=\"533\" height=\"400\" src=\"https:\/\/epochtimestr.com\/wp-content\/uploads\/2011y\/Olympic-bronze-medalist-Martins-Rubenis-L-official-Ambassador-of-the-Global-Human-Rights-Torch-Relay-and-David-Kilgour-former-Canadian-Secretary-of-State-Asia-Pacific-533x400.jpg\" alt=\"\" class=\"wp-image-138526\" srcset=\"https:\/\/epochtimestr.com\/wp-content\/uploads\/2011y\/Olympic-bronze-medalist-Martins-Rubenis-L-official-Ambassador-of-the-Global-Human-Rights-Torch-Relay-and-David-Kilgour-former-Canadian-Secretary-of-State-Asia-Pacific-533x400.jpg 533w, https:\/\/epochtimestr.com\/wp-content\/uploads\/2011y\/Olympic-bronze-medalist-Martins-Rubenis-L-official-Ambassador-of-the-Global-Human-Rights-Torch-Relay-and-David-Kilgour-former-Canadian-Secretary-of-State-Asia-Pacific-300x225.jpg 300w, https:\/\/epochtimestr.com\/wp-content\/uploads\/2011y\/Olympic-bronze-medalist-Martins-Rubenis-L-official-Ambassador-of-the-Global-Human-Rights-Torch-Relay-and-David-Kilgour-former-Canadian-Secretary-of-State-Asia-Pacific-150x113.jpg 150w, https:\/\/epochtimestr.com\/wp-content\/uploads\/2011y\/Olympic-bronze-medalist-Martins-Rubenis-L-official-Ambassador-of-the-Global-Human-Rights-Torch-Relay-and-David-Kilgour-former-Canadian-Secretary-of-State-Asia-Pacific-768x576.jpg 768w, https:\/\/epochtimestr.com\/wp-content\/uploads\/2011y\/Olympic-bronze-medalist-Martins-Rubenis-L-official-Ambassador-of-the-Global-Human-Rights-Torch-Relay-and-David-Kilgour-former-Canadian-Secretary-of-State-Asia-Pacific-86x64.jpg 86w, https:\/\/epochtimestr.com\/wp-content\/uploads\/2011y\/Olympic-bronze-medalist-Martins-Rubenis-L-official-Ambassador-of-the-Global-Human-Rights-Torch-Relay-and-David-Kilgour-former-Canadian-Secretary-of-State-Asia-Pacific.jpg 1200w\" sizes=\"(max-width: 533px) 100vw, 533px\" \/><figcaption>Olimpiyat bronz madalya sahibi Martins Rubenis (solda), K\u00fcresel \u0130nsan Haklar\u0131 Me\u015falesi Turu\u2019nun resmi El\u00e7isi ve eski Kanada D\u0131\u015fi\u015fleri (Asya-Pasifik) Bakan\u0131 David Kilgour, Atina\u2019daki \u0130nsan Haklar\u0131 Me\u015falesi Turu\u2019nun a\u00e7\u0131l\u0131\u015f\u0131ndan \u00f6nce d\u00fczenlenen bas\u0131n toplant\u0131s\u0131nda, 9 A\u011fustos 2007. (Jan Jekielek\/The Epoch Times)<\/figcaption><\/figure><\/div>\n\n\n\n<p>\u201c\u00c7in\u2019deki insan haklar\u0131 sorunlar\u0131na kar\u015f\u0131 tavr\u0131m a\u00e7\u0131kt\u0131r. Bir Olimpiyat sporcusu olarak Uluslararas\u0131 Olimpiyat Komitesi\u2019nin ikinci defa Olimpiyat Oyunlar\u0131n\u0131 burada d\u00fczenleme karar\u0131n\u0131 duymak, benim i\u00e7in kesinlikle kabul edilemez\u201d dedi. \u201cVe e\u011fer bir atlet olsayd\u0131m, muhtemelen buraya gelmezdim. Ama ben buraya tak\u0131ma yard\u0131m etmek i\u00e7in geldim.\u201d<\/p>\n\n\n\n<p>Rubenis\u2019in kat\u0131lmas\u0131n\u0131n olanaks\u0131zl\u0131\u011f\u0131, sadece \u00c7KP\u2019nin ev sahipli\u011fi yapt\u0131\u011f\u0131 Olimpiyatlar\u0131 desteklemek istememesine dayanm\u0131yordu. Onun ge\u00e7mi\u015fte yapt\u0131\u011f\u0131 bas\u0131n a\u00e7\u0131klamalar\u0131, \u00c7KP\u2019nin b\u00fcy\u00fck olas\u0131l\u0131kla ona giri\u015f i\u00e7in vize vermeyece\u011fi anlam\u0131na geliyordu.<\/p>\n\n\n\n<p>\u201cBa\u015f\u0131ndan beri b\u00f6yle bir duyguya kap\u0131ld\u0131m, vize alamama ve \u00fclkeye girememe ihtimalimin y\u00fczde 90 oldu\u011funu d\u00fc\u015f\u00fcnd\u00fcm\u201d dedi. \u201cAma bence politik bir hamle yapt\u0131lar &#8211; Letonya\u2019da b\u0131rakmaktansa i\u00e7eri alarak beni daha \u2018sessiz\u2019 hale getireceklerdi.\u201d<\/p>\n\n\n\n<p>\u201cAlmasalard\u0131 sadece Letonya medyas\u0131n\u0131n de\u011fil, b\u00fct\u00fcn medyan\u0131n da \u00e7ok fazla ilgisini \u00e7ekecekti. Neden diye ba\u015flayan bir s\u00fcr\u00fc soru olurdu. Muhtemelen bu y\u00fczden beni i\u00e7eri alman\u0131n ve olimpiyatlara kadar kartlar\u0131n\u0131 bu \u015fekilde oynaman\u0131n daha g\u00fcvenli oldu\u011funu d\u00fc\u015f\u00fcnd\u00fcler.\u201d<\/p>\n\n\n\n<p>Rubenis Letonya medyas\u0131na, d\u00fcnyan\u0131n herhangi bir ba\u015fka yerinde Olimpiyatlarda yer alman\u0131n tamamen farkl\u0131 bir duygu olaca\u011f\u0131n\u0131 s\u00f6yledi.<\/p>\n\n\n\n<p>\u201cBurada bir\u00e7ok sporcu bundan bahsediyor ve bir\u00e7ok antren\u00f6r de bundan bahsediyor\u201d dedi. \u201cBat\u0131 d\u00fcnyas\u0131, do\u011fudaki insanlar\u0131n baz\u0131 i\u015fleri b\u00f6yle nas\u0131l &#8211; kukla gibi &#8211; yapabildiklerini anlam\u0131yorlar. T\u00fcm d\u00fcnyan\u0131n bunu g\u00f6rme &#8211; her \u015feyi oldu\u011fu gibi g\u00f6rme &#8211; f\u0131rsat\u0131na sahip olmas\u0131 iyi bir \u015fey.\u201d<\/p>\n\n\n\n<p>Rubenis, \u00e7o\u011fu \u00c7inli insan\u0131n \u00e7ocukluktan itibaren \u00c7KP\u2019nin kanatlar\u0131 alt\u0131nda b\u00fcy\u00fcd\u00fc\u011f\u00fcn\u00fc anlad\u0131\u011f\u0131n\u0131 ve bu nedenle onlara \u00e7ok ac\u0131d\u0131\u011f\u0131n\u0131 s\u00f6yledi, \u201c\u00e7\u00fcnk\u00fc \u00e7ocukluklar\u0131ndan, 4 ya\u015f\u0131nda anaokuluna gittiklerinden itibaren, a\u011f\u0131r bir \u015fekilde beyinleri y\u0131kand\u0131,\u201d diye a\u00e7\u0131klad\u0131. \u201cBu beyin y\u0131kama att\u0131klar\u0131 her ad\u0131mda g\u00f6r\u00fcl\u00fcyor ve hissediliyor. Bu y\u00fczden izin almad\u0131klar\u0131 bir \u015feyi yapmaktan korkuyorlar.\u201d<\/p>\n\n\n\n<p>Rubenis Pekin\u2019deyken ve \u00c7KP yetkilileri hemen yan\u0131ndayken, g\u00f6r\u00fc\u015flerini s\u00f6ylemekten \u201ckesinlikle\u201d korkmad\u0131. Letonyal\u0131 yay\u0131nc\u0131lara \u201cHalen \u00c7KP\u2019nin s\u00fcrd\u00fcrd\u00fc\u011f\u00fc en b\u00fcy\u00fck k\u00f6t\u00fcl\u00fck, bu zorla organ toplamad\u0131r\u201d dedi.<\/p>\n\n\n\n<p><a href=\"https:\/\/www.theepochtimes.com\/source-reveals-other-chinese-concentration-camps_1416614.html\" target=\"_blank\" rel=\"noreferrer noopener\">2006\u2019dan bu yana<\/a>, Falun Gong (Falun Dafa) uygulay\u0131c\u0131lar\u0131 taraf\u0131ndan s\u00fcrekli olarak \u00c7in\u2019deki devlet onayl\u0131, organ i\u00e7in cinayet vakalar\u0131 rapor edilmektedir. \u00c7KP\u2019nin kuruldu\u011fu 1999 y\u0131l\u0131nda, o zamanki parti lideri Jiang Zemin taraf\u0131ndan bu bar\u0131\u015f\u00e7\u0131l uygulamay\u0131 ortadan kald\u0131rmak i\u00e7in \u00fclke \u00e7ap\u0131nda bir yok etme kampanyas\u0131 ba\u015flat\u0131lm\u0131\u015ft\u0131r ve halen <a href=\"https:\/\/tr.minghui.org\/cc\/3\/\" target=\"_blank\" rel=\"noreferrer noopener\">zul\u00fcm devam etmektedir<\/a>. Bir meditasyon ve kendini geli\u015ftirme uygulamas\u0131 olan <a href=\"http:\/\/tr.falundafa.org\" target=\"_blank\" rel=\"noreferrer noopener\">Falun Gong<\/a>\u2019un \u00f6\u011fretileri, do\u011fruluk, merhamet ve ho\u015fg\u00f6r\u00fc temel ilkelerine dayanmaktad\u0131r.<\/p>\n\n\n\n<p>2019 y\u0131l\u0131nda, Londra merkezli <a href=\"https:\/\/www.theepochtimes.com\/unmatched-wickedness-tribunal-confirms-longstanding-allegations-of-organ-harvesting-by-china_2970592.html\" target=\"_blank\" rel=\"noreferrer noopener\">\u00c7in Mahkemesi<\/a>, 50\u2019den fazla tan\u0131k, ara\u015ft\u0131rmac\u0131 ve uzman\u0131 dinledikten sonra organ ya\u011fmalama iddialar\u0131 hakk\u0131nda <a href=\"https:\/\/chinatribunal.com\/wp-content\/uploads\/2020\/03\/ChinaTribunal_JUDGMENT_1stMarch_2020.pdf\" target=\"_blank\" rel=\"noreferrer noopener\">nihai karar\u0131n\u0131<\/a> yay\u0131nlad\u0131. \u201cFalun Gong ve Uygurlar \u00fczerinde insanl\u0131\u011fa kar\u015f\u0131 i\u015flenen su\u00e7lar komisyonu, zorla organ toplaman\u0131n \u201c\u00f6nemli miktarda\u201d ger\u00e7ekle\u015fti\u011fi ve \u015f\u00fcpheye yer b\u0131rakmayacak \u015fekilde kan\u0131tland\u0131\u011f\u0131\u201d sonucuna vard\u0131.<\/p>\n\n\n\n<p>Rubenis Letonya medyas\u0131na \u201cBu do\u011frudur ve hala olmaktad\u0131r\u201d dedi. \u201cBug\u00fcn bile hala devam ediyor.\u201d<\/p>\n\n\n\n<p>\u00c7KP\u2019nin Tayvan\u2019a, Hong Kong\u2019a ve t\u00fcm d\u00fcnyaya y\u00f6nelik sald\u0131rganl\u0131\u011f\u0131ndan bahsederken, modern insanlar i\u00e7in bunlar\u0131n hepsi \u201cbiraz komik\u201d g\u00f6r\u00fcnse de, \u201cparan\u0131n her kap\u0131y\u0131 a\u00e7t\u0131\u011f\u0131n\u0131n\u201d g\u00f6z ard\u0131 edilemeyece\u011fini s\u00f6yledi. \u201cVe ruhlar\u0131n\u0131 satmaya istekli \u00e7ok say\u0131da a\u00e7g\u00f6zl\u00fc insan var\u201d diye ekledi.<\/p>\n\n\n\n<p>Rubenis d\u00fcnyada ya\u015fananlar\u0131n, \u00f6zg\u00fcrl\u00fc\u011fe ve insan haklar\u0131na de\u011fer veren herkesi tepki vermeye davet etti\u011fini vurgulad\u0131.<\/p>\n\n\n\n<p>Bas\u0131na verdi\u011fi deme\u00e7te, \u201c\u015eu an \u00e7ok \u00f6zel bir zaman oldu\u011funu d\u00fc\u015f\u00fcn\u00fcyorum ve mesele h\u00fck\u00fcmetimizin ne yapaca\u011f\u0131 ya da karar verenlerin ne yapaca\u011f\u0131 meselesi de\u011fil\u201d dedi. \u201cBunun, her birimizin kendi i\u00e7imize derinlemesine bakmam\u0131z ve bunun bizim i\u00e7in kabul edilebilir olup olmad\u0131\u011f\u0131n\u0131, b\u00f6yle bir d\u00fcnyada ya\u015famak isteyip istemedi\u011fimizi veya bunu bir kenara b\u0131rak\u0131p insanc\u0131l bir yolda m\u0131 y\u00fcr\u00fcd\u00fc\u011f\u00fcm\u00fcz\u00fc s\u00f6ylememiz gereken bir an oldu\u011funa inan\u0131yorum.\u201d<\/p>\n\n\n\n<p>&nbsp;\u201cBu Olimpiyat Oyunlar\u0131n\u0131n ve COVID patlamas\u0131yla birlikte d\u00fcnyadaki t\u00fcm bu durumun, ruhlar\u0131m\u0131z\u0131 satamayaca\u011f\u0131m\u0131z ger\u00e7e\u011fine biraz g\u00f6zlerimizi a\u00e7aca\u011f\u0131na inan\u0131yorum.\u201d<\/p>\n\n\n\n<p><em>Yazan: <\/em>Peta Evans, The Epoch Times <br \/><em>\u00c7eviren:<\/em> Hatice Atmaca, Epoch Times T\u00fcrkiye<\/p>\n","protected":false},"excerpt":{"rendered":"<p>Antren\u00f6r, \u201cPekin Oyunlar\u0131 ve pandemi sayesinde herkes \u2018ruhumuzu satamayaca\u011f\u0131m\u0131z\u0131\u2019 anlayacak\u201d dedi. \u0130ki kez olimpiyat bronz madalyas\u0131 sahibi ve Letonya erkek k\u0131zak tak\u0131m\u0131n\u0131n \u015fu anki ko\u00e7u Martins Rubenis, tak\u0131m\u0131n\u0131n 7 \u015eubat\u2019taki K\u0131\u015f Olimpiyatlar\u0131 m\u00fccadelesinden saatler sonra Letonya medyas\u0131 ile yapt\u0131\u011f\u0131 r\u00f6portajda, 2022 Oyunlar\u0131na ev sahipli\u011fi yapan \u00c7in rejimini k\u00fc\u00e7\u00fcmsedi\u011fini ifade etme f\u0131rsat\u0131 yakalad\u0131. Letonya\u2019n\u0131n ulusal kamu [&hellip;]<\/p>\n","protected":false},"author":12379,"featured_media":138525,"comment_status":"closed","ping_status":"open","sticky":false,"template":"","format":"standard","meta":{"_yoast_wpseo_focuskw":"","_yoast_wpseo_title":"","_yoast_wpseo_metadesc":"","_bbp_topic_count":0,"_bbp_reply_count":0,"_bbp_total_topic_count":0,"_bbp_total_reply_count":0,"_bbp_voice_count":0,"_bbp_anonymous_reply_count":0,"_bbp_topic_count_hidden":0,"_bbp_reply_count_hidden":0,"_bbp_forum_subforum_count":0,"footnotes":"","_yoast_wpseo_focuskw_text_input":""},"categories":[2045,35,5,519,8138,9],"tags":[],"yoast_head":"<!-- This site is optimized with the Yoast SEO plugin v23.0 - https:\/\/yoast.com\/wordpress\/plugins\/seo\/ -->\n<title>Letonya Tak\u0131m\u0131 Antren\u00f6r\u00fc A\u00e7\u0131klad\u0131: \u00c7in\u2019deki Olimpiyat Oyunlar\u0131 \u2018B\u00fcy\u00fck Bir Siyasi Tiyatro\u2019 - The Epoch Times TR<\/title>\n<meta name=\"robots\" content=\"index, follow, max-snippet:-1, max-image-preview:large, max-video-preview:-1\" \/>\n<link rel=\"canonical\" href=\"https:\/\/epochtimestr.com\/index.php\/letonya-takimi-antrenoru-acikladi-cindeki-olimpiyat-oyunlari-buyuk-bir-siyasi-tiyatro\" \/>\n<meta property=\"og:locale\" content=\"tr_TR\" \/>\n<meta property=\"og:type\" content=\"article\" \/>\n<meta property=\"og:title\" content=\"Letonya Tak\u0131m\u0131 Antren\u00f6r\u00fc A\u00e7\u0131klad\u0131: \u00c7in\u2019deki Olimpiyat Oyunlar\u0131 \u2018B\u00fcy\u00fck Bir Siyasi Tiyatro\u2019 - The Epoch Times TR\" \/>\n<meta property=\"og:description\" content=\"Antren\u00f6r, \u201cPekin Oyunlar\u0131 ve pandemi sayesinde herkes \u2018ruhumuzu satamayaca\u011f\u0131m\u0131z\u0131\u2019 anlayacak\u201d dedi. \u0130ki kez olimpiyat bronz madalyas\u0131 sahibi ve Letonya erkek k\u0131zak tak\u0131m\u0131n\u0131n \u015fu anki ko\u00e7u Martins Rubenis, tak\u0131m\u0131n\u0131n 7 \u015eubat\u2019taki K\u0131\u015f Olimpiyatlar\u0131 m\u00fccadelesinden saatler sonra Letonya medyas\u0131 ile yapt\u0131\u011f\u0131 r\u00f6portajda, 2022 Oyunlar\u0131na ev sahipli\u011fi yapan \u00c7in rejimini k\u00fc\u00e7\u00fcmsedi\u011fini ifade etme f\u0131rsat\u0131 yakalad\u0131. Letonya\u2019n\u0131n ulusal kamu [&hellip;]\" \/>\n<meta property=\"og:url\" content=\"https:\/\/epochtimestr.com\/index.php\/letonya-takimi-antrenoru-acikladi-cindeki-olimpiyat-oyunlari-buyuk-bir-siyasi-tiyatro\" \/>\n<meta property=\"og:site_name\" content=\"The Epoch Times TR\" \/>\n<meta property=\"article:publisher\" content=\"https:\/\/www.facebook.com\/theepochtimestr\" \/>\n<meta property=\"article:published_time\" content=\"2022-03-17T07:09:59+00:00\" \/>\n<meta property=\"article:modified_time\" content=\"2022-03-17T12:19:29+00:00\" \/>\n<meta property=\"og:image\" content=\"https:\/\/epochtimestr.com\/wp-content\/uploads\/2011y\/TC-Olypmic-700x420-1.jpg\" \/>\n\t<meta property=\"og:image:width\" content=\"700\" \/>\n\t<meta property=\"og:image:height\" content=\"420\" \/>\n\t<meta property=\"og:image:type\" content=\"image\/jpeg\" \/>\n<meta name=\"author\" content=\"Hatice Atmaca\" \/>\n<meta name=\"twitter:card\" content=\"summary_large_image\" \/>\n<meta name=\"twitter:creator\" content=\"@TheEpochTimesTR\" \/>\n<meta name=\"twitter:site\" content=\"@TheEpochTimesTR\" \/>\n<meta name=\"twitter:label1\" content=\"Yazan:\" \/>\n\t<meta name=\"twitter:data1\" content=\"Hatice Atmaca\" \/>\n\t<meta name=\"twitter:label2\" content=\"Tahmini okuma s\u00fcresi\" \/>\n\t<meta name=\"twitter:data2\" content=\"5 dakika\" \/>\n<script type=\"application\/ld+json\" class=\"yoast-schema-graph\">{\"@context\":\"https:\/\/schema.org\",\"@graph\":[{\"@type\":\"Article\",\"@id\":\"https:\/\/epochtimestr.com\/index.php\/letonya-takimi-antrenoru-acikladi-cindeki-olimpiyat-oyunlari-buyuk-bir-siyasi-tiyatro#article\",\"isPartOf\":{\"@id\":\"https:\/\/epochtimestr.com\/index.php\/letonya-takimi-antrenoru-acikladi-cindeki-olimpiyat-oyunlari-buyuk-bir-siyasi-tiyatro\"},\"author\":{\"name\":\"Hatice Atmaca\",\"@id\":\"https:\/\/epochtimestr.com\/#\/schema\/person\/a515b4166e91977b7e9f483ceb142459\"},\"headline\":\"Letonya Tak\u0131m\u0131 Antren\u00f6r\u00fc A\u00e7\u0131klad\u0131: \u00c7in\u2019deki Olimpiyat Oyunlar\u0131 \u2018B\u00fcy\u00fck Bir Siyasi Tiyatro\u2019\",\"datePublished\":\"2022-03-17T07:09:59+00:00\",\"dateModified\":\"2022-03-17T12:19:29+00:00\",\"mainEntityOfPage\":{\"@id\":\"https:\/\/epochtimestr.com\/index.php\/letonya-takimi-antrenoru-acikladi-cindeki-olimpiyat-oyunlari-buyuk-bir-siyasi-tiyatro\"},\"wordCount\":1398,\"publisher\":{\"@id\":\"https:\/\/epochtimestr.com\/#organization\"},\"image\":{\"@id\":\"https:\/\/epochtimestr.com\/index.php\/letonya-takimi-antrenoru-acikladi-cindeki-olimpiyat-oyunlari-buyuk-bir-siyasi-tiyatro#primaryimage\"},\"thumbnailUrl\":\"https:\/\/epochtimestr.com\/wp-content\/uploads\/2011y\/TC-Olypmic-700x420-1.jpg\",\"articleSection\":[\"\u00c7in Rejimi\",\"\u00c7in'de \u0130nsan Haklar\u0131\",\"D\u00dcNYA\",\"ED\u0130T\u00d6R\u00dcN SE\u00c7\u0130M\u0130\",\"MAN\u015eET\",\"Spor\"],\"inLanguage\":\"tr\"},{\"@type\":\"WebPage\",\"@id\":\"https:\/\/epochtimestr.com\/index.php\/letonya-takimi-antrenoru-acikladi-cindeki-olimpiyat-oyunlari-buyuk-bir-siyasi-tiyatro\",\"url\":\"https:\/\/epochtimestr.com\/index.php\/letonya-takimi-antrenoru-acikladi-cindeki-olimpiyat-oyunlari-buyuk-bir-siyasi-tiyatro\",\"name\":\"Letonya Tak\u0131m\u0131 Antren\u00f6r\u00fc A\u00e7\u0131klad\u0131: \u00c7in\u2019deki Olimpiyat Oyunlar\u0131 \u2018B\u00fcy\u00fck Bir Siyasi Tiyatro\u2019 - The Epoch Times TR\",\"isPartOf\":{\"@id\":\"https:\/\/epochtimestr.com\/#website\"},\"primaryImageOfPage\":{\"@id\":\"https:\/\/epochtimestr.com\/index.php\/letonya-takimi-antrenoru-acikladi-cindeki-olimpiyat-oyunlari-buyuk-bir-siyasi-tiyatro#primaryimage\"},\"image\":{\"@id\":\"https:\/\/epochtimestr.com\/index.php\/letonya-takimi-antrenoru-acikladi-cindeki-olimpiyat-oyunlari-buyuk-bir-siyasi-tiyatro#primaryimage\"},\"thumbnailUrl\":\"https:\/\/epochtimestr.com\/wp-content\/uploads\/2011y\/TC-Olypmic-700x420-1.jpg\",\"datePublished\":\"2022-03-17T07:09:59+00:00\",\"dateModified\":\"2022-03-17T12:19:29+00:00\",\"inLanguage\":\"tr\",\"potentialAction\":[{\"@type\":\"ReadAction\",\"target\":[\"https:\/\/epochtimestr.com\/index.php\/letonya-takimi-antrenoru-acikladi-cindeki-olimpiyat-oyunlari-buyuk-bir-siyasi-tiyatro\"]}]},{\"@type\":\"ImageObject\",\"inLanguage\":\"tr\",\"@id\":\"https:\/\/epochtimestr.com\/index.php\/letonya-takimi-antrenoru-acikladi-cindeki-olimpiyat-oyunlari-buyuk-bir-siyasi-tiyatro#primaryimage\",\"url\":\"https:\/\/epochtimestr.com\/wp-content\/uploads\/2011y\/TC-Olypmic-700x420-1.jpg\",\"contentUrl\":\"https:\/\/epochtimestr.com\/wp-content\/uploads\/2011y\/TC-Olypmic-700x420-1.jpg\",\"width\":700,\"height\":420},{\"@type\":\"WebSite\",\"@id\":\"https:\/\/epochtimestr.com\/#website\",\"url\":\"https:\/\/epochtimestr.com\/\",\"name\":\"The Epoch Times TR\",\"description\":\"De\u011fi\u015fen D\u00fcnyam\u0131za Taze Bir Bak\u0131\u015f\",\"publisher\":{\"@id\":\"https:\/\/epochtimestr.com\/#organization\"},\"potentialAction\":[{\"@type\":\"SearchAction\",\"target\":{\"@type\":\"EntryPoint\",\"urlTemplate\":\"https:\/\/epochtimestr.com\/?s={search_term_string}\"},\"query-input\":\"required name=search_term_string\"}],\"inLanguage\":\"tr\"},{\"@type\":\"Organization\",\"@id\":\"https:\/\/epochtimestr.com\/#organization\",\"name\":\"The EpochTimes T\u00fcrkiye\",\"url\":\"https:\/\/epochtimestr.com\/\",\"logo\":{\"@type\":\"ImageObject\",\"inLanguage\":\"tr\",\"@id\":\"https:\/\/epochtimestr.com\/#\/schema\/logo\/image\/\",\"url\":\"https:\/\/epochtimestr.com\/wp-content\/uploads\/2011y\/ET-Logo-YG.jpg\",\"contentUrl\":\"https:\/\/epochtimestr.com\/wp-content\/uploads\/2011y\/ET-Logo-YG.jpg\",\"width\":346,\"height\":29,\"caption\":\"The EpochTimes T\u00fcrkiye\"},\"image\":{\"@id\":\"https:\/\/epochtimestr.com\/#\/schema\/logo\/image\/\"},\"sameAs\":[\"https:\/\/www.facebook.com\/theepochtimestr\",\"https:\/\/x.com\/TheEpochTimesTR\",\"https:\/\/www.instagram.com\/epochtimestr\"]},{\"@type\":\"Person\",\"@id\":\"https:\/\/epochtimestr.com\/#\/schema\/person\/a515b4166e91977b7e9f483ceb142459\",\"name\":\"Hatice Atmaca\",\"image\":{\"@type\":\"ImageObject\",\"inLanguage\":\"tr\",\"@id\":\"https:\/\/epochtimestr.com\/#\/schema\/person\/image\/\",\"url\":\"https:\/\/secure.gravatar.com\/avatar\/dd49aabd0aeaecbc0ecbce954119ae42?s=96&d=mm&r=g\",\"contentUrl\":\"https:\/\/secure.gravatar.com\/avatar\/dd49aabd0aeaecbc0ecbce954119ae42?s=96&d=mm&r=g\",\"caption\":\"Hatice Atmaca\"},\"url\":\"https:\/\/epochtimestr.com\/index.php\/author\/hatice\"}]}<\/script>\n<!-- \/ Yoast SEO plugin. -->","yoast_head_json":{"title":"Letonya Tak\u0131m\u0131 Antren\u00f6r\u00fc A\u00e7\u0131klad\u0131: \u00c7in\u2019deki Olimpiyat Oyunlar\u0131 \u2018B\u00fcy\u00fck Bir Siyasi Tiyatro\u2019 - The Epoch Times TR","robots":{"index":"index","follow":"follow","max-snippet":"max-snippet:-1","max-image-preview":"max-image-preview:large","max-video-preview":"max-video-preview:-1"},"canonical":"https:\/\/epochtimestr.com\/index.php\/letonya-takimi-antrenoru-acikladi-cindeki-olimpiyat-oyunlari-buyuk-bir-siyasi-tiyatro","og_locale":"tr_TR","og_type":"article","og_title":"Letonya Tak\u0131m\u0131 Antren\u00f6r\u00fc A\u00e7\u0131klad\u0131: \u00c7in\u2019deki Olimpiyat Oyunlar\u0131 \u2018B\u00fcy\u00fck Bir Siyasi Tiyatro\u2019 - The Epoch Times TR","og_description":"Antren\u00f6r, \u201cPekin Oyunlar\u0131 ve pandemi sayesinde herkes \u2018ruhumuzu satamayaca\u011f\u0131m\u0131z\u0131\u2019 anlayacak\u201d dedi. \u0130ki kez olimpiyat bronz madalyas\u0131 sahibi ve Letonya erkek k\u0131zak tak\u0131m\u0131n\u0131n \u015fu anki ko\u00e7u Martins Rubenis, tak\u0131m\u0131n\u0131n 7 \u015eubat\u2019taki K\u0131\u015f Olimpiyatlar\u0131 m\u00fccadelesinden saatler sonra Letonya medyas\u0131 ile yapt\u0131\u011f\u0131 r\u00f6portajda, 2022 Oyunlar\u0131na ev sahipli\u011fi yapan \u00c7in rejimini k\u00fc\u00e7\u00fcmsedi\u011fini ifade etme f\u0131rsat\u0131 yakalad\u0131. Letonya\u2019n\u0131n ulusal kamu [&hellip;]","og_url":"https:\/\/epochtimestr.com\/index.php\/letonya-takimi-antrenoru-acikladi-cindeki-olimpiyat-oyunlari-buyuk-bir-siyasi-tiyatro","og_site_name":"The Epoch Times TR","article_publisher":"https:\/\/www.facebook.com\/theepochtimestr","article_published_time":"2022-03-17T07:09:59+00:00","article_modified_time":"2022-03-17T12:19:29+00:00","og_image":[{"width":700,"height":420,"url":"https:\/\/epochtimestr.com\/wp-content\/uploads\/2011y\/TC-Olypmic-700x420-1.jpg","type":"image\/jpeg"}],"author":"Hatice Atmaca","twitter_card":"summary_large_image","twitter_creator":"@TheEpochTimesTR","twitter_site":"@TheEpochTimesTR","twitter_misc":{"Yazan:":"Hatice Atmaca","Tahmini okuma s\u00fcresi":"5 dakika"},"schema":{"@context":"https:\/\/schema.org","@graph":[{"@type":"Article","@id":"https:\/\/epochtimestr.com\/index.php\/letonya-takimi-antrenoru-acikladi-cindeki-olimpiyat-oyunlari-buyuk-bir-siyasi-tiyatro#article","isPartOf":{"@id":"https:\/\/epochtimestr.com\/index.php\/letonya-takimi-antrenoru-acikladi-cindeki-olimpiyat-oyunlari-buyuk-bir-siyasi-tiyatro"},"author":{"name":"Hatice Atmaca","@id":"https:\/\/epochtimestr.com\/#\/schema\/person\/a515b4166e91977b7e9f483ceb142459"},"headline":"Letonya Tak\u0131m\u0131 Antren\u00f6r\u00fc A\u00e7\u0131klad\u0131: \u00c7in\u2019deki Olimpiyat Oyunlar\u0131 \u2018B\u00fcy\u00fck Bir Siyasi Tiyatro\u2019","datePublished":"2022-03-17T07:09:59+00:00","dateModified":"2022-03-17T12:19:29+00:00","mainEntityOfPage":{"@id":"https:\/\/epochtimestr.com\/index.php\/letonya-takimi-antrenoru-acikladi-cindeki-olimpiyat-oyunlari-buyuk-bir-siyasi-tiyatro"},"wordCount":1398,"publisher":{"@id":"https:\/\/epochtimestr.com\/#organization"},"image":{"@id":"https:\/\/epochtimestr.com\/index.php\/letonya-takimi-antrenoru-acikladi-cindeki-olimpiyat-oyunlari-buyuk-bir-siyasi-tiyatro#primaryimage"},"thumbnailUrl":"https:\/\/epochtimestr.com\/wp-content\/uploads\/2011y\/TC-Olypmic-700x420-1.jpg","articleSection":["\u00c7in Rejimi","\u00c7in'de \u0130nsan Haklar\u0131","D\u00dcNYA","ED\u0130T\u00d6R\u00dcN SE\u00c7\u0130M\u0130","MAN\u015eET","Spor"],"inLanguage":"tr"},{"@type":"WebPage","@id":"https:\/\/epochtimestr.com\/index.php\/letonya-takimi-antrenoru-acikladi-cindeki-olimpiyat-oyunlari-buyuk-bir-siyasi-tiyatro","url":"https:\/\/epochtimestr.com\/index.php\/letonya-takimi-antrenoru-acikladi-cindeki-olimpiyat-oyunlari-buyuk-bir-siyasi-tiyatro","name":"Letonya Tak\u0131m\u0131 Antren\u00f6r\u00fc A\u00e7\u0131klad\u0131: \u00c7in\u2019deki Olimpiyat Oyunlar\u0131 \u2018B\u00fcy\u00fck Bir Siyasi Tiyatro\u2019 - The Epoch Times TR","isPartOf":{"@id":"https:\/\/epochtimestr.com\/#website"},"primaryImageOfPage":{"@id":"https:\/\/epochtimestr.com\/index.php\/letonya-takimi-antrenoru-acikladi-cindeki-olimpiyat-oyunlari-buyuk-bir-siyasi-tiyatro#primaryimage"},"image":{"@id":"https:\/\/epochtimestr.com\/index.php\/letonya-takimi-antrenoru-acikladi-cindeki-olimpiyat-oyunlari-buyuk-bir-siyasi-tiyatro#primaryimage"},"thumbnailUrl":"https:\/\/epochtimestr.com\/wp-content\/uploads\/2011y\/TC-Olypmic-700x420-1.jpg","datePublished":"2022-03-17T07:09:59+00:00","dateModified":"2022-03-17T12:19:29+00:00","inLanguage":"tr","potentialAction":[{"@type":"ReadAction","target":["https:\/\/epochtimestr.com\/index.php\/letonya-takimi-antrenoru-acikladi-cindeki-olimpiyat-oyunlari-buyuk-bir-siyasi-tiyatro"]}]},{"@type":"ImageObject","inLanguage":"tr","@id":"https:\/\/epochtimestr.com\/index.php\/letonya-takimi-antrenoru-acikladi-cindeki-olimpiyat-oyunlari-buyuk-bir-siyasi-tiyatro#primaryimage","url":"https:\/\/epochtimestr.com\/wp-content\/uploads\/2011y\/TC-Olypmic-700x420-1.jpg","contentUrl":"https:\/\/epochtimestr.com\/wp-content\/uploads\/2011y\/TC-Olypmic-700x420-1.jpg","width":700,"height":420},{"@type":"WebSite","@id":"https:\/\/epochtimestr.com\/#website","url":"https:\/\/epochtimestr.com\/","name":"The Epoch Times TR","description":"De\u011fi\u015fen D\u00fcnyam\u0131za Taze Bir Bak\u0131\u015f","publisher":{"@id":"https:\/\/epochtimestr.com\/#organization"},"potentialAction":[{"@type":"SearchAction","target":{"@type":"EntryPoint","urlTemplate":"https:\/\/epochtimestr.com\/?s={search_term_string}"},"query-input":"required name=search_term_string"}],"inLanguage":"tr"},{"@type":"Organization","@id":"https:\/\/epochtimestr.com\/#organization","name":"The EpochTimes T\u00fcrkiye","url":"https:\/\/epochtimestr.com\/","logo":{"@type":"ImageObject","inLanguage":"tr","@id":"https:\/\/epochtimestr.com\/#\/schema\/logo\/image\/","url":"https:\/\/epochtimestr.com\/wp-content\/uploads\/2011y\/ET-Logo-YG.jpg","contentUrl":"https:\/\/epochtimestr.com\/wp-content\/uploads\/2011y\/ET-Logo-YG.jpg","width":346,"height":29,"caption":"The EpochTimes T\u00fcrkiye"},"image":{"@id":"https:\/\/epochtimestr.com\/#\/schema\/logo\/image\/"},"sameAs":["https:\/\/www.facebook.com\/theepochtimestr","https:\/\/x.com\/TheEpochTimesTR","https:\/\/www.instagram.com\/epochtimestr"]},{"@type":"Person","@id":"https:\/\/epochtimestr.com\/#\/schema\/person\/a515b4166e91977b7e9f483ceb142459","name":"Hatice Atmaca","image":{"@type":"ImageObject","inLanguage":"tr","@id":"https:\/\/epochtimestr.com\/#\/schema\/person\/image\/","url":"https:\/\/secure.gravatar.com\/avatar\/dd49aabd0aeaecbc0ecbce954119ae42?s=96&d=mm&r=g","contentUrl":"https:\/\/secure.gravatar.com\/avatar\/dd49aabd0aeaecbc0ecbce954119ae42?s=96&d=mm&r=g","caption":"Hatice Atmaca"},"url":"https:\/\/epochtimestr.com\/index.php\/author\/hatice"}]}},"_links":{"self":[{"href":"https:\/\/epochtimestr.com\/index.php\/wp-json\/wp\/v2\/posts\/138524"}],"collection":[{"href":"https:\/\/epochtimestr.com\/index.php\/wp-json\/wp\/v2\/posts"}],"about":[{"href":"https:\/\/epochtimestr.com\/index.php\/wp-json\/wp\/v2\/types\/post"}],"author":[{"embeddable":true,"href":"https:\/\/epochtimestr.com\/index.php\/wp-json\/wp\/v2\/users\/12379"}],"replies":[{"embeddable":true,"href":"https:\/\/epochtimestr.com\/index.php\/wp-json\/wp\/v2\/comments?post=138524"}],"version-history":[{"count":7,"href":"https:\/\/epochtimestr.com\/index.php\/wp-json\/wp\/v2\/posts\/138524\/revisions"}],"predecessor-version":[{"id":138548,"href":"https:\/\/epochtimestr.com\/index.php\/wp-json\/wp\/v2\/posts\/138524\/revisions\/138548"}],"wp:featuredmedia":[{"embeddable":true,"href":"https:\/\/epochtimestr.com\/index.php\/wp-json\/wp\/v2\/media\/138525"}],"wp:attachment":[{"href":"https:\/\/epochtimestr.com\/index.php\/wp-json\/wp\/v2\/media?parent=138524"}],"wp:term":[{"taxonomy":"category","embeddable":true,"href":"https:\/\/epochtimestr.com\/index.php\/wp-json\/wp\/v2\/categories?post=138524"},{"taxonomy":"post_tag","embeddable":true,"href":"https:\/\/epochtimestr.com\/index.php\/wp-json\/wp\/v2\/tags?post=138524"}],"curies":[{"name":"wp","href":"https:\/\/api.w.org\/{rel}","templated":true}]}}