{"id":138532,"date":"2022-03-16T20:48:31","date_gmt":"2022-03-16T17:48:31","guid":{"rendered":"https:\/\/epochtimestr.com\/?p=138532"},"modified":"2022-03-16T20:48:34","modified_gmt":"2022-03-16T17:48:34","slug":"dso-avrupa-bolgesi-gocmenleri-icin-turkiyede-toplaniyor","status":"publish","type":"post","link":"https:\/\/epochtimestr.com\/index.php\/dso-avrupa-bolgesi-gocmenleri-icin-turkiyede-toplaniyor","title":{"rendered":"DS\u00d6 Avrupa B\u00f6lgesi G\u00f6\u00e7menleri \u0130\u00e7in T\u00fcrkiye\u2019de Toplan\u0131yor"},"content":{"rendered":"\n<div class=\"wp-block-image\"><figure class=\"aligncenter size-large\"><img loading=\"lazy\" decoding=\"async\" width=\"600\" height=\"400\" src=\"https:\/\/epochtimestr.com\/wp-content\/uploads\/2011y\/1024px-Flag_of_WHO.svg-D\u00fcnya-Sa\u011fl\u0131k-\u00d6rg\u00fct\u00fc-600x400.png\" alt=\"\" class=\"wp-image-124230\" srcset=\"https:\/\/epochtimestr.com\/wp-content\/uploads\/2011y\/1024px-Flag_of_WHO.svg-D\u00fcnya-Sa\u011fl\u0131k-\u00d6rg\u00fct\u00fc-600x400.png 600w, https:\/\/epochtimestr.com\/wp-content\/uploads\/2011y\/1024px-Flag_of_WHO.svg-D\u00fcnya-Sa\u011fl\u0131k-\u00d6rg\u00fct\u00fc-150x100.png 150w, https:\/\/epochtimestr.com\/wp-content\/uploads\/2011y\/1024px-Flag_of_WHO.svg-D\u00fcnya-Sa\u011fl\u0131k-\u00d6rg\u00fct\u00fc-300x200.png 300w, https:\/\/epochtimestr.com\/wp-content\/uploads\/2011y\/1024px-Flag_of_WHO.svg-D\u00fcnya-Sa\u011fl\u0131k-\u00d6rg\u00fct\u00fc-768x512.png 768w, https:\/\/epochtimestr.com\/wp-content\/uploads\/2011y\/1024px-Flag_of_WHO.svg-D\u00fcnya-Sa\u011fl\u0131k-\u00d6rg\u00fct\u00fc-450x300.png 450w, https:\/\/epochtimestr.com\/wp-content\/uploads\/2011y\/1024px-Flag_of_WHO.svg-D\u00fcnya-Sa\u011fl\u0131k-\u00d6rg\u00fct\u00fc.png 1024w\" sizes=\"(max-width: 600px) 100vw, 600px\" \/><\/figure><\/div>\n\n\n\n<h2 class=\"wp-block-heading\">D\u00fcnya\u00a0Sa\u011fl\u0131k \u00d6rg\u00fct\u00fc (DS\u00d6) ve T\u00fcrkiye Cumhuriyeti Sa\u011fl\u0131k Bakanl\u0131\u011f\u0131 i\u015f birli\u011fi ile Avrupa B\u00f6lgesi\u00a0G\u00f6\u00e7\u00a0ve Sa\u011fl\u0131k Y\u00fcksek D\u00fczeyli Toplant\u0131s\u0131 \u0130stanbul\u2019da ger\u00e7ekle\u015ftiriliyor.<\/h2>\n\n\n\n<p>17-18 Mart 2022 tarihlerinde \u0130stanbul\u2019da d\u00fczenlenecek toplant\u0131ya\u00a0DS\u00d6\u00a0Avrupa B\u00f6lge Direkt\u00f6r\u00fc Dr. Hans Kluge, Avrupa Birli\u011fi Komisyon Ba\u015fkan Yard\u0131mc\u0131s\u0131 Margar\u00edtis Schin\u00e1s ve Sa\u011fl\u0131k Bakan\u0131 Dr. Fahrettin Koca\u2019n\u0131n yan\u0131 s\u0131ra bir\u00e7ok \u00fclkeden sa\u011fl\u0131k bakan\u0131 ve bakan yard\u0131mc\u0131s\u0131 d\u00fczeyinde kat\u0131l\u0131m olacak.<\/p>\n\n\n\n<p>55 \u00fclkeden temsilcilerin yer alaca\u011f\u0131 toplant\u0131ya Bosna Hersek, K\u0131rg\u0131zistan, San Marino, Litvanya, S\u0131rbistan, Bulgaristan, Tunus, Moldova, L\u00fcbnan, Romanya, Almanya, \u0130talya, Azerbaycan ve Polonya Sa\u011fl\u0131k Bakanlar\u0131, Libya Ba\u015fbakan Yard\u0131mc\u0131s\u0131, Letonya Devlet Sekreteri ile S\u0131rbistan ve G\u00fcrcistan Sa\u011fl\u0131k Bakan Yard\u0131mc\u0131lar\u0131 kat\u0131lacak.<\/p>\n\n\n\n<p>DS\u00d6 Avrupa B\u00f6lge Direkt\u00f6r\u00fc Dr. Hans Kluge, Avrupa Birli\u011fi Komisyon Ba\u015fkan Yard\u0131mc\u0131s\u0131 Margar\u00edtis Schin\u00e1s ve Sa\u011fl\u0131k Bakan\u0131 Dr. Fahrettin Koca toplant\u0131da kat\u0131l\u0131mcalara seslenecek.<\/p>\n\n\n\n<p>M\u00fclteci ve g\u00f6\u00e7men sa\u011fl\u0131\u011f\u0131na ili\u015fkin \u00f6n\u00fcm\u00fczdeki d\u00f6nemdeki faaliyetler ve i\u015f birli\u011fi konular\u0131n\u0131n ele al\u0131naca\u011f\u0131 toplant\u0131da Sa\u011fl\u0131k Bakan\u0131 Dr. Fahrettin Koca, \u00fcst d\u00fczey kat\u0131l\u0131mc\u0131larla ikili g\u00f6r\u00fc\u015fmeler ger\u00e7ekle\u015ftirecek.<\/p>\n\n\n\n<p>DS\u00d6 Avrupa B\u00f6lge Direkt\u00f6r\u00fc Dr. Hans Kluge ile birlikte Afrika ve Do\u011fu Akdeniz B\u00f6lge Direkt\u00f6rlerinin de kat\u0131lmas\u0131yla b\u00fcy\u00fck \u00f6nem ta\u015f\u0131yan toplant\u0131 sonras\u0131nda sonu\u00e7 bildirgesi yay\u0131nlanacak.<\/p>\n","protected":false},"excerpt":{"rendered":"<p>D\u00fcnya\u00a0Sa\u011fl\u0131k \u00d6rg\u00fct\u00fc (DS\u00d6) ve T\u00fcrkiye Cumhuriyeti Sa\u011fl\u0131k Bakanl\u0131\u011f\u0131 i\u015f birli\u011fi ile Avrupa B\u00f6lgesi\u00a0G\u00f6\u00e7\u00a0ve Sa\u011fl\u0131k Y\u00fcksek D\u00fczeyli Toplant\u0131s\u0131 \u0130stanbul\u2019da ger\u00e7ekle\u015ftiriliyor. 17-18 Mart 2022 tarihlerinde \u0130stanbul\u2019da d\u00fczenlenecek toplant\u0131ya\u00a0DS\u00d6\u00a0Avrupa B\u00f6lge Direkt\u00f6r\u00fc Dr. Hans Kluge, Avrupa Birli\u011fi Komisyon Ba\u015fkan Yard\u0131mc\u0131s\u0131 Margar\u00edtis Schin\u00e1s ve Sa\u011fl\u0131k Bakan\u0131 Dr. Fahrettin Koca\u2019n\u0131n yan\u0131 s\u0131ra bir\u00e7ok \u00fclkeden sa\u011fl\u0131k bakan\u0131 ve bakan yard\u0131mc\u0131s\u0131 d\u00fczeyinde kat\u0131l\u0131m [&hellip;]<\/p>\n","protected":false},"author":12791,"featured_media":124230,"comment_status":"closed","ping_status":"open","sticky":false,"template":"","format":"standard","meta":{"_yoast_wpseo_focuskw":"","_yoast_wpseo_title":"","_yoast_wpseo_metadesc":"","_bbp_topic_count":0,"_bbp_reply_count":0,"_bbp_total_topic_count":0,"_bbp_total_reply_count":0,"_bbp_voice_count":0,"_bbp_anonymous_reply_count":0,"_bbp_topic_count_hidden":0,"_bbp_reply_count_hidden":0,"_bbp_forum_subforum_count":0,"footnotes":"","_yoast_wpseo_focuskw_text_input":""},"categories":[1,8138,37],"tags":[],"yoast_head":"<!-- This site is optimized with the Yoast SEO plugin v23.0 - https:\/\/yoast.com\/wordpress\/plugins\/seo\/ -->\n<title>DS\u00d6 Avrupa B\u00f6lgesi G\u00f6\u00e7menleri \u0130\u00e7in T\u00fcrkiye\u2019de Toplan\u0131yor - The Epoch Times TR<\/title>\n<meta name=\"robots\" content=\"index, follow, max-snippet:-1, max-image-preview:large, max-video-preview:-1\" \/>\n<link rel=\"canonical\" href=\"https:\/\/epochtimestr.com\/index.php\/dso-avrupa-bolgesi-gocmenleri-icin-turkiyede-toplaniyor\" \/>\n<meta property=\"og:locale\" content=\"tr_TR\" \/>\n<meta property=\"og:type\" content=\"article\" \/>\n<meta property=\"og:title\" content=\"DS\u00d6 Avrupa B\u00f6lgesi G\u00f6\u00e7menleri \u0130\u00e7in T\u00fcrkiye\u2019de Toplan\u0131yor - The Epoch Times TR\" \/>\n<meta property=\"og:description\" content=\"D\u00fcnya\u00a0Sa\u011fl\u0131k \u00d6rg\u00fct\u00fc (DS\u00d6) ve T\u00fcrkiye Cumhuriyeti Sa\u011fl\u0131k Bakanl\u0131\u011f\u0131 i\u015f birli\u011fi ile Avrupa B\u00f6lgesi\u00a0G\u00f6\u00e7\u00a0ve Sa\u011fl\u0131k Y\u00fcksek D\u00fczeyli Toplant\u0131s\u0131 \u0130stanbul\u2019da ger\u00e7ekle\u015ftiriliyor. 17-18 Mart 2022 tarihlerinde \u0130stanbul\u2019da d\u00fczenlenecek toplant\u0131ya\u00a0DS\u00d6\u00a0Avrupa B\u00f6lge Direkt\u00f6r\u00fc Dr. Hans Kluge, Avrupa Birli\u011fi Komisyon Ba\u015fkan Yard\u0131mc\u0131s\u0131 Margar\u00edtis Schin\u00e1s ve Sa\u011fl\u0131k Bakan\u0131 Dr. Fahrettin Koca\u2019n\u0131n yan\u0131 s\u0131ra bir\u00e7ok \u00fclkeden sa\u011fl\u0131k bakan\u0131 ve bakan yard\u0131mc\u0131s\u0131 d\u00fczeyinde kat\u0131l\u0131m [&hellip;]\" \/>\n<meta property=\"og:url\" content=\"https:\/\/epochtimestr.com\/index.php\/dso-avrupa-bolgesi-gocmenleri-icin-turkiyede-toplaniyor\" \/>\n<meta property=\"og:site_name\" content=\"The Epoch Times TR\" \/>\n<meta property=\"article:publisher\" content=\"https:\/\/www.facebook.com\/theepochtimestr\" \/>\n<meta property=\"article:published_time\" content=\"2022-03-16T17:48:31+00:00\" \/>\n<meta property=\"article:modified_time\" content=\"2022-03-16T17:48:34+00:00\" \/>\n<meta property=\"og:image\" content=\"https:\/\/epochtimestr.com\/wp-content\/uploads\/2011y\/1024px-Flag_of_WHO.svg-D\u00fcnya-Sa\u011fl\u0131k-\u00d6rg\u00fct\u00fc.png\" \/>\n\t<meta property=\"og:image:width\" content=\"1024\" \/>\n\t<meta property=\"og:image:height\" content=\"683\" \/>\n\t<meta property=\"og:image:type\" content=\"image\/png\" \/>\n<meta name=\"author\" content=\"Haber Merkezi\" \/>\n<meta name=\"twitter:card\" content=\"summary_large_image\" \/>\n<meta name=\"twitter:creator\" content=\"@TheEpochTimesTR\" \/>\n<meta name=\"twitter:site\" content=\"@TheEpochTimesTR\" \/>\n<meta name=\"twitter:label1\" content=\"Yazan:\" \/>\n\t<meta name=\"twitter:data1\" content=\"Haber Merkezi\" \/>\n\t<meta name=\"twitter:label2\" content=\"Tahmini okuma s\u00fcresi\" \/>\n\t<meta name=\"twitter:data2\" content=\"1 dakika\" \/>\n<script type=\"application\/ld+json\" class=\"yoast-schema-graph\">{\"@context\":\"https:\/\/schema.org\",\"@graph\":[{\"@type\":\"Article\",\"@id\":\"https:\/\/epochtimestr.com\/index.php\/dso-avrupa-bolgesi-gocmenleri-icin-turkiyede-toplaniyor#article\",\"isPartOf\":{\"@id\":\"https:\/\/epochtimestr.com\/index.php\/dso-avrupa-bolgesi-gocmenleri-icin-turkiyede-toplaniyor\"},\"author\":{\"name\":\"Haber Merkezi\",\"@id\":\"https:\/\/epochtimestr.com\/#\/schema\/person\/3dc5c3adeb9f43923c5aa85889172fdd\"},\"headline\":\"DS\u00d6 Avrupa B\u00f6lgesi G\u00f6\u00e7menleri \u0130\u00e7in T\u00fcrkiye\u2019de Toplan\u0131yor\",\"datePublished\":\"2022-03-16T17:48:31+00:00\",\"dateModified\":\"2022-03-16T17:48:34+00:00\",\"mainEntityOfPage\":{\"@id\":\"https:\/\/epochtimestr.com\/index.php\/dso-avrupa-bolgesi-gocmenleri-icin-turkiyede-toplaniyor\"},\"wordCount\":290,\"publisher\":{\"@id\":\"https:\/\/epochtimestr.com\/#organization\"},\"image\":{\"@id\":\"https:\/\/epochtimestr.com\/index.php\/dso-avrupa-bolgesi-gocmenleri-icin-turkiyede-toplaniyor#primaryimage\"},\"thumbnailUrl\":\"https:\/\/epochtimestr.com\/wp-content\/uploads\/2011y\/1024px-Flag_of_WHO.svg-D\u00fcnya-Sa\u011fl\u0131k-\u00d6rg\u00fct\u00fc.png\",\"articleSection\":[\"G\u00dcNDEM\",\"MAN\u015eET\",\"T\u00dcRK\u0130YE\"],\"inLanguage\":\"tr\"},{\"@type\":\"WebPage\",\"@id\":\"https:\/\/epochtimestr.com\/index.php\/dso-avrupa-bolgesi-gocmenleri-icin-turkiyede-toplaniyor\",\"url\":\"https:\/\/epochtimestr.com\/index.php\/dso-avrupa-bolgesi-gocmenleri-icin-turkiyede-toplaniyor\",\"name\":\"DS\u00d6 Avrupa B\u00f6lgesi G\u00f6\u00e7menleri \u0130\u00e7in T\u00fcrkiye\u2019de Toplan\u0131yor - The Epoch Times TR\",\"isPartOf\":{\"@id\":\"https:\/\/epochtimestr.com\/#website\"},\"primaryImageOfPage\":{\"@id\":\"https:\/\/epochtimestr.com\/index.php\/dso-avrupa-bolgesi-gocmenleri-icin-turkiyede-toplaniyor#primaryimage\"},\"image\":{\"@id\":\"https:\/\/epochtimestr.com\/index.php\/dso-avrupa-bolgesi-gocmenleri-icin-turkiyede-toplaniyor#primaryimage\"},\"thumbnailUrl\":\"https:\/\/epochtimestr.com\/wp-content\/uploads\/2011y\/1024px-Flag_of_WHO.svg-D\u00fcnya-Sa\u011fl\u0131k-\u00d6rg\u00fct\u00fc.png\",\"datePublished\":\"2022-03-16T17:48:31+00:00\",\"dateModified\":\"2022-03-16T17:48:34+00:00\",\"inLanguage\":\"tr\",\"potentialAction\":[{\"@type\":\"ReadAction\",\"target\":[\"https:\/\/epochtimestr.com\/index.php\/dso-avrupa-bolgesi-gocmenleri-icin-turkiyede-toplaniyor\"]}]},{\"@type\":\"ImageObject\",\"inLanguage\":\"tr\",\"@id\":\"https:\/\/epochtimestr.com\/index.php\/dso-avrupa-bolgesi-gocmenleri-icin-turkiyede-toplaniyor#primaryimage\",\"url\":\"https:\/\/epochtimestr.com\/wp-content\/uploads\/2011y\/1024px-Flag_of_WHO.svg-D\u00fcnya-Sa\u011fl\u0131k-\u00d6rg\u00fct\u00fc.png\",\"contentUrl\":\"https:\/\/epochtimestr.com\/wp-content\/uploads\/2011y\/1024px-Flag_of_WHO.svg-D\u00fcnya-Sa\u011fl\u0131k-\u00d6rg\u00fct\u00fc.png\",\"width\":1024,\"height\":683},{\"@type\":\"WebSite\",\"@id\":\"https:\/\/epochtimestr.com\/#website\",\"url\":\"https:\/\/epochtimestr.com\/\",\"name\":\"The Epoch Times TR\",\"description\":\"De\u011fi\u015fen D\u00fcnyam\u0131za Taze Bir Bak\u0131\u015f\",\"publisher\":{\"@id\":\"https:\/\/epochtimestr.com\/#organization\"},\"potentialAction\":[{\"@type\":\"SearchAction\",\"target\":{\"@type\":\"EntryPoint\",\"urlTemplate\":\"https:\/\/epochtimestr.com\/?s={search_term_string}\"},\"query-input\":\"required name=search_term_string\"}],\"inLanguage\":\"tr\"},{\"@type\":\"Organization\",\"@id\":\"https:\/\/epochtimestr.com\/#organization\",\"name\":\"The EpochTimes T\u00fcrkiye\",\"url\":\"https:\/\/epochtimestr.com\/\",\"logo\":{\"@type\":\"ImageObject\",\"inLanguage\":\"tr\",\"@id\":\"https:\/\/epochtimestr.com\/#\/schema\/logo\/image\/\",\"url\":\"https:\/\/epochtimestr.com\/wp-content\/uploads\/2011y\/ET-Logo-YG.jpg\",\"contentUrl\":\"https:\/\/epochtimestr.com\/wp-content\/uploads\/2011y\/ET-Logo-YG.jpg\",\"width\":346,\"height\":29,\"caption\":\"The EpochTimes T\u00fcrkiye\"},\"image\":{\"@id\":\"https:\/\/epochtimestr.com\/#\/schema\/logo\/image\/\"},\"sameAs\":[\"https:\/\/www.facebook.com\/theepochtimestr\",\"https:\/\/x.com\/TheEpochTimesTR\",\"https:\/\/www.instagram.com\/epochtimestr\"]},{\"@type\":\"Person\",\"@id\":\"https:\/\/epochtimestr.com\/#\/schema\/person\/3dc5c3adeb9f43923c5aa85889172fdd\",\"name\":\"Haber Merkezi\",\"image\":{\"@type\":\"ImageObject\",\"inLanguage\":\"tr\",\"@id\":\"https:\/\/epochtimestr.com\/#\/schema\/person\/image\/\",\"url\":\"https:\/\/secure.gravatar.com\/avatar\/d73f772ba5a74f28601361e17c2f93e6?s=96&d=mm&r=g\",\"contentUrl\":\"https:\/\/secure.gravatar.com\/avatar\/d73f772ba5a74f28601361e17c2f93e6?s=96&d=mm&r=g\",\"caption\":\"Haber Merkezi\"},\"url\":\"https:\/\/epochtimestr.com\/index.php\/author\/sendag\"}]}<\/script>\n<!-- \/ Yoast SEO plugin. -->","yoast_head_json":{"title":"DS\u00d6 Avrupa B\u00f6lgesi G\u00f6\u00e7menleri \u0130\u00e7in T\u00fcrkiye\u2019de Toplan\u0131yor - The Epoch Times TR","robots":{"index":"index","follow":"follow","max-snippet":"max-snippet:-1","max-image-preview":"max-image-preview:large","max-video-preview":"max-video-preview:-1"},"canonical":"https:\/\/epochtimestr.com\/index.php\/dso-avrupa-bolgesi-gocmenleri-icin-turkiyede-toplaniyor","og_locale":"tr_TR","og_type":"article","og_title":"DS\u00d6 Avrupa B\u00f6lgesi G\u00f6\u00e7menleri \u0130\u00e7in T\u00fcrkiye\u2019de Toplan\u0131yor - The Epoch Times TR","og_description":"D\u00fcnya\u00a0Sa\u011fl\u0131k \u00d6rg\u00fct\u00fc (DS\u00d6) ve T\u00fcrkiye Cumhuriyeti Sa\u011fl\u0131k Bakanl\u0131\u011f\u0131 i\u015f birli\u011fi ile Avrupa B\u00f6lgesi\u00a0G\u00f6\u00e7\u00a0ve Sa\u011fl\u0131k Y\u00fcksek D\u00fczeyli Toplant\u0131s\u0131 \u0130stanbul\u2019da ger\u00e7ekle\u015ftiriliyor. 17-18 Mart 2022 tarihlerinde \u0130stanbul\u2019da d\u00fczenlenecek toplant\u0131ya\u00a0DS\u00d6\u00a0Avrupa B\u00f6lge Direkt\u00f6r\u00fc Dr. Hans Kluge, Avrupa Birli\u011fi Komisyon Ba\u015fkan Yard\u0131mc\u0131s\u0131 Margar\u00edtis Schin\u00e1s ve Sa\u011fl\u0131k Bakan\u0131 Dr. Fahrettin Koca\u2019n\u0131n yan\u0131 s\u0131ra bir\u00e7ok \u00fclkeden sa\u011fl\u0131k bakan\u0131 ve bakan yard\u0131mc\u0131s\u0131 d\u00fczeyinde kat\u0131l\u0131m [&hellip;]","og_url":"https:\/\/epochtimestr.com\/index.php\/dso-avrupa-bolgesi-gocmenleri-icin-turkiyede-toplaniyor","og_site_name":"The Epoch Times TR","article_publisher":"https:\/\/www.facebook.com\/theepochtimestr","article_published_time":"2022-03-16T17:48:31+00:00","article_modified_time":"2022-03-16T17:48:34+00:00","og_image":[{"width":1024,"height":683,"url":"https:\/\/epochtimestr.com\/wp-content\/uploads\/2011y\/1024px-Flag_of_WHO.svg-D\u00fcnya-Sa\u011fl\u0131k-\u00d6rg\u00fct\u00fc.png","type":"image\/png"}],"author":"Haber Merkezi","twitter_card":"summary_large_image","twitter_creator":"@TheEpochTimesTR","twitter_site":"@TheEpochTimesTR","twitter_misc":{"Yazan:":"Haber Merkezi","Tahmini okuma s\u00fcresi":"1 dakika"},"schema":{"@context":"https:\/\/schema.org","@graph":[{"@type":"Article","@id":"https:\/\/epochtimestr.com\/index.php\/dso-avrupa-bolgesi-gocmenleri-icin-turkiyede-toplaniyor#article","isPartOf":{"@id":"https:\/\/epochtimestr.com\/index.php\/dso-avrupa-bolgesi-gocmenleri-icin-turkiyede-toplaniyor"},"author":{"name":"Haber Merkezi","@id":"https:\/\/epochtimestr.com\/#\/schema\/person\/3dc5c3adeb9f43923c5aa85889172fdd"},"headline":"DS\u00d6 Avrupa B\u00f6lgesi G\u00f6\u00e7menleri \u0130\u00e7in T\u00fcrkiye\u2019de Toplan\u0131yor","datePublished":"2022-03-16T17:48:31+00:00","dateModified":"2022-03-16T17:48:34+00:00","mainEntityOfPage":{"@id":"https:\/\/epochtimestr.com\/index.php\/dso-avrupa-bolgesi-gocmenleri-icin-turkiyede-toplaniyor"},"wordCount":290,"publisher":{"@id":"https:\/\/epochtimestr.com\/#organization"},"image":{"@id":"https:\/\/epochtimestr.com\/index.php\/dso-avrupa-bolgesi-gocmenleri-icin-turkiyede-toplaniyor#primaryimage"},"thumbnailUrl":"https:\/\/epochtimestr.com\/wp-content\/uploads\/2011y\/1024px-Flag_of_WHO.svg-D\u00fcnya-Sa\u011fl\u0131k-\u00d6rg\u00fct\u00fc.png","articleSection":["G\u00dcNDEM","MAN\u015eET","T\u00dcRK\u0130YE"],"inLanguage":"tr"},{"@type":"WebPage","@id":"https:\/\/epochtimestr.com\/index.php\/dso-avrupa-bolgesi-gocmenleri-icin-turkiyede-toplaniyor","url":"https:\/\/epochtimestr.com\/index.php\/dso-avrupa-bolgesi-gocmenleri-icin-turkiyede-toplaniyor","name":"DS\u00d6 Avrupa B\u00f6lgesi G\u00f6\u00e7menleri \u0130\u00e7in T\u00fcrkiye\u2019de Toplan\u0131yor - The Epoch Times TR","isPartOf":{"@id":"https:\/\/epochtimestr.com\/#website"},"primaryImageOfPage":{"@id":"https:\/\/epochtimestr.com\/index.php\/dso-avrupa-bolgesi-gocmenleri-icin-turkiyede-toplaniyor#primaryimage"},"image":{"@id":"https:\/\/epochtimestr.com\/index.php\/dso-avrupa-bolgesi-gocmenleri-icin-turkiyede-toplaniyor#primaryimage"},"thumbnailUrl":"https:\/\/epochtimestr.com\/wp-content\/uploads\/2011y\/1024px-Flag_of_WHO.svg-D\u00fcnya-Sa\u011fl\u0131k-\u00d6rg\u00fct\u00fc.png","datePublished":"2022-03-16T17:48:31+00:00","dateModified":"2022-03-16T17:48:34+00:00","inLanguage":"tr","potentialAction":[{"@type":"ReadAction","target":["https:\/\/epochtimestr.com\/index.php\/dso-avrupa-bolgesi-gocmenleri-icin-turkiyede-toplaniyor"]}]},{"@type":"ImageObject","inLanguage":"tr","@id":"https:\/\/epochtimestr.com\/index.php\/dso-avrupa-bolgesi-gocmenleri-icin-turkiyede-toplaniyor#primaryimage","url":"https:\/\/epochtimestr.com\/wp-content\/uploads\/2011y\/1024px-Flag_of_WHO.svg-D\u00fcnya-Sa\u011fl\u0131k-\u00d6rg\u00fct\u00fc.png","contentUrl":"https:\/\/epochtimestr.com\/wp-content\/uploads\/2011y\/1024px-Flag_of_WHO.svg-D\u00fcnya-Sa\u011fl\u0131k-\u00d6rg\u00fct\u00fc.png","width":1024,"height":683},{"@type":"WebSite","@id":"https:\/\/epochtimestr.com\/#website","url":"https:\/\/epochtimestr.com\/","name":"The Epoch Times TR","description":"De\u011fi\u015fen D\u00fcnyam\u0131za Taze Bir Bak\u0131\u015f","publisher":{"@id":"https:\/\/epochtimestr.com\/#organization"},"potentialAction":[{"@type":"SearchAction","target":{"@type":"EntryPoint","urlTemplate":"https:\/\/epochtimestr.com\/?s={search_term_string}"},"query-input":"required name=search_term_string"}],"inLanguage":"tr"},{"@type":"Organization","@id":"https:\/\/epochtimestr.com\/#organization","name":"The EpochTimes T\u00fcrkiye","url":"https:\/\/epochtimestr.com\/","logo":{"@type":"ImageObject","inLanguage":"tr","@id":"https:\/\/epochtimestr.com\/#\/schema\/logo\/image\/","url":"https:\/\/epochtimestr.com\/wp-content\/uploads\/2011y\/ET-Logo-YG.jpg","contentUrl":"https:\/\/epochtimestr.com\/wp-content\/uploads\/2011y\/ET-Logo-YG.jpg","width":346,"height":29,"caption":"The EpochTimes T\u00fcrkiye"},"image":{"@id":"https:\/\/epochtimestr.com\/#\/schema\/logo\/image\/"},"sameAs":["https:\/\/www.facebook.com\/theepochtimestr","https:\/\/x.com\/TheEpochTimesTR","https:\/\/www.instagram.com\/epochtimestr"]},{"@type":"Person","@id":"https:\/\/epochtimestr.com\/#\/schema\/person\/3dc5c3adeb9f43923c5aa85889172fdd","name":"Haber Merkezi","image":{"@type":"ImageObject","inLanguage":"tr","@id":"https:\/\/epochtimestr.com\/#\/schema\/person\/image\/","url":"https:\/\/secure.gravatar.com\/avatar\/d73f772ba5a74f28601361e17c2f93e6?s=96&d=mm&r=g","contentUrl":"https:\/\/secure.gravatar.com\/avatar\/d73f772ba5a74f28601361e17c2f93e6?s=96&d=mm&r=g","caption":"Haber Merkezi"},"url":"https:\/\/epochtimestr.com\/index.php\/author\/sendag"}]}},"_links":{"self":[{"href":"https:\/\/epochtimestr.com\/index.php\/wp-json\/wp\/v2\/posts\/138532"}],"collection":[{"href":"https:\/\/epochtimestr.com\/index.php\/wp-json\/wp\/v2\/posts"}],"about":[{"href":"https:\/\/epochtimestr.com\/index.php\/wp-json\/wp\/v2\/types\/post"}],"author":[{"embeddable":true,"href":"https:\/\/epochtimestr.com\/index.php\/wp-json\/wp\/v2\/users\/12791"}],"replies":[{"embeddable":true,"href":"https:\/\/epochtimestr.com\/index.php\/wp-json\/wp\/v2\/comments?post=138532"}],"version-history":[{"count":1,"href":"https:\/\/epochtimestr.com\/index.php\/wp-json\/wp\/v2\/posts\/138532\/revisions"}],"predecessor-version":[{"id":138533,"href":"https:\/\/epochtimestr.com\/index.php\/wp-json\/wp\/v2\/posts\/138532\/revisions\/138533"}],"wp:featuredmedia":[{"embeddable":true,"href":"https:\/\/epochtimestr.com\/index.php\/wp-json\/wp\/v2\/media\/124230"}],"wp:attachment":[{"href":"https:\/\/epochtimestr.com\/index.php\/wp-json\/wp\/v2\/media?parent=138532"}],"wp:term":[{"taxonomy":"category","embeddable":true,"href":"https:\/\/epochtimestr.com\/index.php\/wp-json\/wp\/v2\/categories?post=138532"},{"taxonomy":"post_tag","embeddable":true,"href":"https:\/\/epochtimestr.com\/index.php\/wp-json\/wp\/v2\/tags?post=138532"}],"curies":[{"name":"wp","href":"https:\/\/api.w.org\/{rel}","templated":true}]}}