{"id":138538,"date":"2022-03-17T06:08:00","date_gmt":"2022-03-17T03:08:00","guid":{"rendered":"https:\/\/epochtimestr.com\/?p=138538"},"modified":"2022-03-17T06:08:04","modified_gmt":"2022-03-17T03:08:04","slug":"japonyada-73-buyuklugunde-deprem","status":"publish","type":"post","link":"https:\/\/epochtimestr.com\/index.php\/japonyada-73-buyuklugunde-deprem","title":{"rendered":"Japonya&#8217;da 7,3 B\u00fcy\u00fckl\u00fc\u011f\u00fcnde Deprem"},"content":{"rendered":"\n<div class=\"wp-block-image\"><figure class=\"aligncenter size-large\"><img loading=\"lazy\" decoding=\"async\" width=\"600\" height=\"320\" src=\"https:\/\/epochtimestr.com\/wp-content\/uploads\/2011y\/deprem-14-600x320.jpg\" alt=\"\" class=\"wp-image-108438\" srcset=\"https:\/\/epochtimestr.com\/wp-content\/uploads\/2011y\/deprem-14-600x320.jpg 600w, https:\/\/epochtimestr.com\/wp-content\/uploads\/2011y\/deprem-14-150x80.jpg 150w, https:\/\/epochtimestr.com\/wp-content\/uploads\/2011y\/deprem-14-300x160.jpg 300w, https:\/\/epochtimestr.com\/wp-content\/uploads\/2011y\/deprem-14-292x156.jpg 292w, https:\/\/epochtimestr.com\/wp-content\/uploads\/2011y\/deprem-14-638x340.jpg 638w, https:\/\/epochtimestr.com\/wp-content\/uploads\/2011y\/deprem-14-190x100.jpg 190w, https:\/\/epochtimestr.com\/wp-content\/uploads\/2011y\/deprem-14-629x335.jpg 629w, https:\/\/epochtimestr.com\/wp-content\/uploads\/2011y\/deprem-14.jpg 664w\" sizes=\"(max-width: 600px) 100vw, 600px\" \/><\/figure><\/div>\n\n\n\n<h2 class=\"wp-block-heading\"><strong>Japonya&#8217;da Fuku\u015fima a\u00e7\u0131klar\u0131nda meydana gelen 7,3 b\u00fcy\u00fckl\u00fc\u011f\u00fcndeki deprem, \u00fclkede 2 milyon evin elektri\u011finin kesilmesine yol a\u00e7t\u0131.<\/strong><\/h2>\n\n\n\n<p>Ba\u015fbakan Fumio Ki\u015fida h\u00fck\u00fcmetin hasar tespit \u00e7al\u0131\u015fmas\u0131na ba\u015flad\u0131\u011f\u0131n\u0131 duyurdu.<\/p>\n\n\n\n<p>Kamu yay\u0131nc\u0131s\u0131 NHK, baz\u0131 b\u00f6lgelerde depremin ayakta durulamayacak kadar titre\u015fime yol a\u00e7t\u0131\u011f\u0131n\u0131 aktard\u0131.<\/p>\n\n\n\n<p>\u00dclkenin kuzeydo\u011fu sahillerinin bir k\u0131sm\u0131 i\u00e7in bir metre y\u00fcksekli\u011finde tsunami uyar\u0131s\u0131 yap\u0131ld\u0131<\/p>\n\n\n\n<p>Reuters ve AFP ajanslar\u0131, hen\u00fcz \u00f6l\u00fc veya yaral\u0131 konusunda bir bilgi olmad\u0131\u011f\u0131n\u0131 aktar\u0131yor.<\/p>\n","protected":false},"excerpt":{"rendered":"<p>Japonya&#8217;da Fuku\u015fima a\u00e7\u0131klar\u0131nda meydana gelen 7,3 b\u00fcy\u00fckl\u00fc\u011f\u00fcndeki deprem, \u00fclkede 2 milyon evin elektri\u011finin kesilmesine yol a\u00e7t\u0131. Ba\u015fbakan Fumio Ki\u015fida h\u00fck\u00fcmetin hasar tespit \u00e7al\u0131\u015fmas\u0131na ba\u015flad\u0131\u011f\u0131n\u0131 duyurdu. Kamu yay\u0131nc\u0131s\u0131 NHK, baz\u0131 b\u00f6lgelerde depremin ayakta durulamayacak kadar titre\u015fime yol a\u00e7t\u0131\u011f\u0131n\u0131 aktard\u0131. \u00dclkenin kuzeydo\u011fu sahillerinin bir k\u0131sm\u0131 i\u00e7in bir metre y\u00fcksekli\u011finde tsunami uyar\u0131s\u0131 yap\u0131ld\u0131 Reuters ve AFP ajanslar\u0131, hen\u00fcz [&hellip;]<\/p>\n","protected":false},"author":12791,"featured_media":110773,"comment_status":"closed","ping_status":"open","sticky":false,"template":"","format":"standard","meta":{"_yoast_wpseo_focuskw":"","_yoast_wpseo_title":"","_yoast_wpseo_metadesc":"","_bbp_topic_count":0,"_bbp_reply_count":0,"_bbp_total_topic_count":0,"_bbp_total_reply_count":0,"_bbp_voice_count":0,"_bbp_anonymous_reply_count":0,"_bbp_topic_count_hidden":0,"_bbp_reply_count_hidden":0,"_bbp_forum_subforum_count":0,"footnotes":"","_yoast_wpseo_focuskw_text_input":""},"categories":[5,1],"tags":[],"yoast_head":"<!-- This site is optimized with the Yoast SEO plugin v23.0 - https:\/\/yoast.com\/wordpress\/plugins\/seo\/ -->\n<title>Japonya&#039;da 7,3 B\u00fcy\u00fckl\u00fc\u011f\u00fcnde Deprem - The Epoch Times TR<\/title>\n<meta name=\"robots\" content=\"index, follow, max-snippet:-1, max-image-preview:large, max-video-preview:-1\" \/>\n<link rel=\"canonical\" href=\"https:\/\/epochtimestr.com\/index.php\/japonyada-73-buyuklugunde-deprem\" \/>\n<meta property=\"og:locale\" content=\"tr_TR\" \/>\n<meta property=\"og:type\" content=\"article\" \/>\n<meta property=\"og:title\" content=\"Japonya&#039;da 7,3 B\u00fcy\u00fckl\u00fc\u011f\u00fcnde Deprem - The Epoch Times TR\" \/>\n<meta property=\"og:description\" content=\"Japonya&#8217;da Fuku\u015fima a\u00e7\u0131klar\u0131nda meydana gelen 7,3 b\u00fcy\u00fckl\u00fc\u011f\u00fcndeki deprem, \u00fclkede 2 milyon evin elektri\u011finin kesilmesine yol a\u00e7t\u0131. Ba\u015fbakan Fumio Ki\u015fida h\u00fck\u00fcmetin hasar tespit \u00e7al\u0131\u015fmas\u0131na ba\u015flad\u0131\u011f\u0131n\u0131 duyurdu. Kamu yay\u0131nc\u0131s\u0131 NHK, baz\u0131 b\u00f6lgelerde depremin ayakta durulamayacak kadar titre\u015fime yol a\u00e7t\u0131\u011f\u0131n\u0131 aktard\u0131. \u00dclkenin kuzeydo\u011fu sahillerinin bir k\u0131sm\u0131 i\u00e7in bir metre y\u00fcksekli\u011finde tsunami uyar\u0131s\u0131 yap\u0131ld\u0131 Reuters ve AFP ajanslar\u0131, hen\u00fcz [&hellip;]\" \/>\n<meta property=\"og:url\" content=\"https:\/\/epochtimestr.com\/index.php\/japonyada-73-buyuklugunde-deprem\" \/>\n<meta property=\"og:site_name\" content=\"The Epoch Times TR\" \/>\n<meta property=\"article:publisher\" content=\"https:\/\/www.facebook.com\/theepochtimestr\" \/>\n<meta property=\"article:published_time\" content=\"2022-03-17T03:08:00+00:00\" \/>\n<meta property=\"article:modified_time\" content=\"2022-03-17T03:08:04+00:00\" \/>\n<meta property=\"og:image\" content=\"https:\/\/epochtimestr.com\/wp-content\/uploads\/2011y\/2179225-1.jpg\" \/>\n\t<meta property=\"og:image:width\" content=\"664\" \/>\n\t<meta property=\"og:image:height\" content=\"354\" \/>\n\t<meta property=\"og:image:type\" content=\"image\/jpeg\" \/>\n<meta name=\"author\" content=\"Haber Merkezi\" \/>\n<meta name=\"twitter:card\" content=\"summary_large_image\" \/>\n<meta name=\"twitter:creator\" content=\"@TheEpochTimesTR\" \/>\n<meta name=\"twitter:site\" content=\"@TheEpochTimesTR\" \/>\n<meta name=\"twitter:label1\" content=\"Yazan:\" \/>\n\t<meta name=\"twitter:data1\" content=\"Haber Merkezi\" \/>\n\t<meta name=\"twitter:label2\" content=\"Tahmini okuma s\u00fcresi\" \/>\n\t<meta name=\"twitter:data2\" content=\"1 dakika\" \/>\n<script type=\"application\/ld+json\" class=\"yoast-schema-graph\">{\"@context\":\"https:\/\/schema.org\",\"@graph\":[{\"@type\":\"Article\",\"@id\":\"https:\/\/epochtimestr.com\/index.php\/japonyada-73-buyuklugunde-deprem#article\",\"isPartOf\":{\"@id\":\"https:\/\/epochtimestr.com\/index.php\/japonyada-73-buyuklugunde-deprem\"},\"author\":{\"name\":\"Haber Merkezi\",\"@id\":\"https:\/\/epochtimestr.com\/#\/schema\/person\/3dc5c3adeb9f43923c5aa85889172fdd\"},\"headline\":\"Japonya&#8217;da 7,3 B\u00fcy\u00fckl\u00fc\u011f\u00fcnde Deprem\",\"datePublished\":\"2022-03-17T03:08:00+00:00\",\"dateModified\":\"2022-03-17T03:08:04+00:00\",\"mainEntityOfPage\":{\"@id\":\"https:\/\/epochtimestr.com\/index.php\/japonyada-73-buyuklugunde-deprem\"},\"wordCount\":99,\"publisher\":{\"@id\":\"https:\/\/epochtimestr.com\/#organization\"},\"image\":{\"@id\":\"https:\/\/epochtimestr.com\/index.php\/japonyada-73-buyuklugunde-deprem#primaryimage\"},\"thumbnailUrl\":\"https:\/\/epochtimestr.com\/wp-content\/uploads\/2011y\/2179225-1.jpg\",\"articleSection\":[\"D\u00dcNYA\",\"G\u00dcNDEM\"],\"inLanguage\":\"tr\"},{\"@type\":\"WebPage\",\"@id\":\"https:\/\/epochtimestr.com\/index.php\/japonyada-73-buyuklugunde-deprem\",\"url\":\"https:\/\/epochtimestr.com\/index.php\/japonyada-73-buyuklugunde-deprem\",\"name\":\"Japonya'da 7,3 B\u00fcy\u00fckl\u00fc\u011f\u00fcnde Deprem - The Epoch Times TR\",\"isPartOf\":{\"@id\":\"https:\/\/epochtimestr.com\/#website\"},\"primaryImageOfPage\":{\"@id\":\"https:\/\/epochtimestr.com\/index.php\/japonyada-73-buyuklugunde-deprem#primaryimage\"},\"image\":{\"@id\":\"https:\/\/epochtimestr.com\/index.php\/japonyada-73-buyuklugunde-deprem#primaryimage\"},\"thumbnailUrl\":\"https:\/\/epochtimestr.com\/wp-content\/uploads\/2011y\/2179225-1.jpg\",\"datePublished\":\"2022-03-17T03:08:00+00:00\",\"dateModified\":\"2022-03-17T03:08:04+00:00\",\"inLanguage\":\"tr\",\"potentialAction\":[{\"@type\":\"ReadAction\",\"target\":[\"https:\/\/epochtimestr.com\/index.php\/japonyada-73-buyuklugunde-deprem\"]}]},{\"@type\":\"ImageObject\",\"inLanguage\":\"tr\",\"@id\":\"https:\/\/epochtimestr.com\/index.php\/japonyada-73-buyuklugunde-deprem#primaryimage\",\"url\":\"https:\/\/epochtimestr.com\/wp-content\/uploads\/2011y\/2179225-1.jpg\",\"contentUrl\":\"https:\/\/epochtimestr.com\/wp-content\/uploads\/2011y\/2179225-1.jpg\",\"width\":664,\"height\":354},{\"@type\":\"WebSite\",\"@id\":\"https:\/\/epochtimestr.com\/#website\",\"url\":\"https:\/\/epochtimestr.com\/\",\"name\":\"The Epoch Times TR\",\"description\":\"De\u011fi\u015fen D\u00fcnyam\u0131za Taze Bir Bak\u0131\u015f\",\"publisher\":{\"@id\":\"https:\/\/epochtimestr.com\/#organization\"},\"potentialAction\":[{\"@type\":\"SearchAction\",\"target\":{\"@type\":\"EntryPoint\",\"urlTemplate\":\"https:\/\/epochtimestr.com\/?s={search_term_string}\"},\"query-input\":\"required name=search_term_string\"}],\"inLanguage\":\"tr\"},{\"@type\":\"Organization\",\"@id\":\"https:\/\/epochtimestr.com\/#organization\",\"name\":\"The EpochTimes T\u00fcrkiye\",\"url\":\"https:\/\/epochtimestr.com\/\",\"logo\":{\"@type\":\"ImageObject\",\"inLanguage\":\"tr\",\"@id\":\"https:\/\/epochtimestr.com\/#\/schema\/logo\/image\/\",\"url\":\"https:\/\/epochtimestr.com\/wp-content\/uploads\/2011y\/ET-Logo-YG.jpg\",\"contentUrl\":\"https:\/\/epochtimestr.com\/wp-content\/uploads\/2011y\/ET-Logo-YG.jpg\",\"width\":346,\"height\":29,\"caption\":\"The EpochTimes T\u00fcrkiye\"},\"image\":{\"@id\":\"https:\/\/epochtimestr.com\/#\/schema\/logo\/image\/\"},\"sameAs\":[\"https:\/\/www.facebook.com\/theepochtimestr\",\"https:\/\/x.com\/TheEpochTimesTR\",\"https:\/\/www.instagram.com\/epochtimestr\"]},{\"@type\":\"Person\",\"@id\":\"https:\/\/epochtimestr.com\/#\/schema\/person\/3dc5c3adeb9f43923c5aa85889172fdd\",\"name\":\"Haber Merkezi\",\"image\":{\"@type\":\"ImageObject\",\"inLanguage\":\"tr\",\"@id\":\"https:\/\/epochtimestr.com\/#\/schema\/person\/image\/\",\"url\":\"https:\/\/secure.gravatar.com\/avatar\/d73f772ba5a74f28601361e17c2f93e6?s=96&d=mm&r=g\",\"contentUrl\":\"https:\/\/secure.gravatar.com\/avatar\/d73f772ba5a74f28601361e17c2f93e6?s=96&d=mm&r=g\",\"caption\":\"Haber Merkezi\"},\"url\":\"https:\/\/epochtimestr.com\/index.php\/author\/sendag\"}]}<\/script>\n<!-- \/ Yoast SEO plugin. -->","yoast_head_json":{"title":"Japonya'da 7,3 B\u00fcy\u00fckl\u00fc\u011f\u00fcnde Deprem - The Epoch Times TR","robots":{"index":"index","follow":"follow","max-snippet":"max-snippet:-1","max-image-preview":"max-image-preview:large","max-video-preview":"max-video-preview:-1"},"canonical":"https:\/\/epochtimestr.com\/index.php\/japonyada-73-buyuklugunde-deprem","og_locale":"tr_TR","og_type":"article","og_title":"Japonya'da 7,3 B\u00fcy\u00fckl\u00fc\u011f\u00fcnde Deprem - The Epoch Times TR","og_description":"Japonya&#8217;da Fuku\u015fima a\u00e7\u0131klar\u0131nda meydana gelen 7,3 b\u00fcy\u00fckl\u00fc\u011f\u00fcndeki deprem, \u00fclkede 2 milyon evin elektri\u011finin kesilmesine yol a\u00e7t\u0131. Ba\u015fbakan Fumio Ki\u015fida h\u00fck\u00fcmetin hasar tespit \u00e7al\u0131\u015fmas\u0131na ba\u015flad\u0131\u011f\u0131n\u0131 duyurdu. Kamu yay\u0131nc\u0131s\u0131 NHK, baz\u0131 b\u00f6lgelerde depremin ayakta durulamayacak kadar titre\u015fime yol a\u00e7t\u0131\u011f\u0131n\u0131 aktard\u0131. \u00dclkenin kuzeydo\u011fu sahillerinin bir k\u0131sm\u0131 i\u00e7in bir metre y\u00fcksekli\u011finde tsunami uyar\u0131s\u0131 yap\u0131ld\u0131 Reuters ve AFP ajanslar\u0131, hen\u00fcz [&hellip;]","og_url":"https:\/\/epochtimestr.com\/index.php\/japonyada-73-buyuklugunde-deprem","og_site_name":"The Epoch Times TR","article_publisher":"https:\/\/www.facebook.com\/theepochtimestr","article_published_time":"2022-03-17T03:08:00+00:00","article_modified_time":"2022-03-17T03:08:04+00:00","og_image":[{"width":664,"height":354,"url":"https:\/\/epochtimestr.com\/wp-content\/uploads\/2011y\/2179225-1.jpg","type":"image\/jpeg"}],"author":"Haber Merkezi","twitter_card":"summary_large_image","twitter_creator":"@TheEpochTimesTR","twitter_site":"@TheEpochTimesTR","twitter_misc":{"Yazan:":"Haber Merkezi","Tahmini okuma s\u00fcresi":"1 dakika"},"schema":{"@context":"https:\/\/schema.org","@graph":[{"@type":"Article","@id":"https:\/\/epochtimestr.com\/index.php\/japonyada-73-buyuklugunde-deprem#article","isPartOf":{"@id":"https:\/\/epochtimestr.com\/index.php\/japonyada-73-buyuklugunde-deprem"},"author":{"name":"Haber Merkezi","@id":"https:\/\/epochtimestr.com\/#\/schema\/person\/3dc5c3adeb9f43923c5aa85889172fdd"},"headline":"Japonya&#8217;da 7,3 B\u00fcy\u00fckl\u00fc\u011f\u00fcnde Deprem","datePublished":"2022-03-17T03:08:00+00:00","dateModified":"2022-03-17T03:08:04+00:00","mainEntityOfPage":{"@id":"https:\/\/epochtimestr.com\/index.php\/japonyada-73-buyuklugunde-deprem"},"wordCount":99,"publisher":{"@id":"https:\/\/epochtimestr.com\/#organization"},"image":{"@id":"https:\/\/epochtimestr.com\/index.php\/japonyada-73-buyuklugunde-deprem#primaryimage"},"thumbnailUrl":"https:\/\/epochtimestr.com\/wp-content\/uploads\/2011y\/2179225-1.jpg","articleSection":["D\u00dcNYA","G\u00dcNDEM"],"inLanguage":"tr"},{"@type":"WebPage","@id":"https:\/\/epochtimestr.com\/index.php\/japonyada-73-buyuklugunde-deprem","url":"https:\/\/epochtimestr.com\/index.php\/japonyada-73-buyuklugunde-deprem","name":"Japonya'da 7,3 B\u00fcy\u00fckl\u00fc\u011f\u00fcnde Deprem - The Epoch Times TR","isPartOf":{"@id":"https:\/\/epochtimestr.com\/#website"},"primaryImageOfPage":{"@id":"https:\/\/epochtimestr.com\/index.php\/japonyada-73-buyuklugunde-deprem#primaryimage"},"image":{"@id":"https:\/\/epochtimestr.com\/index.php\/japonyada-73-buyuklugunde-deprem#primaryimage"},"thumbnailUrl":"https:\/\/epochtimestr.com\/wp-content\/uploads\/2011y\/2179225-1.jpg","datePublished":"2022-03-17T03:08:00+00:00","dateModified":"2022-03-17T03:08:04+00:00","inLanguage":"tr","potentialAction":[{"@type":"ReadAction","target":["https:\/\/epochtimestr.com\/index.php\/japonyada-73-buyuklugunde-deprem"]}]},{"@type":"ImageObject","inLanguage":"tr","@id":"https:\/\/epochtimestr.com\/index.php\/japonyada-73-buyuklugunde-deprem#primaryimage","url":"https:\/\/epochtimestr.com\/wp-content\/uploads\/2011y\/2179225-1.jpg","contentUrl":"https:\/\/epochtimestr.com\/wp-content\/uploads\/2011y\/2179225-1.jpg","width":664,"height":354},{"@type":"WebSite","@id":"https:\/\/epochtimestr.com\/#website","url":"https:\/\/epochtimestr.com\/","name":"The Epoch Times TR","description":"De\u011fi\u015fen D\u00fcnyam\u0131za Taze Bir Bak\u0131\u015f","publisher":{"@id":"https:\/\/epochtimestr.com\/#organization"},"potentialAction":[{"@type":"SearchAction","target":{"@type":"EntryPoint","urlTemplate":"https:\/\/epochtimestr.com\/?s={search_term_string}"},"query-input":"required name=search_term_string"}],"inLanguage":"tr"},{"@type":"Organization","@id":"https:\/\/epochtimestr.com\/#organization","name":"The EpochTimes T\u00fcrkiye","url":"https:\/\/epochtimestr.com\/","logo":{"@type":"ImageObject","inLanguage":"tr","@id":"https:\/\/epochtimestr.com\/#\/schema\/logo\/image\/","url":"https:\/\/epochtimestr.com\/wp-content\/uploads\/2011y\/ET-Logo-YG.jpg","contentUrl":"https:\/\/epochtimestr.com\/wp-content\/uploads\/2011y\/ET-Logo-YG.jpg","width":346,"height":29,"caption":"The EpochTimes T\u00fcrkiye"},"image":{"@id":"https:\/\/epochtimestr.com\/#\/schema\/logo\/image\/"},"sameAs":["https:\/\/www.facebook.com\/theepochtimestr","https:\/\/x.com\/TheEpochTimesTR","https:\/\/www.instagram.com\/epochtimestr"]},{"@type":"Person","@id":"https:\/\/epochtimestr.com\/#\/schema\/person\/3dc5c3adeb9f43923c5aa85889172fdd","name":"Haber Merkezi","image":{"@type":"ImageObject","inLanguage":"tr","@id":"https:\/\/epochtimestr.com\/#\/schema\/person\/image\/","url":"https:\/\/secure.gravatar.com\/avatar\/d73f772ba5a74f28601361e17c2f93e6?s=96&d=mm&r=g","contentUrl":"https:\/\/secure.gravatar.com\/avatar\/d73f772ba5a74f28601361e17c2f93e6?s=96&d=mm&r=g","caption":"Haber Merkezi"},"url":"https:\/\/epochtimestr.com\/index.php\/author\/sendag"}]}},"_links":{"self":[{"href":"https:\/\/epochtimestr.com\/index.php\/wp-json\/wp\/v2\/posts\/138538"}],"collection":[{"href":"https:\/\/epochtimestr.com\/index.php\/wp-json\/wp\/v2\/posts"}],"about":[{"href":"https:\/\/epochtimestr.com\/index.php\/wp-json\/wp\/v2\/types\/post"}],"author":[{"embeddable":true,"href":"https:\/\/epochtimestr.com\/index.php\/wp-json\/wp\/v2\/users\/12791"}],"replies":[{"embeddable":true,"href":"https:\/\/epochtimestr.com\/index.php\/wp-json\/wp\/v2\/comments?post=138538"}],"version-history":[{"count":1,"href":"https:\/\/epochtimestr.com\/index.php\/wp-json\/wp\/v2\/posts\/138538\/revisions"}],"predecessor-version":[{"id":138539,"href":"https:\/\/epochtimestr.com\/index.php\/wp-json\/wp\/v2\/posts\/138538\/revisions\/138539"}],"wp:featuredmedia":[{"embeddable":true,"href":"https:\/\/epochtimestr.com\/index.php\/wp-json\/wp\/v2\/media\/110773"}],"wp:attachment":[{"href":"https:\/\/epochtimestr.com\/index.php\/wp-json\/wp\/v2\/media?parent=138538"}],"wp:term":[{"taxonomy":"category","embeddable":true,"href":"https:\/\/epochtimestr.com\/index.php\/wp-json\/wp\/v2\/categories?post=138538"},{"taxonomy":"post_tag","embeddable":true,"href":"https:\/\/epochtimestr.com\/index.php\/wp-json\/wp\/v2\/tags?post=138538"}],"curies":[{"name":"wp","href":"https:\/\/api.w.org\/{rel}","templated":true}]}}