{"id":138728,"date":"2022-04-12T11:20:50","date_gmt":"2022-04-12T08:20:50","guid":{"rendered":"https:\/\/epochtimestr.com\/?p=138728"},"modified":"2022-04-12T15:23:03","modified_gmt":"2022-04-12T12:23:03","slug":"yalniz-adam","status":"publish","type":"post","link":"https:\/\/epochtimestr.com\/index.php\/yalniz-adam","title":{"rendered":"YALNIZ ADAM"},"content":{"rendered":"\n<p>Bir toplant\u0131! <\/p>\n\n\n\n<p>Sivil, asker, siyaset\u00e7i\u2026.. <\/p>\n\n\n\n<p>Her kesimden insan var! <\/p>\n\n\n\n<p>Eskimi\u015f Obama\u2019n\u0131n etraf\u0131 kalabal\u0131k! <\/p>\n\n\n\n<p>Konu\u015fuyor, sohbet ediyor, Biden\u2019\u0131 i\u015faret ederek dalgas\u0131n\u0131 ge\u00e7iyor, g\u00fcl\u00fcyor\u2026<\/p>\n\n\n\n<p>Biden ortal\u0131kta dola\u015f\u0131yor! <\/p>\n\n\n\n<p>Yaln\u0131z! <\/p>\n\n\n\n<p>Y\u00fcz\u00fcne bakan yok! <\/p>\n\n\n\n<p>Konu\u015facak adam ar\u0131yor! <\/p>\n\n\n\n<p>Ac\u0131d\u0131m! <\/p>\n\n\n\n<p>D\u00fc\u015ft\u00fc\u011f\u00fc bu hale \u00fcz\u00fcld\u00fcm! <\/p>\n\n\n\n<p>Bir insan siyaseti ne zaman b\u0131rakaca\u011f\u0131n\u0131 bilmeli! <\/p>\n\n\n\n<p>Ba\u015fkalar\u0131n\u0131n himmeti ile o koltu\u011fa oturmay\u0131 d\u00fc\u015f\u00fcnmemeli! <\/p>\n\n\n\n<p>Bunu bilemedi\u011fi zaman o sahneden ini\u015fi ac\u0131kl\u0131 oluyor! <\/p>\n\n\n\n<p>Bizde de Ecevit bilmemi\u015fti! <\/p>\n\n\n\n<p>Trump da ya\u015fl\u0131yd\u0131! <\/p>\n\n\n\n<p>Ama Biden\u2019dan bir fark\u0131 vard\u0131!<\/p>\n\n\n\n<p>Trump, Amerika\u2019y\u0131 ve Amerikan halk\u0131n\u0131 d\u00fc\u015f\u00fcn\u00fcyordu! <\/p>\n\n\n\n<p>Biden ise silah t\u00fcccarlar\u0131n\u0131n ve Pentagon\u2019un adam\u0131 olarak oturdu o koltu\u011fa!<\/p>\n\n\n\n<p>Se\u00e7imde hile oldu! <\/p>\n\n\n\n<p>Biden ya\u015f\u0131na, ba\u015f\u0131na yak\u0131\u015fmayan i\u015flere alet oldu!<\/p>\n\n\n\n<p>Neyse, olan oldu! <\/p>\n\n\n\n<p>Tweet\u2019le \u00fclke y\u00f6netmeye kalkan Trump\u2019\u0131 savunmak de\u011fil amac\u0131m!<\/p>\n\n\n\n<p>Arada ki fark\u0131 anlatmaya \u00e7al\u0131\u015f\u0131yorum!<\/p>\n\n\n\n<p>Trump\u2019\u0131n hedefinde \u00c7in vard\u0131!<\/p>\n\n\n\n<p>\u00c7in\u2019deki \u00fcretimi kendi \u00fclkesine ve ba\u015fka \u00fclkelere kayd\u0131rmak istiyordu!<\/p>\n\n\n\n<p>Amerika\u2019da kapanan fabrikalar\u0131 yeniden hayata ge\u00e7irmek ve i\u015fsizli\u011fi \u00f6nlemek istiyordu! <\/p>\n\n\n\n<p>Ba\u015fl\u0131 ba\u015f\u0131na bu d\u00fc\u015f\u00fcncesi bile Biden\u2019la olan en \u00f6nemli fark\u0131 idi!<\/p>\n\n\n\n<p>Binlerce insan\u0131n parlemento binas\u0131n\u0131 bas\u0131p, duvarlar\u0131na t\u0131rmanmas\u0131 bo\u015funa de\u011fildi!<\/p>\n\n\n\n<p>Amerika\u2019da i\u015fsizlik var!<\/p>\n\n\n\n<p>Amerika\u2019da a\u00e7l\u0131ktan \u00f6lenler var!<\/p>\n\n\n\n<p>Medya k\u00fcresel \u00e7etenin elinde!<\/p>\n\n\n\n<p>Y\u0131llard\u0131r yalan haberlerle halk kand\u0131r\u0131l\u0131yor!<\/p>\n\n\n\n<p>Amerika\u2019n\u0131n zengin ve m\u00fcreffeh g\u00f6r\u00fcnen bir y\u00fcz\u00fc var!<\/p>\n\n\n\n<p>Di\u011fer yanda anlat\u0131lmayan i\u00e7ler ac\u0131s\u0131 bir y\u00fcz\u00fc daha var!<\/p>\n\n\n\n<p>Trump bunlar\u0131n fark\u0131ndayd\u0131!<\/p>\n\n\n\n<p>Wall Street bankalar\u0131na s\u0131rt\u0131n\u0131 d\u00f6nd\u00fc!<\/p>\n\n\n\n<p>Kendi paras\u0131yla se\u00e7im kazand\u0131!<\/p>\n\n\n\n<p>Ve ilk se\u00e7imde ala\u015fa\u011f\u0131 edildi!<\/p>\n\n\n\n<p>S\u00f6z dinleyen, ma\u015fa olmay\u0131 kabul eden Biden\u2019\u0131 hile hurda ile o koltu\u011fa oturttular!<\/p>\n\n\n\n<p>Sonu\u00e7; Ukrayna halk\u0131 peri\u015fan edildi!<\/p>\n\n\n\n<p>Bunun Amerikan halk\u0131na ne faydas\u0131 oldu?<\/p>\n\n\n\n<p>Kocaman bir hi\u00e7!<\/p>\n\n\n\n<p>Ama silah t\u00fcccarlar\u0131 ve d\u00fcnyay\u0131 s\u00f6m\u00fcrenler bayram ediyor!<\/p>\n\n\n\n<p>Hep s\u00f6yl\u00fcyorum;<\/p>\n\n\n\n<p>D\u00fcnyay\u0131, katiller ve h\u0131rs\u0131zlar y\u00f6netti\u011fi s\u00fcrece insano\u011flu daha \u00e7oook ac\u0131lar ya\u015fayacak! <\/p>\n\n\n\n<p>Mesle Trump ve Biden meselesi de\u011fil!<\/p>\n\n\n\n<p>Mesele bu!<\/p>\n","protected":false},"excerpt":{"rendered":"<p>Bir toplant\u0131! Sivil, asker, siyaset\u00e7i\u2026.. Her kesimden insan var! Eskimi\u015f Obama\u2019n\u0131n etraf\u0131 kalabal\u0131k! Konu\u015fuyor, sohbet ediyor, Biden\u2019\u0131 i\u015faret ederek dalgas\u0131n\u0131 ge\u00e7iyor, g\u00fcl\u00fcyor\u2026 Biden ortal\u0131kta dola\u015f\u0131yor! Yaln\u0131z! Y\u00fcz\u00fcne bakan yok! Konu\u015facak adam ar\u0131yor! Ac\u0131d\u0131m! D\u00fc\u015ft\u00fc\u011f\u00fc bu hale \u00fcz\u00fcld\u00fcm! Bir insan siyaseti ne zaman b\u0131rakaca\u011f\u0131n\u0131 bilmeli! Ba\u015fkalar\u0131n\u0131n himmeti ile o koltu\u011fa oturmay\u0131 d\u00fc\u015f\u00fcnmemeli! Bunu bilemedi\u011fi zaman o [&hellip;]<\/p>\n","protected":false},"author":13977,"featured_media":137316,"comment_status":"closed","ping_status":"open","sticky":false,"template":"","format":"standard","meta":{"_yoast_wpseo_focuskw":"","_yoast_wpseo_title":"","_yoast_wpseo_metadesc":"","_bbp_topic_count":0,"_bbp_reply_count":0,"_bbp_total_topic_count":0,"_bbp_total_reply_count":0,"_bbp_voice_count":0,"_bbp_anonymous_reply_count":0,"_bbp_topic_count_hidden":0,"_bbp_reply_count_hidden":0,"_bbp_forum_subforum_count":0,"footnotes":"","_yoast_wpseo_focuskw_text_input":""},"categories":[8139],"tags":[],"yoast_head":"<!-- This site is optimized with the Yoast SEO plugin v23.0 - https:\/\/yoast.com\/wordpress\/plugins\/seo\/ -->\n<title>YALNIZ ADAM - The Epoch Times TR<\/title>\n<meta name=\"robots\" content=\"index, follow, max-snippet:-1, max-image-preview:large, max-video-preview:-1\" \/>\n<link rel=\"canonical\" href=\"https:\/\/epochtimestr.com\/index.php\/yalniz-adam\" \/>\n<meta property=\"og:locale\" content=\"tr_TR\" \/>\n<meta property=\"og:type\" content=\"article\" \/>\n<meta property=\"og:title\" content=\"YALNIZ ADAM - The Epoch Times TR\" \/>\n<meta property=\"og:description\" content=\"Bir toplant\u0131! Sivil, asker, siyaset\u00e7i\u2026.. Her kesimden insan var! Eskimi\u015f Obama\u2019n\u0131n etraf\u0131 kalabal\u0131k! Konu\u015fuyor, sohbet ediyor, Biden\u2019\u0131 i\u015faret ederek dalgas\u0131n\u0131 ge\u00e7iyor, g\u00fcl\u00fcyor\u2026 Biden ortal\u0131kta dola\u015f\u0131yor! Yaln\u0131z! Y\u00fcz\u00fcne bakan yok! Konu\u015facak adam ar\u0131yor! Ac\u0131d\u0131m! D\u00fc\u015ft\u00fc\u011f\u00fc bu hale \u00fcz\u00fcld\u00fcm! Bir insan siyaseti ne zaman b\u0131rakaca\u011f\u0131n\u0131 bilmeli! Ba\u015fkalar\u0131n\u0131n himmeti ile o koltu\u011fa oturmay\u0131 d\u00fc\u015f\u00fcnmemeli! Bunu bilemedi\u011fi zaman o [&hellip;]\" \/>\n<meta property=\"og:url\" content=\"https:\/\/epochtimestr.com\/index.php\/yalniz-adam\" \/>\n<meta property=\"og:site_name\" content=\"The Epoch Times TR\" \/>\n<meta property=\"article:publisher\" content=\"https:\/\/www.facebook.com\/theepochtimestr\" \/>\n<meta property=\"article:published_time\" content=\"2022-04-12T08:20:50+00:00\" \/>\n<meta property=\"article:modified_time\" content=\"2022-04-12T12:23:03+00:00\" \/>\n<meta property=\"og:image\" content=\"https:\/\/epochtimestr.com\/wp-content\/uploads\/2011y\/Ilhan-Akan-SM-1.jpg\" \/>\n\t<meta property=\"og:image:width\" content=\"1200\" \/>\n\t<meta property=\"og:image:height\" content=\"630\" \/>\n\t<meta property=\"og:image:type\" content=\"image\/jpeg\" \/>\n<meta name=\"author\" content=\"\u0130lhan Akan\" \/>\n<meta name=\"twitter:card\" content=\"summary_large_image\" \/>\n<meta name=\"twitter:image\" content=\"https:\/\/epochtimestr.com\/wp-content\/uploads\/2011y\/Ilhan-Akan-SM-1.jpg\" \/>\n<meta name=\"twitter:creator\" content=\"@TheEpochTimesTR\" \/>\n<meta name=\"twitter:site\" content=\"@TheEpochTimesTR\" \/>\n<meta name=\"twitter:label1\" content=\"Yazan:\" \/>\n\t<meta name=\"twitter:data1\" content=\"\u0130lhan Akan\" \/>\n\t<meta name=\"twitter:label2\" content=\"Tahmini okuma s\u00fcresi\" \/>\n\t<meta name=\"twitter:data2\" content=\"2 dakika\" \/>\n<script type=\"application\/ld+json\" class=\"yoast-schema-graph\">{\"@context\":\"https:\/\/schema.org\",\"@graph\":[{\"@type\":\"Article\",\"@id\":\"https:\/\/epochtimestr.com\/index.php\/yalniz-adam#article\",\"isPartOf\":{\"@id\":\"https:\/\/epochtimestr.com\/index.php\/yalniz-adam\"},\"author\":{\"name\":\"\u0130lhan Akan\",\"@id\":\"https:\/\/epochtimestr.com\/#\/schema\/person\/07a79ab170cc9bd7e0f820dfed190616\"},\"headline\":\"YALNIZ ADAM\",\"datePublished\":\"2022-04-12T08:20:50+00:00\",\"dateModified\":\"2022-04-12T12:23:03+00:00\",\"mainEntityOfPage\":{\"@id\":\"https:\/\/epochtimestr.com\/index.php\/yalniz-adam\"},\"wordCount\":392,\"publisher\":{\"@id\":\"https:\/\/epochtimestr.com\/#organization\"},\"image\":{\"@id\":\"https:\/\/epochtimestr.com\/index.php\/yalniz-adam#primaryimage\"},\"thumbnailUrl\":\"https:\/\/epochtimestr.com\/wp-content\/uploads\/2011y\/Ilhan-Akan.png\",\"articleSection\":[\"K\u00d6\u015eE YAZILARI\"],\"inLanguage\":\"tr\"},{\"@type\":\"WebPage\",\"@id\":\"https:\/\/epochtimestr.com\/index.php\/yalniz-adam\",\"url\":\"https:\/\/epochtimestr.com\/index.php\/yalniz-adam\",\"name\":\"YALNIZ ADAM - The Epoch Times TR\",\"isPartOf\":{\"@id\":\"https:\/\/epochtimestr.com\/#website\"},\"primaryImageOfPage\":{\"@id\":\"https:\/\/epochtimestr.com\/index.php\/yalniz-adam#primaryimage\"},\"image\":{\"@id\":\"https:\/\/epochtimestr.com\/index.php\/yalniz-adam#primaryimage\"},\"thumbnailUrl\":\"https:\/\/epochtimestr.com\/wp-content\/uploads\/2011y\/Ilhan-Akan.png\",\"datePublished\":\"2022-04-12T08:20:50+00:00\",\"dateModified\":\"2022-04-12T12:23:03+00:00\",\"inLanguage\":\"tr\",\"potentialAction\":[{\"@type\":\"ReadAction\",\"target\":[\"https:\/\/epochtimestr.com\/index.php\/yalniz-adam\"]}]},{\"@type\":\"ImageObject\",\"inLanguage\":\"tr\",\"@id\":\"https:\/\/epochtimestr.com\/index.php\/yalniz-adam#primaryimage\",\"url\":\"https:\/\/epochtimestr.com\/wp-content\/uploads\/2011y\/Ilhan-Akan.png\",\"contentUrl\":\"https:\/\/epochtimestr.com\/wp-content\/uploads\/2011y\/Ilhan-Akan.png\",\"width\":2272,\"height\":2232},{\"@type\":\"WebSite\",\"@id\":\"https:\/\/epochtimestr.com\/#website\",\"url\":\"https:\/\/epochtimestr.com\/\",\"name\":\"The Epoch Times TR\",\"description\":\"De\u011fi\u015fen D\u00fcnyam\u0131za Taze Bir Bak\u0131\u015f\",\"publisher\":{\"@id\":\"https:\/\/epochtimestr.com\/#organization\"},\"potentialAction\":[{\"@type\":\"SearchAction\",\"target\":{\"@type\":\"EntryPoint\",\"urlTemplate\":\"https:\/\/epochtimestr.com\/?s={search_term_string}\"},\"query-input\":\"required name=search_term_string\"}],\"inLanguage\":\"tr\"},{\"@type\":\"Organization\",\"@id\":\"https:\/\/epochtimestr.com\/#organization\",\"name\":\"The EpochTimes T\u00fcrkiye\",\"url\":\"https:\/\/epochtimestr.com\/\",\"logo\":{\"@type\":\"ImageObject\",\"inLanguage\":\"tr\",\"@id\":\"https:\/\/epochtimestr.com\/#\/schema\/logo\/image\/\",\"url\":\"https:\/\/epochtimestr.com\/wp-content\/uploads\/2011y\/ET-Logo-YG.jpg\",\"contentUrl\":\"https:\/\/epochtimestr.com\/wp-content\/uploads\/2011y\/ET-Logo-YG.jpg\",\"width\":346,\"height\":29,\"caption\":\"The EpochTimes T\u00fcrkiye\"},\"image\":{\"@id\":\"https:\/\/epochtimestr.com\/#\/schema\/logo\/image\/\"},\"sameAs\":[\"https:\/\/www.facebook.com\/theepochtimestr\",\"https:\/\/x.com\/TheEpochTimesTR\",\"https:\/\/www.instagram.com\/epochtimestr\"]},{\"@type\":\"Person\",\"@id\":\"https:\/\/epochtimestr.com\/#\/schema\/person\/07a79ab170cc9bd7e0f820dfed190616\",\"name\":\"\u0130lhan Akan\",\"image\":{\"@type\":\"ImageObject\",\"inLanguage\":\"tr\",\"@id\":\"https:\/\/epochtimestr.com\/#\/schema\/person\/image\/\",\"url\":\"https:\/\/secure.gravatar.com\/avatar\/b39b1756694c216be11165a0bd3495f0?s=96&d=mm&r=g\",\"contentUrl\":\"https:\/\/secure.gravatar.com\/avatar\/b39b1756694c216be11165a0bd3495f0?s=96&d=mm&r=g\",\"caption\":\"\u0130lhan Akan\"},\"url\":\"https:\/\/epochtimestr.com\/index.php\/author\/ilhan-akan\"}]}<\/script>\n<!-- \/ Yoast SEO plugin. -->","yoast_head_json":{"title":"YALNIZ ADAM - The Epoch Times TR","robots":{"index":"index","follow":"follow","max-snippet":"max-snippet:-1","max-image-preview":"max-image-preview:large","max-video-preview":"max-video-preview:-1"},"canonical":"https:\/\/epochtimestr.com\/index.php\/yalniz-adam","og_locale":"tr_TR","og_type":"article","og_title":"YALNIZ ADAM - The Epoch Times TR","og_description":"Bir toplant\u0131! Sivil, asker, siyaset\u00e7i\u2026.. Her kesimden insan var! Eskimi\u015f Obama\u2019n\u0131n etraf\u0131 kalabal\u0131k! Konu\u015fuyor, sohbet ediyor, Biden\u2019\u0131 i\u015faret ederek dalgas\u0131n\u0131 ge\u00e7iyor, g\u00fcl\u00fcyor\u2026 Biden ortal\u0131kta dola\u015f\u0131yor! Yaln\u0131z! Y\u00fcz\u00fcne bakan yok! Konu\u015facak adam ar\u0131yor! Ac\u0131d\u0131m! D\u00fc\u015ft\u00fc\u011f\u00fc bu hale \u00fcz\u00fcld\u00fcm! Bir insan siyaseti ne zaman b\u0131rakaca\u011f\u0131n\u0131 bilmeli! Ba\u015fkalar\u0131n\u0131n himmeti ile o koltu\u011fa oturmay\u0131 d\u00fc\u015f\u00fcnmemeli! Bunu bilemedi\u011fi zaman o [&hellip;]","og_url":"https:\/\/epochtimestr.com\/index.php\/yalniz-adam","og_site_name":"The Epoch Times TR","article_publisher":"https:\/\/www.facebook.com\/theepochtimestr","article_published_time":"2022-04-12T08:20:50+00:00","article_modified_time":"2022-04-12T12:23:03+00:00","og_image":[{"width":1200,"height":630,"url":"https:\/\/epochtimestr.com\/wp-content\/uploads\/2011y\/Ilhan-Akan-SM-1.jpg","type":"image\/jpeg"}],"author":"\u0130lhan Akan","twitter_card":"summary_large_image","twitter_image":"https:\/\/epochtimestr.com\/wp-content\/uploads\/2011y\/Ilhan-Akan-SM-1.jpg","twitter_creator":"@TheEpochTimesTR","twitter_site":"@TheEpochTimesTR","twitter_misc":{"Yazan:":"\u0130lhan Akan","Tahmini okuma s\u00fcresi":"2 dakika"},"schema":{"@context":"https:\/\/schema.org","@graph":[{"@type":"Article","@id":"https:\/\/epochtimestr.com\/index.php\/yalniz-adam#article","isPartOf":{"@id":"https:\/\/epochtimestr.com\/index.php\/yalniz-adam"},"author":{"name":"\u0130lhan Akan","@id":"https:\/\/epochtimestr.com\/#\/schema\/person\/07a79ab170cc9bd7e0f820dfed190616"},"headline":"YALNIZ ADAM","datePublished":"2022-04-12T08:20:50+00:00","dateModified":"2022-04-12T12:23:03+00:00","mainEntityOfPage":{"@id":"https:\/\/epochtimestr.com\/index.php\/yalniz-adam"},"wordCount":392,"publisher":{"@id":"https:\/\/epochtimestr.com\/#organization"},"image":{"@id":"https:\/\/epochtimestr.com\/index.php\/yalniz-adam#primaryimage"},"thumbnailUrl":"https:\/\/epochtimestr.com\/wp-content\/uploads\/2011y\/Ilhan-Akan.png","articleSection":["K\u00d6\u015eE YAZILARI"],"inLanguage":"tr"},{"@type":"WebPage","@id":"https:\/\/epochtimestr.com\/index.php\/yalniz-adam","url":"https:\/\/epochtimestr.com\/index.php\/yalniz-adam","name":"YALNIZ ADAM - The Epoch Times TR","isPartOf":{"@id":"https:\/\/epochtimestr.com\/#website"},"primaryImageOfPage":{"@id":"https:\/\/epochtimestr.com\/index.php\/yalniz-adam#primaryimage"},"image":{"@id":"https:\/\/epochtimestr.com\/index.php\/yalniz-adam#primaryimage"},"thumbnailUrl":"https:\/\/epochtimestr.com\/wp-content\/uploads\/2011y\/Ilhan-Akan.png","datePublished":"2022-04-12T08:20:50+00:00","dateModified":"2022-04-12T12:23:03+00:00","inLanguage":"tr","potentialAction":[{"@type":"ReadAction","target":["https:\/\/epochtimestr.com\/index.php\/yalniz-adam"]}]},{"@type":"ImageObject","inLanguage":"tr","@id":"https:\/\/epochtimestr.com\/index.php\/yalniz-adam#primaryimage","url":"https:\/\/epochtimestr.com\/wp-content\/uploads\/2011y\/Ilhan-Akan.png","contentUrl":"https:\/\/epochtimestr.com\/wp-content\/uploads\/2011y\/Ilhan-Akan.png","width":2272,"height":2232},{"@type":"WebSite","@id":"https:\/\/epochtimestr.com\/#website","url":"https:\/\/epochtimestr.com\/","name":"The Epoch Times TR","description":"De\u011fi\u015fen D\u00fcnyam\u0131za Taze Bir Bak\u0131\u015f","publisher":{"@id":"https:\/\/epochtimestr.com\/#organization"},"potentialAction":[{"@type":"SearchAction","target":{"@type":"EntryPoint","urlTemplate":"https:\/\/epochtimestr.com\/?s={search_term_string}"},"query-input":"required name=search_term_string"}],"inLanguage":"tr"},{"@type":"Organization","@id":"https:\/\/epochtimestr.com\/#organization","name":"The EpochTimes T\u00fcrkiye","url":"https:\/\/epochtimestr.com\/","logo":{"@type":"ImageObject","inLanguage":"tr","@id":"https:\/\/epochtimestr.com\/#\/schema\/logo\/image\/","url":"https:\/\/epochtimestr.com\/wp-content\/uploads\/2011y\/ET-Logo-YG.jpg","contentUrl":"https:\/\/epochtimestr.com\/wp-content\/uploads\/2011y\/ET-Logo-YG.jpg","width":346,"height":29,"caption":"The EpochTimes T\u00fcrkiye"},"image":{"@id":"https:\/\/epochtimestr.com\/#\/schema\/logo\/image\/"},"sameAs":["https:\/\/www.facebook.com\/theepochtimestr","https:\/\/x.com\/TheEpochTimesTR","https:\/\/www.instagram.com\/epochtimestr"]},{"@type":"Person","@id":"https:\/\/epochtimestr.com\/#\/schema\/person\/07a79ab170cc9bd7e0f820dfed190616","name":"\u0130lhan Akan","image":{"@type":"ImageObject","inLanguage":"tr","@id":"https:\/\/epochtimestr.com\/#\/schema\/person\/image\/","url":"https:\/\/secure.gravatar.com\/avatar\/b39b1756694c216be11165a0bd3495f0?s=96&d=mm&r=g","contentUrl":"https:\/\/secure.gravatar.com\/avatar\/b39b1756694c216be11165a0bd3495f0?s=96&d=mm&r=g","caption":"\u0130lhan Akan"},"url":"https:\/\/epochtimestr.com\/index.php\/author\/ilhan-akan"}]}},"_links":{"self":[{"href":"https:\/\/epochtimestr.com\/index.php\/wp-json\/wp\/v2\/posts\/138728"}],"collection":[{"href":"https:\/\/epochtimestr.com\/index.php\/wp-json\/wp\/v2\/posts"}],"about":[{"href":"https:\/\/epochtimestr.com\/index.php\/wp-json\/wp\/v2\/types\/post"}],"author":[{"embeddable":true,"href":"https:\/\/epochtimestr.com\/index.php\/wp-json\/wp\/v2\/users\/13977"}],"replies":[{"embeddable":true,"href":"https:\/\/epochtimestr.com\/index.php\/wp-json\/wp\/v2\/comments?post=138728"}],"version-history":[{"count":1,"href":"https:\/\/epochtimestr.com\/index.php\/wp-json\/wp\/v2\/posts\/138728\/revisions"}],"predecessor-version":[{"id":138729,"href":"https:\/\/epochtimestr.com\/index.php\/wp-json\/wp\/v2\/posts\/138728\/revisions\/138729"}],"wp:featuredmedia":[{"embeddable":true,"href":"https:\/\/epochtimestr.com\/index.php\/wp-json\/wp\/v2\/media\/137316"}],"wp:attachment":[{"href":"https:\/\/epochtimestr.com\/index.php\/wp-json\/wp\/v2\/media?parent=138728"}],"wp:term":[{"taxonomy":"category","embeddable":true,"href":"https:\/\/epochtimestr.com\/index.php\/wp-json\/wp\/v2\/categories?post=138728"},{"taxonomy":"post_tag","embeddable":true,"href":"https:\/\/epochtimestr.com\/index.php\/wp-json\/wp\/v2\/tags?post=138728"}],"curies":[{"name":"wp","href":"https:\/\/api.w.org\/{rel}","templated":true}]}}