{"id":138788,"date":"2022-04-20T04:40:23","date_gmt":"2022-04-20T01:40:23","guid":{"rendered":"https:\/\/epochtimestr.com\/?p=138788"},"modified":"2022-04-20T04:40:27","modified_gmt":"2022-04-20T01:40:27","slug":"gazeteci-ibrahim-haskologlu-tutuklandi","status":"publish","type":"post","link":"https:\/\/epochtimestr.com\/index.php\/gazeteci-ibrahim-haskologlu-tutuklandi","title":{"rendered":"Gazeteci \u0130brahim Haskolo\u011flu Tutukland\u0131"},"content":{"rendered":"\n<div class=\"wp-block-image\"><figure class=\"aligncenter size-full\"><img loading=\"lazy\" decoding=\"async\" width=\"400\" height=\"400\" src=\"https:\/\/epochtimestr.com\/wp-content\/uploads\/2011y\/20220420_043640.jpg\" alt=\"\" class=\"wp-image-138789\" srcset=\"https:\/\/epochtimestr.com\/wp-content\/uploads\/2011y\/20220420_043640.jpg 400w, https:\/\/epochtimestr.com\/wp-content\/uploads\/2011y\/20220420_043640-300x300.jpg 300w, https:\/\/epochtimestr.com\/wp-content\/uploads\/2011y\/20220420_043640-150x150.jpg 150w\" sizes=\"(max-width: 400px) 100vw, 400px\" \/><\/figure><\/div>\n\n\n\n<h2 class=\"wp-block-heading\">&#8220;Ki\u015fisel bilgileri hukuka ayk\u0131r\u0131 yolla ele ge\u00e7irdi\u011fi&#8221; iddia edilen gazeteci\u00a0\u0130brahim Haskolo\u011flu tutukland\u0131.<\/h2>\n\n\n\n<p>&#8220;Ki\u015fisel bilgileri hukuka ayk\u0131r\u0131 yolla ele ge\u00e7irdi\u011fi&#8221; iddia edilen gazeteci\u00a0\u0130brahim Haskolo\u011flu\u00a0, sabah saatlerinde polis ekiplerince g\u00f6zalt\u0131na al\u0131nm\u0131\u015ft\u0131.<\/p>\n\n\n\n<p>Vatan Caddesi&#8217;ndeki\u00a0\u0130stanbul Emniyet M\u00fcd\u00fcrl\u00fc\u011f\u00fc\u00a0Yerle\u015fkesine getirilen Haskolo\u011flu&#8217;nun emniyetteki i\u015flemlerinin ard\u0131ndan \u00e7\u0131kar\u0131ld\u0131\u011f\u0131 hakimlik\u00e7e tutukland\u0131.<\/p>\n\n\n\n<p><strong>NE OLMU\u015eTU?<\/strong><\/p>\n\n\n\n<p>\u0130\u00e7i\u015fleri Bakanl\u0131\u011f\u0131, Twitter adresi \u00fczerinden \u00fczerlerinden Cumhurba\u015fkan\u0131 Recep Tayyip Erdo\u011fan ve Milli \u0130stihbarat Te\u015fkilat\u0131 (M\u0130T) Ba\u015fkan\u0131 Hakan Fidan&#8217;\u0131n foto\u011fraf ve bilgilerinin oldu\u011fu kimlik kartlar\u0131n\u0131 payla\u015fan Haskolo\u011flu hakk\u0131nda \u015fikayette bulundu.<\/p>\n\n\n\n<p>Bunun \u00fczerine \u0130stanbul Cumhuriyet Ba\u015fsavc\u0131l\u0131\u011f\u0131nca Haskolo\u011flu hakk\u0131nda, &#8220;ki\u015fisel bilgileri hukuka ayk\u0131r\u0131 yolla ele ge\u00e7irmek&#8221; su\u00e7undan soru\u015fturma ba\u015flat\u0131ld\u0131.<\/p>\n\n\n\n<p>Soru\u015fturma kapsam\u0131nda Haskolo\u011flu hakk\u0131nda bu su\u00e7tan g\u00f6zalt\u0131 karar\u0131 verildi. Bunun \u00fczerine harekete ge\u00e7en \u0130stanbul G\u00fcvenlik \u015eube M\u00fcd\u00fcrl\u00fc\u011f\u00fc ekipleri, \u0130brahim Haskolo\u011flu&#8217;nu sabah saatlerinde \u00dcsk\u00fcdar&#8217;daki evinde g\u00f6zalt\u0131na al\u0131nm\u0131\u015ft\u0131.<\/p>\n","protected":false},"excerpt":{"rendered":"<p>&#8220;Ki\u015fisel bilgileri hukuka ayk\u0131r\u0131 yolla ele ge\u00e7irdi\u011fi&#8221; iddia edilen gazeteci\u00a0\u0130brahim Haskolo\u011flu tutukland\u0131. &#8220;Ki\u015fisel bilgileri hukuka ayk\u0131r\u0131 yolla ele ge\u00e7irdi\u011fi&#8221; iddia edilen gazeteci\u00a0\u0130brahim Haskolo\u011flu\u00a0, sabah saatlerinde polis ekiplerince g\u00f6zalt\u0131na al\u0131nm\u0131\u015ft\u0131. Vatan Caddesi&#8217;ndeki\u00a0\u0130stanbul Emniyet M\u00fcd\u00fcrl\u00fc\u011f\u00fc\u00a0Yerle\u015fkesine getirilen Haskolo\u011flu&#8217;nun emniyetteki i\u015flemlerinin ard\u0131ndan \u00e7\u0131kar\u0131ld\u0131\u011f\u0131 hakimlik\u00e7e tutukland\u0131. NE OLMU\u015eTU? \u0130\u00e7i\u015fleri Bakanl\u0131\u011f\u0131, Twitter adresi \u00fczerinden \u00fczerlerinden Cumhurba\u015fkan\u0131 Recep Tayyip Erdo\u011fan ve Milli [&hellip;]<\/p>\n","protected":false},"author":12791,"featured_media":138789,"comment_status":"closed","ping_status":"open","sticky":false,"template":"","format":"standard","meta":{"_yoast_wpseo_focuskw":"","_yoast_wpseo_title":"","_yoast_wpseo_metadesc":"","_bbp_topic_count":0,"_bbp_reply_count":0,"_bbp_total_topic_count":0,"_bbp_total_reply_count":0,"_bbp_voice_count":0,"_bbp_anonymous_reply_count":0,"_bbp_topic_count_hidden":0,"_bbp_reply_count_hidden":0,"_bbp_forum_subforum_count":0,"footnotes":"","_yoast_wpseo_focuskw_text_input":""},"categories":[1,8138,37],"tags":[],"yoast_head":"<!-- This site is optimized with the Yoast SEO plugin v23.0 - https:\/\/yoast.com\/wordpress\/plugins\/seo\/ -->\n<title>Gazeteci \u0130brahim Haskolo\u011flu Tutukland\u0131 - The Epoch Times TR<\/title>\n<meta name=\"robots\" content=\"index, follow, max-snippet:-1, max-image-preview:large, max-video-preview:-1\" \/>\n<link rel=\"canonical\" href=\"https:\/\/epochtimestr.com\/index.php\/gazeteci-ibrahim-haskologlu-tutuklandi\" \/>\n<meta property=\"og:locale\" content=\"tr_TR\" \/>\n<meta property=\"og:type\" content=\"article\" \/>\n<meta property=\"og:title\" content=\"Gazeteci \u0130brahim Haskolo\u011flu Tutukland\u0131 - The Epoch Times TR\" \/>\n<meta property=\"og:description\" content=\"&#8220;Ki\u015fisel bilgileri hukuka ayk\u0131r\u0131 yolla ele ge\u00e7irdi\u011fi&#8221; iddia edilen gazeteci\u00a0\u0130brahim Haskolo\u011flu tutukland\u0131. &#8220;Ki\u015fisel bilgileri hukuka ayk\u0131r\u0131 yolla ele ge\u00e7irdi\u011fi&#8221; iddia edilen gazeteci\u00a0\u0130brahim Haskolo\u011flu\u00a0, sabah saatlerinde polis ekiplerince g\u00f6zalt\u0131na al\u0131nm\u0131\u015ft\u0131. Vatan Caddesi&#8217;ndeki\u00a0\u0130stanbul Emniyet M\u00fcd\u00fcrl\u00fc\u011f\u00fc\u00a0Yerle\u015fkesine getirilen Haskolo\u011flu&#8217;nun emniyetteki i\u015flemlerinin ard\u0131ndan \u00e7\u0131kar\u0131ld\u0131\u011f\u0131 hakimlik\u00e7e tutukland\u0131. NE OLMU\u015eTU? \u0130\u00e7i\u015fleri Bakanl\u0131\u011f\u0131, Twitter adresi \u00fczerinden \u00fczerlerinden Cumhurba\u015fkan\u0131 Recep Tayyip Erdo\u011fan ve Milli [&hellip;]\" \/>\n<meta property=\"og:url\" content=\"https:\/\/epochtimestr.com\/index.php\/gazeteci-ibrahim-haskologlu-tutuklandi\" \/>\n<meta property=\"og:site_name\" content=\"The Epoch Times TR\" \/>\n<meta property=\"article:publisher\" content=\"https:\/\/www.facebook.com\/theepochtimestr\" \/>\n<meta property=\"article:published_time\" content=\"2022-04-20T01:40:23+00:00\" \/>\n<meta property=\"article:modified_time\" content=\"2022-04-20T01:40:27+00:00\" \/>\n<meta property=\"og:image\" content=\"https:\/\/epochtimestr.com\/wp-content\/uploads\/2011y\/20220420_043640.jpg\" \/>\n\t<meta property=\"og:image:width\" content=\"400\" \/>\n\t<meta property=\"og:image:height\" content=\"400\" \/>\n\t<meta property=\"og:image:type\" content=\"image\/jpeg\" \/>\n<meta name=\"author\" content=\"Haber Merkezi\" \/>\n<meta name=\"twitter:card\" content=\"summary_large_image\" \/>\n<meta name=\"twitter:creator\" content=\"@TheEpochTimesTR\" \/>\n<meta name=\"twitter:site\" content=\"@TheEpochTimesTR\" \/>\n<meta name=\"twitter:label1\" content=\"Yazan:\" \/>\n\t<meta name=\"twitter:data1\" content=\"Haber Merkezi\" \/>\n\t<meta name=\"twitter:label2\" content=\"Tahmini okuma s\u00fcresi\" \/>\n\t<meta name=\"twitter:data2\" content=\"1 dakika\" \/>\n<script type=\"application\/ld+json\" class=\"yoast-schema-graph\">{\"@context\":\"https:\/\/schema.org\",\"@graph\":[{\"@type\":\"Article\",\"@id\":\"https:\/\/epochtimestr.com\/index.php\/gazeteci-ibrahim-haskologlu-tutuklandi#article\",\"isPartOf\":{\"@id\":\"https:\/\/epochtimestr.com\/index.php\/gazeteci-ibrahim-haskologlu-tutuklandi\"},\"author\":{\"name\":\"Haber Merkezi\",\"@id\":\"https:\/\/epochtimestr.com\/#\/schema\/person\/3dc5c3adeb9f43923c5aa85889172fdd\"},\"headline\":\"Gazeteci \u0130brahim Haskolo\u011flu Tutukland\u0131\",\"datePublished\":\"2022-04-20T01:40:23+00:00\",\"dateModified\":\"2022-04-20T01:40:27+00:00\",\"mainEntityOfPage\":{\"@id\":\"https:\/\/epochtimestr.com\/index.php\/gazeteci-ibrahim-haskologlu-tutuklandi\"},\"wordCount\":188,\"publisher\":{\"@id\":\"https:\/\/epochtimestr.com\/#organization\"},\"image\":{\"@id\":\"https:\/\/epochtimestr.com\/index.php\/gazeteci-ibrahim-haskologlu-tutuklandi#primaryimage\"},\"thumbnailUrl\":\"https:\/\/epochtimestr.com\/wp-content\/uploads\/2011y\/20220420_043640.jpg\",\"articleSection\":[\"G\u00dcNDEM\",\"MAN\u015eET\",\"T\u00dcRK\u0130YE\"],\"inLanguage\":\"tr\"},{\"@type\":\"WebPage\",\"@id\":\"https:\/\/epochtimestr.com\/index.php\/gazeteci-ibrahim-haskologlu-tutuklandi\",\"url\":\"https:\/\/epochtimestr.com\/index.php\/gazeteci-ibrahim-haskologlu-tutuklandi\",\"name\":\"Gazeteci \u0130brahim Haskolo\u011flu Tutukland\u0131 - The Epoch Times TR\",\"isPartOf\":{\"@id\":\"https:\/\/epochtimestr.com\/#website\"},\"primaryImageOfPage\":{\"@id\":\"https:\/\/epochtimestr.com\/index.php\/gazeteci-ibrahim-haskologlu-tutuklandi#primaryimage\"},\"image\":{\"@id\":\"https:\/\/epochtimestr.com\/index.php\/gazeteci-ibrahim-haskologlu-tutuklandi#primaryimage\"},\"thumbnailUrl\":\"https:\/\/epochtimestr.com\/wp-content\/uploads\/2011y\/20220420_043640.jpg\",\"datePublished\":\"2022-04-20T01:40:23+00:00\",\"dateModified\":\"2022-04-20T01:40:27+00:00\",\"inLanguage\":\"tr\",\"potentialAction\":[{\"@type\":\"ReadAction\",\"target\":[\"https:\/\/epochtimestr.com\/index.php\/gazeteci-ibrahim-haskologlu-tutuklandi\"]}]},{\"@type\":\"ImageObject\",\"inLanguage\":\"tr\",\"@id\":\"https:\/\/epochtimestr.com\/index.php\/gazeteci-ibrahim-haskologlu-tutuklandi#primaryimage\",\"url\":\"https:\/\/epochtimestr.com\/wp-content\/uploads\/2011y\/20220420_043640.jpg\",\"contentUrl\":\"https:\/\/epochtimestr.com\/wp-content\/uploads\/2011y\/20220420_043640.jpg\",\"width\":400,\"height\":400},{\"@type\":\"WebSite\",\"@id\":\"https:\/\/epochtimestr.com\/#website\",\"url\":\"https:\/\/epochtimestr.com\/\",\"name\":\"The Epoch Times TR\",\"description\":\"De\u011fi\u015fen D\u00fcnyam\u0131za Taze Bir Bak\u0131\u015f\",\"publisher\":{\"@id\":\"https:\/\/epochtimestr.com\/#organization\"},\"potentialAction\":[{\"@type\":\"SearchAction\",\"target\":{\"@type\":\"EntryPoint\",\"urlTemplate\":\"https:\/\/epochtimestr.com\/?s={search_term_string}\"},\"query-input\":\"required name=search_term_string\"}],\"inLanguage\":\"tr\"},{\"@type\":\"Organization\",\"@id\":\"https:\/\/epochtimestr.com\/#organization\",\"name\":\"The EpochTimes T\u00fcrkiye\",\"url\":\"https:\/\/epochtimestr.com\/\",\"logo\":{\"@type\":\"ImageObject\",\"inLanguage\":\"tr\",\"@id\":\"https:\/\/epochtimestr.com\/#\/schema\/logo\/image\/\",\"url\":\"https:\/\/epochtimestr.com\/wp-content\/uploads\/2011y\/ET-Logo-YG.jpg\",\"contentUrl\":\"https:\/\/epochtimestr.com\/wp-content\/uploads\/2011y\/ET-Logo-YG.jpg\",\"width\":346,\"height\":29,\"caption\":\"The EpochTimes T\u00fcrkiye\"},\"image\":{\"@id\":\"https:\/\/epochtimestr.com\/#\/schema\/logo\/image\/\"},\"sameAs\":[\"https:\/\/www.facebook.com\/theepochtimestr\",\"https:\/\/x.com\/TheEpochTimesTR\",\"https:\/\/www.instagram.com\/epochtimestr\"]},{\"@type\":\"Person\",\"@id\":\"https:\/\/epochtimestr.com\/#\/schema\/person\/3dc5c3adeb9f43923c5aa85889172fdd\",\"name\":\"Haber Merkezi\",\"image\":{\"@type\":\"ImageObject\",\"inLanguage\":\"tr\",\"@id\":\"https:\/\/epochtimestr.com\/#\/schema\/person\/image\/\",\"url\":\"https:\/\/secure.gravatar.com\/avatar\/d73f772ba5a74f28601361e17c2f93e6?s=96&d=mm&r=g\",\"contentUrl\":\"https:\/\/secure.gravatar.com\/avatar\/d73f772ba5a74f28601361e17c2f93e6?s=96&d=mm&r=g\",\"caption\":\"Haber Merkezi\"},\"url\":\"https:\/\/epochtimestr.com\/index.php\/author\/sendag\"}]}<\/script>\n<!-- \/ Yoast SEO plugin. -->","yoast_head_json":{"title":"Gazeteci \u0130brahim Haskolo\u011flu Tutukland\u0131 - The Epoch Times TR","robots":{"index":"index","follow":"follow","max-snippet":"max-snippet:-1","max-image-preview":"max-image-preview:large","max-video-preview":"max-video-preview:-1"},"canonical":"https:\/\/epochtimestr.com\/index.php\/gazeteci-ibrahim-haskologlu-tutuklandi","og_locale":"tr_TR","og_type":"article","og_title":"Gazeteci \u0130brahim Haskolo\u011flu Tutukland\u0131 - The Epoch Times TR","og_description":"&#8220;Ki\u015fisel bilgileri hukuka ayk\u0131r\u0131 yolla ele ge\u00e7irdi\u011fi&#8221; iddia edilen gazeteci\u00a0\u0130brahim Haskolo\u011flu tutukland\u0131. &#8220;Ki\u015fisel bilgileri hukuka ayk\u0131r\u0131 yolla ele ge\u00e7irdi\u011fi&#8221; iddia edilen gazeteci\u00a0\u0130brahim Haskolo\u011flu\u00a0, sabah saatlerinde polis ekiplerince g\u00f6zalt\u0131na al\u0131nm\u0131\u015ft\u0131. Vatan Caddesi&#8217;ndeki\u00a0\u0130stanbul Emniyet M\u00fcd\u00fcrl\u00fc\u011f\u00fc\u00a0Yerle\u015fkesine getirilen Haskolo\u011flu&#8217;nun emniyetteki i\u015flemlerinin ard\u0131ndan \u00e7\u0131kar\u0131ld\u0131\u011f\u0131 hakimlik\u00e7e tutukland\u0131. NE OLMU\u015eTU? \u0130\u00e7i\u015fleri Bakanl\u0131\u011f\u0131, Twitter adresi \u00fczerinden \u00fczerlerinden Cumhurba\u015fkan\u0131 Recep Tayyip Erdo\u011fan ve Milli [&hellip;]","og_url":"https:\/\/epochtimestr.com\/index.php\/gazeteci-ibrahim-haskologlu-tutuklandi","og_site_name":"The Epoch Times TR","article_publisher":"https:\/\/www.facebook.com\/theepochtimestr","article_published_time":"2022-04-20T01:40:23+00:00","article_modified_time":"2022-04-20T01:40:27+00:00","og_image":[{"width":400,"height":400,"url":"https:\/\/epochtimestr.com\/wp-content\/uploads\/2011y\/20220420_043640.jpg","type":"image\/jpeg"}],"author":"Haber Merkezi","twitter_card":"summary_large_image","twitter_creator":"@TheEpochTimesTR","twitter_site":"@TheEpochTimesTR","twitter_misc":{"Yazan:":"Haber Merkezi","Tahmini okuma s\u00fcresi":"1 dakika"},"schema":{"@context":"https:\/\/schema.org","@graph":[{"@type":"Article","@id":"https:\/\/epochtimestr.com\/index.php\/gazeteci-ibrahim-haskologlu-tutuklandi#article","isPartOf":{"@id":"https:\/\/epochtimestr.com\/index.php\/gazeteci-ibrahim-haskologlu-tutuklandi"},"author":{"name":"Haber Merkezi","@id":"https:\/\/epochtimestr.com\/#\/schema\/person\/3dc5c3adeb9f43923c5aa85889172fdd"},"headline":"Gazeteci \u0130brahim Haskolo\u011flu Tutukland\u0131","datePublished":"2022-04-20T01:40:23+00:00","dateModified":"2022-04-20T01:40:27+00:00","mainEntityOfPage":{"@id":"https:\/\/epochtimestr.com\/index.php\/gazeteci-ibrahim-haskologlu-tutuklandi"},"wordCount":188,"publisher":{"@id":"https:\/\/epochtimestr.com\/#organization"},"image":{"@id":"https:\/\/epochtimestr.com\/index.php\/gazeteci-ibrahim-haskologlu-tutuklandi#primaryimage"},"thumbnailUrl":"https:\/\/epochtimestr.com\/wp-content\/uploads\/2011y\/20220420_043640.jpg","articleSection":["G\u00dcNDEM","MAN\u015eET","T\u00dcRK\u0130YE"],"inLanguage":"tr"},{"@type":"WebPage","@id":"https:\/\/epochtimestr.com\/index.php\/gazeteci-ibrahim-haskologlu-tutuklandi","url":"https:\/\/epochtimestr.com\/index.php\/gazeteci-ibrahim-haskologlu-tutuklandi","name":"Gazeteci \u0130brahim Haskolo\u011flu Tutukland\u0131 - The Epoch Times TR","isPartOf":{"@id":"https:\/\/epochtimestr.com\/#website"},"primaryImageOfPage":{"@id":"https:\/\/epochtimestr.com\/index.php\/gazeteci-ibrahim-haskologlu-tutuklandi#primaryimage"},"image":{"@id":"https:\/\/epochtimestr.com\/index.php\/gazeteci-ibrahim-haskologlu-tutuklandi#primaryimage"},"thumbnailUrl":"https:\/\/epochtimestr.com\/wp-content\/uploads\/2011y\/20220420_043640.jpg","datePublished":"2022-04-20T01:40:23+00:00","dateModified":"2022-04-20T01:40:27+00:00","inLanguage":"tr","potentialAction":[{"@type":"ReadAction","target":["https:\/\/epochtimestr.com\/index.php\/gazeteci-ibrahim-haskologlu-tutuklandi"]}]},{"@type":"ImageObject","inLanguage":"tr","@id":"https:\/\/epochtimestr.com\/index.php\/gazeteci-ibrahim-haskologlu-tutuklandi#primaryimage","url":"https:\/\/epochtimestr.com\/wp-content\/uploads\/2011y\/20220420_043640.jpg","contentUrl":"https:\/\/epochtimestr.com\/wp-content\/uploads\/2011y\/20220420_043640.jpg","width":400,"height":400},{"@type":"WebSite","@id":"https:\/\/epochtimestr.com\/#website","url":"https:\/\/epochtimestr.com\/","name":"The Epoch Times TR","description":"De\u011fi\u015fen D\u00fcnyam\u0131za Taze Bir Bak\u0131\u015f","publisher":{"@id":"https:\/\/epochtimestr.com\/#organization"},"potentialAction":[{"@type":"SearchAction","target":{"@type":"EntryPoint","urlTemplate":"https:\/\/epochtimestr.com\/?s={search_term_string}"},"query-input":"required name=search_term_string"}],"inLanguage":"tr"},{"@type":"Organization","@id":"https:\/\/epochtimestr.com\/#organization","name":"The EpochTimes T\u00fcrkiye","url":"https:\/\/epochtimestr.com\/","logo":{"@type":"ImageObject","inLanguage":"tr","@id":"https:\/\/epochtimestr.com\/#\/schema\/logo\/image\/","url":"https:\/\/epochtimestr.com\/wp-content\/uploads\/2011y\/ET-Logo-YG.jpg","contentUrl":"https:\/\/epochtimestr.com\/wp-content\/uploads\/2011y\/ET-Logo-YG.jpg","width":346,"height":29,"caption":"The EpochTimes T\u00fcrkiye"},"image":{"@id":"https:\/\/epochtimestr.com\/#\/schema\/logo\/image\/"},"sameAs":["https:\/\/www.facebook.com\/theepochtimestr","https:\/\/x.com\/TheEpochTimesTR","https:\/\/www.instagram.com\/epochtimestr"]},{"@type":"Person","@id":"https:\/\/epochtimestr.com\/#\/schema\/person\/3dc5c3adeb9f43923c5aa85889172fdd","name":"Haber Merkezi","image":{"@type":"ImageObject","inLanguage":"tr","@id":"https:\/\/epochtimestr.com\/#\/schema\/person\/image\/","url":"https:\/\/secure.gravatar.com\/avatar\/d73f772ba5a74f28601361e17c2f93e6?s=96&d=mm&r=g","contentUrl":"https:\/\/secure.gravatar.com\/avatar\/d73f772ba5a74f28601361e17c2f93e6?s=96&d=mm&r=g","caption":"Haber Merkezi"},"url":"https:\/\/epochtimestr.com\/index.php\/author\/sendag"}]}},"_links":{"self":[{"href":"https:\/\/epochtimestr.com\/index.php\/wp-json\/wp\/v2\/posts\/138788"}],"collection":[{"href":"https:\/\/epochtimestr.com\/index.php\/wp-json\/wp\/v2\/posts"}],"about":[{"href":"https:\/\/epochtimestr.com\/index.php\/wp-json\/wp\/v2\/types\/post"}],"author":[{"embeddable":true,"href":"https:\/\/epochtimestr.com\/index.php\/wp-json\/wp\/v2\/users\/12791"}],"replies":[{"embeddable":true,"href":"https:\/\/epochtimestr.com\/index.php\/wp-json\/wp\/v2\/comments?post=138788"}],"version-history":[{"count":1,"href":"https:\/\/epochtimestr.com\/index.php\/wp-json\/wp\/v2\/posts\/138788\/revisions"}],"predecessor-version":[{"id":138790,"href":"https:\/\/epochtimestr.com\/index.php\/wp-json\/wp\/v2\/posts\/138788\/revisions\/138790"}],"wp:featuredmedia":[{"embeddable":true,"href":"https:\/\/epochtimestr.com\/index.php\/wp-json\/wp\/v2\/media\/138789"}],"wp:attachment":[{"href":"https:\/\/epochtimestr.com\/index.php\/wp-json\/wp\/v2\/media?parent=138788"}],"wp:term":[{"taxonomy":"category","embeddable":true,"href":"https:\/\/epochtimestr.com\/index.php\/wp-json\/wp\/v2\/categories?post=138788"},{"taxonomy":"post_tag","embeddable":true,"href":"https:\/\/epochtimestr.com\/index.php\/wp-json\/wp\/v2\/tags?post=138788"}],"curies":[{"name":"wp","href":"https:\/\/api.w.org\/{rel}","templated":true}]}}