{"id":139211,"date":"2022-06-05T10:19:07","date_gmt":"2022-06-05T07:19:07","guid":{"rendered":"https:\/\/epochtimestr.com\/?p=139211"},"modified":"2022-06-05T10:19:12","modified_gmt":"2022-06-05T07:19:12","slug":"1989-tiananmen-meydani-olaylarinin-33-yili","status":"publish","type":"post","link":"https:\/\/epochtimestr.com\/index.php\/1989-tiananmen-meydani-olaylarinin-33-yili","title":{"rendered":"1989 Tiananmen Meydan\u0131 Olaylar\u0131n\u0131n 33 Y\u0131l\u0131"},"content":{"rendered":"\n<div class=\"wp-block-image\"><figure class=\"aligncenter size-large\"><img loading=\"lazy\" decoding=\"async\" width=\"600\" height=\"400\" src=\"https:\/\/epochtimestr.com\/wp-content\/uploads\/2011y\/Tianasquare-Tiananmen-Wikipedia-600x400.jpg\" alt=\"\" class=\"wp-image-135149\" srcset=\"https:\/\/epochtimestr.com\/wp-content\/uploads\/2011y\/Tianasquare-Tiananmen-Wikipedia-600x400.jpg 600w, https:\/\/epochtimestr.com\/wp-content\/uploads\/2011y\/Tianasquare-Tiananmen-Wikipedia-300x199.jpg 300w, https:\/\/epochtimestr.com\/wp-content\/uploads\/2011y\/Tianasquare-Tiananmen-Wikipedia-150x100.jpg 150w, https:\/\/epochtimestr.com\/wp-content\/uploads\/2011y\/Tianasquare-Tiananmen-Wikipedia-450x300.jpg 450w, https:\/\/epochtimestr.com\/wp-content\/uploads\/2011y\/Tianasquare-Tiananmen-Wikipedia.jpg 620w\" sizes=\"(max-width: 600px) 100vw, 600px\" \/><\/figure><\/div>\n\n\n\n<h2 class=\"wp-block-heading\">1989 Tiananmen Meydan\u0131 Olaylar\u0131, \u00f6\u011frencilerin, ayd\u0131nlar\u0131n ve i\u015f\u00e7ilerin \u00f6nderli\u011finde ger\u00e7ekle\u015fen ve \u00c7in Halk Cumhuriyeti taraf\u0131ndan kanl\u0131 bir \u015fekilde bast\u0131r\u0131lan kitlesel bir protestodur.<\/h2>\n\n\n\n<p>1980\u2019li y\u0131llarda \u00c7in\u2019in ekonomik krize girmesi ve enflasyonun artmas\u0131 ile \u00c7in Kom\u00fcnist Partisi\u2019nin insan haklar\u0131 ihlallerini ve bask\u0131lar\u0131n\u0131 da artt\u0131rmas\u0131 ile birlikte \u00c7in halk\u0131 isyan etmeye ba\u015flad\u0131.<\/p>\n\n\n\n<p>1989\u2019da ba\u015fkent Pekin\u2019deki \u00f6\u011frencilerin liderli\u011finde ba\u015flayan ve ordunun \u015fiddetli m\u00fcdahalesiyle sonu\u00e7lanan demokrasi yanl\u0131s\u0131 g\u00f6steriler haftalarca s\u00fcrd\u00fc ve di\u011fer \u015fehirlere de yay\u0131ld\u0131.<\/p>\n\n\n\n<p>Demokrasi yanl\u0131s\u0131 aktivistler, \u201cBana ya demokrasiyi ver ya da \u00f6l\u00fcm\u00fc\u201d d\u00f6vizi ta\u015f\u0131yarak Pekin\u2019de bulunan Tiananmen Meydan\u0131\u2019na ak\u0131n etti. \u0130nsan haklar\u0131, \u00f6zg\u00fcrl\u00fck, anayasa ve ekonomik alanlarda reform talebiyle haftalar s\u00fcren g\u00f6steriler d\u00fczenlediler.<\/p>\n\n\n\n<p>\u00c7in Kom\u00fcnist Partisi\u2019nin reformcu lideri Hu Yaobang\u2019\u0131n partiden ihra\u00e7 edilmesi ve 15 Nisan\u2019da idam ettirilmesi halk\u0131n \u00f6fkesini iyice y\u00fckseltti.<\/p>\n\n\n\n<p>\u00dcniversite \u00f6\u011frencilerinin yan\u0131nda g\u00f6sterilere i\u015f\u00e7i ve ayd\u0131n kesimden bir milyonun \u00fczerinde ki\u015fi kat\u0131ld\u0131.<\/p>\n\n\n\n<p>G\u00f6steri esnas\u0131nda \u00f6\u011frenciler, Tiananmen Meydan\u2019\u0131ndaki kom\u00fcnist lider Mao Zedong\u2019un portresinin kar\u015f\u0131s\u0131nda \u2018Demokrasi Tanr\u0131\u00e7as\u0131\u2019n\u0131n heykelini dikti.<\/p>\n\n\n\n<p>G\u00f6sterilerin \u00fclke genelinde 400 kente yay\u0131lmas\u0131yla ilk s\u0131ralar m\u00fcdahelede bulunmayan devlet 20 May\u0131s\u2019ta s\u0131k\u0131y\u00f6netim ilan etti.<\/p>\n\n\n\n<p>\u00c7in Kom\u00fcnist Partisi, protestocular\u0131n taleplerinin kesinlikle reddetmesi \u00fczerine, geri ad\u0131m atmas\u0131 yerine daha da sertle\u015fmesi ve halk\u0131n taleplerini a\u00e7\u0131k \u015fekilde reddetmesi \u00f6\u011frencilerin meydanlarda kalmas\u0131n\u0131 sa\u011flad\u0131.<\/p>\n\n\n\n<p>&nbsp;4 Haziran 1989 sabah\u0131 Tiananmen Meydan\u0131\u2019ndaki kalabal\u0131\u011f\u0131 da\u011f\u0131tmas\u0131 i\u00e7in 200 bin asker g\u00f6revlendirildi.<\/p>\n\n\n\n<p>&nbsp;\u00c7in Kom\u00fcnist Partisi\u2019nin y\u00f6netimi alt\u0131ndaki h\u00fck\u00fbmetin siyasi yozla\u015fma i\u00e7inde oldu\u011funu ve bask\u0131c\u0131 bir tutum tak\u0131nd\u0131\u011f\u0131n\u0131 d\u00fc\u015f\u00fcnen ayd\u0131nlar\u0131n hedef al\u0131nd\u0131\u011f\u0131 katliamda binlerce ki\u015fi dayakla, ger\u00e7ek mermilerle ve tanklar alt\u0131nda kalarak vah\u015fice \u00f6ld\u00fcr\u00fcld\u00fc.<\/p>\n\n\n\n<p>\u00d6lenlerin say\u0131s\u0131 \u00c7in Kom\u00fcnist Paritsi\u2019ne g\u00f6re 23, CIA\u2019ye g\u00f6re 400-600, \u00c7in K\u0131z\u0131lha\u00e7\u0131\u2019na g\u00f6re 2600 idi. \u00c7inli \u00f6\u011frenci \u00f6rg\u00fctleri \u00f6lenlerin say\u0131s\u0131n\u0131n 2000-3000 aras\u0131nda oldu\u011funu savunuyordu.<\/p>\n\n\n\n<p>15 Nisan\u2019da ba\u015flayan g\u00f6steriler, halk\u0131n herhangi bir talebini kar\u015f\u0131lamadan 3 Haziran\u2019\u0131 4 Haziran\u2019a ba\u011flayan gece ba\u015flat\u0131lan kanl\u0131 sald\u0131r\u0131larla bitirilmi\u015f oldu.<\/p>\n\n\n\n<p>&nbsp;Harekete sempati duyan Parti \u00fcyeleri tasfiye edildi, pek \u00e7ok y\u00fcksek d\u00fczeydeki \u00fcye ev hapsine al\u0131nd\u0131. Tiananmen Meydan\u0131\u2019ndaki g\u00f6sterilerin \u015fiddetle bast\u0131r\u0131lmas\u0131 sonucunda, \u00c7in, uluslararas\u0131 kamuoyunda yayg\u0131n bir \u015fekilde k\u0131nand\u0131.<\/p>\n\n\n\n<p>Her y\u0131l 4 Haziran\u2019a do\u011fru, \u00c7in internette konu ile ilgili t\u00fcm at\u0131flar\u0131 yok etmeye devam etmektedir.<\/p>\n","protected":false},"excerpt":{"rendered":"<p>1989 Tiananmen Meydan\u0131 Olaylar\u0131, \u00f6\u011frencilerin, ayd\u0131nlar\u0131n ve i\u015f\u00e7ilerin \u00f6nderli\u011finde ger\u00e7ekle\u015fen ve \u00c7in Halk Cumhuriyeti taraf\u0131ndan kanl\u0131 bir \u015fekilde bast\u0131r\u0131lan kitlesel bir protestodur. 1980\u2019li y\u0131llarda \u00c7in\u2019in ekonomik krize girmesi ve enflasyonun artmas\u0131 ile \u00c7in Kom\u00fcnist Partisi\u2019nin insan haklar\u0131 ihlallerini ve bask\u0131lar\u0131n\u0131 da artt\u0131rmas\u0131 ile birlikte \u00c7in halk\u0131 isyan etmeye ba\u015flad\u0131. 1989\u2019da ba\u015fkent Pekin\u2019deki \u00f6\u011frencilerin liderli\u011finde ba\u015flayan [&hellip;]<\/p>\n","protected":false},"author":12791,"featured_media":135149,"comment_status":"closed","ping_status":"open","sticky":false,"template":"","format":"standard","meta":{"_yoast_wpseo_focuskw":"","_yoast_wpseo_title":"","_yoast_wpseo_metadesc":"","_bbp_topic_count":0,"_bbp_reply_count":0,"_bbp_total_topic_count":0,"_bbp_total_reply_count":0,"_bbp_voice_count":0,"_bbp_anonymous_reply_count":0,"_bbp_topic_count_hidden":0,"_bbp_reply_count_hidden":0,"_bbp_forum_subforum_count":0,"footnotes":"","_yoast_wpseo_focuskw_text_input":""},"categories":[5,1,8138],"tags":[],"yoast_head":"<!-- This site is optimized with the Yoast SEO plugin v23.0 - https:\/\/yoast.com\/wordpress\/plugins\/seo\/ -->\n<title>1989 Tiananmen Meydan\u0131 Olaylar\u0131n\u0131n 33 Y\u0131l\u0131 - The Epoch Times TR<\/title>\n<meta name=\"robots\" content=\"index, follow, max-snippet:-1, max-image-preview:large, max-video-preview:-1\" \/>\n<link rel=\"canonical\" href=\"https:\/\/epochtimestr.com\/index.php\/1989-tiananmen-meydani-olaylarinin-33-yili\" \/>\n<meta property=\"og:locale\" content=\"tr_TR\" \/>\n<meta property=\"og:type\" content=\"article\" \/>\n<meta property=\"og:title\" content=\"1989 Tiananmen Meydan\u0131 Olaylar\u0131n\u0131n 33 Y\u0131l\u0131 - The Epoch Times TR\" \/>\n<meta property=\"og:description\" content=\"1989 Tiananmen Meydan\u0131 Olaylar\u0131, \u00f6\u011frencilerin, ayd\u0131nlar\u0131n ve i\u015f\u00e7ilerin \u00f6nderli\u011finde ger\u00e7ekle\u015fen ve \u00c7in Halk Cumhuriyeti taraf\u0131ndan kanl\u0131 bir \u015fekilde bast\u0131r\u0131lan kitlesel bir protestodur. 1980\u2019li y\u0131llarda \u00c7in\u2019in ekonomik krize girmesi ve enflasyonun artmas\u0131 ile \u00c7in Kom\u00fcnist Partisi\u2019nin insan haklar\u0131 ihlallerini ve bask\u0131lar\u0131n\u0131 da artt\u0131rmas\u0131 ile birlikte \u00c7in halk\u0131 isyan etmeye ba\u015flad\u0131. 1989\u2019da ba\u015fkent Pekin\u2019deki \u00f6\u011frencilerin liderli\u011finde ba\u015flayan [&hellip;]\" \/>\n<meta property=\"og:url\" content=\"https:\/\/epochtimestr.com\/index.php\/1989-tiananmen-meydani-olaylarinin-33-yili\" \/>\n<meta property=\"og:site_name\" content=\"The Epoch Times TR\" \/>\n<meta property=\"article:publisher\" content=\"https:\/\/www.facebook.com\/theepochtimestr\" \/>\n<meta property=\"article:published_time\" content=\"2022-06-05T07:19:07+00:00\" \/>\n<meta property=\"article:modified_time\" content=\"2022-06-05T07:19:12+00:00\" \/>\n<meta property=\"og:image\" content=\"https:\/\/epochtimestr.com\/wp-content\/uploads\/2011y\/Tianasquare-Tiananmen-Wikipedia.jpg\" \/>\n\t<meta property=\"og:image:width\" content=\"620\" \/>\n\t<meta property=\"og:image:height\" content=\"412\" \/>\n\t<meta property=\"og:image:type\" content=\"image\/jpeg\" \/>\n<meta name=\"author\" content=\"Haber Merkezi\" \/>\n<meta name=\"twitter:card\" content=\"summary_large_image\" \/>\n<meta name=\"twitter:creator\" content=\"@TheEpochTimesTR\" \/>\n<meta name=\"twitter:site\" content=\"@TheEpochTimesTR\" \/>\n<meta name=\"twitter:label1\" content=\"Yazan:\" \/>\n\t<meta name=\"twitter:data1\" content=\"Haber Merkezi\" \/>\n\t<meta name=\"twitter:label2\" content=\"Tahmini okuma s\u00fcresi\" \/>\n\t<meta name=\"twitter:data2\" content=\"2 dakika\" \/>\n<script type=\"application\/ld+json\" class=\"yoast-schema-graph\">{\"@context\":\"https:\/\/schema.org\",\"@graph\":[{\"@type\":\"Article\",\"@id\":\"https:\/\/epochtimestr.com\/index.php\/1989-tiananmen-meydani-olaylarinin-33-yili#article\",\"isPartOf\":{\"@id\":\"https:\/\/epochtimestr.com\/index.php\/1989-tiananmen-meydani-olaylarinin-33-yili\"},\"author\":{\"name\":\"Haber Merkezi\",\"@id\":\"https:\/\/epochtimestr.com\/#\/schema\/person\/3dc5c3adeb9f43923c5aa85889172fdd\"},\"headline\":\"1989 Tiananmen Meydan\u0131 Olaylar\u0131n\u0131n 33 Y\u0131l\u0131\",\"datePublished\":\"2022-06-05T07:19:07+00:00\",\"dateModified\":\"2022-06-05T07:19:12+00:00\",\"mainEntityOfPage\":{\"@id\":\"https:\/\/epochtimestr.com\/index.php\/1989-tiananmen-meydani-olaylarinin-33-yili\"},\"wordCount\":465,\"publisher\":{\"@id\":\"https:\/\/epochtimestr.com\/#organization\"},\"image\":{\"@id\":\"https:\/\/epochtimestr.com\/index.php\/1989-tiananmen-meydani-olaylarinin-33-yili#primaryimage\"},\"thumbnailUrl\":\"https:\/\/epochtimestr.com\/wp-content\/uploads\/2011y\/Tianasquare-Tiananmen-Wikipedia.jpg\",\"articleSection\":[\"D\u00dcNYA\",\"G\u00dcNDEM\",\"MAN\u015eET\"],\"inLanguage\":\"tr\"},{\"@type\":\"WebPage\",\"@id\":\"https:\/\/epochtimestr.com\/index.php\/1989-tiananmen-meydani-olaylarinin-33-yili\",\"url\":\"https:\/\/epochtimestr.com\/index.php\/1989-tiananmen-meydani-olaylarinin-33-yili\",\"name\":\"1989 Tiananmen Meydan\u0131 Olaylar\u0131n\u0131n 33 Y\u0131l\u0131 - The Epoch Times TR\",\"isPartOf\":{\"@id\":\"https:\/\/epochtimestr.com\/#website\"},\"primaryImageOfPage\":{\"@id\":\"https:\/\/epochtimestr.com\/index.php\/1989-tiananmen-meydani-olaylarinin-33-yili#primaryimage\"},\"image\":{\"@id\":\"https:\/\/epochtimestr.com\/index.php\/1989-tiananmen-meydani-olaylarinin-33-yili#primaryimage\"},\"thumbnailUrl\":\"https:\/\/epochtimestr.com\/wp-content\/uploads\/2011y\/Tianasquare-Tiananmen-Wikipedia.jpg\",\"datePublished\":\"2022-06-05T07:19:07+00:00\",\"dateModified\":\"2022-06-05T07:19:12+00:00\",\"inLanguage\":\"tr\",\"potentialAction\":[{\"@type\":\"ReadAction\",\"target\":[\"https:\/\/epochtimestr.com\/index.php\/1989-tiananmen-meydani-olaylarinin-33-yili\"]}]},{\"@type\":\"ImageObject\",\"inLanguage\":\"tr\",\"@id\":\"https:\/\/epochtimestr.com\/index.php\/1989-tiananmen-meydani-olaylarinin-33-yili#primaryimage\",\"url\":\"https:\/\/epochtimestr.com\/wp-content\/uploads\/2011y\/Tianasquare-Tiananmen-Wikipedia.jpg\",\"contentUrl\":\"https:\/\/epochtimestr.com\/wp-content\/uploads\/2011y\/Tianasquare-Tiananmen-Wikipedia.jpg\",\"width\":620,\"height\":412},{\"@type\":\"WebSite\",\"@id\":\"https:\/\/epochtimestr.com\/#website\",\"url\":\"https:\/\/epochtimestr.com\/\",\"name\":\"The Epoch Times TR\",\"description\":\"De\u011fi\u015fen D\u00fcnyam\u0131za Taze Bir Bak\u0131\u015f\",\"publisher\":{\"@id\":\"https:\/\/epochtimestr.com\/#organization\"},\"potentialAction\":[{\"@type\":\"SearchAction\",\"target\":{\"@type\":\"EntryPoint\",\"urlTemplate\":\"https:\/\/epochtimestr.com\/?s={search_term_string}\"},\"query-input\":\"required name=search_term_string\"}],\"inLanguage\":\"tr\"},{\"@type\":\"Organization\",\"@id\":\"https:\/\/epochtimestr.com\/#organization\",\"name\":\"The EpochTimes T\u00fcrkiye\",\"url\":\"https:\/\/epochtimestr.com\/\",\"logo\":{\"@type\":\"ImageObject\",\"inLanguage\":\"tr\",\"@id\":\"https:\/\/epochtimestr.com\/#\/schema\/logo\/image\/\",\"url\":\"https:\/\/epochtimestr.com\/wp-content\/uploads\/2011y\/ET-Logo-YG.jpg\",\"contentUrl\":\"https:\/\/epochtimestr.com\/wp-content\/uploads\/2011y\/ET-Logo-YG.jpg\",\"width\":346,\"height\":29,\"caption\":\"The EpochTimes T\u00fcrkiye\"},\"image\":{\"@id\":\"https:\/\/epochtimestr.com\/#\/schema\/logo\/image\/\"},\"sameAs\":[\"https:\/\/www.facebook.com\/theepochtimestr\",\"https:\/\/x.com\/TheEpochTimesTR\",\"https:\/\/www.instagram.com\/epochtimestr\"]},{\"@type\":\"Person\",\"@id\":\"https:\/\/epochtimestr.com\/#\/schema\/person\/3dc5c3adeb9f43923c5aa85889172fdd\",\"name\":\"Haber Merkezi\",\"image\":{\"@type\":\"ImageObject\",\"inLanguage\":\"tr\",\"@id\":\"https:\/\/epochtimestr.com\/#\/schema\/person\/image\/\",\"url\":\"https:\/\/secure.gravatar.com\/avatar\/d73f772ba5a74f28601361e17c2f93e6?s=96&d=mm&r=g\",\"contentUrl\":\"https:\/\/secure.gravatar.com\/avatar\/d73f772ba5a74f28601361e17c2f93e6?s=96&d=mm&r=g\",\"caption\":\"Haber Merkezi\"},\"url\":\"https:\/\/epochtimestr.com\/index.php\/author\/sendag\"}]}<\/script>\n<!-- \/ Yoast SEO plugin. -->","yoast_head_json":{"title":"1989 Tiananmen Meydan\u0131 Olaylar\u0131n\u0131n 33 Y\u0131l\u0131 - The Epoch Times TR","robots":{"index":"index","follow":"follow","max-snippet":"max-snippet:-1","max-image-preview":"max-image-preview:large","max-video-preview":"max-video-preview:-1"},"canonical":"https:\/\/epochtimestr.com\/index.php\/1989-tiananmen-meydani-olaylarinin-33-yili","og_locale":"tr_TR","og_type":"article","og_title":"1989 Tiananmen Meydan\u0131 Olaylar\u0131n\u0131n 33 Y\u0131l\u0131 - The Epoch Times TR","og_description":"1989 Tiananmen Meydan\u0131 Olaylar\u0131, \u00f6\u011frencilerin, ayd\u0131nlar\u0131n ve i\u015f\u00e7ilerin \u00f6nderli\u011finde ger\u00e7ekle\u015fen ve \u00c7in Halk Cumhuriyeti taraf\u0131ndan kanl\u0131 bir \u015fekilde bast\u0131r\u0131lan kitlesel bir protestodur. 1980\u2019li y\u0131llarda \u00c7in\u2019in ekonomik krize girmesi ve enflasyonun artmas\u0131 ile \u00c7in Kom\u00fcnist Partisi\u2019nin insan haklar\u0131 ihlallerini ve bask\u0131lar\u0131n\u0131 da artt\u0131rmas\u0131 ile birlikte \u00c7in halk\u0131 isyan etmeye ba\u015flad\u0131. 1989\u2019da ba\u015fkent Pekin\u2019deki \u00f6\u011frencilerin liderli\u011finde ba\u015flayan [&hellip;]","og_url":"https:\/\/epochtimestr.com\/index.php\/1989-tiananmen-meydani-olaylarinin-33-yili","og_site_name":"The Epoch Times TR","article_publisher":"https:\/\/www.facebook.com\/theepochtimestr","article_published_time":"2022-06-05T07:19:07+00:00","article_modified_time":"2022-06-05T07:19:12+00:00","og_image":[{"width":620,"height":412,"url":"https:\/\/epochtimestr.com\/wp-content\/uploads\/2011y\/Tianasquare-Tiananmen-Wikipedia.jpg","type":"image\/jpeg"}],"author":"Haber Merkezi","twitter_card":"summary_large_image","twitter_creator":"@TheEpochTimesTR","twitter_site":"@TheEpochTimesTR","twitter_misc":{"Yazan:":"Haber Merkezi","Tahmini okuma s\u00fcresi":"2 dakika"},"schema":{"@context":"https:\/\/schema.org","@graph":[{"@type":"Article","@id":"https:\/\/epochtimestr.com\/index.php\/1989-tiananmen-meydani-olaylarinin-33-yili#article","isPartOf":{"@id":"https:\/\/epochtimestr.com\/index.php\/1989-tiananmen-meydani-olaylarinin-33-yili"},"author":{"name":"Haber Merkezi","@id":"https:\/\/epochtimestr.com\/#\/schema\/person\/3dc5c3adeb9f43923c5aa85889172fdd"},"headline":"1989 Tiananmen Meydan\u0131 Olaylar\u0131n\u0131n 33 Y\u0131l\u0131","datePublished":"2022-06-05T07:19:07+00:00","dateModified":"2022-06-05T07:19:12+00:00","mainEntityOfPage":{"@id":"https:\/\/epochtimestr.com\/index.php\/1989-tiananmen-meydani-olaylarinin-33-yili"},"wordCount":465,"publisher":{"@id":"https:\/\/epochtimestr.com\/#organization"},"image":{"@id":"https:\/\/epochtimestr.com\/index.php\/1989-tiananmen-meydani-olaylarinin-33-yili#primaryimage"},"thumbnailUrl":"https:\/\/epochtimestr.com\/wp-content\/uploads\/2011y\/Tianasquare-Tiananmen-Wikipedia.jpg","articleSection":["D\u00dcNYA","G\u00dcNDEM","MAN\u015eET"],"inLanguage":"tr"},{"@type":"WebPage","@id":"https:\/\/epochtimestr.com\/index.php\/1989-tiananmen-meydani-olaylarinin-33-yili","url":"https:\/\/epochtimestr.com\/index.php\/1989-tiananmen-meydani-olaylarinin-33-yili","name":"1989 Tiananmen Meydan\u0131 Olaylar\u0131n\u0131n 33 Y\u0131l\u0131 - The Epoch Times TR","isPartOf":{"@id":"https:\/\/epochtimestr.com\/#website"},"primaryImageOfPage":{"@id":"https:\/\/epochtimestr.com\/index.php\/1989-tiananmen-meydani-olaylarinin-33-yili#primaryimage"},"image":{"@id":"https:\/\/epochtimestr.com\/index.php\/1989-tiananmen-meydani-olaylarinin-33-yili#primaryimage"},"thumbnailUrl":"https:\/\/epochtimestr.com\/wp-content\/uploads\/2011y\/Tianasquare-Tiananmen-Wikipedia.jpg","datePublished":"2022-06-05T07:19:07+00:00","dateModified":"2022-06-05T07:19:12+00:00","inLanguage":"tr","potentialAction":[{"@type":"ReadAction","target":["https:\/\/epochtimestr.com\/index.php\/1989-tiananmen-meydani-olaylarinin-33-yili"]}]},{"@type":"ImageObject","inLanguage":"tr","@id":"https:\/\/epochtimestr.com\/index.php\/1989-tiananmen-meydani-olaylarinin-33-yili#primaryimage","url":"https:\/\/epochtimestr.com\/wp-content\/uploads\/2011y\/Tianasquare-Tiananmen-Wikipedia.jpg","contentUrl":"https:\/\/epochtimestr.com\/wp-content\/uploads\/2011y\/Tianasquare-Tiananmen-Wikipedia.jpg","width":620,"height":412},{"@type":"WebSite","@id":"https:\/\/epochtimestr.com\/#website","url":"https:\/\/epochtimestr.com\/","name":"The Epoch Times TR","description":"De\u011fi\u015fen D\u00fcnyam\u0131za Taze Bir Bak\u0131\u015f","publisher":{"@id":"https:\/\/epochtimestr.com\/#organization"},"potentialAction":[{"@type":"SearchAction","target":{"@type":"EntryPoint","urlTemplate":"https:\/\/epochtimestr.com\/?s={search_term_string}"},"query-input":"required name=search_term_string"}],"inLanguage":"tr"},{"@type":"Organization","@id":"https:\/\/epochtimestr.com\/#organization","name":"The EpochTimes T\u00fcrkiye","url":"https:\/\/epochtimestr.com\/","logo":{"@type":"ImageObject","inLanguage":"tr","@id":"https:\/\/epochtimestr.com\/#\/schema\/logo\/image\/","url":"https:\/\/epochtimestr.com\/wp-content\/uploads\/2011y\/ET-Logo-YG.jpg","contentUrl":"https:\/\/epochtimestr.com\/wp-content\/uploads\/2011y\/ET-Logo-YG.jpg","width":346,"height":29,"caption":"The EpochTimes T\u00fcrkiye"},"image":{"@id":"https:\/\/epochtimestr.com\/#\/schema\/logo\/image\/"},"sameAs":["https:\/\/www.facebook.com\/theepochtimestr","https:\/\/x.com\/TheEpochTimesTR","https:\/\/www.instagram.com\/epochtimestr"]},{"@type":"Person","@id":"https:\/\/epochtimestr.com\/#\/schema\/person\/3dc5c3adeb9f43923c5aa85889172fdd","name":"Haber Merkezi","image":{"@type":"ImageObject","inLanguage":"tr","@id":"https:\/\/epochtimestr.com\/#\/schema\/person\/image\/","url":"https:\/\/secure.gravatar.com\/avatar\/d73f772ba5a74f28601361e17c2f93e6?s=96&d=mm&r=g","contentUrl":"https:\/\/secure.gravatar.com\/avatar\/d73f772ba5a74f28601361e17c2f93e6?s=96&d=mm&r=g","caption":"Haber Merkezi"},"url":"https:\/\/epochtimestr.com\/index.php\/author\/sendag"}]}},"_links":{"self":[{"href":"https:\/\/epochtimestr.com\/index.php\/wp-json\/wp\/v2\/posts\/139211"}],"collection":[{"href":"https:\/\/epochtimestr.com\/index.php\/wp-json\/wp\/v2\/posts"}],"about":[{"href":"https:\/\/epochtimestr.com\/index.php\/wp-json\/wp\/v2\/types\/post"}],"author":[{"embeddable":true,"href":"https:\/\/epochtimestr.com\/index.php\/wp-json\/wp\/v2\/users\/12791"}],"replies":[{"embeddable":true,"href":"https:\/\/epochtimestr.com\/index.php\/wp-json\/wp\/v2\/comments?post=139211"}],"version-history":[{"count":1,"href":"https:\/\/epochtimestr.com\/index.php\/wp-json\/wp\/v2\/posts\/139211\/revisions"}],"predecessor-version":[{"id":139212,"href":"https:\/\/epochtimestr.com\/index.php\/wp-json\/wp\/v2\/posts\/139211\/revisions\/139212"}],"wp:featuredmedia":[{"embeddable":true,"href":"https:\/\/epochtimestr.com\/index.php\/wp-json\/wp\/v2\/media\/135149"}],"wp:attachment":[{"href":"https:\/\/epochtimestr.com\/index.php\/wp-json\/wp\/v2\/media?parent=139211"}],"wp:term":[{"taxonomy":"category","embeddable":true,"href":"https:\/\/epochtimestr.com\/index.php\/wp-json\/wp\/v2\/categories?post=139211"},{"taxonomy":"post_tag","embeddable":true,"href":"https:\/\/epochtimestr.com\/index.php\/wp-json\/wp\/v2\/tags?post=139211"}],"curies":[{"name":"wp","href":"https:\/\/api.w.org\/{rel}","templated":true}]}}