{"id":139535,"date":"2022-07-08T17:10:39","date_gmt":"2022-07-08T14:10:39","guid":{"rendered":"https:\/\/epochtimestr.com\/?p=139535"},"modified":"2024-08-12T12:52:16","modified_gmt":"2024-08-12T09:52:16","slug":"geleneksel-turk-okculugu-unesco-listesinde","status":"publish","type":"post","link":"https:\/\/epochtimestr.com\/index.php\/geleneksel-turk-okculugu-unesco-listesinde","title":{"rendered":"Geleneksel T\u00fcrk Ok\u00e7ulu\u011fu UNESCO Listesinde"},"content":{"rendered":"\n<div class=\"wp-block-image\"><figure class=\"aligncenter size-large\"><img loading=\"lazy\" decoding=\"async\" width=\"600\" height=\"237\" src=\"https:\/\/epochtimestr.com\/wp-content\/uploads\/2011y\/mete-ok-600x237.png\" alt=\"\" class=\"wp-image-136009\" srcset=\"https:\/\/epochtimestr.com\/wp-content\/uploads\/2011y\/mete-ok-600x237.png 600w, https:\/\/epochtimestr.com\/wp-content\/uploads\/2011y\/mete-ok-300x118.png 300w, https:\/\/epochtimestr.com\/wp-content\/uploads\/2011y\/mete-ok-150x59.png 150w, https:\/\/epochtimestr.com\/wp-content\/uploads\/2011y\/mete-ok-768x303.png 768w, https:\/\/epochtimestr.com\/wp-content\/uploads\/2011y\/mete-ok.png 1351w\" sizes=\"(max-width: 600px) 100vw, 600px\" \/><\/figure><\/div>\n\n\n\n<h2 class=\"wp-block-heading\">Ok\u00e7ular Vakf\u0131, Geleneksel T\u00fcrk ok\u00e7ulu\u011funun UNESCO Somut Olmayan K\u00fclt\u00fcrel Miras Varl\u0131\u011f\u0131 listesine kaydedildi\u011fini duyurdu.<\/h2>\n\n\n\n<p>Ok\u00e7ular Vakf\u0131&#8217;ndan yap\u0131lan a\u00e7\u0131klamada,&nbsp;K\u00fclt\u00fcr ve Turizm Bakanl\u0131\u011f\u0131&nbsp;Ara\u015ft\u0131rma ve E\u011fitim Daire Ba\u015fkanl\u0131\u011f\u0131 i\u015f birli\u011fi ile y\u00fcr\u00fct\u00fclen \u00e7al\u0131\u015fma kapsam\u0131nda, ok\u00e7ulu\u011fun listeye T\u00fcrkiye&#8217;nin 11. de\u011feri olarak kaydedildi\u011fi belirtildi.Geleneksel T\u00fcrk ok\u00e7ulu\u011funun&nbsp;ayr\u0131ca bu alanda d\u00fcnyan\u0131n ilk de\u011feri olarak al\u0131nd\u0131\u011f\u0131 da vurguland\u0131.Ok\u00e7ular Vakf\u0131,&nbsp;Fransa&#8217;n\u0131n ba\u015fkenti Paris&#8217;teki &#8216;Somut Olmayan K\u00fclt\u00fcrel Miras\u0131n Korunmas\u0131 S\u00f6zle\u015fmesi Taraf Devletler 9. Genel Kurulu&#8217;nda&nbsp;UNESCO&nbsp;akreditasyonun kabul\u00fcyle T\u00fcrkiye&#8217;yi Somut Olmayan K\u00fclt\u00fcrel Miras Varl\u0131\u011f\u0131 \u00fczerinden temsil edecek.Konuyla ilgili yap\u0131lan a\u00e7\u0131klamada, &#8220;<em>Akreditasyon kabul\u00fc ile \u00fclkemizi Somut Olmayan K\u00fclt\u00fcrel Miras Varl\u0131\u011f\u0131 \u00fczerine temsil edecek Sivil Toplum Kurulu\u015fu olman\u0131n heyecan\u0131n\u0131 ya\u015f\u0131yoruz. T\u00fcrk gen\u00e7li\u011fine, k\u00fclt\u00fcr\u00fcne ve sporuna yapaca\u011f\u0131m\u0131z hizmetler aral\u0131ks\u0131z devam edecektir. Bar\u0131\u015f\u0131n dili olan spor ve k\u00fclt\u00fcr\u00fcn birlikteli\u011finin en e\u015fsiz \u00f6rneklerinden olan tarihi Ok\u00e7ular Tekkesi&#8217;nin bug\u00fcnk\u00fc temsilcileri olarak hep daha ilerisini hedefleyerek Somut Olmayan K\u00fclt\u00fcrel Miras Varl\u0131\u011f\u0131&#8217;n\u0131n ya\u015famas\u0131 Ok\u00e7ular Vakf\u0131n\u0131n ana misyonlar\u0131 aras\u0131ndad\u0131r&#8221;<\/em>&nbsp;ifadelerine yer verildi.<\/p>\n","protected":false},"excerpt":{"rendered":"<p>Ok\u00e7ular Vakf\u0131, Geleneksel T\u00fcrk ok\u00e7ulu\u011funun UNESCO Somut Olmayan K\u00fclt\u00fcrel Miras Varl\u0131\u011f\u0131 listesine kaydedildi\u011fini duyurdu. Ok\u00e7ular Vakf\u0131&#8217;ndan yap\u0131lan a\u00e7\u0131klamada,&nbsp;K\u00fclt\u00fcr ve Turizm Bakanl\u0131\u011f\u0131&nbsp;Ara\u015ft\u0131rma ve E\u011fitim Daire Ba\u015fkanl\u0131\u011f\u0131 i\u015f birli\u011fi ile y\u00fcr\u00fct\u00fclen \u00e7al\u0131\u015fma kapsam\u0131nda, ok\u00e7ulu\u011fun listeye T\u00fcrkiye&#8217;nin 11. de\u011feri olarak kaydedildi\u011fi belirtildi.Geleneksel T\u00fcrk ok\u00e7ulu\u011funun&nbsp;ayr\u0131ca bu alanda d\u00fcnyan\u0131n ilk de\u011feri olarak al\u0131nd\u0131\u011f\u0131 da vurguland\u0131.Ok\u00e7ular Vakf\u0131,&nbsp;Fransa&#8217;n\u0131n ba\u015fkenti Paris&#8217;teki &#8216;Somut Olmayan [&hellip;]<\/p>\n","protected":false},"author":12791,"featured_media":136009,"comment_status":"closed","ping_status":"open","sticky":false,"template":"","format":"standard","meta":{"_yoast_wpseo_focuskw":"","_yoast_wpseo_title":"","_yoast_wpseo_metadesc":"","_bbp_topic_count":0,"_bbp_reply_count":0,"_bbp_total_topic_count":0,"_bbp_total_reply_count":0,"_bbp_voice_count":0,"_bbp_anonymous_reply_count":0,"_bbp_topic_count_hidden":0,"_bbp_reply_count_hidden":0,"_bbp_forum_subforum_count":0,"footnotes":"","_yoast_wpseo_focuskw_text_input":""},"categories":[1,8138,8420],"tags":[],"yoast_head":"<!-- This site is optimized with the Yoast SEO plugin v23.0 - https:\/\/yoast.com\/wordpress\/plugins\/seo\/ -->\n<title>Geleneksel T\u00fcrk Ok\u00e7ulu\u011fu UNESCO Listesinde - The Epoch Times TR<\/title>\n<meta name=\"robots\" content=\"index, follow, max-snippet:-1, max-image-preview:large, max-video-preview:-1\" \/>\n<link rel=\"canonical\" href=\"https:\/\/epochtimestr.com\/index.php\/geleneksel-turk-okculugu-unesco-listesinde\" \/>\n<meta property=\"og:locale\" content=\"tr_TR\" \/>\n<meta property=\"og:type\" content=\"article\" \/>\n<meta property=\"og:title\" content=\"Geleneksel T\u00fcrk Ok\u00e7ulu\u011fu UNESCO Listesinde - The Epoch Times TR\" \/>\n<meta property=\"og:description\" content=\"Ok\u00e7ular Vakf\u0131, Geleneksel T\u00fcrk ok\u00e7ulu\u011funun UNESCO Somut Olmayan K\u00fclt\u00fcrel Miras Varl\u0131\u011f\u0131 listesine kaydedildi\u011fini duyurdu. Ok\u00e7ular Vakf\u0131&#8217;ndan yap\u0131lan a\u00e7\u0131klamada,&nbsp;K\u00fclt\u00fcr ve Turizm Bakanl\u0131\u011f\u0131&nbsp;Ara\u015ft\u0131rma ve E\u011fitim Daire Ba\u015fkanl\u0131\u011f\u0131 i\u015f birli\u011fi ile y\u00fcr\u00fct\u00fclen \u00e7al\u0131\u015fma kapsam\u0131nda, ok\u00e7ulu\u011fun listeye T\u00fcrkiye&#8217;nin 11. de\u011feri olarak kaydedildi\u011fi belirtildi.Geleneksel T\u00fcrk ok\u00e7ulu\u011funun&nbsp;ayr\u0131ca bu alanda d\u00fcnyan\u0131n ilk de\u011feri olarak al\u0131nd\u0131\u011f\u0131 da vurguland\u0131.Ok\u00e7ular Vakf\u0131,&nbsp;Fransa&#8217;n\u0131n ba\u015fkenti Paris&#8217;teki &#8216;Somut Olmayan [&hellip;]\" \/>\n<meta property=\"og:url\" content=\"https:\/\/epochtimestr.com\/index.php\/geleneksel-turk-okculugu-unesco-listesinde\" \/>\n<meta property=\"og:site_name\" content=\"The Epoch Times TR\" \/>\n<meta property=\"article:publisher\" content=\"https:\/\/www.facebook.com\/theepochtimestr\" \/>\n<meta property=\"article:published_time\" content=\"2022-07-08T14:10:39+00:00\" \/>\n<meta property=\"article:modified_time\" content=\"2024-08-12T09:52:16+00:00\" \/>\n<meta property=\"og:image\" content=\"https:\/\/epochtimestr.com\/wp-content\/uploads\/2011y\/mete-ok.png\" \/>\n\t<meta property=\"og:image:width\" content=\"1351\" \/>\n\t<meta property=\"og:image:height\" content=\"533\" \/>\n\t<meta property=\"og:image:type\" content=\"image\/png\" \/>\n<meta name=\"author\" content=\"Haber Merkezi\" \/>\n<meta name=\"twitter:card\" content=\"summary_large_image\" \/>\n<meta name=\"twitter:creator\" content=\"@TheEpochTimesTR\" \/>\n<meta name=\"twitter:site\" content=\"@TheEpochTimesTR\" \/>\n<meta name=\"twitter:label1\" content=\"Yazan:\" \/>\n\t<meta name=\"twitter:data1\" content=\"Haber Merkezi\" \/>\n\t<meta name=\"twitter:label2\" content=\"Tahmini okuma s\u00fcresi\" \/>\n\t<meta name=\"twitter:data2\" content=\"1 dakika\" \/>\n<script type=\"application\/ld+json\" class=\"yoast-schema-graph\">{\"@context\":\"https:\/\/schema.org\",\"@graph\":[{\"@type\":\"Article\",\"@id\":\"https:\/\/epochtimestr.com\/index.php\/geleneksel-turk-okculugu-unesco-listesinde#article\",\"isPartOf\":{\"@id\":\"https:\/\/epochtimestr.com\/index.php\/geleneksel-turk-okculugu-unesco-listesinde\"},\"author\":{\"name\":\"Haber Merkezi\",\"@id\":\"https:\/\/epochtimestr.com\/#\/schema\/person\/3dc5c3adeb9f43923c5aa85889172fdd\"},\"headline\":\"Geleneksel T\u00fcrk Ok\u00e7ulu\u011fu UNESCO Listesinde\",\"datePublished\":\"2022-07-08T14:10:39+00:00\",\"dateModified\":\"2024-08-12T09:52:16+00:00\",\"mainEntityOfPage\":{\"@id\":\"https:\/\/epochtimestr.com\/index.php\/geleneksel-turk-okculugu-unesco-listesinde\"},\"wordCount\":246,\"publisher\":{\"@id\":\"https:\/\/epochtimestr.com\/#organization\"},\"image\":{\"@id\":\"https:\/\/epochtimestr.com\/index.php\/geleneksel-turk-okculugu-unesco-listesinde#primaryimage\"},\"thumbnailUrl\":\"https:\/\/epochtimestr.com\/wp-content\/uploads\/2011y\/mete-ok.png\",\"articleSection\":[\"G\u00dcNDEM\",\"Man\u015fet\",\"T\u00dcRK D\u00dcNYASI\"],\"inLanguage\":\"tr\"},{\"@type\":\"WebPage\",\"@id\":\"https:\/\/epochtimestr.com\/index.php\/geleneksel-turk-okculugu-unesco-listesinde\",\"url\":\"https:\/\/epochtimestr.com\/index.php\/geleneksel-turk-okculugu-unesco-listesinde\",\"name\":\"Geleneksel T\u00fcrk Ok\u00e7ulu\u011fu UNESCO Listesinde - The Epoch Times TR\",\"isPartOf\":{\"@id\":\"https:\/\/epochtimestr.com\/#website\"},\"primaryImageOfPage\":{\"@id\":\"https:\/\/epochtimestr.com\/index.php\/geleneksel-turk-okculugu-unesco-listesinde#primaryimage\"},\"image\":{\"@id\":\"https:\/\/epochtimestr.com\/index.php\/geleneksel-turk-okculugu-unesco-listesinde#primaryimage\"},\"thumbnailUrl\":\"https:\/\/epochtimestr.com\/wp-content\/uploads\/2011y\/mete-ok.png\",\"datePublished\":\"2022-07-08T14:10:39+00:00\",\"dateModified\":\"2024-08-12T09:52:16+00:00\",\"inLanguage\":\"tr\",\"potentialAction\":[{\"@type\":\"ReadAction\",\"target\":[\"https:\/\/epochtimestr.com\/index.php\/geleneksel-turk-okculugu-unesco-listesinde\"]}]},{\"@type\":\"ImageObject\",\"inLanguage\":\"tr\",\"@id\":\"https:\/\/epochtimestr.com\/index.php\/geleneksel-turk-okculugu-unesco-listesinde#primaryimage\",\"url\":\"https:\/\/epochtimestr.com\/wp-content\/uploads\/2011y\/mete-ok.png\",\"contentUrl\":\"https:\/\/epochtimestr.com\/wp-content\/uploads\/2011y\/mete-ok.png\",\"width\":1351,\"height\":533},{\"@type\":\"WebSite\",\"@id\":\"https:\/\/epochtimestr.com\/#website\",\"url\":\"https:\/\/epochtimestr.com\/\",\"name\":\"The Epoch Times TR\",\"description\":\"De\u011fi\u015fen D\u00fcnyam\u0131za Taze Bir Bak\u0131\u015f\",\"publisher\":{\"@id\":\"https:\/\/epochtimestr.com\/#organization\"},\"potentialAction\":[{\"@type\":\"SearchAction\",\"target\":{\"@type\":\"EntryPoint\",\"urlTemplate\":\"https:\/\/epochtimestr.com\/?s={search_term_string}\"},\"query-input\":\"required name=search_term_string\"}],\"inLanguage\":\"tr\"},{\"@type\":\"Organization\",\"@id\":\"https:\/\/epochtimestr.com\/#organization\",\"name\":\"The EpochTimes T\u00fcrkiye\",\"url\":\"https:\/\/epochtimestr.com\/\",\"logo\":{\"@type\":\"ImageObject\",\"inLanguage\":\"tr\",\"@id\":\"https:\/\/epochtimestr.com\/#\/schema\/logo\/image\/\",\"url\":\"https:\/\/epochtimestr.com\/wp-content\/uploads\/2011y\/ET-Logo-YG.jpg\",\"contentUrl\":\"https:\/\/epochtimestr.com\/wp-content\/uploads\/2011y\/ET-Logo-YG.jpg\",\"width\":346,\"height\":29,\"caption\":\"The EpochTimes T\u00fcrkiye\"},\"image\":{\"@id\":\"https:\/\/epochtimestr.com\/#\/schema\/logo\/image\/\"},\"sameAs\":[\"https:\/\/www.facebook.com\/theepochtimestr\",\"https:\/\/x.com\/TheEpochTimesTR\",\"https:\/\/www.instagram.com\/epochtimestr\"]},{\"@type\":\"Person\",\"@id\":\"https:\/\/epochtimestr.com\/#\/schema\/person\/3dc5c3adeb9f43923c5aa85889172fdd\",\"name\":\"Haber Merkezi\",\"image\":{\"@type\":\"ImageObject\",\"inLanguage\":\"tr\",\"@id\":\"https:\/\/epochtimestr.com\/#\/schema\/person\/image\/\",\"url\":\"https:\/\/secure.gravatar.com\/avatar\/d73f772ba5a74f28601361e17c2f93e6?s=96&d=mm&r=g\",\"contentUrl\":\"https:\/\/secure.gravatar.com\/avatar\/d73f772ba5a74f28601361e17c2f93e6?s=96&d=mm&r=g\",\"caption\":\"Haber Merkezi\"},\"url\":\"https:\/\/epochtimestr.com\/index.php\/author\/sendag\"}]}<\/script>\n<!-- \/ Yoast SEO plugin. -->","yoast_head_json":{"title":"Geleneksel T\u00fcrk Ok\u00e7ulu\u011fu UNESCO Listesinde - The Epoch Times TR","robots":{"index":"index","follow":"follow","max-snippet":"max-snippet:-1","max-image-preview":"max-image-preview:large","max-video-preview":"max-video-preview:-1"},"canonical":"https:\/\/epochtimestr.com\/index.php\/geleneksel-turk-okculugu-unesco-listesinde","og_locale":"tr_TR","og_type":"article","og_title":"Geleneksel T\u00fcrk Ok\u00e7ulu\u011fu UNESCO Listesinde - The Epoch Times TR","og_description":"Ok\u00e7ular Vakf\u0131, Geleneksel T\u00fcrk ok\u00e7ulu\u011funun UNESCO Somut Olmayan K\u00fclt\u00fcrel Miras Varl\u0131\u011f\u0131 listesine kaydedildi\u011fini duyurdu. Ok\u00e7ular Vakf\u0131&#8217;ndan yap\u0131lan a\u00e7\u0131klamada,&nbsp;K\u00fclt\u00fcr ve Turizm Bakanl\u0131\u011f\u0131&nbsp;Ara\u015ft\u0131rma ve E\u011fitim Daire Ba\u015fkanl\u0131\u011f\u0131 i\u015f birli\u011fi ile y\u00fcr\u00fct\u00fclen \u00e7al\u0131\u015fma kapsam\u0131nda, ok\u00e7ulu\u011fun listeye T\u00fcrkiye&#8217;nin 11. de\u011feri olarak kaydedildi\u011fi belirtildi.Geleneksel T\u00fcrk ok\u00e7ulu\u011funun&nbsp;ayr\u0131ca bu alanda d\u00fcnyan\u0131n ilk de\u011feri olarak al\u0131nd\u0131\u011f\u0131 da vurguland\u0131.Ok\u00e7ular Vakf\u0131,&nbsp;Fransa&#8217;n\u0131n ba\u015fkenti Paris&#8217;teki &#8216;Somut Olmayan [&hellip;]","og_url":"https:\/\/epochtimestr.com\/index.php\/geleneksel-turk-okculugu-unesco-listesinde","og_site_name":"The Epoch Times TR","article_publisher":"https:\/\/www.facebook.com\/theepochtimestr","article_published_time":"2022-07-08T14:10:39+00:00","article_modified_time":"2024-08-12T09:52:16+00:00","og_image":[{"width":1351,"height":533,"url":"https:\/\/epochtimestr.com\/wp-content\/uploads\/2011y\/mete-ok.png","type":"image\/png"}],"author":"Haber Merkezi","twitter_card":"summary_large_image","twitter_creator":"@TheEpochTimesTR","twitter_site":"@TheEpochTimesTR","twitter_misc":{"Yazan:":"Haber Merkezi","Tahmini okuma s\u00fcresi":"1 dakika"},"schema":{"@context":"https:\/\/schema.org","@graph":[{"@type":"Article","@id":"https:\/\/epochtimestr.com\/index.php\/geleneksel-turk-okculugu-unesco-listesinde#article","isPartOf":{"@id":"https:\/\/epochtimestr.com\/index.php\/geleneksel-turk-okculugu-unesco-listesinde"},"author":{"name":"Haber Merkezi","@id":"https:\/\/epochtimestr.com\/#\/schema\/person\/3dc5c3adeb9f43923c5aa85889172fdd"},"headline":"Geleneksel T\u00fcrk Ok\u00e7ulu\u011fu UNESCO Listesinde","datePublished":"2022-07-08T14:10:39+00:00","dateModified":"2024-08-12T09:52:16+00:00","mainEntityOfPage":{"@id":"https:\/\/epochtimestr.com\/index.php\/geleneksel-turk-okculugu-unesco-listesinde"},"wordCount":246,"publisher":{"@id":"https:\/\/epochtimestr.com\/#organization"},"image":{"@id":"https:\/\/epochtimestr.com\/index.php\/geleneksel-turk-okculugu-unesco-listesinde#primaryimage"},"thumbnailUrl":"https:\/\/epochtimestr.com\/wp-content\/uploads\/2011y\/mete-ok.png","articleSection":["G\u00dcNDEM","Man\u015fet","T\u00dcRK D\u00dcNYASI"],"inLanguage":"tr"},{"@type":"WebPage","@id":"https:\/\/epochtimestr.com\/index.php\/geleneksel-turk-okculugu-unesco-listesinde","url":"https:\/\/epochtimestr.com\/index.php\/geleneksel-turk-okculugu-unesco-listesinde","name":"Geleneksel T\u00fcrk Ok\u00e7ulu\u011fu UNESCO Listesinde - The Epoch Times TR","isPartOf":{"@id":"https:\/\/epochtimestr.com\/#website"},"primaryImageOfPage":{"@id":"https:\/\/epochtimestr.com\/index.php\/geleneksel-turk-okculugu-unesco-listesinde#primaryimage"},"image":{"@id":"https:\/\/epochtimestr.com\/index.php\/geleneksel-turk-okculugu-unesco-listesinde#primaryimage"},"thumbnailUrl":"https:\/\/epochtimestr.com\/wp-content\/uploads\/2011y\/mete-ok.png","datePublished":"2022-07-08T14:10:39+00:00","dateModified":"2024-08-12T09:52:16+00:00","inLanguage":"tr","potentialAction":[{"@type":"ReadAction","target":["https:\/\/epochtimestr.com\/index.php\/geleneksel-turk-okculugu-unesco-listesinde"]}]},{"@type":"ImageObject","inLanguage":"tr","@id":"https:\/\/epochtimestr.com\/index.php\/geleneksel-turk-okculugu-unesco-listesinde#primaryimage","url":"https:\/\/epochtimestr.com\/wp-content\/uploads\/2011y\/mete-ok.png","contentUrl":"https:\/\/epochtimestr.com\/wp-content\/uploads\/2011y\/mete-ok.png","width":1351,"height":533},{"@type":"WebSite","@id":"https:\/\/epochtimestr.com\/#website","url":"https:\/\/epochtimestr.com\/","name":"The Epoch Times TR","description":"De\u011fi\u015fen D\u00fcnyam\u0131za Taze Bir Bak\u0131\u015f","publisher":{"@id":"https:\/\/epochtimestr.com\/#organization"},"potentialAction":[{"@type":"SearchAction","target":{"@type":"EntryPoint","urlTemplate":"https:\/\/epochtimestr.com\/?s={search_term_string}"},"query-input":"required name=search_term_string"}],"inLanguage":"tr"},{"@type":"Organization","@id":"https:\/\/epochtimestr.com\/#organization","name":"The EpochTimes T\u00fcrkiye","url":"https:\/\/epochtimestr.com\/","logo":{"@type":"ImageObject","inLanguage":"tr","@id":"https:\/\/epochtimestr.com\/#\/schema\/logo\/image\/","url":"https:\/\/epochtimestr.com\/wp-content\/uploads\/2011y\/ET-Logo-YG.jpg","contentUrl":"https:\/\/epochtimestr.com\/wp-content\/uploads\/2011y\/ET-Logo-YG.jpg","width":346,"height":29,"caption":"The EpochTimes T\u00fcrkiye"},"image":{"@id":"https:\/\/epochtimestr.com\/#\/schema\/logo\/image\/"},"sameAs":["https:\/\/www.facebook.com\/theepochtimestr","https:\/\/x.com\/TheEpochTimesTR","https:\/\/www.instagram.com\/epochtimestr"]},{"@type":"Person","@id":"https:\/\/epochtimestr.com\/#\/schema\/person\/3dc5c3adeb9f43923c5aa85889172fdd","name":"Haber Merkezi","image":{"@type":"ImageObject","inLanguage":"tr","@id":"https:\/\/epochtimestr.com\/#\/schema\/person\/image\/","url":"https:\/\/secure.gravatar.com\/avatar\/d73f772ba5a74f28601361e17c2f93e6?s=96&d=mm&r=g","contentUrl":"https:\/\/secure.gravatar.com\/avatar\/d73f772ba5a74f28601361e17c2f93e6?s=96&d=mm&r=g","caption":"Haber Merkezi"},"url":"https:\/\/epochtimestr.com\/index.php\/author\/sendag"}]}},"_links":{"self":[{"href":"https:\/\/epochtimestr.com\/index.php\/wp-json\/wp\/v2\/posts\/139535"}],"collection":[{"href":"https:\/\/epochtimestr.com\/index.php\/wp-json\/wp\/v2\/posts"}],"about":[{"href":"https:\/\/epochtimestr.com\/index.php\/wp-json\/wp\/v2\/types\/post"}],"author":[{"embeddable":true,"href":"https:\/\/epochtimestr.com\/index.php\/wp-json\/wp\/v2\/users\/12791"}],"replies":[{"embeddable":true,"href":"https:\/\/epochtimestr.com\/index.php\/wp-json\/wp\/v2\/comments?post=139535"}],"version-history":[{"count":2,"href":"https:\/\/epochtimestr.com\/index.php\/wp-json\/wp\/v2\/posts\/139535\/revisions"}],"predecessor-version":[{"id":139537,"href":"https:\/\/epochtimestr.com\/index.php\/wp-json\/wp\/v2\/posts\/139535\/revisions\/139537"}],"wp:featuredmedia":[{"embeddable":true,"href":"https:\/\/epochtimestr.com\/index.php\/wp-json\/wp\/v2\/media\/136009"}],"wp:attachment":[{"href":"https:\/\/epochtimestr.com\/index.php\/wp-json\/wp\/v2\/media?parent=139535"}],"wp:term":[{"taxonomy":"category","embeddable":true,"href":"https:\/\/epochtimestr.com\/index.php\/wp-json\/wp\/v2\/categories?post=139535"},{"taxonomy":"post_tag","embeddable":true,"href":"https:\/\/epochtimestr.com\/index.php\/wp-json\/wp\/v2\/tags?post=139535"}],"curies":[{"name":"wp","href":"https:\/\/api.w.org\/{rel}","templated":true}]}}