{"id":140426,"date":"2022-08-26T20:12:44","date_gmt":"2022-08-26T17:12:44","guid":{"rendered":"https:\/\/epochtimestr.com\/?p=140426"},"modified":"2022-08-26T20:12:48","modified_gmt":"2022-08-26T17:12:48","slug":"unlu-sarkici-gulsenin-ozur-mesaji","status":"publish","type":"post","link":"https:\/\/epochtimestr.com\/index.php\/unlu-sarkici-gulsenin-ozur-mesaji","title":{"rendered":"\u00dcnl\u00fc \u015eark\u0131c\u0131 G\u00fcl\u015fen&#8217;in \u00d6z\u00fcr Mesaj\u0131"},"content":{"rendered":"\n<div class=\"wp-block-image\"><figure class=\"aligncenter size-large\"><img loading=\"lazy\" decoding=\"async\" width=\"600\" height=\"373\" src=\"https:\/\/epochtimestr.com\/wp-content\/uploads\/2011y\/Gulsen-Twitter1-600x373.jpg\" alt=\"\" class=\"wp-image-140429\" srcset=\"https:\/\/epochtimestr.com\/wp-content\/uploads\/2011y\/Gulsen-Twitter1-600x373.jpg 600w, https:\/\/epochtimestr.com\/wp-content\/uploads\/2011y\/Gulsen-Twitter1-300x186.jpg 300w, https:\/\/epochtimestr.com\/wp-content\/uploads\/2011y\/Gulsen-Twitter1-150x93.jpg 150w, https:\/\/epochtimestr.com\/wp-content\/uploads\/2011y\/Gulsen-Twitter1-768x477.jpg 768w, https:\/\/epochtimestr.com\/wp-content\/uploads\/2011y\/Gulsen-Twitter1.jpg 827w\" sizes=\"(max-width: 600px) 100vw, 600px\" \/><\/figure><\/div>\n\n\n\n<h2 class=\"wp-block-heading\">\u00dcnl\u00fc \u015fark\u0131c\u0131 G\u00fcl\u015fen, \u0130mam Hatipliler i\u00e7in sarf etti\u011fi s\u00f6zleri \u00fczerine tepki almas\u0131yla, s\u00f6zlerini kutupla\u015ft\u0131r\u0131ld\u0131\u011f\u0131n\u0131 belirterek \u00f6z\u00fcr diledi ve  bunu anlatmak i\u00e7in ba\u015fka bir dil bulaca\u011f\u0131n\u0131 belirtti.<\/h2>\n\n\n\n<p>\u00dcnl\u00fc \u015fark\u0131c\u0131 G\u00fcl\u015fen \u0130mam Hatip Liselilere y\u00f6elik sarf etti\u011fi s\u00f6zler nedeniyle hakk\u0131nda TCK&#8217;nin 216. maddesi kapsam\u0131nda &#8220;halk\u0131 kin ve d\u00fc\u015fmanl\u0131\u011fa tahrik veya a\u015fa\u011f\u0131lama&#8221; su\u00e7undan resen soru\u015fturma ba\u015flat\u0131ld\u0131. \u015eark\u0131c\u0131 ard\u0131ndan g\u00f6zalt\u0131na al\u0131narak \u00e7ok ge\u00e7meden tutukland\u0131.<\/p>\n\n\n\n<p>G\u00fcl\u015fen nisan ay\u0131nda ald\u0131\u011f\u0131 sahnede bir kesit d\u00fcn ak\u015fam sosyal medyada payla\u015f\u0131ld\u0131. G\u00fcl\u015fen&#8217;in bir ki\u015fi hakk\u0131nda, &#8220;\u0130mam hatipte okumu\u015f daha \u00f6nce kendisi, sap\u0131kl\u0131\u011f\u0131 oradan geliyor&#8221; ifadelerini kulland\u0131\u011f\u0131 g\u00f6r\u00fcld\u00fc.<\/p>\n\n\n\n<p>Bunun \u00fczerine g\u00f6zalt\u0131na al\u0131nan G\u00fcl\u015fen, bu k\u0131sa g\u00f6r\u00fcnt\u00fcn\u00fcn yanl\u0131\u015f taraflara \u00e7ekildi\u011fini ve provokatif ama\u00e7la payla\u015f\u0131ld\u0131\u011f\u0131n\u0131 d\u00fc\u015f\u00fcnd\u00fc\u011f\u00fcn\u00fc belirtti.<\/p>\n\n\n\n<p>\u015eark\u0131c\u0131 G\u00fcl\u015fen, ifadesinde su\u00e7lamalar\u0131 kabul etmedi. Grubunda Mira\u00e7 adl\u0131 m\u00fczisyenin \u201cimam\u201d lakab\u0131 oldu\u011funu belirten G\u00fcl\u015fen, aralar\u0131nda ge\u00e7en bir konu\u015fma dolay\u0131s\u0131yla su\u00e7 i\u015fleme kast\u0131n\u0131n olmad\u0131\u011f\u0131n\u0131 savundu.<\/p>\n\n\n\n<p>G\u00fcl\u015fen a\u00e7\u0131klamas\u0131nda;<\/p>\n\n\n\n<p>&#8220;Bu k\u0131sa g\u00f6r\u00fcnt\u00fc aylar sonra kim taraf\u0131ndan, ne ama\u00e7la servis edildi bilmiyorum. Ancak provokatif ama\u00e7l\u0131 olarak servis edildi\u011fini d\u00fc\u015f\u00fcn\u00fcyorum. Ben imam hatiplileri ya da \u00fclkemizin bir k\u0131sm\u0131n\u0131 k\u00f6t\u00fclemek, onlara hakaret etmek amac\u0131yla asla bu konu\u015fmay\u0131 yapmad\u0131m. \u00dclkenin t\u00fcm de\u011ferlerine ve hassasiyetlerine sayg\u0131m sonsuzdur. Kesinlike at\u0131l\u0131 su\u00e7lamay\u0131 kabul etmiyorum. Ayr\u0131ca ya\u015fanan olay\u0131n zamans\u0131z bir yerde ger\u00e7ekle\u015fmesi talihsizliktir.\u201d s\u00f6zlerini kulland\u0131.<\/p>\n\n\n\n<p>G\u00fcl\u015fen, ifadesinde \u015funlar\u0131 s\u00f6yledi:<\/p>\n\n\n\n<p>\u201cBen 25 y\u0131ll\u0131k sanat\u00e7\u0131y\u0131m. Benim m\u00fczisyen \u00e7al\u0131\u015fma arkada\u015flar\u0131m var. Bu grupla birlikte konserlerde sahne al\u0131r\u0131m. Benim kadromda klavye m\u00fczisyeni olarak yer alan \u201cMira\u00e7\u201d isimli arkada\u015f\u0131m\u0131n lakab\u0131 \u201cimamd\u0131r\u201d. Arkada\u015flarla kendi aram\u0131zda \u2018aptal, salak, sap\u0131k&#8217; olarak \u015fakala\u015f\u0131r\u0131z. Talihsizlik olarak bu iki kelime bir araya gelmi\u015ftir. Arkada\u015f\u0131m\u0131z imam hatipte okumam\u0131\u015ft\u0131r. Mira\u00e7&#8217;\u0131n soy ismini ve ileti\u015fimini hat\u0131rlam\u0131yorum. Grupta t\u00fcm arkada\u015flar\u0131m\u0131n lakab\u0131 mevcuttur.<\/p>\n\n\n\n<p>Bu konu\u015fma, konserin hat\u0131rlamad\u0131\u011f\u0131m bir a\u015famas\u0131nda muhtemelen \u015fark\u0131 aras\u0131nda Mira\u00e7 ile aram\u0131zda ge\u00e7en bir konu\u015fmad\u0131r. Ben orkestrama hitaben \u201cbeni seyircilerinin aras\u0131nda omuzlar\u0131n\u0131zda ta\u015f\u0131y\u0131n\u201d demem \u00fczerine bana orkestra aras\u0131ndan \u201cseni imam ta\u015f\u0131s\u0131n\u201d \u015feklinde cevap gelince bahse konu konu\u015fma Mira\u00e7&#8217;la aram\u0131zda ge\u00e7mi\u015ftir. Bu konu\u015fma konsere kat\u0131lanlara ya da medyaya hitaben yapt\u0131\u011f\u0131m bir konu\u015fma de\u011fildir. Ben \u00fclkesini seven, f\u0131rsat e\u015fitli\u011fine inanan, kimseyi ay\u0131r\u0131p \u00f6rselemeyen bir sanat\u00e7\u0131y\u0131m.&#8221;<\/p>\n\n\n\n<p>\u0130mam hatiplileri k\u00f6t\u00fclemek i\u00e7in bu konu\u015fmay\u0131 yapmad\u0131\u011f\u0131n\u0131 s\u00f6yleyen G\u00fcl\u015fen, \u201c\u00dclkenin t\u00fcm de\u011ferlerine ve hassasiyetlerine sayg\u0131m sonsuzdur. Kesinlikle at\u0131l\u0131 su\u00e7lamay\u0131 kabul etmiyorum. Ayr\u0131ca ya\u015fanan olay\u0131n zamans\u0131z bir yerde ger\u00e7ekle\u015fmesi talihsizliktir.Ben memleketimin b\u00fct\u00fcnl\u00fc\u011f\u00fcn\u00fc din, dili \u0131rk hi\u00e7bir \u015fekilde kategorize etmeden \u00fclkemin b\u00fct\u00fcnl\u00fc\u011f\u00fcn\u00fc ve refah\u0131n\u0131 g\u00f6rmek i\u00e7in m\u00fccadele ediyorum. En yak\u0131n arkada\u015f\u0131ma yapt\u0131\u011f\u0131m esprinin insanlar\u0131 k\u0131\u015fk\u0131rt\u0131c\u0131 bir \u015fekilde yorumlanmas\u0131n\u0131 kabul etmiyorum. Ben y\u0131llard\u0131r tan\u0131nan bir insan\u0131m. \u015eu ana kadar meslek hayat\u0131mda herhangi bir grubu veya insan\u0131 ay\u0131rt ya da kategorize etmedim. \u015eakala\u015fman\u0131n herhangi bir gruba y\u00f6nelik nefret i\u00e7erikli olarak alg\u0131lanmas\u0131 beni \u00e7ok \u00fczm\u00fc\u015ft\u00fcr\u201d dedi.G\u00fcl\u015fen\u2019in hakimlik sorgusunda verdi\u011fi ifadede de emniyet ve savc\u0131l\u0131kta verdi\u011fi ifadeyi tekrar etti\u011fini s\u00f6yleyerek, \u201cBana ihtiyac\u0131 olan bir \u00e7ocu\u011fum var. Ben su\u00e7 i\u015flemedim. Bana ihtiya\u00e7 olunan her an gelebilirim. Tutuksuz yarg\u0131lanmak istiyorum. \u00dczerime at\u0131l\u0131 su\u00e7lamay\u0131 kabul etmiyorum. Serbest b\u0131rak\u0131lmay\u0131 talep ediyorum\u201d dedi.<\/p>\n\n\n\n<p>G\u00fcl\u015fen sosyal medya hesab\u0131ndan \u015fu payla\u015f\u0131m\u0131 yapt\u0131, &#8220;Uzun y\u0131llard\u0131r birlikte \u00e7al\u0131\u015ft\u0131\u011f\u0131m \u00e7al\u0131\u015fma arkada\u015flar\u0131m ile i\u015f ve \u00e7al\u0131\u015fma ortam\u0131nda yapm\u0131\u015f oldu\u011fum bir espri toplumu kutupla\u015ft\u0131rmay\u0131 hedefleyen kimseler taraf\u0131ndan \u00f6ne \u00e7\u0131kar\u0131larak yay\u0131nlanm\u0131\u015ft\u0131r. S\u00f6zlerimin \u00fclkemizdeki kutupla\u015ft\u0131rmay\u0131 hedefleyen k\u00f6t\u00fc niyetli kimselere malzeme vermi\u015f olmas\u0131ndan dolay\u0131 \u00fczg\u00fcn\u00fcm. \u0130nand\u0131\u011f\u0131m \u00f6zg\u00fcrl\u00fc\u011f\u00fc savunurken, ele\u015ftirdi\u011fim radikal uca kendimin savruldu\u011funu g\u00f6r\u00fcyorum. Videodaki s\u00f6ylemimden rahats\u0131zl\u0131k duyan ve incinen herkesten \u00f6z\u00fcr diliyorum. Daha ba\u015fka bir dil bulmal\u0131yd\u0131m; bulaca\u011f\u0131m.&#8221;<\/p>\n","protected":false},"excerpt":{"rendered":"<p>\u00dcnl\u00fc \u015fark\u0131c\u0131 G\u00fcl\u015fen, \u0130mam Hatipliler i\u00e7in sarf etti\u011fi s\u00f6zleri \u00fczerine tepki almas\u0131yla, s\u00f6zlerini kutupla\u015ft\u0131r\u0131ld\u0131\u011f\u0131n\u0131 belirterek \u00f6z\u00fcr diledi ve bunu anlatmak i\u00e7in ba\u015fka bir dil bulaca\u011f\u0131n\u0131 belirtti. \u00dcnl\u00fc \u015fark\u0131c\u0131 G\u00fcl\u015fen \u0130mam Hatip Liselilere y\u00f6elik sarf etti\u011fi s\u00f6zler nedeniyle hakk\u0131nda TCK&#8217;nin 216. maddesi kapsam\u0131nda &#8220;halk\u0131 kin ve d\u00fc\u015fmanl\u0131\u011fa tahrik veya a\u015fa\u011f\u0131lama&#8221; su\u00e7undan resen soru\u015fturma ba\u015flat\u0131ld\u0131. \u015eark\u0131c\u0131 ard\u0131ndan [&hellip;]<\/p>\n","protected":false},"author":12791,"featured_media":140429,"comment_status":"closed","ping_status":"open","sticky":false,"template":"","format":"standard","meta":{"_yoast_wpseo_focuskw":"","_yoast_wpseo_title":"","_yoast_wpseo_metadesc":"","_bbp_topic_count":0,"_bbp_reply_count":0,"_bbp_total_topic_count":0,"_bbp_total_reply_count":0,"_bbp_voice_count":0,"_bbp_anonymous_reply_count":0,"_bbp_topic_count_hidden":0,"_bbp_reply_count_hidden":0,"_bbp_forum_subforum_count":0,"footnotes":"","_yoast_wpseo_focuskw_text_input":""},"categories":[1,37],"tags":[],"yoast_head":"<!-- This site is optimized with the Yoast SEO plugin v23.0 - https:\/\/yoast.com\/wordpress\/plugins\/seo\/ -->\n<title>\u00dcnl\u00fc \u015eark\u0131c\u0131 G\u00fcl\u015fen&#039;in \u00d6z\u00fcr Mesaj\u0131 - The Epoch Times TR<\/title>\n<meta name=\"robots\" content=\"index, follow, max-snippet:-1, max-image-preview:large, max-video-preview:-1\" \/>\n<link rel=\"canonical\" href=\"https:\/\/epochtimestr.com\/index.php\/unlu-sarkici-gulsenin-ozur-mesaji\" \/>\n<meta property=\"og:locale\" content=\"tr_TR\" \/>\n<meta property=\"og:type\" content=\"article\" \/>\n<meta property=\"og:title\" content=\"\u00dcnl\u00fc \u015eark\u0131c\u0131 G\u00fcl\u015fen&#039;in \u00d6z\u00fcr Mesaj\u0131 - The Epoch Times TR\" \/>\n<meta property=\"og:description\" content=\"\u00dcnl\u00fc \u015fark\u0131c\u0131 G\u00fcl\u015fen, \u0130mam Hatipliler i\u00e7in sarf etti\u011fi s\u00f6zleri \u00fczerine tepki almas\u0131yla, s\u00f6zlerini kutupla\u015ft\u0131r\u0131ld\u0131\u011f\u0131n\u0131 belirterek \u00f6z\u00fcr diledi ve bunu anlatmak i\u00e7in ba\u015fka bir dil bulaca\u011f\u0131n\u0131 belirtti. \u00dcnl\u00fc \u015fark\u0131c\u0131 G\u00fcl\u015fen \u0130mam Hatip Liselilere y\u00f6elik sarf etti\u011fi s\u00f6zler nedeniyle hakk\u0131nda TCK&#8217;nin 216. maddesi kapsam\u0131nda &#8220;halk\u0131 kin ve d\u00fc\u015fmanl\u0131\u011fa tahrik veya a\u015fa\u011f\u0131lama&#8221; su\u00e7undan resen soru\u015fturma ba\u015flat\u0131ld\u0131. \u015eark\u0131c\u0131 ard\u0131ndan [&hellip;]\" \/>\n<meta property=\"og:url\" content=\"https:\/\/epochtimestr.com\/index.php\/unlu-sarkici-gulsenin-ozur-mesaji\" \/>\n<meta property=\"og:site_name\" content=\"The Epoch Times TR\" \/>\n<meta property=\"article:publisher\" content=\"https:\/\/www.facebook.com\/theepochtimestr\" \/>\n<meta property=\"article:published_time\" content=\"2022-08-26T17:12:44+00:00\" \/>\n<meta property=\"article:modified_time\" content=\"2022-08-26T17:12:48+00:00\" \/>\n<meta property=\"og:image\" content=\"https:\/\/epochtimestr.com\/wp-content\/uploads\/2011y\/Gulsen-Twitter1.jpg\" \/>\n\t<meta property=\"og:image:width\" content=\"827\" \/>\n\t<meta property=\"og:image:height\" content=\"514\" \/>\n\t<meta property=\"og:image:type\" content=\"image\/jpeg\" \/>\n<meta name=\"author\" content=\"Haber Merkezi\" \/>\n<meta name=\"twitter:card\" content=\"summary_large_image\" \/>\n<meta name=\"twitter:creator\" content=\"@TheEpochTimesTR\" \/>\n<meta name=\"twitter:site\" content=\"@TheEpochTimesTR\" \/>\n<meta name=\"twitter:label1\" content=\"Yazan:\" \/>\n\t<meta name=\"twitter:data1\" content=\"Haber Merkezi\" \/>\n\t<meta name=\"twitter:label2\" content=\"Tahmini okuma s\u00fcresi\" \/>\n\t<meta name=\"twitter:data2\" content=\"3 dakika\" \/>\n<script type=\"application\/ld+json\" class=\"yoast-schema-graph\">{\"@context\":\"https:\/\/schema.org\",\"@graph\":[{\"@type\":\"Article\",\"@id\":\"https:\/\/epochtimestr.com\/index.php\/unlu-sarkici-gulsenin-ozur-mesaji#article\",\"isPartOf\":{\"@id\":\"https:\/\/epochtimestr.com\/index.php\/unlu-sarkici-gulsenin-ozur-mesaji\"},\"author\":{\"name\":\"Haber Merkezi\",\"@id\":\"https:\/\/epochtimestr.com\/#\/schema\/person\/3dc5c3adeb9f43923c5aa85889172fdd\"},\"headline\":\"\u00dcnl\u00fc \u015eark\u0131c\u0131 G\u00fcl\u015fen&#8217;in \u00d6z\u00fcr Mesaj\u0131\",\"datePublished\":\"2022-08-26T17:12:44+00:00\",\"dateModified\":\"2022-08-26T17:12:48+00:00\",\"mainEntityOfPage\":{\"@id\":\"https:\/\/epochtimestr.com\/index.php\/unlu-sarkici-gulsenin-ozur-mesaji\"},\"wordCount\":818,\"publisher\":{\"@id\":\"https:\/\/epochtimestr.com\/#organization\"},\"image\":{\"@id\":\"https:\/\/epochtimestr.com\/index.php\/unlu-sarkici-gulsenin-ozur-mesaji#primaryimage\"},\"thumbnailUrl\":\"https:\/\/epochtimestr.com\/wp-content\/uploads\/2011y\/Gulsen-Twitter1.jpg\",\"articleSection\":[\"G\u00dcNDEM\",\"T\u00dcRK\u0130YE\"],\"inLanguage\":\"tr\"},{\"@type\":\"WebPage\",\"@id\":\"https:\/\/epochtimestr.com\/index.php\/unlu-sarkici-gulsenin-ozur-mesaji\",\"url\":\"https:\/\/epochtimestr.com\/index.php\/unlu-sarkici-gulsenin-ozur-mesaji\",\"name\":\"\u00dcnl\u00fc \u015eark\u0131c\u0131 G\u00fcl\u015fen'in \u00d6z\u00fcr Mesaj\u0131 - The Epoch Times TR\",\"isPartOf\":{\"@id\":\"https:\/\/epochtimestr.com\/#website\"},\"primaryImageOfPage\":{\"@id\":\"https:\/\/epochtimestr.com\/index.php\/unlu-sarkici-gulsenin-ozur-mesaji#primaryimage\"},\"image\":{\"@id\":\"https:\/\/epochtimestr.com\/index.php\/unlu-sarkici-gulsenin-ozur-mesaji#primaryimage\"},\"thumbnailUrl\":\"https:\/\/epochtimestr.com\/wp-content\/uploads\/2011y\/Gulsen-Twitter1.jpg\",\"datePublished\":\"2022-08-26T17:12:44+00:00\",\"dateModified\":\"2022-08-26T17:12:48+00:00\",\"inLanguage\":\"tr\",\"potentialAction\":[{\"@type\":\"ReadAction\",\"target\":[\"https:\/\/epochtimestr.com\/index.php\/unlu-sarkici-gulsenin-ozur-mesaji\"]}]},{\"@type\":\"ImageObject\",\"inLanguage\":\"tr\",\"@id\":\"https:\/\/epochtimestr.com\/index.php\/unlu-sarkici-gulsenin-ozur-mesaji#primaryimage\",\"url\":\"https:\/\/epochtimestr.com\/wp-content\/uploads\/2011y\/Gulsen-Twitter1.jpg\",\"contentUrl\":\"https:\/\/epochtimestr.com\/wp-content\/uploads\/2011y\/Gulsen-Twitter1.jpg\",\"width\":827,\"height\":514},{\"@type\":\"WebSite\",\"@id\":\"https:\/\/epochtimestr.com\/#website\",\"url\":\"https:\/\/epochtimestr.com\/\",\"name\":\"The Epoch Times TR\",\"description\":\"De\u011fi\u015fen D\u00fcnyam\u0131za Taze Bir Bak\u0131\u015f\",\"publisher\":{\"@id\":\"https:\/\/epochtimestr.com\/#organization\"},\"potentialAction\":[{\"@type\":\"SearchAction\",\"target\":{\"@type\":\"EntryPoint\",\"urlTemplate\":\"https:\/\/epochtimestr.com\/?s={search_term_string}\"},\"query-input\":\"required name=search_term_string\"}],\"inLanguage\":\"tr\"},{\"@type\":\"Organization\",\"@id\":\"https:\/\/epochtimestr.com\/#organization\",\"name\":\"The EpochTimes T\u00fcrkiye\",\"url\":\"https:\/\/epochtimestr.com\/\",\"logo\":{\"@type\":\"ImageObject\",\"inLanguage\":\"tr\",\"@id\":\"https:\/\/epochtimestr.com\/#\/schema\/logo\/image\/\",\"url\":\"https:\/\/epochtimestr.com\/wp-content\/uploads\/2011y\/ET-Logo-YG.jpg\",\"contentUrl\":\"https:\/\/epochtimestr.com\/wp-content\/uploads\/2011y\/ET-Logo-YG.jpg\",\"width\":346,\"height\":29,\"caption\":\"The EpochTimes T\u00fcrkiye\"},\"image\":{\"@id\":\"https:\/\/epochtimestr.com\/#\/schema\/logo\/image\/\"},\"sameAs\":[\"https:\/\/www.facebook.com\/theepochtimestr\",\"https:\/\/x.com\/TheEpochTimesTR\",\"https:\/\/www.instagram.com\/epochtimestr\"]},{\"@type\":\"Person\",\"@id\":\"https:\/\/epochtimestr.com\/#\/schema\/person\/3dc5c3adeb9f43923c5aa85889172fdd\",\"name\":\"Haber Merkezi\",\"image\":{\"@type\":\"ImageObject\",\"inLanguage\":\"tr\",\"@id\":\"https:\/\/epochtimestr.com\/#\/schema\/person\/image\/\",\"url\":\"https:\/\/secure.gravatar.com\/avatar\/d73f772ba5a74f28601361e17c2f93e6?s=96&d=mm&r=g\",\"contentUrl\":\"https:\/\/secure.gravatar.com\/avatar\/d73f772ba5a74f28601361e17c2f93e6?s=96&d=mm&r=g\",\"caption\":\"Haber Merkezi\"},\"url\":\"https:\/\/epochtimestr.com\/index.php\/author\/sendag\"}]}<\/script>\n<!-- \/ Yoast SEO plugin. -->","yoast_head_json":{"title":"\u00dcnl\u00fc \u015eark\u0131c\u0131 G\u00fcl\u015fen'in \u00d6z\u00fcr Mesaj\u0131 - The Epoch Times TR","robots":{"index":"index","follow":"follow","max-snippet":"max-snippet:-1","max-image-preview":"max-image-preview:large","max-video-preview":"max-video-preview:-1"},"canonical":"https:\/\/epochtimestr.com\/index.php\/unlu-sarkici-gulsenin-ozur-mesaji","og_locale":"tr_TR","og_type":"article","og_title":"\u00dcnl\u00fc \u015eark\u0131c\u0131 G\u00fcl\u015fen'in \u00d6z\u00fcr Mesaj\u0131 - The Epoch Times TR","og_description":"\u00dcnl\u00fc \u015fark\u0131c\u0131 G\u00fcl\u015fen, \u0130mam Hatipliler i\u00e7in sarf etti\u011fi s\u00f6zleri \u00fczerine tepki almas\u0131yla, s\u00f6zlerini kutupla\u015ft\u0131r\u0131ld\u0131\u011f\u0131n\u0131 belirterek \u00f6z\u00fcr diledi ve bunu anlatmak i\u00e7in ba\u015fka bir dil bulaca\u011f\u0131n\u0131 belirtti. \u00dcnl\u00fc \u015fark\u0131c\u0131 G\u00fcl\u015fen \u0130mam Hatip Liselilere y\u00f6elik sarf etti\u011fi s\u00f6zler nedeniyle hakk\u0131nda TCK&#8217;nin 216. maddesi kapsam\u0131nda &#8220;halk\u0131 kin ve d\u00fc\u015fmanl\u0131\u011fa tahrik veya a\u015fa\u011f\u0131lama&#8221; su\u00e7undan resen soru\u015fturma ba\u015flat\u0131ld\u0131. \u015eark\u0131c\u0131 ard\u0131ndan [&hellip;]","og_url":"https:\/\/epochtimestr.com\/index.php\/unlu-sarkici-gulsenin-ozur-mesaji","og_site_name":"The Epoch Times TR","article_publisher":"https:\/\/www.facebook.com\/theepochtimestr","article_published_time":"2022-08-26T17:12:44+00:00","article_modified_time":"2022-08-26T17:12:48+00:00","og_image":[{"width":827,"height":514,"url":"https:\/\/epochtimestr.com\/wp-content\/uploads\/2011y\/Gulsen-Twitter1.jpg","type":"image\/jpeg"}],"author":"Haber Merkezi","twitter_card":"summary_large_image","twitter_creator":"@TheEpochTimesTR","twitter_site":"@TheEpochTimesTR","twitter_misc":{"Yazan:":"Haber Merkezi","Tahmini okuma s\u00fcresi":"3 dakika"},"schema":{"@context":"https:\/\/schema.org","@graph":[{"@type":"Article","@id":"https:\/\/epochtimestr.com\/index.php\/unlu-sarkici-gulsenin-ozur-mesaji#article","isPartOf":{"@id":"https:\/\/epochtimestr.com\/index.php\/unlu-sarkici-gulsenin-ozur-mesaji"},"author":{"name":"Haber Merkezi","@id":"https:\/\/epochtimestr.com\/#\/schema\/person\/3dc5c3adeb9f43923c5aa85889172fdd"},"headline":"\u00dcnl\u00fc \u015eark\u0131c\u0131 G\u00fcl\u015fen&#8217;in \u00d6z\u00fcr Mesaj\u0131","datePublished":"2022-08-26T17:12:44+00:00","dateModified":"2022-08-26T17:12:48+00:00","mainEntityOfPage":{"@id":"https:\/\/epochtimestr.com\/index.php\/unlu-sarkici-gulsenin-ozur-mesaji"},"wordCount":818,"publisher":{"@id":"https:\/\/epochtimestr.com\/#organization"},"image":{"@id":"https:\/\/epochtimestr.com\/index.php\/unlu-sarkici-gulsenin-ozur-mesaji#primaryimage"},"thumbnailUrl":"https:\/\/epochtimestr.com\/wp-content\/uploads\/2011y\/Gulsen-Twitter1.jpg","articleSection":["G\u00dcNDEM","T\u00dcRK\u0130YE"],"inLanguage":"tr"},{"@type":"WebPage","@id":"https:\/\/epochtimestr.com\/index.php\/unlu-sarkici-gulsenin-ozur-mesaji","url":"https:\/\/epochtimestr.com\/index.php\/unlu-sarkici-gulsenin-ozur-mesaji","name":"\u00dcnl\u00fc \u015eark\u0131c\u0131 G\u00fcl\u015fen'in \u00d6z\u00fcr Mesaj\u0131 - The Epoch Times TR","isPartOf":{"@id":"https:\/\/epochtimestr.com\/#website"},"primaryImageOfPage":{"@id":"https:\/\/epochtimestr.com\/index.php\/unlu-sarkici-gulsenin-ozur-mesaji#primaryimage"},"image":{"@id":"https:\/\/epochtimestr.com\/index.php\/unlu-sarkici-gulsenin-ozur-mesaji#primaryimage"},"thumbnailUrl":"https:\/\/epochtimestr.com\/wp-content\/uploads\/2011y\/Gulsen-Twitter1.jpg","datePublished":"2022-08-26T17:12:44+00:00","dateModified":"2022-08-26T17:12:48+00:00","inLanguage":"tr","potentialAction":[{"@type":"ReadAction","target":["https:\/\/epochtimestr.com\/index.php\/unlu-sarkici-gulsenin-ozur-mesaji"]}]},{"@type":"ImageObject","inLanguage":"tr","@id":"https:\/\/epochtimestr.com\/index.php\/unlu-sarkici-gulsenin-ozur-mesaji#primaryimage","url":"https:\/\/epochtimestr.com\/wp-content\/uploads\/2011y\/Gulsen-Twitter1.jpg","contentUrl":"https:\/\/epochtimestr.com\/wp-content\/uploads\/2011y\/Gulsen-Twitter1.jpg","width":827,"height":514},{"@type":"WebSite","@id":"https:\/\/epochtimestr.com\/#website","url":"https:\/\/epochtimestr.com\/","name":"The Epoch Times TR","description":"De\u011fi\u015fen D\u00fcnyam\u0131za Taze Bir Bak\u0131\u015f","publisher":{"@id":"https:\/\/epochtimestr.com\/#organization"},"potentialAction":[{"@type":"SearchAction","target":{"@type":"EntryPoint","urlTemplate":"https:\/\/epochtimestr.com\/?s={search_term_string}"},"query-input":"required name=search_term_string"}],"inLanguage":"tr"},{"@type":"Organization","@id":"https:\/\/epochtimestr.com\/#organization","name":"The EpochTimes T\u00fcrkiye","url":"https:\/\/epochtimestr.com\/","logo":{"@type":"ImageObject","inLanguage":"tr","@id":"https:\/\/epochtimestr.com\/#\/schema\/logo\/image\/","url":"https:\/\/epochtimestr.com\/wp-content\/uploads\/2011y\/ET-Logo-YG.jpg","contentUrl":"https:\/\/epochtimestr.com\/wp-content\/uploads\/2011y\/ET-Logo-YG.jpg","width":346,"height":29,"caption":"The EpochTimes T\u00fcrkiye"},"image":{"@id":"https:\/\/epochtimestr.com\/#\/schema\/logo\/image\/"},"sameAs":["https:\/\/www.facebook.com\/theepochtimestr","https:\/\/x.com\/TheEpochTimesTR","https:\/\/www.instagram.com\/epochtimestr"]},{"@type":"Person","@id":"https:\/\/epochtimestr.com\/#\/schema\/person\/3dc5c3adeb9f43923c5aa85889172fdd","name":"Haber Merkezi","image":{"@type":"ImageObject","inLanguage":"tr","@id":"https:\/\/epochtimestr.com\/#\/schema\/person\/image\/","url":"https:\/\/secure.gravatar.com\/avatar\/d73f772ba5a74f28601361e17c2f93e6?s=96&d=mm&r=g","contentUrl":"https:\/\/secure.gravatar.com\/avatar\/d73f772ba5a74f28601361e17c2f93e6?s=96&d=mm&r=g","caption":"Haber Merkezi"},"url":"https:\/\/epochtimestr.com\/index.php\/author\/sendag"}]}},"_links":{"self":[{"href":"https:\/\/epochtimestr.com\/index.php\/wp-json\/wp\/v2\/posts\/140426"}],"collection":[{"href":"https:\/\/epochtimestr.com\/index.php\/wp-json\/wp\/v2\/posts"}],"about":[{"href":"https:\/\/epochtimestr.com\/index.php\/wp-json\/wp\/v2\/types\/post"}],"author":[{"embeddable":true,"href":"https:\/\/epochtimestr.com\/index.php\/wp-json\/wp\/v2\/users\/12791"}],"replies":[{"embeddable":true,"href":"https:\/\/epochtimestr.com\/index.php\/wp-json\/wp\/v2\/comments?post=140426"}],"version-history":[{"count":1,"href":"https:\/\/epochtimestr.com\/index.php\/wp-json\/wp\/v2\/posts\/140426\/revisions"}],"predecessor-version":[{"id":140430,"href":"https:\/\/epochtimestr.com\/index.php\/wp-json\/wp\/v2\/posts\/140426\/revisions\/140430"}],"wp:featuredmedia":[{"embeddable":true,"href":"https:\/\/epochtimestr.com\/index.php\/wp-json\/wp\/v2\/media\/140429"}],"wp:attachment":[{"href":"https:\/\/epochtimestr.com\/index.php\/wp-json\/wp\/v2\/media?parent=140426"}],"wp:term":[{"taxonomy":"category","embeddable":true,"href":"https:\/\/epochtimestr.com\/index.php\/wp-json\/wp\/v2\/categories?post=140426"},{"taxonomy":"post_tag","embeddable":true,"href":"https:\/\/epochtimestr.com\/index.php\/wp-json\/wp\/v2\/tags?post=140426"}],"curies":[{"name":"wp","href":"https:\/\/api.w.org\/{rel}","templated":true}]}}