{"id":140850,"date":"2022-10-10T00:31:05","date_gmt":"2022-10-09T21:31:05","guid":{"rendered":"https:\/\/epochtimestr.com\/?p=140850"},"modified":"2024-08-12T12:07:29","modified_gmt":"2024-08-12T09:07:29","slug":"turk-dunyasinin-komunizmle-imtihani-6-bolum-kurtler","status":"publish","type":"post","link":"https:\/\/epochtimestr.com\/index.php\/turk-dunyasinin-komunizmle-imtihani-6-bolum-kurtler","title":{"rendered":"T\u00fcrk D\u00fcnyas\u0131n\u0131n Kom\u00fcnizmle \u0130mtihan\u0131 6. B\u00f6l\u00fcm: &#8220;K\u00fcrtler&#8221;"},"content":{"rendered":"\n<div class=\"wp-block-image\"><figure class=\"aligncenter size-large\"><img loading=\"lazy\" decoding=\"async\" width=\"262\" height=\"400\" src=\"https:\/\/epochtimestr.com\/wp-content\/uploads\/2011y\/KurdishNoble-wikimeda-262x400.jpeg\" alt=\"\" class=\"wp-image-140854\" srcset=\"https:\/\/epochtimestr.com\/wp-content\/uploads\/2011y\/KurdishNoble-wikimeda-262x400.jpeg 262w, https:\/\/epochtimestr.com\/wp-content\/uploads\/2011y\/KurdishNoble-wikimeda-196x300.jpeg 196w, https:\/\/epochtimestr.com\/wp-content\/uploads\/2011y\/KurdishNoble-wikimeda-98x150.jpeg 98w, https:\/\/epochtimestr.com\/wp-content\/uploads\/2011y\/KurdishNoble-wikimeda.jpeg 544w\" sizes=\"(max-width: 262px) 100vw, 262px\" \/><figcaption>Geleneksel kost\u00fcmleri ve Jambiya han\u00e7eri ile Soylu bir K\u00fcrt Adam, 1880. (Wikimedia commons)<\/figcaption><\/figure><\/div>\n\n\n\n<h2 class=\"wp-block-heading\">K\u00fcrtler <strong>ve Tarihleri<\/strong><\/h2>\n\n\n\n<p>\u00d6nceki b\u00f6l\u00fcmlerde <a href=\"https:\/\/epochtimestr.com\/index.php\/turk-dunyasinin-komunizm-ile-imtihani-4-bolum-uygur-turkleri\" target=\"_blank\" rel=\"noreferrer noopener\">Uygur T\u00fcrkleri<\/a>, <a href=\"https:\/\/epochtimestr.com\/index.php\/turk-dunyasinin-komunizm-imtihani-1-bolum-ahiska-turkleri\" target=\"_blank\" rel=\"noreferrer noopener\">Ah\u0131ska T\u00fcrkleri<\/a> gibi T\u00fcrk topluluklar\u0131n\u0131n Kom\u00fcnizm alt\u0131nda ya\u015fad\u0131klar\u0131 dramlar\u0131 ele ald\u0131k, fakat burada \u00f6zelikle T\u00fcrkiye&#8217;de T\u00fcrklerden sonra en yo\u011fun olarak ya\u015fayan etnik bir grup olan K\u00fcrtleri ele alaca\u011f\u0131z.<\/p>\n\n\n\n<p>K\u00fcrtlerin kendi yaz\u0131l\u0131 tarihleri yoktur ve bu y\u00fczden elde edilen bilgilerin bir\u00e7o\u011funu farkl\u0131 milletlerin onlar hakk\u0131nda yaz\u0131ld\u0131klar\u0131ndan biliyoruz. K\u00fcrtler hakk\u0131nda bilinen ilk yaz\u0131, eski Yunancada Batlamyus Atlas\u0131nda, M.S 2 Y\u00fczy\u0131lda Gordionoros (K\u00fcrt Da\u011flar\u0131) olarak kar\u015f\u0131m\u0131za \u00e7\u0131kmaktad\u0131r.<\/p>\n\n\n\n<p>K\u00fcrtler Hint-Avrupal\u0131 bir topluluktur ve konu\u015ftuklar\u0131 bir\u00e7ok leh\u00e7e mevcuttur. Bunlar Kurman\u00e7i, Sorani, Gorani, Lurca ve Zazaki&#8217;yi kapsamaktad\u0131r. Kimi dil bilimcilere g\u00f6re, Zazaca K\u00fcrt\u00e7e de\u011fildir ve ayr\u0131 kategorize edilir. Baz\u0131 dil bilimcilere g\u00f6re, K\u00fcrt\u00e7enin Gorani Leh\u00e7esine yak\u0131n oldu\u011fu vurgulanmaktad\u0131r. Bilenen bir ger\u00e7ek ise, K\u00fcrt\u00e7e ile Fars\u00e7a&#8217;n\u0131n tam ortas\u0131nda olan bir dil olmas\u0131d\u0131r.<\/p>\n\n\n\n<p>K\u00fcrt\u00e7e ve leh\u00e7eleri y\u00fczbinlerce kelimeden olu\u015fmaktad\u0131r ve \u00e7ok zengin bir dildir. K\u00fcrt\u00e7e dili, Proto-Hint- Avrupa dilidir \u00a0ve \u00e7ok eskiye dayanmaktad\u0131r. K\u00fcrt\u00e7enin Frans\u0131zca, Rus\u00e7a gibi Avrupa dileri ile bir\u00e7ok ortak kelimeleri bulunmaktad\u0131r ve bu durum k\u00f6ken olarak eski ve tek bir dil-Ailesine mensup olduklar\u0131ndan kaynaklanmaktad\u0131r.<\/p>\n\n\n\n<p>Ara\u015ft\u0131rmac\u0131 yazar M\u00fcfit Y\u00fcksel, K\u00fcrtlerin k\u00fclt\u00fcrel ve etnik olarak Kafkas bir halk oldu\u011funu ve bu halk\u0131n sonradan \u0130ran kavimleri ile kar\u0131\u015f\u0131m\u0131ndan meydana geldi\u011fini s\u00f6ylemi\u015ftir. Kendisi \u00f6zellikle \u00c7e\u00e7en kaynaklar\u0131nda, K\u00fcrtlerin ve \u00c7e\u00e7en akrabal\u0131\u011f\u0131ndan s\u00f6z edildi\u011fini vurgulam\u0131\u015ft\u0131r. Yap\u0131lan genetik DNA ara\u015ft\u0131rmalar\u0131; K\u00fcrt halk\u0131n\u0131n Kuzey Yak\u0131n Do\u011fu b\u00f6lgesindeki baz\u0131 ortak atalardan gelen Azeri, Ermeni, G\u00fcrc\u00fc ve Yahudi halklar\u0131 ile <a href=\"http:\/\/www.khazaria.com\/genetics\/kurds.html\" target=\"_blank\" rel=\"noreferrer noopener\">genetik yak\u0131nl\u0131\u011f\u0131 oldu\u011fu saptanm\u0131\u015ft\u0131r. <\/a>(Kurdish Genetics: Abstracts and Summaries,Kevin Alan Brook)<\/p>\n\n\n\n<p>K\u00fcrtlerin Atalar\u0131n\u0131n Medler, Gutiler vs gibi \u015fu anda yok olmu\u015f topluluklar\u0131n oldu\u011funu varsayan bir\u00e7ok ara\u015ft\u0131rmac\u0131 olmu\u015ftur ve bu konu hakk\u0131nda makaleler yaz\u0131lm\u0131\u015ft\u0131r, biz burada bu konuyu ele almayaca\u011f\u0131z, \u00e7\u00fcnk\u00fc bu konuda yeterince ayd\u0131nlat\u0131c\u0131 ara\u015ft\u0131rmalar mevcut de\u011fildir.<\/p>\n\n\n\n<h2 class=\"wp-block-heading\">T\u00fcrkler ile K\u00fcrtlerin ortak Tarihi<\/h2>\n\n\n\n<p>26 A\u011fustos, 1071 Y\u0131l\u0131nda Sel\u00e7uklu H\u00fck\u00fcmdar\u0131 Sultan Alparslan, Malazgirt Meydan Muharebesinde Bizans \u0130mparatorlu\u011funu yenmi\u015ftir. Burada 10.000 K\u00fcrt Mervani askerinin, Sultan Alparslan&#8217;\u0131n\u0131n ordusuna kat\u0131ld\u0131klar\u0131n\u0131 kaynaklardan anl\u0131yoruz ve Mervani Hanedanl\u0131\u011f\u0131n bu yard\u0131m\u0131 Sultan Alparslan ve T\u00fcrklerin Anadolu&#8217;ya giri\u015fini kolayla\u015ft\u0131rd\u0131\u011f\u0131n\u0131 s\u00f6ylebiliriz. K\u00fcrtlerin ve T\u00fcrklerin bu yakla\u015fmas\u0131, iki milletin de Abbasi Halifesine ba\u011fl\u0131 olmalar\u0131ndan, yani iki milletin de M\u00fcsl\u00fcman olmas\u0131ndan kaynaklanm\u0131\u015ft\u0131r. Bu i\u015fbirli\u011fi, Kurtulu\u015f sava\u015f\u0131na kadar devam etmi\u015ftir ve Osmanl\u0131 Sultanlar\u0131 K\u00fcrtlere &#8220;Amcao\u011flu&#8221; olarak hitap etiklerini biliyoruz. Bu beraberlik sayesinde K\u00fcrtler Do\u011fu Anadolu&#8217;ya geni\u015fleyerek da\u011f\u0131lm\u0131\u015ft\u0131r ve Sel\u00e7uklu ve Osmanl\u0131 Sultanlar\u0131 Do\u011fu&#8217;da g\u00fcvenecek bir m\u00fcttefik bulmu\u015ftur kendilerine ve bu birliktelik iki halk\u0131n da lehine olmu\u015ftur.<\/p>\n\n\n\n<p>Fakat, Kurtulu\u015f Sava\u015f\u0131ndan sonra, T\u00fcrkiye Cumhuriyeti kurulduktan sonra, \u00f6zelikle Avrupa&#8217;daki baz\u0131 \u0130deolojilerin \u00fclkemize girmesinden sonra, &#8220;K\u00fcrt Sorunu&#8221; olarak adland\u0131ran problem meydan gelmi\u015ftir. Burada, Diyarbak\u0131r Cezaevi deki \u0130\u015fkencelerden tutun, K\u00fcrt\u00e7e yasa\u011f\u0131na kadar giden bir\u00e7ok uygulamalar olmu\u015ftur ve bir\u00e7ok ki\u015fi ve hatta siyaset\u00e7i bunlar\u0131n yanl\u0131\u015f oldu\u011funu vurgulam\u0131\u015ft\u0131r. Biz burada bu konuyu daha fazla irdelemek istemiyoruz, son zamanlarda \u00f6zelikle \u015fuanki h\u00fck\u00fcmet bir\u00e7ok a\u00e7\u0131l\u0131m ve kolayl\u0131klar sa\u011flam\u0131\u015ft\u0131r ve \u015fu anda K\u00fcrt\u00e7e konu\u015fulabilmektedir ve K\u00fcrt vatanda\u015flara bir\u00e7ok kolayl\u0131k sa\u011flanm\u0131\u015f ve yanl\u0131\u015f politikalardan d\u00f6n\u00fclm\u00fc\u015ft\u00fcr.<\/p>\n\n\n\n<h2 class=\"wp-block-heading\">K\u00fcrtler ve Kom\u00fcnizm<\/h2>\n\n\n\n<p>Yukar\u0131da s\u00f6z etti\u011fimiz yanl\u0131\u015f uygulamalar\u0131n ve i\u00e7 ve d\u0131\u015f mihraklar\u0131n deste\u011fi ile, Abdullah \u00d6calan \u00f6nderli\u011finde Kom\u00fcnist bir Ter\u00f6r \u00d6rg\u00fct\u00fc olan PKK kurulmu\u015ftur. PKK &#8216;n\u0131n kurulu\u015fu \u00fclkemizde bir\u00e7ok \u015fehit verilmesine sebebiyet vermi\u015ftir ve senelerdir \u00fclke ekonominse zarar vermektedir. Sadece T\u00fcrklere de\u011fil, en b\u00fcy\u00fck zarar\u0131n\u0131 ise K\u00fcrt halk\u0131na vermektedir. K\u00fcrtler Selahaddin Eyyubi&#8217;nin torunlard\u0131r ve \u00e7ok dindarlard\u0131r. B\u00f6yle bir milletin Ateizm k\u00f6kenli kom\u00fcnizmi benimsemesi veya daha do\u011frusu zorla dayat\u0131lmas\u0131 asla do\u011fru de\u011fildir.<\/p>\n\n\n\n<p>Devletimiz PKK, PYD gibi \u00f6rg\u00fctler ile sava\u015f halindedir. Fakat Irak&#8217;daki Barzani K\u00fcrt H\u00fck\u00fcmeti ile daha yak\u0131n ili\u015fkiler kurmaktad\u0131r. Buradan anl\u0131yoruz ki, Kom\u00fcnist olmayan Barzani H\u00fck\u00fcmetini ve PKK, YPG gibi \u00f6rg\u00fctleri ayn\u0131 kefeye koymamal\u0131y\u0131z. Burada PKK, YPG vs Barzani K\u00fcrt H\u00fck\u00fcmeti ile aralar\u0131n\u0131n iyi olmad\u0131\u011f\u0131n\u0131 ve Lider Mesut Barzani&#8217;nin bu Ter\u00f6r \u00d6rg\u00fct\u00fcn\u00fcn kendilerine durmadan sorun \u00e7\u0131kard\u0131\u011f\u0131n\u0131n ve onlar\u0131 reddetti\u011fini defalarca s\u00f6ylemi\u015ftir.<\/p>\n\n\n\n<p>PKK, YPG, PYD \u00f6rg\u00fctt\u00fc Gerilla sava\u015f takiti\u011fi kullanarak T\u00fcrkiye, Iran, Suriye ve Irak da ter\u00f6r faaliyetlerinde bulunmakta. Bu \u00f6rg\u00fct, K\u00fcrtlerin hakk\u0131n\u0131 savundu\u011funu iddia etmektedir ve kendisi Karl Marx ideolojisine ba\u011fl\u0131 bir Kom\u00fcnist \u00f6rg\u00fctt\u00fcr. Bir\u00e7ok genci kand\u0131r\u0131p da\u011flara \u00e7\u0131kartmakta ve orada Kom\u00fcnist ideolojisi do\u011frultusunda e\u011fitmektedir, yani Ateizmi ve s\u0131n\u0131flar \u00e7at\u0131\u015fmas\u0131n\u0131 vs \u00f6\u011fretmektedir.<\/p>\n\n\n\n<p>Daha \u00f6nce kom\u00fcnizmi bir\u00e7ok b\u00f6l\u00fcm\u00fc ile ele alm\u0131\u015ft\u0131k. Mao Zedong, Stalin gibi diktat\u00f6rleri \u00e7\u0131karan, 100 Milyon ki\u015finin \u00f6l\u00fcm\u00fcne sebebiyet veren Kom\u00fcnizmin, K\u00fcrt Halk\u0131n\u0131n kurtulu\u015fu olabilece\u011fi \u015f\u00fcphelidir. Bug\u00fcn; Kuzey Kore, Sosyalist \u00c7in H\u00fck\u00fcmeti gibi dikta rejimlerinde g\u00f6r\u00fcyoruz ki, bu \u0130deolojik zul\u00fcm ve \u00e7at\u0131\u015fmadan ba\u015fka bir \u015fey getirmemektedir.<\/p>\n\n\n\n<p>Bug\u00fcn; K\u00fcrtler, T\u00fcrkiye Cumhuriyeti ve T\u00fcrk Halk\u0131 ile bir b\u00fct\u00fcnd\u00fcr. Bir\u00e7ok T\u00fcrk ve K\u00fcrt evlili\u011fi ile birbirinden ayr\u0131lmaz akrabal\u0131klar ve ortakl\u0131klar kurulmu\u015ftur. T\u00fcrkiye Cumhuriyeti, kurulu\u015f felsefesi laik ve demokratik olarak d\u00fc\u015f\u00fcn\u00fclm\u00fc\u015ft\u00fcr ve her t\u00fcrl\u00fc etnik grubu kucaklamaktad\u0131r. Birbirine s\u0131ms\u0131k\u0131 kenetlenmek, iki milletin de \u00e7\u0131kar\u0131nad\u0131r ve 1000 y\u0131ll\u0131k ortak tarih de bunu bize g\u00f6stermi\u015ftir.<\/p>\n\n\n\n<p>Temennimiz, K\u00fcrtlerin geleneklerine, dinlerine ve \u00f6rf ve adetlerine sahip \u00e7\u0131k\u0131p, bizlere ait olmayan ve bu co\u011frafyaya ait olmayan Kom\u00fcnist k\u00fclt\u00fcrden ar\u0131nmalar\u0131d\u0131r, \u00e7\u00fcnk\u00fc g\u00f6r\u00fcld\u00fc\u011f\u00fc \u00fczere kom\u00fcnizm hi\u00e7 bir halka veya halklara fayda sa\u011flamam\u0131\u015ft\u0131r ve sa\u011flamayacakt\u0131r.<\/p>\n\n\n\n<h2 class=\"wp-block-heading\">Kom\u00fcnizmi Anlamak<\/h2>\n\n\n\n<p>20. y\u00fczy\u0131l\u0131n kom\u00fcnizm devrimleri esnas\u0131nda, yakla\u015f\u0131k 100 milyon ki\u015fi \u00f6lm\u00fc\u015ft\u00fcr. Bunlardan 20 milyonu Sovyetler Birli\u011fi, 65 milyonu \u00c7in, 1 milyonu Vietnam, 2 milyonu Kuzey Kore, 2 milyonu Kambo\u00e7ya, 1 milyonu Do\u011fu Avrupa, 1,7 milyonu Afrika ve 1,5 milyonu Afganistan vatanda\u015f\u0131ndan olu\u015fmaktayd\u0131.<\/p>\n\n\n\n<p>Kom\u00fcnizmin ortaya \u00e7\u0131kmas\u0131n\u0131n en b\u00fcy\u00fck nedenlerden biri, 1859 y\u0131l\u0131nda yay\u0131nlanan \u201cT\u00fcrlerin K\u00f6keni\u201d kitab\u0131yd\u0131. Evrim teorisinin tezleri, insanlar\u0131 ilahi kudret ve inan\u00e7lar\u0131ndan kopartmaktayd\u0131. Kom\u00fcnist Parti, Darwin teorisinin hayatta kalma m\u00fccadelesinden etkilenerek, bunun bir s\u0131n\u0131f m\u00fccadelesi gerektirdi\u011fini savundu ve \u201cm\u00fccadele\u201d kavram\u0131n\u0131 benimseyerek ilerleyen d\u00f6nemde Kom\u00fcnist Parti\u2019yi yaymak ve g\u00fcc\u00fcn\u00fc sa\u011flamla\u015ft\u0131rmak i\u00e7in daima sava\u015ftan yana oldu. Ekonomik olarak herkesin e\u015fit olmas\u0131 gerekti\u011fini savunduklar\u0131 i\u00e7in de h\u0131zl\u0131 bir \u015fekilde bir\u00e7ok takip\u00e7ileri olmu\u015ftur.<\/p>\n\n\n\n<p>Kom\u00fcnist hareketin kendisi asl\u0131nda, 19. y\u00fczy\u0131l\u0131n Avrupa i\u015f\u00e7i hareketinden gelmekteydi. Teorik altyap\u0131s\u0131 ise Karl Marx\u2019\u0131n: \u201cDas Kapital\u201d ve \u201cKom\u00fcnist Manifestosu\u201d eserleriydi. 1917 y\u0131l\u0131nda, Rus Kom\u00fcnist Partisi\u2019nin kurulmas\u0131ndan sonra, s\u0131rayla bir\u00e7ok \u00fclkede kom\u00fcnist devletler kuruldu. Onlar kanl\u0131 devrimler ve \u015fiddetli i\u00e7 \u00e7at\u0131\u015fmalar sayesinde d\u00fcnyam\u0131zda kendilerine yer edindiler.<\/p>\n\n\n\n<p>G\u00fczel olan\u0131 hedeflemek ve orta yolu bulmak insan do\u011fas\u0131nda vard\u0131r, fakat kom\u00fcnizm; s\u0131n\u0131flar \u00e7at\u0131\u015fmas\u0131n\u0131, inan\u00e7s\u0131zl\u0131\u011f\u0131, nefret ve kini dayatm\u0131\u015ft\u0131r. Bu ideoloji inanc\u0131, binlerce senelik k\u00fclt\u00fcr\u00fc ve gelenekleri yok etmi\u015f ve bu da insanl\u0131\u011f\u0131 bir felakete do\u011fru itmi\u015ftir.<\/p>\n\n\n\n<p>Marx\u2019\u0131n, \u201cDin halk\u0131n afyonudur\u201d s\u00f6z\u00fc \u00e7ok me\u015fhurdur ve bir\u00e7ok Kom\u00fcnist taraf\u0131ndan benimsenmi\u015ftir. Kom\u00fcnizm dine, geleneklere ve ahlaki kurallara kar\u015f\u0131 durmu\u015ftur, bu y\u00fczden onlara kar\u015f\u0131 olanlarla hi\u00e7 ac\u0131madan m\u00fccadele eder.<\/p>\n\n\n\n<figure class=\"wp-block-embed is-type-video is-provider-youtube wp-block-embed-youtube wp-embed-aspect-4-3 wp-has-aspect-ratio\"><div class=\"wp-block-embed__wrapper\">\n<iframe loading=\"lazy\" title=\"Gorani Mendali Kurdi Dangi Zor Xosh Porya Fathi \ud83c\udfbc\u0622\u0647\u0646\u06af \u0628\u0633\u06cc\u0627\u0631 \u0632\u06cc\u0628\u0627\u06cc &quot;\u0644\u06cc\u0644\u06cc \u0627\u0632 &quot;\u067e\u0648\u0631\u06cc\u0627 \u0641\u062a\u062d\u06cc&quot;\" width=\"1170\" height=\"878\" src=\"https:\/\/www.youtube.com\/embed\/toyoJN3Glec?wmode=transparent&amp;rel=0&amp;feature=oembed\" frameborder=\"0\" allow=\"accelerometer; autoplay; clipboard-write; encrypted-media; gyroscope; picture-in-picture\" allowfullscreen><\/iframe>\n<\/div><figcaption>\u0130ran Gorani Leh\u00e7esi K\u00fcrt\u00e7e \u015fark\u0131, Sayran music YouTube kanal\u0131ndan.<\/figcaption><\/figure>\n\n\n\n<p><\/p>\n\n\n\n<p>Son olarak K\u00fcrt\u00e7e bir \u015eiiri siznle payla\u015fmak istiyoruz.<\/p>\n\n\n\n<p><\/p>\n\n\n\n<p>Sava\u015ftad\u0131r \u015fimdi benim gibi \u015fiir<\/p>\n\n\n\n<p>ne zaman s\u00fczerseniz kavramlar\u0131 kandan<\/p>\n\n\n\n<p>ac\u0131lardan m\u0131sralar, matemlerden d\u00f6rtl\u00fckler<\/p>\n\n\n\n<p>o zaman okuyun bu \u015fiirimi<\/p>\n\n\n\n<p>o zaman a\u015fk s\u0131zacak bu \u015fiirimden\u2026<\/p>\n\n\n\n<p><\/p>\n\n\n\n<p><em>Kurd\u00ee (K\u00fcrt\u00e7e)<\/em><\/p>\n\n\n\n<p>\u015fer de ye m\u00eena min niha helbest j\u00ee<\/p>\n\n\n\n<p>keng\u00ee parzin\u00een biw\u00eaj ji xw\u00een\u00ea<\/p>\n\n\n\n<p>ji \u00ea\u015f\u00ea r\u00eaz, ji \u015f\u00een\u00ea \u00e7ar\u00een<\/p>\n\n\n\n<p>helbesta min hing\u00ee bixw\u00een<\/p>\n\n\n\n<p>w\u00ea ev\u00een j\u00ea binizile\u2026<\/p>\n\n\n\n<p>\u015eiir Yazar\/Mehmet Atl\u0131<\/p>\n\n\n\n<p><\/p>\n\n\n\n<p><strong>Yazan: Evren Durmaz, Epoch Times T\u00fcrkiye<\/strong><\/p>\n\n\n\n<p><strong><em>*Bu makalede ifade edilen g\u00f6r\u00fc\u015fler yazar\u0131n g\u00f6r\u00fc\u015fleri olup Epoch Times\u2019\u0131n g\u00f6r\u00fc\u015flerini yans\u0131tma<\/em>yabilir.<\/strong><\/p>\n\n\n\n<p><\/p>\n\n\n\n<p><strong>\u0130lgili makaleler:<\/strong><\/p>\n\n\n\n<p><a rel=\"noreferrer noopener\" href=\"https:\/\/epochtimestr.com\/index.php\/turk-dunyasinin-komunizm-imtihani-1-bolum-ahiska-turkleri\" target=\"_blank\">T\u00fcrk D\u00fcnyas\u0131n\u0131n Kom\u00fcnizm ile \u0130mtihan\u0131; 1. B\u00f6l\u00fcm: \u201cAh\u0131ska T\u00fcrkleri\u201d<\/a><\/p>\n\n\n\n<p><a rel=\"noreferrer noopener\" href=\"https:\/\/epochtimestr.com\/index.php\/turk-dunyasinin-komunizm-ile-imtihani-2-bolum-kore-savasi\" target=\"_blank\">T\u00fcrk D\u00fcnyas\u0131n\u0131n Kom\u00fcnizm ile \u0130mtihan\u0131; 2. B\u00f6l\u00fcm: \u201cKore Sava\u015f\u0131\u201d<\/a><\/p>\n\n\n\n<p><a href=\"https:\/\/epochtimestr.com\/index.php\/turk-dunyasinin-komunizm-ile-imtihani-3-bolum-bulgaristan-turkleri\" target=\"_blank\" rel=\"noreferrer noopener\">T\u00fcrk D\u00fcnyas\u0131n\u0131n Kom\u00fcnizm ile \u0130mtihan\u0131 3. B\u00f6l\u00fcm: \u201cBulgaristan T\u00fcrkleri\u201d<\/a><\/p>\n\n\n\n<p><a href=\"https:\/\/epochtimestr.com\/index.php\/turk-dunyasinin-komunizm-ile-imtihani-4-bolum-uygur-turkleri\" target=\"_blank\" rel=\"noreferrer noopener\">T\u00fcrk D\u00fcnyas\u0131n\u0131n Kom\u00fcnizm Ile \u0130mtihan\u0131 4. B\u00f6l\u00fcm: Uygur T\u00fcrkleri<\/a><\/p>\n\n\n\n<p><a href=\"https:\/\/epochtimestr.com\/index.php\/turk-dunyasinin-komunizm-ile-imtihani-5-bolum-ataturk\" target=\"_blank\" rel=\"noreferrer noopener\">T\u00fcrk D\u00fcnyas\u0131n\u0131n Kom\u00fcnizm \u0130le \u0130mtihan\u0131 5. B\u00f6l\u00fcm: \u201cAtat\u00fcrk\u201d<\/a><\/p>\n\n\n\n<p><\/p>\n\n\n\n<p><\/p>\n\n\n\n<p><\/p>\n","protected":false},"excerpt":{"rendered":"<p>K\u00fcrtler ve Tarihleri \u00d6nceki b\u00f6l\u00fcmlerde Uygur T\u00fcrkleri, Ah\u0131ska T\u00fcrkleri gibi T\u00fcrk topluluklar\u0131n\u0131n Kom\u00fcnizm alt\u0131nda ya\u015fad\u0131klar\u0131 dramlar\u0131 ele ald\u0131k, fakat burada \u00f6zelikle T\u00fcrkiye&#8217;de T\u00fcrklerden sonra en yo\u011fun olarak ya\u015fayan etnik bir grup olan K\u00fcrtleri ele alaca\u011f\u0131z. K\u00fcrtlerin kendi yaz\u0131l\u0131 tarihleri yoktur ve bu y\u00fczden elde edilen bilgilerin bir\u00e7o\u011funu farkl\u0131 milletlerin onlar hakk\u0131nda yaz\u0131ld\u0131klar\u0131ndan biliyoruz. K\u00fcrtler hakk\u0131nda [&hellip;]<\/p>\n","protected":false},"author":2500,"featured_media":140856,"comment_status":"closed","ping_status":"open","sticky":false,"template":"","format":"standard","meta":{"_yoast_wpseo_focuskw":"","_yoast_wpseo_title":"","_yoast_wpseo_metadesc":"","_bbp_topic_count":0,"_bbp_reply_count":0,"_bbp_total_topic_count":0,"_bbp_total_reply_count":0,"_bbp_voice_count":0,"_bbp_anonymous_reply_count":0,"_bbp_topic_count_hidden":0,"_bbp_reply_count_hidden":0,"_bbp_forum_subforum_count":0,"footnotes":"","_yoast_wpseo_focuskw_text_input":""},"categories":[2045,8134,8138,8420],"tags":[],"yoast_head":"<!-- This site is optimized with the Yoast SEO plugin v23.0 - https:\/\/yoast.com\/wordpress\/plugins\/seo\/ -->\n<title>T\u00fcrk D\u00fcnyas\u0131n\u0131n Kom\u00fcnizmle \u0130mtihan\u0131 6. B\u00f6l\u00fcm: &quot;K\u00fcrtler&quot; - The Epoch Times TR<\/title>\n<meta name=\"robots\" content=\"index, follow, max-snippet:-1, max-image-preview:large, max-video-preview:-1\" \/>\n<link rel=\"canonical\" href=\"https:\/\/epochtimestr.com\/index.php\/turk-dunyasinin-komunizmle-imtihani-6-bolum-kurtler\" \/>\n<meta property=\"og:locale\" content=\"tr_TR\" \/>\n<meta property=\"og:type\" content=\"article\" \/>\n<meta property=\"og:title\" content=\"T\u00fcrk D\u00fcnyas\u0131n\u0131n Kom\u00fcnizmle \u0130mtihan\u0131 6. B\u00f6l\u00fcm: &quot;K\u00fcrtler&quot; - The Epoch Times TR\" \/>\n<meta property=\"og:description\" content=\"K\u00fcrtler ve Tarihleri \u00d6nceki b\u00f6l\u00fcmlerde Uygur T\u00fcrkleri, Ah\u0131ska T\u00fcrkleri gibi T\u00fcrk topluluklar\u0131n\u0131n Kom\u00fcnizm alt\u0131nda ya\u015fad\u0131klar\u0131 dramlar\u0131 ele ald\u0131k, fakat burada \u00f6zelikle T\u00fcrkiye&#8217;de T\u00fcrklerden sonra en yo\u011fun olarak ya\u015fayan etnik bir grup olan K\u00fcrtleri ele alaca\u011f\u0131z. K\u00fcrtlerin kendi yaz\u0131l\u0131 tarihleri yoktur ve bu y\u00fczden elde edilen bilgilerin bir\u00e7o\u011funu farkl\u0131 milletlerin onlar hakk\u0131nda yaz\u0131ld\u0131klar\u0131ndan biliyoruz. K\u00fcrtler hakk\u0131nda [&hellip;]\" \/>\n<meta property=\"og:url\" content=\"https:\/\/epochtimestr.com\/index.php\/turk-dunyasinin-komunizmle-imtihani-6-bolum-kurtler\" \/>\n<meta property=\"og:site_name\" content=\"The Epoch Times TR\" \/>\n<meta property=\"article:publisher\" content=\"https:\/\/www.facebook.com\/theepochtimestr\" \/>\n<meta property=\"article:published_time\" content=\"2022-10-09T21:31:05+00:00\" \/>\n<meta property=\"article:modified_time\" content=\"2024-08-12T09:07:29+00:00\" \/>\n<meta property=\"og:image\" content=\"https:\/\/epochtimestr.com\/wp-content\/uploads\/2011y\/kurtler-wikimedia-575x400.png\" \/>\n\t<meta property=\"og:image:width\" content=\"575\" \/>\n\t<meta property=\"og:image:height\" content=\"400\" \/>\n\t<meta property=\"og:image:type\" content=\"image\/png\" \/>\n<meta name=\"author\" content=\"Evren Durmaz\" \/>\n<meta name=\"twitter:card\" content=\"summary_large_image\" \/>\n<meta name=\"twitter:creator\" content=\"@TheEpochTimesTR\" \/>\n<meta name=\"twitter:site\" content=\"@TheEpochTimesTR\" \/>\n<meta name=\"twitter:label1\" content=\"Yazan:\" \/>\n\t<meta name=\"twitter:data1\" content=\"Evren Durmaz\" \/>\n\t<meta name=\"twitter:label2\" content=\"Tahmini okuma s\u00fcresi\" \/>\n\t<meta name=\"twitter:data2\" content=\"8 dakika\" \/>\n<script type=\"application\/ld+json\" class=\"yoast-schema-graph\">{\"@context\":\"https:\/\/schema.org\",\"@graph\":[{\"@type\":\"Article\",\"@id\":\"https:\/\/epochtimestr.com\/index.php\/turk-dunyasinin-komunizmle-imtihani-6-bolum-kurtler#article\",\"isPartOf\":{\"@id\":\"https:\/\/epochtimestr.com\/index.php\/turk-dunyasinin-komunizmle-imtihani-6-bolum-kurtler\"},\"author\":{\"name\":\"Evren Durmaz\",\"@id\":\"https:\/\/epochtimestr.com\/#\/schema\/person\/29464d85d2980e22f2e37bc9adcfb0a2\"},\"headline\":\"T\u00fcrk D\u00fcnyas\u0131n\u0131n Kom\u00fcnizmle \u0130mtihan\u0131 6. B\u00f6l\u00fcm: &#8220;K\u00fcrtler&#8221;\",\"datePublished\":\"2022-10-09T21:31:05+00:00\",\"dateModified\":\"2024-08-12T09:07:29+00:00\",\"mainEntityOfPage\":{\"@id\":\"https:\/\/epochtimestr.com\/index.php\/turk-dunyasinin-komunizmle-imtihani-6-bolum-kurtler\"},\"wordCount\":1708,\"publisher\":{\"@id\":\"https:\/\/epochtimestr.com\/#organization\"},\"image\":{\"@id\":\"https:\/\/epochtimestr.com\/index.php\/turk-dunyasinin-komunizmle-imtihani-6-bolum-kurtler#primaryimage\"},\"thumbnailUrl\":\"https:\/\/epochtimestr.com\/wp-content\/uploads\/2011y\/kurtler-wikimedia.png\",\"articleSection\":[\"\u00c7in Rejimi\",\"G\u00d6R\u00dc\u015e\",\"Man\u015fet\",\"T\u00dcRK D\u00dcNYASI\"],\"inLanguage\":\"tr\"},{\"@type\":\"WebPage\",\"@id\":\"https:\/\/epochtimestr.com\/index.php\/turk-dunyasinin-komunizmle-imtihani-6-bolum-kurtler\",\"url\":\"https:\/\/epochtimestr.com\/index.php\/turk-dunyasinin-komunizmle-imtihani-6-bolum-kurtler\",\"name\":\"T\u00fcrk D\u00fcnyas\u0131n\u0131n Kom\u00fcnizmle \u0130mtihan\u0131 6. B\u00f6l\u00fcm: \\\"K\u00fcrtler\\\" - The Epoch Times TR\",\"isPartOf\":{\"@id\":\"https:\/\/epochtimestr.com\/#website\"},\"primaryImageOfPage\":{\"@id\":\"https:\/\/epochtimestr.com\/index.php\/turk-dunyasinin-komunizmle-imtihani-6-bolum-kurtler#primaryimage\"},\"image\":{\"@id\":\"https:\/\/epochtimestr.com\/index.php\/turk-dunyasinin-komunizmle-imtihani-6-bolum-kurtler#primaryimage\"},\"thumbnailUrl\":\"https:\/\/epochtimestr.com\/wp-content\/uploads\/2011y\/kurtler-wikimedia.png\",\"datePublished\":\"2022-10-09T21:31:05+00:00\",\"dateModified\":\"2024-08-12T09:07:29+00:00\",\"inLanguage\":\"tr\",\"potentialAction\":[{\"@type\":\"ReadAction\",\"target\":[\"https:\/\/epochtimestr.com\/index.php\/turk-dunyasinin-komunizmle-imtihani-6-bolum-kurtler\"]}]},{\"@type\":\"ImageObject\",\"inLanguage\":\"tr\",\"@id\":\"https:\/\/epochtimestr.com\/index.php\/turk-dunyasinin-komunizmle-imtihani-6-bolum-kurtler#primaryimage\",\"url\":\"https:\/\/epochtimestr.com\/wp-content\/uploads\/2011y\/kurtler-wikimedia.png\",\"contentUrl\":\"https:\/\/epochtimestr.com\/wp-content\/uploads\/2011y\/kurtler-wikimedia.png\",\"width\":2108,\"height\":1466,\"caption\":\"Geleneksel kost\u00fcmleri ve Jambiya han\u00e7eri ile Soylu bir K\u00fcrt Adam, 1880. (Wikimedia commons)\"},{\"@type\":\"WebSite\",\"@id\":\"https:\/\/epochtimestr.com\/#website\",\"url\":\"https:\/\/epochtimestr.com\/\",\"name\":\"The Epoch Times TR\",\"description\":\"De\u011fi\u015fen D\u00fcnyam\u0131za Taze Bir Bak\u0131\u015f\",\"publisher\":{\"@id\":\"https:\/\/epochtimestr.com\/#organization\"},\"potentialAction\":[{\"@type\":\"SearchAction\",\"target\":{\"@type\":\"EntryPoint\",\"urlTemplate\":\"https:\/\/epochtimestr.com\/?s={search_term_string}\"},\"query-input\":\"required name=search_term_string\"}],\"inLanguage\":\"tr\"},{\"@type\":\"Organization\",\"@id\":\"https:\/\/epochtimestr.com\/#organization\",\"name\":\"The EpochTimes T\u00fcrkiye\",\"url\":\"https:\/\/epochtimestr.com\/\",\"logo\":{\"@type\":\"ImageObject\",\"inLanguage\":\"tr\",\"@id\":\"https:\/\/epochtimestr.com\/#\/schema\/logo\/image\/\",\"url\":\"https:\/\/epochtimestr.com\/wp-content\/uploads\/2011y\/ET-Logo-YG.jpg\",\"contentUrl\":\"https:\/\/epochtimestr.com\/wp-content\/uploads\/2011y\/ET-Logo-YG.jpg\",\"width\":346,\"height\":29,\"caption\":\"The EpochTimes T\u00fcrkiye\"},\"image\":{\"@id\":\"https:\/\/epochtimestr.com\/#\/schema\/logo\/image\/\"},\"sameAs\":[\"https:\/\/www.facebook.com\/theepochtimestr\",\"https:\/\/x.com\/TheEpochTimesTR\",\"https:\/\/www.instagram.com\/epochtimestr\"]},{\"@type\":\"Person\",\"@id\":\"https:\/\/epochtimestr.com\/#\/schema\/person\/29464d85d2980e22f2e37bc9adcfb0a2\",\"name\":\"Evren Durmaz\",\"image\":{\"@type\":\"ImageObject\",\"inLanguage\":\"tr\",\"@id\":\"https:\/\/epochtimestr.com\/#\/schema\/person\/image\/\",\"url\":\"https:\/\/secure.gravatar.com\/avatar\/503980a9fab198d7bb655c448172ca6a?s=96&d=mm&r=g\",\"contentUrl\":\"https:\/\/secure.gravatar.com\/avatar\/503980a9fab198d7bb655c448172ca6a?s=96&d=mm&r=g\",\"caption\":\"Evren Durmaz\"},\"url\":\"https:\/\/epochtimestr.com\/index.php\/author\/evren-durmaz\"}]}<\/script>\n<!-- \/ Yoast SEO plugin. -->","yoast_head_json":{"title":"T\u00fcrk D\u00fcnyas\u0131n\u0131n Kom\u00fcnizmle \u0130mtihan\u0131 6. B\u00f6l\u00fcm: \"K\u00fcrtler\" - The Epoch Times TR","robots":{"index":"index","follow":"follow","max-snippet":"max-snippet:-1","max-image-preview":"max-image-preview:large","max-video-preview":"max-video-preview:-1"},"canonical":"https:\/\/epochtimestr.com\/index.php\/turk-dunyasinin-komunizmle-imtihani-6-bolum-kurtler","og_locale":"tr_TR","og_type":"article","og_title":"T\u00fcrk D\u00fcnyas\u0131n\u0131n Kom\u00fcnizmle \u0130mtihan\u0131 6. B\u00f6l\u00fcm: \"K\u00fcrtler\" - The Epoch Times TR","og_description":"K\u00fcrtler ve Tarihleri \u00d6nceki b\u00f6l\u00fcmlerde Uygur T\u00fcrkleri, Ah\u0131ska T\u00fcrkleri gibi T\u00fcrk topluluklar\u0131n\u0131n Kom\u00fcnizm alt\u0131nda ya\u015fad\u0131klar\u0131 dramlar\u0131 ele ald\u0131k, fakat burada \u00f6zelikle T\u00fcrkiye&#8217;de T\u00fcrklerden sonra en yo\u011fun olarak ya\u015fayan etnik bir grup olan K\u00fcrtleri ele alaca\u011f\u0131z. K\u00fcrtlerin kendi yaz\u0131l\u0131 tarihleri yoktur ve bu y\u00fczden elde edilen bilgilerin bir\u00e7o\u011funu farkl\u0131 milletlerin onlar hakk\u0131nda yaz\u0131ld\u0131klar\u0131ndan biliyoruz. K\u00fcrtler hakk\u0131nda [&hellip;]","og_url":"https:\/\/epochtimestr.com\/index.php\/turk-dunyasinin-komunizmle-imtihani-6-bolum-kurtler","og_site_name":"The Epoch Times TR","article_publisher":"https:\/\/www.facebook.com\/theepochtimestr","article_published_time":"2022-10-09T21:31:05+00:00","article_modified_time":"2024-08-12T09:07:29+00:00","og_image":[{"width":575,"height":400,"url":"https:\/\/epochtimestr.com\/wp-content\/uploads\/2011y\/kurtler-wikimedia-575x400.png","type":"image\/png"}],"author":"Evren Durmaz","twitter_card":"summary_large_image","twitter_creator":"@TheEpochTimesTR","twitter_site":"@TheEpochTimesTR","twitter_misc":{"Yazan:":"Evren Durmaz","Tahmini okuma s\u00fcresi":"8 dakika"},"schema":{"@context":"https:\/\/schema.org","@graph":[{"@type":"Article","@id":"https:\/\/epochtimestr.com\/index.php\/turk-dunyasinin-komunizmle-imtihani-6-bolum-kurtler#article","isPartOf":{"@id":"https:\/\/epochtimestr.com\/index.php\/turk-dunyasinin-komunizmle-imtihani-6-bolum-kurtler"},"author":{"name":"Evren Durmaz","@id":"https:\/\/epochtimestr.com\/#\/schema\/person\/29464d85d2980e22f2e37bc9adcfb0a2"},"headline":"T\u00fcrk D\u00fcnyas\u0131n\u0131n Kom\u00fcnizmle \u0130mtihan\u0131 6. B\u00f6l\u00fcm: &#8220;K\u00fcrtler&#8221;","datePublished":"2022-10-09T21:31:05+00:00","dateModified":"2024-08-12T09:07:29+00:00","mainEntityOfPage":{"@id":"https:\/\/epochtimestr.com\/index.php\/turk-dunyasinin-komunizmle-imtihani-6-bolum-kurtler"},"wordCount":1708,"publisher":{"@id":"https:\/\/epochtimestr.com\/#organization"},"image":{"@id":"https:\/\/epochtimestr.com\/index.php\/turk-dunyasinin-komunizmle-imtihani-6-bolum-kurtler#primaryimage"},"thumbnailUrl":"https:\/\/epochtimestr.com\/wp-content\/uploads\/2011y\/kurtler-wikimedia.png","articleSection":["\u00c7in Rejimi","G\u00d6R\u00dc\u015e","Man\u015fet","T\u00dcRK D\u00dcNYASI"],"inLanguage":"tr"},{"@type":"WebPage","@id":"https:\/\/epochtimestr.com\/index.php\/turk-dunyasinin-komunizmle-imtihani-6-bolum-kurtler","url":"https:\/\/epochtimestr.com\/index.php\/turk-dunyasinin-komunizmle-imtihani-6-bolum-kurtler","name":"T\u00fcrk D\u00fcnyas\u0131n\u0131n Kom\u00fcnizmle \u0130mtihan\u0131 6. B\u00f6l\u00fcm: \"K\u00fcrtler\" - The Epoch Times TR","isPartOf":{"@id":"https:\/\/epochtimestr.com\/#website"},"primaryImageOfPage":{"@id":"https:\/\/epochtimestr.com\/index.php\/turk-dunyasinin-komunizmle-imtihani-6-bolum-kurtler#primaryimage"},"image":{"@id":"https:\/\/epochtimestr.com\/index.php\/turk-dunyasinin-komunizmle-imtihani-6-bolum-kurtler#primaryimage"},"thumbnailUrl":"https:\/\/epochtimestr.com\/wp-content\/uploads\/2011y\/kurtler-wikimedia.png","datePublished":"2022-10-09T21:31:05+00:00","dateModified":"2024-08-12T09:07:29+00:00","inLanguage":"tr","potentialAction":[{"@type":"ReadAction","target":["https:\/\/epochtimestr.com\/index.php\/turk-dunyasinin-komunizmle-imtihani-6-bolum-kurtler"]}]},{"@type":"ImageObject","inLanguage":"tr","@id":"https:\/\/epochtimestr.com\/index.php\/turk-dunyasinin-komunizmle-imtihani-6-bolum-kurtler#primaryimage","url":"https:\/\/epochtimestr.com\/wp-content\/uploads\/2011y\/kurtler-wikimedia.png","contentUrl":"https:\/\/epochtimestr.com\/wp-content\/uploads\/2011y\/kurtler-wikimedia.png","width":2108,"height":1466,"caption":"Geleneksel kost\u00fcmleri ve Jambiya han\u00e7eri ile Soylu bir K\u00fcrt Adam, 1880. (Wikimedia commons)"},{"@type":"WebSite","@id":"https:\/\/epochtimestr.com\/#website","url":"https:\/\/epochtimestr.com\/","name":"The Epoch Times TR","description":"De\u011fi\u015fen D\u00fcnyam\u0131za Taze Bir Bak\u0131\u015f","publisher":{"@id":"https:\/\/epochtimestr.com\/#organization"},"potentialAction":[{"@type":"SearchAction","target":{"@type":"EntryPoint","urlTemplate":"https:\/\/epochtimestr.com\/?s={search_term_string}"},"query-input":"required name=search_term_string"}],"inLanguage":"tr"},{"@type":"Organization","@id":"https:\/\/epochtimestr.com\/#organization","name":"The EpochTimes T\u00fcrkiye","url":"https:\/\/epochtimestr.com\/","logo":{"@type":"ImageObject","inLanguage":"tr","@id":"https:\/\/epochtimestr.com\/#\/schema\/logo\/image\/","url":"https:\/\/epochtimestr.com\/wp-content\/uploads\/2011y\/ET-Logo-YG.jpg","contentUrl":"https:\/\/epochtimestr.com\/wp-content\/uploads\/2011y\/ET-Logo-YG.jpg","width":346,"height":29,"caption":"The EpochTimes T\u00fcrkiye"},"image":{"@id":"https:\/\/epochtimestr.com\/#\/schema\/logo\/image\/"},"sameAs":["https:\/\/www.facebook.com\/theepochtimestr","https:\/\/x.com\/TheEpochTimesTR","https:\/\/www.instagram.com\/epochtimestr"]},{"@type":"Person","@id":"https:\/\/epochtimestr.com\/#\/schema\/person\/29464d85d2980e22f2e37bc9adcfb0a2","name":"Evren Durmaz","image":{"@type":"ImageObject","inLanguage":"tr","@id":"https:\/\/epochtimestr.com\/#\/schema\/person\/image\/","url":"https:\/\/secure.gravatar.com\/avatar\/503980a9fab198d7bb655c448172ca6a?s=96&d=mm&r=g","contentUrl":"https:\/\/secure.gravatar.com\/avatar\/503980a9fab198d7bb655c448172ca6a?s=96&d=mm&r=g","caption":"Evren Durmaz"},"url":"https:\/\/epochtimestr.com\/index.php\/author\/evren-durmaz"}]}},"_links":{"self":[{"href":"https:\/\/epochtimestr.com\/index.php\/wp-json\/wp\/v2\/posts\/140850"}],"collection":[{"href":"https:\/\/epochtimestr.com\/index.php\/wp-json\/wp\/v2\/posts"}],"about":[{"href":"https:\/\/epochtimestr.com\/index.php\/wp-json\/wp\/v2\/types\/post"}],"author":[{"embeddable":true,"href":"https:\/\/epochtimestr.com\/index.php\/wp-json\/wp\/v2\/users\/2500"}],"replies":[{"embeddable":true,"href":"https:\/\/epochtimestr.com\/index.php\/wp-json\/wp\/v2\/comments?post=140850"}],"version-history":[{"count":37,"href":"https:\/\/epochtimestr.com\/index.php\/wp-json\/wp\/v2\/posts\/140850\/revisions"}],"predecessor-version":[{"id":140908,"href":"https:\/\/epochtimestr.com\/index.php\/wp-json\/wp\/v2\/posts\/140850\/revisions\/140908"}],"wp:featuredmedia":[{"embeddable":true,"href":"https:\/\/epochtimestr.com\/index.php\/wp-json\/wp\/v2\/media\/140856"}],"wp:attachment":[{"href":"https:\/\/epochtimestr.com\/index.php\/wp-json\/wp\/v2\/media?parent=140850"}],"wp:term":[{"taxonomy":"category","embeddable":true,"href":"https:\/\/epochtimestr.com\/index.php\/wp-json\/wp\/v2\/categories?post=140850"},{"taxonomy":"post_tag","embeddable":true,"href":"https:\/\/epochtimestr.com\/index.php\/wp-json\/wp\/v2\/tags?post=140850"}],"curies":[{"name":"wp","href":"https:\/\/api.w.org\/{rel}","templated":true}]}}