{"id":141128,"date":"2022-11-07T18:07:09","date_gmt":"2022-11-07T15:07:09","guid":{"rendered":"https:\/\/epochtimestr.com\/?p=141128"},"modified":"2022-11-12T22:57:17","modified_gmt":"2022-11-12T19:57:17","slug":"mersinli-bisiklet-sporcusu-yurteri-yarislara-donme-sinyali-verdi","status":"publish","type":"post","link":"https:\/\/epochtimestr.com\/index.php\/mersinli-bisiklet-sporcusu-yurteri-yarislara-donme-sinyali-verdi","title":{"rendered":"Mersinli Bisiklet Sporcusu Yurteri Yar\u0131\u015flara D\u00f6nme Sinyali Verdi"},"content":{"rendered":"\n<div class=\"wp-block-image\"><figure class=\"aligncenter size-large is-resized\"><img loading=\"lazy\" decoding=\"async\" src=\"https:\/\/epochtimestr.com\/wp-content\/uploads\/2011y\/BYKZKRT@EgemenDagistanli00673.jpeg-581x400.jpg\" alt=\"\" class=\"wp-image-141129\" width=\"581\" height=\"400\" srcset=\"https:\/\/epochtimestr.com\/wp-content\/uploads\/2011y\/BYKZKRT@EgemenDagistanli00673.jpeg-581x400.jpg 581w, https:\/\/epochtimestr.com\/wp-content\/uploads\/2011y\/BYKZKRT@EgemenDagistanli00673.jpeg-300x207.jpg 300w, https:\/\/epochtimestr.com\/wp-content\/uploads\/2011y\/BYKZKRT@EgemenDagistanli00673.jpeg-150x103.jpg 150w, https:\/\/epochtimestr.com\/wp-content\/uploads\/2011y\/BYKZKRT@EgemenDagistanli00673.jpeg-768x529.jpg 768w, https:\/\/epochtimestr.com\/wp-content\/uploads\/2011y\/BYKZKRT@EgemenDagistanli00673.jpeg-1536x1058.jpg 1536w, https:\/\/epochtimestr.com\/wp-content\/uploads\/2011y\/BYKZKRT@EgemenDagistanli00673.jpeg-2048x1411.jpg 2048w\" sizes=\"(max-width: 581px) 100vw, 581px\" \/><figcaption>29 Ekim tarihinde \u0130stanbul\u2019da &nbsp;ger\u00e7ekle\u015ftirilen Cumhururiyet Kriteryum Yar\u0131\u015f\u0131&#8217;ndan bir kare (Foto\u011fraf: Anonim) <\/figcaption><\/figure><\/div>\n\n\n\n<p><strong>Ge\u00e7irdi\u011fi talihsiz iki kazan\u0131n ard\u0131ndan bisiklet yar\u0131\u015flar\u0131na ara veren Mersinli bisiklet sporcusu Alperen Ahmet Yurteri uzun zamandan sonra kat\u0131ld\u0131\u011f\u0131 ilk yar\u0131\u015f\u0131 yedinci s\u0131rada bitirerek parkurlarda hala iddial\u0131 oldu\u011funu g\u00f6sterdi. &nbsp;<\/strong><\/p>\n\n\n\n<p>2006 y\u0131l\u0131nda lisans\u0131n\u0131 alarak bisiklet sporuna amat\u00f6r olarak ba\u015flad\u0131ktan sonra y\u00fckselen bir grafikle 2010 y\u0131l\u0131nda milli tak\u0131ma girme \u015fans\u0131 yakalayan fakat daha sonra ge\u00e7irdi\u011fi talihsiz kazalar y\u00fcz\u00fcnden spor hayat\u0131na antren\u00f6r olarak devam etme karar\u0131 alan Alperen Ahmet Yurteri uzun bir aradan sonra girdi\u011fi yar\u0131\u015fta 7.lik alarak parkurlara geri d\u00f6n\u00fc\u015f sinyali verdi.<\/p>\n\n\n\n<p>Yurteri, 29 Ekim tarihinde \u0130stanbul\u2019da &nbsp;Beykoz Belediyesi taraf\u0131ndan ger\u00e7ekle\u015ftirilen 29 Ekim Beykoz Cumhuriyet Kriteryum Yar\u0131\u015f\u0131na kat\u0131ld\u0131. 18-34 ya\u015f kategorisinde 48 km yar\u0131\u015fan Yurteri parkuru 1 .29.30 sn ile 7. s\u0131rada bitirdi. %+17-17\u2019ye varan ini\u015fli \u00e7\u0131k\u0131\u015fl\u0131 zor bir parkuru bitiren Yurteri kat\u0131ld\u0131\u011f\u0131 yar\u0131\u015fla ilgili d\u00fc\u015f\u00fcncelerini \u015f\u00f6yle dile getirdi; \u201cG\u00fcn ge\u00e7tikce antrene oluyorum. Benim v\u00fccut tipime uyan bu tip parkurlarda \u015fu an i\u00e7in %70 derece alabilece\u011fimi d\u00fc\u015f\u00fcn\u00fcyorum.&nbsp;Bundan sonraki yar\u0131\u015flarda dereceye girece\u011fime inan\u0131yorum.\u201d dedi.<\/p>\n\n\n\n<p>Ayr\u0131ca Mersin\u2019deki bisiklet sporu ile ilgili \u00e7al\u0131\u015fmalar\u0131yla da ilgili bilgi veren Yurteri; \u201cMersin\u2019in bisiklet ile an\u0131lan&nbsp; ad\u0131n\u0131 T\u00fcrkiye\u2019nin t\u00fcm illerinde duyurmaya devam ediyoruz. Mesle\u011fimiz olan spor bisiklet dal\u0131n\u0131 g\u00fc\u00e7lendirecek hamleler yap\u0131yor ve bu duygunun vermi\u015f oldu\u011fu g\u00f6rev ruhuyla i\u00e7imiz huzurlu yolumuzu y\u00fcceltmeye devam ediyoruz.\u201d dedi. &nbsp;<\/p>\n\n\n\n<p>Yurteri ayr\u0131ca yeni kurduklar\u0131 bisiklet tak\u0131m\u0131 ile de Mersin\u2019i gururland\u0131rmaya devam edeceklerini s\u00f6yledi.<\/p>\n\n\n\n<p><strong>Alperen Ahmet Yurteri&#8217;nin sporcu ge\u00e7mi\u015fi ve spora ara vermesine sebep olan ge\u00e7irdi\u011fi kazalar<\/strong><\/p>\n\n\n\n<p>Yurteri 2006 y\u0131l\u0131nda lisans\u0131n\u0131 alarak bisiklet sporuna amat\u00f6r olarak ba\u015flad\u0131.  Lisans\u0131n\u0131 ald\u0131ktan sonra kul\u00fcpler aras\u0131 puanl\u0131 yar\u0131\u015flara kat\u0131lmak i\u00e7in haz\u0131rl\u0131k yapt\u0131. Girmi\u015f oldu\u011fu ikinci yar\u0131\u015f\u0131nda T\u00fcrkiye 5.cili\u011fi s\u0131ras\u0131na oturdu. Gelen ba\u015far\u0131 ile birlikte t\u00fcm zaman\u0131n\u0131 bisiklet antrenmanlar\u0131na vermeye ba\u015flad\u0131. 2008 y\u0131l\u0131n\u0131n ba\u015f\u0131nda sezon a\u00e7\u0131l\u0131\u015f yar\u0131\u015flar\u0131nda g\u00f6sterdi\u011fi performans ile T\u00fcrkiye Genel Klasman liderli\u011fine oturmay\u0131 ba\u015fard\u0131. O sene milli tak\u0131ma girmesini sa\u011flayacak kadar iyi dereceler ald\u0131. <\/p>\n\n\n\n<p>2010 y\u0131l\u0131nda gen\u00e7 kategoriye ge\u00e7ti. O sene ald\u0131\u011f\u0131 dereceler ile T\u00fcrkiye klasman\u0131nda ilk ona girdi. Ald\u0131\u011f\u0131 dereceler ile milli tak\u0131ma kabul edildikten sonra Marmaris\u2019teki milli tak\u0131m kamp\u0131na gitti. Burada yapt\u0131klar\u0131 bir antrenman sonras\u0131nda dingin bir seviyedeki so\u011fuma pozisyonunda kald\u0131klar\u0131 otele do\u011fru pedal \u00e7evirirlerken, bankadan para \u00e7ekmek i\u00e7in arac\u0131n\u0131 yolun ortas\u0131na fevri bir \u015fekilde park etmi\u015f bir araca frenlere basmas\u0131na ra\u011fmen ka\u00e7\u0131n\u0131lmaz bir \u015fekilde \u00e7arpt\u0131.  Grubu kontrol eden bir \u00f6n bir arka iki eskort olmas\u0131na ra\u011fmen, grubun en arkas\u0131ndan dinlenme pozisyonunda geldi\u011fi i\u00e7in, \u00f6ndekilerin arac\u0131 fark edip ka\u00e7abilmelerini sa\u011flayan f\u0131rsattan mahrum kalm\u0131\u015f ve \u00e7aresizce park helindeki arabaya \u00e7arpm\u0131\u015ft\u0131. S\u00fcr\u00fcc\u00fcn\u00fcn bu hatas\u0131 k\u00f6pr\u00fcc\u00fck kemiklerinin k\u0131r\u0131lmas\u0131na sebep oldu. B\u00f6yle bir hata Yurteri\u2019nin b\u00fcy\u00fck umutlarla haz\u0131rland\u0131\u011f\u0131 Almanya\u2019da yap\u0131lacak olan Grand Prix yar\u0131\u015flar\u0131na kat\u0131lamamas\u0131na sebep oldu. <\/p>\n\n\n\n<p><strong>\u0130kinci beklenmeyen kaza<\/strong><\/p>\n\n\n\n<p>Yurteri\u2019nin k\u00f6pr\u00fcc\u00fck kemi\u011fi k\u0131r\u0131ld\u0131ktan sonra iyile\u015fmesi 6 ay\u0131 buldu. Bunun yan\u0131nda kaybetti\u011fi performans\u0131 yakalayabilmesi i\u00e7in de bir seneden fazla \u00e7al\u0131\u015fmas\u0131 gerekti. Bu toparlanma d\u00f6nemin sonunda da elit kategorisinde yar\u0131\u015fmaya ba\u015flad\u0131. Daha zor bir kategori oldu\u011fundan \u00e7ok \u00e7al\u0131\u015fmas\u0131 gerekti. Gen\u00e7lik ve Spor M\u00fcd\u00fcrl\u00fc\u011f\u00fcn\u00fcn sa\u011flad\u0131\u011f\u0131 olanaklarla yapm\u0131\u015f oldu\u011fu dereceler 2011, 2012 ve 2013 y\u0131llar\u0131nda \u00e7ok dikkat \u00e7ekti. 2014 y\u0131l\u0131n\u0131n sonunda tak\u0131m olarak T\u00fcrkiye ikincisi olmalar\u0131n\u0131n ar\u0131ndan, milli tak\u0131ma girme heyecan\u0131 ile birlikte 2015 y\u0131l\u0131 sezon ba\u015flang\u0131c\u0131 i\u00e7in \u00e7al\u0131\u015fmaya ba\u015flad\u0131. Mersin\u2019de yap\u0131lacak olan bu ba\u015flang\u0131\u00e7 ile iyi bir \u00e7\u0131k\u0131\u015f yapmay\u0131 b\u00f6ylece milli tak\u0131ma girerek olimpiyatlarda yar\u0131\u015fmay\u0131 planl\u0131yordu. Milli tak\u0131m kamp\u0131na se\u00e7ilen arkada\u015f\u0131 ile birlikte yar\u0131\u015fa \u00e7ok iyi haz\u0131rland\u0131. Sezonun son antrenman\u0131 bittikten sonra evlerine d\u00f6nerken, o saate otoban yolunu kullanmamas\u0131 gereken bir TIR, \u00e7evreyolunda, y\u00fcksekli\u011finden dolay\u0131 Yurteri ve arkada\u015flar\u0131n\u0131 fark etmedi ve kav\u015fakta d\u00f6n\u00fc\u015f kurallar\u0131n\u0131 da ihlal ederek onlara arkadan \u00e7arpt\u0131. &nbsp;\u00d6l\u00fcmden d\u00f6nen Yurteri\u2019nin baca\u011f\u0131 alt\u0131 yerinden k\u0131r\u0131ld\u0131 ve aya\u011f\u0131nda doku zedelenmesi meydana geldi. <\/p>\n\n\n\n<p>Yurteri biraz iyile\u015ftikten sonra tekrar yar\u0131\u015flara girmeye karar verdi. Sakatl\u0131\u011f\u0131 tam ge\u00e7memi\u015f olmas\u0131na ra\u011fmen iyi dereceler almay\u0131 ba\u015fard\u0131 ve milli tak\u0131mdan davet ald\u0131.  Milli tak\u0131ma girmeyi \u00e7ok istedi\u011fi i\u00e7in kampta ac\u0131lar\u0131n\u0131 kimseye fark ettirmeden \u00e7al\u0131\u015fmalar\u0131na devam etti ama art\u0131k \u00e7ekti\u011fi ac\u0131lara dayanamayacak hale geldi\u011finde yapacak bir \u015fey kalmam\u0131\u015ft\u0131. Bu kaza onun spor hayat\u0131n\u0131n sona ermesinin sebebi olmu\u015ftu.<\/p>\n","protected":false},"excerpt":{"rendered":"<p>Ge\u00e7irdi\u011fi talihsiz iki kazan\u0131n ard\u0131ndan bisiklet yar\u0131\u015flar\u0131na ara veren Mersinli bisiklet sporcusu Alperen Ahmet Yurteri uzun zamandan sonra kat\u0131ld\u0131\u011f\u0131 ilk yar\u0131\u015f\u0131 yedinci s\u0131rada bitirerek parkurlarda hala iddial\u0131 oldu\u011funu g\u00f6sterdi. &nbsp; 2006 y\u0131l\u0131nda lisans\u0131n\u0131 alarak bisiklet sporuna amat\u00f6r olarak ba\u015flad\u0131ktan sonra y\u00fckselen bir grafikle 2010 y\u0131l\u0131nda milli tak\u0131ma girme \u015fans\u0131 yakalayan fakat daha sonra ge\u00e7irdi\u011fi talihsiz [&hellip;]<\/p>\n","protected":false},"author":22,"featured_media":141129,"comment_status":"closed","ping_status":"open","sticky":false,"template":"","format":"standard","meta":{"_yoast_wpseo_focuskw":"","_yoast_wpseo_title":"","_yoast_wpseo_metadesc":"","_bbp_topic_count":0,"_bbp_reply_count":0,"_bbp_total_topic_count":0,"_bbp_total_reply_count":0,"_bbp_voice_count":0,"_bbp_anonymous_reply_count":0,"_bbp_topic_count_hidden":0,"_bbp_reply_count_hidden":0,"_bbp_forum_subforum_count":0,"footnotes":"","_yoast_wpseo_focuskw_text_input":""},"categories":[1,9],"tags":[],"yoast_head":"<!-- This site is optimized with the Yoast SEO plugin v23.0 - https:\/\/yoast.com\/wordpress\/plugins\/seo\/ -->\n<title>Mersinli Bisiklet Sporcusu Yurteri Yar\u0131\u015flara D\u00f6nme Sinyali Verdi - The Epoch Times TR<\/title>\n<meta name=\"robots\" content=\"index, follow, max-snippet:-1, max-image-preview:large, max-video-preview:-1\" \/>\n<link rel=\"canonical\" href=\"https:\/\/epochtimestr.com\/index.php\/mersinli-bisiklet-sporcusu-yurteri-yarislara-donme-sinyali-verdi\" \/>\n<meta property=\"og:locale\" content=\"tr_TR\" \/>\n<meta property=\"og:type\" content=\"article\" \/>\n<meta property=\"og:title\" content=\"Mersinli Bisiklet Sporcusu Yurteri Yar\u0131\u015flara D\u00f6nme Sinyali Verdi - The Epoch Times TR\" \/>\n<meta property=\"og:description\" content=\"Ge\u00e7irdi\u011fi talihsiz iki kazan\u0131n ard\u0131ndan bisiklet yar\u0131\u015flar\u0131na ara veren Mersinli bisiklet sporcusu Alperen Ahmet Yurteri uzun zamandan sonra kat\u0131ld\u0131\u011f\u0131 ilk yar\u0131\u015f\u0131 yedinci s\u0131rada bitirerek parkurlarda hala iddial\u0131 oldu\u011funu g\u00f6sterdi. &nbsp; 2006 y\u0131l\u0131nda lisans\u0131n\u0131 alarak bisiklet sporuna amat\u00f6r olarak ba\u015flad\u0131ktan sonra y\u00fckselen bir grafikle 2010 y\u0131l\u0131nda milli tak\u0131ma girme \u015fans\u0131 yakalayan fakat daha sonra ge\u00e7irdi\u011fi talihsiz [&hellip;]\" \/>\n<meta property=\"og:url\" content=\"https:\/\/epochtimestr.com\/index.php\/mersinli-bisiklet-sporcusu-yurteri-yarislara-donme-sinyali-verdi\" \/>\n<meta property=\"og:site_name\" content=\"The Epoch Times TR\" \/>\n<meta property=\"article:publisher\" content=\"https:\/\/www.facebook.com\/theepochtimestr\" \/>\n<meta property=\"article:published_time\" content=\"2022-11-07T15:07:09+00:00\" \/>\n<meta property=\"article:modified_time\" content=\"2022-11-12T19:57:17+00:00\" \/>\n<meta property=\"og:image\" content=\"https:\/\/epochtimestr.com\/wp-content\/uploads\/2011y\/BYKZKRT@EgemenDagistanli00673.jpeg-scaled.jpg\" \/>\n\t<meta property=\"og:image:width\" content=\"2560\" \/>\n\t<meta property=\"og:image:height\" content=\"1764\" \/>\n\t<meta property=\"og:image:type\" content=\"image\/jpeg\" \/>\n<meta name=\"author\" content=\"G.Hakan Ko\u00e7man\" \/>\n<meta name=\"twitter:card\" content=\"summary_large_image\" \/>\n<meta name=\"twitter:image\" content=\"https:\/\/epochtimestr.com\/wp-content\/uploads\/2011y\/BYKZKRT@EgemenDagistanli00673.jpeg-scaled.jpg\" \/>\n<meta name=\"twitter:creator\" content=\"@TheEpochTimesTR\" \/>\n<meta name=\"twitter:site\" content=\"@TheEpochTimesTR\" \/>\n<meta name=\"twitter:label1\" content=\"Yazan:\" \/>\n\t<meta name=\"twitter:data1\" content=\"G.Hakan Ko\u00e7man\" \/>\n\t<meta name=\"twitter:label2\" content=\"Tahmini okuma s\u00fcresi\" \/>\n\t<meta name=\"twitter:data2\" content=\"3 dakika\" \/>\n<script type=\"application\/ld+json\" class=\"yoast-schema-graph\">{\"@context\":\"https:\/\/schema.org\",\"@graph\":[{\"@type\":\"Article\",\"@id\":\"https:\/\/epochtimestr.com\/index.php\/mersinli-bisiklet-sporcusu-yurteri-yarislara-donme-sinyali-verdi#article\",\"isPartOf\":{\"@id\":\"https:\/\/epochtimestr.com\/index.php\/mersinli-bisiklet-sporcusu-yurteri-yarislara-donme-sinyali-verdi\"},\"author\":{\"name\":\"G.Hakan Ko\u00e7man\",\"@id\":\"https:\/\/epochtimestr.com\/#\/schema\/person\/b5509977c9a6cd729a3e74d9743d035b\"},\"headline\":\"Mersinli Bisiklet Sporcusu Yurteri Yar\u0131\u015flara D\u00f6nme Sinyali Verdi\",\"datePublished\":\"2022-11-07T15:07:09+00:00\",\"dateModified\":\"2022-11-12T19:57:17+00:00\",\"mainEntityOfPage\":{\"@id\":\"https:\/\/epochtimestr.com\/index.php\/mersinli-bisiklet-sporcusu-yurteri-yarislara-donme-sinyali-verdi\"},\"wordCount\":893,\"publisher\":{\"@id\":\"https:\/\/epochtimestr.com\/#organization\"},\"image\":{\"@id\":\"https:\/\/epochtimestr.com\/index.php\/mersinli-bisiklet-sporcusu-yurteri-yarislara-donme-sinyali-verdi#primaryimage\"},\"thumbnailUrl\":\"https:\/\/epochtimestr.com\/wp-content\/uploads\/2011y\/BYKZKRT@EgemenDagistanli00673.jpeg-scaled.jpg\",\"articleSection\":[\"G\u00dcNDEM\",\"Spor\"],\"inLanguage\":\"tr\"},{\"@type\":\"WebPage\",\"@id\":\"https:\/\/epochtimestr.com\/index.php\/mersinli-bisiklet-sporcusu-yurteri-yarislara-donme-sinyali-verdi\",\"url\":\"https:\/\/epochtimestr.com\/index.php\/mersinli-bisiklet-sporcusu-yurteri-yarislara-donme-sinyali-verdi\",\"name\":\"Mersinli Bisiklet Sporcusu Yurteri Yar\u0131\u015flara D\u00f6nme Sinyali Verdi - The Epoch Times TR\",\"isPartOf\":{\"@id\":\"https:\/\/epochtimestr.com\/#website\"},\"primaryImageOfPage\":{\"@id\":\"https:\/\/epochtimestr.com\/index.php\/mersinli-bisiklet-sporcusu-yurteri-yarislara-donme-sinyali-verdi#primaryimage\"},\"image\":{\"@id\":\"https:\/\/epochtimestr.com\/index.php\/mersinli-bisiklet-sporcusu-yurteri-yarislara-donme-sinyali-verdi#primaryimage\"},\"thumbnailUrl\":\"https:\/\/epochtimestr.com\/wp-content\/uploads\/2011y\/BYKZKRT@EgemenDagistanli00673.jpeg-scaled.jpg\",\"datePublished\":\"2022-11-07T15:07:09+00:00\",\"dateModified\":\"2022-11-12T19:57:17+00:00\",\"inLanguage\":\"tr\",\"potentialAction\":[{\"@type\":\"ReadAction\",\"target\":[\"https:\/\/epochtimestr.com\/index.php\/mersinli-bisiklet-sporcusu-yurteri-yarislara-donme-sinyali-verdi\"]}]},{\"@type\":\"ImageObject\",\"inLanguage\":\"tr\",\"@id\":\"https:\/\/epochtimestr.com\/index.php\/mersinli-bisiklet-sporcusu-yurteri-yarislara-donme-sinyali-verdi#primaryimage\",\"url\":\"https:\/\/epochtimestr.com\/wp-content\/uploads\/2011y\/BYKZKRT@EgemenDagistanli00673.jpeg-scaled.jpg\",\"contentUrl\":\"https:\/\/epochtimestr.com\/wp-content\/uploads\/2011y\/BYKZKRT@EgemenDagistanli00673.jpeg-scaled.jpg\",\"width\":2560,\"height\":1764},{\"@type\":\"WebSite\",\"@id\":\"https:\/\/epochtimestr.com\/#website\",\"url\":\"https:\/\/epochtimestr.com\/\",\"name\":\"The Epoch Times TR\",\"description\":\"De\u011fi\u015fen D\u00fcnyam\u0131za Taze Bir Bak\u0131\u015f\",\"publisher\":{\"@id\":\"https:\/\/epochtimestr.com\/#organization\"},\"potentialAction\":[{\"@type\":\"SearchAction\",\"target\":{\"@type\":\"EntryPoint\",\"urlTemplate\":\"https:\/\/epochtimestr.com\/?s={search_term_string}\"},\"query-input\":\"required name=search_term_string\"}],\"inLanguage\":\"tr\"},{\"@type\":\"Organization\",\"@id\":\"https:\/\/epochtimestr.com\/#organization\",\"name\":\"The EpochTimes T\u00fcrkiye\",\"url\":\"https:\/\/epochtimestr.com\/\",\"logo\":{\"@type\":\"ImageObject\",\"inLanguage\":\"tr\",\"@id\":\"https:\/\/epochtimestr.com\/#\/schema\/logo\/image\/\",\"url\":\"https:\/\/epochtimestr.com\/wp-content\/uploads\/2011y\/ET-Logo-YG.jpg\",\"contentUrl\":\"https:\/\/epochtimestr.com\/wp-content\/uploads\/2011y\/ET-Logo-YG.jpg\",\"width\":346,\"height\":29,\"caption\":\"The EpochTimes T\u00fcrkiye\"},\"image\":{\"@id\":\"https:\/\/epochtimestr.com\/#\/schema\/logo\/image\/\"},\"sameAs\":[\"https:\/\/www.facebook.com\/theepochtimestr\",\"https:\/\/x.com\/TheEpochTimesTR\",\"https:\/\/www.instagram.com\/epochtimestr\"]},{\"@type\":\"Person\",\"@id\":\"https:\/\/epochtimestr.com\/#\/schema\/person\/b5509977c9a6cd729a3e74d9743d035b\",\"name\":\"G.Hakan Ko\u00e7man\",\"image\":{\"@type\":\"ImageObject\",\"inLanguage\":\"tr\",\"@id\":\"https:\/\/epochtimestr.com\/#\/schema\/person\/image\/\",\"url\":\"https:\/\/secure.gravatar.com\/avatar\/e4eafee1ab5d1f4015c3930376b22ca8?s=96&d=mm&r=g\",\"contentUrl\":\"https:\/\/secure.gravatar.com\/avatar\/e4eafee1ab5d1f4015c3930376b22ca8?s=96&d=mm&r=g\",\"caption\":\"G.Hakan Ko\u00e7man\"},\"url\":\"https:\/\/epochtimestr.com\/index.php\/author\/hakan\"}]}<\/script>\n<!-- \/ Yoast SEO plugin. -->","yoast_head_json":{"title":"Mersinli Bisiklet Sporcusu Yurteri Yar\u0131\u015flara D\u00f6nme Sinyali Verdi - The Epoch Times TR","robots":{"index":"index","follow":"follow","max-snippet":"max-snippet:-1","max-image-preview":"max-image-preview:large","max-video-preview":"max-video-preview:-1"},"canonical":"https:\/\/epochtimestr.com\/index.php\/mersinli-bisiklet-sporcusu-yurteri-yarislara-donme-sinyali-verdi","og_locale":"tr_TR","og_type":"article","og_title":"Mersinli Bisiklet Sporcusu Yurteri Yar\u0131\u015flara D\u00f6nme Sinyali Verdi - The Epoch Times TR","og_description":"Ge\u00e7irdi\u011fi talihsiz iki kazan\u0131n ard\u0131ndan bisiklet yar\u0131\u015flar\u0131na ara veren Mersinli bisiklet sporcusu Alperen Ahmet Yurteri uzun zamandan sonra kat\u0131ld\u0131\u011f\u0131 ilk yar\u0131\u015f\u0131 yedinci s\u0131rada bitirerek parkurlarda hala iddial\u0131 oldu\u011funu g\u00f6sterdi. &nbsp; 2006 y\u0131l\u0131nda lisans\u0131n\u0131 alarak bisiklet sporuna amat\u00f6r olarak ba\u015flad\u0131ktan sonra y\u00fckselen bir grafikle 2010 y\u0131l\u0131nda milli tak\u0131ma girme \u015fans\u0131 yakalayan fakat daha sonra ge\u00e7irdi\u011fi talihsiz [&hellip;]","og_url":"https:\/\/epochtimestr.com\/index.php\/mersinli-bisiklet-sporcusu-yurteri-yarislara-donme-sinyali-verdi","og_site_name":"The Epoch Times TR","article_publisher":"https:\/\/www.facebook.com\/theepochtimestr","article_published_time":"2022-11-07T15:07:09+00:00","article_modified_time":"2022-11-12T19:57:17+00:00","og_image":[{"width":2560,"height":1764,"url":"https:\/\/epochtimestr.com\/wp-content\/uploads\/2011y\/BYKZKRT@EgemenDagistanli00673.jpeg-scaled.jpg","type":"image\/jpeg"}],"author":"G.Hakan Ko\u00e7man","twitter_card":"summary_large_image","twitter_image":"https:\/\/epochtimestr.com\/wp-content\/uploads\/2011y\/BYKZKRT@EgemenDagistanli00673.jpeg-scaled.jpg","twitter_creator":"@TheEpochTimesTR","twitter_site":"@TheEpochTimesTR","twitter_misc":{"Yazan:":"G.Hakan Ko\u00e7man","Tahmini okuma s\u00fcresi":"3 dakika"},"schema":{"@context":"https:\/\/schema.org","@graph":[{"@type":"Article","@id":"https:\/\/epochtimestr.com\/index.php\/mersinli-bisiklet-sporcusu-yurteri-yarislara-donme-sinyali-verdi#article","isPartOf":{"@id":"https:\/\/epochtimestr.com\/index.php\/mersinli-bisiklet-sporcusu-yurteri-yarislara-donme-sinyali-verdi"},"author":{"name":"G.Hakan Ko\u00e7man","@id":"https:\/\/epochtimestr.com\/#\/schema\/person\/b5509977c9a6cd729a3e74d9743d035b"},"headline":"Mersinli Bisiklet Sporcusu Yurteri Yar\u0131\u015flara D\u00f6nme Sinyali Verdi","datePublished":"2022-11-07T15:07:09+00:00","dateModified":"2022-11-12T19:57:17+00:00","mainEntityOfPage":{"@id":"https:\/\/epochtimestr.com\/index.php\/mersinli-bisiklet-sporcusu-yurteri-yarislara-donme-sinyali-verdi"},"wordCount":893,"publisher":{"@id":"https:\/\/epochtimestr.com\/#organization"},"image":{"@id":"https:\/\/epochtimestr.com\/index.php\/mersinli-bisiklet-sporcusu-yurteri-yarislara-donme-sinyali-verdi#primaryimage"},"thumbnailUrl":"https:\/\/epochtimestr.com\/wp-content\/uploads\/2011y\/BYKZKRT@EgemenDagistanli00673.jpeg-scaled.jpg","articleSection":["G\u00dcNDEM","Spor"],"inLanguage":"tr"},{"@type":"WebPage","@id":"https:\/\/epochtimestr.com\/index.php\/mersinli-bisiklet-sporcusu-yurteri-yarislara-donme-sinyali-verdi","url":"https:\/\/epochtimestr.com\/index.php\/mersinli-bisiklet-sporcusu-yurteri-yarislara-donme-sinyali-verdi","name":"Mersinli Bisiklet Sporcusu Yurteri Yar\u0131\u015flara D\u00f6nme Sinyali Verdi - The Epoch Times TR","isPartOf":{"@id":"https:\/\/epochtimestr.com\/#website"},"primaryImageOfPage":{"@id":"https:\/\/epochtimestr.com\/index.php\/mersinli-bisiklet-sporcusu-yurteri-yarislara-donme-sinyali-verdi#primaryimage"},"image":{"@id":"https:\/\/epochtimestr.com\/index.php\/mersinli-bisiklet-sporcusu-yurteri-yarislara-donme-sinyali-verdi#primaryimage"},"thumbnailUrl":"https:\/\/epochtimestr.com\/wp-content\/uploads\/2011y\/BYKZKRT@EgemenDagistanli00673.jpeg-scaled.jpg","datePublished":"2022-11-07T15:07:09+00:00","dateModified":"2022-11-12T19:57:17+00:00","inLanguage":"tr","potentialAction":[{"@type":"ReadAction","target":["https:\/\/epochtimestr.com\/index.php\/mersinli-bisiklet-sporcusu-yurteri-yarislara-donme-sinyali-verdi"]}]},{"@type":"ImageObject","inLanguage":"tr","@id":"https:\/\/epochtimestr.com\/index.php\/mersinli-bisiklet-sporcusu-yurteri-yarislara-donme-sinyali-verdi#primaryimage","url":"https:\/\/epochtimestr.com\/wp-content\/uploads\/2011y\/BYKZKRT@EgemenDagistanli00673.jpeg-scaled.jpg","contentUrl":"https:\/\/epochtimestr.com\/wp-content\/uploads\/2011y\/BYKZKRT@EgemenDagistanli00673.jpeg-scaled.jpg","width":2560,"height":1764},{"@type":"WebSite","@id":"https:\/\/epochtimestr.com\/#website","url":"https:\/\/epochtimestr.com\/","name":"The Epoch Times TR","description":"De\u011fi\u015fen D\u00fcnyam\u0131za Taze Bir Bak\u0131\u015f","publisher":{"@id":"https:\/\/epochtimestr.com\/#organization"},"potentialAction":[{"@type":"SearchAction","target":{"@type":"EntryPoint","urlTemplate":"https:\/\/epochtimestr.com\/?s={search_term_string}"},"query-input":"required name=search_term_string"}],"inLanguage":"tr"},{"@type":"Organization","@id":"https:\/\/epochtimestr.com\/#organization","name":"The EpochTimes T\u00fcrkiye","url":"https:\/\/epochtimestr.com\/","logo":{"@type":"ImageObject","inLanguage":"tr","@id":"https:\/\/epochtimestr.com\/#\/schema\/logo\/image\/","url":"https:\/\/epochtimestr.com\/wp-content\/uploads\/2011y\/ET-Logo-YG.jpg","contentUrl":"https:\/\/epochtimestr.com\/wp-content\/uploads\/2011y\/ET-Logo-YG.jpg","width":346,"height":29,"caption":"The EpochTimes T\u00fcrkiye"},"image":{"@id":"https:\/\/epochtimestr.com\/#\/schema\/logo\/image\/"},"sameAs":["https:\/\/www.facebook.com\/theepochtimestr","https:\/\/x.com\/TheEpochTimesTR","https:\/\/www.instagram.com\/epochtimestr"]},{"@type":"Person","@id":"https:\/\/epochtimestr.com\/#\/schema\/person\/b5509977c9a6cd729a3e74d9743d035b","name":"G.Hakan Ko\u00e7man","image":{"@type":"ImageObject","inLanguage":"tr","@id":"https:\/\/epochtimestr.com\/#\/schema\/person\/image\/","url":"https:\/\/secure.gravatar.com\/avatar\/e4eafee1ab5d1f4015c3930376b22ca8?s=96&d=mm&r=g","contentUrl":"https:\/\/secure.gravatar.com\/avatar\/e4eafee1ab5d1f4015c3930376b22ca8?s=96&d=mm&r=g","caption":"G.Hakan Ko\u00e7man"},"url":"https:\/\/epochtimestr.com\/index.php\/author\/hakan"}]}},"_links":{"self":[{"href":"https:\/\/epochtimestr.com\/index.php\/wp-json\/wp\/v2\/posts\/141128"}],"collection":[{"href":"https:\/\/epochtimestr.com\/index.php\/wp-json\/wp\/v2\/posts"}],"about":[{"href":"https:\/\/epochtimestr.com\/index.php\/wp-json\/wp\/v2\/types\/post"}],"author":[{"embeddable":true,"href":"https:\/\/epochtimestr.com\/index.php\/wp-json\/wp\/v2\/users\/22"}],"replies":[{"embeddable":true,"href":"https:\/\/epochtimestr.com\/index.php\/wp-json\/wp\/v2\/comments?post=141128"}],"version-history":[{"count":5,"href":"https:\/\/epochtimestr.com\/index.php\/wp-json\/wp\/v2\/posts\/141128\/revisions"}],"predecessor-version":[{"id":141181,"href":"https:\/\/epochtimestr.com\/index.php\/wp-json\/wp\/v2\/posts\/141128\/revisions\/141181"}],"wp:featuredmedia":[{"embeddable":true,"href":"https:\/\/epochtimestr.com\/index.php\/wp-json\/wp\/v2\/media\/141129"}],"wp:attachment":[{"href":"https:\/\/epochtimestr.com\/index.php\/wp-json\/wp\/v2\/media?parent=141128"}],"wp:term":[{"taxonomy":"category","embeddable":true,"href":"https:\/\/epochtimestr.com\/index.php\/wp-json\/wp\/v2\/categories?post=141128"},{"taxonomy":"post_tag","embeddable":true,"href":"https:\/\/epochtimestr.com\/index.php\/wp-json\/wp\/v2\/tags?post=141128"}],"curies":[{"name":"wp","href":"https:\/\/api.w.org\/{rel}","templated":true}]}}